{"id":10237,"date":"2016-01-29T12:15:45","date_gmt":"2016-01-29T10:15:45","guid":{"rendered":"http:\/\/www.oficinaempleo.com\/blog\/?p=10237"},"modified":"2016-01-29T12:15:45","modified_gmt":"2016-01-29T10:15:45","slug":"plantilla-curriculum-catalan","status":"publish","type":"post","link":"https:\/\/www.oficinaempleo.com\/blog\/plantilla-curriculum-catalan\/","title":{"rendered":"Plantilla curr\u00edculum catal\u00e1n"},"content":{"rendered":"<p style=\"text-align: justify;\"><div class=\"su-button-center\"><a href=\"https:\/\/jobs.oficinaempleo.com\/registro?origen=ORG-web&#038;utm_source=OE&#038;utm_medium=boton_registro&#038;utm_content=homepage&#038;utm_campaign=organic\" class=\"su-button su-button-style-flat\" style=\"color:#FFFFFF;background-color:#ec7d0c;border-color:#bd640a;border-radius:10px\" target=\"__blank\"><span style=\"color:#FFFFFF;padding:8px 26px;font-size:20px;line-height:30px;border-color:#f2a455;border-radius:10px;text-shadow:none\"><i class=\"sui sui-arrow-circle-right\" style=\"font-size:20px;color:#FFFFFF\"><\/i> Reg\u00edstrate gratis en OficinaEmpleo<\/span><\/a><\/div><div class=\"su-spacer\" style=\"height:30px\"><\/div>\n<p style=\"text-align: justify;\">Ya conoc\u00e9is lo importante que son los idiomas en un <strong>curr\u00edculum<\/strong> porque abren muchas puertas en el mundo laboral. El conocimiento de <strong>uno o varios idiomas<\/strong> har\u00e1 que te diferencies con respecto al resto de candidatos que compiten por un puesto. Entre esos idiomas est\u00e1 el catal\u00e1n. Si realmente lo hablas, ser\u00eda conveniente que tuvieras una<strong> versi\u00f3n de tu curr\u00edculum en catal\u00e1n<\/strong>. \u00bfPor qu\u00e9? Muy f\u00e1cil, si vas a optar a una vacante en Catalu\u00f1a o en una empresa catalana, valorar\u00e1n mucho este detalle. \u00bfA qu\u00e9 esperas?<\/p>\n<p style=\"text-align: justify;\"><strong>1. Un modelo catal\u00e1n.<\/strong><\/p>\n<p style=\"text-align: justify;\">En verdad, no existe una caracter\u00edstica propia que tenga que llevar un curr\u00edculum en catal\u00e1n. Simplemente eso, traducir lo que puedas traducir de tu CV en castellano. Desde Oficina de Empleo ya <a href=\"https:\/\/www.google.es\/?gws_rd=ssl#q=site:oficinaempleo.com+curriculum\" >hemos dedicado muchos de nuestros contenidos a aconsejarte para que tu curr\u00edculum est\u00e9 impecable<\/a>, as\u00ed que no olvides todos esos detalles para que tu versi\u00f3n en catal\u00e1n tambi\u00e9n lo est\u00e9.<\/p>\n<p style=\"text-align: justify;\"><strong>2. Plantillas &#8216;oficiales&#8217;.<\/strong><\/p>\n<p style=\"text-align: justify;\">Para pon\u00e9rtelo f\u00e1cil, la propia Generalitat de Catalunya, <a href=\"https:\/\/www.oficinadetreball.gencat.cat\/socweb\/export\/sites\/default\/socweb_ca\/ciutadans\/orientacioTrobarFeina\/curriculum.html\" >desde el Servei d&#8217;Ocupaci\u00f3 de Catalunya<\/a>, han dise\u00f1ado <a href=\"https:\/\/www.oficinadetreball.gencat.cat\/socweb\/export\/sites\/default\/socweb_ca\/ciutadans\/_fitxers\/OrientacioTrobarFeina_03_elMeuCurriculum.pdf\" >varias propuestas para que puedas hacer tu propio CV escrito en catal\u00e1n<\/a>. Puedes consultarlo aqu\u00ed. El documento tambi\u00e9n recoge una serie de recomendaciones generales que seguramente te vendr\u00e1n muy bien a la hora de dise\u00f1ar en tuyo.<\/p>\n<p style=\"text-align: justify;\"><a href=\"http:\/\/www.oficinaempleo.com\/blog\/wp-content\/uploads\/2016\/01\/catal\u00e1n_dentro.jpg\"><img loading=\"lazy\" decoding=\"async\" class=\"alignnone size-full wp-image-10238\" src=\"http:\/\/www.oficinaempleo.com\/blog\/wp-content\/uploads\/2016\/01\/catal\u00e1n_dentro.jpg\" alt=\"catal\u00e1n_dentro\" width=\"590\" height=\"315\" srcset=\"https:\/\/www.oficinaempleo.com\/blog\/wp-content\/uploads\/2016\/01\/catal\u00e1n_dentro.jpg 590w, https:\/\/www.oficinaempleo.com\/blog\/wp-content\/uploads\/2016\/01\/catal\u00e1n_dentro-300x160.jpg 300w, https:\/\/www.oficinaempleo.com\/blog\/wp-content\/uploads\/2016\/01\/catal\u00e1n_dentro-280x150.jpg 280w\" sizes=\"auto, (max-width: 590px) 100vw, 590px\" \/><\/a><\/p>\n<p style=\"text-align: justify;\"><strong>3. S\u00e9 &#8216;uniforme&#8217;.<\/strong><\/p>\n<p style=\"text-align: justify;\">Si has decidido tener una versi\u00f3n de tu CV en catal\u00e1n, revisa dos veces su contenido para que todo \u00e9l sea uniforme. Es decir, que todo est\u00e9 en catal\u00e1n y que no intercales frases en castellano y catal\u00e1n. Cuando se hace una traducci\u00f3n, no es de extra\u00f1ar que alguna palabra se escape.<\/p>\n<p style=\"text-align: justify;\"><strong>4. \u00bfCu\u00e1ndo optar por el modelo catal\u00e1n?<\/strong><\/p>\n<p style=\"text-align: justify;\">En general, para cualquier trabajo que demande una empresa catalana puedes utilizar el modelo catal\u00e1n, seguramente sea un gesto muy valorado. Si se trata de una multinacional o una empresa claramente de otra regi\u00f3n espa\u00f1ola, tal vez no es mala idea enviar incluso las dos versiones. Si tu candidatura es para una administraci\u00f3n p\u00fablica catalana no lo dudes: env\u00eda la versi\u00f3n catalana. Aunque en este \u00faltimo caso, la mayor\u00eda de las ofertas que hace una administraci\u00f3n es a trav\u00e9s de concurso p\u00fablico y no es necesario el env\u00edo del CV, sino seguir las reglas de esa oposici\u00f3n.<\/p>\n<p style=\"text-align: justify;\"><strong>5. Palabras clave.<\/strong><\/p>\n<p style=\"text-align: justify;\">Aunque si vas a tener una versi\u00f3n catalana de tu CV es porque sabes catal\u00e1n, porque te lo van a exigir en el trabajo al que optas, no est\u00e1 dem\u00e1s recordaros algunas de las palabras clave que m\u00e1s se utilizan en un curr\u00edculum.<\/p>\n<p style=\"text-align: justify;\">Dades personals<br \/>\nNom i cognoms<br \/>\nData i lloc de naixement<br \/>\nDNI<br \/>\nAdre\u00e7a (localitat i codi postal)<br \/>\nTel\u00e8fons (fix i m\u00f2bil)<br \/>\nAdre\u00e7a de correu electr\u00f2nic<br \/>\nFotografia (opcional)<br \/>\nFormaci\u00f3<br \/>\nFormaci\u00f3 acad\u00e8mica<\/p>\n<p style=\"text-align: justify;\">Titulaci\u00f3 (indiqueu-hi no m\u00e9s el nivell m\u00e9s alt)<br \/>\nCentre<br \/>\nData<br \/>\nNombre d\u2019hores<br \/>\nBreu enumeraci\u00f3 de temes, assignatures o m\u00f2duls<br \/>\nConeixements inform\u00e0tics<br \/>\nIdiomes<\/p>\n<p style=\"text-align: justify;\">Experi\u00e8ncia professional<br \/>\nLloc i activitat desenvolupada<br \/>\nEmpresa<br \/>\nData (inici i final)<br \/>\nResponsabilitats, funcions i tasques<\/p>\n<p style=\"text-align: justify;\">Dades d\u2019inter\u00e8s (compet\u00e8ncies transversals, disponibilitat geogr\u00e0fica, carnet de conduir, etc.)<\/p>\n<p style=\"text-align: justify;\"><div class=\"su-button-center\"><a href=\"https:\/\/jobs.oficinaempleo.com\/registro?origen=ORG-web&#038;utm_source=OE&#038;utm_medium=boton_registro&#038;utm_content=homepage&#038;utm_campaign=organic\" class=\"su-button su-button-style-flat\" style=\"color:#FFFFFF;background-color:#ec7d0c;border-color:#bd640a;border-radius:10px\" target=\"__blank\"><span style=\"color:#FFFFFF;padding:8px 26px;font-size:20px;line-height:30px;border-color:#f2a455;border-radius:10px;text-shadow:none\"><i class=\"sui sui-arrow-circle-right\" style=\"font-size:20px;color:#FFFFFF\"><\/i> Reg\u00edstrate gratis en OficinaEmpleo<\/span><\/a><\/div><div class=\"su-spacer\" style=\"height:30px\"><\/div>\n","protected":false},"excerpt":{"rendered":"<p>Si vas a optar a una vacante en Catalu\u00f1a o en una empresa catalana, valorar\u00e1n mucho que sepas catal\u00e1n.<\/p>\n","protected":false},"author":5,"featured_media":10239,"comment_status":"open","ping_status":"open","sticky":false,"template":"","format":"standard","meta":{"footnotes":""},"categories":[12,11],"tags":[1689,3327,3329,3330,900,3328],"class_list":["post-10237","post","type-post","status-publish","format-standard","has-post-thumbnail","hentry","category-consejos-y-recursos","category-recursos-humanos","tag-cataluna","tag-como-hacer-tu-curriculum","tag-como-hacer-tu-curriculum-en-catalan","tag-consejos-para-hacer-un-curriculum","tag-curriculum","tag-curriculum-en-catalan","cat-12-id","cat-11-id","has_thumb"],"yoast_head":"<!-- This site is optimized with the Yoast SEO plugin v27.1.1 - https:\/\/yoast.com\/product\/yoast-seo-wordpress\/ -->\n<title>Plantilla curr\u00edculum catal\u00e1n - Blog OficinaEmpleo<\/title>\n<meta name=\"robots\" content=\"index, follow, max-snippet:-1, max-image-preview:large, max-video-preview:-1\" \/>\n<link rel=\"canonical\" href=\"https:\/\/www.oficinaempleo.com\/blog\/plantilla-curriculum-catalan\/\" \/>\n<meta property=\"og:locale\" content=\"es_ES\" \/>\n<meta property=\"og:type\" content=\"article\" \/>\n<meta property=\"og:title\" content=\"Plantilla curr\u00edculum catal\u00e1n - Blog OficinaEmpleo\" \/>\n<meta property=\"og:description\" content=\"Si vas a optar a una vacante en Catalu\u00f1a o en una empresa catalana, valorar\u00e1n mucho que sepas catal\u00e1n.\" \/>\n<meta property=\"og:url\" content=\"https:\/\/www.oficinaempleo.com\/blog\/plantilla-curriculum-catalan\/\" \/>\n<meta property=\"og:site_name\" content=\"Noticias y consejos de empleo | Blog OficinaEmpleo\" \/>\n<meta property=\"article:published_time\" content=\"2016-01-29T10:15:45+00:00\" \/>\n<meta property=\"og:image\" content=\"https:\/\/www.oficinaempleo.com\/blog\/wp-content\/uploads\/2016\/01\/catal\u00e1n_destacada.jpg\" \/>\n\t<meta property=\"og:image:width\" content=\"590\" \/>\n\t<meta property=\"og:image:height\" content=\"315\" \/>\n\t<meta property=\"og:image:type\" content=\"image\/jpeg\" \/>\n<meta name=\"author\" content=\"David Garc\u00eda\" \/>\n<meta name=\"twitter:card\" content=\"summary_large_image\" \/>\n<meta name=\"twitter:creator\" content=\"@OficinaEmpleo\" \/>\n<meta name=\"twitter:site\" content=\"@OficinaEmpleo\" \/>\n<meta name=\"twitter:label1\" content=\"Written by\" \/>\n\t<meta name=\"twitter:data1\" content=\"David Garc\u00eda\" \/>\n\t<meta name=\"twitter:label2\" content=\"Est. reading time\" \/>\n\t<meta name=\"twitter:data2\" content=\"3 minutos\" \/>\n<script type=\"application\/ld+json\" class=\"yoast-schema-graph\">{\"@context\":\"https:\/\/schema.org\",\"@graph\":[{\"@type\":\"Article\",\"@id\":\"https:\/\/www.oficinaempleo.com\/blog\/plantilla-curriculum-catalan\/#article\",\"isPartOf\":{\"@id\":\"https:\/\/www.oficinaempleo.com\/blog\/plantilla-curriculum-catalan\/\"},\"author\":{\"name\":\"David Garc\u00eda\",\"@id\":\"https:\/\/www.oficinaempleo.com\/blog\/#\/schema\/person\/fb90e38571c727c56dd2231966ab3358\"},\"headline\":\"Plantilla curr\u00edculum catal\u00e1n\",\"datePublished\":\"2016-01-29T10:15:45+00:00\",\"mainEntityOfPage\":{\"@id\":\"https:\/\/www.oficinaempleo.com\/blog\/plantilla-curriculum-catalan\/\"},\"wordCount\":622,\"commentCount\":0,\"publisher\":{\"@id\":\"https:\/\/www.oficinaempleo.com\/blog\/#organization\"},\"image\":{\"@id\":\"https:\/\/www.oficinaempleo.com\/blog\/plantilla-curriculum-catalan\/#primaryimage\"},\"thumbnailUrl\":\"https:\/\/www.oficinaempleo.com\/blog\/wp-content\/uploads\/2016\/01\/catal\u00e1n_destacada.jpg\",\"keywords\":[\"catalu\u00f1a\",\"c\u00f3mo hacer tu curr\u00edculum\",\"c\u00f3mo hacer tu curr\u00edculum en catal\u00e1n\",\"consejos para hacer un curr\u00edculum\",\"curr\u00edculum\",\"curr\u00edculum en catal\u00e1n\"],\"articleSection\":[\"Consejos y Recursos\",\"Recursos humanos\"],\"inLanguage\":\"es\",\"potentialAction\":[{\"@type\":\"CommentAction\",\"name\":\"Comment\",\"target\":[\"https:\/\/www.oficinaempleo.com\/blog\/plantilla-curriculum-catalan\/#respond\"]}]},{\"@type\":\"WebPage\",\"@id\":\"https:\/\/www.oficinaempleo.com\/blog\/plantilla-curriculum-catalan\/\",\"url\":\"https:\/\/www.oficinaempleo.com\/blog\/plantilla-curriculum-catalan\/\",\"name\":\"Plantilla curr\u00edculum catal\u00e1n - Blog OficinaEmpleo\",\"isPartOf\":{\"@id\":\"https:\/\/www.oficinaempleo.com\/blog\/#website\"},\"primaryImageOfPage\":{\"@id\":\"https:\/\/www.oficinaempleo.com\/blog\/plantilla-curriculum-catalan\/#primaryimage\"},\"image\":{\"@id\":\"https:\/\/www.oficinaempleo.com\/blog\/plantilla-curriculum-catalan\/#primaryimage\"},\"thumbnailUrl\":\"https:\/\/www.oficinaempleo.com\/blog\/wp-content\/uploads\/2016\/01\/catal\u00e1n_destacada.jpg\",\"datePublished\":\"2016-01-29T10:15:45+00:00\",\"breadcrumb\":{\"@id\":\"https:\/\/www.oficinaempleo.com\/blog\/plantilla-curriculum-catalan\/#breadcrumb\"},\"inLanguage\":\"es\",\"potentialAction\":[{\"@type\":\"ReadAction\",\"target\":[\"https:\/\/www.oficinaempleo.com\/blog\/plantilla-curriculum-catalan\/\"]}]},{\"@type\":\"ImageObject\",\"inLanguage\":\"es\",\"@id\":\"https:\/\/www.oficinaempleo.com\/blog\/plantilla-curriculum-catalan\/#primaryimage\",\"url\":\"https:\/\/www.oficinaempleo.com\/blog\/wp-content\/uploads\/2016\/01\/catal\u00e1n_destacada.jpg\",\"contentUrl\":\"https:\/\/www.oficinaempleo.com\/blog\/wp-content\/uploads\/2016\/01\/catal\u00e1n_destacada.jpg\",\"width\":590,\"height\":315},{\"@type\":\"BreadcrumbList\",\"@id\":\"https:\/\/www.oficinaempleo.com\/blog\/plantilla-curriculum-catalan\/#breadcrumb\",\"itemListElement\":[{\"@type\":\"ListItem\",\"position\":1,\"name\":\"Home\",\"item\":\"https:\/\/www.oficinaempleo.com\/blog\/\"},{\"@type\":\"ListItem\",\"position\":2,\"name\":\"Plantilla curr\u00edculum catal\u00e1n\"}]},{\"@type\":\"WebSite\",\"@id\":\"https:\/\/www.oficinaempleo.com\/blog\/#website\",\"url\":\"https:\/\/www.oficinaempleo.com\/blog\/\",\"name\":\"Noticias y Consejos de Empleo | Blog OficinaEmpleo\",\"description\":\"\",\"publisher\":{\"@id\":\"https:\/\/www.oficinaempleo.com\/blog\/#organization\"},\"potentialAction\":[{\"@type\":\"SearchAction\",\"target\":{\"@type\":\"EntryPoint\",\"urlTemplate\":\"https:\/\/www.oficinaempleo.com\/blog\/?s={search_term_string}\"},\"query-input\":{\"@type\":\"PropertyValueSpecification\",\"valueRequired\":true,\"valueName\":\"search_term_string\"}}],\"inLanguage\":\"es\"},{\"@type\":\"Organization\",\"@id\":\"https:\/\/www.oficinaempleo.com\/blog\/#organization\",\"name\":\"OficinaEmpleo\",\"url\":\"https:\/\/www.oficinaempleo.com\/blog\/\",\"logo\":{\"@type\":\"ImageObject\",\"inLanguage\":\"es\",\"@id\":\"https:\/\/www.oficinaempleo.com\/blog\/#\/schema\/logo\/image\/\",\"url\":\"https:\/\/www.oficinaempleo.com\/blog\/wp-content\/uploads\/2018\/10\/logo_footer-1.jpg\",\"contentUrl\":\"https:\/\/www.oficinaempleo.com\/blog\/wp-content\/uploads\/2018\/10\/logo_footer-1.jpg\",\"width\":478,\"height\":57,\"caption\":\"OficinaEmpleo\"},\"image\":{\"@id\":\"https:\/\/www.oficinaempleo.com\/blog\/#\/schema\/logo\/image\/\"},\"sameAs\":[\"https:\/\/x.com\/OficinaEmpleo\"]},{\"@type\":\"Person\",\"@id\":\"https:\/\/www.oficinaempleo.com\/blog\/#\/schema\/person\/fb90e38571c727c56dd2231966ab3358\",\"name\":\"David Garc\u00eda\",\"image\":{\"@type\":\"ImageObject\",\"inLanguage\":\"es\",\"@id\":\"https:\/\/www.oficinaempleo.com\/blog\/#\/schema\/person\/image\/\",\"url\":\"https:\/\/secure.gravatar.com\/avatar\/e790fd54d7ada3dd19d3bebd1baf92ae088ffc6c3574e2d74d180130b4099a61?s=96&d=mm&r=g\",\"contentUrl\":\"https:\/\/secure.gravatar.com\/avatar\/e790fd54d7ada3dd19d3bebd1baf92ae088ffc6c3574e2d74d180130b4099a61?s=96&d=mm&r=g\",\"caption\":\"David Garc\u00eda\"},\"url\":\"https:\/\/www.oficinaempleo.com\/blog\/author\/david\/\"}]}<\/script>\n<!-- \/ Yoast SEO plugin. -->","yoast_head_json":{"title":"Plantilla curr\u00edculum catal\u00e1n - Blog OficinaEmpleo","robots":{"index":"index","follow":"follow","max-snippet":"max-snippet:-1","max-image-preview":"max-image-preview:large","max-video-preview":"max-video-preview:-1"},"canonical":"https:\/\/www.oficinaempleo.com\/blog\/plantilla-curriculum-catalan\/","og_locale":"es_ES","og_type":"article","og_title":"Plantilla curr\u00edculum catal\u00e1n - Blog OficinaEmpleo","og_description":"Si vas a optar a una vacante en Catalu\u00f1a o en una empresa catalana, valorar\u00e1n mucho que sepas catal\u00e1n.","og_url":"https:\/\/www.oficinaempleo.com\/blog\/plantilla-curriculum-catalan\/","og_site_name":"Noticias y consejos de empleo | Blog OficinaEmpleo","article_published_time":"2016-01-29T10:15:45+00:00","og_image":[{"width":590,"height":315,"url":"https:\/\/www.oficinaempleo.com\/blog\/wp-content\/uploads\/2016\/01\/catal\u00e1n_destacada.jpg","type":"image\/jpeg"}],"author":"David Garc\u00eda","twitter_card":"summary_large_image","twitter_creator":"@OficinaEmpleo","twitter_site":"@OficinaEmpleo","twitter_misc":{"Written by":"David Garc\u00eda","Est. reading time":"3 minutos"},"schema":{"@context":"https:\/\/schema.org","@graph":[{"@type":"Article","@id":"https:\/\/www.oficinaempleo.com\/blog\/plantilla-curriculum-catalan\/#article","isPartOf":{"@id":"https:\/\/www.oficinaempleo.com\/blog\/plantilla-curriculum-catalan\/"},"author":{"name":"David Garc\u00eda","@id":"https:\/\/www.oficinaempleo.com\/blog\/#\/schema\/person\/fb90e38571c727c56dd2231966ab3358"},"headline":"Plantilla curr\u00edculum catal\u00e1n","datePublished":"2016-01-29T10:15:45+00:00","mainEntityOfPage":{"@id":"https:\/\/www.oficinaempleo.com\/blog\/plantilla-curriculum-catalan\/"},"wordCount":622,"commentCount":0,"publisher":{"@id":"https:\/\/www.oficinaempleo.com\/blog\/#organization"},"image":{"@id":"https:\/\/www.oficinaempleo.com\/blog\/plantilla-curriculum-catalan\/#primaryimage"},"thumbnailUrl":"https:\/\/www.oficinaempleo.com\/blog\/wp-content\/uploads\/2016\/01\/catal\u00e1n_destacada.jpg","keywords":["catalu\u00f1a","c\u00f3mo hacer tu curr\u00edculum","c\u00f3mo hacer tu curr\u00edculum en catal\u00e1n","consejos para hacer un curr\u00edculum","curr\u00edculum","curr\u00edculum en catal\u00e1n"],"articleSection":["Consejos y Recursos","Recursos humanos"],"inLanguage":"es","potentialAction":[{"@type":"CommentAction","name":"Comment","target":["https:\/\/www.oficinaempleo.com\/blog\/plantilla-curriculum-catalan\/#respond"]}]},{"@type":"WebPage","@id":"https:\/\/www.oficinaempleo.com\/blog\/plantilla-curriculum-catalan\/","url":"https:\/\/www.oficinaempleo.com\/blog\/plantilla-curriculum-catalan\/","name":"Plantilla curr\u00edculum catal\u00e1n - Blog OficinaEmpleo","isPartOf":{"@id":"https:\/\/www.oficinaempleo.com\/blog\/#website"},"primaryImageOfPage":{"@id":"https:\/\/www.oficinaempleo.com\/blog\/plantilla-curriculum-catalan\/#primaryimage"},"image":{"@id":"https:\/\/www.oficinaempleo.com\/blog\/plantilla-curriculum-catalan\/#primaryimage"},"thumbnailUrl":"https:\/\/www.oficinaempleo.com\/blog\/wp-content\/uploads\/2016\/01\/catal\u00e1n_destacada.jpg","datePublished":"2016-01-29T10:15:45+00:00","breadcrumb":{"@id":"https:\/\/www.oficinaempleo.com\/blog\/plantilla-curriculum-catalan\/#breadcrumb"},"inLanguage":"es","potentialAction":[{"@type":"ReadAction","target":["https:\/\/www.oficinaempleo.com\/blog\/plantilla-curriculum-catalan\/"]}]},{"@type":"ImageObject","inLanguage":"es","@id":"https:\/\/www.oficinaempleo.com\/blog\/plantilla-curriculum-catalan\/#primaryimage","url":"https:\/\/www.oficinaempleo.com\/blog\/wp-content\/uploads\/2016\/01\/catal\u00e1n_destacada.jpg","contentUrl":"https:\/\/www.oficinaempleo.com\/blog\/wp-content\/uploads\/2016\/01\/catal\u00e1n_destacada.jpg","width":590,"height":315},{"@type":"BreadcrumbList","@id":"https:\/\/www.oficinaempleo.com\/blog\/plantilla-curriculum-catalan\/#breadcrumb","itemListElement":[{"@type":"ListItem","position":1,"name":"Home","item":"https:\/\/www.oficinaempleo.com\/blog\/"},{"@type":"ListItem","position":2,"name":"Plantilla curr\u00edculum catal\u00e1n"}]},{"@type":"WebSite","@id":"https:\/\/www.oficinaempleo.com\/blog\/#website","url":"https:\/\/www.oficinaempleo.com\/blog\/","name":"Noticias y Consejos de Empleo | Blog OficinaEmpleo","description":"","publisher":{"@id":"https:\/\/www.oficinaempleo.com\/blog\/#organization"},"potentialAction":[{"@type":"SearchAction","target":{"@type":"EntryPoint","urlTemplate":"https:\/\/www.oficinaempleo.com\/blog\/?s={search_term_string}"},"query-input":{"@type":"PropertyValueSpecification","valueRequired":true,"valueName":"search_term_string"}}],"inLanguage":"es"},{"@type":"Organization","@id":"https:\/\/www.oficinaempleo.com\/blog\/#organization","name":"OficinaEmpleo","url":"https:\/\/www.oficinaempleo.com\/blog\/","logo":{"@type":"ImageObject","inLanguage":"es","@id":"https:\/\/www.oficinaempleo.com\/blog\/#\/schema\/logo\/image\/","url":"https:\/\/www.oficinaempleo.com\/blog\/wp-content\/uploads\/2018\/10\/logo_footer-1.jpg","contentUrl":"https:\/\/www.oficinaempleo.com\/blog\/wp-content\/uploads\/2018\/10\/logo_footer-1.jpg","width":478,"height":57,"caption":"OficinaEmpleo"},"image":{"@id":"https:\/\/www.oficinaempleo.com\/blog\/#\/schema\/logo\/image\/"},"sameAs":["https:\/\/x.com\/OficinaEmpleo"]},{"@type":"Person","@id":"https:\/\/www.oficinaempleo.com\/blog\/#\/schema\/person\/fb90e38571c727c56dd2231966ab3358","name":"David Garc\u00eda","image":{"@type":"ImageObject","inLanguage":"es","@id":"https:\/\/www.oficinaempleo.com\/blog\/#\/schema\/person\/image\/","url":"https:\/\/secure.gravatar.com\/avatar\/e790fd54d7ada3dd19d3bebd1baf92ae088ffc6c3574e2d74d180130b4099a61?s=96&d=mm&r=g","contentUrl":"https:\/\/secure.gravatar.com\/avatar\/e790fd54d7ada3dd19d3bebd1baf92ae088ffc6c3574e2d74d180130b4099a61?s=96&d=mm&r=g","caption":"David Garc\u00eda"},"url":"https:\/\/www.oficinaempleo.com\/blog\/author\/david\/"}]}},"_links":{"self":[{"href":"https:\/\/www.oficinaempleo.com\/blog\/wp-json\/wp\/v2\/posts\/10237","targetHints":{"allow":["GET"]}}],"collection":[{"href":"https:\/\/www.oficinaempleo.com\/blog\/wp-json\/wp\/v2\/posts"}],"about":[{"href":"https:\/\/www.oficinaempleo.com\/blog\/wp-json\/wp\/v2\/types\/post"}],"author":[{"embeddable":true,"href":"https:\/\/www.oficinaempleo.com\/blog\/wp-json\/wp\/v2\/users\/5"}],"replies":[{"embeddable":true,"href":"https:\/\/www.oficinaempleo.com\/blog\/wp-json\/wp\/v2\/comments?post=10237"}],"version-history":[{"count":0,"href":"https:\/\/www.oficinaempleo.com\/blog\/wp-json\/wp\/v2\/posts\/10237\/revisions"}],"wp:featuredmedia":[{"embeddable":true,"href":"https:\/\/www.oficinaempleo.com\/blog\/wp-json\/wp\/v2\/media\/10239"}],"wp:attachment":[{"href":"https:\/\/www.oficinaempleo.com\/blog\/wp-json\/wp\/v2\/media?parent=10237"}],"wp:term":[{"taxonomy":"category","embeddable":true,"href":"https:\/\/www.oficinaempleo.com\/blog\/wp-json\/wp\/v2\/categories?post=10237"},{"taxonomy":"post_tag","embeddable":true,"href":"https:\/\/www.oficinaempleo.com\/blog\/wp-json\/wp\/v2\/tags?post=10237"}],"curies":[{"name":"wp","href":"https:\/\/api.w.org\/{rel}","templated":true}]}}