{"id":10525,"date":"2023-12-18T10:00:33","date_gmt":"2023-12-18T09:00:33","guid":{"rendered":"http:\/\/www.oficinaempleo.com\/blog\/?p=10525"},"modified":"2023-12-18T16:14:20","modified_gmt":"2023-12-18T15:14:20","slug":"como-ahorrar-en-calefaccion","status":"publish","type":"post","link":"https:\/\/www.oficinaempleo.com\/blog\/como-ahorrar-en-calefaccion\/","title":{"rendered":"C\u00f3mo ahorrar en calefacci\u00f3n"},"content":{"rendered":"<p style=\"text-align: justify;\"><div class=\"su-button-center\"><a href=\"https:\/\/jobs.oficinaempleo.com\/registro?origen=ORG-web&#038;utm_source=OE&#038;utm_medium=boton_registro&#038;utm_content=homepage&#038;utm_campaign=organic\" class=\"su-button su-button-style-flat\" style=\"color:#FFFFFF;background-color:#ec7d0c;border-color:#bd640a;border-radius:10px\" target=\"__blank\"><span style=\"color:#FFFFFF;padding:8px 26px;font-size:20px;line-height:30px;border-color:#f2a455;border-radius:10px;text-shadow:none\"><i class=\"sui sui-arrow-circle-right\" style=\"font-size:20px;color:#FFFFFF\"><\/i> Reg\u00edstrate gratis en OficinaEmpleo<\/span><\/a><\/div><div class=\"su-spacer\" style=\"height:30px\"><\/div>\n<p style=\"text-align: left;\">El <strong>gasto en calefacci\u00f3n<\/strong> nos suele hace temblar. Y no precisamente de fr\u00edo, sino de miedo. La calefacci\u00f3n supone casi la mitad del gasto energ\u00e9tico de los hogares en Espa\u00f1a, as\u00ed que controlar el dinero que gastamos por este concepto es un factor muy importante para que nuestra cuenta no corra el peligro de quedarse congelada.<\/p>\n<p><img loading=\"lazy\" decoding=\"async\" class=\"alignnone wp-image-10526 size-full\" src=\"https:\/\/www.oficinaempleo.com\/blog\/wp-content\/uploads\/2016\/02\/ahorro.jpg\" alt=\"C\u00f3mo ahorrar en calefacci\u00f3n\" width=\"590\" height=\"315\" srcset=\"https:\/\/www.oficinaempleo.com\/blog\/wp-content\/uploads\/2016\/02\/ahorro.jpg 590w, https:\/\/www.oficinaempleo.com\/blog\/wp-content\/uploads\/2016\/02\/ahorro-300x160.jpg 300w\" sizes=\"auto, (max-width: 590px) 100vw, 590px\" \/><\/p>\n<p style=\"text-align: left;\">Por desgracia, son muchas las familias en Espa\u00f1a que pasan por una delicada situaci\u00f3n econ\u00f3mica y se ven obligadas a renunciar, completa o parcialmente, a utilizar la calefacci\u00f3n. Siempre que sea posible, lo ideal es que en todos los hogares se aprovechen al m\u00e1ximo los <strong><a href=\"https:\/\/www.leroymerlin.es\/ideas-y-consejos\/consejos\/cual-es-el-mejor-sistema-de-calefaccion-para-tu-hogar.html\" target=\"_blank\" rel=\"noopener\">sistemas de calefacci\u00f3n<\/a><\/strong>, ya sea central o individual, con el menor consumo posible. Para ello te damos estos <a href=\"https:\/\/www.oficinaempleo.com\/blog\/consejos-para-que-no-te-pillen-las-mentiras-del-curriculum\/\"><strong>consejos<\/strong> <\/a>que pueden ser de utilidad.<\/p>\n<p style=\"text-align: left;\"><strong>1. No te olvides del mantenimiento<\/strong><\/p>\n<p style=\"text-align: left;\">Aseg\u00farate de que los t\u00e9cnicos especializados se ocupen del mantenimiento y limpieza de la caldera y de los equipos de calefacci\u00f3n con, al menos, una revisi\u00f3n anual. Primero, por tu seguridad y la de tu familia. Y segundo, para optimizar al m\u00e1ximo su rendimiento.<\/p>\n<p style=\"text-align: left;\"><strong>2. Purga los radiadores<\/strong><\/p>\n<p style=\"text-align: left;\">Vaciar el aire que pueda haberse almacenado en los radiadores en el \u00faltimo a\u00f1o ayuda a que se rellenen en su totalidad de agua caliente y mejora la eficiencia energ\u00e9tica.<\/p>\n<p style=\"text-align: left;\"><strong>3. Utiliza un termostato digital<\/strong><\/p>\n<p style=\"text-align: left;\">El uso de un termostato digital facilita un mejor aprovechamiento de la calefacci\u00f3n y reduce el consumo energ\u00e9tico. Igual que programar el encendido y apagado, incluso con aplicaciones desde el tel\u00e9fono m\u00f3vil.<\/p>\n<p style=\"text-align: left;\"><strong>4. Elige la temperatura adecuada para cada momento<\/strong><\/p>\n<p style=\"text-align: left;\">La temperatura ideal del termostato debe oscilar entre los 19 y los 21 grados en las habitaciones m\u00e1s ocupadas, como el sal\u00f3n. En los dormitorios deber\u00eda ser suficiente fijar una temperatura de entre 16 y 18 grados si no se utilizan durante el d\u00eda. Por cada grado de m\u00e1s, el consumo energ\u00e9tico se eleva un 7%.<\/p>\n<p style=\"text-align: left;\"><strong>5. Ventila las habitaciones el tiempo justo<\/strong><\/p>\n<p style=\"text-align: left;\">En los meses de invierno es suficiente abrir las ventanas para ventilar las habitaciones durante 10 minutos. Es mejor abrir las ventanas totalmente durante ese per\u00edodo que mantenerlas entreabiertas durante mucho tiempo.<\/p>\n<p style=\"text-align: left;\"><strong>6. Comprueba que no haya fugas<\/strong><\/p>\n<p style=\"text-align: left;\">Es importante revisar puertas y ventanas para detectar posibles fugas de energ\u00eda.<\/p>\n<p style=\"text-align: left;\"><strong>7. No utilices los radiadores para secar la ropa<\/strong><\/p>\n<p style=\"text-align: left;\">Esta pr\u00e1ctica bastante com\u00fan es perjudicial porque, adem\u00e1s de llenar el aire de humedad, reduce la eficiencia energ\u00e9tica y aumenta el consumo.<\/p>\n<p style=\"text-align: left;\"><strong>8. No calientes las habitaciones vac\u00edas<\/strong><\/p>\n<p style=\"text-align: left;\">Cierra la llave de los radiadores de las habitaciones que no utilices para no gastar energ\u00eda (y dinero) innecesariamente.<\/p>\n<p style=\"text-align: left;\"><strong>9. Compara precios<\/strong><\/p>\n<p style=\"text-align: left;\">Una de las mejores formas de <a href=\"https:\/\/www.oficinaempleo.com\/blog\/10-trucos-para-ahorrar-dinero-en-tu-recibo-del-gas\/\">ahorrar<\/a> en calefacci\u00f3n es comparar las tarifas de diferentes compa\u00f1\u00edas y elegir la m\u00e1s adecuada en funci\u00f3n del precio y de los servicios que ofrece, como el mantenimiento y las reparaciones.<\/p>\n<p style=\"text-align: left;\"><strong>10. Mant\u00e9n las persianas y cortinas abiertas durante el d\u00eda<\/strong><\/p>\n<p style=\"text-align: left;\">As\u00ed aprovechar\u00e1s la luz solar como fuente de energ\u00eda ya que la luz es calor. Por la noche, baja las persianas y echa las cortinas para reforzar el aislamiento.<\/p>\n<p style=\"text-align: justify;\"><div class=\"su-button-center\"><a href=\"https:\/\/jobs.oficinaempleo.com\/registro?origen=ORG-web&#038;utm_source=OE&#038;utm_medium=boton_registro&#038;utm_content=homepage&#038;utm_campaign=organic\" class=\"su-button su-button-style-flat\" style=\"color:#FFFFFF;background-color:#ec7d0c;border-color:#bd640a;border-radius:10px\" target=\"__blank\"><span style=\"color:#FFFFFF;padding:8px 26px;font-size:20px;line-height:30px;border-color:#f2a455;border-radius:10px;text-shadow:none\"><i class=\"sui sui-arrow-circle-right\" style=\"font-size:20px;color:#FFFFFF\"><\/i> Reg\u00edstrate gratis en OficinaEmpleo<\/span><\/a><\/div><div class=\"su-spacer\" style=\"height:30px\"><\/div>\n","protected":false},"excerpt":{"rendered":"<p>Sigue estos 10 consejos para ahorrar dinero con la calefacci\u00f3n<\/p>\n","protected":false},"author":2,"featured_media":10526,"comment_status":"open","ping_status":"open","sticky":false,"template":"","format":"standard","meta":{"footnotes":""},"categories":[12],"tags":[3389,3393,3391,3394,3392,3390],"class_list":["post-10525","post","type-post","status-publish","format-standard","has-post-thumbnail","hentry","category-consejos-y-recursos","tag-ahorrar-en-calefaccion","tag-ahorro-en-calefaccion","tag-calderas","tag-consumo-de-calefaccion","tag-facturas","tag-recibos","cat-12-id","has_thumb"],"yoast_head":"<!-- This site is optimized with the Yoast SEO plugin v27.1.1 - https:\/\/yoast.com\/product\/yoast-seo-wordpress\/ -->\n<title>C\u00f3mo ahorrar en calefacci\u00f3n - Oficina Empleo<\/title>\n<meta name=\"description\" content=\"El invierno ya ha llegado y con \u00e9l un nuevo gasto: la calefacci\u00f3n. Queremos que no malgastes tu dinero. \u00a1Apunta estas claves para ahorrar!\" \/>\n<meta name=\"robots\" content=\"index, follow, max-snippet:-1, max-image-preview:large, max-video-preview:-1\" \/>\n<link rel=\"canonical\" href=\"https:\/\/www.oficinaempleo.com\/blog\/como-ahorrar-en-calefaccion\/\" \/>\n<meta property=\"og:locale\" content=\"es_ES\" \/>\n<meta property=\"og:type\" content=\"article\" \/>\n<meta property=\"og:title\" content=\"C\u00f3mo ahorrar en calefacci\u00f3n - Oficina Empleo\" \/>\n<meta property=\"og:description\" content=\"El invierno ya ha llegado y con \u00e9l un nuevo gasto: la calefacci\u00f3n. Queremos que no malgastes tu dinero. \u00a1Apunta estas claves para ahorrar!\" \/>\n<meta property=\"og:url\" content=\"https:\/\/www.oficinaempleo.com\/blog\/como-ahorrar-en-calefaccion\/\" \/>\n<meta property=\"og:site_name\" content=\"Noticias y consejos de empleo | Blog OficinaEmpleo\" \/>\n<meta property=\"article:author\" content=\"https:\/\/www.facebook.com\/OficinaEmpleo\" \/>\n<meta property=\"article:published_time\" content=\"2023-12-18T09:00:33+00:00\" \/>\n<meta property=\"article:modified_time\" content=\"2023-12-18T15:14:20+00:00\" \/>\n<meta property=\"og:image\" content=\"https:\/\/www.oficinaempleo.com\/blog\/wp-content\/uploads\/2016\/02\/ahorro.jpg\" \/>\n\t<meta property=\"og:image:width\" content=\"590\" \/>\n\t<meta property=\"og:image:height\" content=\"315\" \/>\n\t<meta property=\"og:image:type\" content=\"image\/jpeg\" \/>\n<meta name=\"author\" content=\"OficinaEmpleo\" \/>\n<meta name=\"twitter:card\" content=\"summary_large_image\" \/>\n<meta name=\"twitter:creator\" content=\"@OficinaEmpleo\" \/>\n<meta name=\"twitter:site\" content=\"@OficinaEmpleo\" \/>\n<meta name=\"twitter:label1\" content=\"Written by\" \/>\n\t<meta name=\"twitter:data1\" content=\"OficinaEmpleo\" \/>\n\t<meta name=\"twitter:label2\" content=\"Est. reading time\" \/>\n\t<meta name=\"twitter:data2\" content=\"3 minutos\" \/>\n<script type=\"application\/ld+json\" class=\"yoast-schema-graph\">{\"@context\":\"https:\/\/schema.org\",\"@graph\":[{\"@type\":\"Article\",\"@id\":\"https:\/\/www.oficinaempleo.com\/blog\/como-ahorrar-en-calefaccion\/#article\",\"isPartOf\":{\"@id\":\"https:\/\/www.oficinaempleo.com\/blog\/como-ahorrar-en-calefaccion\/\"},\"author\":{\"name\":\"OficinaEmpleo\",\"@id\":\"https:\/\/www.oficinaempleo.com\/blog\/#\/schema\/person\/a7f3437f35bd6bd9ad19addae529a114\"},\"headline\":\"C\u00f3mo ahorrar en calefacci\u00f3n\",\"datePublished\":\"2023-12-18T09:00:33+00:00\",\"dateModified\":\"2023-12-18T15:14:20+00:00\",\"mainEntityOfPage\":{\"@id\":\"https:\/\/www.oficinaempleo.com\/blog\/como-ahorrar-en-calefaccion\/\"},\"wordCount\":600,\"commentCount\":0,\"publisher\":{\"@id\":\"https:\/\/www.oficinaempleo.com\/blog\/#organization\"},\"image\":{\"@id\":\"https:\/\/www.oficinaempleo.com\/blog\/como-ahorrar-en-calefaccion\/#primaryimage\"},\"thumbnailUrl\":\"https:\/\/www.oficinaempleo.com\/blog\/wp-content\/uploads\/2016\/02\/ahorro.jpg\",\"keywords\":[\"ahorrar en calefacci\u00f3n\",\"ahorro en calefacci\u00f3n\",\"calderas\",\"consumo de calefacci\u00f3n\",\"facturas\",\"recibos\"],\"articleSection\":[\"Consejos y Recursos\"],\"inLanguage\":\"es\",\"potentialAction\":[{\"@type\":\"CommentAction\",\"name\":\"Comment\",\"target\":[\"https:\/\/www.oficinaempleo.com\/blog\/como-ahorrar-en-calefaccion\/#respond\"]}]},{\"@type\":\"WebPage\",\"@id\":\"https:\/\/www.oficinaempleo.com\/blog\/como-ahorrar-en-calefaccion\/\",\"url\":\"https:\/\/www.oficinaempleo.com\/blog\/como-ahorrar-en-calefaccion\/\",\"name\":\"C\u00f3mo ahorrar en calefacci\u00f3n - Oficina Empleo\",\"isPartOf\":{\"@id\":\"https:\/\/www.oficinaempleo.com\/blog\/#website\"},\"primaryImageOfPage\":{\"@id\":\"https:\/\/www.oficinaempleo.com\/blog\/como-ahorrar-en-calefaccion\/#primaryimage\"},\"image\":{\"@id\":\"https:\/\/www.oficinaempleo.com\/blog\/como-ahorrar-en-calefaccion\/#primaryimage\"},\"thumbnailUrl\":\"https:\/\/www.oficinaempleo.com\/blog\/wp-content\/uploads\/2016\/02\/ahorro.jpg\",\"datePublished\":\"2023-12-18T09:00:33+00:00\",\"dateModified\":\"2023-12-18T15:14:20+00:00\",\"description\":\"El invierno ya ha llegado y con \u00e9l un nuevo gasto: la calefacci\u00f3n. Queremos que no malgastes tu dinero. \u00a1Apunta estas claves para ahorrar!\",\"breadcrumb\":{\"@id\":\"https:\/\/www.oficinaempleo.com\/blog\/como-ahorrar-en-calefaccion\/#breadcrumb\"},\"inLanguage\":\"es\",\"potentialAction\":[{\"@type\":\"ReadAction\",\"target\":[\"https:\/\/www.oficinaempleo.com\/blog\/como-ahorrar-en-calefaccion\/\"]}]},{\"@type\":\"ImageObject\",\"inLanguage\":\"es\",\"@id\":\"https:\/\/www.oficinaempleo.com\/blog\/como-ahorrar-en-calefaccion\/#primaryimage\",\"url\":\"https:\/\/www.oficinaempleo.com\/blog\/wp-content\/uploads\/2016\/02\/ahorro.jpg\",\"contentUrl\":\"https:\/\/www.oficinaempleo.com\/blog\/wp-content\/uploads\/2016\/02\/ahorro.jpg\",\"width\":590,\"height\":315},{\"@type\":\"BreadcrumbList\",\"@id\":\"https:\/\/www.oficinaempleo.com\/blog\/como-ahorrar-en-calefaccion\/#breadcrumb\",\"itemListElement\":[{\"@type\":\"ListItem\",\"position\":1,\"name\":\"Home\",\"item\":\"https:\/\/www.oficinaempleo.com\/blog\/\"},{\"@type\":\"ListItem\",\"position\":2,\"name\":\"C\u00f3mo ahorrar en calefacci\u00f3n\"}]},{\"@type\":\"WebSite\",\"@id\":\"https:\/\/www.oficinaempleo.com\/blog\/#website\",\"url\":\"https:\/\/www.oficinaempleo.com\/blog\/\",\"name\":\"Noticias y Consejos de Empleo | Blog OficinaEmpleo\",\"description\":\"\",\"publisher\":{\"@id\":\"https:\/\/www.oficinaempleo.com\/blog\/#organization\"},\"potentialAction\":[{\"@type\":\"SearchAction\",\"target\":{\"@type\":\"EntryPoint\",\"urlTemplate\":\"https:\/\/www.oficinaempleo.com\/blog\/?s={search_term_string}\"},\"query-input\":{\"@type\":\"PropertyValueSpecification\",\"valueRequired\":true,\"valueName\":\"search_term_string\"}}],\"inLanguage\":\"es\"},{\"@type\":\"Organization\",\"@id\":\"https:\/\/www.oficinaempleo.com\/blog\/#organization\",\"name\":\"OficinaEmpleo\",\"url\":\"https:\/\/www.oficinaempleo.com\/blog\/\",\"logo\":{\"@type\":\"ImageObject\",\"inLanguage\":\"es\",\"@id\":\"https:\/\/www.oficinaempleo.com\/blog\/#\/schema\/logo\/image\/\",\"url\":\"https:\/\/www.oficinaempleo.com\/blog\/wp-content\/uploads\/2018\/10\/logo_footer-1.jpg\",\"contentUrl\":\"https:\/\/www.oficinaempleo.com\/blog\/wp-content\/uploads\/2018\/10\/logo_footer-1.jpg\",\"width\":478,\"height\":57,\"caption\":\"OficinaEmpleo\"},\"image\":{\"@id\":\"https:\/\/www.oficinaempleo.com\/blog\/#\/schema\/logo\/image\/\"},\"sameAs\":[\"https:\/\/x.com\/OficinaEmpleo\"]},{\"@type\":\"Person\",\"@id\":\"https:\/\/www.oficinaempleo.com\/blog\/#\/schema\/person\/a7f3437f35bd6bd9ad19addae529a114\",\"name\":\"OficinaEmpleo\",\"image\":{\"@type\":\"ImageObject\",\"inLanguage\":\"es\",\"@id\":\"https:\/\/www.oficinaempleo.com\/blog\/#\/schema\/person\/image\/\",\"url\":\"https:\/\/secure.gravatar.com\/avatar\/ea822afb14d7439ba3051d652cf8f548fe540f184ce16a2135fc22c9337bd72e?s=96&d=mm&r=g\",\"contentUrl\":\"https:\/\/secure.gravatar.com\/avatar\/ea822afb14d7439ba3051d652cf8f548fe540f184ce16a2135fc22c9337bd72e?s=96&d=mm&r=g\",\"caption\":\"OficinaEmpleo\"},\"description\":\"En OficinaEmpleo queremos ayudarte a conseguir trabajo. Por eso, adem\u00e1s de ofrecerte ofertas de empleo en nuestro portal, te ense\u00f1amos las novedades del sector, y consejos para mejorar tu perfil.\",\"sameAs\":[\"http:\/\/www.oficinaempleo.com\/\",\"https:\/\/www.facebook.com\/OficinaEmpleo\",\"https:\/\/x.com\/OficinaEmpleo\"],\"url\":\"https:\/\/www.oficinaempleo.com\/blog\/author\/empleo\/\"}]}<\/script>\n<!-- \/ Yoast SEO plugin. -->","yoast_head_json":{"title":"C\u00f3mo ahorrar en calefacci\u00f3n - Oficina Empleo","description":"El invierno ya ha llegado y con \u00e9l un nuevo gasto: la calefacci\u00f3n. Queremos que no malgastes tu dinero. \u00a1Apunta estas claves para ahorrar!","robots":{"index":"index","follow":"follow","max-snippet":"max-snippet:-1","max-image-preview":"max-image-preview:large","max-video-preview":"max-video-preview:-1"},"canonical":"https:\/\/www.oficinaempleo.com\/blog\/como-ahorrar-en-calefaccion\/","og_locale":"es_ES","og_type":"article","og_title":"C\u00f3mo ahorrar en calefacci\u00f3n - Oficina Empleo","og_description":"El invierno ya ha llegado y con \u00e9l un nuevo gasto: la calefacci\u00f3n. Queremos que no malgastes tu dinero. \u00a1Apunta estas claves para ahorrar!","og_url":"https:\/\/www.oficinaempleo.com\/blog\/como-ahorrar-en-calefaccion\/","og_site_name":"Noticias y consejos de empleo | Blog OficinaEmpleo","article_author":"https:\/\/www.facebook.com\/OficinaEmpleo","article_published_time":"2023-12-18T09:00:33+00:00","article_modified_time":"2023-12-18T15:14:20+00:00","og_image":[{"width":590,"height":315,"url":"https:\/\/www.oficinaempleo.com\/blog\/wp-content\/uploads\/2016\/02\/ahorro.jpg","type":"image\/jpeg"}],"author":"OficinaEmpleo","twitter_card":"summary_large_image","twitter_creator":"@OficinaEmpleo","twitter_site":"@OficinaEmpleo","twitter_misc":{"Written by":"OficinaEmpleo","Est. reading time":"3 minutos"},"schema":{"@context":"https:\/\/schema.org","@graph":[{"@type":"Article","@id":"https:\/\/www.oficinaempleo.com\/blog\/como-ahorrar-en-calefaccion\/#article","isPartOf":{"@id":"https:\/\/www.oficinaempleo.com\/blog\/como-ahorrar-en-calefaccion\/"},"author":{"name":"OficinaEmpleo","@id":"https:\/\/www.oficinaempleo.com\/blog\/#\/schema\/person\/a7f3437f35bd6bd9ad19addae529a114"},"headline":"C\u00f3mo ahorrar en calefacci\u00f3n","datePublished":"2023-12-18T09:00:33+00:00","dateModified":"2023-12-18T15:14:20+00:00","mainEntityOfPage":{"@id":"https:\/\/www.oficinaempleo.com\/blog\/como-ahorrar-en-calefaccion\/"},"wordCount":600,"commentCount":0,"publisher":{"@id":"https:\/\/www.oficinaempleo.com\/blog\/#organization"},"image":{"@id":"https:\/\/www.oficinaempleo.com\/blog\/como-ahorrar-en-calefaccion\/#primaryimage"},"thumbnailUrl":"https:\/\/www.oficinaempleo.com\/blog\/wp-content\/uploads\/2016\/02\/ahorro.jpg","keywords":["ahorrar en calefacci\u00f3n","ahorro en calefacci\u00f3n","calderas","consumo de calefacci\u00f3n","facturas","recibos"],"articleSection":["Consejos y Recursos"],"inLanguage":"es","potentialAction":[{"@type":"CommentAction","name":"Comment","target":["https:\/\/www.oficinaempleo.com\/blog\/como-ahorrar-en-calefaccion\/#respond"]}]},{"@type":"WebPage","@id":"https:\/\/www.oficinaempleo.com\/blog\/como-ahorrar-en-calefaccion\/","url":"https:\/\/www.oficinaempleo.com\/blog\/como-ahorrar-en-calefaccion\/","name":"C\u00f3mo ahorrar en calefacci\u00f3n - Oficina Empleo","isPartOf":{"@id":"https:\/\/www.oficinaempleo.com\/blog\/#website"},"primaryImageOfPage":{"@id":"https:\/\/www.oficinaempleo.com\/blog\/como-ahorrar-en-calefaccion\/#primaryimage"},"image":{"@id":"https:\/\/www.oficinaempleo.com\/blog\/como-ahorrar-en-calefaccion\/#primaryimage"},"thumbnailUrl":"https:\/\/www.oficinaempleo.com\/blog\/wp-content\/uploads\/2016\/02\/ahorro.jpg","datePublished":"2023-12-18T09:00:33+00:00","dateModified":"2023-12-18T15:14:20+00:00","description":"El invierno ya ha llegado y con \u00e9l un nuevo gasto: la calefacci\u00f3n. Queremos que no malgastes tu dinero. \u00a1Apunta estas claves para ahorrar!","breadcrumb":{"@id":"https:\/\/www.oficinaempleo.com\/blog\/como-ahorrar-en-calefaccion\/#breadcrumb"},"inLanguage":"es","potentialAction":[{"@type":"ReadAction","target":["https:\/\/www.oficinaempleo.com\/blog\/como-ahorrar-en-calefaccion\/"]}]},{"@type":"ImageObject","inLanguage":"es","@id":"https:\/\/www.oficinaempleo.com\/blog\/como-ahorrar-en-calefaccion\/#primaryimage","url":"https:\/\/www.oficinaempleo.com\/blog\/wp-content\/uploads\/2016\/02\/ahorro.jpg","contentUrl":"https:\/\/www.oficinaempleo.com\/blog\/wp-content\/uploads\/2016\/02\/ahorro.jpg","width":590,"height":315},{"@type":"BreadcrumbList","@id":"https:\/\/www.oficinaempleo.com\/blog\/como-ahorrar-en-calefaccion\/#breadcrumb","itemListElement":[{"@type":"ListItem","position":1,"name":"Home","item":"https:\/\/www.oficinaempleo.com\/blog\/"},{"@type":"ListItem","position":2,"name":"C\u00f3mo ahorrar en calefacci\u00f3n"}]},{"@type":"WebSite","@id":"https:\/\/www.oficinaempleo.com\/blog\/#website","url":"https:\/\/www.oficinaempleo.com\/blog\/","name":"Noticias y Consejos de Empleo | Blog OficinaEmpleo","description":"","publisher":{"@id":"https:\/\/www.oficinaempleo.com\/blog\/#organization"},"potentialAction":[{"@type":"SearchAction","target":{"@type":"EntryPoint","urlTemplate":"https:\/\/www.oficinaempleo.com\/blog\/?s={search_term_string}"},"query-input":{"@type":"PropertyValueSpecification","valueRequired":true,"valueName":"search_term_string"}}],"inLanguage":"es"},{"@type":"Organization","@id":"https:\/\/www.oficinaempleo.com\/blog\/#organization","name":"OficinaEmpleo","url":"https:\/\/www.oficinaempleo.com\/blog\/","logo":{"@type":"ImageObject","inLanguage":"es","@id":"https:\/\/www.oficinaempleo.com\/blog\/#\/schema\/logo\/image\/","url":"https:\/\/www.oficinaempleo.com\/blog\/wp-content\/uploads\/2018\/10\/logo_footer-1.jpg","contentUrl":"https:\/\/www.oficinaempleo.com\/blog\/wp-content\/uploads\/2018\/10\/logo_footer-1.jpg","width":478,"height":57,"caption":"OficinaEmpleo"},"image":{"@id":"https:\/\/www.oficinaempleo.com\/blog\/#\/schema\/logo\/image\/"},"sameAs":["https:\/\/x.com\/OficinaEmpleo"]},{"@type":"Person","@id":"https:\/\/www.oficinaempleo.com\/blog\/#\/schema\/person\/a7f3437f35bd6bd9ad19addae529a114","name":"OficinaEmpleo","image":{"@type":"ImageObject","inLanguage":"es","@id":"https:\/\/www.oficinaempleo.com\/blog\/#\/schema\/person\/image\/","url":"https:\/\/secure.gravatar.com\/avatar\/ea822afb14d7439ba3051d652cf8f548fe540f184ce16a2135fc22c9337bd72e?s=96&d=mm&r=g","contentUrl":"https:\/\/secure.gravatar.com\/avatar\/ea822afb14d7439ba3051d652cf8f548fe540f184ce16a2135fc22c9337bd72e?s=96&d=mm&r=g","caption":"OficinaEmpleo"},"description":"En OficinaEmpleo queremos ayudarte a conseguir trabajo. Por eso, adem\u00e1s de ofrecerte ofertas de empleo en nuestro portal, te ense\u00f1amos las novedades del sector, y consejos para mejorar tu perfil.","sameAs":["http:\/\/www.oficinaempleo.com\/","https:\/\/www.facebook.com\/OficinaEmpleo","https:\/\/x.com\/OficinaEmpleo"],"url":"https:\/\/www.oficinaempleo.com\/blog\/author\/empleo\/"}]}},"_links":{"self":[{"href":"https:\/\/www.oficinaempleo.com\/blog\/wp-json\/wp\/v2\/posts\/10525","targetHints":{"allow":["GET"]}}],"collection":[{"href":"https:\/\/www.oficinaempleo.com\/blog\/wp-json\/wp\/v2\/posts"}],"about":[{"href":"https:\/\/www.oficinaempleo.com\/blog\/wp-json\/wp\/v2\/types\/post"}],"author":[{"embeddable":true,"href":"https:\/\/www.oficinaempleo.com\/blog\/wp-json\/wp\/v2\/users\/2"}],"replies":[{"embeddable":true,"href":"https:\/\/www.oficinaempleo.com\/blog\/wp-json\/wp\/v2\/comments?post=10525"}],"version-history":[{"count":2,"href":"https:\/\/www.oficinaempleo.com\/blog\/wp-json\/wp\/v2\/posts\/10525\/revisions"}],"predecessor-version":[{"id":33577,"href":"https:\/\/www.oficinaempleo.com\/blog\/wp-json\/wp\/v2\/posts\/10525\/revisions\/33577"}],"wp:featuredmedia":[{"embeddable":true,"href":"https:\/\/www.oficinaempleo.com\/blog\/wp-json\/wp\/v2\/media\/10526"}],"wp:attachment":[{"href":"https:\/\/www.oficinaempleo.com\/blog\/wp-json\/wp\/v2\/media?parent=10525"}],"wp:term":[{"taxonomy":"category","embeddable":true,"href":"https:\/\/www.oficinaempleo.com\/blog\/wp-json\/wp\/v2\/categories?post=10525"},{"taxonomy":"post_tag","embeddable":true,"href":"https:\/\/www.oficinaempleo.com\/blog\/wp-json\/wp\/v2\/tags?post=10525"}],"curies":[{"name":"wp","href":"https:\/\/api.w.org\/{rel}","templated":true}]}}