{"id":10563,"date":"2025-01-17T09:00:28","date_gmt":"2025-01-17T08:00:28","guid":{"rendered":"http:\/\/www.oficinaempleo.com\/blog\/?p=10563"},"modified":"2025-05-16T08:30:12","modified_gmt":"2025-05-16T07:30:12","slug":"como-trabajar-en-el-pozo","status":"publish","type":"post","link":"https:\/\/www.oficinaempleo.com\/blog\/como-trabajar-en-el-pozo\/","title":{"rendered":"C\u00f3mo trabajar en El Pozo"},"content":{"rendered":"<p><strong>El Pozo Alimentaci\u00f3n<\/strong> es la empresa l\u00edder en el\u00a0<a href=\"http:\/\/www.oficinaempleo.com\/blog\/como-trabajar-en-bimbo\/\" target=\"_blank\" rel=\"noopener noreferrer\"><strong>sector de la elaboraci\u00f3n de alimentos<\/strong><\/a> con base c\u00e1rnica en nuestro pa\u00eds. Est\u00e1 firmemente <strong>comprometida con sus consumidores y clientes<\/strong> ya que apuesta siempre por la innovaci\u00f3n y las \u00faltimas tecnolog\u00edas.<\/p>\n<div class=\"flex-shrink-0 flex flex-col relative items-end\">\n<div>\n<div id=\"attachment_35685\" style=\"width: 600px\" class=\"wp-caption alignnone\"><a href=\"https:\/\/www.oficinaempleo.com\/blog\/wp-content\/uploads\/2022\/07\/Como-trabajar-en-El-Pozo-Adobe-Stock.jpg\"><img loading=\"lazy\" decoding=\"async\" aria-describedby=\"caption-attachment-35685\" class=\"size-full wp-image-35685\" src=\"https:\/\/www.oficinaempleo.com\/blog\/wp-content\/uploads\/2022\/07\/Como-trabajar-en-El-Pozo-Adobe-Stock.jpg\" alt=\"C\u00f3mo trabajar en El Pozo (Adobe Stock)\" width=\"590\" height=\"315\" srcset=\"https:\/\/www.oficinaempleo.com\/blog\/wp-content\/uploads\/2022\/07\/Como-trabajar-en-El-Pozo-Adobe-Stock.jpg 590w, https:\/\/www.oficinaempleo.com\/blog\/wp-content\/uploads\/2022\/07\/Como-trabajar-en-El-Pozo-Adobe-Stock-300x160.jpg 300w\" sizes=\"auto, (max-width: 590px) 100vw, 590px\" \/><\/a><p id=\"caption-attachment-35685\" class=\"wp-caption-text\">C\u00f3mo trabajar en El Pozo (Adobe Stock)<\/p><\/div>\n<\/div>\n<div>\n<div class=\"pt-0\">\n<div class=\"gizmo-bot-avatar flex h-8 w-8 items-center justify-center overflow-hidden rounded-full\">\n<div class=\"relative p-1 rounded-sm flex items-center justify-center bg-token-main-surface-primary text-token-text-primary h-8 w-8\"><strong>El Pozo Alimentaci\u00f3n<\/strong> puede permitirse el privilegio de responder siempre a las necesidades de los consumidores, ofreci\u00e9ndoles alimentos que cumplen con sus expectativas gracias a un Control Integral de Proceso (CIP).<\/div>\n<\/div>\n<\/div>\n<\/div>\n<\/div>\n<div class=\"group\/conversation-turn relative flex w-full min-w-0 flex-col agent-turn\">\n<div class=\"flex-col gap-1 md:gap-3\">\n<div class=\"flex max-w-full flex-col flex-grow\">\n<div class=\"min-h-8 text-message flex w-full flex-col items-end gap-2 whitespace-normal break-words text-start [.text-message+&amp;]:mt-5\" dir=\"auto\" data-message-author-role=\"assistant\" data-message-id=\"f7276b61-7f38-4f1a-b8d1-28c3e923a008\" data-message-model-slug=\"gpt-4o-mini\">\n<div class=\"flex w-full flex-col gap-1 empty:hidden first:pt-[3px]\">\n<div class=\"markdown prose w-full break-words dark:prose-invert light\">\n<p><strong>La plantilla de El Pozo Alimentaci\u00f3n<\/strong> ha experimentado un crecimiento significativo en los \u00faltimos a\u00f1os. En 2012, superaba los 3.400 trabajadores, y para 2023, la plantilla alcanz\u00f3 los 5.500 empleados. En <strong>2024<\/strong>, <a href=\"https:\/\/www.oficinaempleo.com\/blog\/diferencias-trabajar-una-empresa-pequena-una-grande\/\"><strong>la empresa<\/strong><\/a> lleg\u00f3 a contar con m\u00e1s de <strong>5.800 trabajadores<\/strong>. La empresa est\u00e1 presente en numerosos pa\u00edses y contin\u00faa en pleno proceso de expansi\u00f3n, incorporando personal en las siguientes \u00e1reas de actividad:<\/p>\n<ul>\n<li>F\u00e1bricas o centros de producci\u00f3n<\/li>\n<li>Oficinas centrales<\/li>\n<li>Centros de distribuci\u00f3n\/almacenes<\/li>\n<\/ul>\n<p>El Pozo Alimentaci\u00f3n lleva m\u00e1s de 70 a\u00f1os ofreciendo a millones de consumidores una amplia gama de productos saludables, placenteros y f\u00e1ciles de consumir. A la hora de incorporar nuevos trabajadores, El Pozo apuesta por el conocimiento, el talento y <strong>exige una serie de requisitos m\u00ednimos<\/strong> como:<\/p>\n<ul>\n<li>Competencias espec\u00edficas para el puesto a desarrollar<\/li>\n<li>Compromiso con la marca<\/li>\n<li>Capacidad de trabajo en equipo<\/li>\n<li>Iniciativa propia y capacidad para aportar novedades a la compa\u00f1\u00eda<\/li>\n<\/ul>\n<h2>\u00bfC\u00f3mo enviar el curr\u00edculum a El Pozo?<\/h2>\n<p>Si est\u00e1s interesado en trabajar en El Pozo Alimentaci\u00f3n, puedes<a href=\"https:\/\/jobs.grupofuertes.com\/\" target=\"_blank\" rel=\"noopener\"><strong> registrarte en su p\u00e1gina web oficial<\/strong><\/a> y dejar tus datos para formar parte de sus <strong>procesos de selecci\u00f3n<\/strong>. Adem\u00e1s, en Oficina Empleo contamos con cientos de procesos de selecci\u00f3n para trabajar en producci\u00f3n y otros sectores. Si lo deseas, tambi\u00e9n puedes consultar en nuestro blog c\u00f3mo trabajar en otras empresas del sector.<\/p>\n<\/div>\n<\/div>\n<\/div>\n<\/div>\n<\/div>\n<\/div>\n<p>Si est\u00e1s buscando trabajo en <a href=\"https:\/\/www.oficinaempleo.com\/\" target=\"_blank\" rel=\"noopener\">Oficina Empleo<\/a> tenemos miles de ofertas como <a href=\"https:\/\/www.oficinaempleo.com\/trabajar-en\/marketing-publicidad-25\" target=\"_blank\" rel=\"noopener\">trabajo en Marketing y Publicidad\u00a0<\/a>\u00a0o si lo prefieres <a href=\"https:\/\/www.oficinaempleo.com\/trabajos-en\/sevilla\/hosteleria-turismo-17\/camarero-1702\" target=\"_blank\" rel=\"noopener\">trabajos de camarero en Sevilla<\/a>, Madrid y ciento de destinos \u00a0m\u00e1s.<\/p>\n<div><strong>Encuentra trabajo en tu provincia:<\/strong><\/div>\n<div>\n<ul>\n<li><a href=\"https:\/\/www.oficinaempleo.com\/ofertas-empleo-en\/madrid\" rel=\"noopener noreferrer\" data-saferedirecturl=\"https:\/\/jobs.oficinaempleo.com\/registro?origen=ORG-web&utm_source=OE&utm_medium=boton_registro&utm_content=homepage&utm_campaign=organic\" target=\"_blank\">Empleo en Madrid<\/a><\/li>\n<li><a href=\"https:\/\/www.oficinaempleo.com\/ofertas-empleo-en\/barcelona\" rel=\"noopener noreferrer\" data-saferedirecturl=\"https:\/\/jobs.oficinaempleo.com\/registro?origen=ORG-web&utm_source=OE&utm_medium=boton_registro&utm_content=homepage&utm_campaign=organic\" target=\"_blank\">Empleo en Barcelona<\/a><\/li>\n<li><a href=\"https:\/\/www.oficinaempleo.com\/ofertas-empleo-en\/alicante\" rel=\"noopener noreferrer\" data-saferedirecturl=\"https:\/\/jobs.oficinaempleo.com\/registro?origen=ORG-web&utm_source=OE&utm_medium=boton_registro&utm_content=homepage&utm_campaign=organic\" target=\"_blank\">Empleo en Alicante<\/a><\/li>\n<li><a href=\"https:\/\/www.oficinaempleo.com\/ofertas-empleo-en\/santa-cruz-de-tenerife\" rel=\"noopener noreferrer\" data-saferedirecturl=\"https:\/\/jobs.oficinaempleo.com\/registro?origen=ORG-web&utm_source=OE&utm_medium=boton_registro&utm_content=homepage&utm_campaign=organic\" target=\"_blank\">Empleo en Santa Cruz de Tenerife<\/a><\/li>\n<li><a href=\"https:\/\/www.oficinaempleo.com\/ofertas-empleo-en\/sevilla\" rel=\"noopener noreferrer\" data-saferedirecturl=\"https:\/\/jobs.oficinaempleo.com\/registro?origen=ORG-web&utm_source=OE&utm_medium=boton_registro&utm_content=homepage&utm_campaign=organic\" target=\"_blank\">Empleo en Sevilla<\/a><\/li>\n<\/ul>\n<\/div>\n<div><\/div>\n<p style=\"text-align: justify;\"><div class=\"su-button-center\"><a href=\"https:\/\/jobs.oficinaempleo.com\/registro?origen=ORG-web&#038;utm_source=OE&#038;utm_medium=boton_registro&#038;utm_content=homepage&#038;utm_campaign=organic\" class=\"su-button su-button-style-flat\" style=\"color:#FFFFFF;background-color:#ec7d0c;border-color:#bd640a;border-radius:10px\" target=\"__blank\"><span style=\"color:#FFFFFF;padding:8px 26px;font-size:20px;line-height:30px;border-color:#f2a455;border-radius:10px;text-shadow:none\"><i class=\"sui sui-arrow-circle-right\" style=\"font-size:20px;color:#FFFFFF\"><\/i> Reg\u00edstrate gratis en OficinaEmpleo<\/span><\/a><\/div><div class=\"su-spacer\" style=\"height:30px\"><\/div>\n","protected":false},"excerpt":{"rendered":"<p>Si est\u00e1s interesado en optar como candidato a un puesto de trabajo en esta gran compa\u00f1\u00eda, entra y ent\u00e9rate como puedes registrarte.<\/p>\n","protected":false},"author":2,"featured_media":10574,"comment_status":"open","ping_status":"open","sticky":false,"template":"","format":"standard","meta":{"footnotes":""},"categories":[1441,3],"tags":[],"class_list":["post-10563","post","type-post","status-publish","format-standard","has-post-thumbnail","hentry","category-empresas","category-noticias-empleo","cat-1441-id","cat-3-id","has_thumb"],"yoast_head":"<!-- This site is optimized with the Yoast SEO plugin v27.1.1 - https:\/\/yoast.com\/product\/yoast-seo-wordpress\/ -->\n<title>C\u00f3mo trabajar en El Pozo - Oficina Empleo<\/title>\n<meta name=\"description\" content=\"Conoce c\u00f3mo formar parte de El Pozo Alimentaci\u00f3n, una empresa que apuesta por el talento y la innovaci\u00f3n. \u00a1Env\u00eda tu CV hoy mismo!\" \/>\n<meta name=\"robots\" content=\"index, follow, max-snippet:-1, max-image-preview:large, max-video-preview:-1\" \/>\n<link rel=\"canonical\" href=\"https:\/\/www.oficinaempleo.com\/blog\/como-trabajar-en-el-pozo\/\" \/>\n<meta property=\"og:locale\" content=\"es_ES\" \/>\n<meta property=\"og:type\" content=\"article\" \/>\n<meta property=\"og:title\" content=\"C\u00f3mo trabajar en El Pozo - Oficina Empleo\" \/>\n<meta property=\"og:description\" content=\"Conoce c\u00f3mo formar parte de El Pozo Alimentaci\u00f3n, una empresa que apuesta por el talento y la innovaci\u00f3n. \u00a1Env\u00eda tu CV hoy mismo!\" \/>\n<meta property=\"og:url\" content=\"https:\/\/www.oficinaempleo.com\/blog\/como-trabajar-en-el-pozo\/\" \/>\n<meta property=\"og:site_name\" content=\"Noticias y consejos de empleo | Blog OficinaEmpleo\" \/>\n<meta property=\"article:author\" content=\"https:\/\/www.facebook.com\/OficinaEmpleo\" \/>\n<meta property=\"article:published_time\" content=\"2025-01-17T08:00:28+00:00\" \/>\n<meta property=\"article:modified_time\" content=\"2025-05-16T07:30:12+00:00\" \/>\n<meta property=\"og:image\" content=\"https:\/\/www.oficinaempleo.com\/blog\/wp-content\/uploads\/2016\/02\/el-pozo-BLOG.jpg\" \/>\n\t<meta property=\"og:image:width\" content=\"600\" \/>\n\t<meta property=\"og:image:height\" content=\"310\" \/>\n\t<meta property=\"og:image:type\" content=\"image\/jpeg\" \/>\n<meta name=\"author\" content=\"OficinaEmpleo\" \/>\n<meta name=\"twitter:card\" content=\"summary_large_image\" \/>\n<meta name=\"twitter:creator\" content=\"@OficinaEmpleo\" \/>\n<meta name=\"twitter:site\" content=\"@OficinaEmpleo\" \/>\n<meta name=\"twitter:label1\" content=\"Written by\" \/>\n\t<meta name=\"twitter:data1\" content=\"OficinaEmpleo\" \/>\n\t<meta name=\"twitter:label2\" content=\"Est. reading time\" \/>\n\t<meta name=\"twitter:data2\" content=\"3 minutos\" \/>\n<script type=\"application\/ld+json\" class=\"yoast-schema-graph\">{\"@context\":\"https:\/\/schema.org\",\"@graph\":[{\"@type\":\"Article\",\"@id\":\"https:\/\/www.oficinaempleo.com\/blog\/como-trabajar-en-el-pozo\/#article\",\"isPartOf\":{\"@id\":\"https:\/\/www.oficinaempleo.com\/blog\/como-trabajar-en-el-pozo\/\"},\"author\":{\"name\":\"OficinaEmpleo\",\"@id\":\"https:\/\/www.oficinaempleo.com\/blog\/#\/schema\/person\/a7f3437f35bd6bd9ad19addae529a114\"},\"headline\":\"C\u00f3mo trabajar en El Pozo\",\"datePublished\":\"2025-01-17T08:00:28+00:00\",\"dateModified\":\"2025-05-16T07:30:12+00:00\",\"mainEntityOfPage\":{\"@id\":\"https:\/\/www.oficinaempleo.com\/blog\/como-trabajar-en-el-pozo\/\"},\"wordCount\":427,\"commentCount\":327,\"publisher\":{\"@id\":\"https:\/\/www.oficinaempleo.com\/blog\/#organization\"},\"image\":{\"@id\":\"https:\/\/www.oficinaempleo.com\/blog\/como-trabajar-en-el-pozo\/#primaryimage\"},\"thumbnailUrl\":\"https:\/\/www.oficinaempleo.com\/blog\/wp-content\/uploads\/2016\/02\/el-pozo-BLOG.jpg\",\"articleSection\":[\"Empresas\",\"Noticias Empleo\"],\"inLanguage\":\"es\",\"potentialAction\":[{\"@type\":\"CommentAction\",\"name\":\"Comment\",\"target\":[\"https:\/\/www.oficinaempleo.com\/blog\/como-trabajar-en-el-pozo\/#respond\"]}]},{\"@type\":\"WebPage\",\"@id\":\"https:\/\/www.oficinaempleo.com\/blog\/como-trabajar-en-el-pozo\/\",\"url\":\"https:\/\/www.oficinaempleo.com\/blog\/como-trabajar-en-el-pozo\/\",\"name\":\"C\u00f3mo trabajar en El Pozo - Oficina Empleo\",\"isPartOf\":{\"@id\":\"https:\/\/www.oficinaempleo.com\/blog\/#website\"},\"primaryImageOfPage\":{\"@id\":\"https:\/\/www.oficinaempleo.com\/blog\/como-trabajar-en-el-pozo\/#primaryimage\"},\"image\":{\"@id\":\"https:\/\/www.oficinaempleo.com\/blog\/como-trabajar-en-el-pozo\/#primaryimage\"},\"thumbnailUrl\":\"https:\/\/www.oficinaempleo.com\/blog\/wp-content\/uploads\/2016\/02\/el-pozo-BLOG.jpg\",\"datePublished\":\"2025-01-17T08:00:28+00:00\",\"dateModified\":\"2025-05-16T07:30:12+00:00\",\"description\":\"Conoce c\u00f3mo formar parte de El Pozo Alimentaci\u00f3n, una empresa que apuesta por el talento y la innovaci\u00f3n. \u00a1Env\u00eda tu CV hoy mismo!\",\"breadcrumb\":{\"@id\":\"https:\/\/www.oficinaempleo.com\/blog\/como-trabajar-en-el-pozo\/#breadcrumb\"},\"inLanguage\":\"es\",\"potentialAction\":[{\"@type\":\"ReadAction\",\"target\":[\"https:\/\/www.oficinaempleo.com\/blog\/como-trabajar-en-el-pozo\/\"]}]},{\"@type\":\"ImageObject\",\"inLanguage\":\"es\",\"@id\":\"https:\/\/www.oficinaempleo.com\/blog\/como-trabajar-en-el-pozo\/#primaryimage\",\"url\":\"https:\/\/www.oficinaempleo.com\/blog\/wp-content\/uploads\/2016\/02\/el-pozo-BLOG.jpg\",\"contentUrl\":\"https:\/\/www.oficinaempleo.com\/blog\/wp-content\/uploads\/2016\/02\/el-pozo-BLOG.jpg\",\"width\":600,\"height\":310},{\"@type\":\"BreadcrumbList\",\"@id\":\"https:\/\/www.oficinaempleo.com\/blog\/como-trabajar-en-el-pozo\/#breadcrumb\",\"itemListElement\":[{\"@type\":\"ListItem\",\"position\":1,\"name\":\"Home\",\"item\":\"https:\/\/www.oficinaempleo.com\/blog\/\"},{\"@type\":\"ListItem\",\"position\":2,\"name\":\"C\u00f3mo trabajar en El Pozo\"}]},{\"@type\":\"WebSite\",\"@id\":\"https:\/\/www.oficinaempleo.com\/blog\/#website\",\"url\":\"https:\/\/www.oficinaempleo.com\/blog\/\",\"name\":\"Noticias y Consejos de Empleo | Blog OficinaEmpleo\",\"description\":\"\",\"publisher\":{\"@id\":\"https:\/\/www.oficinaempleo.com\/blog\/#organization\"},\"potentialAction\":[{\"@type\":\"SearchAction\",\"target\":{\"@type\":\"EntryPoint\",\"urlTemplate\":\"https:\/\/www.oficinaempleo.com\/blog\/?s={search_term_string}\"},\"query-input\":{\"@type\":\"PropertyValueSpecification\",\"valueRequired\":true,\"valueName\":\"search_term_string\"}}],\"inLanguage\":\"es\"},{\"@type\":\"Organization\",\"@id\":\"https:\/\/www.oficinaempleo.com\/blog\/#organization\",\"name\":\"OficinaEmpleo\",\"url\":\"https:\/\/www.oficinaempleo.com\/blog\/\",\"logo\":{\"@type\":\"ImageObject\",\"inLanguage\":\"es\",\"@id\":\"https:\/\/www.oficinaempleo.com\/blog\/#\/schema\/logo\/image\/\",\"url\":\"https:\/\/www.oficinaempleo.com\/blog\/wp-content\/uploads\/2018\/10\/logo_footer-1.jpg\",\"contentUrl\":\"https:\/\/www.oficinaempleo.com\/blog\/wp-content\/uploads\/2018\/10\/logo_footer-1.jpg\",\"width\":478,\"height\":57,\"caption\":\"OficinaEmpleo\"},\"image\":{\"@id\":\"https:\/\/www.oficinaempleo.com\/blog\/#\/schema\/logo\/image\/\"},\"sameAs\":[\"https:\/\/x.com\/OficinaEmpleo\"]},{\"@type\":\"Person\",\"@id\":\"https:\/\/www.oficinaempleo.com\/blog\/#\/schema\/person\/a7f3437f35bd6bd9ad19addae529a114\",\"name\":\"OficinaEmpleo\",\"image\":{\"@type\":\"ImageObject\",\"inLanguage\":\"es\",\"@id\":\"https:\/\/www.oficinaempleo.com\/blog\/#\/schema\/person\/image\/\",\"url\":\"https:\/\/secure.gravatar.com\/avatar\/ea822afb14d7439ba3051d652cf8f548fe540f184ce16a2135fc22c9337bd72e?s=96&d=mm&r=g\",\"contentUrl\":\"https:\/\/secure.gravatar.com\/avatar\/ea822afb14d7439ba3051d652cf8f548fe540f184ce16a2135fc22c9337bd72e?s=96&d=mm&r=g\",\"caption\":\"OficinaEmpleo\"},\"description\":\"En OficinaEmpleo queremos ayudarte a conseguir trabajo. Por eso, adem\u00e1s de ofrecerte ofertas de empleo en nuestro portal, te ense\u00f1amos las novedades del sector, y consejos para mejorar tu perfil.\",\"sameAs\":[\"http:\/\/www.oficinaempleo.com\/\",\"https:\/\/www.facebook.com\/OficinaEmpleo\",\"https:\/\/x.com\/OficinaEmpleo\"],\"url\":\"https:\/\/www.oficinaempleo.com\/blog\/author\/empleo\/\"}]}<\/script>\n<!-- \/ Yoast SEO plugin. -->","yoast_head_json":{"title":"C\u00f3mo trabajar en El Pozo - Oficina Empleo","description":"Conoce c\u00f3mo formar parte de El Pozo Alimentaci\u00f3n, una empresa que apuesta por el talento y la innovaci\u00f3n. \u00a1Env\u00eda tu CV hoy mismo!","robots":{"index":"index","follow":"follow","max-snippet":"max-snippet:-1","max-image-preview":"max-image-preview:large","max-video-preview":"max-video-preview:-1"},"canonical":"https:\/\/www.oficinaempleo.com\/blog\/como-trabajar-en-el-pozo\/","og_locale":"es_ES","og_type":"article","og_title":"C\u00f3mo trabajar en El Pozo - Oficina Empleo","og_description":"Conoce c\u00f3mo formar parte de El Pozo Alimentaci\u00f3n, una empresa que apuesta por el talento y la innovaci\u00f3n. \u00a1Env\u00eda tu CV hoy mismo!","og_url":"https:\/\/www.oficinaempleo.com\/blog\/como-trabajar-en-el-pozo\/","og_site_name":"Noticias y consejos de empleo | Blog OficinaEmpleo","article_author":"https:\/\/www.facebook.com\/OficinaEmpleo","article_published_time":"2025-01-17T08:00:28+00:00","article_modified_time":"2025-05-16T07:30:12+00:00","og_image":[{"width":600,"height":310,"url":"https:\/\/www.oficinaempleo.com\/blog\/wp-content\/uploads\/2016\/02\/el-pozo-BLOG.jpg","type":"image\/jpeg"}],"author":"OficinaEmpleo","twitter_card":"summary_large_image","twitter_creator":"@OficinaEmpleo","twitter_site":"@OficinaEmpleo","twitter_misc":{"Written by":"OficinaEmpleo","Est. reading time":"3 minutos"},"schema":{"@context":"https:\/\/schema.org","@graph":[{"@type":"Article","@id":"https:\/\/www.oficinaempleo.com\/blog\/como-trabajar-en-el-pozo\/#article","isPartOf":{"@id":"https:\/\/www.oficinaempleo.com\/blog\/como-trabajar-en-el-pozo\/"},"author":{"name":"OficinaEmpleo","@id":"https:\/\/www.oficinaempleo.com\/blog\/#\/schema\/person\/a7f3437f35bd6bd9ad19addae529a114"},"headline":"C\u00f3mo trabajar en El Pozo","datePublished":"2025-01-17T08:00:28+00:00","dateModified":"2025-05-16T07:30:12+00:00","mainEntityOfPage":{"@id":"https:\/\/www.oficinaempleo.com\/blog\/como-trabajar-en-el-pozo\/"},"wordCount":427,"commentCount":327,"publisher":{"@id":"https:\/\/www.oficinaempleo.com\/blog\/#organization"},"image":{"@id":"https:\/\/www.oficinaempleo.com\/blog\/como-trabajar-en-el-pozo\/#primaryimage"},"thumbnailUrl":"https:\/\/www.oficinaempleo.com\/blog\/wp-content\/uploads\/2016\/02\/el-pozo-BLOG.jpg","articleSection":["Empresas","Noticias Empleo"],"inLanguage":"es","potentialAction":[{"@type":"CommentAction","name":"Comment","target":["https:\/\/www.oficinaempleo.com\/blog\/como-trabajar-en-el-pozo\/#respond"]}]},{"@type":"WebPage","@id":"https:\/\/www.oficinaempleo.com\/blog\/como-trabajar-en-el-pozo\/","url":"https:\/\/www.oficinaempleo.com\/blog\/como-trabajar-en-el-pozo\/","name":"C\u00f3mo trabajar en El Pozo - Oficina Empleo","isPartOf":{"@id":"https:\/\/www.oficinaempleo.com\/blog\/#website"},"primaryImageOfPage":{"@id":"https:\/\/www.oficinaempleo.com\/blog\/como-trabajar-en-el-pozo\/#primaryimage"},"image":{"@id":"https:\/\/www.oficinaempleo.com\/blog\/como-trabajar-en-el-pozo\/#primaryimage"},"thumbnailUrl":"https:\/\/www.oficinaempleo.com\/blog\/wp-content\/uploads\/2016\/02\/el-pozo-BLOG.jpg","datePublished":"2025-01-17T08:00:28+00:00","dateModified":"2025-05-16T07:30:12+00:00","description":"Conoce c\u00f3mo formar parte de El Pozo Alimentaci\u00f3n, una empresa que apuesta por el talento y la innovaci\u00f3n. \u00a1Env\u00eda tu CV hoy mismo!","breadcrumb":{"@id":"https:\/\/www.oficinaempleo.com\/blog\/como-trabajar-en-el-pozo\/#breadcrumb"},"inLanguage":"es","potentialAction":[{"@type":"ReadAction","target":["https:\/\/www.oficinaempleo.com\/blog\/como-trabajar-en-el-pozo\/"]}]},{"@type":"ImageObject","inLanguage":"es","@id":"https:\/\/www.oficinaempleo.com\/blog\/como-trabajar-en-el-pozo\/#primaryimage","url":"https:\/\/www.oficinaempleo.com\/blog\/wp-content\/uploads\/2016\/02\/el-pozo-BLOG.jpg","contentUrl":"https:\/\/www.oficinaempleo.com\/blog\/wp-content\/uploads\/2016\/02\/el-pozo-BLOG.jpg","width":600,"height":310},{"@type":"BreadcrumbList","@id":"https:\/\/www.oficinaempleo.com\/blog\/como-trabajar-en-el-pozo\/#breadcrumb","itemListElement":[{"@type":"ListItem","position":1,"name":"Home","item":"https:\/\/www.oficinaempleo.com\/blog\/"},{"@type":"ListItem","position":2,"name":"C\u00f3mo trabajar en El Pozo"}]},{"@type":"WebSite","@id":"https:\/\/www.oficinaempleo.com\/blog\/#website","url":"https:\/\/www.oficinaempleo.com\/blog\/","name":"Noticias y Consejos de Empleo | Blog OficinaEmpleo","description":"","publisher":{"@id":"https:\/\/www.oficinaempleo.com\/blog\/#organization"},"potentialAction":[{"@type":"SearchAction","target":{"@type":"EntryPoint","urlTemplate":"https:\/\/www.oficinaempleo.com\/blog\/?s={search_term_string}"},"query-input":{"@type":"PropertyValueSpecification","valueRequired":true,"valueName":"search_term_string"}}],"inLanguage":"es"},{"@type":"Organization","@id":"https:\/\/www.oficinaempleo.com\/blog\/#organization","name":"OficinaEmpleo","url":"https:\/\/www.oficinaempleo.com\/blog\/","logo":{"@type":"ImageObject","inLanguage":"es","@id":"https:\/\/www.oficinaempleo.com\/blog\/#\/schema\/logo\/image\/","url":"https:\/\/www.oficinaempleo.com\/blog\/wp-content\/uploads\/2018\/10\/logo_footer-1.jpg","contentUrl":"https:\/\/www.oficinaempleo.com\/blog\/wp-content\/uploads\/2018\/10\/logo_footer-1.jpg","width":478,"height":57,"caption":"OficinaEmpleo"},"image":{"@id":"https:\/\/www.oficinaempleo.com\/blog\/#\/schema\/logo\/image\/"},"sameAs":["https:\/\/x.com\/OficinaEmpleo"]},{"@type":"Person","@id":"https:\/\/www.oficinaempleo.com\/blog\/#\/schema\/person\/a7f3437f35bd6bd9ad19addae529a114","name":"OficinaEmpleo","image":{"@type":"ImageObject","inLanguage":"es","@id":"https:\/\/www.oficinaempleo.com\/blog\/#\/schema\/person\/image\/","url":"https:\/\/secure.gravatar.com\/avatar\/ea822afb14d7439ba3051d652cf8f548fe540f184ce16a2135fc22c9337bd72e?s=96&d=mm&r=g","contentUrl":"https:\/\/secure.gravatar.com\/avatar\/ea822afb14d7439ba3051d652cf8f548fe540f184ce16a2135fc22c9337bd72e?s=96&d=mm&r=g","caption":"OficinaEmpleo"},"description":"En OficinaEmpleo queremos ayudarte a conseguir trabajo. Por eso, adem\u00e1s de ofrecerte ofertas de empleo en nuestro portal, te ense\u00f1amos las novedades del sector, y consejos para mejorar tu perfil.","sameAs":["http:\/\/www.oficinaempleo.com\/","https:\/\/www.facebook.com\/OficinaEmpleo","https:\/\/x.com\/OficinaEmpleo"],"url":"https:\/\/www.oficinaempleo.com\/blog\/author\/empleo\/"}]}},"_links":{"self":[{"href":"https:\/\/www.oficinaempleo.com\/blog\/wp-json\/wp\/v2\/posts\/10563","targetHints":{"allow":["GET"]}}],"collection":[{"href":"https:\/\/www.oficinaempleo.com\/blog\/wp-json\/wp\/v2\/posts"}],"about":[{"href":"https:\/\/www.oficinaempleo.com\/blog\/wp-json\/wp\/v2\/types\/post"}],"author":[{"embeddable":true,"href":"https:\/\/www.oficinaempleo.com\/blog\/wp-json\/wp\/v2\/users\/2"}],"replies":[{"embeddable":true,"href":"https:\/\/www.oficinaempleo.com\/blog\/wp-json\/wp\/v2\/comments?post=10563"}],"version-history":[{"count":5,"href":"https:\/\/www.oficinaempleo.com\/blog\/wp-json\/wp\/v2\/posts\/10563\/revisions"}],"predecessor-version":[{"id":35686,"href":"https:\/\/www.oficinaempleo.com\/blog\/wp-json\/wp\/v2\/posts\/10563\/revisions\/35686"}],"wp:featuredmedia":[{"embeddable":true,"href":"https:\/\/www.oficinaempleo.com\/blog\/wp-json\/wp\/v2\/media\/10574"}],"wp:attachment":[{"href":"https:\/\/www.oficinaempleo.com\/blog\/wp-json\/wp\/v2\/media?parent=10563"}],"wp:term":[{"taxonomy":"category","embeddable":true,"href":"https:\/\/www.oficinaempleo.com\/blog\/wp-json\/wp\/v2\/categories?post=10563"},{"taxonomy":"post_tag","embeddable":true,"href":"https:\/\/www.oficinaempleo.com\/blog\/wp-json\/wp\/v2\/tags?post=10563"}],"curies":[{"name":"wp","href":"https:\/\/api.w.org\/{rel}","templated":true}]}}