{"id":10751,"date":"2016-02-19T15:10:20","date_gmt":"2016-02-19T13:10:20","guid":{"rendered":"http:\/\/www.oficinaempleo.com\/blog\/?p=10751"},"modified":"2016-02-19T15:50:26","modified_gmt":"2016-02-19T13:50:26","slug":"perfil-profesional-de-una-secretaria","status":"publish","type":"post","link":"https:\/\/www.oficinaempleo.com\/blog\/perfil-profesional-de-una-secretaria\/","title":{"rendered":"Perfil profesional de una secretaria"},"content":{"rendered":"<p style=\"text-align: justify;\"><div class=\"su-button-center\"><a href=\"https:\/\/jobs.oficinaempleo.com\/registro?origen=ORG-web&#038;utm_source=OE&#038;utm_medium=boton_registro&#038;utm_content=homepage&#038;utm_campaign=organic\" class=\"su-button su-button-style-flat\" style=\"color:#FFFFFF;background-color:#ec7d0c;border-color:#bd640a;border-radius:10px\" target=\"__blank\"><span style=\"color:#FFFFFF;padding:8px 26px;font-size:20px;line-height:30px;border-color:#f2a455;border-radius:10px;text-shadow:none\"><i class=\"sui sui-arrow-circle-right\" style=\"font-size:20px;color:#FFFFFF\"><\/i> Reg\u00edstrate gratis en OficinaEmpleo<\/span><\/a><\/div><div class=\"su-spacer\" style=\"height:30px\"><\/div>\n<p style=\"text-align: justify;\">La imagen de la secretaria que se ten\u00eda antiguamente,  limitada a una mujer que s\u00f3lo se encargaba de llevar el caf\u00e9 a su superior y de filtrar las llamadas de tel\u00e9fono,  hace tiempo que cambi\u00f3, afortunadamente.<\/p>\n<p style=\"text-align: justify;\">A\u00fan faltan muchas cosas que cambiar en la mentalidad de todos, empezando por algunos empresarios que \u00fanicamente se fijan en el aspecto f\u00edsico de una mujer para contratarla como secretaria, pero el puesto de <strong>auxiliar administrativo<\/strong> es ahora un trabajo con m\u00e1s reconocimiento y, al mismo tiempo, con una mayor exigencia profesional.<\/p>\n<p style=\"text-align: justify;\">Entre las cualidades y capacidades que debe reunir el <strong>perfil profesional de secretaria o de auxiliar administrativo<\/strong> figuran las siguientes:<\/p>\n<ul style=\"text-align: justify;\">\n<li>Empat\u00eda y don de gentes<\/li>\n<li>Ser capaz de resolver problemas en poco tiempo<\/li>\n<li>Ser la mano derecha de su superior y llevar su agenda<\/li>\n<li>Capacidad de autogesti\u00f3n y de cumplir con varias tareas de forma simult\u00e1nea<\/li>\n<li>Priorizar las tareas importantes sin dejar de lado las secundarias<\/li>\n<li>Gesti\u00f3n entre departamentos<\/li>\n<li>Atenci\u00f3n telef\u00f3nica<\/li>\n<li>Organizaci\u00f3n log\u00edstica<\/li>\n<li>Conocimientos de ofim\u00e1tica<\/li>\n<li>Correcta redacci\u00f3n y ortograf\u00eda<\/li>\n<li>Tramitaci\u00f3n y archivo de documentos<\/li>\n<li><a href=\"http:\/\/www.oficinaempleo.com\/blog\/10-palabros-sobre-empleo-que-no-sabemos-que-significan\/\" >Proactividad<\/a> (tener iniciativa)<\/li>\n<\/ul>\n<p style=\"text-align: justify;\">Adem\u00e1s de haber completado una buena <strong>formaci\u00f3n para el puesto de secretaria o de auxiliar administrativo<\/strong>, tambi\u00e9n es cada vez m\u00e1s importante tener un buen nivel de <strong>ingl\u00e9s<\/strong>, especialmente si el puesto requiere el trato, ya sea por tel\u00e9fono o por escrito, con clientes o proveedores extranjeros.<\/p>\n<p style=\"text-align: justify;\">La parte negativa, como sucede con tantos otros perfiles profesionales, es que las empresas cada vez piden m\u00e1s requisitos y esfuerzo y ofrecen menos dinero. Ojal\u00e1 que eso, igual que la antigua imagen que se ten\u00eda del trabajo de una secretaria, tambi\u00e9n cambie a mejor\u2026<\/p>\n<div class=\"su-button-center\"><a href=\"https:\/\/jobs.oficinaempleo.com\/registro?origen=ORG-web&#038;utm_source=OE&#038;utm_medium=boton_registro&#038;utm_content=homepage&#038;utm_campaign=organic\" class=\"su-button su-button-style-flat\" style=\"color:#FFFFFF;background-color:#ec7d0c;border-color:#bd640a;border-radius:10px\" target=\"__blank\"><span style=\"color:#FFFFFF;padding:8px 26px;font-size:20px;line-height:30px;border-color:#f2a455;border-radius:10px;text-shadow:none\"><i class=\"sui sui-arrow-circle-right\" style=\"font-size:20px;color:#FFFFFF\"><\/i> Reg\u00edstrate gratis en OficinaEmpleo<\/span><\/a><\/div><div class=\"su-spacer\" style=\"height:30px\"><\/div>\n","protected":false},"excerpt":{"rendered":"<p>\u00bfQu\u00e9 cualidades debe reunir una secretaria o auxiliar administrativo?<\/p>\n","protected":false},"author":2,"featured_media":10753,"comment_status":"open","ping_status":"open","sticky":false,"template":"","format":"standard","meta":{"footnotes":""},"categories":[691,9,17,11],"tags":[],"class_list":["post-10751","post","type-post","status-publish","format-standard","has-post-thumbnail","hentry","category-actualidad-empleo","category-administracion","category-profesiones","category-recursos-humanos","cat-691-id","cat-9-id","cat-17-id","cat-11-id","has_thumb"],"yoast_head":"<!-- This site is optimized with the Yoast SEO plugin v27.1.1 - https:\/\/yoast.com\/product\/yoast-seo-wordpress\/ -->\n<title>Perfil profesional de una secretaria - Blog OficinaEmpleo<\/title>\n<meta name=\"robots\" content=\"index, follow, max-snippet:-1, max-image-preview:large, max-video-preview:-1\" \/>\n<link rel=\"canonical\" href=\"https:\/\/www.oficinaempleo.com\/blog\/perfil-profesional-de-una-secretaria\/\" \/>\n<meta property=\"og:locale\" content=\"es_ES\" \/>\n<meta property=\"og:type\" content=\"article\" \/>\n<meta property=\"og:title\" content=\"Perfil profesional de una secretaria - Blog OficinaEmpleo\" \/>\n<meta property=\"og:description\" content=\"\u00bfQu\u00e9 cualidades debe reunir una secretaria o auxiliar administrativo?\" \/>\n<meta property=\"og:url\" content=\"https:\/\/www.oficinaempleo.com\/blog\/perfil-profesional-de-una-secretaria\/\" \/>\n<meta property=\"og:site_name\" content=\"Noticias y consejos de empleo | Blog OficinaEmpleo\" \/>\n<meta property=\"article:author\" content=\"https:\/\/www.facebook.com\/OficinaEmpleo\" \/>\n<meta property=\"article:published_time\" content=\"2016-02-19T13:10:20+00:00\" \/>\n<meta property=\"article:modified_time\" content=\"2016-02-19T13:50:26+00:00\" \/>\n<meta property=\"og:image\" content=\"https:\/\/www.oficinaempleo.com\/blog\/wp-content\/uploads\/2016\/02\/secretaria-perfil.jpg\" \/>\n\t<meta property=\"og:image:width\" content=\"590\" \/>\n\t<meta property=\"og:image:height\" content=\"315\" \/>\n\t<meta property=\"og:image:type\" content=\"image\/jpeg\" \/>\n<meta name=\"author\" content=\"OficinaEmpleo\" \/>\n<meta name=\"twitter:card\" content=\"summary_large_image\" \/>\n<meta name=\"twitter:creator\" content=\"@OficinaEmpleo\" \/>\n<meta name=\"twitter:site\" content=\"@OficinaEmpleo\" \/>\n<meta name=\"twitter:label1\" content=\"Written by\" \/>\n\t<meta name=\"twitter:data1\" content=\"OficinaEmpleo\" \/>\n\t<meta name=\"twitter:label2\" content=\"Est. reading time\" \/>\n\t<meta name=\"twitter:data2\" content=\"2 minutos\" \/>\n<script type=\"application\/ld+json\" class=\"yoast-schema-graph\">{\"@context\":\"https:\/\/schema.org\",\"@graph\":[{\"@type\":\"Article\",\"@id\":\"https:\/\/www.oficinaempleo.com\/blog\/perfil-profesional-de-una-secretaria\/#article\",\"isPartOf\":{\"@id\":\"https:\/\/www.oficinaempleo.com\/blog\/perfil-profesional-de-una-secretaria\/\"},\"author\":{\"name\":\"OficinaEmpleo\",\"@id\":\"https:\/\/www.oficinaempleo.com\/blog\/#\/schema\/person\/a7f3437f35bd6bd9ad19addae529a114\"},\"headline\":\"Perfil profesional de una secretaria\",\"datePublished\":\"2016-02-19T13:10:20+00:00\",\"dateModified\":\"2016-02-19T13:50:26+00:00\",\"mainEntityOfPage\":{\"@id\":\"https:\/\/www.oficinaempleo.com\/blog\/perfil-profesional-de-una-secretaria\/\"},\"wordCount\":364,\"commentCount\":0,\"publisher\":{\"@id\":\"https:\/\/www.oficinaempleo.com\/blog\/#organization\"},\"image\":{\"@id\":\"https:\/\/www.oficinaempleo.com\/blog\/perfil-profesional-de-una-secretaria\/#primaryimage\"},\"thumbnailUrl\":\"https:\/\/www.oficinaempleo.com\/blog\/wp-content\/uploads\/2016\/02\/secretaria-perfil.jpg\",\"articleSection\":[\"Actualidad\",\"Administracion\",\"Profesiones\",\"Recursos humanos\"],\"inLanguage\":\"es\",\"potentialAction\":[{\"@type\":\"CommentAction\",\"name\":\"Comment\",\"target\":[\"https:\/\/www.oficinaempleo.com\/blog\/perfil-profesional-de-una-secretaria\/#respond\"]}]},{\"@type\":\"WebPage\",\"@id\":\"https:\/\/www.oficinaempleo.com\/blog\/perfil-profesional-de-una-secretaria\/\",\"url\":\"https:\/\/www.oficinaempleo.com\/blog\/perfil-profesional-de-una-secretaria\/\",\"name\":\"Perfil profesional de una secretaria - Blog OficinaEmpleo\",\"isPartOf\":{\"@id\":\"https:\/\/www.oficinaempleo.com\/blog\/#website\"},\"primaryImageOfPage\":{\"@id\":\"https:\/\/www.oficinaempleo.com\/blog\/perfil-profesional-de-una-secretaria\/#primaryimage\"},\"image\":{\"@id\":\"https:\/\/www.oficinaempleo.com\/blog\/perfil-profesional-de-una-secretaria\/#primaryimage\"},\"thumbnailUrl\":\"https:\/\/www.oficinaempleo.com\/blog\/wp-content\/uploads\/2016\/02\/secretaria-perfil.jpg\",\"datePublished\":\"2016-02-19T13:10:20+00:00\",\"dateModified\":\"2016-02-19T13:50:26+00:00\",\"breadcrumb\":{\"@id\":\"https:\/\/www.oficinaempleo.com\/blog\/perfil-profesional-de-una-secretaria\/#breadcrumb\"},\"inLanguage\":\"es\",\"potentialAction\":[{\"@type\":\"ReadAction\",\"target\":[\"https:\/\/www.oficinaempleo.com\/blog\/perfil-profesional-de-una-secretaria\/\"]}]},{\"@type\":\"ImageObject\",\"inLanguage\":\"es\",\"@id\":\"https:\/\/www.oficinaempleo.com\/blog\/perfil-profesional-de-una-secretaria\/#primaryimage\",\"url\":\"https:\/\/www.oficinaempleo.com\/blog\/wp-content\/uploads\/2016\/02\/secretaria-perfil.jpg\",\"contentUrl\":\"https:\/\/www.oficinaempleo.com\/blog\/wp-content\/uploads\/2016\/02\/secretaria-perfil.jpg\",\"width\":590,\"height\":315},{\"@type\":\"BreadcrumbList\",\"@id\":\"https:\/\/www.oficinaempleo.com\/blog\/perfil-profesional-de-una-secretaria\/#breadcrumb\",\"itemListElement\":[{\"@type\":\"ListItem\",\"position\":1,\"name\":\"Home\",\"item\":\"https:\/\/www.oficinaempleo.com\/blog\/\"},{\"@type\":\"ListItem\",\"position\":2,\"name\":\"Perfil profesional de una secretaria\"}]},{\"@type\":\"WebSite\",\"@id\":\"https:\/\/www.oficinaempleo.com\/blog\/#website\",\"url\":\"https:\/\/www.oficinaempleo.com\/blog\/\",\"name\":\"Noticias y Consejos de Empleo | Blog OficinaEmpleo\",\"description\":\"\",\"publisher\":{\"@id\":\"https:\/\/www.oficinaempleo.com\/blog\/#organization\"},\"potentialAction\":[{\"@type\":\"SearchAction\",\"target\":{\"@type\":\"EntryPoint\",\"urlTemplate\":\"https:\/\/www.oficinaempleo.com\/blog\/?s={search_term_string}\"},\"query-input\":{\"@type\":\"PropertyValueSpecification\",\"valueRequired\":true,\"valueName\":\"search_term_string\"}}],\"inLanguage\":\"es\"},{\"@type\":\"Organization\",\"@id\":\"https:\/\/www.oficinaempleo.com\/blog\/#organization\",\"name\":\"OficinaEmpleo\",\"url\":\"https:\/\/www.oficinaempleo.com\/blog\/\",\"logo\":{\"@type\":\"ImageObject\",\"inLanguage\":\"es\",\"@id\":\"https:\/\/www.oficinaempleo.com\/blog\/#\/schema\/logo\/image\/\",\"url\":\"https:\/\/www.oficinaempleo.com\/blog\/wp-content\/uploads\/2018\/10\/logo_footer-1.jpg\",\"contentUrl\":\"https:\/\/www.oficinaempleo.com\/blog\/wp-content\/uploads\/2018\/10\/logo_footer-1.jpg\",\"width\":478,\"height\":57,\"caption\":\"OficinaEmpleo\"},\"image\":{\"@id\":\"https:\/\/www.oficinaempleo.com\/blog\/#\/schema\/logo\/image\/\"},\"sameAs\":[\"https:\/\/x.com\/OficinaEmpleo\"]},{\"@type\":\"Person\",\"@id\":\"https:\/\/www.oficinaempleo.com\/blog\/#\/schema\/person\/a7f3437f35bd6bd9ad19addae529a114\",\"name\":\"OficinaEmpleo\",\"image\":{\"@type\":\"ImageObject\",\"inLanguage\":\"es\",\"@id\":\"https:\/\/www.oficinaempleo.com\/blog\/#\/schema\/person\/image\/\",\"url\":\"https:\/\/secure.gravatar.com\/avatar\/ea822afb14d7439ba3051d652cf8f548fe540f184ce16a2135fc22c9337bd72e?s=96&d=mm&r=g\",\"contentUrl\":\"https:\/\/secure.gravatar.com\/avatar\/ea822afb14d7439ba3051d652cf8f548fe540f184ce16a2135fc22c9337bd72e?s=96&d=mm&r=g\",\"caption\":\"OficinaEmpleo\"},\"description\":\"En OficinaEmpleo queremos ayudarte a conseguir trabajo. Por eso, adem\u00e1s de ofrecerte ofertas de empleo en nuestro portal, te ense\u00f1amos las novedades del sector, y consejos para mejorar tu perfil.\",\"sameAs\":[\"http:\/\/www.oficinaempleo.com\/\",\"https:\/\/www.facebook.com\/OficinaEmpleo\",\"https:\/\/x.com\/OficinaEmpleo\"],\"url\":\"https:\/\/www.oficinaempleo.com\/blog\/author\/empleo\/\"}]}<\/script>\n<!-- \/ Yoast SEO plugin. -->","yoast_head_json":{"title":"Perfil profesional de una secretaria - Blog OficinaEmpleo","robots":{"index":"index","follow":"follow","max-snippet":"max-snippet:-1","max-image-preview":"max-image-preview:large","max-video-preview":"max-video-preview:-1"},"canonical":"https:\/\/www.oficinaempleo.com\/blog\/perfil-profesional-de-una-secretaria\/","og_locale":"es_ES","og_type":"article","og_title":"Perfil profesional de una secretaria - Blog OficinaEmpleo","og_description":"\u00bfQu\u00e9 cualidades debe reunir una secretaria o auxiliar administrativo?","og_url":"https:\/\/www.oficinaempleo.com\/blog\/perfil-profesional-de-una-secretaria\/","og_site_name":"Noticias y consejos de empleo | Blog OficinaEmpleo","article_author":"https:\/\/www.facebook.com\/OficinaEmpleo","article_published_time":"2016-02-19T13:10:20+00:00","article_modified_time":"2016-02-19T13:50:26+00:00","og_image":[{"width":590,"height":315,"url":"https:\/\/www.oficinaempleo.com\/blog\/wp-content\/uploads\/2016\/02\/secretaria-perfil.jpg","type":"image\/jpeg"}],"author":"OficinaEmpleo","twitter_card":"summary_large_image","twitter_creator":"@OficinaEmpleo","twitter_site":"@OficinaEmpleo","twitter_misc":{"Written by":"OficinaEmpleo","Est. reading time":"2 minutos"},"schema":{"@context":"https:\/\/schema.org","@graph":[{"@type":"Article","@id":"https:\/\/www.oficinaempleo.com\/blog\/perfil-profesional-de-una-secretaria\/#article","isPartOf":{"@id":"https:\/\/www.oficinaempleo.com\/blog\/perfil-profesional-de-una-secretaria\/"},"author":{"name":"OficinaEmpleo","@id":"https:\/\/www.oficinaempleo.com\/blog\/#\/schema\/person\/a7f3437f35bd6bd9ad19addae529a114"},"headline":"Perfil profesional de una secretaria","datePublished":"2016-02-19T13:10:20+00:00","dateModified":"2016-02-19T13:50:26+00:00","mainEntityOfPage":{"@id":"https:\/\/www.oficinaempleo.com\/blog\/perfil-profesional-de-una-secretaria\/"},"wordCount":364,"commentCount":0,"publisher":{"@id":"https:\/\/www.oficinaempleo.com\/blog\/#organization"},"image":{"@id":"https:\/\/www.oficinaempleo.com\/blog\/perfil-profesional-de-una-secretaria\/#primaryimage"},"thumbnailUrl":"https:\/\/www.oficinaempleo.com\/blog\/wp-content\/uploads\/2016\/02\/secretaria-perfil.jpg","articleSection":["Actualidad","Administracion","Profesiones","Recursos humanos"],"inLanguage":"es","potentialAction":[{"@type":"CommentAction","name":"Comment","target":["https:\/\/www.oficinaempleo.com\/blog\/perfil-profesional-de-una-secretaria\/#respond"]}]},{"@type":"WebPage","@id":"https:\/\/www.oficinaempleo.com\/blog\/perfil-profesional-de-una-secretaria\/","url":"https:\/\/www.oficinaempleo.com\/blog\/perfil-profesional-de-una-secretaria\/","name":"Perfil profesional de una secretaria - Blog OficinaEmpleo","isPartOf":{"@id":"https:\/\/www.oficinaempleo.com\/blog\/#website"},"primaryImageOfPage":{"@id":"https:\/\/www.oficinaempleo.com\/blog\/perfil-profesional-de-una-secretaria\/#primaryimage"},"image":{"@id":"https:\/\/www.oficinaempleo.com\/blog\/perfil-profesional-de-una-secretaria\/#primaryimage"},"thumbnailUrl":"https:\/\/www.oficinaempleo.com\/blog\/wp-content\/uploads\/2016\/02\/secretaria-perfil.jpg","datePublished":"2016-02-19T13:10:20+00:00","dateModified":"2016-02-19T13:50:26+00:00","breadcrumb":{"@id":"https:\/\/www.oficinaempleo.com\/blog\/perfil-profesional-de-una-secretaria\/#breadcrumb"},"inLanguage":"es","potentialAction":[{"@type":"ReadAction","target":["https:\/\/www.oficinaempleo.com\/blog\/perfil-profesional-de-una-secretaria\/"]}]},{"@type":"ImageObject","inLanguage":"es","@id":"https:\/\/www.oficinaempleo.com\/blog\/perfil-profesional-de-una-secretaria\/#primaryimage","url":"https:\/\/www.oficinaempleo.com\/blog\/wp-content\/uploads\/2016\/02\/secretaria-perfil.jpg","contentUrl":"https:\/\/www.oficinaempleo.com\/blog\/wp-content\/uploads\/2016\/02\/secretaria-perfil.jpg","width":590,"height":315},{"@type":"BreadcrumbList","@id":"https:\/\/www.oficinaempleo.com\/blog\/perfil-profesional-de-una-secretaria\/#breadcrumb","itemListElement":[{"@type":"ListItem","position":1,"name":"Home","item":"https:\/\/www.oficinaempleo.com\/blog\/"},{"@type":"ListItem","position":2,"name":"Perfil profesional de una secretaria"}]},{"@type":"WebSite","@id":"https:\/\/www.oficinaempleo.com\/blog\/#website","url":"https:\/\/www.oficinaempleo.com\/blog\/","name":"Noticias y Consejos de Empleo | Blog OficinaEmpleo","description":"","publisher":{"@id":"https:\/\/www.oficinaempleo.com\/blog\/#organization"},"potentialAction":[{"@type":"SearchAction","target":{"@type":"EntryPoint","urlTemplate":"https:\/\/www.oficinaempleo.com\/blog\/?s={search_term_string}"},"query-input":{"@type":"PropertyValueSpecification","valueRequired":true,"valueName":"search_term_string"}}],"inLanguage":"es"},{"@type":"Organization","@id":"https:\/\/www.oficinaempleo.com\/blog\/#organization","name":"OficinaEmpleo","url":"https:\/\/www.oficinaempleo.com\/blog\/","logo":{"@type":"ImageObject","inLanguage":"es","@id":"https:\/\/www.oficinaempleo.com\/blog\/#\/schema\/logo\/image\/","url":"https:\/\/www.oficinaempleo.com\/blog\/wp-content\/uploads\/2018\/10\/logo_footer-1.jpg","contentUrl":"https:\/\/www.oficinaempleo.com\/blog\/wp-content\/uploads\/2018\/10\/logo_footer-1.jpg","width":478,"height":57,"caption":"OficinaEmpleo"},"image":{"@id":"https:\/\/www.oficinaempleo.com\/blog\/#\/schema\/logo\/image\/"},"sameAs":["https:\/\/x.com\/OficinaEmpleo"]},{"@type":"Person","@id":"https:\/\/www.oficinaempleo.com\/blog\/#\/schema\/person\/a7f3437f35bd6bd9ad19addae529a114","name":"OficinaEmpleo","image":{"@type":"ImageObject","inLanguage":"es","@id":"https:\/\/www.oficinaempleo.com\/blog\/#\/schema\/person\/image\/","url":"https:\/\/secure.gravatar.com\/avatar\/ea822afb14d7439ba3051d652cf8f548fe540f184ce16a2135fc22c9337bd72e?s=96&d=mm&r=g","contentUrl":"https:\/\/secure.gravatar.com\/avatar\/ea822afb14d7439ba3051d652cf8f548fe540f184ce16a2135fc22c9337bd72e?s=96&d=mm&r=g","caption":"OficinaEmpleo"},"description":"En OficinaEmpleo queremos ayudarte a conseguir trabajo. Por eso, adem\u00e1s de ofrecerte ofertas de empleo en nuestro portal, te ense\u00f1amos las novedades del sector, y consejos para mejorar tu perfil.","sameAs":["http:\/\/www.oficinaempleo.com\/","https:\/\/www.facebook.com\/OficinaEmpleo","https:\/\/x.com\/OficinaEmpleo"],"url":"https:\/\/www.oficinaempleo.com\/blog\/author\/empleo\/"}]}},"_links":{"self":[{"href":"https:\/\/www.oficinaempleo.com\/blog\/wp-json\/wp\/v2\/posts\/10751","targetHints":{"allow":["GET"]}}],"collection":[{"href":"https:\/\/www.oficinaempleo.com\/blog\/wp-json\/wp\/v2\/posts"}],"about":[{"href":"https:\/\/www.oficinaempleo.com\/blog\/wp-json\/wp\/v2\/types\/post"}],"author":[{"embeddable":true,"href":"https:\/\/www.oficinaempleo.com\/blog\/wp-json\/wp\/v2\/users\/2"}],"replies":[{"embeddable":true,"href":"https:\/\/www.oficinaempleo.com\/blog\/wp-json\/wp\/v2\/comments?post=10751"}],"version-history":[{"count":0,"href":"https:\/\/www.oficinaempleo.com\/blog\/wp-json\/wp\/v2\/posts\/10751\/revisions"}],"wp:featuredmedia":[{"embeddable":true,"href":"https:\/\/www.oficinaempleo.com\/blog\/wp-json\/wp\/v2\/media\/10753"}],"wp:attachment":[{"href":"https:\/\/www.oficinaempleo.com\/blog\/wp-json\/wp\/v2\/media?parent=10751"}],"wp:term":[{"taxonomy":"category","embeddable":true,"href":"https:\/\/www.oficinaempleo.com\/blog\/wp-json\/wp\/v2\/categories?post=10751"},{"taxonomy":"post_tag","embeddable":true,"href":"https:\/\/www.oficinaempleo.com\/blog\/wp-json\/wp\/v2\/tags?post=10751"}],"curies":[{"name":"wp","href":"https:\/\/api.w.org\/{rel}","templated":true}]}}