{"id":11141,"date":"2017-01-19T11:00:41","date_gmt":"2017-01-19T10:00:41","guid":{"rendered":"http:\/\/www.oficinaempleo.com\/blog\/?p=11141"},"modified":"2017-01-19T12:30:36","modified_gmt":"2017-01-19T11:30:36","slug":"profesion-pareja-como-afecta-nuestro-futuro-laboral","status":"publish","type":"post","link":"https:\/\/www.oficinaempleo.com\/blog\/profesion-pareja-como-afecta-nuestro-futuro-laboral\/","title":{"rendered":"La profesi\u00f3n de nuestra pareja \u00bfc\u00f3mo afecta a nuestro futuro laboral?"},"content":{"rendered":"<div class=\"su-button-center\"><a href=\"https:\/\/jobs.oficinaempleo.com\/registro?origen=ORG-web&#038;utm_source=OE&#038;utm_medium=boton_registro&#038;utm_content=homepage&#038;utm_campaign=organic\" class=\"su-button su-button-style-flat\" style=\"color:#FFFFFF;background-color:#ec7d0c;border-color:#bd640a;border-radius:10px\" target=\"__blank\"><span style=\"color:#FFFFFF;padding:8px 26px;font-size:20px;line-height:30px;border-color:#f2a455;border-radius:10px;text-shadow:none\"><i class=\"sui sui-arrow-circle-right\" style=\"font-size:20px;color:#FFFFFF\"><\/i> Reg\u00edstrate gratis en OficinaEmpleo<\/span><\/a><\/div><div class=\"su-spacer\" style=\"height:30px\"><\/div>A la hora de elegir pareja muchos son los factores que influyen en que <strong>se consolide como una relaci\u00f3n<\/strong> larga y duradera, que, aunque no lo confesemos, es lo que todos buscamos.<\/p>\n<div id=\"attachment_11146\" style=\"width: 613px\" class=\"wp-caption aligncenter\"><a href=\"http:\/\/www.oficinaempleo.com\/blog\/wp-content\/uploads\/2016\/03\/pareja_trabajando_p.jpg\"><img loading=\"lazy\" decoding=\"async\" aria-describedby=\"caption-attachment-11146\" class=\"wp-image-11146\" src=\"http:\/\/www.oficinaempleo.com\/blog\/wp-content\/uploads\/2016\/03\/pareja_trabajando_p.jpg\" alt=\"Pareja de arquitectos trabajando juntos\" width=\"603\" height=\"315\" srcset=\"https:\/\/www.oficinaempleo.com\/blog\/wp-content\/uploads\/2016\/03\/pareja_trabajando_p.jpg 750w, https:\/\/www.oficinaempleo.com\/blog\/wp-content\/uploads\/2016\/03\/pareja_trabajando_p-300x157.jpg 300w, https:\/\/www.oficinaempleo.com\/blog\/wp-content\/uploads\/2016\/03\/pareja_trabajando_p-290x150.jpg 290w\" sizes=\"auto, (max-width: 603px) 100vw, 603px\" \/><\/a><p id=\"caption-attachment-11146\" class=\"wp-caption-text\">(iStock)<\/p><\/div>\n<p style=\"text-align: left;\"><strong>Las finanzas<\/strong> son uno de esos factores que van a marcar la vida amorosa, aunque durante los primeros meses no le demos importancia. Y las finanzas vienen de la mano de una <strong>carrera profesional<\/strong>, de ah\u00ed que sea otro factor a tener en cuenta. Tres aspectos a <strong>analizar en tu relaci\u00f3n de pareja<\/strong> que tienen que ver con vuestra profesi\u00f3n.<\/p>\n<p style=\"text-align: left;\"><strong>1. Relaci\u00f3n en la oficina o con igual profesi\u00f3n<\/strong><\/p>\n<p style=\"text-align: left;\">Es uno de los t\u00f3picos y <strong>muchas parejas se han formado trabajando juntos<\/strong>, seguro que todos ten\u00e9is alg\u00fan conocido o familiar. Esta opci\u00f3n suele funcionar en el inicio de la relaci\u00f3n, pero m\u00e1s adelante puede pasar factura, entre otras razones porque se cierran los intereses divergentes que cada uno de los miembros de la pareja pueda tener y la mayor parte de las actividades, incluso las de ocio, se centran en tono al trabajo, dado que<strong> las amistades tambi\u00e9n se encontraran en este entorno<\/strong>.<\/p>\n<p style=\"text-align: left;\">Curiosamente abogados y profesores son los m\u00e1s propensos a tener parejas con igual profesi\u00f3n. Si es tu caso dale una pensada.<\/p>\n<p style=\"text-align: left;\"><strong>2. Los horarios<\/strong><\/p>\n<p style=\"text-align: left;\">El gran campo de batalla en la vida laboral. En Espa\u00f1a especialmente, pues tendemos a pasar muchas horas en nuestro puesto de trabajo, pero a\u00fan peor que esta situaci\u00f3n es tener horarios diferentes.\u00a0<strong>Los horarios<\/strong> pueden plantear problemas en tu pareja en las siguientes situaciones:<\/p>\n<ul style=\"text-align: left;\">\n<ul>\n<li style=\"text-align: justify;\">Parejas en la que <strong>uno de sus miembros tiene un horario nocturno y el otro diurno<\/strong>, o incluso cambia de horarios seg\u00fan la semana. Es uno de los grandes inconvenientes para conseguir una pareja estable.<\/li>\n<li style=\"text-align: justify;\">Trabajos en los que alguno de sus miembros tiene que <strong>pasar mucho tiempo fuera de casa<\/strong> de forma continuada. Es el caso de pilotos, auxiliares de vuelo o\u00a0 conductores.<\/li>\n<li style=\"text-align: justify;\">Parejas en las que <strong>alguno de sus miembros tiene un cargo importante<\/strong> y puede surgir d\u00edas en los que tenga que alargar de forma inesperada la jornada de trabajo hasta la medianoche\u00a0 y\u00a0 esto impida realizar los planes juntos por la tarde\/noche, o el cuidado de los hijos.<\/li>\n<\/ul>\n<\/ul>\n<p style=\"text-align: left;\"><strong>3. Las profesiones m\u00e1s compatibles<\/strong><\/p>\n<p style=\"text-align: left;\">Las aplicaciones proporcionan un mont\u00f3n de datos sobre los individuos que las utilizan y hoy en d\u00eda, cada vez m\u00e1s,\u00a0 se pueden extrapolar e interpretar la informaci\u00f3n que aportan. De esta forma el portal estadounidense de parejas<a href=\"http:\/\/www.eharmony.com\/\" > eHamony.com <\/a>ha realizado un ranking de las diez parejas m\u00e1s compatibles, te contamos los 4 primeros.<\/p>\n<ul style=\"text-align: left;\">\n<li style=\"text-align: justify;\">Abogados con arquitectas<\/li>\n<li style=\"text-align: justify;\">Abogadas con pilotos<\/li>\n<li style=\"text-align: justify;\">Investigadores masculinos con farmac\u00e9uticas<\/li>\n<li style=\"text-align: justify;\">Ejecutivos y ejecutivas<\/li>\n<\/ul>\n<p style=\"text-align: left;\"><strong>\u00bfEst\u00e1s en alguno de ellos?<\/strong> Si es as\u00ed \u00a1enhorabuena!, pero evita cometer algunos de los errores que hemos comentado y as\u00ed ser\u00e1 m\u00e1s f\u00e1cil que tu relaci\u00f3n de pareja sea feliz y duradera.<\/p>\n<div class=\"su-button-center\"><a href=\"https:\/\/jobs.oficinaempleo.com\/registro?origen=ORG-web&#038;utm_source=OE&#038;utm_medium=boton_registro&#038;utm_content=homepage&#038;utm_campaign=organic\" class=\"su-button su-button-style-flat\" style=\"color:#FFFFFF;background-color:#ec7d0c;border-color:#bd640a;border-radius:10px\" target=\"__blank\"><span style=\"color:#FFFFFF;padding:8px 26px;font-size:20px;line-height:30px;border-color:#f2a455;border-radius:10px;text-shadow:none\"><i class=\"sui sui-arrow-circle-right\" style=\"font-size:20px;color:#FFFFFF\"><\/i> Reg\u00edstrate gratis en OficinaEmpleo<\/span><\/a><\/div><div class=\"su-spacer\" style=\"height:30px\"><\/div>\n","protected":false},"excerpt":{"rendered":"<p>A la hora de elegir pareja muchos son los factores que influyen en que se consolide como una relaci\u00f3n larga y duradera, que, aunque no lo confesemos, es lo que todos buscamos. Las finanzas son uno de esos factores que van a marcar la vida amorosa, aunque durante los primeros meses no le demos importancia. [&hellip;]<\/p>\n","protected":false},"author":8,"featured_media":11143,"comment_status":"open","ping_status":"open","sticky":false,"template":"","format":"standard","meta":{"footnotes":""},"categories":[690],"tags":[1294,974],"class_list":["post-11141","post","type-post","status-publish","format-standard","has-post-thumbnail","hentry","category-psicologia-empleo","tag-companeros-de-trabajo","tag-pareja","cat-690-id","has_thumb"],"yoast_head":"<!-- This site is optimized with the Yoast SEO plugin v27.1.1 - https:\/\/yoast.com\/product\/yoast-seo-wordpress\/ -->\n<title>La profesi\u00f3n de nuestra pareja \u00bfc\u00f3mo afecta a nuestro futuro laboral?<\/title>\n<meta name=\"description\" content=\"Compaginar la vida laboral y personal, en muchos casos, es complicado. \u00bfC\u00f3mo hacer que no nos afecte a nuestro futuro profesional? Aqu\u00ed te lo contamos.\" \/>\n<meta name=\"robots\" content=\"index, follow, max-snippet:-1, max-image-preview:large, max-video-preview:-1\" \/>\n<link rel=\"canonical\" href=\"https:\/\/www.oficinaempleo.com\/blog\/profesion-pareja-como-afecta-nuestro-futuro-laboral\/\" \/>\n<meta property=\"og:locale\" content=\"es_ES\" \/>\n<meta property=\"og:type\" content=\"article\" \/>\n<meta property=\"og:title\" content=\"La profesi\u00f3n de nuestra pareja \u00bfc\u00f3mo afecta a nuestro futuro laboral?\" \/>\n<meta property=\"og:description\" content=\"Compaginar la vida laboral y personal, en muchos casos, es complicado. \u00bfC\u00f3mo hacer que no nos afecte a nuestro futuro profesional? Aqu\u00ed te lo contamos.\" \/>\n<meta property=\"og:url\" content=\"https:\/\/www.oficinaempleo.com\/blog\/profesion-pareja-como-afecta-nuestro-futuro-laboral\/\" \/>\n<meta property=\"og:site_name\" content=\"Noticias y consejos de empleo | Blog OficinaEmpleo\" \/>\n<meta property=\"article:published_time\" content=\"2017-01-19T10:00:41+00:00\" \/>\n<meta property=\"article:modified_time\" content=\"2017-01-19T11:30:36+00:00\" \/>\n<meta property=\"og:image\" content=\"https:\/\/www.oficinaempleo.com\/blog\/wp-content\/uploads\/2016\/03\/pareja_trabajando.jpg\" \/>\n\t<meta property=\"og:image:width\" content=\"600\" \/>\n\t<meta property=\"og:image:height\" content=\"424\" \/>\n\t<meta property=\"og:image:type\" content=\"image\/jpeg\" \/>\n<meta name=\"author\" content=\"\u00c1frica Silvelo Gabriel\" \/>\n<meta name=\"twitter:card\" content=\"summary_large_image\" \/>\n<meta name=\"twitter:creator\" content=\"@OficinaEmpleo\" \/>\n<meta name=\"twitter:site\" content=\"@OficinaEmpleo\" \/>\n<meta name=\"twitter:label1\" content=\"Written by\" \/>\n\t<meta name=\"twitter:data1\" content=\"\u00c1frica Silvelo Gabriel\" \/>\n\t<meta name=\"twitter:label2\" content=\"Est. reading time\" \/>\n\t<meta name=\"twitter:data2\" content=\"3 minutos\" \/>\n<script type=\"application\/ld+json\" class=\"yoast-schema-graph\">{\"@context\":\"https:\/\/schema.org\",\"@graph\":[{\"@type\":\"Article\",\"@id\":\"https:\/\/www.oficinaempleo.com\/blog\/profesion-pareja-como-afecta-nuestro-futuro-laboral\/#article\",\"isPartOf\":{\"@id\":\"https:\/\/www.oficinaempleo.com\/blog\/profesion-pareja-como-afecta-nuestro-futuro-laboral\/\"},\"author\":{\"name\":\"\u00c1frica Silvelo Gabriel\",\"@id\":\"https:\/\/www.oficinaempleo.com\/blog\/#\/schema\/person\/871405ab58bbb10c2dbc9d2462f92687\"},\"headline\":\"La profesi\u00f3n de nuestra pareja \u00bfc\u00f3mo afecta a nuestro futuro laboral?\",\"datePublished\":\"2017-01-19T10:00:41+00:00\",\"dateModified\":\"2017-01-19T11:30:36+00:00\",\"mainEntityOfPage\":{\"@id\":\"https:\/\/www.oficinaempleo.com\/blog\/profesion-pareja-como-afecta-nuestro-futuro-laboral\/\"},\"wordCount\":583,\"commentCount\":1,\"publisher\":{\"@id\":\"https:\/\/www.oficinaempleo.com\/blog\/#organization\"},\"image\":{\"@id\":\"https:\/\/www.oficinaempleo.com\/blog\/profesion-pareja-como-afecta-nuestro-futuro-laboral\/#primaryimage\"},\"thumbnailUrl\":\"https:\/\/www.oficinaempleo.com\/blog\/wp-content\/uploads\/2016\/03\/pareja_trabajando.jpg\",\"keywords\":[\"compa\u00f1eros de trabajo\",\"pareja\"],\"articleSection\":[\"Psicolog\u00eda\"],\"inLanguage\":\"es\",\"potentialAction\":[{\"@type\":\"CommentAction\",\"name\":\"Comment\",\"target\":[\"https:\/\/www.oficinaempleo.com\/blog\/profesion-pareja-como-afecta-nuestro-futuro-laboral\/#respond\"]}]},{\"@type\":\"WebPage\",\"@id\":\"https:\/\/www.oficinaempleo.com\/blog\/profesion-pareja-como-afecta-nuestro-futuro-laboral\/\",\"url\":\"https:\/\/www.oficinaempleo.com\/blog\/profesion-pareja-como-afecta-nuestro-futuro-laboral\/\",\"name\":\"La profesi\u00f3n de nuestra pareja \u00bfc\u00f3mo afecta a nuestro futuro laboral?\",\"isPartOf\":{\"@id\":\"https:\/\/www.oficinaempleo.com\/blog\/#website\"},\"primaryImageOfPage\":{\"@id\":\"https:\/\/www.oficinaempleo.com\/blog\/profesion-pareja-como-afecta-nuestro-futuro-laboral\/#primaryimage\"},\"image\":{\"@id\":\"https:\/\/www.oficinaempleo.com\/blog\/profesion-pareja-como-afecta-nuestro-futuro-laboral\/#primaryimage\"},\"thumbnailUrl\":\"https:\/\/www.oficinaempleo.com\/blog\/wp-content\/uploads\/2016\/03\/pareja_trabajando.jpg\",\"datePublished\":\"2017-01-19T10:00:41+00:00\",\"dateModified\":\"2017-01-19T11:30:36+00:00\",\"description\":\"Compaginar la vida laboral y personal, en muchos casos, es complicado. \u00bfC\u00f3mo hacer que no nos afecte a nuestro futuro profesional? Aqu\u00ed te lo contamos.\",\"breadcrumb\":{\"@id\":\"https:\/\/www.oficinaempleo.com\/blog\/profesion-pareja-como-afecta-nuestro-futuro-laboral\/#breadcrumb\"},\"inLanguage\":\"es\",\"potentialAction\":[{\"@type\":\"ReadAction\",\"target\":[\"https:\/\/www.oficinaempleo.com\/blog\/profesion-pareja-como-afecta-nuestro-futuro-laboral\/\"]}]},{\"@type\":\"ImageObject\",\"inLanguage\":\"es\",\"@id\":\"https:\/\/www.oficinaempleo.com\/blog\/profesion-pareja-como-afecta-nuestro-futuro-laboral\/#primaryimage\",\"url\":\"https:\/\/www.oficinaempleo.com\/blog\/wp-content\/uploads\/2016\/03\/pareja_trabajando.jpg\",\"contentUrl\":\"https:\/\/www.oficinaempleo.com\/blog\/wp-content\/uploads\/2016\/03\/pareja_trabajando.jpg\",\"width\":600,\"height\":424,\"caption\":\"Pareja trabajando juntos. Gtresonline\"},{\"@type\":\"BreadcrumbList\",\"@id\":\"https:\/\/www.oficinaempleo.com\/blog\/profesion-pareja-como-afecta-nuestro-futuro-laboral\/#breadcrumb\",\"itemListElement\":[{\"@type\":\"ListItem\",\"position\":1,\"name\":\"Home\",\"item\":\"https:\/\/www.oficinaempleo.com\/blog\/\"},{\"@type\":\"ListItem\",\"position\":2,\"name\":\"La profesi\u00f3n de nuestra pareja \u00bfc\u00f3mo afecta a nuestro futuro laboral?\"}]},{\"@type\":\"WebSite\",\"@id\":\"https:\/\/www.oficinaempleo.com\/blog\/#website\",\"url\":\"https:\/\/www.oficinaempleo.com\/blog\/\",\"name\":\"Noticias y Consejos de Empleo | Blog OficinaEmpleo\",\"description\":\"\",\"publisher\":{\"@id\":\"https:\/\/www.oficinaempleo.com\/blog\/#organization\"},\"potentialAction\":[{\"@type\":\"SearchAction\",\"target\":{\"@type\":\"EntryPoint\",\"urlTemplate\":\"https:\/\/www.oficinaempleo.com\/blog\/?s={search_term_string}\"},\"query-input\":{\"@type\":\"PropertyValueSpecification\",\"valueRequired\":true,\"valueName\":\"search_term_string\"}}],\"inLanguage\":\"es\"},{\"@type\":\"Organization\",\"@id\":\"https:\/\/www.oficinaempleo.com\/blog\/#organization\",\"name\":\"OficinaEmpleo\",\"url\":\"https:\/\/www.oficinaempleo.com\/blog\/\",\"logo\":{\"@type\":\"ImageObject\",\"inLanguage\":\"es\",\"@id\":\"https:\/\/www.oficinaempleo.com\/blog\/#\/schema\/logo\/image\/\",\"url\":\"https:\/\/www.oficinaempleo.com\/blog\/wp-content\/uploads\/2018\/10\/logo_footer-1.jpg\",\"contentUrl\":\"https:\/\/www.oficinaempleo.com\/blog\/wp-content\/uploads\/2018\/10\/logo_footer-1.jpg\",\"width\":478,\"height\":57,\"caption\":\"OficinaEmpleo\"},\"image\":{\"@id\":\"https:\/\/www.oficinaempleo.com\/blog\/#\/schema\/logo\/image\/\"},\"sameAs\":[\"https:\/\/x.com\/OficinaEmpleo\"]},{\"@type\":\"Person\",\"@id\":\"https:\/\/www.oficinaempleo.com\/blog\/#\/schema\/person\/871405ab58bbb10c2dbc9d2462f92687\",\"name\":\"\u00c1frica Silvelo Gabriel\",\"image\":{\"@type\":\"ImageObject\",\"inLanguage\":\"es\",\"@id\":\"https:\/\/www.oficinaempleo.com\/blog\/#\/schema\/person\/image\/\",\"url\":\"https:\/\/secure.gravatar.com\/avatar\/f887464ff4e795edec0308e452b2e24042a367b5ed3816df682f1d0e05c52bbc?s=96&d=mm&r=g\",\"contentUrl\":\"https:\/\/secure.gravatar.com\/avatar\/f887464ff4e795edec0308e452b2e24042a367b5ed3816df682f1d0e05c52bbc?s=96&d=mm&r=g\",\"caption\":\"\u00c1frica Silvelo Gabriel\"},\"url\":\"https:\/\/www.oficinaempleo.com\/blog\/author\/africa-silvelo\/\"}]}<\/script>\n<!-- \/ Yoast SEO plugin. -->","yoast_head_json":{"title":"La profesi\u00f3n de nuestra pareja \u00bfc\u00f3mo afecta a nuestro futuro laboral?","description":"Compaginar la vida laboral y personal, en muchos casos, es complicado. \u00bfC\u00f3mo hacer que no nos afecte a nuestro futuro profesional? Aqu\u00ed te lo contamos.","robots":{"index":"index","follow":"follow","max-snippet":"max-snippet:-1","max-image-preview":"max-image-preview:large","max-video-preview":"max-video-preview:-1"},"canonical":"https:\/\/www.oficinaempleo.com\/blog\/profesion-pareja-como-afecta-nuestro-futuro-laboral\/","og_locale":"es_ES","og_type":"article","og_title":"La profesi\u00f3n de nuestra pareja \u00bfc\u00f3mo afecta a nuestro futuro laboral?","og_description":"Compaginar la vida laboral y personal, en muchos casos, es complicado. \u00bfC\u00f3mo hacer que no nos afecte a nuestro futuro profesional? Aqu\u00ed te lo contamos.","og_url":"https:\/\/www.oficinaempleo.com\/blog\/profesion-pareja-como-afecta-nuestro-futuro-laboral\/","og_site_name":"Noticias y consejos de empleo | Blog OficinaEmpleo","article_published_time":"2017-01-19T10:00:41+00:00","article_modified_time":"2017-01-19T11:30:36+00:00","og_image":[{"width":600,"height":424,"url":"https:\/\/www.oficinaempleo.com\/blog\/wp-content\/uploads\/2016\/03\/pareja_trabajando.jpg","type":"image\/jpeg"}],"author":"\u00c1frica Silvelo Gabriel","twitter_card":"summary_large_image","twitter_creator":"@OficinaEmpleo","twitter_site":"@OficinaEmpleo","twitter_misc":{"Written by":"\u00c1frica Silvelo Gabriel","Est. reading time":"3 minutos"},"schema":{"@context":"https:\/\/schema.org","@graph":[{"@type":"Article","@id":"https:\/\/www.oficinaempleo.com\/blog\/profesion-pareja-como-afecta-nuestro-futuro-laboral\/#article","isPartOf":{"@id":"https:\/\/www.oficinaempleo.com\/blog\/profesion-pareja-como-afecta-nuestro-futuro-laboral\/"},"author":{"name":"\u00c1frica Silvelo Gabriel","@id":"https:\/\/www.oficinaempleo.com\/blog\/#\/schema\/person\/871405ab58bbb10c2dbc9d2462f92687"},"headline":"La profesi\u00f3n de nuestra pareja \u00bfc\u00f3mo afecta a nuestro futuro laboral?","datePublished":"2017-01-19T10:00:41+00:00","dateModified":"2017-01-19T11:30:36+00:00","mainEntityOfPage":{"@id":"https:\/\/www.oficinaempleo.com\/blog\/profesion-pareja-como-afecta-nuestro-futuro-laboral\/"},"wordCount":583,"commentCount":1,"publisher":{"@id":"https:\/\/www.oficinaempleo.com\/blog\/#organization"},"image":{"@id":"https:\/\/www.oficinaempleo.com\/blog\/profesion-pareja-como-afecta-nuestro-futuro-laboral\/#primaryimage"},"thumbnailUrl":"https:\/\/www.oficinaempleo.com\/blog\/wp-content\/uploads\/2016\/03\/pareja_trabajando.jpg","keywords":["compa\u00f1eros de trabajo","pareja"],"articleSection":["Psicolog\u00eda"],"inLanguage":"es","potentialAction":[{"@type":"CommentAction","name":"Comment","target":["https:\/\/www.oficinaempleo.com\/blog\/profesion-pareja-como-afecta-nuestro-futuro-laboral\/#respond"]}]},{"@type":"WebPage","@id":"https:\/\/www.oficinaempleo.com\/blog\/profesion-pareja-como-afecta-nuestro-futuro-laboral\/","url":"https:\/\/www.oficinaempleo.com\/blog\/profesion-pareja-como-afecta-nuestro-futuro-laboral\/","name":"La profesi\u00f3n de nuestra pareja \u00bfc\u00f3mo afecta a nuestro futuro laboral?","isPartOf":{"@id":"https:\/\/www.oficinaempleo.com\/blog\/#website"},"primaryImageOfPage":{"@id":"https:\/\/www.oficinaempleo.com\/blog\/profesion-pareja-como-afecta-nuestro-futuro-laboral\/#primaryimage"},"image":{"@id":"https:\/\/www.oficinaempleo.com\/blog\/profesion-pareja-como-afecta-nuestro-futuro-laboral\/#primaryimage"},"thumbnailUrl":"https:\/\/www.oficinaempleo.com\/blog\/wp-content\/uploads\/2016\/03\/pareja_trabajando.jpg","datePublished":"2017-01-19T10:00:41+00:00","dateModified":"2017-01-19T11:30:36+00:00","description":"Compaginar la vida laboral y personal, en muchos casos, es complicado. \u00bfC\u00f3mo hacer que no nos afecte a nuestro futuro profesional? Aqu\u00ed te lo contamos.","breadcrumb":{"@id":"https:\/\/www.oficinaempleo.com\/blog\/profesion-pareja-como-afecta-nuestro-futuro-laboral\/#breadcrumb"},"inLanguage":"es","potentialAction":[{"@type":"ReadAction","target":["https:\/\/www.oficinaempleo.com\/blog\/profesion-pareja-como-afecta-nuestro-futuro-laboral\/"]}]},{"@type":"ImageObject","inLanguage":"es","@id":"https:\/\/www.oficinaempleo.com\/blog\/profesion-pareja-como-afecta-nuestro-futuro-laboral\/#primaryimage","url":"https:\/\/www.oficinaempleo.com\/blog\/wp-content\/uploads\/2016\/03\/pareja_trabajando.jpg","contentUrl":"https:\/\/www.oficinaempleo.com\/blog\/wp-content\/uploads\/2016\/03\/pareja_trabajando.jpg","width":600,"height":424,"caption":"Pareja trabajando juntos. Gtresonline"},{"@type":"BreadcrumbList","@id":"https:\/\/www.oficinaempleo.com\/blog\/profesion-pareja-como-afecta-nuestro-futuro-laboral\/#breadcrumb","itemListElement":[{"@type":"ListItem","position":1,"name":"Home","item":"https:\/\/www.oficinaempleo.com\/blog\/"},{"@type":"ListItem","position":2,"name":"La profesi\u00f3n de nuestra pareja \u00bfc\u00f3mo afecta a nuestro futuro laboral?"}]},{"@type":"WebSite","@id":"https:\/\/www.oficinaempleo.com\/blog\/#website","url":"https:\/\/www.oficinaempleo.com\/blog\/","name":"Noticias y Consejos de Empleo | Blog OficinaEmpleo","description":"","publisher":{"@id":"https:\/\/www.oficinaempleo.com\/blog\/#organization"},"potentialAction":[{"@type":"SearchAction","target":{"@type":"EntryPoint","urlTemplate":"https:\/\/www.oficinaempleo.com\/blog\/?s={search_term_string}"},"query-input":{"@type":"PropertyValueSpecification","valueRequired":true,"valueName":"search_term_string"}}],"inLanguage":"es"},{"@type":"Organization","@id":"https:\/\/www.oficinaempleo.com\/blog\/#organization","name":"OficinaEmpleo","url":"https:\/\/www.oficinaempleo.com\/blog\/","logo":{"@type":"ImageObject","inLanguage":"es","@id":"https:\/\/www.oficinaempleo.com\/blog\/#\/schema\/logo\/image\/","url":"https:\/\/www.oficinaempleo.com\/blog\/wp-content\/uploads\/2018\/10\/logo_footer-1.jpg","contentUrl":"https:\/\/www.oficinaempleo.com\/blog\/wp-content\/uploads\/2018\/10\/logo_footer-1.jpg","width":478,"height":57,"caption":"OficinaEmpleo"},"image":{"@id":"https:\/\/www.oficinaempleo.com\/blog\/#\/schema\/logo\/image\/"},"sameAs":["https:\/\/x.com\/OficinaEmpleo"]},{"@type":"Person","@id":"https:\/\/www.oficinaempleo.com\/blog\/#\/schema\/person\/871405ab58bbb10c2dbc9d2462f92687","name":"\u00c1frica Silvelo Gabriel","image":{"@type":"ImageObject","inLanguage":"es","@id":"https:\/\/www.oficinaempleo.com\/blog\/#\/schema\/person\/image\/","url":"https:\/\/secure.gravatar.com\/avatar\/f887464ff4e795edec0308e452b2e24042a367b5ed3816df682f1d0e05c52bbc?s=96&d=mm&r=g","contentUrl":"https:\/\/secure.gravatar.com\/avatar\/f887464ff4e795edec0308e452b2e24042a367b5ed3816df682f1d0e05c52bbc?s=96&d=mm&r=g","caption":"\u00c1frica Silvelo Gabriel"},"url":"https:\/\/www.oficinaempleo.com\/blog\/author\/africa-silvelo\/"}]}},"_links":{"self":[{"href":"https:\/\/www.oficinaempleo.com\/blog\/wp-json\/wp\/v2\/posts\/11141","targetHints":{"allow":["GET"]}}],"collection":[{"href":"https:\/\/www.oficinaempleo.com\/blog\/wp-json\/wp\/v2\/posts"}],"about":[{"href":"https:\/\/www.oficinaempleo.com\/blog\/wp-json\/wp\/v2\/types\/post"}],"author":[{"embeddable":true,"href":"https:\/\/www.oficinaempleo.com\/blog\/wp-json\/wp\/v2\/users\/8"}],"replies":[{"embeddable":true,"href":"https:\/\/www.oficinaempleo.com\/blog\/wp-json\/wp\/v2\/comments?post=11141"}],"version-history":[{"count":0,"href":"https:\/\/www.oficinaempleo.com\/blog\/wp-json\/wp\/v2\/posts\/11141\/revisions"}],"wp:featuredmedia":[{"embeddable":true,"href":"https:\/\/www.oficinaempleo.com\/blog\/wp-json\/wp\/v2\/media\/11143"}],"wp:attachment":[{"href":"https:\/\/www.oficinaempleo.com\/blog\/wp-json\/wp\/v2\/media?parent=11141"}],"wp:term":[{"taxonomy":"category","embeddable":true,"href":"https:\/\/www.oficinaempleo.com\/blog\/wp-json\/wp\/v2\/categories?post=11141"},{"taxonomy":"post_tag","embeddable":true,"href":"https:\/\/www.oficinaempleo.com\/blog\/wp-json\/wp\/v2\/tags?post=11141"}],"curies":[{"name":"wp","href":"https:\/\/api.w.org\/{rel}","templated":true}]}}