{"id":12101,"date":"2016-07-21T11:06:45","date_gmt":"2016-07-21T09:06:45","guid":{"rendered":"http:\/\/www.oficinaempleo.com\/blog\/?p=12101"},"modified":"2016-07-21T12:11:13","modified_gmt":"2016-07-21T10:11:13","slug":"como-trabajar-en-supermercados-aldi","status":"publish","type":"post","link":"https:\/\/www.oficinaempleo.com\/blog\/como-trabajar-en-supermercados-aldi\/","title":{"rendered":"C\u00f3mo trabajar en supermercados ALDI"},"content":{"rendered":"<p style=\"text-align: justify;\"><div class=\"su-button-center\"><a href=\"https:\/\/jobs.oficinaempleo.com\/registro?origen=ORG-web&#038;utm_source=OE&#038;utm_medium=boton_registro&#038;utm_content=homepage&#038;utm_campaign=organic\" class=\"su-button su-button-style-flat\" style=\"color:#FFFFFF;background-color:#ec7d0c;border-color:#bd640a;border-radius:10px\" target=\"__blank\"><span style=\"color:#FFFFFF;padding:8px 26px;font-size:20px;line-height:30px;border-color:#f2a455;border-radius:10px;text-shadow:none\"><i class=\"sui sui-arrow-circle-right\" style=\"font-size:20px;color:#FFFFFF\"><\/i> Reg\u00edstrate gratis en OficinaEmpleo<\/span><\/a><\/div><div class=\"su-spacer\" style=\"height:30px\"><\/div>\n<p style=\"text-align: justify;\">La compa\u00f1\u00eda de <strong>supermercados ALDI<\/strong> cuenta ya con cerca de 4.500 establecimientos en todo el mundo. Su imparable <strong>proceso de expansi\u00f3n internacional<\/strong> se debe a una pol\u00edtica de negocio basada en ofrecer a los consumidores siempre la m\u00e1xima calidad al m\u00e1s bajo precio.<\/p>\n<div id=\"attachment_12113\" style=\"width: 1210px\" class=\"wp-caption alignnone\"><img loading=\"lazy\" decoding=\"async\" aria-describedby=\"caption-attachment-12113\" class=\"size-full wp-image-12113\" src=\"http:\/\/www.oficinaempleo.com\/blog\/wp-content\/uploads\/2016\/04\/carro-aldi-FB.jpg\" alt=\"Fuente: istock\" width=\"1200\" height=\"637\" srcset=\"https:\/\/www.oficinaempleo.com\/blog\/wp-content\/uploads\/2016\/04\/carro-aldi-FB.jpg 1200w, https:\/\/www.oficinaempleo.com\/blog\/wp-content\/uploads\/2016\/04\/carro-aldi-FB-300x159.jpg 300w, https:\/\/www.oficinaempleo.com\/blog\/wp-content\/uploads\/2016\/04\/carro-aldi-FB-1024x544.jpg 1024w\" sizes=\"auto, (max-width: 1200px) 100vw, 1200px\" \/><p id=\"caption-attachment-12113\" class=\"wp-caption-text\">Fuente: istock<\/p><\/div>\n<p style=\"text-align: justify;\"><strong><a href=\"https:\/\/www.aldi.es\/\" >ALDI<\/a><\/strong>\u00a0est\u00e1 presente en pa\u00edses como Alemania,  Portugal,  Holanda,  B\u00e9lgica, Luxemburgo, Dinamarca y Polonia. En Espa\u00f1a, la importante <strong><a href=\"http:\/\/www.oficinaempleo.com\/blog\/como-trabajar-en-supermercados\/\" >cadena de supermercados<\/a><\/strong> est\u00e1 presente en casi todas las comunidades aut\u00f3nomas con m\u00e1s de <strong>260 establecimientos<\/strong> repartidos por diferentes puntos de la geograf\u00eda nacional.<\/p>\n<p style=\"text-align: justify;\">La compa\u00f1\u00eda, como podemos leer en este <strong><a href=\"http:\/\/www.heraldo.es\/noticias\/aragon\/teruel-provincia\/teruel\/2016\/03\/29\/la-cadena-aldi-abre-supermercado-teruel-este-miercoles-839454-303.html\" >art\u00edculo del Heraldo.es<\/a><\/strong>, no para de crecer, pues el pasado mes de marzo se inaugur\u00f3 el <strong>\u00faltimo supermercado ALDI en Teruel<\/strong>.<\/p>\n<p style=\"text-align: justify;\">Hechos como \u00e9ste, adem\u00e1s de confirmar el<strong> imparable crecimiento<\/strong> de la compa\u00f1\u00eda, han dado\u00a0lugar a que actualmente la cadena\u00a0<strong>necesite cubrir varias vacantes para trabajar en sus supermercados<\/strong>.<\/p>\n<p style=\"text-align: justify;\">Las <strong>\u00e1reas de actividad<\/strong> en las que se necesita personal actualmente son las siguientes:<\/p>\n<ul style=\"text-align: justify;\">\n<li>Ventas<\/li>\n<li>Direcci\u00f3n<\/li>\n<li>Pr\u00e1cticas\/formaci\u00f3n<\/li>\n<li>Log\u00edstica<\/li>\n<li>Compras<\/li>\n<\/ul>\n<div id=\"attachment_12110\" style=\"width: 1045px\" class=\"wp-caption alignnone\"><img loading=\"lazy\" decoding=\"async\" aria-describedby=\"caption-attachment-12110\" class=\" wp-image-12110\" src=\"http:\/\/www.oficinaempleo.com\/blog\/wp-content\/uploads\/2016\/04\/ofertas-ALDI-FB.jpg\" alt=\"Fuente: carrera.apasionadosporelcomercio.es\" width=\"1035\" height=\"565\" \/><p id=\"caption-attachment-12110\" class=\"wp-caption-text\">Fuente: carrera.apasionadosporelcomercio.es<\/p><\/div>\n<p style=\"text-align: justify;\">Si est\u00e1s interesado en <strong>trabajar en supermercados ALDI<\/strong>, a trav\u00e9s de este <strong>enlace<\/strong> podr\u00e1s acceder directamente para ver si las\u00a0<a href=\"http:\/\/carrera.apasionadosporelcomercio.es\/jobagent_aldi\/search\/jobs.aspx?goResult=1&amp;PLZ=&amp;Einstiegsbereich=1005\" ><strong>vacantes disponibles<\/strong><\/a> est\u00e1n ubicadas en tu localidad y se adaptan a tu perfil.<\/p>\n<p style=\"text-align: justify;\">En <strong>oficinaempleo<\/strong> podr\u00e1s acceder a otras ofertas de empleo relativas a <strong><a href=\"http:\/\/www.oficinaempleo.com\/do\/search.php?id_area=&amp;id_prov=&amp;button=B%FAsqueda&amp;id_jobtitle=&amp;keywords=supermercado&amp;LuMCb4DZ=Zjg4MTRkZTgwYjFhY2FiMmIxMWNiOTk5YjFjNjRhYmI\" >trabajar en supermercados<\/a><\/strong>.<\/p>\n<p style=\"text-align: justify;\"><div class=\"su-button-center\"><a href=\"https:\/\/jobs.oficinaempleo.com\/registro?origen=ORG-web&#038;utm_source=OE&#038;utm_medium=boton_registro&#038;utm_content=homepage&#038;utm_campaign=organic\" class=\"su-button su-button-style-flat\" style=\"color:#FFFFFF;background-color:#ec7d0c;border-color:#bd640a;border-radius:10px\" target=\"__blank\"><span style=\"color:#FFFFFF;padding:8px 26px;font-size:20px;line-height:30px;border-color:#f2a455;border-radius:10px;text-shadow:none\"><i class=\"sui sui-arrow-circle-right\" style=\"font-size:20px;color:#FFFFFF\"><\/i> Reg\u00edstrate gratis en OficinaEmpleo<\/span><\/a><\/div>\n","protected":false},"excerpt":{"rendered":"<p>La importante cadena de supermercados necesita cubrir varias vacantes de empleo en nuestro pa\u00eds. Entra y env\u00eda tu candidatura. <\/p>\n","protected":false},"author":2,"featured_media":12111,"comment_status":"open","ping_status":"open","sticky":false,"template":"","format":"standard","meta":{"footnotes":""},"categories":[691,9,637,512,1441,4,3,689,10,17,11,1113],"tags":[],"class_list":["post-12101","post","type-post","status-publish","format-standard","has-post-thumbnail","hentry","category-actualidad-empleo","category-administracion","category-empleo-internacional-2","category-emprendedores","category-empresas","category-marketing-y-comunicacion","category-noticias-empleo","category-ofertas-empleo-destacadas","category-primer-empleo","category-profesiones","category-recursos-humanos","category-supermercados","cat-691-id","cat-9-id","cat-637-id","cat-512-id","cat-1441-id","cat-4-id","cat-3-id","cat-689-id","cat-10-id","cat-17-id","cat-11-id","cat-1113-id","has_thumb"],"yoast_head":"<!-- This site is optimized with the Yoast SEO plugin v27.1.1 - https:\/\/yoast.com\/product\/yoast-seo-wordpress\/ -->\n<title>C\u00f3mo trabajar en supermercados ALDI - Blog OficinaEmpleo<\/title>\n<meta name=\"robots\" content=\"index, follow, max-snippet:-1, max-image-preview:large, max-video-preview:-1\" \/>\n<link rel=\"canonical\" href=\"https:\/\/www.oficinaempleo.com\/blog\/como-trabajar-en-supermercados-aldi\/\" \/>\n<meta property=\"og:locale\" content=\"es_ES\" \/>\n<meta property=\"og:type\" content=\"article\" \/>\n<meta property=\"og:title\" content=\"C\u00f3mo trabajar en supermercados ALDI - Blog OficinaEmpleo\" \/>\n<meta property=\"og:description\" content=\"La importante cadena de supermercados necesita cubrir varias vacantes de empleo en nuestro pa\u00eds. Entra y env\u00eda tu candidatura.\" \/>\n<meta property=\"og:url\" content=\"https:\/\/www.oficinaempleo.com\/blog\/como-trabajar-en-supermercados-aldi\/\" \/>\n<meta property=\"og:site_name\" content=\"Noticias y consejos de empleo | Blog OficinaEmpleo\" \/>\n<meta property=\"article:author\" content=\"https:\/\/www.facebook.com\/OficinaEmpleo\" \/>\n<meta property=\"article:published_time\" content=\"2016-07-21T09:06:45+00:00\" \/>\n<meta property=\"article:modified_time\" content=\"2016-07-21T10:11:13+00:00\" \/>\n<meta property=\"og:image\" content=\"https:\/\/www.oficinaempleo.com\/blog\/wp-content\/uploads\/2016\/04\/aldi-BLOG.jpg\" \/>\n\t<meta property=\"og:image:width\" content=\"600\" \/>\n\t<meta property=\"og:image:height\" content=\"310\" \/>\n\t<meta property=\"og:image:type\" content=\"image\/jpeg\" \/>\n<meta name=\"author\" content=\"OficinaEmpleo\" \/>\n<meta name=\"twitter:card\" content=\"summary_large_image\" \/>\n<meta name=\"twitter:creator\" content=\"@OficinaEmpleo\" \/>\n<meta name=\"twitter:site\" content=\"@OficinaEmpleo\" \/>\n<meta name=\"twitter:label1\" content=\"Written by\" \/>\n\t<meta name=\"twitter:data1\" content=\"OficinaEmpleo\" \/>\n\t<meta name=\"twitter:label2\" content=\"Est. reading time\" \/>\n\t<meta name=\"twitter:data2\" content=\"2 minutos\" \/>\n<script type=\"application\/ld+json\" class=\"yoast-schema-graph\">{\"@context\":\"https:\/\/schema.org\",\"@graph\":[{\"@type\":\"Article\",\"@id\":\"https:\/\/www.oficinaempleo.com\/blog\/como-trabajar-en-supermercados-aldi\/#article\",\"isPartOf\":{\"@id\":\"https:\/\/www.oficinaempleo.com\/blog\/como-trabajar-en-supermercados-aldi\/\"},\"author\":{\"name\":\"OficinaEmpleo\",\"@id\":\"https:\/\/www.oficinaempleo.com\/blog\/#\/schema\/person\/a7f3437f35bd6bd9ad19addae529a114\"},\"headline\":\"C\u00f3mo trabajar en supermercados ALDI\",\"datePublished\":\"2016-07-21T09:06:45+00:00\",\"dateModified\":\"2016-07-21T10:11:13+00:00\",\"mainEntityOfPage\":{\"@id\":\"https:\/\/www.oficinaempleo.com\/blog\/como-trabajar-en-supermercados-aldi\/\"},\"wordCount\":325,\"commentCount\":324,\"publisher\":{\"@id\":\"https:\/\/www.oficinaempleo.com\/blog\/#organization\"},\"image\":{\"@id\":\"https:\/\/www.oficinaempleo.com\/blog\/como-trabajar-en-supermercados-aldi\/#primaryimage\"},\"thumbnailUrl\":\"https:\/\/www.oficinaempleo.com\/blog\/wp-content\/uploads\/2016\/04\/aldi-BLOG.jpg\",\"articleSection\":[\"Actualidad\",\"Administracion\",\"Empleo Internacional\",\"Emprendedores\",\"Empresas\",\"Marketing y comunicacion\",\"Noticias Empleo\",\"Ofertas destacadas\",\"Primer empleo\",\"Profesiones\",\"Recursos humanos\",\"supermercados\"],\"inLanguage\":\"es\",\"potentialAction\":[{\"@type\":\"CommentAction\",\"name\":\"Comment\",\"target\":[\"https:\/\/www.oficinaempleo.com\/blog\/como-trabajar-en-supermercados-aldi\/#respond\"]}]},{\"@type\":\"WebPage\",\"@id\":\"https:\/\/www.oficinaempleo.com\/blog\/como-trabajar-en-supermercados-aldi\/\",\"url\":\"https:\/\/www.oficinaempleo.com\/blog\/como-trabajar-en-supermercados-aldi\/\",\"name\":\"C\u00f3mo trabajar en supermercados ALDI - Blog OficinaEmpleo\",\"isPartOf\":{\"@id\":\"https:\/\/www.oficinaempleo.com\/blog\/#website\"},\"primaryImageOfPage\":{\"@id\":\"https:\/\/www.oficinaempleo.com\/blog\/como-trabajar-en-supermercados-aldi\/#primaryimage\"},\"image\":{\"@id\":\"https:\/\/www.oficinaempleo.com\/blog\/como-trabajar-en-supermercados-aldi\/#primaryimage\"},\"thumbnailUrl\":\"https:\/\/www.oficinaempleo.com\/blog\/wp-content\/uploads\/2016\/04\/aldi-BLOG.jpg\",\"datePublished\":\"2016-07-21T09:06:45+00:00\",\"dateModified\":\"2016-07-21T10:11:13+00:00\",\"breadcrumb\":{\"@id\":\"https:\/\/www.oficinaempleo.com\/blog\/como-trabajar-en-supermercados-aldi\/#breadcrumb\"},\"inLanguage\":\"es\",\"potentialAction\":[{\"@type\":\"ReadAction\",\"target\":[\"https:\/\/www.oficinaempleo.com\/blog\/como-trabajar-en-supermercados-aldi\/\"]}]},{\"@type\":\"ImageObject\",\"inLanguage\":\"es\",\"@id\":\"https:\/\/www.oficinaempleo.com\/blog\/como-trabajar-en-supermercados-aldi\/#primaryimage\",\"url\":\"https:\/\/www.oficinaempleo.com\/blog\/wp-content\/uploads\/2016\/04\/aldi-BLOG.jpg\",\"contentUrl\":\"https:\/\/www.oficinaempleo.com\/blog\/wp-content\/uploads\/2016\/04\/aldi-BLOG.jpg\",\"width\":600,\"height\":310},{\"@type\":\"BreadcrumbList\",\"@id\":\"https:\/\/www.oficinaempleo.com\/blog\/como-trabajar-en-supermercados-aldi\/#breadcrumb\",\"itemListElement\":[{\"@type\":\"ListItem\",\"position\":1,\"name\":\"Home\",\"item\":\"https:\/\/www.oficinaempleo.com\/blog\/\"},{\"@type\":\"ListItem\",\"position\":2,\"name\":\"C\u00f3mo trabajar en supermercados ALDI\"}]},{\"@type\":\"WebSite\",\"@id\":\"https:\/\/www.oficinaempleo.com\/blog\/#website\",\"url\":\"https:\/\/www.oficinaempleo.com\/blog\/\",\"name\":\"Noticias y Consejos de Empleo | Blog OficinaEmpleo\",\"description\":\"\",\"publisher\":{\"@id\":\"https:\/\/www.oficinaempleo.com\/blog\/#organization\"},\"potentialAction\":[{\"@type\":\"SearchAction\",\"target\":{\"@type\":\"EntryPoint\",\"urlTemplate\":\"https:\/\/www.oficinaempleo.com\/blog\/?s={search_term_string}\"},\"query-input\":{\"@type\":\"PropertyValueSpecification\",\"valueRequired\":true,\"valueName\":\"search_term_string\"}}],\"inLanguage\":\"es\"},{\"@type\":\"Organization\",\"@id\":\"https:\/\/www.oficinaempleo.com\/blog\/#organization\",\"name\":\"OficinaEmpleo\",\"url\":\"https:\/\/www.oficinaempleo.com\/blog\/\",\"logo\":{\"@type\":\"ImageObject\",\"inLanguage\":\"es\",\"@id\":\"https:\/\/www.oficinaempleo.com\/blog\/#\/schema\/logo\/image\/\",\"url\":\"https:\/\/www.oficinaempleo.com\/blog\/wp-content\/uploads\/2018\/10\/logo_footer-1.jpg\",\"contentUrl\":\"https:\/\/www.oficinaempleo.com\/blog\/wp-content\/uploads\/2018\/10\/logo_footer-1.jpg\",\"width\":478,\"height\":57,\"caption\":\"OficinaEmpleo\"},\"image\":{\"@id\":\"https:\/\/www.oficinaempleo.com\/blog\/#\/schema\/logo\/image\/\"},\"sameAs\":[\"https:\/\/x.com\/OficinaEmpleo\"]},{\"@type\":\"Person\",\"@id\":\"https:\/\/www.oficinaempleo.com\/blog\/#\/schema\/person\/a7f3437f35bd6bd9ad19addae529a114\",\"name\":\"OficinaEmpleo\",\"image\":{\"@type\":\"ImageObject\",\"inLanguage\":\"es\",\"@id\":\"https:\/\/www.oficinaempleo.com\/blog\/#\/schema\/person\/image\/\",\"url\":\"https:\/\/secure.gravatar.com\/avatar\/ea822afb14d7439ba3051d652cf8f548fe540f184ce16a2135fc22c9337bd72e?s=96&d=mm&r=g\",\"contentUrl\":\"https:\/\/secure.gravatar.com\/avatar\/ea822afb14d7439ba3051d652cf8f548fe540f184ce16a2135fc22c9337bd72e?s=96&d=mm&r=g\",\"caption\":\"OficinaEmpleo\"},\"description\":\"En OficinaEmpleo queremos ayudarte a conseguir trabajo. Por eso, adem\u00e1s de ofrecerte ofertas de empleo en nuestro portal, te ense\u00f1amos las novedades del sector, y consejos para mejorar tu perfil.\",\"sameAs\":[\"http:\/\/www.oficinaempleo.com\/\",\"https:\/\/www.facebook.com\/OficinaEmpleo\",\"https:\/\/x.com\/OficinaEmpleo\"],\"url\":\"https:\/\/www.oficinaempleo.com\/blog\/author\/empleo\/\"}]}<\/script>\n<!-- \/ Yoast SEO plugin. -->","yoast_head_json":{"title":"C\u00f3mo trabajar en supermercados ALDI - Blog OficinaEmpleo","robots":{"index":"index","follow":"follow","max-snippet":"max-snippet:-1","max-image-preview":"max-image-preview:large","max-video-preview":"max-video-preview:-1"},"canonical":"https:\/\/www.oficinaempleo.com\/blog\/como-trabajar-en-supermercados-aldi\/","og_locale":"es_ES","og_type":"article","og_title":"C\u00f3mo trabajar en supermercados ALDI - Blog OficinaEmpleo","og_description":"La importante cadena de supermercados necesita cubrir varias vacantes de empleo en nuestro pa\u00eds. Entra y env\u00eda tu candidatura.","og_url":"https:\/\/www.oficinaempleo.com\/blog\/como-trabajar-en-supermercados-aldi\/","og_site_name":"Noticias y consejos de empleo | Blog OficinaEmpleo","article_author":"https:\/\/www.facebook.com\/OficinaEmpleo","article_published_time":"2016-07-21T09:06:45+00:00","article_modified_time":"2016-07-21T10:11:13+00:00","og_image":[{"width":600,"height":310,"url":"https:\/\/www.oficinaempleo.com\/blog\/wp-content\/uploads\/2016\/04\/aldi-BLOG.jpg","type":"image\/jpeg"}],"author":"OficinaEmpleo","twitter_card":"summary_large_image","twitter_creator":"@OficinaEmpleo","twitter_site":"@OficinaEmpleo","twitter_misc":{"Written by":"OficinaEmpleo","Est. reading time":"2 minutos"},"schema":{"@context":"https:\/\/schema.org","@graph":[{"@type":"Article","@id":"https:\/\/www.oficinaempleo.com\/blog\/como-trabajar-en-supermercados-aldi\/#article","isPartOf":{"@id":"https:\/\/www.oficinaempleo.com\/blog\/como-trabajar-en-supermercados-aldi\/"},"author":{"name":"OficinaEmpleo","@id":"https:\/\/www.oficinaempleo.com\/blog\/#\/schema\/person\/a7f3437f35bd6bd9ad19addae529a114"},"headline":"C\u00f3mo trabajar en supermercados ALDI","datePublished":"2016-07-21T09:06:45+00:00","dateModified":"2016-07-21T10:11:13+00:00","mainEntityOfPage":{"@id":"https:\/\/www.oficinaempleo.com\/blog\/como-trabajar-en-supermercados-aldi\/"},"wordCount":325,"commentCount":324,"publisher":{"@id":"https:\/\/www.oficinaempleo.com\/blog\/#organization"},"image":{"@id":"https:\/\/www.oficinaempleo.com\/blog\/como-trabajar-en-supermercados-aldi\/#primaryimage"},"thumbnailUrl":"https:\/\/www.oficinaempleo.com\/blog\/wp-content\/uploads\/2016\/04\/aldi-BLOG.jpg","articleSection":["Actualidad","Administracion","Empleo Internacional","Emprendedores","Empresas","Marketing y comunicacion","Noticias Empleo","Ofertas destacadas","Primer empleo","Profesiones","Recursos humanos","supermercados"],"inLanguage":"es","potentialAction":[{"@type":"CommentAction","name":"Comment","target":["https:\/\/www.oficinaempleo.com\/blog\/como-trabajar-en-supermercados-aldi\/#respond"]}]},{"@type":"WebPage","@id":"https:\/\/www.oficinaempleo.com\/blog\/como-trabajar-en-supermercados-aldi\/","url":"https:\/\/www.oficinaempleo.com\/blog\/como-trabajar-en-supermercados-aldi\/","name":"C\u00f3mo trabajar en supermercados ALDI - Blog OficinaEmpleo","isPartOf":{"@id":"https:\/\/www.oficinaempleo.com\/blog\/#website"},"primaryImageOfPage":{"@id":"https:\/\/www.oficinaempleo.com\/blog\/como-trabajar-en-supermercados-aldi\/#primaryimage"},"image":{"@id":"https:\/\/www.oficinaempleo.com\/blog\/como-trabajar-en-supermercados-aldi\/#primaryimage"},"thumbnailUrl":"https:\/\/www.oficinaempleo.com\/blog\/wp-content\/uploads\/2016\/04\/aldi-BLOG.jpg","datePublished":"2016-07-21T09:06:45+00:00","dateModified":"2016-07-21T10:11:13+00:00","breadcrumb":{"@id":"https:\/\/www.oficinaempleo.com\/blog\/como-trabajar-en-supermercados-aldi\/#breadcrumb"},"inLanguage":"es","potentialAction":[{"@type":"ReadAction","target":["https:\/\/www.oficinaempleo.com\/blog\/como-trabajar-en-supermercados-aldi\/"]}]},{"@type":"ImageObject","inLanguage":"es","@id":"https:\/\/www.oficinaempleo.com\/blog\/como-trabajar-en-supermercados-aldi\/#primaryimage","url":"https:\/\/www.oficinaempleo.com\/blog\/wp-content\/uploads\/2016\/04\/aldi-BLOG.jpg","contentUrl":"https:\/\/www.oficinaempleo.com\/blog\/wp-content\/uploads\/2016\/04\/aldi-BLOG.jpg","width":600,"height":310},{"@type":"BreadcrumbList","@id":"https:\/\/www.oficinaempleo.com\/blog\/como-trabajar-en-supermercados-aldi\/#breadcrumb","itemListElement":[{"@type":"ListItem","position":1,"name":"Home","item":"https:\/\/www.oficinaempleo.com\/blog\/"},{"@type":"ListItem","position":2,"name":"C\u00f3mo trabajar en supermercados ALDI"}]},{"@type":"WebSite","@id":"https:\/\/www.oficinaempleo.com\/blog\/#website","url":"https:\/\/www.oficinaempleo.com\/blog\/","name":"Noticias y Consejos de Empleo | Blog OficinaEmpleo","description":"","publisher":{"@id":"https:\/\/www.oficinaempleo.com\/blog\/#organization"},"potentialAction":[{"@type":"SearchAction","target":{"@type":"EntryPoint","urlTemplate":"https:\/\/www.oficinaempleo.com\/blog\/?s={search_term_string}"},"query-input":{"@type":"PropertyValueSpecification","valueRequired":true,"valueName":"search_term_string"}}],"inLanguage":"es"},{"@type":"Organization","@id":"https:\/\/www.oficinaempleo.com\/blog\/#organization","name":"OficinaEmpleo","url":"https:\/\/www.oficinaempleo.com\/blog\/","logo":{"@type":"ImageObject","inLanguage":"es","@id":"https:\/\/www.oficinaempleo.com\/blog\/#\/schema\/logo\/image\/","url":"https:\/\/www.oficinaempleo.com\/blog\/wp-content\/uploads\/2018\/10\/logo_footer-1.jpg","contentUrl":"https:\/\/www.oficinaempleo.com\/blog\/wp-content\/uploads\/2018\/10\/logo_footer-1.jpg","width":478,"height":57,"caption":"OficinaEmpleo"},"image":{"@id":"https:\/\/www.oficinaempleo.com\/blog\/#\/schema\/logo\/image\/"},"sameAs":["https:\/\/x.com\/OficinaEmpleo"]},{"@type":"Person","@id":"https:\/\/www.oficinaempleo.com\/blog\/#\/schema\/person\/a7f3437f35bd6bd9ad19addae529a114","name":"OficinaEmpleo","image":{"@type":"ImageObject","inLanguage":"es","@id":"https:\/\/www.oficinaempleo.com\/blog\/#\/schema\/person\/image\/","url":"https:\/\/secure.gravatar.com\/avatar\/ea822afb14d7439ba3051d652cf8f548fe540f184ce16a2135fc22c9337bd72e?s=96&d=mm&r=g","contentUrl":"https:\/\/secure.gravatar.com\/avatar\/ea822afb14d7439ba3051d652cf8f548fe540f184ce16a2135fc22c9337bd72e?s=96&d=mm&r=g","caption":"OficinaEmpleo"},"description":"En OficinaEmpleo queremos ayudarte a conseguir trabajo. Por eso, adem\u00e1s de ofrecerte ofertas de empleo en nuestro portal, te ense\u00f1amos las novedades del sector, y consejos para mejorar tu perfil.","sameAs":["http:\/\/www.oficinaempleo.com\/","https:\/\/www.facebook.com\/OficinaEmpleo","https:\/\/x.com\/OficinaEmpleo"],"url":"https:\/\/www.oficinaempleo.com\/blog\/author\/empleo\/"}]}},"_links":{"self":[{"href":"https:\/\/www.oficinaempleo.com\/blog\/wp-json\/wp\/v2\/posts\/12101","targetHints":{"allow":["GET"]}}],"collection":[{"href":"https:\/\/www.oficinaempleo.com\/blog\/wp-json\/wp\/v2\/posts"}],"about":[{"href":"https:\/\/www.oficinaempleo.com\/blog\/wp-json\/wp\/v2\/types\/post"}],"author":[{"embeddable":true,"href":"https:\/\/www.oficinaempleo.com\/blog\/wp-json\/wp\/v2\/users\/2"}],"replies":[{"embeddable":true,"href":"https:\/\/www.oficinaempleo.com\/blog\/wp-json\/wp\/v2\/comments?post=12101"}],"version-history":[{"count":0,"href":"https:\/\/www.oficinaempleo.com\/blog\/wp-json\/wp\/v2\/posts\/12101\/revisions"}],"wp:featuredmedia":[{"embeddable":true,"href":"https:\/\/www.oficinaempleo.com\/blog\/wp-json\/wp\/v2\/media\/12111"}],"wp:attachment":[{"href":"https:\/\/www.oficinaempleo.com\/blog\/wp-json\/wp\/v2\/media?parent=12101"}],"wp:term":[{"taxonomy":"category","embeddable":true,"href":"https:\/\/www.oficinaempleo.com\/blog\/wp-json\/wp\/v2\/categories?post=12101"},{"taxonomy":"post_tag","embeddable":true,"href":"https:\/\/www.oficinaempleo.com\/blog\/wp-json\/wp\/v2\/tags?post=12101"}],"curies":[{"name":"wp","href":"https:\/\/api.w.org\/{rel}","templated":true}]}}