{"id":12130,"date":"2016-05-03T10:45:30","date_gmt":"2016-05-03T08:45:30","guid":{"rendered":"http:\/\/www.oficinaempleo.com\/blog\/?p=12130"},"modified":"2016-05-03T10:45:30","modified_gmt":"2016-05-03T08:45:30","slug":"como-ser-modelo-2","status":"publish","type":"post","link":"https:\/\/www.oficinaempleo.com\/blog\/como-ser-modelo-2\/","title":{"rendered":"C\u00f3mo ser modelo"},"content":{"rendered":"<p style=\"text-align: justify;\"><div class=\"su-button-center\"><a href=\"https:\/\/jobs.oficinaempleo.com\/registro?origen=ORG-web&#038;utm_source=OE&#038;utm_medium=boton_registro&#038;utm_content=homepage&#038;utm_campaign=organic\" class=\"su-button su-button-style-flat\" style=\"color:#FFFFFF;background-color:#ec7d0c;border-color:#bd640a;border-radius:10px\" target=\"__blank\"><span style=\"color:#FFFFFF;padding:8px 26px;font-size:20px;line-height:30px;border-color:#f2a455;border-radius:10px;text-shadow:none\"><i class=\"sui sui-arrow-circle-right\" style=\"font-size:20px;color:#FFFFFF\"><\/i> Reg\u00edstrate gratis en OficinaEmpleo<\/span><\/a><\/div><div class=\"su-spacer\" style=\"height:30px\"><\/div>\n<p style=\"text-align: justify;\">Ser modelo es una pregunta muy gen\u00e9rica porque hay muchos tipos de modelos. Por lo tanto vamos por parte:<\/p>\n<p style=\"text-align: justify;\"><strong>Tipos de modelo<\/strong><\/p>\n<p style=\"text-align: justify;\">1. De pasarela<\/p>\n<p style=\"text-align: justify;\">2. Fotogr\u00e1fica<\/p>\n<p style=\"text-align: justify;\">3. Televisi\u00f3n<\/p>\n<p style=\"text-align: justify;\">Para cada una \u00a0de estas especialidades <strong>se necesitar\u00e1 unas caracter\u00edsticas y habilidades diferentes<\/strong>.<\/p>\n<p style=\"text-align: justify;\">Para ser <strong>modelo de televisi\u00f3n,  <\/strong>no siempre hay que estar y\/o ser perfecto. A veces los anunciantes buscan personas normales,  que no destaquen, pero que tengan alguna caracter\u00edstica af\u00edn al producto: color de pelo, ojos, peso espec\u00edfico, etc.<\/p>\n<p style=\"text-align: justify;\">Lo \u00fanico importante en este caso es tener buena piel, no s\u00f3lo de la cara, sino de los pies, no morderse las u\u00f1as o tener codos y\/o talones agrietados. U\u00f1as y pelo es algo que siempre se ve y hay que mostrar por eso cuidarlos ser\u00e1 un elemento que juegue a tu favor. El otro aspecto a tener en cuenta es la sonrisa, una buena dentadura es importante, porque en casi todos los anuncios te pedir\u00e1n que vayas con una buena sonrisa, al margen de lo que se anuncie, sino f\u00edjate en los pr\u00f3ximos anuncios que veas en la tele.<\/p>\n<p style=\"text-align: justify;\"><strong>Pasarela,<\/strong> quiz\u00e1s es la m\u00e1s exigente con el aspecto f\u00edsico. La altura m\u00ednima para mujeres, aunque puede haber alguna excepci\u00f3n es medir entre 1,75 y 1,80 (m\u00e1s alto puedes ser un problema) y en el caso de los chicos medir entre 1,80 y 1,88.<\/p>\n<p style=\"text-align: justify;\">A las modelos femeninas se les pide una tala entre 34 o m\u00e1ximo 36 y a los modelos masculinos no es tanto una cuesti\u00f3n de talla como de estar musculado, aunque sin pasarse, esto no es una competici\u00f3n culturista. Las medidas 90-60-90 cada vez est\u00e1n menos estandarizadas, lo importante es estar dentro del \u00edndice de masa corporal sano para la altura.<\/p>\n<p><a href=\"http:\/\/www.oficinaempleo.com\/blog\/wp-content\/uploads\/2016\/05\/ambrosio_p.jpg\"><img loading=\"lazy\" decoding=\"async\" class=\"aligncenter wp-image-12133 size-full\" src=\"http:\/\/www.oficinaempleo.com\/blog\/wp-content\/uploads\/2016\/05\/ambrosio_p.jpg\" alt=\"Modelo Alessandra Ambrosio \" width=\"600\" height=\"400\" srcset=\"https:\/\/www.oficinaempleo.com\/blog\/wp-content\/uploads\/2016\/05\/ambrosio_p.jpg 600w, https:\/\/www.oficinaempleo.com\/blog\/wp-content\/uploads\/2016\/05\/ambrosio_p-300x200.jpg 300w\" sizes=\"auto, (max-width: 600px) 100vw, 600px\" \/><\/a><\/p>\n<p style=\"text-align: justify;\"><strong>Fotogr\u00e1fica<\/strong>. Lo importante es tener una buena fotogenia, no necesariamente eres la m\u00e1s guapa del casting, pero si quien mejor sale en las fotograf\u00edas.<\/p>\n<p style=\"text-align: justify;\"><strong>La edad<\/strong> que se aconseja empezar es a partir de 17, aunque legalmente se puede trabajar a partir de los 16, cada vez es menos habitual utilizar modelos tan j\u00f3venes, y \u00faltimamente las modelos tienen una carrera hasta los 35, en pasarela, en el resto puede ser m\u00e1s dado que el photoshop permite mejorar el aspecto.<\/p>\n<p style=\"text-align: justify;\"><strong>Buenos modales.<\/strong> Parece obvio, pero es importante. Ser educado, simp\u00e1tico, estar atento a los detalles, concentrado puede ayudar a causar una buena sensaci\u00f3n en la agencia donde te hayas presentado para una prueba.<\/p>\n<p style=\"text-align: justify;\">Tu carta de presentaci\u00f3n ser\u00e1 un <strong>book<\/strong>. Es imprescindible. Tiene que tener fotos de calidad, casi art\u00edsticas, como las que veis en las revistas de moda, sino es mejor decir que no tienes nada, pero nadie te dar\u00e1 una cita si previamente no ha recibido unas fotograf\u00edas. Ponte en manos de un buen profesional y decide qu\u00e9 le quieres pedir, si no te da algo que se parezca a lo que esperas no le pagues. De ello puede depender que empieces a trabajar o no.<\/p>\n<p style=\"text-align: justify;\">Trabaja expresiones, siempre te puede ayudar, en el fondo el trabajo de modelo tiene ciertas similitudes con el de los actores y actrices. Interpretan un papel y en la prueba real te pedir\u00e1n que interpretes alg\u00fan papel, que reproduzcas alguna emoci\u00f3n.<\/p>\n<p style=\"text-align: justify;\">Hoy en d\u00eda tambi\u00e9n es importante <strong>contar con un gran n\u00famero de seguidores en redes sociales<\/strong>, de hecho tanto bloggers como famosas con una buena presencia en redes sociales est\u00e1n consiguiendo contratos suculentos. Poder llegar a fans de forma directa o ser un\/a \u201cinfluencer\u201d es hoy en d\u00eda m\u00e1s importante para algunas marcas que tener un cuerpo 10 o ser perfecto, que es algo que se puede mejorar con unos buenos cuidados. Si no recordar casos como el de David Bustamante o Rosa \u00a0c\u00f3mo han mejorado su aspecto tras su paso por OT y los anuncios que han realizado.<\/p>\n<p style=\"text-align: justify;\">Por \u00faltimo se aconseja que tengas una agencia, porque te facilitar\u00e1 las cosas. Recuerda que se quedar\u00e1n con un 20% del precio del contrato.<\/p>\n<p style=\"text-align: justify;\">\u00a1Mucha suerte!<\/p>\n<p style=\"text-align: justify;\"><div class=\"su-button-center\"><a href=\"https:\/\/jobs.oficinaempleo.com\/registro?origen=ORG-web&#038;utm_source=OE&#038;utm_medium=boton_registro&#038;utm_content=homepage&#038;utm_campaign=organic\" class=\"su-button su-button-style-flat\" style=\"color:#FFFFFF;background-color:#ec7d0c;border-color:#bd640a;border-radius:10px\" target=\"__blank\"><span style=\"color:#FFFFFF;padding:8px 26px;font-size:20px;line-height:30px;border-color:#f2a455;border-radius:10px;text-shadow:none\"><i class=\"sui sui-arrow-circle-right\" style=\"font-size:20px;color:#FFFFFF\"><\/i> Reg\u00edstrate gratis en OficinaEmpleo<\/span><\/a><\/div><div class=\"su-spacer\" style=\"height:30px\"><\/div>\n","protected":false},"excerpt":{"rendered":"<p>Para cada una  de las siguientes especialidades se necesitar\u00e1 unas caracter\u00edsticas y habilidades diferentes.<\/p>\n","protected":false},"author":8,"featured_media":12134,"comment_status":"open","ping_status":"open","sticky":false,"template":"","format":"standard","meta":{"footnotes":""},"categories":[12],"tags":[],"class_list":["post-12130","post","type-post","status-publish","format-standard","has-post-thumbnail","hentry","category-consejos-y-recursos","cat-12-id","has_thumb"],"yoast_head":"<!-- This site is optimized with the Yoast SEO plugin v27.1.1 - https:\/\/yoast.com\/product\/yoast-seo-wordpress\/ -->\n<title>C\u00f3mo ser modelo - Blog OficinaEmpleo<\/title>\n<meta name=\"robots\" content=\"index, follow, max-snippet:-1, max-image-preview:large, max-video-preview:-1\" \/>\n<link rel=\"canonical\" href=\"https:\/\/www.oficinaempleo.com\/blog\/como-ser-modelo-2\/\" \/>\n<meta property=\"og:locale\" content=\"es_ES\" \/>\n<meta property=\"og:type\" content=\"article\" \/>\n<meta property=\"og:title\" content=\"C\u00f3mo ser modelo - Blog OficinaEmpleo\" \/>\n<meta property=\"og:description\" content=\"Para cada una de las siguientes especialidades se necesitar\u00e1 unas caracter\u00edsticas y habilidades diferentes.\" \/>\n<meta property=\"og:url\" content=\"https:\/\/www.oficinaempleo.com\/blog\/como-ser-modelo-2\/\" \/>\n<meta property=\"og:site_name\" content=\"Noticias y consejos de empleo | Blog OficinaEmpleo\" \/>\n<meta property=\"article:published_time\" content=\"2016-05-03T08:45:30+00:00\" \/>\n<meta property=\"og:image\" content=\"https:\/\/www.oficinaempleo.com\/blog\/wp-content\/uploads\/2016\/05\/blanca_padilla_p.jpg\" \/>\n\t<meta property=\"og:image:width\" content=\"600\" \/>\n\t<meta property=\"og:image:height\" content=\"310\" \/>\n\t<meta property=\"og:image:type\" content=\"image\/jpeg\" \/>\n<meta name=\"author\" content=\"\u00c1frica Silvelo Gabriel\" \/>\n<meta name=\"twitter:card\" content=\"summary_large_image\" \/>\n<meta name=\"twitter:creator\" content=\"@OficinaEmpleo\" \/>\n<meta name=\"twitter:site\" content=\"@OficinaEmpleo\" \/>\n<meta name=\"twitter:label1\" content=\"Written by\" \/>\n\t<meta name=\"twitter:data1\" content=\"\u00c1frica Silvelo Gabriel\" \/>\n\t<meta name=\"twitter:label2\" content=\"Est. reading time\" \/>\n\t<meta name=\"twitter:data2\" content=\"4 minutos\" \/>\n<script type=\"application\/ld+json\" class=\"yoast-schema-graph\">{\"@context\":\"https:\/\/schema.org\",\"@graph\":[{\"@type\":\"Article\",\"@id\":\"https:\/\/www.oficinaempleo.com\/blog\/como-ser-modelo-2\/#article\",\"isPartOf\":{\"@id\":\"https:\/\/www.oficinaempleo.com\/blog\/como-ser-modelo-2\/\"},\"author\":{\"name\":\"\u00c1frica Silvelo Gabriel\",\"@id\":\"https:\/\/www.oficinaempleo.com\/blog\/#\/schema\/person\/871405ab58bbb10c2dbc9d2462f92687\"},\"headline\":\"C\u00f3mo ser modelo\",\"datePublished\":\"2016-05-03T08:45:30+00:00\",\"mainEntityOfPage\":{\"@id\":\"https:\/\/www.oficinaempleo.com\/blog\/como-ser-modelo-2\/\"},\"wordCount\":752,\"commentCount\":1,\"publisher\":{\"@id\":\"https:\/\/www.oficinaempleo.com\/blog\/#organization\"},\"image\":{\"@id\":\"https:\/\/www.oficinaempleo.com\/blog\/como-ser-modelo-2\/#primaryimage\"},\"thumbnailUrl\":\"https:\/\/www.oficinaempleo.com\/blog\/wp-content\/uploads\/2016\/05\/blanca_padilla_p.jpg\",\"articleSection\":[\"Consejos y Recursos\"],\"inLanguage\":\"es\",\"potentialAction\":[{\"@type\":\"CommentAction\",\"name\":\"Comment\",\"target\":[\"https:\/\/www.oficinaempleo.com\/blog\/como-ser-modelo-2\/#respond\"]}]},{\"@type\":\"WebPage\",\"@id\":\"https:\/\/www.oficinaempleo.com\/blog\/como-ser-modelo-2\/\",\"url\":\"https:\/\/www.oficinaempleo.com\/blog\/como-ser-modelo-2\/\",\"name\":\"C\u00f3mo ser modelo - Blog OficinaEmpleo\",\"isPartOf\":{\"@id\":\"https:\/\/www.oficinaempleo.com\/blog\/#website\"},\"primaryImageOfPage\":{\"@id\":\"https:\/\/www.oficinaempleo.com\/blog\/como-ser-modelo-2\/#primaryimage\"},\"image\":{\"@id\":\"https:\/\/www.oficinaempleo.com\/blog\/como-ser-modelo-2\/#primaryimage\"},\"thumbnailUrl\":\"https:\/\/www.oficinaempleo.com\/blog\/wp-content\/uploads\/2016\/05\/blanca_padilla_p.jpg\",\"datePublished\":\"2016-05-03T08:45:30+00:00\",\"breadcrumb\":{\"@id\":\"https:\/\/www.oficinaempleo.com\/blog\/como-ser-modelo-2\/#breadcrumb\"},\"inLanguage\":\"es\",\"potentialAction\":[{\"@type\":\"ReadAction\",\"target\":[\"https:\/\/www.oficinaempleo.com\/blog\/como-ser-modelo-2\/\"]}]},{\"@type\":\"ImageObject\",\"inLanguage\":\"es\",\"@id\":\"https:\/\/www.oficinaempleo.com\/blog\/como-ser-modelo-2\/#primaryimage\",\"url\":\"https:\/\/www.oficinaempleo.com\/blog\/wp-content\/uploads\/2016\/05\/blanca_padilla_p.jpg\",\"contentUrl\":\"https:\/\/www.oficinaempleo.com\/blog\/wp-content\/uploads\/2016\/05\/blanca_padilla_p.jpg\",\"width\":600,\"height\":310,\"caption\":\"La modelo Blanca Padilla durante un acto como imagen de la firma ''El Corte Ingl\u00e9s'' en Madrid 11\/03\/2016\"},{\"@type\":\"BreadcrumbList\",\"@id\":\"https:\/\/www.oficinaempleo.com\/blog\/como-ser-modelo-2\/#breadcrumb\",\"itemListElement\":[{\"@type\":\"ListItem\",\"position\":1,\"name\":\"Home\",\"item\":\"https:\/\/www.oficinaempleo.com\/blog\/\"},{\"@type\":\"ListItem\",\"position\":2,\"name\":\"C\u00f3mo ser modelo\"}]},{\"@type\":\"WebSite\",\"@id\":\"https:\/\/www.oficinaempleo.com\/blog\/#website\",\"url\":\"https:\/\/www.oficinaempleo.com\/blog\/\",\"name\":\"Noticias y Consejos de Empleo | Blog OficinaEmpleo\",\"description\":\"\",\"publisher\":{\"@id\":\"https:\/\/www.oficinaempleo.com\/blog\/#organization\"},\"potentialAction\":[{\"@type\":\"SearchAction\",\"target\":{\"@type\":\"EntryPoint\",\"urlTemplate\":\"https:\/\/www.oficinaempleo.com\/blog\/?s={search_term_string}\"},\"query-input\":{\"@type\":\"PropertyValueSpecification\",\"valueRequired\":true,\"valueName\":\"search_term_string\"}}],\"inLanguage\":\"es\"},{\"@type\":\"Organization\",\"@id\":\"https:\/\/www.oficinaempleo.com\/blog\/#organization\",\"name\":\"OficinaEmpleo\",\"url\":\"https:\/\/www.oficinaempleo.com\/blog\/\",\"logo\":{\"@type\":\"ImageObject\",\"inLanguage\":\"es\",\"@id\":\"https:\/\/www.oficinaempleo.com\/blog\/#\/schema\/logo\/image\/\",\"url\":\"https:\/\/www.oficinaempleo.com\/blog\/wp-content\/uploads\/2018\/10\/logo_footer-1.jpg\",\"contentUrl\":\"https:\/\/www.oficinaempleo.com\/blog\/wp-content\/uploads\/2018\/10\/logo_footer-1.jpg\",\"width\":478,\"height\":57,\"caption\":\"OficinaEmpleo\"},\"image\":{\"@id\":\"https:\/\/www.oficinaempleo.com\/blog\/#\/schema\/logo\/image\/\"},\"sameAs\":[\"https:\/\/x.com\/OficinaEmpleo\"]},{\"@type\":\"Person\",\"@id\":\"https:\/\/www.oficinaempleo.com\/blog\/#\/schema\/person\/871405ab58bbb10c2dbc9d2462f92687\",\"name\":\"\u00c1frica Silvelo Gabriel\",\"image\":{\"@type\":\"ImageObject\",\"inLanguage\":\"es\",\"@id\":\"https:\/\/www.oficinaempleo.com\/blog\/#\/schema\/person\/image\/\",\"url\":\"https:\/\/secure.gravatar.com\/avatar\/f887464ff4e795edec0308e452b2e24042a367b5ed3816df682f1d0e05c52bbc?s=96&d=mm&r=g\",\"contentUrl\":\"https:\/\/secure.gravatar.com\/avatar\/f887464ff4e795edec0308e452b2e24042a367b5ed3816df682f1d0e05c52bbc?s=96&d=mm&r=g\",\"caption\":\"\u00c1frica Silvelo Gabriel\"},\"url\":\"https:\/\/www.oficinaempleo.com\/blog\/author\/africa-silvelo\/\"}]}<\/script>\n<!-- \/ Yoast SEO plugin. -->","yoast_head_json":{"title":"C\u00f3mo ser modelo - Blog OficinaEmpleo","robots":{"index":"index","follow":"follow","max-snippet":"max-snippet:-1","max-image-preview":"max-image-preview:large","max-video-preview":"max-video-preview:-1"},"canonical":"https:\/\/www.oficinaempleo.com\/blog\/como-ser-modelo-2\/","og_locale":"es_ES","og_type":"article","og_title":"C\u00f3mo ser modelo - Blog OficinaEmpleo","og_description":"Para cada una de las siguientes especialidades se necesitar\u00e1 unas caracter\u00edsticas y habilidades diferentes.","og_url":"https:\/\/www.oficinaempleo.com\/blog\/como-ser-modelo-2\/","og_site_name":"Noticias y consejos de empleo | Blog OficinaEmpleo","article_published_time":"2016-05-03T08:45:30+00:00","og_image":[{"width":600,"height":310,"url":"https:\/\/www.oficinaempleo.com\/blog\/wp-content\/uploads\/2016\/05\/blanca_padilla_p.jpg","type":"image\/jpeg"}],"author":"\u00c1frica Silvelo Gabriel","twitter_card":"summary_large_image","twitter_creator":"@OficinaEmpleo","twitter_site":"@OficinaEmpleo","twitter_misc":{"Written by":"\u00c1frica Silvelo Gabriel","Est. reading time":"4 minutos"},"schema":{"@context":"https:\/\/schema.org","@graph":[{"@type":"Article","@id":"https:\/\/www.oficinaempleo.com\/blog\/como-ser-modelo-2\/#article","isPartOf":{"@id":"https:\/\/www.oficinaempleo.com\/blog\/como-ser-modelo-2\/"},"author":{"name":"\u00c1frica Silvelo Gabriel","@id":"https:\/\/www.oficinaempleo.com\/blog\/#\/schema\/person\/871405ab58bbb10c2dbc9d2462f92687"},"headline":"C\u00f3mo ser modelo","datePublished":"2016-05-03T08:45:30+00:00","mainEntityOfPage":{"@id":"https:\/\/www.oficinaempleo.com\/blog\/como-ser-modelo-2\/"},"wordCount":752,"commentCount":1,"publisher":{"@id":"https:\/\/www.oficinaempleo.com\/blog\/#organization"},"image":{"@id":"https:\/\/www.oficinaempleo.com\/blog\/como-ser-modelo-2\/#primaryimage"},"thumbnailUrl":"https:\/\/www.oficinaempleo.com\/blog\/wp-content\/uploads\/2016\/05\/blanca_padilla_p.jpg","articleSection":["Consejos y Recursos"],"inLanguage":"es","potentialAction":[{"@type":"CommentAction","name":"Comment","target":["https:\/\/www.oficinaempleo.com\/blog\/como-ser-modelo-2\/#respond"]}]},{"@type":"WebPage","@id":"https:\/\/www.oficinaempleo.com\/blog\/como-ser-modelo-2\/","url":"https:\/\/www.oficinaempleo.com\/blog\/como-ser-modelo-2\/","name":"C\u00f3mo ser modelo - Blog OficinaEmpleo","isPartOf":{"@id":"https:\/\/www.oficinaempleo.com\/blog\/#website"},"primaryImageOfPage":{"@id":"https:\/\/www.oficinaempleo.com\/blog\/como-ser-modelo-2\/#primaryimage"},"image":{"@id":"https:\/\/www.oficinaempleo.com\/blog\/como-ser-modelo-2\/#primaryimage"},"thumbnailUrl":"https:\/\/www.oficinaempleo.com\/blog\/wp-content\/uploads\/2016\/05\/blanca_padilla_p.jpg","datePublished":"2016-05-03T08:45:30+00:00","breadcrumb":{"@id":"https:\/\/www.oficinaempleo.com\/blog\/como-ser-modelo-2\/#breadcrumb"},"inLanguage":"es","potentialAction":[{"@type":"ReadAction","target":["https:\/\/www.oficinaempleo.com\/blog\/como-ser-modelo-2\/"]}]},{"@type":"ImageObject","inLanguage":"es","@id":"https:\/\/www.oficinaempleo.com\/blog\/como-ser-modelo-2\/#primaryimage","url":"https:\/\/www.oficinaempleo.com\/blog\/wp-content\/uploads\/2016\/05\/blanca_padilla_p.jpg","contentUrl":"https:\/\/www.oficinaempleo.com\/blog\/wp-content\/uploads\/2016\/05\/blanca_padilla_p.jpg","width":600,"height":310,"caption":"La modelo Blanca Padilla durante un acto como imagen de la firma ''El Corte Ingl\u00e9s'' en Madrid 11\/03\/2016"},{"@type":"BreadcrumbList","@id":"https:\/\/www.oficinaempleo.com\/blog\/como-ser-modelo-2\/#breadcrumb","itemListElement":[{"@type":"ListItem","position":1,"name":"Home","item":"https:\/\/www.oficinaempleo.com\/blog\/"},{"@type":"ListItem","position":2,"name":"C\u00f3mo ser modelo"}]},{"@type":"WebSite","@id":"https:\/\/www.oficinaempleo.com\/blog\/#website","url":"https:\/\/www.oficinaempleo.com\/blog\/","name":"Noticias y Consejos de Empleo | Blog OficinaEmpleo","description":"","publisher":{"@id":"https:\/\/www.oficinaempleo.com\/blog\/#organization"},"potentialAction":[{"@type":"SearchAction","target":{"@type":"EntryPoint","urlTemplate":"https:\/\/www.oficinaempleo.com\/blog\/?s={search_term_string}"},"query-input":{"@type":"PropertyValueSpecification","valueRequired":true,"valueName":"search_term_string"}}],"inLanguage":"es"},{"@type":"Organization","@id":"https:\/\/www.oficinaempleo.com\/blog\/#organization","name":"OficinaEmpleo","url":"https:\/\/www.oficinaempleo.com\/blog\/","logo":{"@type":"ImageObject","inLanguage":"es","@id":"https:\/\/www.oficinaempleo.com\/blog\/#\/schema\/logo\/image\/","url":"https:\/\/www.oficinaempleo.com\/blog\/wp-content\/uploads\/2018\/10\/logo_footer-1.jpg","contentUrl":"https:\/\/www.oficinaempleo.com\/blog\/wp-content\/uploads\/2018\/10\/logo_footer-1.jpg","width":478,"height":57,"caption":"OficinaEmpleo"},"image":{"@id":"https:\/\/www.oficinaempleo.com\/blog\/#\/schema\/logo\/image\/"},"sameAs":["https:\/\/x.com\/OficinaEmpleo"]},{"@type":"Person","@id":"https:\/\/www.oficinaempleo.com\/blog\/#\/schema\/person\/871405ab58bbb10c2dbc9d2462f92687","name":"\u00c1frica Silvelo Gabriel","image":{"@type":"ImageObject","inLanguage":"es","@id":"https:\/\/www.oficinaempleo.com\/blog\/#\/schema\/person\/image\/","url":"https:\/\/secure.gravatar.com\/avatar\/f887464ff4e795edec0308e452b2e24042a367b5ed3816df682f1d0e05c52bbc?s=96&d=mm&r=g","contentUrl":"https:\/\/secure.gravatar.com\/avatar\/f887464ff4e795edec0308e452b2e24042a367b5ed3816df682f1d0e05c52bbc?s=96&d=mm&r=g","caption":"\u00c1frica Silvelo Gabriel"},"url":"https:\/\/www.oficinaempleo.com\/blog\/author\/africa-silvelo\/"}]}},"_links":{"self":[{"href":"https:\/\/www.oficinaempleo.com\/blog\/wp-json\/wp\/v2\/posts\/12130","targetHints":{"allow":["GET"]}}],"collection":[{"href":"https:\/\/www.oficinaempleo.com\/blog\/wp-json\/wp\/v2\/posts"}],"about":[{"href":"https:\/\/www.oficinaempleo.com\/blog\/wp-json\/wp\/v2\/types\/post"}],"author":[{"embeddable":true,"href":"https:\/\/www.oficinaempleo.com\/blog\/wp-json\/wp\/v2\/users\/8"}],"replies":[{"embeddable":true,"href":"https:\/\/www.oficinaempleo.com\/blog\/wp-json\/wp\/v2\/comments?post=12130"}],"version-history":[{"count":0,"href":"https:\/\/www.oficinaempleo.com\/blog\/wp-json\/wp\/v2\/posts\/12130\/revisions"}],"wp:featuredmedia":[{"embeddable":true,"href":"https:\/\/www.oficinaempleo.com\/blog\/wp-json\/wp\/v2\/media\/12134"}],"wp:attachment":[{"href":"https:\/\/www.oficinaempleo.com\/blog\/wp-json\/wp\/v2\/media?parent=12130"}],"wp:term":[{"taxonomy":"category","embeddable":true,"href":"https:\/\/www.oficinaempleo.com\/blog\/wp-json\/wp\/v2\/categories?post=12130"},{"taxonomy":"post_tag","embeddable":true,"href":"https:\/\/www.oficinaempleo.com\/blog\/wp-json\/wp\/v2\/tags?post=12130"}],"curies":[{"name":"wp","href":"https:\/\/api.w.org\/{rel}","templated":true}]}}