{"id":12151,"date":"2022-06-14T08:03:26","date_gmt":"2022-06-14T07:03:26","guid":{"rendered":"http:\/\/www.oficinaempleo.com\/blog\/?p=12151"},"modified":"2022-06-15T16:38:58","modified_gmt":"2022-06-15T15:38:58","slug":"como-trabajar-en-fagor","status":"publish","type":"post","link":"https:\/\/www.oficinaempleo.com\/blog\/como-trabajar-en-fagor\/","title":{"rendered":"C\u00f3mo trabajar en Fagor"},"content":{"rendered":"<p><strong>Fagor<\/strong> se trata de la empresa de <strong>fabricaci\u00f3n de maquinaria para hosteler\u00eda y restauraci\u00f3n<\/strong> m\u00e1s importante en nuestro pa\u00eds. La compa\u00f1\u00eda, con importante presencia a nivel internacional, ofrece <strong>soluciones multiproducto<\/strong> acompa\u00f1adas de servicios integrales para profesionales hosteleros.<\/p>\n<p>Pocas empresas ofrecen una gama tan amplia de producto como <strong>Fagor<\/strong>: hornos, lavavajillas, lavadoras, neveras, cocinas, entre otras. Por ello, <strong><a href=\"http:\/\/www.fagorindustrial.com\/es\" target=\"_blank\" rel=\"noopener noreferrer\">Fagor<\/a><\/strong> es la compa\u00f1\u00eda l\u00edder\u00a0en el <strong>mercado de electrodom\u00e9sticos<\/strong> nacional y son capaces de competir en los niveles m\u00e1s altos en diferentes pa\u00edses del mundo.<\/p>\n<div id=\"attachment_28209\" style=\"width: 600px\" class=\"wp-caption alignnone\"><a href=\"https:\/\/www.oficinaempleo.com\/blog\/wp-content\/uploads\/2020\/03\/OE-Art\u00edculo-texto-8.jpg\"><img loading=\"lazy\" decoding=\"async\" aria-describedby=\"caption-attachment-28209\" class=\"wp-image-28209 size-full\" src=\"https:\/\/www.oficinaempleo.com\/blog\/wp-content\/uploads\/2020\/03\/OE-Art\u00edculo-texto-8.jpg\" alt=\"\u00bfC\u00f3mo trabajar para FAGOR?\" width=\"590\" height=\"315\" srcset=\"https:\/\/www.oficinaempleo.com\/blog\/wp-content\/uploads\/2020\/03\/OE-Art\u00edculo-texto-8.jpg 590w, https:\/\/www.oficinaempleo.com\/blog\/wp-content\/uploads\/2020\/03\/OE-Art\u00edculo-texto-8-300x160.jpg 300w\" sizes=\"auto, (max-width: 590px) 100vw, 590px\" \/><\/a><p id=\"caption-attachment-28209\" class=\"wp-caption-text\">\u00bfC\u00f3mo trabajar para Fagor? (iStock)<\/p><\/div>\n<p>Desde 1960, <strong>Fagor<\/strong> no ha parado de crecer como compa\u00f1\u00eda al apostar por nuevas l\u00edneas de comercio y potenciarlas\u00a0a nivel internacional\u00a0haci\u00e9ndose <strong>fuertes como marca en el <a href=\"http:\/\/www.oficinaempleo.com\/blog\/a-que-hora-es-mas-economico-usar-cada-uno-de-los-electrodomesticos\/\" target=\"_blank\" rel=\"noopener noreferrer\">sector de los electrodom\u00e9sticos<\/a><\/strong>.<\/p>\n<p>Si en algo se ha basado el <strong>\u00e9xito de Fagor<\/strong>, ha sido en la confianza depositada en el talento de su equipo humano y en su capacidad de proveer de soluciones eficientes a los clientes. Como requisito imprescindible para<strong> trabajar en Fagor<\/strong> ser\u00e1 necesario contar con un esp\u00edritu de implicaci\u00f3n y responsabilidad en un proyecto com\u00fan, adem\u00e1s de un demostrable car\u00e1cter de compromiso con la sociedad y el futuro del desarrollo de la compa\u00f1\u00eda.<\/p>\n<p>Si te gustar\u00eda <strong>trabajar en Fagor<\/strong>, pinchando en este <strong>enlace<\/strong> podr\u00e1s<strong> <a href=\"http:\/\/www.fagorindustrial.com\/es\/trabaja-con-nosotros\" target=\"_blank\" rel=\"noopener noreferrer\">enviar tus datos<\/a><\/strong> para que cuenten con tu candidatura en futuros procesos de selecci\u00f3n.<\/p>\n<p>En <a href=\"https:\/\/www.oficinaempleo.com\/\" target=\"_blank\" rel=\"noopener\">Oficina Empleo<\/a> podr\u00e1s acceder a otras <strong>ofertas de empleo<\/strong> para.\u00a0Si quieres, puedes mirar otras empresas del sector. En nuestro blog podr\u00e1s ver<a href=\"http:\/\/www.oficinaempleo.com\/blog\/trabajar-coca-cola\/\" target=\"_blank\" rel=\"noopener\"> c\u00f3mo trabajar en Coca-cola<\/a>\u00a0entre otras empresas.<\/p>\n<div><strong>Encuentra trabajo en tu provincia:<\/strong><\/div>\n<div>\n<ul>\n<li><a href=\"https:\/\/www.oficinaempleo.com\/ofertas-empleo-en\/madrid\" rel=\"noopener noreferrer\" data-saferedirecturl=\"https:\/\/jobs.oficinaempleo.com\/registro?origen=ORG-web&utm_source=OE&utm_medium=boton_registro&utm_content=homepage&utm_campaign=organic\" target=\"_blank\">Empleo en Madrid<\/a><\/li>\n<li><a href=\"https:\/\/www.oficinaempleo.com\/ofertas-empleo-en\/barcelona\" rel=\"noopener noreferrer\" data-saferedirecturl=\"https:\/\/jobs.oficinaempleo.com\/registro?origen=ORG-web&utm_source=OE&utm_medium=boton_registro&utm_content=homepage&utm_campaign=organic\" target=\"_blank\">Empleo en Barcelona<\/a><\/li>\n<li><a href=\"https:\/\/www.oficinaempleo.com\/ofertas-empleo-en\/alicante\" rel=\"noopener noreferrer\" data-saferedirecturl=\"https:\/\/jobs.oficinaempleo.com\/registro?origen=ORG-web&utm_source=OE&utm_medium=boton_registro&utm_content=homepage&utm_campaign=organic\" target=\"_blank\">Empleo en Alicante<\/a><\/li>\n<li><a href=\"https:\/\/www.oficinaempleo.com\/ofertas-empleo-en\/santa-cruz-de-tenerife\" rel=\"noopener noreferrer\" data-saferedirecturl=\"https:\/\/jobs.oficinaempleo.com\/registro?origen=ORG-web&utm_source=OE&utm_medium=boton_registro&utm_content=homepage&utm_campaign=organic\" target=\"_blank\">Empleo en Santa Cruz de Tenerife<\/a><\/li>\n<li><a href=\"https:\/\/www.oficinaempleo.com\/ofertas-empleo-en\/sevilla\" rel=\"noopener noreferrer\" data-saferedirecturl=\"https:\/\/jobs.oficinaempleo.com\/registro?origen=ORG-web&utm_source=OE&utm_medium=boton_registro&utm_content=homepage&utm_campaign=organic\" target=\"_blank\">Empleo en Sevilla<\/a><\/li>\n<\/ul>\n<\/div>\n","protected":false},"excerpt":{"rendered":"<p>\u00bfTe gustar\u00eda formar parte de la mayor empresa de fabricaci\u00f3n de maquinaria de hosteler\u00eda y restauraci\u00f3n?<\/p>\n","protected":false},"author":2,"featured_media":12158,"comment_status":"open","ping_status":"open","sticky":false,"template":"","format":"standard","meta":{"footnotes":""},"categories":[691,12,637,512,1441,4,1756,3,689,10,17,690,11,1113,7],"tags":[],"class_list":["post-12151","post","type-post","status-publish","format-standard","has-post-thumbnail","hentry","category-actualidad-empleo","category-consejos-y-recursos","category-empleo-internacional-2","category-emprendedores","category-empresas","category-marketing-y-comunicacion","category-motivacion","category-noticias-empleo","category-ofertas-empleo-destacadas","category-primer-empleo","category-profesiones","category-psicologia-empleo","category-recursos-humanos","category-supermercados","category-turismo-y-hosteleria","cat-691-id","cat-12-id","cat-637-id","cat-512-id","cat-1441-id","cat-4-id","cat-1756-id","cat-3-id","cat-689-id","cat-10-id","cat-17-id","cat-690-id","cat-11-id","cat-1113-id","cat-7-id","has_thumb"],"yoast_head":"<!-- This site is optimized with the Yoast SEO plugin v27.1.1 - https:\/\/yoast.com\/product\/yoast-seo-wordpress\/ -->\n<title>C\u00f3mo trabajar en Fagor - Oficina Empleo<\/title>\n<meta name=\"description\" content=\"Si est\u00e1s interesado en trabajar en una gran empresa, esta puede ser tu oportunidad, si te gusta este sector, puedes probar suerte.\" \/>\n<meta name=\"robots\" content=\"index, follow, max-snippet:-1, max-image-preview:large, max-video-preview:-1\" \/>\n<link rel=\"canonical\" href=\"https:\/\/www.oficinaempleo.com\/blog\/como-trabajar-en-fagor\/\" \/>\n<meta property=\"og:locale\" content=\"es_ES\" \/>\n<meta property=\"og:type\" content=\"article\" \/>\n<meta property=\"og:title\" content=\"C\u00f3mo trabajar en Fagor - Oficina Empleo\" \/>\n<meta property=\"og:description\" content=\"Si est\u00e1s interesado en trabajar en una gran empresa, esta puede ser tu oportunidad, si te gusta este sector, puedes probar suerte.\" \/>\n<meta property=\"og:url\" content=\"https:\/\/www.oficinaempleo.com\/blog\/como-trabajar-en-fagor\/\" \/>\n<meta property=\"og:site_name\" content=\"Noticias y consejos de empleo | Blog OficinaEmpleo\" \/>\n<meta property=\"article:author\" content=\"https:\/\/www.facebook.com\/OficinaEmpleo\" \/>\n<meta property=\"article:published_time\" content=\"2022-06-14T07:03:26+00:00\" \/>\n<meta property=\"article:modified_time\" content=\"2022-06-15T15:38:58+00:00\" \/>\n<meta property=\"og:image\" content=\"https:\/\/www.oficinaempleo.com\/blog\/wp-content\/uploads\/2016\/05\/fagor-BLOG.jpg\" \/>\n\t<meta property=\"og:image:width\" content=\"600\" \/>\n\t<meta property=\"og:image:height\" content=\"310\" \/>\n\t<meta property=\"og:image:type\" content=\"image\/jpeg\" \/>\n<meta name=\"author\" content=\"OficinaEmpleo\" \/>\n<meta name=\"twitter:card\" content=\"summary_large_image\" \/>\n<meta name=\"twitter:creator\" content=\"@OficinaEmpleo\" \/>\n<meta name=\"twitter:site\" content=\"@OficinaEmpleo\" \/>\n<meta name=\"twitter:label1\" content=\"Written by\" \/>\n\t<meta name=\"twitter:data1\" content=\"OficinaEmpleo\" \/>\n\t<meta name=\"twitter:label2\" content=\"Est. reading time\" \/>\n\t<meta name=\"twitter:data2\" content=\"2 minutos\" \/>\n<script type=\"application\/ld+json\" class=\"yoast-schema-graph\">{\"@context\":\"https:\/\/schema.org\",\"@graph\":[{\"@type\":\"Article\",\"@id\":\"https:\/\/www.oficinaempleo.com\/blog\/como-trabajar-en-fagor\/#article\",\"isPartOf\":{\"@id\":\"https:\/\/www.oficinaempleo.com\/blog\/como-trabajar-en-fagor\/\"},\"author\":{\"name\":\"OficinaEmpleo\",\"@id\":\"https:\/\/www.oficinaempleo.com\/blog\/#\/schema\/person\/a7f3437f35bd6bd9ad19addae529a114\"},\"headline\":\"C\u00f3mo trabajar en Fagor\",\"datePublished\":\"2022-06-14T07:03:26+00:00\",\"dateModified\":\"2022-06-15T15:38:58+00:00\",\"mainEntityOfPage\":{\"@id\":\"https:\/\/www.oficinaempleo.com\/blog\/como-trabajar-en-fagor\/\"},\"wordCount\":313,\"commentCount\":121,\"publisher\":{\"@id\":\"https:\/\/www.oficinaempleo.com\/blog\/#organization\"},\"image\":{\"@id\":\"https:\/\/www.oficinaempleo.com\/blog\/como-trabajar-en-fagor\/#primaryimage\"},\"thumbnailUrl\":\"https:\/\/www.oficinaempleo.com\/blog\/wp-content\/uploads\/2016\/05\/fagor-BLOG.jpg\",\"articleSection\":[\"Actualidad\",\"Consejos y Recursos\",\"Empleo Internacional\",\"Emprendedores\",\"Empresas\",\"Marketing y comunicacion\",\"Motivaci\u00f3n\",\"Noticias Empleo\",\"Ofertas destacadas\",\"Primer empleo\",\"Profesiones\",\"Psicolog\u00eda\",\"Recursos humanos\",\"supermercados\",\"Turismo y hosteleria\"],\"inLanguage\":\"es\",\"potentialAction\":[{\"@type\":\"CommentAction\",\"name\":\"Comment\",\"target\":[\"https:\/\/www.oficinaempleo.com\/blog\/como-trabajar-en-fagor\/#respond\"]}]},{\"@type\":\"WebPage\",\"@id\":\"https:\/\/www.oficinaempleo.com\/blog\/como-trabajar-en-fagor\/\",\"url\":\"https:\/\/www.oficinaempleo.com\/blog\/como-trabajar-en-fagor\/\",\"name\":\"C\u00f3mo trabajar en Fagor - Oficina Empleo\",\"isPartOf\":{\"@id\":\"https:\/\/www.oficinaempleo.com\/blog\/#website\"},\"primaryImageOfPage\":{\"@id\":\"https:\/\/www.oficinaempleo.com\/blog\/como-trabajar-en-fagor\/#primaryimage\"},\"image\":{\"@id\":\"https:\/\/www.oficinaempleo.com\/blog\/como-trabajar-en-fagor\/#primaryimage\"},\"thumbnailUrl\":\"https:\/\/www.oficinaempleo.com\/blog\/wp-content\/uploads\/2016\/05\/fagor-BLOG.jpg\",\"datePublished\":\"2022-06-14T07:03:26+00:00\",\"dateModified\":\"2022-06-15T15:38:58+00:00\",\"description\":\"Si est\u00e1s interesado en trabajar en una gran empresa, esta puede ser tu oportunidad, si te gusta este sector, puedes probar suerte.\",\"breadcrumb\":{\"@id\":\"https:\/\/www.oficinaempleo.com\/blog\/como-trabajar-en-fagor\/#breadcrumb\"},\"inLanguage\":\"es\",\"potentialAction\":[{\"@type\":\"ReadAction\",\"target\":[\"https:\/\/www.oficinaempleo.com\/blog\/como-trabajar-en-fagor\/\"]}]},{\"@type\":\"ImageObject\",\"inLanguage\":\"es\",\"@id\":\"https:\/\/www.oficinaempleo.com\/blog\/como-trabajar-en-fagor\/#primaryimage\",\"url\":\"https:\/\/www.oficinaempleo.com\/blog\/wp-content\/uploads\/2016\/05\/fagor-BLOG.jpg\",\"contentUrl\":\"https:\/\/www.oficinaempleo.com\/blog\/wp-content\/uploads\/2016\/05\/fagor-BLOG.jpg\",\"width\":600,\"height\":310,\"caption\":\"Trabajar en Fagor\"},{\"@type\":\"BreadcrumbList\",\"@id\":\"https:\/\/www.oficinaempleo.com\/blog\/como-trabajar-en-fagor\/#breadcrumb\",\"itemListElement\":[{\"@type\":\"ListItem\",\"position\":1,\"name\":\"Home\",\"item\":\"https:\/\/www.oficinaempleo.com\/blog\/\"},{\"@type\":\"ListItem\",\"position\":2,\"name\":\"C\u00f3mo trabajar en Fagor\"}]},{\"@type\":\"WebSite\",\"@id\":\"https:\/\/www.oficinaempleo.com\/blog\/#website\",\"url\":\"https:\/\/www.oficinaempleo.com\/blog\/\",\"name\":\"Noticias y Consejos de Empleo | Blog OficinaEmpleo\",\"description\":\"\",\"publisher\":{\"@id\":\"https:\/\/www.oficinaempleo.com\/blog\/#organization\"},\"potentialAction\":[{\"@type\":\"SearchAction\",\"target\":{\"@type\":\"EntryPoint\",\"urlTemplate\":\"https:\/\/www.oficinaempleo.com\/blog\/?s={search_term_string}\"},\"query-input\":{\"@type\":\"PropertyValueSpecification\",\"valueRequired\":true,\"valueName\":\"search_term_string\"}}],\"inLanguage\":\"es\"},{\"@type\":\"Organization\",\"@id\":\"https:\/\/www.oficinaempleo.com\/blog\/#organization\",\"name\":\"OficinaEmpleo\",\"url\":\"https:\/\/www.oficinaempleo.com\/blog\/\",\"logo\":{\"@type\":\"ImageObject\",\"inLanguage\":\"es\",\"@id\":\"https:\/\/www.oficinaempleo.com\/blog\/#\/schema\/logo\/image\/\",\"url\":\"https:\/\/www.oficinaempleo.com\/blog\/wp-content\/uploads\/2018\/10\/logo_footer-1.jpg\",\"contentUrl\":\"https:\/\/www.oficinaempleo.com\/blog\/wp-content\/uploads\/2018\/10\/logo_footer-1.jpg\",\"width\":478,\"height\":57,\"caption\":\"OficinaEmpleo\"},\"image\":{\"@id\":\"https:\/\/www.oficinaempleo.com\/blog\/#\/schema\/logo\/image\/\"},\"sameAs\":[\"https:\/\/x.com\/OficinaEmpleo\"]},{\"@type\":\"Person\",\"@id\":\"https:\/\/www.oficinaempleo.com\/blog\/#\/schema\/person\/a7f3437f35bd6bd9ad19addae529a114\",\"name\":\"OficinaEmpleo\",\"image\":{\"@type\":\"ImageObject\",\"inLanguage\":\"es\",\"@id\":\"https:\/\/www.oficinaempleo.com\/blog\/#\/schema\/person\/image\/\",\"url\":\"https:\/\/secure.gravatar.com\/avatar\/ea822afb14d7439ba3051d652cf8f548fe540f184ce16a2135fc22c9337bd72e?s=96&d=mm&r=g\",\"contentUrl\":\"https:\/\/secure.gravatar.com\/avatar\/ea822afb14d7439ba3051d652cf8f548fe540f184ce16a2135fc22c9337bd72e?s=96&d=mm&r=g\",\"caption\":\"OficinaEmpleo\"},\"description\":\"En OficinaEmpleo queremos ayudarte a conseguir trabajo. Por eso, adem\u00e1s de ofrecerte ofertas de empleo en nuestro portal, te ense\u00f1amos las novedades del sector, y consejos para mejorar tu perfil.\",\"sameAs\":[\"http:\/\/www.oficinaempleo.com\/\",\"https:\/\/www.facebook.com\/OficinaEmpleo\",\"https:\/\/x.com\/OficinaEmpleo\"],\"url\":\"https:\/\/www.oficinaempleo.com\/blog\/author\/empleo\/\"}]}<\/script>\n<!-- \/ Yoast SEO plugin. -->","yoast_head_json":{"title":"C\u00f3mo trabajar en Fagor - Oficina Empleo","description":"Si est\u00e1s interesado en trabajar en una gran empresa, esta puede ser tu oportunidad, si te gusta este sector, puedes probar suerte.","robots":{"index":"index","follow":"follow","max-snippet":"max-snippet:-1","max-image-preview":"max-image-preview:large","max-video-preview":"max-video-preview:-1"},"canonical":"https:\/\/www.oficinaempleo.com\/blog\/como-trabajar-en-fagor\/","og_locale":"es_ES","og_type":"article","og_title":"C\u00f3mo trabajar en Fagor - Oficina Empleo","og_description":"Si est\u00e1s interesado en trabajar en una gran empresa, esta puede ser tu oportunidad, si te gusta este sector, puedes probar suerte.","og_url":"https:\/\/www.oficinaempleo.com\/blog\/como-trabajar-en-fagor\/","og_site_name":"Noticias y consejos de empleo | Blog OficinaEmpleo","article_author":"https:\/\/www.facebook.com\/OficinaEmpleo","article_published_time":"2022-06-14T07:03:26+00:00","article_modified_time":"2022-06-15T15:38:58+00:00","og_image":[{"width":600,"height":310,"url":"https:\/\/www.oficinaempleo.com\/blog\/wp-content\/uploads\/2016\/05\/fagor-BLOG.jpg","type":"image\/jpeg"}],"author":"OficinaEmpleo","twitter_card":"summary_large_image","twitter_creator":"@OficinaEmpleo","twitter_site":"@OficinaEmpleo","twitter_misc":{"Written by":"OficinaEmpleo","Est. reading time":"2 minutos"},"schema":{"@context":"https:\/\/schema.org","@graph":[{"@type":"Article","@id":"https:\/\/www.oficinaempleo.com\/blog\/como-trabajar-en-fagor\/#article","isPartOf":{"@id":"https:\/\/www.oficinaempleo.com\/blog\/como-trabajar-en-fagor\/"},"author":{"name":"OficinaEmpleo","@id":"https:\/\/www.oficinaempleo.com\/blog\/#\/schema\/person\/a7f3437f35bd6bd9ad19addae529a114"},"headline":"C\u00f3mo trabajar en Fagor","datePublished":"2022-06-14T07:03:26+00:00","dateModified":"2022-06-15T15:38:58+00:00","mainEntityOfPage":{"@id":"https:\/\/www.oficinaempleo.com\/blog\/como-trabajar-en-fagor\/"},"wordCount":313,"commentCount":121,"publisher":{"@id":"https:\/\/www.oficinaempleo.com\/blog\/#organization"},"image":{"@id":"https:\/\/www.oficinaempleo.com\/blog\/como-trabajar-en-fagor\/#primaryimage"},"thumbnailUrl":"https:\/\/www.oficinaempleo.com\/blog\/wp-content\/uploads\/2016\/05\/fagor-BLOG.jpg","articleSection":["Actualidad","Consejos y Recursos","Empleo Internacional","Emprendedores","Empresas","Marketing y comunicacion","Motivaci\u00f3n","Noticias Empleo","Ofertas destacadas","Primer empleo","Profesiones","Psicolog\u00eda","Recursos humanos","supermercados","Turismo y hosteleria"],"inLanguage":"es","potentialAction":[{"@type":"CommentAction","name":"Comment","target":["https:\/\/www.oficinaempleo.com\/blog\/como-trabajar-en-fagor\/#respond"]}]},{"@type":"WebPage","@id":"https:\/\/www.oficinaempleo.com\/blog\/como-trabajar-en-fagor\/","url":"https:\/\/www.oficinaempleo.com\/blog\/como-trabajar-en-fagor\/","name":"C\u00f3mo trabajar en Fagor - Oficina Empleo","isPartOf":{"@id":"https:\/\/www.oficinaempleo.com\/blog\/#website"},"primaryImageOfPage":{"@id":"https:\/\/www.oficinaempleo.com\/blog\/como-trabajar-en-fagor\/#primaryimage"},"image":{"@id":"https:\/\/www.oficinaempleo.com\/blog\/como-trabajar-en-fagor\/#primaryimage"},"thumbnailUrl":"https:\/\/www.oficinaempleo.com\/blog\/wp-content\/uploads\/2016\/05\/fagor-BLOG.jpg","datePublished":"2022-06-14T07:03:26+00:00","dateModified":"2022-06-15T15:38:58+00:00","description":"Si est\u00e1s interesado en trabajar en una gran empresa, esta puede ser tu oportunidad, si te gusta este sector, puedes probar suerte.","breadcrumb":{"@id":"https:\/\/www.oficinaempleo.com\/blog\/como-trabajar-en-fagor\/#breadcrumb"},"inLanguage":"es","potentialAction":[{"@type":"ReadAction","target":["https:\/\/www.oficinaempleo.com\/blog\/como-trabajar-en-fagor\/"]}]},{"@type":"ImageObject","inLanguage":"es","@id":"https:\/\/www.oficinaempleo.com\/blog\/como-trabajar-en-fagor\/#primaryimage","url":"https:\/\/www.oficinaempleo.com\/blog\/wp-content\/uploads\/2016\/05\/fagor-BLOG.jpg","contentUrl":"https:\/\/www.oficinaempleo.com\/blog\/wp-content\/uploads\/2016\/05\/fagor-BLOG.jpg","width":600,"height":310,"caption":"Trabajar en Fagor"},{"@type":"BreadcrumbList","@id":"https:\/\/www.oficinaempleo.com\/blog\/como-trabajar-en-fagor\/#breadcrumb","itemListElement":[{"@type":"ListItem","position":1,"name":"Home","item":"https:\/\/www.oficinaempleo.com\/blog\/"},{"@type":"ListItem","position":2,"name":"C\u00f3mo trabajar en Fagor"}]},{"@type":"WebSite","@id":"https:\/\/www.oficinaempleo.com\/blog\/#website","url":"https:\/\/www.oficinaempleo.com\/blog\/","name":"Noticias y Consejos de Empleo | Blog OficinaEmpleo","description":"","publisher":{"@id":"https:\/\/www.oficinaempleo.com\/blog\/#organization"},"potentialAction":[{"@type":"SearchAction","target":{"@type":"EntryPoint","urlTemplate":"https:\/\/www.oficinaempleo.com\/blog\/?s={search_term_string}"},"query-input":{"@type":"PropertyValueSpecification","valueRequired":true,"valueName":"search_term_string"}}],"inLanguage":"es"},{"@type":"Organization","@id":"https:\/\/www.oficinaempleo.com\/blog\/#organization","name":"OficinaEmpleo","url":"https:\/\/www.oficinaempleo.com\/blog\/","logo":{"@type":"ImageObject","inLanguage":"es","@id":"https:\/\/www.oficinaempleo.com\/blog\/#\/schema\/logo\/image\/","url":"https:\/\/www.oficinaempleo.com\/blog\/wp-content\/uploads\/2018\/10\/logo_footer-1.jpg","contentUrl":"https:\/\/www.oficinaempleo.com\/blog\/wp-content\/uploads\/2018\/10\/logo_footer-1.jpg","width":478,"height":57,"caption":"OficinaEmpleo"},"image":{"@id":"https:\/\/www.oficinaempleo.com\/blog\/#\/schema\/logo\/image\/"},"sameAs":["https:\/\/x.com\/OficinaEmpleo"]},{"@type":"Person","@id":"https:\/\/www.oficinaempleo.com\/blog\/#\/schema\/person\/a7f3437f35bd6bd9ad19addae529a114","name":"OficinaEmpleo","image":{"@type":"ImageObject","inLanguage":"es","@id":"https:\/\/www.oficinaempleo.com\/blog\/#\/schema\/person\/image\/","url":"https:\/\/secure.gravatar.com\/avatar\/ea822afb14d7439ba3051d652cf8f548fe540f184ce16a2135fc22c9337bd72e?s=96&d=mm&r=g","contentUrl":"https:\/\/secure.gravatar.com\/avatar\/ea822afb14d7439ba3051d652cf8f548fe540f184ce16a2135fc22c9337bd72e?s=96&d=mm&r=g","caption":"OficinaEmpleo"},"description":"En OficinaEmpleo queremos ayudarte a conseguir trabajo. Por eso, adem\u00e1s de ofrecerte ofertas de empleo en nuestro portal, te ense\u00f1amos las novedades del sector, y consejos para mejorar tu perfil.","sameAs":["http:\/\/www.oficinaempleo.com\/","https:\/\/www.facebook.com\/OficinaEmpleo","https:\/\/x.com\/OficinaEmpleo"],"url":"https:\/\/www.oficinaempleo.com\/blog\/author\/empleo\/"}]}},"_links":{"self":[{"href":"https:\/\/www.oficinaempleo.com\/blog\/wp-json\/wp\/v2\/posts\/12151","targetHints":{"allow":["GET"]}}],"collection":[{"href":"https:\/\/www.oficinaempleo.com\/blog\/wp-json\/wp\/v2\/posts"}],"about":[{"href":"https:\/\/www.oficinaempleo.com\/blog\/wp-json\/wp\/v2\/types\/post"}],"author":[{"embeddable":true,"href":"https:\/\/www.oficinaempleo.com\/blog\/wp-json\/wp\/v2\/users\/2"}],"replies":[{"embeddable":true,"href":"https:\/\/www.oficinaempleo.com\/blog\/wp-json\/wp\/v2\/comments?post=12151"}],"version-history":[{"count":6,"href":"https:\/\/www.oficinaempleo.com\/blog\/wp-json\/wp\/v2\/posts\/12151\/revisions"}],"predecessor-version":[{"id":31480,"href":"https:\/\/www.oficinaempleo.com\/blog\/wp-json\/wp\/v2\/posts\/12151\/revisions\/31480"}],"wp:featuredmedia":[{"embeddable":true,"href":"https:\/\/www.oficinaempleo.com\/blog\/wp-json\/wp\/v2\/media\/12158"}],"wp:attachment":[{"href":"https:\/\/www.oficinaempleo.com\/blog\/wp-json\/wp\/v2\/media?parent=12151"}],"wp:term":[{"taxonomy":"category","embeddable":true,"href":"https:\/\/www.oficinaempleo.com\/blog\/wp-json\/wp\/v2\/categories?post=12151"},{"taxonomy":"post_tag","embeddable":true,"href":"https:\/\/www.oficinaempleo.com\/blog\/wp-json\/wp\/v2\/tags?post=12151"}],"curies":[{"name":"wp","href":"https:\/\/api.w.org\/{rel}","templated":true}]}}