{"id":12558,"date":"2016-08-15T12:03:51","date_gmt":"2016-08-15T10:03:51","guid":{"rendered":"http:\/\/www.oficinaempleo.com\/blog\/?p=12558"},"modified":"2016-08-16T13:43:05","modified_gmt":"2016-08-16T11:43:05","slug":"nuevas-incorporaciones-trabajar-en-ikea","status":"publish","type":"post","link":"https:\/\/www.oficinaempleo.com\/blog\/nuevas-incorporaciones-trabajar-en-ikea\/","title":{"rendered":"Nuevas incorporaciones para trabajar en IKEA"},"content":{"rendered":"<div class=\"su-button-center\"><a href=\"https:\/\/jobs.oficinaempleo.com\/registro?origen=ORG-web&#038;utm_source=OE&#038;utm_medium=boton_registro&#038;utm_content=homepage&#038;utm_campaign=organic\" class=\"su-button su-button-style-flat\" style=\"color:#FFFFFF;background-color:#ec7d0c;border-color:#bd640a;border-radius:10px\" target=\"__blank\"><span style=\"color:#FFFFFF;padding:8px 26px;font-size:20px;line-height:30px;border-color:#f2a455;border-radius:10px;text-shadow:none\"><i class=\"sui sui-arrow-circle-right\" style=\"font-size:20px;color:#FFFFFF\"><\/i> Reg\u00edstrate gratis en OficinaEmpleo<\/span><\/a><\/div><div class=\"su-spacer\" style=\"height:30px\"><\/div>\n<p style=\"text-align: justify;\">La multinacional sueca <strong>Ikea necesita incorporar nuevo personal para trabajar<\/strong> en diferentes\u00a0establecimientos ubicados en varios\u00a0puntos de nuestro pa\u00eds. Los <strong>puestos ofertados<\/strong> se encuentran dentro de los departamentos de <strong>atenci\u00f3n al cliente,  ventas,  restaurante y log\u00edstica<\/strong>.<\/p>\n<p style=\"text-align: justify;\"><a href=\"http:\/\/www.oficinaempleo.com\/blog\/wp-content\/uploads\/2016\/05\/ikea-insdieFB.jpg\"><img loading=\"lazy\" decoding=\"async\" class=\"alignnone size-full wp-image-12563\" src=\"http:\/\/www.oficinaempleo.com\/blog\/wp-content\/uploads\/2016\/05\/ikea-insdieFB.jpg\" alt=\"Ikea (Istock)\" width=\"1200\" height=\"637\" srcset=\"https:\/\/www.oficinaempleo.com\/blog\/wp-content\/uploads\/2016\/05\/ikea-insdieFB.jpg 1200w, https:\/\/www.oficinaempleo.com\/blog\/wp-content\/uploads\/2016\/05\/ikea-insdieFB-300x159.jpg 300w, https:\/\/www.oficinaempleo.com\/blog\/wp-content\/uploads\/2016\/05\/ikea-insdieFB-1024x544.jpg 1024w\" sizes=\"auto, (max-width: 1200px) 100vw, 1200px\" \/><\/a><\/p>\n<p style=\"text-align: justify;\">Como podemos leer en este <strong>art\u00edculo<\/strong> de <strong><a href=\"http:\/\/www.lasprovincias.es\/economia\/201605\/26\/ikea-valencia-ofrece-trabajo-20160526111500.html\" >lasprovincias.es<\/a><\/strong>, Ikea necesita incorporar <strong>120 nuevos empleados para trabajar en su tienda ubicada en Alfafar (Valencia)<\/strong> con la finalidad de cubrir puestos de refuerzo durante la temporada de verano.<\/p>\n<p style=\"text-align: justify;\">Para poder <strong><a href=\"http:\/\/www.ikea.com\/es\/es\/\" >trabajar en Ikea<\/a><\/strong> es necesario cumplir una serie de <strong>requisitos m\u00ednimos<\/strong> como los siguientes:<\/p>\n<ul style=\"text-align: justify;\">\n<li>Capacidad de asumir responsabilidades<\/li>\n<li>Fuerte orientaci\u00f3n al cliente y dotes comunicativas<\/li>\n<li>Gusto por la decoraci\u00f3n y car\u00e1cter entusiasta<\/li>\n<li>Capacidad para trabajar en equipo<\/li>\n<li>Demostrable iniciativa propia<\/li>\n<\/ul>\n<p style=\"text-align: justify;\">Por su parte, como podemos leer en este<strong> art\u00edculo<\/strong> de <strong><a href=\"http:\/\/ecodiario.eleconomista.es\/politica\/noticias\/7554819\/05\/16\/Ikea-firma-un-convenio-con-Alcorcon-para-dinamizar-el-empleo.html\" >eleconomista.es<\/a><\/strong>, Ikea y el<strong> Ayuntamiento de Alcorc\u00f3n<\/strong> firmaron hace unas semanas un convenio de dinamizaci\u00f3n del empleo por el que durante un a\u00f1o, ambos se comprometen a lograr un <strong>incremento de la contrataci\u00f3n y una mejora de la empleabilidad<\/strong> en la localidad.<\/p>\n<p style=\"text-align: justify;\">Este acuerdo viene dado por la <strong>pr\u00f3xima apertura de la nueva tienda<\/strong> que se inaugurar\u00e1 en Alcorc\u00f3n el pr\u00f3ximo <strong>22 de junio<\/strong>. La cu\u00e1l se convertir\u00e1 en el <strong>establecimiento m\u00e1s grande de Ikea<\/strong> en la <strong>Comunidad de Madrid<\/strong>, pues contar\u00e1 con una superficie de 39.400 metros cuadrados y 2450 plazas de aparcamiento.<\/p>\n<p style=\"text-align: justify;\">Los responsables de la compa\u00f1\u00eda aseguran que durante el verano <strong>necesitar\u00e1n incorporar personal<\/strong> en otros establecimientos del pa\u00eds y que estas ofertas de empleo se publicar\u00e1n en la <strong><a href=\"http:\/\/www.ikea.com\/ms\/es_ES\/about-the-ikea-group\/working-at-the-ikea-group\/index.html\" >web corporativa de Ikea<\/a>\u00a0<\/strong>a la que puedes acceder directamente a trav\u00e9s del<strong>\u00a0enlace <\/strong>que te facilitamos.<\/p>\n<p style=\"text-align: justify;\">En <strong>oficinaempleo<\/strong> podr\u00e1s encontrar otras<strong> ofertas de empleo<\/strong> relativas a <strong><a href=\"http:\/\/www.oficinaempleo.com\/do\/search.php?id_area=&amp;id_prov=&amp;button=B%FAsqueda&amp;id_jobtitle=&amp;keywords=dependiente+decoracion&amp;LuMCb4DZ=ZWNmMjIwMGUyMjVjNGFiNjkxZmQwZjBhOWM4YjI2MzU\" >trabajar como dependiente\/a en tiendas<\/a><\/strong> de decoraci\u00f3n y bricolaje.<\/p>\n<p style=\"text-align: justify;\"><div class=\"su-button-center\"><a href=\"https:\/\/jobs.oficinaempleo.com\/registro?origen=ORG-web&#038;utm_source=OE&#038;utm_medium=boton_registro&#038;utm_content=homepage&#038;utm_campaign=organic\" class=\"su-button su-button-style-flat\" style=\"color:#FFFFFF;background-color:#ec7d0c;border-color:#bd640a;border-radius:10px\" target=\"__blank\"><span style=\"color:#FFFFFF;padding:8px 26px;font-size:20px;line-height:30px;border-color:#f2a455;border-radius:10px;text-shadow:none\"><i class=\"sui sui-arrow-circle-right\" style=\"font-size:20px;color:#FFFFFF\"><\/i> Reg\u00edstrate gratis en OficinaEmpleo<\/span><\/a><\/div><div class=\"su-spacer\" style=\"height:30px\"><\/div>\n","protected":false},"excerpt":{"rendered":"<p>La compa\u00f1\u00eda prev\u00e9 la incorporaci\u00f3n de un total de 522 personas, de las que 340 ser\u00e1n maquinistas, 102 operadores de mantenimiento y fabricaci\u00f3n y otras 80 operadores comerciales.<\/p>\n","protected":false},"author":2,"featured_media":12564,"comment_status":"open","ping_status":"open","sticky":false,"template":"","format":"standard","meta":{"footnotes":""},"categories":[691,9,637,512,1441,4,3,689,10,17,11,8,7],"tags":[],"class_list":["post-12558","post","type-post","status-publish","format-standard","has-post-thumbnail","hentry","category-actualidad-empleo","category-administracion","category-empleo-internacional-2","category-emprendedores","category-empresas","category-marketing-y-comunicacion","category-noticias-empleo","category-ofertas-empleo-destacadas","category-primer-empleo","category-profesiones","category-recursos-humanos","category-tecnologia","category-turismo-y-hosteleria","cat-691-id","cat-9-id","cat-637-id","cat-512-id","cat-1441-id","cat-4-id","cat-3-id","cat-689-id","cat-10-id","cat-17-id","cat-11-id","cat-8-id","cat-7-id","has_thumb"],"yoast_head":"<!-- This site is optimized with the Yoast SEO plugin v27.1.1 - https:\/\/yoast.com\/product\/yoast-seo-wordpress\/ -->\n<title>Nuevas incorporaciones para trabajar en IKEA - Blog OficinaEmpleo<\/title>\n<meta name=\"robots\" content=\"index, follow, max-snippet:-1, max-image-preview:large, max-video-preview:-1\" \/>\n<link rel=\"canonical\" href=\"https:\/\/www.oficinaempleo.com\/blog\/nuevas-incorporaciones-trabajar-en-ikea\/\" \/>\n<meta property=\"og:locale\" content=\"es_ES\" \/>\n<meta property=\"og:type\" content=\"article\" \/>\n<meta property=\"og:title\" content=\"Nuevas incorporaciones para trabajar en IKEA - Blog OficinaEmpleo\" \/>\n<meta property=\"og:description\" content=\"La compa\u00f1\u00eda prev\u00e9 la incorporaci\u00f3n de un total de 522 personas, de las que 340 ser\u00e1n maquinistas, 102 operadores de mantenimiento y fabricaci\u00f3n y otras 80 operadores comerciales.\" \/>\n<meta property=\"og:url\" content=\"https:\/\/www.oficinaempleo.com\/blog\/nuevas-incorporaciones-trabajar-en-ikea\/\" \/>\n<meta property=\"og:site_name\" content=\"Noticias y consejos de empleo | Blog OficinaEmpleo\" \/>\n<meta property=\"article:author\" content=\"https:\/\/www.facebook.com\/OficinaEmpleo\" \/>\n<meta property=\"article:published_time\" content=\"2016-08-15T10:03:51+00:00\" \/>\n<meta property=\"article:modified_time\" content=\"2016-08-16T11:43:05+00:00\" \/>\n<meta property=\"og:image\" content=\"https:\/\/www.oficinaempleo.com\/blog\/wp-content\/uploads\/2016\/05\/IKEA-FB.jpg\" \/>\n\t<meta property=\"og:image:width\" content=\"1200\" \/>\n\t<meta property=\"og:image:height\" content=\"637\" \/>\n\t<meta property=\"og:image:type\" content=\"image\/jpeg\" \/>\n<meta name=\"author\" content=\"OficinaEmpleo\" \/>\n<meta name=\"twitter:card\" content=\"summary_large_image\" \/>\n<meta name=\"twitter:creator\" content=\"@OficinaEmpleo\" \/>\n<meta name=\"twitter:site\" content=\"@OficinaEmpleo\" \/>\n<meta name=\"twitter:label1\" content=\"Written by\" \/>\n\t<meta name=\"twitter:data1\" content=\"OficinaEmpleo\" \/>\n\t<meta name=\"twitter:label2\" content=\"Est. reading time\" \/>\n\t<meta name=\"twitter:data2\" content=\"2 minutos\" \/>\n<script type=\"application\/ld+json\" class=\"yoast-schema-graph\">{\"@context\":\"https:\/\/schema.org\",\"@graph\":[{\"@type\":\"Article\",\"@id\":\"https:\/\/www.oficinaempleo.com\/blog\/nuevas-incorporaciones-trabajar-en-ikea\/#article\",\"isPartOf\":{\"@id\":\"https:\/\/www.oficinaempleo.com\/blog\/nuevas-incorporaciones-trabajar-en-ikea\/\"},\"author\":{\"name\":\"OficinaEmpleo\",\"@id\":\"https:\/\/www.oficinaempleo.com\/blog\/#\/schema\/person\/a7f3437f35bd6bd9ad19addae529a114\"},\"headline\":\"Nuevas incorporaciones para trabajar en IKEA\",\"datePublished\":\"2016-08-15T10:03:51+00:00\",\"dateModified\":\"2016-08-16T11:43:05+00:00\",\"mainEntityOfPage\":{\"@id\":\"https:\/\/www.oficinaempleo.com\/blog\/nuevas-incorporaciones-trabajar-en-ikea\/\"},\"wordCount\":377,\"commentCount\":359,\"publisher\":{\"@id\":\"https:\/\/www.oficinaempleo.com\/blog\/#organization\"},\"image\":{\"@id\":\"https:\/\/www.oficinaempleo.com\/blog\/nuevas-incorporaciones-trabajar-en-ikea\/#primaryimage\"},\"thumbnailUrl\":\"https:\/\/www.oficinaempleo.com\/blog\/wp-content\/uploads\/2016\/05\/IKEA-FB.jpg\",\"articleSection\":[\"Actualidad\",\"Administracion\",\"Empleo Internacional\",\"Emprendedores\",\"Empresas\",\"Marketing y comunicacion\",\"Noticias Empleo\",\"Ofertas destacadas\",\"Primer empleo\",\"Profesiones\",\"Recursos humanos\",\"Tecnologia\",\"Turismo y hosteleria\"],\"inLanguage\":\"es\",\"potentialAction\":[{\"@type\":\"CommentAction\",\"name\":\"Comment\",\"target\":[\"https:\/\/www.oficinaempleo.com\/blog\/nuevas-incorporaciones-trabajar-en-ikea\/#respond\"]}]},{\"@type\":\"WebPage\",\"@id\":\"https:\/\/www.oficinaempleo.com\/blog\/nuevas-incorporaciones-trabajar-en-ikea\/\",\"url\":\"https:\/\/www.oficinaempleo.com\/blog\/nuevas-incorporaciones-trabajar-en-ikea\/\",\"name\":\"Nuevas incorporaciones para trabajar en IKEA - Blog OficinaEmpleo\",\"isPartOf\":{\"@id\":\"https:\/\/www.oficinaempleo.com\/blog\/#website\"},\"primaryImageOfPage\":{\"@id\":\"https:\/\/www.oficinaempleo.com\/blog\/nuevas-incorporaciones-trabajar-en-ikea\/#primaryimage\"},\"image\":{\"@id\":\"https:\/\/www.oficinaempleo.com\/blog\/nuevas-incorporaciones-trabajar-en-ikea\/#primaryimage\"},\"thumbnailUrl\":\"https:\/\/www.oficinaempleo.com\/blog\/wp-content\/uploads\/2016\/05\/IKEA-FB.jpg\",\"datePublished\":\"2016-08-15T10:03:51+00:00\",\"dateModified\":\"2016-08-16T11:43:05+00:00\",\"breadcrumb\":{\"@id\":\"https:\/\/www.oficinaempleo.com\/blog\/nuevas-incorporaciones-trabajar-en-ikea\/#breadcrumb\"},\"inLanguage\":\"es\",\"potentialAction\":[{\"@type\":\"ReadAction\",\"target\":[\"https:\/\/www.oficinaempleo.com\/blog\/nuevas-incorporaciones-trabajar-en-ikea\/\"]}]},{\"@type\":\"ImageObject\",\"inLanguage\":\"es\",\"@id\":\"https:\/\/www.oficinaempleo.com\/blog\/nuevas-incorporaciones-trabajar-en-ikea\/#primaryimage\",\"url\":\"https:\/\/www.oficinaempleo.com\/blog\/wp-content\/uploads\/2016\/05\/IKEA-FB.jpg\",\"contentUrl\":\"https:\/\/www.oficinaempleo.com\/blog\/wp-content\/uploads\/2016\/05\/IKEA-FB.jpg\",\"width\":1200,\"height\":637},{\"@type\":\"BreadcrumbList\",\"@id\":\"https:\/\/www.oficinaempleo.com\/blog\/nuevas-incorporaciones-trabajar-en-ikea\/#breadcrumb\",\"itemListElement\":[{\"@type\":\"ListItem\",\"position\":1,\"name\":\"Home\",\"item\":\"https:\/\/www.oficinaempleo.com\/blog\/\"},{\"@type\":\"ListItem\",\"position\":2,\"name\":\"Nuevas incorporaciones para trabajar en IKEA\"}]},{\"@type\":\"WebSite\",\"@id\":\"https:\/\/www.oficinaempleo.com\/blog\/#website\",\"url\":\"https:\/\/www.oficinaempleo.com\/blog\/\",\"name\":\"Noticias y Consejos de Empleo | Blog OficinaEmpleo\",\"description\":\"\",\"publisher\":{\"@id\":\"https:\/\/www.oficinaempleo.com\/blog\/#organization\"},\"potentialAction\":[{\"@type\":\"SearchAction\",\"target\":{\"@type\":\"EntryPoint\",\"urlTemplate\":\"https:\/\/www.oficinaempleo.com\/blog\/?s={search_term_string}\"},\"query-input\":{\"@type\":\"PropertyValueSpecification\",\"valueRequired\":true,\"valueName\":\"search_term_string\"}}],\"inLanguage\":\"es\"},{\"@type\":\"Organization\",\"@id\":\"https:\/\/www.oficinaempleo.com\/blog\/#organization\",\"name\":\"OficinaEmpleo\",\"url\":\"https:\/\/www.oficinaempleo.com\/blog\/\",\"logo\":{\"@type\":\"ImageObject\",\"inLanguage\":\"es\",\"@id\":\"https:\/\/www.oficinaempleo.com\/blog\/#\/schema\/logo\/image\/\",\"url\":\"https:\/\/www.oficinaempleo.com\/blog\/wp-content\/uploads\/2018\/10\/logo_footer-1.jpg\",\"contentUrl\":\"https:\/\/www.oficinaempleo.com\/blog\/wp-content\/uploads\/2018\/10\/logo_footer-1.jpg\",\"width\":478,\"height\":57,\"caption\":\"OficinaEmpleo\"},\"image\":{\"@id\":\"https:\/\/www.oficinaempleo.com\/blog\/#\/schema\/logo\/image\/\"},\"sameAs\":[\"https:\/\/x.com\/OficinaEmpleo\"]},{\"@type\":\"Person\",\"@id\":\"https:\/\/www.oficinaempleo.com\/blog\/#\/schema\/person\/a7f3437f35bd6bd9ad19addae529a114\",\"name\":\"OficinaEmpleo\",\"image\":{\"@type\":\"ImageObject\",\"inLanguage\":\"es\",\"@id\":\"https:\/\/www.oficinaempleo.com\/blog\/#\/schema\/person\/image\/\",\"url\":\"https:\/\/secure.gravatar.com\/avatar\/ea822afb14d7439ba3051d652cf8f548fe540f184ce16a2135fc22c9337bd72e?s=96&d=mm&r=g\",\"contentUrl\":\"https:\/\/secure.gravatar.com\/avatar\/ea822afb14d7439ba3051d652cf8f548fe540f184ce16a2135fc22c9337bd72e?s=96&d=mm&r=g\",\"caption\":\"OficinaEmpleo\"},\"description\":\"En OficinaEmpleo queremos ayudarte a conseguir trabajo. Por eso, adem\u00e1s de ofrecerte ofertas de empleo en nuestro portal, te ense\u00f1amos las novedades del sector, y consejos para mejorar tu perfil.\",\"sameAs\":[\"http:\/\/www.oficinaempleo.com\/\",\"https:\/\/www.facebook.com\/OficinaEmpleo\",\"https:\/\/x.com\/OficinaEmpleo\"],\"url\":\"https:\/\/www.oficinaempleo.com\/blog\/author\/empleo\/\"}]}<\/script>\n<!-- \/ Yoast SEO plugin. -->","yoast_head_json":{"title":"Nuevas incorporaciones para trabajar en IKEA - Blog OficinaEmpleo","robots":{"index":"index","follow":"follow","max-snippet":"max-snippet:-1","max-image-preview":"max-image-preview:large","max-video-preview":"max-video-preview:-1"},"canonical":"https:\/\/www.oficinaempleo.com\/blog\/nuevas-incorporaciones-trabajar-en-ikea\/","og_locale":"es_ES","og_type":"article","og_title":"Nuevas incorporaciones para trabajar en IKEA - Blog OficinaEmpleo","og_description":"La compa\u00f1\u00eda prev\u00e9 la incorporaci\u00f3n de un total de 522 personas, de las que 340 ser\u00e1n maquinistas, 102 operadores de mantenimiento y fabricaci\u00f3n y otras 80 operadores comerciales.","og_url":"https:\/\/www.oficinaempleo.com\/blog\/nuevas-incorporaciones-trabajar-en-ikea\/","og_site_name":"Noticias y consejos de empleo | Blog OficinaEmpleo","article_author":"https:\/\/www.facebook.com\/OficinaEmpleo","article_published_time":"2016-08-15T10:03:51+00:00","article_modified_time":"2016-08-16T11:43:05+00:00","og_image":[{"width":1200,"height":637,"url":"https:\/\/www.oficinaempleo.com\/blog\/wp-content\/uploads\/2016\/05\/IKEA-FB.jpg","type":"image\/jpeg"}],"author":"OficinaEmpleo","twitter_card":"summary_large_image","twitter_creator":"@OficinaEmpleo","twitter_site":"@OficinaEmpleo","twitter_misc":{"Written by":"OficinaEmpleo","Est. reading time":"2 minutos"},"schema":{"@context":"https:\/\/schema.org","@graph":[{"@type":"Article","@id":"https:\/\/www.oficinaempleo.com\/blog\/nuevas-incorporaciones-trabajar-en-ikea\/#article","isPartOf":{"@id":"https:\/\/www.oficinaempleo.com\/blog\/nuevas-incorporaciones-trabajar-en-ikea\/"},"author":{"name":"OficinaEmpleo","@id":"https:\/\/www.oficinaempleo.com\/blog\/#\/schema\/person\/a7f3437f35bd6bd9ad19addae529a114"},"headline":"Nuevas incorporaciones para trabajar en IKEA","datePublished":"2016-08-15T10:03:51+00:00","dateModified":"2016-08-16T11:43:05+00:00","mainEntityOfPage":{"@id":"https:\/\/www.oficinaempleo.com\/blog\/nuevas-incorporaciones-trabajar-en-ikea\/"},"wordCount":377,"commentCount":359,"publisher":{"@id":"https:\/\/www.oficinaempleo.com\/blog\/#organization"},"image":{"@id":"https:\/\/www.oficinaempleo.com\/blog\/nuevas-incorporaciones-trabajar-en-ikea\/#primaryimage"},"thumbnailUrl":"https:\/\/www.oficinaempleo.com\/blog\/wp-content\/uploads\/2016\/05\/IKEA-FB.jpg","articleSection":["Actualidad","Administracion","Empleo Internacional","Emprendedores","Empresas","Marketing y comunicacion","Noticias Empleo","Ofertas destacadas","Primer empleo","Profesiones","Recursos humanos","Tecnologia","Turismo y hosteleria"],"inLanguage":"es","potentialAction":[{"@type":"CommentAction","name":"Comment","target":["https:\/\/www.oficinaempleo.com\/blog\/nuevas-incorporaciones-trabajar-en-ikea\/#respond"]}]},{"@type":"WebPage","@id":"https:\/\/www.oficinaempleo.com\/blog\/nuevas-incorporaciones-trabajar-en-ikea\/","url":"https:\/\/www.oficinaempleo.com\/blog\/nuevas-incorporaciones-trabajar-en-ikea\/","name":"Nuevas incorporaciones para trabajar en IKEA - Blog OficinaEmpleo","isPartOf":{"@id":"https:\/\/www.oficinaempleo.com\/blog\/#website"},"primaryImageOfPage":{"@id":"https:\/\/www.oficinaempleo.com\/blog\/nuevas-incorporaciones-trabajar-en-ikea\/#primaryimage"},"image":{"@id":"https:\/\/www.oficinaempleo.com\/blog\/nuevas-incorporaciones-trabajar-en-ikea\/#primaryimage"},"thumbnailUrl":"https:\/\/www.oficinaempleo.com\/blog\/wp-content\/uploads\/2016\/05\/IKEA-FB.jpg","datePublished":"2016-08-15T10:03:51+00:00","dateModified":"2016-08-16T11:43:05+00:00","breadcrumb":{"@id":"https:\/\/www.oficinaempleo.com\/blog\/nuevas-incorporaciones-trabajar-en-ikea\/#breadcrumb"},"inLanguage":"es","potentialAction":[{"@type":"ReadAction","target":["https:\/\/www.oficinaempleo.com\/blog\/nuevas-incorporaciones-trabajar-en-ikea\/"]}]},{"@type":"ImageObject","inLanguage":"es","@id":"https:\/\/www.oficinaempleo.com\/blog\/nuevas-incorporaciones-trabajar-en-ikea\/#primaryimage","url":"https:\/\/www.oficinaempleo.com\/blog\/wp-content\/uploads\/2016\/05\/IKEA-FB.jpg","contentUrl":"https:\/\/www.oficinaempleo.com\/blog\/wp-content\/uploads\/2016\/05\/IKEA-FB.jpg","width":1200,"height":637},{"@type":"BreadcrumbList","@id":"https:\/\/www.oficinaempleo.com\/blog\/nuevas-incorporaciones-trabajar-en-ikea\/#breadcrumb","itemListElement":[{"@type":"ListItem","position":1,"name":"Home","item":"https:\/\/www.oficinaempleo.com\/blog\/"},{"@type":"ListItem","position":2,"name":"Nuevas incorporaciones para trabajar en IKEA"}]},{"@type":"WebSite","@id":"https:\/\/www.oficinaempleo.com\/blog\/#website","url":"https:\/\/www.oficinaempleo.com\/blog\/","name":"Noticias y Consejos de Empleo | Blog OficinaEmpleo","description":"","publisher":{"@id":"https:\/\/www.oficinaempleo.com\/blog\/#organization"},"potentialAction":[{"@type":"SearchAction","target":{"@type":"EntryPoint","urlTemplate":"https:\/\/www.oficinaempleo.com\/blog\/?s={search_term_string}"},"query-input":{"@type":"PropertyValueSpecification","valueRequired":true,"valueName":"search_term_string"}}],"inLanguage":"es"},{"@type":"Organization","@id":"https:\/\/www.oficinaempleo.com\/blog\/#organization","name":"OficinaEmpleo","url":"https:\/\/www.oficinaempleo.com\/blog\/","logo":{"@type":"ImageObject","inLanguage":"es","@id":"https:\/\/www.oficinaempleo.com\/blog\/#\/schema\/logo\/image\/","url":"https:\/\/www.oficinaempleo.com\/blog\/wp-content\/uploads\/2018\/10\/logo_footer-1.jpg","contentUrl":"https:\/\/www.oficinaempleo.com\/blog\/wp-content\/uploads\/2018\/10\/logo_footer-1.jpg","width":478,"height":57,"caption":"OficinaEmpleo"},"image":{"@id":"https:\/\/www.oficinaempleo.com\/blog\/#\/schema\/logo\/image\/"},"sameAs":["https:\/\/x.com\/OficinaEmpleo"]},{"@type":"Person","@id":"https:\/\/www.oficinaempleo.com\/blog\/#\/schema\/person\/a7f3437f35bd6bd9ad19addae529a114","name":"OficinaEmpleo","image":{"@type":"ImageObject","inLanguage":"es","@id":"https:\/\/www.oficinaempleo.com\/blog\/#\/schema\/person\/image\/","url":"https:\/\/secure.gravatar.com\/avatar\/ea822afb14d7439ba3051d652cf8f548fe540f184ce16a2135fc22c9337bd72e?s=96&d=mm&r=g","contentUrl":"https:\/\/secure.gravatar.com\/avatar\/ea822afb14d7439ba3051d652cf8f548fe540f184ce16a2135fc22c9337bd72e?s=96&d=mm&r=g","caption":"OficinaEmpleo"},"description":"En OficinaEmpleo queremos ayudarte a conseguir trabajo. Por eso, adem\u00e1s de ofrecerte ofertas de empleo en nuestro portal, te ense\u00f1amos las novedades del sector, y consejos para mejorar tu perfil.","sameAs":["http:\/\/www.oficinaempleo.com\/","https:\/\/www.facebook.com\/OficinaEmpleo","https:\/\/x.com\/OficinaEmpleo"],"url":"https:\/\/www.oficinaempleo.com\/blog\/author\/empleo\/"}]}},"_links":{"self":[{"href":"https:\/\/www.oficinaempleo.com\/blog\/wp-json\/wp\/v2\/posts\/12558","targetHints":{"allow":["GET"]}}],"collection":[{"href":"https:\/\/www.oficinaempleo.com\/blog\/wp-json\/wp\/v2\/posts"}],"about":[{"href":"https:\/\/www.oficinaempleo.com\/blog\/wp-json\/wp\/v2\/types\/post"}],"author":[{"embeddable":true,"href":"https:\/\/www.oficinaempleo.com\/blog\/wp-json\/wp\/v2\/users\/2"}],"replies":[{"embeddable":true,"href":"https:\/\/www.oficinaempleo.com\/blog\/wp-json\/wp\/v2\/comments?post=12558"}],"version-history":[{"count":0,"href":"https:\/\/www.oficinaempleo.com\/blog\/wp-json\/wp\/v2\/posts\/12558\/revisions"}],"wp:featuredmedia":[{"embeddable":true,"href":"https:\/\/www.oficinaempleo.com\/blog\/wp-json\/wp\/v2\/media\/12564"}],"wp:attachment":[{"href":"https:\/\/www.oficinaempleo.com\/blog\/wp-json\/wp\/v2\/media?parent=12558"}],"wp:term":[{"taxonomy":"category","embeddable":true,"href":"https:\/\/www.oficinaempleo.com\/blog\/wp-json\/wp\/v2\/categories?post=12558"},{"taxonomy":"post_tag","embeddable":true,"href":"https:\/\/www.oficinaempleo.com\/blog\/wp-json\/wp\/v2\/tags?post=12558"}],"curies":[{"name":"wp","href":"https:\/\/api.w.org\/{rel}","templated":true}]}}