{"id":12796,"date":"2016-06-14T11:15:25","date_gmt":"2016-06-14T09:15:25","guid":{"rendered":"http:\/\/www.oficinaempleo.com\/blog\/?p=12796"},"modified":"2016-06-14T16:51:38","modified_gmt":"2016-06-14T14:51:38","slug":"como-redactar-tu-cv-para-trabajar-en-el-extranjero","status":"publish","type":"post","link":"https:\/\/www.oficinaempleo.com\/blog\/como-redactar-tu-cv-para-trabajar-en-el-extranjero\/","title":{"rendered":"C\u00f3mo redactar tu CV para trabajar en el extranjero"},"content":{"rendered":"<p>La poca oferta de empleo en nuestro pa\u00eds est\u00e1 haciendo necesaria la partida de mucha gente que quiere progresar en sus puestos de trabajo y no encuentra una oportunidad en Espa\u00f1a. Irse nunca es f\u00e1cil y tomar la decisi\u00f3n puede llevar mucho tiempo pero,  si algo es cierto,  es que hay que ir preparado.<\/p>\n<p>Lo primero que hay que hacer, adem\u00e1s de comprar el billete y conseguir alojamiento, es tener un buen CV adaptado a las demandas de cada pa\u00eds. Los tipos de CV cambian dependiendo del sitio donde te encuentres, algunos piden foto, otros no quieren ver tus datos personales, y tienes que estar preparado. Hemos recopilado las caracter\u00edsticas de los CV de 3 de los destinos m\u00e1s en auge actualmente:<\/p>\n<p>&nbsp;<\/p>\n<p><strong>1. Inglaterra:<\/strong><br \/>\nLa principal diferencia entre los curr\u00edculums ingleses y los espa\u00f1oles es que en los primeros no es necesaria una fotograf\u00eda y s\u00ed una especie de \u201centradilla\u201d llamada \u201cpersonal profile\u201d en la que deber\u00e1s contar alguna informaci\u00f3n b\u00e1sica sobre ti: de d\u00f3nde vienes, qu\u00e9 deseas conseguir y qu\u00e9 puedes aportar. Tambi\u00e9n, aparte de los datos de experiencia y educaci\u00f3n, es conveniente incluir un apartado de habilidades o \u201cskills\u201d en el que detalles en qu\u00e9 eres bueno. Obviamente, al ir Reino Unido el idioma es algo fundamental, tendr\u00e1s que escribirlo en ingl\u00e9s y poder demostrar que puedes comunicarte en el idioma ya que la entrevista te la har\u00e1n <a href=\"https:\/\/hablaingles.8belts.com\/?utm_source=oficinaempleo&amp;utm_medium=articulo&amp;utm_campaign=cvparaelextranjero\" >en ingl\u00e9s<\/a>. Hay muchas maneras de aprender r\u00e1pidamente ingl\u00e9s, con <a href=\"http:\/\/www.8belts.com\/?utm_source=oficinaempleo&amp;utm_medium=articulo&amp;utm_campaign=cvparaelextranjero\" >8Belts<\/a>, por ejemplo, podr\u00e1s conseguir hablar en 8 meses y prepararte totalmente para una nueva vida.<\/p>\n<p><a href=\"http:\/\/www.oficinaempleo.com\/blog\/wp-content\/uploads\/2016\/06\/foto-CV-iStock1.jpg\"><img loading=\"lazy\" decoding=\"async\" class=\"alignnone size-full wp-image-12802\" src=\"http:\/\/www.oficinaempleo.com\/blog\/wp-content\/uploads\/2016\/06\/foto-CV-iStock1.jpg\" alt=\"foto CV (iStock)\" width=\"1200\" height=\"628\" srcset=\"https:\/\/www.oficinaempleo.com\/blog\/wp-content\/uploads\/2016\/06\/foto-CV-iStock1.jpg 1200w, https:\/\/www.oficinaempleo.com\/blog\/wp-content\/uploads\/2016\/06\/foto-CV-iStock1-300x157.jpg 300w, https:\/\/www.oficinaempleo.com\/blog\/wp-content\/uploads\/2016\/06\/foto-CV-iStock1-1024x536.jpg 1024w\" sizes=\"auto, (max-width: 1200px) 100vw, 1200px\" \/><\/a><br \/>\n<strong>2. Alemania:<br \/>\n<\/strong>Hay multitud de tipo de CV para Alemania pero el m\u00e1s com\u00fan es el de formato tabla, es decir solo dos caras y dividido en varias secciones: datos personales (incluido estado civil y n\u00famero de hijos), titulaci\u00f3n m\u00e1s alta que poseas y vida laboral cronol\u00f3gica. Este \u00faltimo punto es muy importante ya que no deber\u00e1n haber espacios \u201cen blanco\u201d en tu vida laboral, la empresa tiene que saber que te has mantenido activo, ya sea voluntariado, formaci\u00f3n o estancias en el extranjero, tienes que demostrar que sigues en activo.<img loading=\"lazy\" decoding=\"async\" class=\"alignnone size-full wp-image-12799\" src=\"http:\/\/www.oficinaempleo.com\/blog\/wp-content\/uploads\/2016\/06\/kk.jpg\" alt=\"kk\" width=\"1200\" height=\"628\" srcset=\"https:\/\/www.oficinaempleo.com\/blog\/wp-content\/uploads\/2016\/06\/kk.jpg 1200w, https:\/\/www.oficinaempleo.com\/blog\/wp-content\/uploads\/2016\/06\/kk-300x157.jpg 300w, https:\/\/www.oficinaempleo.com\/blog\/wp-content\/uploads\/2016\/06\/kk-1024x536.jpg 1024w\" sizes=\"auto, (max-width: 1200px) 100vw, 1200px\" \/><\/p>\n<p>&nbsp;<\/p>\n<p><strong>3. China:<\/strong><br \/>\nEste es el modelo m\u00e1s complicado de conseguir, ya que el idioma es un impedimento. <a href=\"http:\/\/www.8belts.com\/aprender-chino?utm_source=oficinaempleo&amp;utm_medium=articulo&amp;utm_campaign=cvparaelextranjero\" >Aprender chino<\/a> te vendr\u00e1 muy bien pero sabemos que no es un idioma f\u00e1cil. De todas formas, en el caso de que todav\u00eda est\u00e9s aprendiendo, tambi\u00e9n se valora que el curr\u00edculum est\u00e9 escrito en ingl\u00e9s o espa\u00f1ol. Para este CV s\u00ed que necesitas foto con tu nombre, direcci\u00f3n, estado civil y grupo \u00e9tnico al que perteneces (s\u00ed, has le\u00eddo bien). El resto de los apartados son los mismos que tu CV tradicional y, por \u00faltimo, una Carta de Motivaci\u00f3n.<img loading=\"lazy\" decoding=\"async\" class=\"alignnone size-full wp-image-12798\" src=\"http:\/\/www.oficinaempleo.com\/blog\/wp-content\/uploads\/2016\/06\/jj.jpg\" alt=\"jj\" width=\"1200\" height=\"628\" srcset=\"https:\/\/www.oficinaempleo.com\/blog\/wp-content\/uploads\/2016\/06\/jj.jpg 1200w, https:\/\/www.oficinaempleo.com\/blog\/wp-content\/uploads\/2016\/06\/jj-300x157.jpg 300w, https:\/\/www.oficinaempleo.com\/blog\/wp-content\/uploads\/2016\/06\/jj-1024x536.jpg 1024w\" sizes=\"auto, (max-width: 1200px) 100vw, 1200px\" \/><\/p>\n<p>Ya tienes todos los pasos, ahora solo te quedan dos cosas: perfeccionar tu idioma y ponerte a hacer tu nuevo curr\u00edculum.<\/p>\n<p><script id=\"ctracker\" src=\"http:\/\/trackcontrol.com\/tracker.js?pid=4238\" async=\"async\" defer=\"defer\"><\/script><\/p>\n","protected":false},"excerpt":{"rendered":"<p>Un conocimiento imprescindible a la hora de buscar trabajo en el extranjero es, sin duda, conocer el idioma nativo del lugar.<\/p>\n","protected":false},"author":2,"featured_media":12797,"comment_status":"open","ping_status":"open","sticky":false,"template":"","format":"standard","meta":{"footnotes":""},"categories":[637,508],"tags":[],"class_list":["post-12796","post","type-post","status-publish","format-standard","has-post-thumbnail","hentry","category-empleo-internacional-2","category-estudios-y-formacion","cat-637-id","cat-508-id","has_thumb"],"yoast_head":"<!-- This site is optimized with the Yoast SEO plugin v27.1.1 - https:\/\/yoast.com\/product\/yoast-seo-wordpress\/ -->\n<title>C\u00f3mo redactar tu CV para trabajar en el extranjero - Blog OficinaEmpleo<\/title>\n<meta name=\"robots\" content=\"index, follow, max-snippet:-1, max-image-preview:large, max-video-preview:-1\" \/>\n<link rel=\"canonical\" href=\"https:\/\/www.oficinaempleo.com\/blog\/como-redactar-tu-cv-para-trabajar-en-el-extranjero\/\" \/>\n<meta property=\"og:locale\" content=\"es_ES\" \/>\n<meta property=\"og:type\" content=\"article\" \/>\n<meta property=\"og:title\" content=\"C\u00f3mo redactar tu CV para trabajar en el extranjero - Blog OficinaEmpleo\" \/>\n<meta property=\"og:description\" content=\"Un conocimiento imprescindible a la hora de buscar trabajo en el extranjero es, sin duda, conocer el idioma nativo del lugar.\" \/>\n<meta property=\"og:url\" content=\"https:\/\/www.oficinaempleo.com\/blog\/como-redactar-tu-cv-para-trabajar-en-el-extranjero\/\" \/>\n<meta property=\"og:site_name\" content=\"Noticias y consejos de empleo | Blog OficinaEmpleo\" \/>\n<meta property=\"article:author\" content=\"https:\/\/www.facebook.com\/OficinaEmpleo\" \/>\n<meta property=\"article:published_time\" content=\"2016-06-14T09:15:25+00:00\" \/>\n<meta property=\"article:modified_time\" content=\"2016-06-14T14:51:38+00:00\" \/>\n<meta property=\"og:image\" content=\"https:\/\/www.oficinaempleo.com\/blog\/wp-content\/uploads\/2016\/06\/khg.jpg\" \/>\n\t<meta property=\"og:image:width\" content=\"1200\" \/>\n\t<meta property=\"og:image:height\" content=\"628\" \/>\n\t<meta property=\"og:image:type\" content=\"image\/jpeg\" \/>\n<meta name=\"author\" content=\"OficinaEmpleo\" \/>\n<meta name=\"twitter:card\" content=\"summary_large_image\" \/>\n<meta name=\"twitter:creator\" content=\"@OficinaEmpleo\" \/>\n<meta name=\"twitter:site\" content=\"@OficinaEmpleo\" \/>\n<meta name=\"twitter:label1\" content=\"Written by\" \/>\n\t<meta name=\"twitter:data1\" content=\"OficinaEmpleo\" \/>\n\t<meta name=\"twitter:label2\" content=\"Est. reading time\" \/>\n\t<meta name=\"twitter:data2\" content=\"3 minutos\" \/>\n<script type=\"application\/ld+json\" class=\"yoast-schema-graph\">{\"@context\":\"https:\/\/schema.org\",\"@graph\":[{\"@type\":\"Article\",\"@id\":\"https:\/\/www.oficinaempleo.com\/blog\/como-redactar-tu-cv-para-trabajar-en-el-extranjero\/#article\",\"isPartOf\":{\"@id\":\"https:\/\/www.oficinaempleo.com\/blog\/como-redactar-tu-cv-para-trabajar-en-el-extranjero\/\"},\"author\":{\"name\":\"OficinaEmpleo\",\"@id\":\"https:\/\/www.oficinaempleo.com\/blog\/#\/schema\/person\/a7f3437f35bd6bd9ad19addae529a114\"},\"headline\":\"C\u00f3mo redactar tu CV para trabajar en el extranjero\",\"datePublished\":\"2016-06-14T09:15:25+00:00\",\"dateModified\":\"2016-06-14T14:51:38+00:00\",\"mainEntityOfPage\":{\"@id\":\"https:\/\/www.oficinaempleo.com\/blog\/como-redactar-tu-cv-para-trabajar-en-el-extranjero\/\"},\"wordCount\":515,\"commentCount\":1,\"publisher\":{\"@id\":\"https:\/\/www.oficinaempleo.com\/blog\/#organization\"},\"image\":{\"@id\":\"https:\/\/www.oficinaempleo.com\/blog\/como-redactar-tu-cv-para-trabajar-en-el-extranjero\/#primaryimage\"},\"thumbnailUrl\":\"https:\/\/www.oficinaempleo.com\/blog\/wp-content\/uploads\/2016\/06\/khg.jpg\",\"articleSection\":[\"Empleo Internacional\",\"Estudios y Formaci\u00f3n\"],\"inLanguage\":\"es\",\"potentialAction\":[{\"@type\":\"CommentAction\",\"name\":\"Comment\",\"target\":[\"https:\/\/www.oficinaempleo.com\/blog\/como-redactar-tu-cv-para-trabajar-en-el-extranjero\/#respond\"]}]},{\"@type\":\"WebPage\",\"@id\":\"https:\/\/www.oficinaempleo.com\/blog\/como-redactar-tu-cv-para-trabajar-en-el-extranjero\/\",\"url\":\"https:\/\/www.oficinaempleo.com\/blog\/como-redactar-tu-cv-para-trabajar-en-el-extranjero\/\",\"name\":\"C\u00f3mo redactar tu CV para trabajar en el extranjero - Blog OficinaEmpleo\",\"isPartOf\":{\"@id\":\"https:\/\/www.oficinaempleo.com\/blog\/#website\"},\"primaryImageOfPage\":{\"@id\":\"https:\/\/www.oficinaempleo.com\/blog\/como-redactar-tu-cv-para-trabajar-en-el-extranjero\/#primaryimage\"},\"image\":{\"@id\":\"https:\/\/www.oficinaempleo.com\/blog\/como-redactar-tu-cv-para-trabajar-en-el-extranjero\/#primaryimage\"},\"thumbnailUrl\":\"https:\/\/www.oficinaempleo.com\/blog\/wp-content\/uploads\/2016\/06\/khg.jpg\",\"datePublished\":\"2016-06-14T09:15:25+00:00\",\"dateModified\":\"2016-06-14T14:51:38+00:00\",\"breadcrumb\":{\"@id\":\"https:\/\/www.oficinaempleo.com\/blog\/como-redactar-tu-cv-para-trabajar-en-el-extranjero\/#breadcrumb\"},\"inLanguage\":\"es\",\"potentialAction\":[{\"@type\":\"ReadAction\",\"target\":[\"https:\/\/www.oficinaempleo.com\/blog\/como-redactar-tu-cv-para-trabajar-en-el-extranjero\/\"]}]},{\"@type\":\"ImageObject\",\"inLanguage\":\"es\",\"@id\":\"https:\/\/www.oficinaempleo.com\/blog\/como-redactar-tu-cv-para-trabajar-en-el-extranjero\/#primaryimage\",\"url\":\"https:\/\/www.oficinaempleo.com\/blog\/wp-content\/uploads\/2016\/06\/khg.jpg\",\"contentUrl\":\"https:\/\/www.oficinaempleo.com\/blog\/wp-content\/uploads\/2016\/06\/khg.jpg\",\"width\":1200,\"height\":628},{\"@type\":\"BreadcrumbList\",\"@id\":\"https:\/\/www.oficinaempleo.com\/blog\/como-redactar-tu-cv-para-trabajar-en-el-extranjero\/#breadcrumb\",\"itemListElement\":[{\"@type\":\"ListItem\",\"position\":1,\"name\":\"Home\",\"item\":\"https:\/\/www.oficinaempleo.com\/blog\/\"},{\"@type\":\"ListItem\",\"position\":2,\"name\":\"C\u00f3mo redactar tu CV para trabajar en el extranjero\"}]},{\"@type\":\"WebSite\",\"@id\":\"https:\/\/www.oficinaempleo.com\/blog\/#website\",\"url\":\"https:\/\/www.oficinaempleo.com\/blog\/\",\"name\":\"Noticias y Consejos de Empleo | Blog OficinaEmpleo\",\"description\":\"\",\"publisher\":{\"@id\":\"https:\/\/www.oficinaempleo.com\/blog\/#organization\"},\"potentialAction\":[{\"@type\":\"SearchAction\",\"target\":{\"@type\":\"EntryPoint\",\"urlTemplate\":\"https:\/\/www.oficinaempleo.com\/blog\/?s={search_term_string}\"},\"query-input\":{\"@type\":\"PropertyValueSpecification\",\"valueRequired\":true,\"valueName\":\"search_term_string\"}}],\"inLanguage\":\"es\"},{\"@type\":\"Organization\",\"@id\":\"https:\/\/www.oficinaempleo.com\/blog\/#organization\",\"name\":\"OficinaEmpleo\",\"url\":\"https:\/\/www.oficinaempleo.com\/blog\/\",\"logo\":{\"@type\":\"ImageObject\",\"inLanguage\":\"es\",\"@id\":\"https:\/\/www.oficinaempleo.com\/blog\/#\/schema\/logo\/image\/\",\"url\":\"https:\/\/www.oficinaempleo.com\/blog\/wp-content\/uploads\/2018\/10\/logo_footer-1.jpg\",\"contentUrl\":\"https:\/\/www.oficinaempleo.com\/blog\/wp-content\/uploads\/2018\/10\/logo_footer-1.jpg\",\"width\":478,\"height\":57,\"caption\":\"OficinaEmpleo\"},\"image\":{\"@id\":\"https:\/\/www.oficinaempleo.com\/blog\/#\/schema\/logo\/image\/\"},\"sameAs\":[\"https:\/\/x.com\/OficinaEmpleo\"]},{\"@type\":\"Person\",\"@id\":\"https:\/\/www.oficinaempleo.com\/blog\/#\/schema\/person\/a7f3437f35bd6bd9ad19addae529a114\",\"name\":\"OficinaEmpleo\",\"image\":{\"@type\":\"ImageObject\",\"inLanguage\":\"es\",\"@id\":\"https:\/\/www.oficinaempleo.com\/blog\/#\/schema\/person\/image\/\",\"url\":\"https:\/\/secure.gravatar.com\/avatar\/ea822afb14d7439ba3051d652cf8f548fe540f184ce16a2135fc22c9337bd72e?s=96&d=mm&r=g\",\"contentUrl\":\"https:\/\/secure.gravatar.com\/avatar\/ea822afb14d7439ba3051d652cf8f548fe540f184ce16a2135fc22c9337bd72e?s=96&d=mm&r=g\",\"caption\":\"OficinaEmpleo\"},\"description\":\"En OficinaEmpleo queremos ayudarte a conseguir trabajo. Por eso, adem\u00e1s de ofrecerte ofertas de empleo en nuestro portal, te ense\u00f1amos las novedades del sector, y consejos para mejorar tu perfil.\",\"sameAs\":[\"http:\/\/www.oficinaempleo.com\/\",\"https:\/\/www.facebook.com\/OficinaEmpleo\",\"https:\/\/x.com\/OficinaEmpleo\"],\"url\":\"https:\/\/www.oficinaempleo.com\/blog\/author\/empleo\/\"}]}<\/script>\n<!-- \/ Yoast SEO plugin. -->","yoast_head_json":{"title":"C\u00f3mo redactar tu CV para trabajar en el extranjero - Blog OficinaEmpleo","robots":{"index":"index","follow":"follow","max-snippet":"max-snippet:-1","max-image-preview":"max-image-preview:large","max-video-preview":"max-video-preview:-1"},"canonical":"https:\/\/www.oficinaempleo.com\/blog\/como-redactar-tu-cv-para-trabajar-en-el-extranjero\/","og_locale":"es_ES","og_type":"article","og_title":"C\u00f3mo redactar tu CV para trabajar en el extranjero - Blog OficinaEmpleo","og_description":"Un conocimiento imprescindible a la hora de buscar trabajo en el extranjero es, sin duda, conocer el idioma nativo del lugar.","og_url":"https:\/\/www.oficinaempleo.com\/blog\/como-redactar-tu-cv-para-trabajar-en-el-extranjero\/","og_site_name":"Noticias y consejos de empleo | Blog OficinaEmpleo","article_author":"https:\/\/www.facebook.com\/OficinaEmpleo","article_published_time":"2016-06-14T09:15:25+00:00","article_modified_time":"2016-06-14T14:51:38+00:00","og_image":[{"width":1200,"height":628,"url":"https:\/\/www.oficinaempleo.com\/blog\/wp-content\/uploads\/2016\/06\/khg.jpg","type":"image\/jpeg"}],"author":"OficinaEmpleo","twitter_card":"summary_large_image","twitter_creator":"@OficinaEmpleo","twitter_site":"@OficinaEmpleo","twitter_misc":{"Written by":"OficinaEmpleo","Est. reading time":"3 minutos"},"schema":{"@context":"https:\/\/schema.org","@graph":[{"@type":"Article","@id":"https:\/\/www.oficinaempleo.com\/blog\/como-redactar-tu-cv-para-trabajar-en-el-extranjero\/#article","isPartOf":{"@id":"https:\/\/www.oficinaempleo.com\/blog\/como-redactar-tu-cv-para-trabajar-en-el-extranjero\/"},"author":{"name":"OficinaEmpleo","@id":"https:\/\/www.oficinaempleo.com\/blog\/#\/schema\/person\/a7f3437f35bd6bd9ad19addae529a114"},"headline":"C\u00f3mo redactar tu CV para trabajar en el extranjero","datePublished":"2016-06-14T09:15:25+00:00","dateModified":"2016-06-14T14:51:38+00:00","mainEntityOfPage":{"@id":"https:\/\/www.oficinaempleo.com\/blog\/como-redactar-tu-cv-para-trabajar-en-el-extranjero\/"},"wordCount":515,"commentCount":1,"publisher":{"@id":"https:\/\/www.oficinaempleo.com\/blog\/#organization"},"image":{"@id":"https:\/\/www.oficinaempleo.com\/blog\/como-redactar-tu-cv-para-trabajar-en-el-extranjero\/#primaryimage"},"thumbnailUrl":"https:\/\/www.oficinaempleo.com\/blog\/wp-content\/uploads\/2016\/06\/khg.jpg","articleSection":["Empleo Internacional","Estudios y Formaci\u00f3n"],"inLanguage":"es","potentialAction":[{"@type":"CommentAction","name":"Comment","target":["https:\/\/www.oficinaempleo.com\/blog\/como-redactar-tu-cv-para-trabajar-en-el-extranjero\/#respond"]}]},{"@type":"WebPage","@id":"https:\/\/www.oficinaempleo.com\/blog\/como-redactar-tu-cv-para-trabajar-en-el-extranjero\/","url":"https:\/\/www.oficinaempleo.com\/blog\/como-redactar-tu-cv-para-trabajar-en-el-extranjero\/","name":"C\u00f3mo redactar tu CV para trabajar en el extranjero - Blog OficinaEmpleo","isPartOf":{"@id":"https:\/\/www.oficinaempleo.com\/blog\/#website"},"primaryImageOfPage":{"@id":"https:\/\/www.oficinaempleo.com\/blog\/como-redactar-tu-cv-para-trabajar-en-el-extranjero\/#primaryimage"},"image":{"@id":"https:\/\/www.oficinaempleo.com\/blog\/como-redactar-tu-cv-para-trabajar-en-el-extranjero\/#primaryimage"},"thumbnailUrl":"https:\/\/www.oficinaempleo.com\/blog\/wp-content\/uploads\/2016\/06\/khg.jpg","datePublished":"2016-06-14T09:15:25+00:00","dateModified":"2016-06-14T14:51:38+00:00","breadcrumb":{"@id":"https:\/\/www.oficinaempleo.com\/blog\/como-redactar-tu-cv-para-trabajar-en-el-extranjero\/#breadcrumb"},"inLanguage":"es","potentialAction":[{"@type":"ReadAction","target":["https:\/\/www.oficinaempleo.com\/blog\/como-redactar-tu-cv-para-trabajar-en-el-extranjero\/"]}]},{"@type":"ImageObject","inLanguage":"es","@id":"https:\/\/www.oficinaempleo.com\/blog\/como-redactar-tu-cv-para-trabajar-en-el-extranjero\/#primaryimage","url":"https:\/\/www.oficinaempleo.com\/blog\/wp-content\/uploads\/2016\/06\/khg.jpg","contentUrl":"https:\/\/www.oficinaempleo.com\/blog\/wp-content\/uploads\/2016\/06\/khg.jpg","width":1200,"height":628},{"@type":"BreadcrumbList","@id":"https:\/\/www.oficinaempleo.com\/blog\/como-redactar-tu-cv-para-trabajar-en-el-extranjero\/#breadcrumb","itemListElement":[{"@type":"ListItem","position":1,"name":"Home","item":"https:\/\/www.oficinaempleo.com\/blog\/"},{"@type":"ListItem","position":2,"name":"C\u00f3mo redactar tu CV para trabajar en el extranjero"}]},{"@type":"WebSite","@id":"https:\/\/www.oficinaempleo.com\/blog\/#website","url":"https:\/\/www.oficinaempleo.com\/blog\/","name":"Noticias y Consejos de Empleo | Blog OficinaEmpleo","description":"","publisher":{"@id":"https:\/\/www.oficinaempleo.com\/blog\/#organization"},"potentialAction":[{"@type":"SearchAction","target":{"@type":"EntryPoint","urlTemplate":"https:\/\/www.oficinaempleo.com\/blog\/?s={search_term_string}"},"query-input":{"@type":"PropertyValueSpecification","valueRequired":true,"valueName":"search_term_string"}}],"inLanguage":"es"},{"@type":"Organization","@id":"https:\/\/www.oficinaempleo.com\/blog\/#organization","name":"OficinaEmpleo","url":"https:\/\/www.oficinaempleo.com\/blog\/","logo":{"@type":"ImageObject","inLanguage":"es","@id":"https:\/\/www.oficinaempleo.com\/blog\/#\/schema\/logo\/image\/","url":"https:\/\/www.oficinaempleo.com\/blog\/wp-content\/uploads\/2018\/10\/logo_footer-1.jpg","contentUrl":"https:\/\/www.oficinaempleo.com\/blog\/wp-content\/uploads\/2018\/10\/logo_footer-1.jpg","width":478,"height":57,"caption":"OficinaEmpleo"},"image":{"@id":"https:\/\/www.oficinaempleo.com\/blog\/#\/schema\/logo\/image\/"},"sameAs":["https:\/\/x.com\/OficinaEmpleo"]},{"@type":"Person","@id":"https:\/\/www.oficinaempleo.com\/blog\/#\/schema\/person\/a7f3437f35bd6bd9ad19addae529a114","name":"OficinaEmpleo","image":{"@type":"ImageObject","inLanguage":"es","@id":"https:\/\/www.oficinaempleo.com\/blog\/#\/schema\/person\/image\/","url":"https:\/\/secure.gravatar.com\/avatar\/ea822afb14d7439ba3051d652cf8f548fe540f184ce16a2135fc22c9337bd72e?s=96&d=mm&r=g","contentUrl":"https:\/\/secure.gravatar.com\/avatar\/ea822afb14d7439ba3051d652cf8f548fe540f184ce16a2135fc22c9337bd72e?s=96&d=mm&r=g","caption":"OficinaEmpleo"},"description":"En OficinaEmpleo queremos ayudarte a conseguir trabajo. Por eso, adem\u00e1s de ofrecerte ofertas de empleo en nuestro portal, te ense\u00f1amos las novedades del sector, y consejos para mejorar tu perfil.","sameAs":["http:\/\/www.oficinaempleo.com\/","https:\/\/www.facebook.com\/OficinaEmpleo","https:\/\/x.com\/OficinaEmpleo"],"url":"https:\/\/www.oficinaempleo.com\/blog\/author\/empleo\/"}]}},"_links":{"self":[{"href":"https:\/\/www.oficinaempleo.com\/blog\/wp-json\/wp\/v2\/posts\/12796","targetHints":{"allow":["GET"]}}],"collection":[{"href":"https:\/\/www.oficinaempleo.com\/blog\/wp-json\/wp\/v2\/posts"}],"about":[{"href":"https:\/\/www.oficinaempleo.com\/blog\/wp-json\/wp\/v2\/types\/post"}],"author":[{"embeddable":true,"href":"https:\/\/www.oficinaempleo.com\/blog\/wp-json\/wp\/v2\/users\/2"}],"replies":[{"embeddable":true,"href":"https:\/\/www.oficinaempleo.com\/blog\/wp-json\/wp\/v2\/comments?post=12796"}],"version-history":[{"count":0,"href":"https:\/\/www.oficinaempleo.com\/blog\/wp-json\/wp\/v2\/posts\/12796\/revisions"}],"wp:featuredmedia":[{"embeddable":true,"href":"https:\/\/www.oficinaempleo.com\/blog\/wp-json\/wp\/v2\/media\/12797"}],"wp:attachment":[{"href":"https:\/\/www.oficinaempleo.com\/blog\/wp-json\/wp\/v2\/media?parent=12796"}],"wp:term":[{"taxonomy":"category","embeddable":true,"href":"https:\/\/www.oficinaempleo.com\/blog\/wp-json\/wp\/v2\/categories?post=12796"},{"taxonomy":"post_tag","embeddable":true,"href":"https:\/\/www.oficinaempleo.com\/blog\/wp-json\/wp\/v2\/tags?post=12796"}],"curies":[{"name":"wp","href":"https:\/\/api.w.org\/{rel}","templated":true}]}}