{"id":12878,"date":"2024-07-18T08:45:47","date_gmt":"2024-07-18T07:45:47","guid":{"rendered":"http:\/\/www.oficinaempleo.com\/blog\/?p=12878"},"modified":"2024-07-18T09:19:42","modified_gmt":"2024-07-18T08:19:42","slug":"las-8-senales-que-indican-que-odias-tu-trabajo","status":"publish","type":"post","link":"https:\/\/www.oficinaempleo.com\/blog\/las-8-senales-que-indican-que-odias-tu-trabajo\/","title":{"rendered":"Las 8 se\u00f1ales que indican que odias tu trabajo"},"content":{"rendered":"<p>Levantarnos temprano cada ma\u00f1ana para ir a trabajar no es algo que, precisamente, nos provoque una sonrisa. Y menos a\u00fan<strong> no tener trabajo<\/strong>, como lamentablemente le ocurre a <strong>casi 4 millones de personas en Espa\u00f1a<\/strong>. Pero hay veces en las que, a pesar de tener un empleo, nos sentimos especialmente infelices y experimentamos sensaciones como el miedo o la angustia que nos pueden llegar a anular en nuestro d\u00eda a d\u00eda. Estas <strong>8 se\u00f1ales indican que odias tu trabajo<\/strong> y que tu <strong><a href=\"http:\/\/www.oficinaempleo.com\/blog\/que-tipo-de-paro-te-corresponde-segun-tu-situacion-laboral\/\">situaci\u00f3n laboral<\/a><\/strong> ha llegado al l\u00edmite o, peor a\u00fan, lo ha traspasado.<\/p>\n<div id=\"attachment_12879\" style=\"width: 600px\" class=\"wp-caption aligncenter\"><img loading=\"lazy\" decoding=\"async\" aria-describedby=\"caption-attachment-12879\" class=\"wp-image-12879 size-full\" style=\"font-size: 16px;\" src=\"http:\/\/www.oficinaempleo.com\/blog\/wp-content\/uploads\/2016\/06\/odio-trabajo.jpg\" alt=\"Atento a las se\u00f1ales que indican que odias tu trabajo\" width=\"590\" height=\"315\" srcset=\"https:\/\/www.oficinaempleo.com\/blog\/wp-content\/uploads\/2016\/06\/odio-trabajo.jpg 590w, https:\/\/www.oficinaempleo.com\/blog\/wp-content\/uploads\/2016\/06\/odio-trabajo-300x160.jpg 300w\" sizes=\"auto, (max-width: 590px) 100vw, 590px\" \/><p id=\"caption-attachment-12879\" class=\"wp-caption-text\">Atento a las se\u00f1ales que indican que odias tu trabajo<\/p><\/div>\n<h2><strong>1. Irritabilidad<\/strong><\/h2>\n<p>Todos tenemos nuestros d\u00edas malos, pero si <strong>se repiten los d\u00edas en los que no nos aguantamos ni a nosotros mismos y damos malas contestaciones<\/strong> a los dem\u00e1s, es muy probable que la explicaci\u00f3n est\u00e9 en nuestro trabajo.<\/p>\n<h2><strong>2. Dormir mal<\/strong><\/h2>\n<p>\u00bfTe cuesta conciliar el sue\u00f1o o te despiertas varias veces en mitad de la noche? Son varias las causas que nos pueden llevar a dormir mal por las noches, pero una de las m\u00e1s frecuentes es la <strong>preocupaci\u00f3n por el trabajo.<\/strong><\/p>\n<h2><strong>3. Mala relaci\u00f3n con los compa\u00f1eros o con los jefes<\/strong><\/h2>\n<p>Puede que <strong>el culpable de la situaci\u00f3n no sea el trabajo en s\u00ed, sino las <a href=\"https:\/\/www.oficinaempleo.com\/blog\/8-tipos-de-companeros-de-trabajo-a-evitar\/\">personas que trabajan contigo<\/a><\/strong>. Si tu relaci\u00f3n con alguno de tus compa\u00f1eros o con tu jefe es mala o inexistente, es dif\u00edcil que no te afecte.<\/p>\n<h2><strong>4. No desconectar<\/strong><\/h2>\n<p>Otra forma de saber si odiamos nuestro trabajo es<strong> analizar la calidad del tiempo que pasamos fuera de \u00e9l<\/strong>. Si no s\u00f3lo no estamos a gusto en el trabajo sino tampoco en nuestro tiempo de ocio, mala se\u00f1al.<\/p>\n<h2><strong>5. Buscar trabajo desesperadamente<\/strong><\/h2>\n<p><a href=\"https:\/\/www.sepe.es\/HomeSepe\/es\/\" target=\"_blank\" rel=\"noopener\">Buscar un empleo<\/a> cuando tenemos trabajo es algo normal y una se\u00f1al de que queremos mejorar profesionalmente. Sin embargo, si esa <strong>b\u00fasqueda llega a ser obsesiva<\/strong>, est\u00e1 claro que es porque <strong>odiamos nuestro trabajo actual y queremos dejarlo<\/strong>.<\/p>\n<h2><strong>6. Cansancio excesivo<\/strong><\/h2>\n<p>Adem\u00e1s de la falta de sue\u00f1o, la falta de motivaci\u00f3n o la angustia por un trabajo hacen que <strong>nos sintamos m\u00e1s cansados de lo normal<\/strong>.<\/p>\n<h2><strong>7. Peor rendimiento<\/strong><\/h2>\n<p>Tambi\u00e9n es bastante probable que <strong>nuestra productividad se vea resentida<\/strong> cuando nuestro trabajo se nos hace especialmente cuesta arriba.<\/p>\n<h2><strong>8. El tiempo pasa muy despacio<\/strong><\/h2>\n<p>La percepci\u00f3n del paso del tiempo es un buen indicador para medir el nivel de satisfacci\u00f3n con nuestro trabajo.<strong> Si los d\u00edas y las semanas se hacen interminables, est\u00e1 claro que odias tu trabajo.<\/strong><\/p>\n<div class=\"su-button-center\"><a href=\"https:\/\/jobs.oficinaempleo.com\/registro?origen=ORG-web&#038;utm_source=OE&#038;utm_medium=boton_registro&#038;utm_content=homepage&#038;utm_campaign=organic\" class=\"su-button su-button-style-flat\" style=\"color:#FFFFFF;background-color:#ec7d0c;border-color:#bd640a;border-radius:10px\" target=\"__blank\"><span style=\"color:#FFFFFF;padding:8px 26px;font-size:20px;line-height:30px;border-color:#f2a455;border-radius:10px;text-shadow:none\"><i class=\"sui sui-arrow-circle-right\" style=\"font-size:20px;color:#FFFFFF\"><\/i> Reg\u00edstrate y no te pierdas ninguna oferta de empleo<\/span><\/a><\/div><div class=\"su-spacer\" style=\"height:30px\"><\/div>\n","protected":false},"excerpt":{"rendered":"<p>Puede que odies tu trabajo y no lo sepas. \u00bfC\u00f3mo descubrirlo? Echa un ojo a estas se\u00f1ales. Si coincides con ellas ya sabes porqu\u00e9 te pone de mal humor. <\/p>\n","protected":false},"author":2,"featured_media":12879,"comment_status":"open","ping_status":"open","sticky":false,"template":"","format":"standard","meta":{"footnotes":""},"categories":[12,6540,690],"tags":[164,44,182,855,3841,3842],"class_list":["post-12878","post","type-post","status-publish","format-standard","has-post-thumbnail","hentry","category-consejos-y-recursos","category-empleo","category-psicologia-empleo","tag-buscar-empleo","tag-buscar-trabajo","tag-cambiar-de-trabajo","tag-estres-laboral","tag-odio-al-trabajo","tag-situacion-laboral","cat-12-id","cat-6540-id","cat-690-id","has_thumb"],"yoast_head":"<!-- This site is optimized with the Yoast SEO plugin v27.1.1 - https:\/\/yoast.com\/product\/yoast-seo-wordpress\/ -->\n<title>Las 8 se\u00f1ales que indican que odias tu trabajo - Oficina Empleo<\/title>\n<meta name=\"description\" content=\"\u00bfNo est\u00e1s seguro de si odias tu trabajo? Echa un ojo a estas se\u00f1ales, si coincides con ellas ya sabes porqu\u00e9 es. \u00a1Mira!\" \/>\n<meta name=\"robots\" content=\"index, follow, max-snippet:-1, max-image-preview:large, max-video-preview:-1\" \/>\n<link rel=\"canonical\" href=\"https:\/\/www.oficinaempleo.com\/blog\/las-8-senales-que-indican-que-odias-tu-trabajo\/\" \/>\n<meta property=\"og:locale\" content=\"es_ES\" \/>\n<meta property=\"og:type\" content=\"article\" \/>\n<meta property=\"og:title\" content=\"Las 8 se\u00f1ales que indican que odias tu trabajo - Oficina Empleo\" \/>\n<meta property=\"og:description\" content=\"\u00bfNo est\u00e1s seguro de si odias tu trabajo? Echa un ojo a estas se\u00f1ales, si coincides con ellas ya sabes porqu\u00e9 es. \u00a1Mira!\" \/>\n<meta property=\"og:url\" content=\"https:\/\/www.oficinaempleo.com\/blog\/las-8-senales-que-indican-que-odias-tu-trabajo\/\" \/>\n<meta property=\"og:site_name\" content=\"Noticias y consejos de empleo | Blog OficinaEmpleo\" \/>\n<meta property=\"article:author\" content=\"https:\/\/www.facebook.com\/OficinaEmpleo\" \/>\n<meta property=\"article:published_time\" content=\"2024-07-18T07:45:47+00:00\" \/>\n<meta property=\"article:modified_time\" content=\"2024-07-18T08:19:42+00:00\" \/>\n<meta property=\"og:image\" content=\"https:\/\/www.oficinaempleo.com\/blog\/wp-content\/uploads\/2016\/06\/odio-trabajo.jpg\" \/>\n\t<meta property=\"og:image:width\" content=\"590\" \/>\n\t<meta property=\"og:image:height\" content=\"315\" \/>\n\t<meta property=\"og:image:type\" content=\"image\/jpeg\" \/>\n<meta name=\"author\" content=\"OficinaEmpleo\" \/>\n<meta name=\"twitter:card\" content=\"summary_large_image\" \/>\n<meta name=\"twitter:creator\" content=\"@OficinaEmpleo\" \/>\n<meta name=\"twitter:site\" content=\"@OficinaEmpleo\" \/>\n<meta name=\"twitter:label1\" content=\"Written by\" \/>\n\t<meta name=\"twitter:data1\" content=\"OficinaEmpleo\" \/>\n\t<meta name=\"twitter:label2\" content=\"Est. reading time\" \/>\n\t<meta name=\"twitter:data2\" content=\"3 minutos\" \/>\n<script type=\"application\/ld+json\" class=\"yoast-schema-graph\">{\"@context\":\"https:\/\/schema.org\",\"@graph\":[{\"@type\":\"Article\",\"@id\":\"https:\/\/www.oficinaempleo.com\/blog\/las-8-senales-que-indican-que-odias-tu-trabajo\/#article\",\"isPartOf\":{\"@id\":\"https:\/\/www.oficinaempleo.com\/blog\/las-8-senales-que-indican-que-odias-tu-trabajo\/\"},\"author\":{\"name\":\"OficinaEmpleo\",\"@id\":\"https:\/\/www.oficinaempleo.com\/blog\/#\/schema\/person\/a7f3437f35bd6bd9ad19addae529a114\"},\"headline\":\"Las 8 se\u00f1ales que indican que odias tu trabajo\",\"datePublished\":\"2024-07-18T07:45:47+00:00\",\"dateModified\":\"2024-07-18T08:19:42+00:00\",\"mainEntityOfPage\":{\"@id\":\"https:\/\/www.oficinaempleo.com\/blog\/las-8-senales-que-indican-que-odias-tu-trabajo\/\"},\"wordCount\":493,\"commentCount\":0,\"publisher\":{\"@id\":\"https:\/\/www.oficinaempleo.com\/blog\/#organization\"},\"image\":{\"@id\":\"https:\/\/www.oficinaempleo.com\/blog\/las-8-senales-que-indican-que-odias-tu-trabajo\/#primaryimage\"},\"thumbnailUrl\":\"https:\/\/www.oficinaempleo.com\/blog\/wp-content\/uploads\/2016\/06\/odio-trabajo.jpg\",\"keywords\":[\"buscar empleo\",\"buscar trabajo\",\"cambiar de trabajo\",\"estr\u00e9s laboral\",\"odio al trabajo\",\"situaci\u00f3n laboral\"],\"articleSection\":[\"Consejos y Recursos\",\"empleo\",\"Psicolog\u00eda\"],\"inLanguage\":\"es\",\"potentialAction\":[{\"@type\":\"CommentAction\",\"name\":\"Comment\",\"target\":[\"https:\/\/www.oficinaempleo.com\/blog\/las-8-senales-que-indican-que-odias-tu-trabajo\/#respond\"]}]},{\"@type\":\"WebPage\",\"@id\":\"https:\/\/www.oficinaempleo.com\/blog\/las-8-senales-que-indican-que-odias-tu-trabajo\/\",\"url\":\"https:\/\/www.oficinaempleo.com\/blog\/las-8-senales-que-indican-que-odias-tu-trabajo\/\",\"name\":\"Las 8 se\u00f1ales que indican que odias tu trabajo - Oficina Empleo\",\"isPartOf\":{\"@id\":\"https:\/\/www.oficinaempleo.com\/blog\/#website\"},\"primaryImageOfPage\":{\"@id\":\"https:\/\/www.oficinaempleo.com\/blog\/las-8-senales-que-indican-que-odias-tu-trabajo\/#primaryimage\"},\"image\":{\"@id\":\"https:\/\/www.oficinaempleo.com\/blog\/las-8-senales-que-indican-que-odias-tu-trabajo\/#primaryimage\"},\"thumbnailUrl\":\"https:\/\/www.oficinaempleo.com\/blog\/wp-content\/uploads\/2016\/06\/odio-trabajo.jpg\",\"datePublished\":\"2024-07-18T07:45:47+00:00\",\"dateModified\":\"2024-07-18T08:19:42+00:00\",\"description\":\"\u00bfNo est\u00e1s seguro de si odias tu trabajo? Echa un ojo a estas se\u00f1ales, si coincides con ellas ya sabes porqu\u00e9 es. \u00a1Mira!\",\"breadcrumb\":{\"@id\":\"https:\/\/www.oficinaempleo.com\/blog\/las-8-senales-que-indican-que-odias-tu-trabajo\/#breadcrumb\"},\"inLanguage\":\"es\",\"potentialAction\":[{\"@type\":\"ReadAction\",\"target\":[\"https:\/\/www.oficinaempleo.com\/blog\/las-8-senales-que-indican-que-odias-tu-trabajo\/\"]}]},{\"@type\":\"ImageObject\",\"inLanguage\":\"es\",\"@id\":\"https:\/\/www.oficinaempleo.com\/blog\/las-8-senales-que-indican-que-odias-tu-trabajo\/#primaryimage\",\"url\":\"https:\/\/www.oficinaempleo.com\/blog\/wp-content\/uploads\/2016\/06\/odio-trabajo.jpg\",\"contentUrl\":\"https:\/\/www.oficinaempleo.com\/blog\/wp-content\/uploads\/2016\/06\/odio-trabajo.jpg\",\"width\":590,\"height\":315,\"caption\":\"Las 8 se\u00f1ales que indican que odias tu trabajo\"},{\"@type\":\"BreadcrumbList\",\"@id\":\"https:\/\/www.oficinaempleo.com\/blog\/las-8-senales-que-indican-que-odias-tu-trabajo\/#breadcrumb\",\"itemListElement\":[{\"@type\":\"ListItem\",\"position\":1,\"name\":\"Home\",\"item\":\"https:\/\/www.oficinaempleo.com\/blog\/\"},{\"@type\":\"ListItem\",\"position\":2,\"name\":\"Las 8 se\u00f1ales que indican que odias tu trabajo\"}]},{\"@type\":\"WebSite\",\"@id\":\"https:\/\/www.oficinaempleo.com\/blog\/#website\",\"url\":\"https:\/\/www.oficinaempleo.com\/blog\/\",\"name\":\"Noticias y Consejos de Empleo | Blog OficinaEmpleo\",\"description\":\"\",\"publisher\":{\"@id\":\"https:\/\/www.oficinaempleo.com\/blog\/#organization\"},\"potentialAction\":[{\"@type\":\"SearchAction\",\"target\":{\"@type\":\"EntryPoint\",\"urlTemplate\":\"https:\/\/www.oficinaempleo.com\/blog\/?s={search_term_string}\"},\"query-input\":{\"@type\":\"PropertyValueSpecification\",\"valueRequired\":true,\"valueName\":\"search_term_string\"}}],\"inLanguage\":\"es\"},{\"@type\":\"Organization\",\"@id\":\"https:\/\/www.oficinaempleo.com\/blog\/#organization\",\"name\":\"OficinaEmpleo\",\"url\":\"https:\/\/www.oficinaempleo.com\/blog\/\",\"logo\":{\"@type\":\"ImageObject\",\"inLanguage\":\"es\",\"@id\":\"https:\/\/www.oficinaempleo.com\/blog\/#\/schema\/logo\/image\/\",\"url\":\"https:\/\/www.oficinaempleo.com\/blog\/wp-content\/uploads\/2018\/10\/logo_footer-1.jpg\",\"contentUrl\":\"https:\/\/www.oficinaempleo.com\/blog\/wp-content\/uploads\/2018\/10\/logo_footer-1.jpg\",\"width\":478,\"height\":57,\"caption\":\"OficinaEmpleo\"},\"image\":{\"@id\":\"https:\/\/www.oficinaempleo.com\/blog\/#\/schema\/logo\/image\/\"},\"sameAs\":[\"https:\/\/x.com\/OficinaEmpleo\"]},{\"@type\":\"Person\",\"@id\":\"https:\/\/www.oficinaempleo.com\/blog\/#\/schema\/person\/a7f3437f35bd6bd9ad19addae529a114\",\"name\":\"OficinaEmpleo\",\"image\":{\"@type\":\"ImageObject\",\"inLanguage\":\"es\",\"@id\":\"https:\/\/www.oficinaempleo.com\/blog\/#\/schema\/person\/image\/\",\"url\":\"https:\/\/secure.gravatar.com\/avatar\/ea822afb14d7439ba3051d652cf8f548fe540f184ce16a2135fc22c9337bd72e?s=96&d=mm&r=g\",\"contentUrl\":\"https:\/\/secure.gravatar.com\/avatar\/ea822afb14d7439ba3051d652cf8f548fe540f184ce16a2135fc22c9337bd72e?s=96&d=mm&r=g\",\"caption\":\"OficinaEmpleo\"},\"description\":\"En OficinaEmpleo queremos ayudarte a conseguir trabajo. Por eso, adem\u00e1s de ofrecerte ofertas de empleo en nuestro portal, te ense\u00f1amos las novedades del sector, y consejos para mejorar tu perfil.\",\"sameAs\":[\"http:\/\/www.oficinaempleo.com\/\",\"https:\/\/www.facebook.com\/OficinaEmpleo\",\"https:\/\/x.com\/OficinaEmpleo\"],\"url\":\"https:\/\/www.oficinaempleo.com\/blog\/author\/empleo\/\"}]}<\/script>\n<!-- \/ Yoast SEO plugin. -->","yoast_head_json":{"title":"Las 8 se\u00f1ales que indican que odias tu trabajo - Oficina Empleo","description":"\u00bfNo est\u00e1s seguro de si odias tu trabajo? Echa un ojo a estas se\u00f1ales, si coincides con ellas ya sabes porqu\u00e9 es. \u00a1Mira!","robots":{"index":"index","follow":"follow","max-snippet":"max-snippet:-1","max-image-preview":"max-image-preview:large","max-video-preview":"max-video-preview:-1"},"canonical":"https:\/\/www.oficinaempleo.com\/blog\/las-8-senales-que-indican-que-odias-tu-trabajo\/","og_locale":"es_ES","og_type":"article","og_title":"Las 8 se\u00f1ales que indican que odias tu trabajo - Oficina Empleo","og_description":"\u00bfNo est\u00e1s seguro de si odias tu trabajo? Echa un ojo a estas se\u00f1ales, si coincides con ellas ya sabes porqu\u00e9 es. \u00a1Mira!","og_url":"https:\/\/www.oficinaempleo.com\/blog\/las-8-senales-que-indican-que-odias-tu-trabajo\/","og_site_name":"Noticias y consejos de empleo | Blog OficinaEmpleo","article_author":"https:\/\/www.facebook.com\/OficinaEmpleo","article_published_time":"2024-07-18T07:45:47+00:00","article_modified_time":"2024-07-18T08:19:42+00:00","og_image":[{"width":590,"height":315,"url":"https:\/\/www.oficinaempleo.com\/blog\/wp-content\/uploads\/2016\/06\/odio-trabajo.jpg","type":"image\/jpeg"}],"author":"OficinaEmpleo","twitter_card":"summary_large_image","twitter_creator":"@OficinaEmpleo","twitter_site":"@OficinaEmpleo","twitter_misc":{"Written by":"OficinaEmpleo","Est. reading time":"3 minutos"},"schema":{"@context":"https:\/\/schema.org","@graph":[{"@type":"Article","@id":"https:\/\/www.oficinaempleo.com\/blog\/las-8-senales-que-indican-que-odias-tu-trabajo\/#article","isPartOf":{"@id":"https:\/\/www.oficinaempleo.com\/blog\/las-8-senales-que-indican-que-odias-tu-trabajo\/"},"author":{"name":"OficinaEmpleo","@id":"https:\/\/www.oficinaempleo.com\/blog\/#\/schema\/person\/a7f3437f35bd6bd9ad19addae529a114"},"headline":"Las 8 se\u00f1ales que indican que odias tu trabajo","datePublished":"2024-07-18T07:45:47+00:00","dateModified":"2024-07-18T08:19:42+00:00","mainEntityOfPage":{"@id":"https:\/\/www.oficinaempleo.com\/blog\/las-8-senales-que-indican-que-odias-tu-trabajo\/"},"wordCount":493,"commentCount":0,"publisher":{"@id":"https:\/\/www.oficinaempleo.com\/blog\/#organization"},"image":{"@id":"https:\/\/www.oficinaempleo.com\/blog\/las-8-senales-que-indican-que-odias-tu-trabajo\/#primaryimage"},"thumbnailUrl":"https:\/\/www.oficinaempleo.com\/blog\/wp-content\/uploads\/2016\/06\/odio-trabajo.jpg","keywords":["buscar empleo","buscar trabajo","cambiar de trabajo","estr\u00e9s laboral","odio al trabajo","situaci\u00f3n laboral"],"articleSection":["Consejos y Recursos","empleo","Psicolog\u00eda"],"inLanguage":"es","potentialAction":[{"@type":"CommentAction","name":"Comment","target":["https:\/\/www.oficinaempleo.com\/blog\/las-8-senales-que-indican-que-odias-tu-trabajo\/#respond"]}]},{"@type":"WebPage","@id":"https:\/\/www.oficinaempleo.com\/blog\/las-8-senales-que-indican-que-odias-tu-trabajo\/","url":"https:\/\/www.oficinaempleo.com\/blog\/las-8-senales-que-indican-que-odias-tu-trabajo\/","name":"Las 8 se\u00f1ales que indican que odias tu trabajo - Oficina Empleo","isPartOf":{"@id":"https:\/\/www.oficinaempleo.com\/blog\/#website"},"primaryImageOfPage":{"@id":"https:\/\/www.oficinaempleo.com\/blog\/las-8-senales-que-indican-que-odias-tu-trabajo\/#primaryimage"},"image":{"@id":"https:\/\/www.oficinaempleo.com\/blog\/las-8-senales-que-indican-que-odias-tu-trabajo\/#primaryimage"},"thumbnailUrl":"https:\/\/www.oficinaempleo.com\/blog\/wp-content\/uploads\/2016\/06\/odio-trabajo.jpg","datePublished":"2024-07-18T07:45:47+00:00","dateModified":"2024-07-18T08:19:42+00:00","description":"\u00bfNo est\u00e1s seguro de si odias tu trabajo? Echa un ojo a estas se\u00f1ales, si coincides con ellas ya sabes porqu\u00e9 es. \u00a1Mira!","breadcrumb":{"@id":"https:\/\/www.oficinaempleo.com\/blog\/las-8-senales-que-indican-que-odias-tu-trabajo\/#breadcrumb"},"inLanguage":"es","potentialAction":[{"@type":"ReadAction","target":["https:\/\/www.oficinaempleo.com\/blog\/las-8-senales-que-indican-que-odias-tu-trabajo\/"]}]},{"@type":"ImageObject","inLanguage":"es","@id":"https:\/\/www.oficinaempleo.com\/blog\/las-8-senales-que-indican-que-odias-tu-trabajo\/#primaryimage","url":"https:\/\/www.oficinaempleo.com\/blog\/wp-content\/uploads\/2016\/06\/odio-trabajo.jpg","contentUrl":"https:\/\/www.oficinaempleo.com\/blog\/wp-content\/uploads\/2016\/06\/odio-trabajo.jpg","width":590,"height":315,"caption":"Las 8 se\u00f1ales que indican que odias tu trabajo"},{"@type":"BreadcrumbList","@id":"https:\/\/www.oficinaempleo.com\/blog\/las-8-senales-que-indican-que-odias-tu-trabajo\/#breadcrumb","itemListElement":[{"@type":"ListItem","position":1,"name":"Home","item":"https:\/\/www.oficinaempleo.com\/blog\/"},{"@type":"ListItem","position":2,"name":"Las 8 se\u00f1ales que indican que odias tu trabajo"}]},{"@type":"WebSite","@id":"https:\/\/www.oficinaempleo.com\/blog\/#website","url":"https:\/\/www.oficinaempleo.com\/blog\/","name":"Noticias y Consejos de Empleo | Blog OficinaEmpleo","description":"","publisher":{"@id":"https:\/\/www.oficinaempleo.com\/blog\/#organization"},"potentialAction":[{"@type":"SearchAction","target":{"@type":"EntryPoint","urlTemplate":"https:\/\/www.oficinaempleo.com\/blog\/?s={search_term_string}"},"query-input":{"@type":"PropertyValueSpecification","valueRequired":true,"valueName":"search_term_string"}}],"inLanguage":"es"},{"@type":"Organization","@id":"https:\/\/www.oficinaempleo.com\/blog\/#organization","name":"OficinaEmpleo","url":"https:\/\/www.oficinaempleo.com\/blog\/","logo":{"@type":"ImageObject","inLanguage":"es","@id":"https:\/\/www.oficinaempleo.com\/blog\/#\/schema\/logo\/image\/","url":"https:\/\/www.oficinaempleo.com\/blog\/wp-content\/uploads\/2018\/10\/logo_footer-1.jpg","contentUrl":"https:\/\/www.oficinaempleo.com\/blog\/wp-content\/uploads\/2018\/10\/logo_footer-1.jpg","width":478,"height":57,"caption":"OficinaEmpleo"},"image":{"@id":"https:\/\/www.oficinaempleo.com\/blog\/#\/schema\/logo\/image\/"},"sameAs":["https:\/\/x.com\/OficinaEmpleo"]},{"@type":"Person","@id":"https:\/\/www.oficinaempleo.com\/blog\/#\/schema\/person\/a7f3437f35bd6bd9ad19addae529a114","name":"OficinaEmpleo","image":{"@type":"ImageObject","inLanguage":"es","@id":"https:\/\/www.oficinaempleo.com\/blog\/#\/schema\/person\/image\/","url":"https:\/\/secure.gravatar.com\/avatar\/ea822afb14d7439ba3051d652cf8f548fe540f184ce16a2135fc22c9337bd72e?s=96&d=mm&r=g","contentUrl":"https:\/\/secure.gravatar.com\/avatar\/ea822afb14d7439ba3051d652cf8f548fe540f184ce16a2135fc22c9337bd72e?s=96&d=mm&r=g","caption":"OficinaEmpleo"},"description":"En OficinaEmpleo queremos ayudarte a conseguir trabajo. Por eso, adem\u00e1s de ofrecerte ofertas de empleo en nuestro portal, te ense\u00f1amos las novedades del sector, y consejos para mejorar tu perfil.","sameAs":["http:\/\/www.oficinaempleo.com\/","https:\/\/www.facebook.com\/OficinaEmpleo","https:\/\/x.com\/OficinaEmpleo"],"url":"https:\/\/www.oficinaempleo.com\/blog\/author\/empleo\/"}]}},"_links":{"self":[{"href":"https:\/\/www.oficinaempleo.com\/blog\/wp-json\/wp\/v2\/posts\/12878","targetHints":{"allow":["GET"]}}],"collection":[{"href":"https:\/\/www.oficinaempleo.com\/blog\/wp-json\/wp\/v2\/posts"}],"about":[{"href":"https:\/\/www.oficinaempleo.com\/blog\/wp-json\/wp\/v2\/types\/post"}],"author":[{"embeddable":true,"href":"https:\/\/www.oficinaempleo.com\/blog\/wp-json\/wp\/v2\/users\/2"}],"replies":[{"embeddable":true,"href":"https:\/\/www.oficinaempleo.com\/blog\/wp-json\/wp\/v2\/comments?post=12878"}],"version-history":[{"count":3,"href":"https:\/\/www.oficinaempleo.com\/blog\/wp-json\/wp\/v2\/posts\/12878\/revisions"}],"predecessor-version":[{"id":34689,"href":"https:\/\/www.oficinaempleo.com\/blog\/wp-json\/wp\/v2\/posts\/12878\/revisions\/34689"}],"wp:featuredmedia":[{"embeddable":true,"href":"https:\/\/www.oficinaempleo.com\/blog\/wp-json\/wp\/v2\/media\/12879"}],"wp:attachment":[{"href":"https:\/\/www.oficinaempleo.com\/blog\/wp-json\/wp\/v2\/media?parent=12878"}],"wp:term":[{"taxonomy":"category","embeddable":true,"href":"https:\/\/www.oficinaempleo.com\/blog\/wp-json\/wp\/v2\/categories?post=12878"},{"taxonomy":"post_tag","embeddable":true,"href":"https:\/\/www.oficinaempleo.com\/blog\/wp-json\/wp\/v2\/tags?post=12878"}],"curies":[{"name":"wp","href":"https:\/\/api.w.org\/{rel}","templated":true}]}}