{"id":129,"date":"2011-05-24T10:00:02","date_gmt":"2011-05-24T09:00:02","guid":{"rendered":"http:\/\/blog.oficinaempleo.com\/?p=129"},"modified":"2011-05-24T10:00:52","modified_gmt":"2011-05-24T09:00:52","slug":"tasa-de-desempleo-femenino-en-espana","status":"publish","type":"post","link":"https:\/\/www.oficinaempleo.com\/blog\/tasa-de-desempleo-femenino-en-espana\/","title":{"rendered":"Tasa de desempleo femenino en Espa\u00f1a"},"content":{"rendered":"<p><img loading=\"lazy\" decoding=\"async\" class=\"alignleft size-full wp-image-130\" title=\"Desempleo-femenino\" src=\"http:\/\/blog.oficinaempleo.com\/wp-content\/uploads\/2011\/05\/Desempleo-femenino.gif\" alt=\"\" width=\"100\" height=\"100\" \/> Los datos de de Eurostat recogidos por el <strong>Instituto de Estudios Econ\u00f3micos (<a title=\"IEE Madrid\" href=\"http:\/\/www.ieemadrid.es\/\" >IEE<\/a>)<\/strong> no traen buenas noticias para el <strong>sector femenino ya que su desempleo en Espa\u00f1a se dispar\u00f3 hasta el 20, 5% en 2010<\/strong>,  dos puntos porcentuales m\u00e1s que en el a\u00f1o 2009 y m\u00e1s del doble que el promedio de la UE, que se situ\u00f3 en 9,6%. <!--more--><\/p>\n<p>El <strong>paro femenino tambi\u00e9n aument\u00f3 en la UE-27<\/strong>, hasta alcanzar una media del 9,6% frente a un 8,9% en el a\u00f1o 2009. No obstante, la mayor\u00eda de pa\u00edses comunitarios, quince en total, \u00abse situaron por debajo del promedio, algunos incluso alcanzaron tasas solo levemente por encima del 4%\u00bb, seg\u00fan destac\u00f3 el <strong>IEE<\/strong>.<\/p>\n<p>Tras Espa\u00f1a, los pa\u00edses de la UE-27 con m\u00e1s <strong>desempleo femenino<\/strong> en 2010 fueron Grecia, con una tasa del 16,2%, Letonia (15,7), Eslovaquia (14,6%), Lituania (14,5%) y Estonia (14,3%). En el pa\u00eds vecino, es decir, Portugal la<strong> tasa de<\/strong> <strong>paro entre mujeres<\/strong> aument\u00f3 a un 12,1%, mientras que Hungr\u00eda, Francia y Polonia se situaron alrededor del 10%. Irlanda e Italia compartieron un 9,7%, levemente por encima del promedio de la UE.<\/p>\n<p>Entre los quince pa\u00edses que lograron mantener unos niveles de <strong>desempleo femenino<\/strong> moderados en 2010 est\u00e1n B\u00e9lgica, la Rep\u00fablica Checa y Suecia, con cifras por encima del 8%, mientras que Finlandia, Malta y Eslovenia superaron el 7%. En el Reino Unido el desempleo entre mujeres alcanz\u00f3 un 6,8%, al tiempo que Alemania y Dinamarca compartieron un 6,6%. Los pa\u00edses que cerraron la clasificaci\u00f3n con unas tasas muy bajas fueron Holanda (4,5%) y Austria (4,2%).<\/p>\n<p>Desde <strong><a title=\"Oficina de Empleo\" href=\"http:\/\/oficinaempleo.com\/\" target=\"_self\">Oficina de Empleo<\/a><\/strong> esperamos que pronto cambien estos datos y el <strong>empleo tanto para mujeres como para hombres en Espa\u00f1a, repunte en signos positivos. <\/strong><\/p>\n","protected":false},"excerpt":{"rendered":"<p>Los datos de de Eurostat recogidos por el Instituto de Estudios Econ\u00f3micos (IEE) no traen buenas noticias para el sector femenino ya que su desempleo en Espa\u00f1a se dispar\u00f3 hasta el 20, 5% en 2010, dos puntos porcentuales m\u00e1s que en el a\u00f1o 2009 y m\u00e1s del doble que el promedio de la UE, que [&hellip;]<\/p>\n","protected":false},"author":2,"featured_media":0,"comment_status":"open","ping_status":"open","sticky":false,"template":"","format":"standard","meta":{"footnotes":""},"categories":[3],"tags":[113,111,112,51,114,115],"class_list":["post-129","post","type-post","status-publish","format-standard","hentry","category-noticias-empleo","tag-desempleo-en-espana","tag-desempleo-femenino","tag-iee","tag-oficina-de-empleo","tag-paro-femenino","tag-tasa-de-paro-en-las-mujeres","cat-3-id"],"yoast_head":"<!-- This site is optimized with the Yoast SEO plugin v27.7 - https:\/\/yoast.com\/product\/yoast-seo-wordpress\/ -->\n<title>Tasa de desempleo femenino en Espa\u00f1a - Blog OficinaEmpleo<\/title>\n<meta name=\"robots\" content=\"index, follow, max-snippet:-1, max-image-preview:large, max-video-preview:-1\" \/>\n<link rel=\"canonical\" href=\"https:\/\/www.oficinaempleo.com\/blog\/tasa-de-desempleo-femenino-en-espana\/\" \/>\n<meta property=\"og:locale\" content=\"es_ES\" \/>\n<meta property=\"og:type\" content=\"article\" \/>\n<meta property=\"og:title\" content=\"Tasa de desempleo femenino en Espa\u00f1a - Blog OficinaEmpleo\" \/>\n<meta property=\"og:description\" content=\"Los datos de de Eurostat recogidos por el Instituto de Estudios Econ\u00f3micos (IEE) no traen buenas noticias para el sector femenino ya que su desempleo en Espa\u00f1a se dispar\u00f3 hasta el 20, 5% en 2010, dos puntos porcentuales m\u00e1s que en el a\u00f1o 2009 y m\u00e1s del doble que el promedio de la UE, que [&hellip;]\" \/>\n<meta property=\"og:url\" content=\"https:\/\/www.oficinaempleo.com\/blog\/tasa-de-desempleo-femenino-en-espana\/\" \/>\n<meta property=\"og:site_name\" content=\"Noticias y consejos de empleo | Blog OficinaEmpleo\" \/>\n<meta property=\"article:author\" content=\"https:\/\/www.facebook.com\/OficinaEmpleo\" \/>\n<meta property=\"article:published_time\" content=\"2011-05-24T09:00:02+00:00\" \/>\n<meta property=\"article:modified_time\" content=\"2011-05-24T09:00:52+00:00\" \/>\n<meta property=\"og:image\" content=\"http:\/\/blog.oficinaempleo.com\/wp-content\/uploads\/2011\/05\/Desempleo-femenino.gif\" \/>\n<meta name=\"author\" content=\"OficinaEmpleo\" \/>\n<meta name=\"twitter:card\" content=\"summary_large_image\" \/>\n<meta name=\"twitter:creator\" content=\"@OficinaEmpleo\" \/>\n<meta name=\"twitter:site\" content=\"@OficinaEmpleo\" \/>\n<meta name=\"twitter:label1\" content=\"Written by\" \/>\n\t<meta name=\"twitter:data1\" content=\"OficinaEmpleo\" \/>\n\t<meta name=\"twitter:label2\" content=\"Est. reading time\" \/>\n\t<meta name=\"twitter:data2\" content=\"1 minuto\" \/>\n<script type=\"application\/ld+json\" class=\"yoast-schema-graph\">{\"@context\":\"https:\\\/\\\/schema.org\",\"@graph\":[{\"@type\":\"Article\",\"@id\":\"https:\\\/\\\/www.oficinaempleo.com\\\/blog\\\/tasa-de-desempleo-femenino-en-espana\\\/#article\",\"isPartOf\":{\"@id\":\"https:\\\/\\\/www.oficinaempleo.com\\\/blog\\\/tasa-de-desempleo-femenino-en-espana\\\/\"},\"author\":{\"name\":\"OficinaEmpleo\",\"@id\":\"https:\\\/\\\/www.oficinaempleo.com\\\/blog\\\/#\\\/schema\\\/person\\\/a7f3437f35bd6bd9ad19addae529a114\"},\"headline\":\"Tasa de desempleo femenino en Espa\u00f1a\",\"datePublished\":\"2011-05-24T09:00:02+00:00\",\"dateModified\":\"2011-05-24T09:00:52+00:00\",\"mainEntityOfPage\":{\"@id\":\"https:\\\/\\\/www.oficinaempleo.com\\\/blog\\\/tasa-de-desempleo-femenino-en-espana\\\/\"},\"wordCount\":285,\"commentCount\":2,\"publisher\":{\"@id\":\"https:\\\/\\\/www.oficinaempleo.com\\\/blog\\\/#organization\"},\"image\":{\"@id\":\"https:\\\/\\\/www.oficinaempleo.com\\\/blog\\\/tasa-de-desempleo-femenino-en-espana\\\/#primaryimage\"},\"thumbnailUrl\":\"http:\\\/\\\/blog.oficinaempleo.com\\\/wp-content\\\/uploads\\\/2011\\\/05\\\/Desempleo-femenino.gif\",\"keywords\":[\"desempleo en Espa\u00f1a\",\"desempleo femenino\",\"IEE\",\"Oficina de Empleo\",\"paro femenino\",\"tasa de paro en las mujeres\"],\"articleSection\":[\"Noticias Empleo\"],\"inLanguage\":\"es\",\"potentialAction\":[{\"@type\":\"CommentAction\",\"name\":\"Comment\",\"target\":[\"https:\\\/\\\/www.oficinaempleo.com\\\/blog\\\/tasa-de-desempleo-femenino-en-espana\\\/#respond\"]}]},{\"@type\":\"WebPage\",\"@id\":\"https:\\\/\\\/www.oficinaempleo.com\\\/blog\\\/tasa-de-desempleo-femenino-en-espana\\\/\",\"url\":\"https:\\\/\\\/www.oficinaempleo.com\\\/blog\\\/tasa-de-desempleo-femenino-en-espana\\\/\",\"name\":\"Tasa de desempleo femenino en Espa\u00f1a - Blog OficinaEmpleo\",\"isPartOf\":{\"@id\":\"https:\\\/\\\/www.oficinaempleo.com\\\/blog\\\/#website\"},\"primaryImageOfPage\":{\"@id\":\"https:\\\/\\\/www.oficinaempleo.com\\\/blog\\\/tasa-de-desempleo-femenino-en-espana\\\/#primaryimage\"},\"image\":{\"@id\":\"https:\\\/\\\/www.oficinaempleo.com\\\/blog\\\/tasa-de-desempleo-femenino-en-espana\\\/#primaryimage\"},\"thumbnailUrl\":\"http:\\\/\\\/blog.oficinaempleo.com\\\/wp-content\\\/uploads\\\/2011\\\/05\\\/Desempleo-femenino.gif\",\"datePublished\":\"2011-05-24T09:00:02+00:00\",\"dateModified\":\"2011-05-24T09:00:52+00:00\",\"breadcrumb\":{\"@id\":\"https:\\\/\\\/www.oficinaempleo.com\\\/blog\\\/tasa-de-desempleo-femenino-en-espana\\\/#breadcrumb\"},\"inLanguage\":\"es\",\"potentialAction\":[{\"@type\":\"ReadAction\",\"target\":[\"https:\\\/\\\/www.oficinaempleo.com\\\/blog\\\/tasa-de-desempleo-femenino-en-espana\\\/\"]}]},{\"@type\":\"ImageObject\",\"inLanguage\":\"es\",\"@id\":\"https:\\\/\\\/www.oficinaempleo.com\\\/blog\\\/tasa-de-desempleo-femenino-en-espana\\\/#primaryimage\",\"url\":\"http:\\\/\\\/blog.oficinaempleo.com\\\/wp-content\\\/uploads\\\/2011\\\/05\\\/Desempleo-femenino.gif\",\"contentUrl\":\"http:\\\/\\\/blog.oficinaempleo.com\\\/wp-content\\\/uploads\\\/2011\\\/05\\\/Desempleo-femenino.gif\"},{\"@type\":\"BreadcrumbList\",\"@id\":\"https:\\\/\\\/www.oficinaempleo.com\\\/blog\\\/tasa-de-desempleo-femenino-en-espana\\\/#breadcrumb\",\"itemListElement\":[{\"@type\":\"ListItem\",\"position\":1,\"name\":\"Home\",\"item\":\"https:\\\/\\\/www.oficinaempleo.com\\\/blog\\\/\"},{\"@type\":\"ListItem\",\"position\":2,\"name\":\"Tasa de desempleo femenino en Espa\u00f1a\"}]},{\"@type\":\"WebSite\",\"@id\":\"https:\\\/\\\/www.oficinaempleo.com\\\/blog\\\/#website\",\"url\":\"https:\\\/\\\/www.oficinaempleo.com\\\/blog\\\/\",\"name\":\"Noticias y Consejos de Empleo | Blog OficinaEmpleo\",\"description\":\"\",\"publisher\":{\"@id\":\"https:\\\/\\\/www.oficinaempleo.com\\\/blog\\\/#organization\"},\"potentialAction\":[{\"@type\":\"SearchAction\",\"target\":{\"@type\":\"EntryPoint\",\"urlTemplate\":\"https:\\\/\\\/www.oficinaempleo.com\\\/blog\\\/?s={search_term_string}\"},\"query-input\":{\"@type\":\"PropertyValueSpecification\",\"valueRequired\":true,\"valueName\":\"search_term_string\"}}],\"inLanguage\":\"es\"},{\"@type\":\"Organization\",\"@id\":\"https:\\\/\\\/www.oficinaempleo.com\\\/blog\\\/#organization\",\"name\":\"OficinaEmpleo\",\"url\":\"https:\\\/\\\/www.oficinaempleo.com\\\/blog\\\/\",\"logo\":{\"@type\":\"ImageObject\",\"inLanguage\":\"es\",\"@id\":\"https:\\\/\\\/www.oficinaempleo.com\\\/blog\\\/#\\\/schema\\\/logo\\\/image\\\/\",\"url\":\"https:\\\/\\\/www.oficinaempleo.com\\\/blog\\\/wp-content\\\/uploads\\\/2018\\\/10\\\/logo_footer-1.jpg\",\"contentUrl\":\"https:\\\/\\\/www.oficinaempleo.com\\\/blog\\\/wp-content\\\/uploads\\\/2018\\\/10\\\/logo_footer-1.jpg\",\"width\":478,\"height\":57,\"caption\":\"OficinaEmpleo\"},\"image\":{\"@id\":\"https:\\\/\\\/www.oficinaempleo.com\\\/blog\\\/#\\\/schema\\\/logo\\\/image\\\/\"},\"sameAs\":[\"https:\\\/\\\/x.com\\\/OficinaEmpleo\"]},{\"@type\":\"Person\",\"@id\":\"https:\\\/\\\/www.oficinaempleo.com\\\/blog\\\/#\\\/schema\\\/person\\\/a7f3437f35bd6bd9ad19addae529a114\",\"name\":\"OficinaEmpleo\",\"image\":{\"@type\":\"ImageObject\",\"inLanguage\":\"es\",\"@id\":\"https:\\\/\\\/secure.gravatar.com\\\/avatar\\\/046d10046f0db492f7a51fddc05dcd5bbc95d66090820f47966efaba90c949e9?s=96&d=mm&r=g\",\"url\":\"https:\\\/\\\/secure.gravatar.com\\\/avatar\\\/046d10046f0db492f7a51fddc05dcd5bbc95d66090820f47966efaba90c949e9?s=96&d=mm&r=g\",\"contentUrl\":\"https:\\\/\\\/secure.gravatar.com\\\/avatar\\\/046d10046f0db492f7a51fddc05dcd5bbc95d66090820f47966efaba90c949e9?s=96&d=mm&r=g\",\"caption\":\"OficinaEmpleo\"},\"description\":\"En OficinaEmpleo queremos ayudarte a conseguir trabajo. Por eso, adem\u00e1s de ofrecerte ofertas de empleo en nuestro portal, te ense\u00f1amos las novedades del sector, y consejos para mejorar tu perfil.\",\"sameAs\":[\"http:\\\/\\\/www.oficinaempleo.com\\\/\",\"https:\\\/\\\/www.facebook.com\\\/OficinaEmpleo\",\"https:\\\/\\\/x.com\\\/OficinaEmpleo\"],\"url\":\"https:\\\/\\\/www.oficinaempleo.com\\\/blog\\\/author\\\/empleo\\\/\"}]}<\/script>\n<!-- \/ Yoast SEO plugin. -->","yoast_head_json":{"title":"Tasa de desempleo femenino en Espa\u00f1a - Blog OficinaEmpleo","robots":{"index":"index","follow":"follow","max-snippet":"max-snippet:-1","max-image-preview":"max-image-preview:large","max-video-preview":"max-video-preview:-1"},"canonical":"https:\/\/www.oficinaempleo.com\/blog\/tasa-de-desempleo-femenino-en-espana\/","og_locale":"es_ES","og_type":"article","og_title":"Tasa de desempleo femenino en Espa\u00f1a - Blog OficinaEmpleo","og_description":"Los datos de de Eurostat recogidos por el Instituto de Estudios Econ\u00f3micos (IEE) no traen buenas noticias para el sector femenino ya que su desempleo en Espa\u00f1a se dispar\u00f3 hasta el 20, 5% en 2010, dos puntos porcentuales m\u00e1s que en el a\u00f1o 2009 y m\u00e1s del doble que el promedio de la UE, que [&hellip;]","og_url":"https:\/\/www.oficinaempleo.com\/blog\/tasa-de-desempleo-femenino-en-espana\/","og_site_name":"Noticias y consejos de empleo | Blog OficinaEmpleo","article_author":"https:\/\/www.facebook.com\/OficinaEmpleo","article_published_time":"2011-05-24T09:00:02+00:00","article_modified_time":"2011-05-24T09:00:52+00:00","og_image":[{"url":"http:\/\/blog.oficinaempleo.com\/wp-content\/uploads\/2011\/05\/Desempleo-femenino.gif","type":"","width":"","height":""}],"author":"OficinaEmpleo","twitter_card":"summary_large_image","twitter_creator":"@OficinaEmpleo","twitter_site":"@OficinaEmpleo","twitter_misc":{"Written by":"OficinaEmpleo","Est. reading time":"1 minuto"},"schema":{"@context":"https:\/\/schema.org","@graph":[{"@type":"Article","@id":"https:\/\/www.oficinaempleo.com\/blog\/tasa-de-desempleo-femenino-en-espana\/#article","isPartOf":{"@id":"https:\/\/www.oficinaempleo.com\/blog\/tasa-de-desempleo-femenino-en-espana\/"},"author":{"name":"OficinaEmpleo","@id":"https:\/\/www.oficinaempleo.com\/blog\/#\/schema\/person\/a7f3437f35bd6bd9ad19addae529a114"},"headline":"Tasa de desempleo femenino en Espa\u00f1a","datePublished":"2011-05-24T09:00:02+00:00","dateModified":"2011-05-24T09:00:52+00:00","mainEntityOfPage":{"@id":"https:\/\/www.oficinaempleo.com\/blog\/tasa-de-desempleo-femenino-en-espana\/"},"wordCount":285,"commentCount":2,"publisher":{"@id":"https:\/\/www.oficinaempleo.com\/blog\/#organization"},"image":{"@id":"https:\/\/www.oficinaempleo.com\/blog\/tasa-de-desempleo-femenino-en-espana\/#primaryimage"},"thumbnailUrl":"http:\/\/blog.oficinaempleo.com\/wp-content\/uploads\/2011\/05\/Desempleo-femenino.gif","keywords":["desempleo en Espa\u00f1a","desempleo femenino","IEE","Oficina de Empleo","paro femenino","tasa de paro en las mujeres"],"articleSection":["Noticias Empleo"],"inLanguage":"es","potentialAction":[{"@type":"CommentAction","name":"Comment","target":["https:\/\/www.oficinaempleo.com\/blog\/tasa-de-desempleo-femenino-en-espana\/#respond"]}]},{"@type":"WebPage","@id":"https:\/\/www.oficinaempleo.com\/blog\/tasa-de-desempleo-femenino-en-espana\/","url":"https:\/\/www.oficinaempleo.com\/blog\/tasa-de-desempleo-femenino-en-espana\/","name":"Tasa de desempleo femenino en Espa\u00f1a - Blog OficinaEmpleo","isPartOf":{"@id":"https:\/\/www.oficinaempleo.com\/blog\/#website"},"primaryImageOfPage":{"@id":"https:\/\/www.oficinaempleo.com\/blog\/tasa-de-desempleo-femenino-en-espana\/#primaryimage"},"image":{"@id":"https:\/\/www.oficinaempleo.com\/blog\/tasa-de-desempleo-femenino-en-espana\/#primaryimage"},"thumbnailUrl":"http:\/\/blog.oficinaempleo.com\/wp-content\/uploads\/2011\/05\/Desempleo-femenino.gif","datePublished":"2011-05-24T09:00:02+00:00","dateModified":"2011-05-24T09:00:52+00:00","breadcrumb":{"@id":"https:\/\/www.oficinaempleo.com\/blog\/tasa-de-desempleo-femenino-en-espana\/#breadcrumb"},"inLanguage":"es","potentialAction":[{"@type":"ReadAction","target":["https:\/\/www.oficinaempleo.com\/blog\/tasa-de-desempleo-femenino-en-espana\/"]}]},{"@type":"ImageObject","inLanguage":"es","@id":"https:\/\/www.oficinaempleo.com\/blog\/tasa-de-desempleo-femenino-en-espana\/#primaryimage","url":"http:\/\/blog.oficinaempleo.com\/wp-content\/uploads\/2011\/05\/Desempleo-femenino.gif","contentUrl":"http:\/\/blog.oficinaempleo.com\/wp-content\/uploads\/2011\/05\/Desempleo-femenino.gif"},{"@type":"BreadcrumbList","@id":"https:\/\/www.oficinaempleo.com\/blog\/tasa-de-desempleo-femenino-en-espana\/#breadcrumb","itemListElement":[{"@type":"ListItem","position":1,"name":"Home","item":"https:\/\/www.oficinaempleo.com\/blog\/"},{"@type":"ListItem","position":2,"name":"Tasa de desempleo femenino en Espa\u00f1a"}]},{"@type":"WebSite","@id":"https:\/\/www.oficinaempleo.com\/blog\/#website","url":"https:\/\/www.oficinaempleo.com\/blog\/","name":"Noticias y Consejos de Empleo | Blog OficinaEmpleo","description":"","publisher":{"@id":"https:\/\/www.oficinaempleo.com\/blog\/#organization"},"potentialAction":[{"@type":"SearchAction","target":{"@type":"EntryPoint","urlTemplate":"https:\/\/www.oficinaempleo.com\/blog\/?s={search_term_string}"},"query-input":{"@type":"PropertyValueSpecification","valueRequired":true,"valueName":"search_term_string"}}],"inLanguage":"es"},{"@type":"Organization","@id":"https:\/\/www.oficinaempleo.com\/blog\/#organization","name":"OficinaEmpleo","url":"https:\/\/www.oficinaempleo.com\/blog\/","logo":{"@type":"ImageObject","inLanguage":"es","@id":"https:\/\/www.oficinaempleo.com\/blog\/#\/schema\/logo\/image\/","url":"https:\/\/www.oficinaempleo.com\/blog\/wp-content\/uploads\/2018\/10\/logo_footer-1.jpg","contentUrl":"https:\/\/www.oficinaempleo.com\/blog\/wp-content\/uploads\/2018\/10\/logo_footer-1.jpg","width":478,"height":57,"caption":"OficinaEmpleo"},"image":{"@id":"https:\/\/www.oficinaempleo.com\/blog\/#\/schema\/logo\/image\/"},"sameAs":["https:\/\/x.com\/OficinaEmpleo"]},{"@type":"Person","@id":"https:\/\/www.oficinaempleo.com\/blog\/#\/schema\/person\/a7f3437f35bd6bd9ad19addae529a114","name":"OficinaEmpleo","image":{"@type":"ImageObject","inLanguage":"es","@id":"https:\/\/secure.gravatar.com\/avatar\/046d10046f0db492f7a51fddc05dcd5bbc95d66090820f47966efaba90c949e9?s=96&d=mm&r=g","url":"https:\/\/secure.gravatar.com\/avatar\/046d10046f0db492f7a51fddc05dcd5bbc95d66090820f47966efaba90c949e9?s=96&d=mm&r=g","contentUrl":"https:\/\/secure.gravatar.com\/avatar\/046d10046f0db492f7a51fddc05dcd5bbc95d66090820f47966efaba90c949e9?s=96&d=mm&r=g","caption":"OficinaEmpleo"},"description":"En OficinaEmpleo queremos ayudarte a conseguir trabajo. Por eso, adem\u00e1s de ofrecerte ofertas de empleo en nuestro portal, te ense\u00f1amos las novedades del sector, y consejos para mejorar tu perfil.","sameAs":["http:\/\/www.oficinaempleo.com\/","https:\/\/www.facebook.com\/OficinaEmpleo","https:\/\/x.com\/OficinaEmpleo"],"url":"https:\/\/www.oficinaempleo.com\/blog\/author\/empleo\/"}]}},"_links":{"self":[{"href":"https:\/\/www.oficinaempleo.com\/blog\/wp-json\/wp\/v2\/posts\/129","targetHints":{"allow":["GET"]}}],"collection":[{"href":"https:\/\/www.oficinaempleo.com\/blog\/wp-json\/wp\/v2\/posts"}],"about":[{"href":"https:\/\/www.oficinaempleo.com\/blog\/wp-json\/wp\/v2\/types\/post"}],"author":[{"embeddable":true,"href":"https:\/\/www.oficinaempleo.com\/blog\/wp-json\/wp\/v2\/users\/2"}],"replies":[{"embeddable":true,"href":"https:\/\/www.oficinaempleo.com\/blog\/wp-json\/wp\/v2\/comments?post=129"}],"version-history":[{"count":0,"href":"https:\/\/www.oficinaempleo.com\/blog\/wp-json\/wp\/v2\/posts\/129\/revisions"}],"wp:attachment":[{"href":"https:\/\/www.oficinaempleo.com\/blog\/wp-json\/wp\/v2\/media?parent=129"}],"wp:term":[{"taxonomy":"category","embeddable":true,"href":"https:\/\/www.oficinaempleo.com\/blog\/wp-json\/wp\/v2\/categories?post=129"},{"taxonomy":"post_tag","embeddable":true,"href":"https:\/\/www.oficinaempleo.com\/blog\/wp-json\/wp\/v2\/tags?post=129"}],"curies":[{"name":"wp","href":"https:\/\/api.w.org\/{rel}","templated":true}]}}