{"id":1301,"date":"2014-04-28T09:39:50","date_gmt":"2014-04-28T08:39:50","guid":{"rendered":"http:\/\/blog.oficinaempleo.com\/?p=1301"},"modified":"2014-09-24T16:15:58","modified_gmt":"2014-09-24T15:15:58","slug":"cambios-estadisticos-en-el-ine","status":"publish","type":"post","link":"https:\/\/www.oficinaempleo.com\/blog\/cambios-estadisticos-en-el-ine\/","title":{"rendered":"Cambios estad\u00edsticos en el INE"},"content":{"rendered":"<p><!-- [if gte mso 9]><xml>\n<w:WordDocument>\n<w:View>Normal<\/w:View>\n<w:Zoom>0<\/w:Zoom>\n<w:TrackMoves\/>\n<w:TrackFormatting\/>\n<w:HyphenationZone>21<\/w:HyphenationZone>\n<w:PunctuationKerning\/>\n<w:ValidateAgainstSchemas\/>\n<w:SaveIfXMLInvalid>false<\/w:SaveIfXMLInvalid>\n<w:IgnoreMixedContent>false<\/w:IgnoreMixedContent>\n<w:AlwaysShowPlaceholderText>false<\/w:AlwaysShowPlaceholderText>\n<w:DoNotPromoteQF\/>\n<w:LidThemeOther>ES<\/w:LidThemeOther>\n<w:LidThemeAsian>X-NONE<\/w:LidThemeAsian>\n<w:LidThemeComplexScript>X-NONE<\/w:LidThemeComplexScript>\n<w:Compatibility>\n<w:BreakWrappedTables\/>\n<w:SnapToGridInCell\/>\n<w:WrapTextWithPunct\/>\n<w:UseAsianBreakRules\/>\n<w:DontGrowAutofit\/>\n<w:SplitPgBreakAndParaMark\/>\n<w:DontVertAlignCellWithSp\/>\n<w:DontBreakConstrainedForcedTables\/>\n<w:DontVertAlignInTxbx\/>\n<w:Word11KerningPairs\/>\n<w:CachedColBalance\/>\n<\/w:Compatibility>\n<w:BrowserLevel>MicrosoftInternetExplorer4<\/w:BrowserLevel>\n<m:mathPr>\n<m:mathFont m:val=\"Cambria Math\"\/>\n<m:brkBin m:val=\"before\"\/>\n<m:brkBinSub m:val=\"&#45;-\"\/>\n<m:smallFrac m:val=\"off\"\/>\n<m:dispDef\/>\n<m:lMargin m:val=\"0\"\/>\n<m:rMargin m:val=\"0\"\/>\n<m:defJc m:val=\"centerGroup\"\/>\n<m:wrapIndent m:val=\"1440\"\/>\n<m:intLim m:val=\"subSup\"\/>\n<m:naryLim m:val=\"undOvr\"\/>\n<\/m:mathPr><\/w:WordDocument>\n<\/xml><![endif]--><\/p>\n<p><strong>Tras analizar las cifras desde 2001 de ocupados,  activos y parados, el INE ha decidido cambiar las estad\u00edsticas tomadas como base, lo que ha provocado cambios en los \u00faltimos datos que ha hecho p\u00fablicos con respecto a los anteriores. Los nuevos datos apuntan a la aparici\u00f3n de 377.000 empleos y la disminuci\u00f3n de la tasa del paro al 25,73%. As\u00ed, en Espa\u00f1a son 17.135.200 las personas que tienen empleo<\/strong>. <a href=\"http:\/\/blog.oficinaempleo.com\/wp-content\/uploads\/2014\/04\/INEE1.jpg\"><img loading=\"lazy\" decoding=\"async\" class=\"alignright  wp-image-1329\" src=\"http:\/\/blog.oficinaempleo.com\/wp-content\/uploads\/2014\/04\/INEE1.jpg\" alt=\"INEE\" width=\"489\" height=\"319\" srcset=\"https:\/\/www.oficinaempleo.com\/blog\/wp-content\/uploads\/2014\/04\/INEE1.jpg 674w, https:\/\/www.oficinaempleo.com\/blog\/wp-content\/uploads\/2014\/04\/INEE1-300x195.jpg 300w\" sizes=\"auto, (max-width: 489px) 100vw, 489px\" \/><\/a><\/p>\n<p>Este descubrimiento se debe a la actualizaci\u00f3n de la base censal utilizada para elaborar la <span style=\"color: #000000;\"><strong>EPA<\/strong><\/span> (Encuesta de Poblaci\u00f3n Activa), ya que el <a href=\"http:\/\/ine.es\/\"><strong>Instituto Nacional de Estad\u00edstica<\/strong><\/a> ha cambiado el censo utilizado hasta ahora (el de 2001 corregido con datos del 2004) por el del 2011. A partir de ah\u00ed, el INE ha reconstruido las series retrospectivamente hasta 2002. <!--more--><\/p>\n<p style=\"text-align: justify;\">Esto, adem\u00e1s de la aparici\u00f3n de los casi 400.000 empleos m\u00e1s de los que se pensaba, tambi\u00e9n ha desvelado un aumento del paro en 39.300 personas, alcanzando los 5.935.600, por lo que es posible que cuando ma\u00f1ana conozcamos los datos de la EPA del primer trimestre, Espa\u00f1a superar\u00e1 de nuevo los seis millones de parados.<\/p>\n<p style=\"text-align: justify;\">Esta revisi\u00f3n estad\u00edstica supone, en definitiva, reescribir parte de la evoluci\u00f3n del mercado laboral desde el inicio de la crisis, aunque no modifica las grandes magnitudes negativas registradas durante la crisis de forma significativa, pues durante los dos primeros a\u00f1os del Gobierno de Mariano Rajoy, m\u00e1s de un mill\u00f3n de empleos han sido destruidos.<\/p>\n<p style=\"text-align: justify;\">La <strong>Comisi\u00f3n Europea<\/strong>, por su parte, ya ha recordado que cualquier cambio realizado deber\u00e1 garantizar la comparaci\u00f3n de las cifras espa\u00f1olas con las del resto de Estados miembros (cifradas seg\u00fan el sistema de c\u00e1lculo de <strong>Eurostat<\/strong>).<\/p>\n<p>&nbsp;<\/p>\n","protected":false},"excerpt":{"rendered":"<p>Tras analizar las cifras desde 2001 de ocupados, activos y parados, el INE ha decidido cambiar las estad\u00edsticas tomadas como base, lo que ha provocado cambios en los \u00faltimos datos que ha hecho p\u00fablicos con respecto a los anteriores. Los nuevos datos apuntan a la aparici\u00f3n de 377.000 empleos y la disminuci\u00f3n de la tasa [&hellip;]<\/p>\n","protected":false},"author":2,"featured_media":1329,"comment_status":"open","ping_status":"open","sticky":false,"template":"","format":"standard","meta":{"footnotes":""},"categories":[3],"tags":[341,383,113,104,183],"class_list":["post-1301","post","type-post","status-publish","format-standard","has-post-thumbnail","hentry","category-noticias-empleo","tag-cifras-del-paro","tag-creacion-de-empleo","tag-desempleo-en-espana","tag-ine","tag-paro","cat-3-id","has_thumb"],"yoast_head":"<!-- This site is optimized with the Yoast SEO plugin v27.1.1 - https:\/\/yoast.com\/product\/yoast-seo-wordpress\/ -->\n<title>Cambios estad\u00edsticos en el INE - Blog OficinaEmpleo<\/title>\n<meta name=\"robots\" content=\"index, follow, max-snippet:-1, max-image-preview:large, max-video-preview:-1\" \/>\n<link rel=\"canonical\" href=\"https:\/\/www.oficinaempleo.com\/blog\/cambios-estadisticos-en-el-ine\/\" \/>\n<meta property=\"og:locale\" content=\"es_ES\" \/>\n<meta property=\"og:type\" content=\"article\" \/>\n<meta property=\"og:title\" content=\"Cambios estad\u00edsticos en el INE - Blog OficinaEmpleo\" \/>\n<meta property=\"og:description\" content=\"Tras analizar las cifras desde 2001 de ocupados, activos y parados, el INE ha decidido cambiar las estad\u00edsticas tomadas como base, lo que ha provocado cambios en los \u00faltimos datos que ha hecho p\u00fablicos con respecto a los anteriores. Los nuevos datos apuntan a la aparici\u00f3n de 377.000 empleos y la disminuci\u00f3n de la tasa [&hellip;]\" \/>\n<meta property=\"og:url\" content=\"https:\/\/www.oficinaempleo.com\/blog\/cambios-estadisticos-en-el-ine\/\" \/>\n<meta property=\"og:site_name\" content=\"Noticias y consejos de empleo | Blog OficinaEmpleo\" \/>\n<meta property=\"article:author\" content=\"https:\/\/www.facebook.com\/OficinaEmpleo\" \/>\n<meta property=\"article:published_time\" content=\"2014-04-28T08:39:50+00:00\" \/>\n<meta property=\"article:modified_time\" content=\"2014-09-24T15:15:58+00:00\" \/>\n<meta property=\"og:image\" content=\"https:\/\/www.oficinaempleo.com\/blog\/wp-content\/uploads\/2014\/04\/INEE1.jpg\" \/>\n\t<meta property=\"og:image:width\" content=\"674\" \/>\n\t<meta property=\"og:image:height\" content=\"439\" \/>\n\t<meta property=\"og:image:type\" content=\"image\/jpeg\" \/>\n<meta name=\"author\" content=\"OficinaEmpleo\" \/>\n<meta name=\"twitter:card\" content=\"summary_large_image\" \/>\n<meta name=\"twitter:creator\" content=\"@OficinaEmpleo\" \/>\n<meta name=\"twitter:site\" content=\"@OficinaEmpleo\" \/>\n<meta name=\"twitter:label1\" content=\"Written by\" \/>\n\t<meta name=\"twitter:data1\" content=\"OficinaEmpleo\" \/>\n\t<meta name=\"twitter:label2\" content=\"Est. reading time\" \/>\n\t<meta name=\"twitter:data2\" content=\"1 minuto\" \/>\n<script type=\"application\/ld+json\" class=\"yoast-schema-graph\">{\"@context\":\"https:\/\/schema.org\",\"@graph\":[{\"@type\":\"Article\",\"@id\":\"https:\/\/www.oficinaempleo.com\/blog\/cambios-estadisticos-en-el-ine\/#article\",\"isPartOf\":{\"@id\":\"https:\/\/www.oficinaempleo.com\/blog\/cambios-estadisticos-en-el-ine\/\"},\"author\":{\"name\":\"OficinaEmpleo\",\"@id\":\"https:\/\/www.oficinaempleo.com\/blog\/#\/schema\/person\/a7f3437f35bd6bd9ad19addae529a114\"},\"headline\":\"Cambios estad\u00edsticos en el INE\",\"datePublished\":\"2014-04-28T08:39:50+00:00\",\"dateModified\":\"2014-09-24T15:15:58+00:00\",\"mainEntityOfPage\":{\"@id\":\"https:\/\/www.oficinaempleo.com\/blog\/cambios-estadisticos-en-el-ine\/\"},\"wordCount\":294,\"commentCount\":0,\"publisher\":{\"@id\":\"https:\/\/www.oficinaempleo.com\/blog\/#organization\"},\"image\":{\"@id\":\"https:\/\/www.oficinaempleo.com\/blog\/cambios-estadisticos-en-el-ine\/#primaryimage\"},\"thumbnailUrl\":\"https:\/\/www.oficinaempleo.com\/blog\/wp-content\/uploads\/2014\/04\/INEE1.jpg\",\"keywords\":[\"cifras del paro\",\"creaci\u00f3n de empleo\",\"desempleo en Espa\u00f1a\",\"INE\",\"paro\"],\"articleSection\":[\"Noticias Empleo\"],\"inLanguage\":\"es\",\"potentialAction\":[{\"@type\":\"CommentAction\",\"name\":\"Comment\",\"target\":[\"https:\/\/www.oficinaempleo.com\/blog\/cambios-estadisticos-en-el-ine\/#respond\"]}]},{\"@type\":\"WebPage\",\"@id\":\"https:\/\/www.oficinaempleo.com\/blog\/cambios-estadisticos-en-el-ine\/\",\"url\":\"https:\/\/www.oficinaempleo.com\/blog\/cambios-estadisticos-en-el-ine\/\",\"name\":\"Cambios estad\u00edsticos en el INE - Blog OficinaEmpleo\",\"isPartOf\":{\"@id\":\"https:\/\/www.oficinaempleo.com\/blog\/#website\"},\"primaryImageOfPage\":{\"@id\":\"https:\/\/www.oficinaempleo.com\/blog\/cambios-estadisticos-en-el-ine\/#primaryimage\"},\"image\":{\"@id\":\"https:\/\/www.oficinaempleo.com\/blog\/cambios-estadisticos-en-el-ine\/#primaryimage\"},\"thumbnailUrl\":\"https:\/\/www.oficinaempleo.com\/blog\/wp-content\/uploads\/2014\/04\/INEE1.jpg\",\"datePublished\":\"2014-04-28T08:39:50+00:00\",\"dateModified\":\"2014-09-24T15:15:58+00:00\",\"breadcrumb\":{\"@id\":\"https:\/\/www.oficinaempleo.com\/blog\/cambios-estadisticos-en-el-ine\/#breadcrumb\"},\"inLanguage\":\"es\",\"potentialAction\":[{\"@type\":\"ReadAction\",\"target\":[\"https:\/\/www.oficinaempleo.com\/blog\/cambios-estadisticos-en-el-ine\/\"]}]},{\"@type\":\"ImageObject\",\"inLanguage\":\"es\",\"@id\":\"https:\/\/www.oficinaempleo.com\/blog\/cambios-estadisticos-en-el-ine\/#primaryimage\",\"url\":\"https:\/\/www.oficinaempleo.com\/blog\/wp-content\/uploads\/2014\/04\/INEE1.jpg\",\"contentUrl\":\"https:\/\/www.oficinaempleo.com\/blog\/wp-content\/uploads\/2014\/04\/INEE1.jpg\",\"width\":674,\"height\":439},{\"@type\":\"BreadcrumbList\",\"@id\":\"https:\/\/www.oficinaempleo.com\/blog\/cambios-estadisticos-en-el-ine\/#breadcrumb\",\"itemListElement\":[{\"@type\":\"ListItem\",\"position\":1,\"name\":\"Home\",\"item\":\"https:\/\/www.oficinaempleo.com\/blog\/\"},{\"@type\":\"ListItem\",\"position\":2,\"name\":\"Cambios estad\u00edsticos en el INE\"}]},{\"@type\":\"WebSite\",\"@id\":\"https:\/\/www.oficinaempleo.com\/blog\/#website\",\"url\":\"https:\/\/www.oficinaempleo.com\/blog\/\",\"name\":\"Noticias y Consejos de Empleo | Blog OficinaEmpleo\",\"description\":\"\",\"publisher\":{\"@id\":\"https:\/\/www.oficinaempleo.com\/blog\/#organization\"},\"potentialAction\":[{\"@type\":\"SearchAction\",\"target\":{\"@type\":\"EntryPoint\",\"urlTemplate\":\"https:\/\/www.oficinaempleo.com\/blog\/?s={search_term_string}\"},\"query-input\":{\"@type\":\"PropertyValueSpecification\",\"valueRequired\":true,\"valueName\":\"search_term_string\"}}],\"inLanguage\":\"es\"},{\"@type\":\"Organization\",\"@id\":\"https:\/\/www.oficinaempleo.com\/blog\/#organization\",\"name\":\"OficinaEmpleo\",\"url\":\"https:\/\/www.oficinaempleo.com\/blog\/\",\"logo\":{\"@type\":\"ImageObject\",\"inLanguage\":\"es\",\"@id\":\"https:\/\/www.oficinaempleo.com\/blog\/#\/schema\/logo\/image\/\",\"url\":\"https:\/\/www.oficinaempleo.com\/blog\/wp-content\/uploads\/2018\/10\/logo_footer-1.jpg\",\"contentUrl\":\"https:\/\/www.oficinaempleo.com\/blog\/wp-content\/uploads\/2018\/10\/logo_footer-1.jpg\",\"width\":478,\"height\":57,\"caption\":\"OficinaEmpleo\"},\"image\":{\"@id\":\"https:\/\/www.oficinaempleo.com\/blog\/#\/schema\/logo\/image\/\"},\"sameAs\":[\"https:\/\/x.com\/OficinaEmpleo\"]},{\"@type\":\"Person\",\"@id\":\"https:\/\/www.oficinaempleo.com\/blog\/#\/schema\/person\/a7f3437f35bd6bd9ad19addae529a114\",\"name\":\"OficinaEmpleo\",\"image\":{\"@type\":\"ImageObject\",\"inLanguage\":\"es\",\"@id\":\"https:\/\/www.oficinaempleo.com\/blog\/#\/schema\/person\/image\/\",\"url\":\"https:\/\/secure.gravatar.com\/avatar\/ea822afb14d7439ba3051d652cf8f548fe540f184ce16a2135fc22c9337bd72e?s=96&d=mm&r=g\",\"contentUrl\":\"https:\/\/secure.gravatar.com\/avatar\/ea822afb14d7439ba3051d652cf8f548fe540f184ce16a2135fc22c9337bd72e?s=96&d=mm&r=g\",\"caption\":\"OficinaEmpleo\"},\"description\":\"En OficinaEmpleo queremos ayudarte a conseguir trabajo. Por eso, adem\u00e1s de ofrecerte ofertas de empleo en nuestro portal, te ense\u00f1amos las novedades del sector, y consejos para mejorar tu perfil.\",\"sameAs\":[\"http:\/\/www.oficinaempleo.com\/\",\"https:\/\/www.facebook.com\/OficinaEmpleo\",\"https:\/\/x.com\/OficinaEmpleo\"],\"url\":\"https:\/\/www.oficinaempleo.com\/blog\/author\/empleo\/\"}]}<\/script>\n<!-- \/ Yoast SEO plugin. -->","yoast_head_json":{"title":"Cambios estad\u00edsticos en el INE - Blog OficinaEmpleo","robots":{"index":"index","follow":"follow","max-snippet":"max-snippet:-1","max-image-preview":"max-image-preview:large","max-video-preview":"max-video-preview:-1"},"canonical":"https:\/\/www.oficinaempleo.com\/blog\/cambios-estadisticos-en-el-ine\/","og_locale":"es_ES","og_type":"article","og_title":"Cambios estad\u00edsticos en el INE - Blog OficinaEmpleo","og_description":"Tras analizar las cifras desde 2001 de ocupados, activos y parados, el INE ha decidido cambiar las estad\u00edsticas tomadas como base, lo que ha provocado cambios en los \u00faltimos datos que ha hecho p\u00fablicos con respecto a los anteriores. Los nuevos datos apuntan a la aparici\u00f3n de 377.000 empleos y la disminuci\u00f3n de la tasa [&hellip;]","og_url":"https:\/\/www.oficinaempleo.com\/blog\/cambios-estadisticos-en-el-ine\/","og_site_name":"Noticias y consejos de empleo | Blog OficinaEmpleo","article_author":"https:\/\/www.facebook.com\/OficinaEmpleo","article_published_time":"2014-04-28T08:39:50+00:00","article_modified_time":"2014-09-24T15:15:58+00:00","og_image":[{"width":674,"height":439,"url":"https:\/\/www.oficinaempleo.com\/blog\/wp-content\/uploads\/2014\/04\/INEE1.jpg","type":"image\/jpeg"}],"author":"OficinaEmpleo","twitter_card":"summary_large_image","twitter_creator":"@OficinaEmpleo","twitter_site":"@OficinaEmpleo","twitter_misc":{"Written by":"OficinaEmpleo","Est. reading time":"1 minuto"},"schema":{"@context":"https:\/\/schema.org","@graph":[{"@type":"Article","@id":"https:\/\/www.oficinaempleo.com\/blog\/cambios-estadisticos-en-el-ine\/#article","isPartOf":{"@id":"https:\/\/www.oficinaempleo.com\/blog\/cambios-estadisticos-en-el-ine\/"},"author":{"name":"OficinaEmpleo","@id":"https:\/\/www.oficinaempleo.com\/blog\/#\/schema\/person\/a7f3437f35bd6bd9ad19addae529a114"},"headline":"Cambios estad\u00edsticos en el INE","datePublished":"2014-04-28T08:39:50+00:00","dateModified":"2014-09-24T15:15:58+00:00","mainEntityOfPage":{"@id":"https:\/\/www.oficinaempleo.com\/blog\/cambios-estadisticos-en-el-ine\/"},"wordCount":294,"commentCount":0,"publisher":{"@id":"https:\/\/www.oficinaempleo.com\/blog\/#organization"},"image":{"@id":"https:\/\/www.oficinaempleo.com\/blog\/cambios-estadisticos-en-el-ine\/#primaryimage"},"thumbnailUrl":"https:\/\/www.oficinaempleo.com\/blog\/wp-content\/uploads\/2014\/04\/INEE1.jpg","keywords":["cifras del paro","creaci\u00f3n de empleo","desempleo en Espa\u00f1a","INE","paro"],"articleSection":["Noticias Empleo"],"inLanguage":"es","potentialAction":[{"@type":"CommentAction","name":"Comment","target":["https:\/\/www.oficinaempleo.com\/blog\/cambios-estadisticos-en-el-ine\/#respond"]}]},{"@type":"WebPage","@id":"https:\/\/www.oficinaempleo.com\/blog\/cambios-estadisticos-en-el-ine\/","url":"https:\/\/www.oficinaempleo.com\/blog\/cambios-estadisticos-en-el-ine\/","name":"Cambios estad\u00edsticos en el INE - Blog OficinaEmpleo","isPartOf":{"@id":"https:\/\/www.oficinaempleo.com\/blog\/#website"},"primaryImageOfPage":{"@id":"https:\/\/www.oficinaempleo.com\/blog\/cambios-estadisticos-en-el-ine\/#primaryimage"},"image":{"@id":"https:\/\/www.oficinaempleo.com\/blog\/cambios-estadisticos-en-el-ine\/#primaryimage"},"thumbnailUrl":"https:\/\/www.oficinaempleo.com\/blog\/wp-content\/uploads\/2014\/04\/INEE1.jpg","datePublished":"2014-04-28T08:39:50+00:00","dateModified":"2014-09-24T15:15:58+00:00","breadcrumb":{"@id":"https:\/\/www.oficinaempleo.com\/blog\/cambios-estadisticos-en-el-ine\/#breadcrumb"},"inLanguage":"es","potentialAction":[{"@type":"ReadAction","target":["https:\/\/www.oficinaempleo.com\/blog\/cambios-estadisticos-en-el-ine\/"]}]},{"@type":"ImageObject","inLanguage":"es","@id":"https:\/\/www.oficinaempleo.com\/blog\/cambios-estadisticos-en-el-ine\/#primaryimage","url":"https:\/\/www.oficinaempleo.com\/blog\/wp-content\/uploads\/2014\/04\/INEE1.jpg","contentUrl":"https:\/\/www.oficinaempleo.com\/blog\/wp-content\/uploads\/2014\/04\/INEE1.jpg","width":674,"height":439},{"@type":"BreadcrumbList","@id":"https:\/\/www.oficinaempleo.com\/blog\/cambios-estadisticos-en-el-ine\/#breadcrumb","itemListElement":[{"@type":"ListItem","position":1,"name":"Home","item":"https:\/\/www.oficinaempleo.com\/blog\/"},{"@type":"ListItem","position":2,"name":"Cambios estad\u00edsticos en el INE"}]},{"@type":"WebSite","@id":"https:\/\/www.oficinaempleo.com\/blog\/#website","url":"https:\/\/www.oficinaempleo.com\/blog\/","name":"Noticias y Consejos de Empleo | Blog OficinaEmpleo","description":"","publisher":{"@id":"https:\/\/www.oficinaempleo.com\/blog\/#organization"},"potentialAction":[{"@type":"SearchAction","target":{"@type":"EntryPoint","urlTemplate":"https:\/\/www.oficinaempleo.com\/blog\/?s={search_term_string}"},"query-input":{"@type":"PropertyValueSpecification","valueRequired":true,"valueName":"search_term_string"}}],"inLanguage":"es"},{"@type":"Organization","@id":"https:\/\/www.oficinaempleo.com\/blog\/#organization","name":"OficinaEmpleo","url":"https:\/\/www.oficinaempleo.com\/blog\/","logo":{"@type":"ImageObject","inLanguage":"es","@id":"https:\/\/www.oficinaempleo.com\/blog\/#\/schema\/logo\/image\/","url":"https:\/\/www.oficinaempleo.com\/blog\/wp-content\/uploads\/2018\/10\/logo_footer-1.jpg","contentUrl":"https:\/\/www.oficinaempleo.com\/blog\/wp-content\/uploads\/2018\/10\/logo_footer-1.jpg","width":478,"height":57,"caption":"OficinaEmpleo"},"image":{"@id":"https:\/\/www.oficinaempleo.com\/blog\/#\/schema\/logo\/image\/"},"sameAs":["https:\/\/x.com\/OficinaEmpleo"]},{"@type":"Person","@id":"https:\/\/www.oficinaempleo.com\/blog\/#\/schema\/person\/a7f3437f35bd6bd9ad19addae529a114","name":"OficinaEmpleo","image":{"@type":"ImageObject","inLanguage":"es","@id":"https:\/\/www.oficinaempleo.com\/blog\/#\/schema\/person\/image\/","url":"https:\/\/secure.gravatar.com\/avatar\/ea822afb14d7439ba3051d652cf8f548fe540f184ce16a2135fc22c9337bd72e?s=96&d=mm&r=g","contentUrl":"https:\/\/secure.gravatar.com\/avatar\/ea822afb14d7439ba3051d652cf8f548fe540f184ce16a2135fc22c9337bd72e?s=96&d=mm&r=g","caption":"OficinaEmpleo"},"description":"En OficinaEmpleo queremos ayudarte a conseguir trabajo. Por eso, adem\u00e1s de ofrecerte ofertas de empleo en nuestro portal, te ense\u00f1amos las novedades del sector, y consejos para mejorar tu perfil.","sameAs":["http:\/\/www.oficinaempleo.com\/","https:\/\/www.facebook.com\/OficinaEmpleo","https:\/\/x.com\/OficinaEmpleo"],"url":"https:\/\/www.oficinaempleo.com\/blog\/author\/empleo\/"}]}},"_links":{"self":[{"href":"https:\/\/www.oficinaempleo.com\/blog\/wp-json\/wp\/v2\/posts\/1301","targetHints":{"allow":["GET"]}}],"collection":[{"href":"https:\/\/www.oficinaempleo.com\/blog\/wp-json\/wp\/v2\/posts"}],"about":[{"href":"https:\/\/www.oficinaempleo.com\/blog\/wp-json\/wp\/v2\/types\/post"}],"author":[{"embeddable":true,"href":"https:\/\/www.oficinaempleo.com\/blog\/wp-json\/wp\/v2\/users\/2"}],"replies":[{"embeddable":true,"href":"https:\/\/www.oficinaempleo.com\/blog\/wp-json\/wp\/v2\/comments?post=1301"}],"version-history":[{"count":0,"href":"https:\/\/www.oficinaempleo.com\/blog\/wp-json\/wp\/v2\/posts\/1301\/revisions"}],"wp:featuredmedia":[{"embeddable":true,"href":"https:\/\/www.oficinaempleo.com\/blog\/wp-json\/wp\/v2\/media\/1329"}],"wp:attachment":[{"href":"https:\/\/www.oficinaempleo.com\/blog\/wp-json\/wp\/v2\/media?parent=1301"}],"wp:term":[{"taxonomy":"category","embeddable":true,"href":"https:\/\/www.oficinaempleo.com\/blog\/wp-json\/wp\/v2\/categories?post=1301"},{"taxonomy":"post_tag","embeddable":true,"href":"https:\/\/www.oficinaempleo.com\/blog\/wp-json\/wp\/v2\/tags?post=1301"}],"curies":[{"name":"wp","href":"https:\/\/api.w.org\/{rel}","templated":true}]}}