{"id":13100,"date":"2016-06-28T13:21:41","date_gmt":"2016-06-28T11:21:41","guid":{"rendered":"http:\/\/www.oficinaempleo.com\/blog\/?p=13100"},"modified":"2016-06-28T13:28:53","modified_gmt":"2016-06-28T11:28:53","slug":"trabaja-en-el-sector-de-la-hosteleria-este-verano","status":"publish","type":"post","link":"https:\/\/www.oficinaempleo.com\/blog\/trabaja-en-el-sector-de-la-hosteleria-este-verano\/","title":{"rendered":"Trabaja en el sector de la hosteler\u00eda este verano"},"content":{"rendered":"<p style=\"text-align: justify;\"><div class=\"su-button-center\"><a href=\"https:\/\/jobs.oficinaempleo.com\/registro?origen=ORG-web&#038;utm_source=OE&#038;utm_medium=boton_registro&#038;utm_content=homepage&#038;utm_campaign=organic\" class=\"su-button su-button-style-flat\" style=\"color:#FFFFFF;background-color:#ec7d0c;border-color:#bd640a;border-radius:10px\" target=\"__blank\"><span style=\"color:#FFFFFF;padding:8px 26px;font-size:20px;line-height:30px;border-color:#f2a455;border-radius:10px;text-shadow:none\"><i class=\"sui sui-arrow-circle-right\" style=\"font-size:20px;color:#FFFFFF\"><\/i> Reg\u00edstrate gratis en OficinaEmpleo<\/span><\/a><\/div><div class=\"su-spacer\" style=\"height:30px\"><\/div>\n<p style=\"text-align: justify;\">Con la llegada del verano se multiplican las <strong>ofertas de empleo en hosteler\u00eda<\/strong>,  especialmente en <strong>bares,  restaurantes,  complejos tur\u00edsticos<\/strong>\u00a0y en establecimientos relacionados con el turismo, por lo que las empresas\u00a0necesitan cubrir varios puestos de diferentes perfiles como\u00a0<strong>COCINERO\/A, CAMARERO\/A, AYUDANTES DE COCINA, ANIMADORES TUR\u00cdSTICOS y RECEPCIONISTAS<\/strong>.<\/p>\n<div id=\"attachment_13109\" style=\"width: 971px\" class=\"wp-caption alignnone\"><img loading=\"lazy\" decoding=\"async\" aria-describedby=\"caption-attachment-13109\" class=\" wp-image-13109\" src=\"http:\/\/www.oficinaempleo.com\/blog\/wp-content\/uploads\/2016\/06\/Complejo-FB.jpg\" alt=\"Trabaja en hosteler\u00eda este verano\" width=\"961\" height=\"508\" \/><p id=\"caption-attachment-13109\" class=\"wp-caption-text\">Trabaja en hosteler\u00eda este verano<\/p><\/div>\n<p style=\"text-align: justify;\">A continuaci\u00f3n podr\u00e1s <strong>acceder directamente a las ofertas de empleo disponibles<\/strong> para trabajar este verano en hosteler\u00eda:<\/p>\n<p><strong>&#8211; <a href=\"http:\/\/www.oficinaempleo.com\/do\/search.php?id_area=17&amp;id_prov=&amp;button=B%FAsqueda&amp;id_jobtitle=1703&amp;keywords=&amp;LuMCb4DZ=OGM5MjJhYmUyZWM4NDQwMjYxYjY3MTdmYTE5Mzg3ZDE\" >Ofertas de COCINERO\/A<\/a><\/strong><\/p>\n<p><strong>&#8211; <a href=\"http:\/\/www.oficinaempleo.com\/do\/search.php?id_area=17&amp;id_prov=&amp;button=B%FAsqueda&amp;id_jobtitle=1702&amp;keywords=&amp;LuMCb4DZ=ODIwNDc1NzcxN2M1NzUzODQ0ZDRlYzY2MTRlM2Y1NDM\" >Ofertas de CAMARERO\/A<\/a><\/strong><\/p>\n<p><strong>&#8211; <a href=\"http:\/\/www.oficinaempleo.com\/do\/search.php?id_area=17&amp;id_prov=&amp;button=B%FAsqueda&amp;id_jobtitle=1701&amp;keywords=&amp;LuMCb4DZ=ZDliMTkwODk3ZDg3YTllZjA0N2MwNTlhMTE1YTdiMzU\" >Ofertas de AYUDANTES DE COCINA<\/a><\/strong><\/p>\n<p><strong>&#8211; <a href=\"http:\/\/www.oficinaempleo.com\/do\/search.php?id_area=17&amp;id_prov=&amp;button=B%FAsqueda&amp;id_jobtitle=1729&amp;keywords=&amp;LuMCb4DZ=NzQ3ZmNjMDEzYWQxMTRkM2MyMGVlZmE2ZTQ3MjMxYmE\" >Ofertas de RECEPCIONISTA<\/a><\/strong><\/p>\n<p><strong>&#8211; <a href=\"http:\/\/www.oficinaempleo.com\/do\/search.php?id_area=17&amp;id_prov=&amp;button=B%FAsqueda&amp;id_jobtitle=1707&amp;keywords=&amp;LuMCb4DZ=NzQ3ZmNjMDEzYWQxMTRkM2MyMGVlZmE2ZTQ3MjMxYmE\" >Ofertas de ANIMADOR\/A TUR\u00cdSTICO<\/a><\/strong><\/p>\n<p style=\"text-align: justify;\">Registr\u00e1ndote en <strong><a href=\"http:\/\/www.oficinaempleo.com\/\" >Oficinaempleo<\/a><\/strong> podr\u00e1s mantenerte informado de las <strong>vacantes que vayan surgiendo<\/strong> a lo largo del verano.<\/p>\n<p style=\"text-align: justify;\"><div class=\"su-button-center\"><a href=\"https:\/\/jobs.oficinaempleo.com\/registro?origen=ORG-web&#038;utm_source=OE&#038;utm_medium=boton_registro&#038;utm_content=homepage&#038;utm_campaign=organic\" class=\"su-button su-button-style-flat\" style=\"color:#FFFFFF;background-color:#ec7d0c;border-color:#bd640a;border-radius:10px\" target=\"__blank\"><span style=\"color:#FFFFFF;padding:8px 26px;font-size:20px;line-height:30px;border-color:#f2a455;border-radius:10px;text-shadow:none\"><i class=\"sui sui-arrow-circle-right\" style=\"font-size:20px;color:#FFFFFF\"><\/i> Reg\u00edstrate gratis en OficinaEmpleo<\/span><\/a><\/div><div class=\"su-spacer\" style=\"height:30px\"><\/div>\n","protected":false},"excerpt":{"rendered":"<p>\u00bfTe gustar\u00eda trabajar c\u00f3mo camarero\/a, cocinero\/a o recepcionista este verano? Entra y reg\u00edstrate en las ofertas de empleo disponibles que m\u00e1s se adapten a tu perfil y localizaci\u00f3n. <\/p>\n","protected":false},"author":2,"featured_media":13108,"comment_status":"open","ping_status":"open","sticky":false,"template":"","format":"standard","meta":{"footnotes":""},"categories":[691,1441,17,7],"tags":[],"class_list":["post-13100","post","type-post","status-publish","format-standard","has-post-thumbnail","hentry","category-actualidad-empleo","category-empresas","category-profesiones","category-turismo-y-hosteleria","cat-691-id","cat-1441-id","cat-17-id","cat-7-id","has_thumb"],"yoast_head":"<!-- This site is optimized with the Yoast SEO plugin v27.1.1 - https:\/\/yoast.com\/product\/yoast-seo-wordpress\/ -->\n<title>Trabaja en el sector de la hosteler\u00eda este verano - Blog OficinaEmpleo<\/title>\n<meta name=\"robots\" content=\"index, follow, max-snippet:-1, max-image-preview:large, max-video-preview:-1\" \/>\n<link rel=\"canonical\" href=\"https:\/\/www.oficinaempleo.com\/blog\/trabaja-en-el-sector-de-la-hosteleria-este-verano\/\" \/>\n<meta property=\"og:locale\" content=\"es_ES\" \/>\n<meta property=\"og:type\" content=\"article\" \/>\n<meta property=\"og:title\" content=\"Trabaja en el sector de la hosteler\u00eda este verano - Blog OficinaEmpleo\" \/>\n<meta property=\"og:description\" content=\"\u00bfTe gustar\u00eda trabajar c\u00f3mo camarero\/a, cocinero\/a o recepcionista este verano? Entra y reg\u00edstrate en las ofertas de empleo disponibles que m\u00e1s se adapten a tu perfil y localizaci\u00f3n.\" \/>\n<meta property=\"og:url\" content=\"https:\/\/www.oficinaempleo.com\/blog\/trabaja-en-el-sector-de-la-hosteleria-este-verano\/\" \/>\n<meta property=\"og:site_name\" content=\"Noticias y consejos de empleo | Blog OficinaEmpleo\" \/>\n<meta property=\"article:author\" content=\"https:\/\/www.facebook.com\/OficinaEmpleo\" \/>\n<meta property=\"article:published_time\" content=\"2016-06-28T11:21:41+00:00\" \/>\n<meta property=\"article:modified_time\" content=\"2016-06-28T11:28:53+00:00\" \/>\n<meta property=\"og:image\" content=\"https:\/\/www.oficinaempleo.com\/blog\/wp-content\/uploads\/2016\/06\/hosteleria-BLOG.jpg\" \/>\n\t<meta property=\"og:image:width\" content=\"600\" \/>\n\t<meta property=\"og:image:height\" content=\"310\" \/>\n\t<meta property=\"og:image:type\" content=\"image\/jpeg\" \/>\n<meta name=\"author\" content=\"OficinaEmpleo\" \/>\n<meta name=\"twitter:card\" content=\"summary_large_image\" \/>\n<meta name=\"twitter:creator\" content=\"@OficinaEmpleo\" \/>\n<meta name=\"twitter:site\" content=\"@OficinaEmpleo\" \/>\n<meta name=\"twitter:label1\" content=\"Written by\" \/>\n\t<meta name=\"twitter:data1\" content=\"OficinaEmpleo\" \/>\n\t<meta name=\"twitter:label2\" content=\"Est. reading time\" \/>\n\t<meta name=\"twitter:data2\" content=\"1 minuto\" \/>\n<script type=\"application\/ld+json\" class=\"yoast-schema-graph\">{\"@context\":\"https:\/\/schema.org\",\"@graph\":[{\"@type\":\"Article\",\"@id\":\"https:\/\/www.oficinaempleo.com\/blog\/trabaja-en-el-sector-de-la-hosteleria-este-verano\/#article\",\"isPartOf\":{\"@id\":\"https:\/\/www.oficinaempleo.com\/blog\/trabaja-en-el-sector-de-la-hosteleria-este-verano\/\"},\"author\":{\"name\":\"OficinaEmpleo\",\"@id\":\"https:\/\/www.oficinaempleo.com\/blog\/#\/schema\/person\/a7f3437f35bd6bd9ad19addae529a114\"},\"headline\":\"Trabaja en el sector de la hosteler\u00eda este verano\",\"datePublished\":\"2016-06-28T11:21:41+00:00\",\"dateModified\":\"2016-06-28T11:28:53+00:00\",\"mainEntityOfPage\":{\"@id\":\"https:\/\/www.oficinaempleo.com\/blog\/trabaja-en-el-sector-de-la-hosteleria-este-verano\/\"},\"wordCount\":206,\"commentCount\":0,\"publisher\":{\"@id\":\"https:\/\/www.oficinaempleo.com\/blog\/#organization\"},\"image\":{\"@id\":\"https:\/\/www.oficinaempleo.com\/blog\/trabaja-en-el-sector-de-la-hosteleria-este-verano\/#primaryimage\"},\"thumbnailUrl\":\"https:\/\/www.oficinaempleo.com\/blog\/wp-content\/uploads\/2016\/06\/hosteleria-BLOG.jpg\",\"articleSection\":[\"Actualidad\",\"Empresas\",\"Profesiones\",\"Turismo y hosteleria\"],\"inLanguage\":\"es\",\"potentialAction\":[{\"@type\":\"CommentAction\",\"name\":\"Comment\",\"target\":[\"https:\/\/www.oficinaempleo.com\/blog\/trabaja-en-el-sector-de-la-hosteleria-este-verano\/#respond\"]}]},{\"@type\":\"WebPage\",\"@id\":\"https:\/\/www.oficinaempleo.com\/blog\/trabaja-en-el-sector-de-la-hosteleria-este-verano\/\",\"url\":\"https:\/\/www.oficinaempleo.com\/blog\/trabaja-en-el-sector-de-la-hosteleria-este-verano\/\",\"name\":\"Trabaja en el sector de la hosteler\u00eda este verano - Blog OficinaEmpleo\",\"isPartOf\":{\"@id\":\"https:\/\/www.oficinaempleo.com\/blog\/#website\"},\"primaryImageOfPage\":{\"@id\":\"https:\/\/www.oficinaempleo.com\/blog\/trabaja-en-el-sector-de-la-hosteleria-este-verano\/#primaryimage\"},\"image\":{\"@id\":\"https:\/\/www.oficinaempleo.com\/blog\/trabaja-en-el-sector-de-la-hosteleria-este-verano\/#primaryimage\"},\"thumbnailUrl\":\"https:\/\/www.oficinaempleo.com\/blog\/wp-content\/uploads\/2016\/06\/hosteleria-BLOG.jpg\",\"datePublished\":\"2016-06-28T11:21:41+00:00\",\"dateModified\":\"2016-06-28T11:28:53+00:00\",\"breadcrumb\":{\"@id\":\"https:\/\/www.oficinaempleo.com\/blog\/trabaja-en-el-sector-de-la-hosteleria-este-verano\/#breadcrumb\"},\"inLanguage\":\"es\",\"potentialAction\":[{\"@type\":\"ReadAction\",\"target\":[\"https:\/\/www.oficinaempleo.com\/blog\/trabaja-en-el-sector-de-la-hosteleria-este-verano\/\"]}]},{\"@type\":\"ImageObject\",\"inLanguage\":\"es\",\"@id\":\"https:\/\/www.oficinaempleo.com\/blog\/trabaja-en-el-sector-de-la-hosteleria-este-verano\/#primaryimage\",\"url\":\"https:\/\/www.oficinaempleo.com\/blog\/wp-content\/uploads\/2016\/06\/hosteleria-BLOG.jpg\",\"contentUrl\":\"https:\/\/www.oficinaempleo.com\/blog\/wp-content\/uploads\/2016\/06\/hosteleria-BLOG.jpg\",\"width\":600,\"height\":310,\"caption\":\"hosteleria Fuente: Istock\"},{\"@type\":\"BreadcrumbList\",\"@id\":\"https:\/\/www.oficinaempleo.com\/blog\/trabaja-en-el-sector-de-la-hosteleria-este-verano\/#breadcrumb\",\"itemListElement\":[{\"@type\":\"ListItem\",\"position\":1,\"name\":\"Home\",\"item\":\"https:\/\/www.oficinaempleo.com\/blog\/\"},{\"@type\":\"ListItem\",\"position\":2,\"name\":\"Trabaja en el sector de la hosteler\u00eda este verano\"}]},{\"@type\":\"WebSite\",\"@id\":\"https:\/\/www.oficinaempleo.com\/blog\/#website\",\"url\":\"https:\/\/www.oficinaempleo.com\/blog\/\",\"name\":\"Noticias y Consejos de Empleo | Blog OficinaEmpleo\",\"description\":\"\",\"publisher\":{\"@id\":\"https:\/\/www.oficinaempleo.com\/blog\/#organization\"},\"potentialAction\":[{\"@type\":\"SearchAction\",\"target\":{\"@type\":\"EntryPoint\",\"urlTemplate\":\"https:\/\/www.oficinaempleo.com\/blog\/?s={search_term_string}\"},\"query-input\":{\"@type\":\"PropertyValueSpecification\",\"valueRequired\":true,\"valueName\":\"search_term_string\"}}],\"inLanguage\":\"es\"},{\"@type\":\"Organization\",\"@id\":\"https:\/\/www.oficinaempleo.com\/blog\/#organization\",\"name\":\"OficinaEmpleo\",\"url\":\"https:\/\/www.oficinaempleo.com\/blog\/\",\"logo\":{\"@type\":\"ImageObject\",\"inLanguage\":\"es\",\"@id\":\"https:\/\/www.oficinaempleo.com\/blog\/#\/schema\/logo\/image\/\",\"url\":\"https:\/\/www.oficinaempleo.com\/blog\/wp-content\/uploads\/2018\/10\/logo_footer-1.jpg\",\"contentUrl\":\"https:\/\/www.oficinaempleo.com\/blog\/wp-content\/uploads\/2018\/10\/logo_footer-1.jpg\",\"width\":478,\"height\":57,\"caption\":\"OficinaEmpleo\"},\"image\":{\"@id\":\"https:\/\/www.oficinaempleo.com\/blog\/#\/schema\/logo\/image\/\"},\"sameAs\":[\"https:\/\/x.com\/OficinaEmpleo\"]},{\"@type\":\"Person\",\"@id\":\"https:\/\/www.oficinaempleo.com\/blog\/#\/schema\/person\/a7f3437f35bd6bd9ad19addae529a114\",\"name\":\"OficinaEmpleo\",\"image\":{\"@type\":\"ImageObject\",\"inLanguage\":\"es\",\"@id\":\"https:\/\/www.oficinaempleo.com\/blog\/#\/schema\/person\/image\/\",\"url\":\"https:\/\/secure.gravatar.com\/avatar\/ea822afb14d7439ba3051d652cf8f548fe540f184ce16a2135fc22c9337bd72e?s=96&d=mm&r=g\",\"contentUrl\":\"https:\/\/secure.gravatar.com\/avatar\/ea822afb14d7439ba3051d652cf8f548fe540f184ce16a2135fc22c9337bd72e?s=96&d=mm&r=g\",\"caption\":\"OficinaEmpleo\"},\"description\":\"En OficinaEmpleo queremos ayudarte a conseguir trabajo. Por eso, adem\u00e1s de ofrecerte ofertas de empleo en nuestro portal, te ense\u00f1amos las novedades del sector, y consejos para mejorar tu perfil.\",\"sameAs\":[\"http:\/\/www.oficinaempleo.com\/\",\"https:\/\/www.facebook.com\/OficinaEmpleo\",\"https:\/\/x.com\/OficinaEmpleo\"],\"url\":\"https:\/\/www.oficinaempleo.com\/blog\/author\/empleo\/\"}]}<\/script>\n<!-- \/ Yoast SEO plugin. -->","yoast_head_json":{"title":"Trabaja en el sector de la hosteler\u00eda este verano - Blog OficinaEmpleo","robots":{"index":"index","follow":"follow","max-snippet":"max-snippet:-1","max-image-preview":"max-image-preview:large","max-video-preview":"max-video-preview:-1"},"canonical":"https:\/\/www.oficinaempleo.com\/blog\/trabaja-en-el-sector-de-la-hosteleria-este-verano\/","og_locale":"es_ES","og_type":"article","og_title":"Trabaja en el sector de la hosteler\u00eda este verano - Blog OficinaEmpleo","og_description":"\u00bfTe gustar\u00eda trabajar c\u00f3mo camarero\/a, cocinero\/a o recepcionista este verano? Entra y reg\u00edstrate en las ofertas de empleo disponibles que m\u00e1s se adapten a tu perfil y localizaci\u00f3n.","og_url":"https:\/\/www.oficinaempleo.com\/blog\/trabaja-en-el-sector-de-la-hosteleria-este-verano\/","og_site_name":"Noticias y consejos de empleo | Blog OficinaEmpleo","article_author":"https:\/\/www.facebook.com\/OficinaEmpleo","article_published_time":"2016-06-28T11:21:41+00:00","article_modified_time":"2016-06-28T11:28:53+00:00","og_image":[{"width":600,"height":310,"url":"https:\/\/www.oficinaempleo.com\/blog\/wp-content\/uploads\/2016\/06\/hosteleria-BLOG.jpg","type":"image\/jpeg"}],"author":"OficinaEmpleo","twitter_card":"summary_large_image","twitter_creator":"@OficinaEmpleo","twitter_site":"@OficinaEmpleo","twitter_misc":{"Written by":"OficinaEmpleo","Est. reading time":"1 minuto"},"schema":{"@context":"https:\/\/schema.org","@graph":[{"@type":"Article","@id":"https:\/\/www.oficinaempleo.com\/blog\/trabaja-en-el-sector-de-la-hosteleria-este-verano\/#article","isPartOf":{"@id":"https:\/\/www.oficinaempleo.com\/blog\/trabaja-en-el-sector-de-la-hosteleria-este-verano\/"},"author":{"name":"OficinaEmpleo","@id":"https:\/\/www.oficinaempleo.com\/blog\/#\/schema\/person\/a7f3437f35bd6bd9ad19addae529a114"},"headline":"Trabaja en el sector de la hosteler\u00eda este verano","datePublished":"2016-06-28T11:21:41+00:00","dateModified":"2016-06-28T11:28:53+00:00","mainEntityOfPage":{"@id":"https:\/\/www.oficinaempleo.com\/blog\/trabaja-en-el-sector-de-la-hosteleria-este-verano\/"},"wordCount":206,"commentCount":0,"publisher":{"@id":"https:\/\/www.oficinaempleo.com\/blog\/#organization"},"image":{"@id":"https:\/\/www.oficinaempleo.com\/blog\/trabaja-en-el-sector-de-la-hosteleria-este-verano\/#primaryimage"},"thumbnailUrl":"https:\/\/www.oficinaempleo.com\/blog\/wp-content\/uploads\/2016\/06\/hosteleria-BLOG.jpg","articleSection":["Actualidad","Empresas","Profesiones","Turismo y hosteleria"],"inLanguage":"es","potentialAction":[{"@type":"CommentAction","name":"Comment","target":["https:\/\/www.oficinaempleo.com\/blog\/trabaja-en-el-sector-de-la-hosteleria-este-verano\/#respond"]}]},{"@type":"WebPage","@id":"https:\/\/www.oficinaempleo.com\/blog\/trabaja-en-el-sector-de-la-hosteleria-este-verano\/","url":"https:\/\/www.oficinaempleo.com\/blog\/trabaja-en-el-sector-de-la-hosteleria-este-verano\/","name":"Trabaja en el sector de la hosteler\u00eda este verano - Blog OficinaEmpleo","isPartOf":{"@id":"https:\/\/www.oficinaempleo.com\/blog\/#website"},"primaryImageOfPage":{"@id":"https:\/\/www.oficinaempleo.com\/blog\/trabaja-en-el-sector-de-la-hosteleria-este-verano\/#primaryimage"},"image":{"@id":"https:\/\/www.oficinaempleo.com\/blog\/trabaja-en-el-sector-de-la-hosteleria-este-verano\/#primaryimage"},"thumbnailUrl":"https:\/\/www.oficinaempleo.com\/blog\/wp-content\/uploads\/2016\/06\/hosteleria-BLOG.jpg","datePublished":"2016-06-28T11:21:41+00:00","dateModified":"2016-06-28T11:28:53+00:00","breadcrumb":{"@id":"https:\/\/www.oficinaempleo.com\/blog\/trabaja-en-el-sector-de-la-hosteleria-este-verano\/#breadcrumb"},"inLanguage":"es","potentialAction":[{"@type":"ReadAction","target":["https:\/\/www.oficinaempleo.com\/blog\/trabaja-en-el-sector-de-la-hosteleria-este-verano\/"]}]},{"@type":"ImageObject","inLanguage":"es","@id":"https:\/\/www.oficinaempleo.com\/blog\/trabaja-en-el-sector-de-la-hosteleria-este-verano\/#primaryimage","url":"https:\/\/www.oficinaempleo.com\/blog\/wp-content\/uploads\/2016\/06\/hosteleria-BLOG.jpg","contentUrl":"https:\/\/www.oficinaempleo.com\/blog\/wp-content\/uploads\/2016\/06\/hosteleria-BLOG.jpg","width":600,"height":310,"caption":"hosteleria Fuente: Istock"},{"@type":"BreadcrumbList","@id":"https:\/\/www.oficinaempleo.com\/blog\/trabaja-en-el-sector-de-la-hosteleria-este-verano\/#breadcrumb","itemListElement":[{"@type":"ListItem","position":1,"name":"Home","item":"https:\/\/www.oficinaempleo.com\/blog\/"},{"@type":"ListItem","position":2,"name":"Trabaja en el sector de la hosteler\u00eda este verano"}]},{"@type":"WebSite","@id":"https:\/\/www.oficinaempleo.com\/blog\/#website","url":"https:\/\/www.oficinaempleo.com\/blog\/","name":"Noticias y Consejos de Empleo | Blog OficinaEmpleo","description":"","publisher":{"@id":"https:\/\/www.oficinaempleo.com\/blog\/#organization"},"potentialAction":[{"@type":"SearchAction","target":{"@type":"EntryPoint","urlTemplate":"https:\/\/www.oficinaempleo.com\/blog\/?s={search_term_string}"},"query-input":{"@type":"PropertyValueSpecification","valueRequired":true,"valueName":"search_term_string"}}],"inLanguage":"es"},{"@type":"Organization","@id":"https:\/\/www.oficinaempleo.com\/blog\/#organization","name":"OficinaEmpleo","url":"https:\/\/www.oficinaempleo.com\/blog\/","logo":{"@type":"ImageObject","inLanguage":"es","@id":"https:\/\/www.oficinaempleo.com\/blog\/#\/schema\/logo\/image\/","url":"https:\/\/www.oficinaempleo.com\/blog\/wp-content\/uploads\/2018\/10\/logo_footer-1.jpg","contentUrl":"https:\/\/www.oficinaempleo.com\/blog\/wp-content\/uploads\/2018\/10\/logo_footer-1.jpg","width":478,"height":57,"caption":"OficinaEmpleo"},"image":{"@id":"https:\/\/www.oficinaempleo.com\/blog\/#\/schema\/logo\/image\/"},"sameAs":["https:\/\/x.com\/OficinaEmpleo"]},{"@type":"Person","@id":"https:\/\/www.oficinaempleo.com\/blog\/#\/schema\/person\/a7f3437f35bd6bd9ad19addae529a114","name":"OficinaEmpleo","image":{"@type":"ImageObject","inLanguage":"es","@id":"https:\/\/www.oficinaempleo.com\/blog\/#\/schema\/person\/image\/","url":"https:\/\/secure.gravatar.com\/avatar\/ea822afb14d7439ba3051d652cf8f548fe540f184ce16a2135fc22c9337bd72e?s=96&d=mm&r=g","contentUrl":"https:\/\/secure.gravatar.com\/avatar\/ea822afb14d7439ba3051d652cf8f548fe540f184ce16a2135fc22c9337bd72e?s=96&d=mm&r=g","caption":"OficinaEmpleo"},"description":"En OficinaEmpleo queremos ayudarte a conseguir trabajo. Por eso, adem\u00e1s de ofrecerte ofertas de empleo en nuestro portal, te ense\u00f1amos las novedades del sector, y consejos para mejorar tu perfil.","sameAs":["http:\/\/www.oficinaempleo.com\/","https:\/\/www.facebook.com\/OficinaEmpleo","https:\/\/x.com\/OficinaEmpleo"],"url":"https:\/\/www.oficinaempleo.com\/blog\/author\/empleo\/"}]}},"_links":{"self":[{"href":"https:\/\/www.oficinaempleo.com\/blog\/wp-json\/wp\/v2\/posts\/13100","targetHints":{"allow":["GET"]}}],"collection":[{"href":"https:\/\/www.oficinaempleo.com\/blog\/wp-json\/wp\/v2\/posts"}],"about":[{"href":"https:\/\/www.oficinaempleo.com\/blog\/wp-json\/wp\/v2\/types\/post"}],"author":[{"embeddable":true,"href":"https:\/\/www.oficinaempleo.com\/blog\/wp-json\/wp\/v2\/users\/2"}],"replies":[{"embeddable":true,"href":"https:\/\/www.oficinaempleo.com\/blog\/wp-json\/wp\/v2\/comments?post=13100"}],"version-history":[{"count":0,"href":"https:\/\/www.oficinaempleo.com\/blog\/wp-json\/wp\/v2\/posts\/13100\/revisions"}],"wp:featuredmedia":[{"embeddable":true,"href":"https:\/\/www.oficinaempleo.com\/blog\/wp-json\/wp\/v2\/media\/13108"}],"wp:attachment":[{"href":"https:\/\/www.oficinaempleo.com\/blog\/wp-json\/wp\/v2\/media?parent=13100"}],"wp:term":[{"taxonomy":"category","embeddable":true,"href":"https:\/\/www.oficinaempleo.com\/blog\/wp-json\/wp\/v2\/categories?post=13100"},{"taxonomy":"post_tag","embeddable":true,"href":"https:\/\/www.oficinaempleo.com\/blog\/wp-json\/wp\/v2\/tags?post=13100"}],"curies":[{"name":"wp","href":"https:\/\/api.w.org\/{rel}","templated":true}]}}