{"id":13895,"date":"2017-10-11T08:33:31","date_gmt":"2017-10-11T07:33:31","guid":{"rendered":"http:\/\/www.oficinaempleo.com\/blog\/?p=13895"},"modified":"2017-10-11T10:32:20","modified_gmt":"2017-10-11T09:32:20","slug":"el-perfil-profesional-de-un-traductor","status":"publish","type":"post","link":"https:\/\/www.oficinaempleo.com\/blog\/el-perfil-profesional-de-un-traductor\/","title":{"rendered":"El perfil profesional de un traductor"},"content":{"rendered":"<p style=\"text-align: justify;\"><div class=\"su-button-center\"><a href=\"https:\/\/jobs.oficinaempleo.com\/registro?origen=ORG-web&#038;utm_source=OE&#038;utm_medium=boton_registro&#038;utm_content=homepage&#038;utm_campaign=organic\" class=\"su-button su-button-style-flat\" style=\"color:#FFFFFF;background-color:#ec7d0c;border-color:#bd640a;border-radius:10px\" target=\"__blank\"><span style=\"color:#FFFFFF;padding:8px 26px;font-size:20px;line-height:30px;border-color:#f2a455;border-radius:10px;text-shadow:none\"><i class=\"sui sui-arrow-circle-right\" style=\"font-size:20px;color:#FFFFFF\"><\/i> Reg\u00edstrate gratis en OficinaEmpleo<\/span><\/a><\/div><div class=\"su-spacer\" style=\"height:30px\"><\/div>\n<p style=\"text-align: justify;\">El <strong>traductor profesional<\/strong> se caracteriza por dominar de manera excelente al menos 2 o 3 idiomas, siendo capaces de realizar traducciones simult\u00e1neas de forma fluida, tratando de lograr siempre la <strong>mayor precisi\u00f3n posible<\/strong> en el significado original de los textos traducidos.<\/p>\n<p style=\"text-align: justify;\">Los <strong>traductores o int\u00e9rpretes<\/strong> cuentan con una formaci\u00f3n muy amplia en diferentes idiomas, en su curr\u00edculum vitae es imprescindible que est\u00e9n incluidos todos los <strong>certificados oficiales<\/strong> que acreditan el <strong>nivel dominado<\/strong> de una determinada lengua. Como m\u00ednimo, para poder trabajar como <strong>traductor profesional<\/strong>, ser\u00e1 necesario haber alcanzado un nivel C1 o C2 en ingl\u00e9s, DELF para franc\u00e9s, DELE para espa\u00f1ol, DELI para italiano, entre otros.<\/p>\n<p><img loading=\"lazy\" decoding=\"async\" class=\"alignnone wp-image-13007 size-medium\" src=\"http:\/\/www.oficinaempleo.com\/blog\/wp-content\/uploads\/2016\/06\/idiomas-300x160.jpg\" width=\"300\" height=\"160\" srcset=\"https:\/\/www.oficinaempleo.com\/blog\/wp-content\/uploads\/2016\/06\/idiomas-300x160.jpg 300w, https:\/\/www.oficinaempleo.com\/blog\/wp-content\/uploads\/2016\/06\/idiomas.jpg 590w\" sizes=\"auto, (max-width: 300px) 100vw, 300px\" \/><\/p>\n<p style=\"text-align: justify;\">Adem\u00e1s de estos <strong>certificados oficiales<\/strong>, los traductores deben contar el <strong>t\u00edtulo de<\/strong> <strong>Traducci\u00f3n e Interpretaci\u00f3n<\/strong> obtenido en alguna universidad o escuela superior donde el profesional ha adquirido todos sus conocimientos.<\/p>\n<p style=\"text-align: justify;\">Los <strong>profesionales<\/strong> que se dedican al mundo de la traducci\u00f3n, comienzan realizando peque\u00f1as pr\u00e1cticas y traducciones de manera voluntaria, as\u00ed como organizando algunos <strong>talleres de redacci\u00f3n, seminarios, etc<\/strong>. Esto les ayuda a ganar experiencia y seguridad en el campo en el que desean desarrollarse profesionalmente.<\/p>\n<p style=\"text-align: justify;\">Tambi\u00e9n podemos encontrar el caso de un <strong>traductor freelance<\/strong>, estos pueden estar especializados en un <strong>tipo de traducci\u00f3n o idiomas espec\u00edficos<\/strong> y trabajar para <strong>particulares o grandes empresas<\/strong> que les pagan una determinada cantidad por el trabajo realizado durante un terminado periodo de tiempo.<\/p>\n<p style=\"text-align: justify;\">Por otro lado, muchos de ellos se especializan en determinadas <strong>combinaciones de idiomas<\/strong> (espa\u00f1ol-ingl\u00e9s, italiano-franc\u00e9s, ingl\u00e9s-alem\u00e1n) o en determinados <strong>campos de especialidad<\/strong> (pol\u00edtica, cultura, arte, ciencia, etc.).<\/p>\n<p style=\"text-align: justify;\">Uno de los principales <strong>valores a\u00f1adidos<\/strong> de un traductor profesional es el dominio de <strong>idiomas ex\u00f3ticos<\/strong> como el chino mandar\u00edn, el \u00e1rabe o el ruso. Cada vez est\u00e1 m\u00e1s extendida la costumbre de estudiar en pa\u00edses occidentales ya que la globalizaci\u00f3n ha hecho que cada vez sean m\u00e1s necesarias las traducciones de estos or\u00edgenes.<\/p>\n<p>Si estas ofertas no son de tu sector. Entra en OficinaEmpleo. Existen muchos otros procesos de selecci\u00f3n a los que puedes optar. S\u00f3lo tienes que encontrar el que se asemeja m\u00e1s a tus gustos y a tu preparaci\u00f3n. Puedes <a href=\"https:\/\/www.oficinaempleo.com\/ofertas-empleo-en\/granada\"  rel=\"noopener noreferrer\">trabajar en Granada <\/a>o en el <a href=\"https:\/\/www.oficinaempleo.com\/trabajar-en\/consultoria-11\"  rel=\"noopener noreferrer\">sector de Consultor\u00eda.<\/a><\/p>\n<p style=\"text-align: justify;\"><div class=\"su-button-center\"><a href=\"https:\/\/jobs.oficinaempleo.com\/registro?origen=ORG-web&#038;utm_source=OE&#038;utm_medium=boton_registro&#038;utm_content=homepage&#038;utm_campaign=organic\" class=\"su-button su-button-style-flat\" style=\"color:#FFFFFF;background-color:#ec7d0c;border-color:#bd640a;border-radius:10px\" target=\"__blank\"><span style=\"color:#FFFFFF;padding:8px 26px;font-size:20px;line-height:30px;border-color:#f2a455;border-radius:10px;text-shadow:none\"><i class=\"sui sui-arrow-circle-right\" style=\"font-size:20px;color:#FFFFFF\"><\/i> Reg\u00edstrate gratis en OficinaEmpleo<\/span><\/a><\/div><div class=\"su-spacer\" style=\"height:30px\"><\/div>\n","protected":false},"excerpt":{"rendered":"<p>Te contamos a continuaci\u00f3n todos los requisitos que debe reunir un traductor o int\u00e9rprete profesional.<\/p>\n","protected":false},"author":2,"featured_media":14282,"comment_status":"open","ping_status":"open","sticky":false,"template":"","format":"standard","meta":{"footnotes":""},"categories":[12,17],"tags":[],"class_list":["post-13895","post","type-post","status-publish","format-standard","has-post-thumbnail","hentry","category-consejos-y-recursos","category-profesiones","cat-12-id","cat-17-id","has_thumb"],"yoast_head":"<!-- This site is optimized with the Yoast SEO plugin v27.1.1 - https:\/\/yoast.com\/product\/yoast-seo-wordpress\/ -->\n<title>El perfil profesional de un traductor - Blog OficinaEmpleo<\/title>\n<meta name=\"robots\" content=\"index, follow, max-snippet:-1, max-image-preview:large, max-video-preview:-1\" \/>\n<link rel=\"canonical\" href=\"https:\/\/www.oficinaempleo.com\/blog\/el-perfil-profesional-de-un-traductor\/\" \/>\n<meta property=\"og:locale\" content=\"es_ES\" \/>\n<meta property=\"og:type\" content=\"article\" \/>\n<meta property=\"og:title\" content=\"El perfil profesional de un traductor - Blog OficinaEmpleo\" \/>\n<meta property=\"og:description\" content=\"Te contamos a continuaci\u00f3n todos los requisitos que debe reunir un traductor o int\u00e9rprete profesional.\" \/>\n<meta property=\"og:url\" content=\"https:\/\/www.oficinaempleo.com\/blog\/el-perfil-profesional-de-un-traductor\/\" \/>\n<meta property=\"og:site_name\" content=\"Noticias y consejos de empleo | Blog OficinaEmpleo\" \/>\n<meta property=\"article:author\" content=\"https:\/\/www.facebook.com\/OficinaEmpleo\" \/>\n<meta property=\"article:published_time\" content=\"2017-10-11T07:33:31+00:00\" \/>\n<meta property=\"article:modified_time\" content=\"2017-10-11T09:32:20+00:00\" \/>\n<meta property=\"og:image\" content=\"https:\/\/www.oficinaempleo.com\/blog\/wp-content\/uploads\/2012\/06\/idiomas-BLOG.jpg\" \/>\n\t<meta property=\"og:image:width\" content=\"600\" \/>\n\t<meta property=\"og:image:height\" content=\"310\" \/>\n\t<meta property=\"og:image:type\" content=\"image\/jpeg\" \/>\n<meta name=\"author\" content=\"OficinaEmpleo\" \/>\n<meta name=\"twitter:card\" content=\"summary_large_image\" \/>\n<meta name=\"twitter:creator\" content=\"@OficinaEmpleo\" \/>\n<meta name=\"twitter:site\" content=\"@OficinaEmpleo\" \/>\n<meta name=\"twitter:label1\" content=\"Written by\" \/>\n\t<meta name=\"twitter:data1\" content=\"OficinaEmpleo\" \/>\n\t<meta name=\"twitter:label2\" content=\"Est. reading time\" \/>\n\t<meta name=\"twitter:data2\" content=\"2 minutos\" \/>\n<script type=\"application\/ld+json\" class=\"yoast-schema-graph\">{\"@context\":\"https:\/\/schema.org\",\"@graph\":[{\"@type\":\"Article\",\"@id\":\"https:\/\/www.oficinaempleo.com\/blog\/el-perfil-profesional-de-un-traductor\/#article\",\"isPartOf\":{\"@id\":\"https:\/\/www.oficinaempleo.com\/blog\/el-perfil-profesional-de-un-traductor\/\"},\"author\":{\"name\":\"OficinaEmpleo\",\"@id\":\"https:\/\/www.oficinaempleo.com\/blog\/#\/schema\/person\/a7f3437f35bd6bd9ad19addae529a114\"},\"headline\":\"El perfil profesional de un traductor\",\"datePublished\":\"2017-10-11T07:33:31+00:00\",\"dateModified\":\"2017-10-11T09:32:20+00:00\",\"mainEntityOfPage\":{\"@id\":\"https:\/\/www.oficinaempleo.com\/blog\/el-perfil-profesional-de-un-traductor\/\"},\"wordCount\":462,\"commentCount\":1,\"publisher\":{\"@id\":\"https:\/\/www.oficinaempleo.com\/blog\/#organization\"},\"image\":{\"@id\":\"https:\/\/www.oficinaempleo.com\/blog\/el-perfil-profesional-de-un-traductor\/#primaryimage\"},\"thumbnailUrl\":\"https:\/\/www.oficinaempleo.com\/blog\/wp-content\/uploads\/2012\/06\/idiomas-BLOG.jpg\",\"articleSection\":[\"Consejos y Recursos\",\"Profesiones\"],\"inLanguage\":\"es\",\"potentialAction\":[{\"@type\":\"CommentAction\",\"name\":\"Comment\",\"target\":[\"https:\/\/www.oficinaempleo.com\/blog\/el-perfil-profesional-de-un-traductor\/#respond\"]}]},{\"@type\":\"WebPage\",\"@id\":\"https:\/\/www.oficinaempleo.com\/blog\/el-perfil-profesional-de-un-traductor\/\",\"url\":\"https:\/\/www.oficinaempleo.com\/blog\/el-perfil-profesional-de-un-traductor\/\",\"name\":\"El perfil profesional de un traductor - Blog OficinaEmpleo\",\"isPartOf\":{\"@id\":\"https:\/\/www.oficinaempleo.com\/blog\/#website\"},\"primaryImageOfPage\":{\"@id\":\"https:\/\/www.oficinaempleo.com\/blog\/el-perfil-profesional-de-un-traductor\/#primaryimage\"},\"image\":{\"@id\":\"https:\/\/www.oficinaempleo.com\/blog\/el-perfil-profesional-de-un-traductor\/#primaryimage\"},\"thumbnailUrl\":\"https:\/\/www.oficinaempleo.com\/blog\/wp-content\/uploads\/2012\/06\/idiomas-BLOG.jpg\",\"datePublished\":\"2017-10-11T07:33:31+00:00\",\"dateModified\":\"2017-10-11T09:32:20+00:00\",\"breadcrumb\":{\"@id\":\"https:\/\/www.oficinaempleo.com\/blog\/el-perfil-profesional-de-un-traductor\/#breadcrumb\"},\"inLanguage\":\"es\",\"potentialAction\":[{\"@type\":\"ReadAction\",\"target\":[\"https:\/\/www.oficinaempleo.com\/blog\/el-perfil-profesional-de-un-traductor\/\"]}]},{\"@type\":\"ImageObject\",\"inLanguage\":\"es\",\"@id\":\"https:\/\/www.oficinaempleo.com\/blog\/el-perfil-profesional-de-un-traductor\/#primaryimage\",\"url\":\"https:\/\/www.oficinaempleo.com\/blog\/wp-content\/uploads\/2012\/06\/idiomas-BLOG.jpg\",\"contentUrl\":\"https:\/\/www.oficinaempleo.com\/blog\/wp-content\/uploads\/2012\/06\/idiomas-BLOG.jpg\",\"width\":600,\"height\":310},{\"@type\":\"BreadcrumbList\",\"@id\":\"https:\/\/www.oficinaempleo.com\/blog\/el-perfil-profesional-de-un-traductor\/#breadcrumb\",\"itemListElement\":[{\"@type\":\"ListItem\",\"position\":1,\"name\":\"Home\",\"item\":\"https:\/\/www.oficinaempleo.com\/blog\/\"},{\"@type\":\"ListItem\",\"position\":2,\"name\":\"El perfil profesional de un traductor\"}]},{\"@type\":\"WebSite\",\"@id\":\"https:\/\/www.oficinaempleo.com\/blog\/#website\",\"url\":\"https:\/\/www.oficinaempleo.com\/blog\/\",\"name\":\"Noticias y Consejos de Empleo | Blog OficinaEmpleo\",\"description\":\"\",\"publisher\":{\"@id\":\"https:\/\/www.oficinaempleo.com\/blog\/#organization\"},\"potentialAction\":[{\"@type\":\"SearchAction\",\"target\":{\"@type\":\"EntryPoint\",\"urlTemplate\":\"https:\/\/www.oficinaempleo.com\/blog\/?s={search_term_string}\"},\"query-input\":{\"@type\":\"PropertyValueSpecification\",\"valueRequired\":true,\"valueName\":\"search_term_string\"}}],\"inLanguage\":\"es\"},{\"@type\":\"Organization\",\"@id\":\"https:\/\/www.oficinaempleo.com\/blog\/#organization\",\"name\":\"OficinaEmpleo\",\"url\":\"https:\/\/www.oficinaempleo.com\/blog\/\",\"logo\":{\"@type\":\"ImageObject\",\"inLanguage\":\"es\",\"@id\":\"https:\/\/www.oficinaempleo.com\/blog\/#\/schema\/logo\/image\/\",\"url\":\"https:\/\/www.oficinaempleo.com\/blog\/wp-content\/uploads\/2018\/10\/logo_footer-1.jpg\",\"contentUrl\":\"https:\/\/www.oficinaempleo.com\/blog\/wp-content\/uploads\/2018\/10\/logo_footer-1.jpg\",\"width\":478,\"height\":57,\"caption\":\"OficinaEmpleo\"},\"image\":{\"@id\":\"https:\/\/www.oficinaempleo.com\/blog\/#\/schema\/logo\/image\/\"},\"sameAs\":[\"https:\/\/x.com\/OficinaEmpleo\"]},{\"@type\":\"Person\",\"@id\":\"https:\/\/www.oficinaempleo.com\/blog\/#\/schema\/person\/a7f3437f35bd6bd9ad19addae529a114\",\"name\":\"OficinaEmpleo\",\"image\":{\"@type\":\"ImageObject\",\"inLanguage\":\"es\",\"@id\":\"https:\/\/www.oficinaempleo.com\/blog\/#\/schema\/person\/image\/\",\"url\":\"https:\/\/secure.gravatar.com\/avatar\/ea822afb14d7439ba3051d652cf8f548fe540f184ce16a2135fc22c9337bd72e?s=96&d=mm&r=g\",\"contentUrl\":\"https:\/\/secure.gravatar.com\/avatar\/ea822afb14d7439ba3051d652cf8f548fe540f184ce16a2135fc22c9337bd72e?s=96&d=mm&r=g\",\"caption\":\"OficinaEmpleo\"},\"description\":\"En OficinaEmpleo queremos ayudarte a conseguir trabajo. Por eso, adem\u00e1s de ofrecerte ofertas de empleo en nuestro portal, te ense\u00f1amos las novedades del sector, y consejos para mejorar tu perfil.\",\"sameAs\":[\"http:\/\/www.oficinaempleo.com\/\",\"https:\/\/www.facebook.com\/OficinaEmpleo\",\"https:\/\/x.com\/OficinaEmpleo\"],\"url\":\"https:\/\/www.oficinaempleo.com\/blog\/author\/empleo\/\"}]}<\/script>\n<!-- \/ Yoast SEO plugin. -->","yoast_head_json":{"title":"El perfil profesional de un traductor - Blog OficinaEmpleo","robots":{"index":"index","follow":"follow","max-snippet":"max-snippet:-1","max-image-preview":"max-image-preview:large","max-video-preview":"max-video-preview:-1"},"canonical":"https:\/\/www.oficinaempleo.com\/blog\/el-perfil-profesional-de-un-traductor\/","og_locale":"es_ES","og_type":"article","og_title":"El perfil profesional de un traductor - Blog OficinaEmpleo","og_description":"Te contamos a continuaci\u00f3n todos los requisitos que debe reunir un traductor o int\u00e9rprete profesional.","og_url":"https:\/\/www.oficinaempleo.com\/blog\/el-perfil-profesional-de-un-traductor\/","og_site_name":"Noticias y consejos de empleo | Blog OficinaEmpleo","article_author":"https:\/\/www.facebook.com\/OficinaEmpleo","article_published_time":"2017-10-11T07:33:31+00:00","article_modified_time":"2017-10-11T09:32:20+00:00","og_image":[{"width":600,"height":310,"url":"https:\/\/www.oficinaempleo.com\/blog\/wp-content\/uploads\/2012\/06\/idiomas-BLOG.jpg","type":"image\/jpeg"}],"author":"OficinaEmpleo","twitter_card":"summary_large_image","twitter_creator":"@OficinaEmpleo","twitter_site":"@OficinaEmpleo","twitter_misc":{"Written by":"OficinaEmpleo","Est. reading time":"2 minutos"},"schema":{"@context":"https:\/\/schema.org","@graph":[{"@type":"Article","@id":"https:\/\/www.oficinaempleo.com\/blog\/el-perfil-profesional-de-un-traductor\/#article","isPartOf":{"@id":"https:\/\/www.oficinaempleo.com\/blog\/el-perfil-profesional-de-un-traductor\/"},"author":{"name":"OficinaEmpleo","@id":"https:\/\/www.oficinaempleo.com\/blog\/#\/schema\/person\/a7f3437f35bd6bd9ad19addae529a114"},"headline":"El perfil profesional de un traductor","datePublished":"2017-10-11T07:33:31+00:00","dateModified":"2017-10-11T09:32:20+00:00","mainEntityOfPage":{"@id":"https:\/\/www.oficinaempleo.com\/blog\/el-perfil-profesional-de-un-traductor\/"},"wordCount":462,"commentCount":1,"publisher":{"@id":"https:\/\/www.oficinaempleo.com\/blog\/#organization"},"image":{"@id":"https:\/\/www.oficinaempleo.com\/blog\/el-perfil-profesional-de-un-traductor\/#primaryimage"},"thumbnailUrl":"https:\/\/www.oficinaempleo.com\/blog\/wp-content\/uploads\/2012\/06\/idiomas-BLOG.jpg","articleSection":["Consejos y Recursos","Profesiones"],"inLanguage":"es","potentialAction":[{"@type":"CommentAction","name":"Comment","target":["https:\/\/www.oficinaempleo.com\/blog\/el-perfil-profesional-de-un-traductor\/#respond"]}]},{"@type":"WebPage","@id":"https:\/\/www.oficinaempleo.com\/blog\/el-perfil-profesional-de-un-traductor\/","url":"https:\/\/www.oficinaempleo.com\/blog\/el-perfil-profesional-de-un-traductor\/","name":"El perfil profesional de un traductor - Blog OficinaEmpleo","isPartOf":{"@id":"https:\/\/www.oficinaempleo.com\/blog\/#website"},"primaryImageOfPage":{"@id":"https:\/\/www.oficinaempleo.com\/blog\/el-perfil-profesional-de-un-traductor\/#primaryimage"},"image":{"@id":"https:\/\/www.oficinaempleo.com\/blog\/el-perfil-profesional-de-un-traductor\/#primaryimage"},"thumbnailUrl":"https:\/\/www.oficinaempleo.com\/blog\/wp-content\/uploads\/2012\/06\/idiomas-BLOG.jpg","datePublished":"2017-10-11T07:33:31+00:00","dateModified":"2017-10-11T09:32:20+00:00","breadcrumb":{"@id":"https:\/\/www.oficinaempleo.com\/blog\/el-perfil-profesional-de-un-traductor\/#breadcrumb"},"inLanguage":"es","potentialAction":[{"@type":"ReadAction","target":["https:\/\/www.oficinaempleo.com\/blog\/el-perfil-profesional-de-un-traductor\/"]}]},{"@type":"ImageObject","inLanguage":"es","@id":"https:\/\/www.oficinaempleo.com\/blog\/el-perfil-profesional-de-un-traductor\/#primaryimage","url":"https:\/\/www.oficinaempleo.com\/blog\/wp-content\/uploads\/2012\/06\/idiomas-BLOG.jpg","contentUrl":"https:\/\/www.oficinaempleo.com\/blog\/wp-content\/uploads\/2012\/06\/idiomas-BLOG.jpg","width":600,"height":310},{"@type":"BreadcrumbList","@id":"https:\/\/www.oficinaempleo.com\/blog\/el-perfil-profesional-de-un-traductor\/#breadcrumb","itemListElement":[{"@type":"ListItem","position":1,"name":"Home","item":"https:\/\/www.oficinaempleo.com\/blog\/"},{"@type":"ListItem","position":2,"name":"El perfil profesional de un traductor"}]},{"@type":"WebSite","@id":"https:\/\/www.oficinaempleo.com\/blog\/#website","url":"https:\/\/www.oficinaempleo.com\/blog\/","name":"Noticias y Consejos de Empleo | Blog OficinaEmpleo","description":"","publisher":{"@id":"https:\/\/www.oficinaempleo.com\/blog\/#organization"},"potentialAction":[{"@type":"SearchAction","target":{"@type":"EntryPoint","urlTemplate":"https:\/\/www.oficinaempleo.com\/blog\/?s={search_term_string}"},"query-input":{"@type":"PropertyValueSpecification","valueRequired":true,"valueName":"search_term_string"}}],"inLanguage":"es"},{"@type":"Organization","@id":"https:\/\/www.oficinaempleo.com\/blog\/#organization","name":"OficinaEmpleo","url":"https:\/\/www.oficinaempleo.com\/blog\/","logo":{"@type":"ImageObject","inLanguage":"es","@id":"https:\/\/www.oficinaempleo.com\/blog\/#\/schema\/logo\/image\/","url":"https:\/\/www.oficinaempleo.com\/blog\/wp-content\/uploads\/2018\/10\/logo_footer-1.jpg","contentUrl":"https:\/\/www.oficinaempleo.com\/blog\/wp-content\/uploads\/2018\/10\/logo_footer-1.jpg","width":478,"height":57,"caption":"OficinaEmpleo"},"image":{"@id":"https:\/\/www.oficinaempleo.com\/blog\/#\/schema\/logo\/image\/"},"sameAs":["https:\/\/x.com\/OficinaEmpleo"]},{"@type":"Person","@id":"https:\/\/www.oficinaempleo.com\/blog\/#\/schema\/person\/a7f3437f35bd6bd9ad19addae529a114","name":"OficinaEmpleo","image":{"@type":"ImageObject","inLanguage":"es","@id":"https:\/\/www.oficinaempleo.com\/blog\/#\/schema\/person\/image\/","url":"https:\/\/secure.gravatar.com\/avatar\/ea822afb14d7439ba3051d652cf8f548fe540f184ce16a2135fc22c9337bd72e?s=96&d=mm&r=g","contentUrl":"https:\/\/secure.gravatar.com\/avatar\/ea822afb14d7439ba3051d652cf8f548fe540f184ce16a2135fc22c9337bd72e?s=96&d=mm&r=g","caption":"OficinaEmpleo"},"description":"En OficinaEmpleo queremos ayudarte a conseguir trabajo. Por eso, adem\u00e1s de ofrecerte ofertas de empleo en nuestro portal, te ense\u00f1amos las novedades del sector, y consejos para mejorar tu perfil.","sameAs":["http:\/\/www.oficinaempleo.com\/","https:\/\/www.facebook.com\/OficinaEmpleo","https:\/\/x.com\/OficinaEmpleo"],"url":"https:\/\/www.oficinaempleo.com\/blog\/author\/empleo\/"}]}},"_links":{"self":[{"href":"https:\/\/www.oficinaempleo.com\/blog\/wp-json\/wp\/v2\/posts\/13895","targetHints":{"allow":["GET"]}}],"collection":[{"href":"https:\/\/www.oficinaempleo.com\/blog\/wp-json\/wp\/v2\/posts"}],"about":[{"href":"https:\/\/www.oficinaempleo.com\/blog\/wp-json\/wp\/v2\/types\/post"}],"author":[{"embeddable":true,"href":"https:\/\/www.oficinaempleo.com\/blog\/wp-json\/wp\/v2\/users\/2"}],"replies":[{"embeddable":true,"href":"https:\/\/www.oficinaempleo.com\/blog\/wp-json\/wp\/v2\/comments?post=13895"}],"version-history":[{"count":4,"href":"https:\/\/www.oficinaempleo.com\/blog\/wp-json\/wp\/v2\/posts\/13895\/revisions"}],"predecessor-version":[{"id":22327,"href":"https:\/\/www.oficinaempleo.com\/blog\/wp-json\/wp\/v2\/posts\/13895\/revisions\/22327"}],"wp:featuredmedia":[{"embeddable":true,"href":"https:\/\/www.oficinaempleo.com\/blog\/wp-json\/wp\/v2\/media\/14282"}],"wp:attachment":[{"href":"https:\/\/www.oficinaempleo.com\/blog\/wp-json\/wp\/v2\/media?parent=13895"}],"wp:term":[{"taxonomy":"category","embeddable":true,"href":"https:\/\/www.oficinaempleo.com\/blog\/wp-json\/wp\/v2\/categories?post=13895"},{"taxonomy":"post_tag","embeddable":true,"href":"https:\/\/www.oficinaempleo.com\/blog\/wp-json\/wp\/v2\/tags?post=13895"}],"curies":[{"name":"wp","href":"https:\/\/api.w.org\/{rel}","templated":true}]}}