{"id":14078,"date":"2016-08-23T11:58:42","date_gmt":"2016-08-23T09:58:42","guid":{"rendered":"http:\/\/www.oficinaempleo.com\/blog\/?p=14078"},"modified":"2016-09-02T12:17:05","modified_gmt":"2016-09-02T10:17:05","slug":"se-prorroga-la-ayuda-del-plan-prepara-hasta-febrero-de-2017","status":"publish","type":"post","link":"https:\/\/www.oficinaempleo.com\/blog\/se-prorroga-la-ayuda-del-plan-prepara-hasta-febrero-de-2017\/","title":{"rendered":"Se prorroga la ayuda del Plan Prepara hasta febrero de 2017"},"content":{"rendered":"<p style=\"text-align: justify;\"><div class=\"su-button-center\"><a href=\"https:\/\/jobs.oficinaempleo.com\/registro?origen=ORG-web&#038;utm_source=OE&#038;utm_medium=boton_registro&#038;utm_content=homepage&#038;utm_campaign=organic\" class=\"su-button su-button-style-flat\" style=\"color:#FFFFFF;background-color:#ec7d0c;border-color:#bd640a;border-radius:10px\" target=\"__blank\"><span style=\"color:#FFFFFF;padding:8px 26px;font-size:20px;line-height:30px;border-color:#f2a455;border-radius:10px;text-shadow:none\"><i class=\"sui sui-arrow-circle-right\" style=\"font-size:20px;color:#FFFFFF\"><\/i> Reg\u00edstrate gratis en OficinaEmpleo<\/span><\/a><\/div><div class=\"su-spacer\" style=\"height:30px\"><\/div>\n<p style=\"text-align: justify;\">Se prorroga seis meses m\u00e1s la ayuda de los <strong>400 euros<\/strong> del <strong>Plan Prepara<\/strong>,  por la que se busca <strong>mejorar la empleabilidad<\/strong> de los <strong>parados de larga duraci\u00f3n<\/strong> o aquellos con familiares a su cargo.<\/p>\n<p style=\"text-align: justify;\"><img loading=\"lazy\" decoding=\"async\" class=\"alignnone size-full wp-image-14119\" src=\"http:\/\/www.oficinaempleo.com\/blog\/wp-content\/uploads\/2016\/08\/Plan-prepara-FB.jpg\" alt=\"Plan prepara\" width=\"1200\" height=\"637\" srcset=\"https:\/\/www.oficinaempleo.com\/blog\/wp-content\/uploads\/2016\/08\/Plan-prepara-FB.jpg 1200w, https:\/\/www.oficinaempleo.com\/blog\/wp-content\/uploads\/2016\/08\/Plan-prepara-FB-300x159.jpg 300w, https:\/\/www.oficinaempleo.com\/blog\/wp-content\/uploads\/2016\/08\/Plan-prepara-FB-768x408.jpg 768w, https:\/\/www.oficinaempleo.com\/blog\/wp-content\/uploads\/2016\/08\/Plan-prepara-FB-1024x544.jpg 1024w\" sizes=\"auto, (max-width: 1200px) 100vw, 1200px\" \/><\/p>\n<p style=\"text-align: justify;\">La iniciativa viene de la mano de <strong>Empleo<\/strong> que publicar\u00e1 en el <a href=\"https:\/\/www.boe.es\/diario_boe\/\"><strong>BOE<\/strong><\/a> esta <strong>nueva ampliaci\u00f3n <\/strong>de la ayuda de<strong> 400 mensuales<\/strong> a personas en situaci\u00f3n prolongada de parados o <strong>450 euros \u00a0para aquellos con responsabilidades familiares<\/strong>. La ayuda se prorroga hasta el <strong>15 de febrero de 2017<\/strong>.<\/p>\n<p style=\"text-align: justify;\">Como podemos leer en este\u00a0<a href=\"http:\/\/www.invertia.com\/noticias\/articulo-final.asp?idNoticia=3145384&amp;strGoo=gobierno-amplia-ayudas-plan-prepara\"><strong>art\u00edculo de invertia.com<\/strong><\/a>,  esta ayuda est\u00e1 dirigida a mejorar la empleabilidad de aquellos parados que hayan <strong>agotado su protecci\u00f3n por desempleo<\/strong>. Empleo destaca que m\u00e1s de <strong>77.565 desempleados<\/strong> se han beneficiado de esta ayuda desde que fuera aprobada en 2012. <strong>Las comunidades<\/strong> que m\u00e1s se han beneficiado del Plan son <strong>Andaluc\u00eda<\/strong> (160.757 beneficiarios),  <strong>Catalu\u00f1a<\/strong> (80.636) y <strong>Comunidad Valenciana<\/strong> (78.227).<\/p>\n<p style=\"text-align: justify;\">Con \u00e9sta, ya van 11 veces \u00a0consecutivas que se prorroga seis meses m\u00e1s esta ayuda y, seg\u00fan informa la <strong>vicesecretaria general de UGT<\/strong>, Cristina Anto\u00f1anzas, as\u00ed seguir\u00e1 hasta que la tasa de paro no baje del 18%.<\/p>\n<p style=\"text-align: justify;\">Si a\u00fan no has solicitado esta ayuda y cumples con los <strong>requisitos<\/strong> para poder optar a ella, a trav\u00e9s de este <strong>enlace<\/strong> podr\u00e1s acceder para solicitarla y poder <a href=\"https:\/\/www.sepe.es\/contenidos\/personas\/formacion\/programa_prepara\/prepara.html\"><strong>empezar a beneficiarte<\/strong><\/a> de la ayuda de 400 euros.<\/p>\n<p style=\"text-align: justify;\"><div class=\"su-button-center\"><a href=\"https:\/\/jobs.oficinaempleo.com\/registro?origen=ORG-web&#038;utm_source=OE&#038;utm_medium=boton_registro&#038;utm_content=homepage&#038;utm_campaign=organic\" class=\"su-button su-button-style-flat\" style=\"color:#FFFFFF;background-color:#ec7d0c;border-color:#bd640a;border-radius:10px\" target=\"__blank\"><span style=\"color:#FFFFFF;padding:8px 26px;font-size:20px;line-height:30px;border-color:#f2a455;border-radius:10px;text-shadow:none\"><i class=\"sui sui-arrow-circle-right\" style=\"font-size:20px;color:#FFFFFF\"><\/i> Reg\u00edstrate gratis en OficinaEmpleo<\/span><\/a><\/div><div class=\"su-spacer\" style=\"height:30px\"><\/div>\n","protected":false},"excerpt":{"rendered":"<p>Los parados de larga duraci\u00f3n podr\u00e1n beneficiarse seis meses m\u00e1s de la ayuda de 400 euros del Plan Prepara.<\/p>\n","protected":false},"author":2,"featured_media":14378,"comment_status":"open","ping_status":"open","sticky":false,"template":"","format":"standard","meta":{"footnotes":""},"categories":[691,3],"tags":[],"class_list":["post-14078","post","type-post","status-publish","format-standard","has-post-thumbnail","hentry","category-actualidad-empleo","category-noticias-empleo","cat-691-id","cat-3-id","has_thumb"],"yoast_head":"<!-- This site is optimized with the Yoast SEO plugin v27.1.1 - https:\/\/yoast.com\/product\/yoast-seo-wordpress\/ -->\n<title>Se prorroga la ayuda del Plan Prepara hasta febrero de 2017 - Blog OficinaEmpleo<\/title>\n<meta name=\"robots\" content=\"index, follow, max-snippet:-1, max-image-preview:large, max-video-preview:-1\" \/>\n<link rel=\"canonical\" href=\"https:\/\/www.oficinaempleo.com\/blog\/se-prorroga-la-ayuda-del-plan-prepara-hasta-febrero-de-2017\/\" \/>\n<meta property=\"og:locale\" content=\"es_ES\" \/>\n<meta property=\"og:type\" content=\"article\" \/>\n<meta property=\"og:title\" content=\"Se prorroga la ayuda del Plan Prepara hasta febrero de 2017 - Blog OficinaEmpleo\" \/>\n<meta property=\"og:description\" content=\"Los parados de larga duraci\u00f3n podr\u00e1n beneficiarse seis meses m\u00e1s de la ayuda de 400 euros del Plan Prepara.\" \/>\n<meta property=\"og:url\" content=\"https:\/\/www.oficinaempleo.com\/blog\/se-prorroga-la-ayuda-del-plan-prepara-hasta-febrero-de-2017\/\" \/>\n<meta property=\"og:site_name\" content=\"Noticias y consejos de empleo | Blog OficinaEmpleo\" \/>\n<meta property=\"article:author\" content=\"https:\/\/www.facebook.com\/OficinaEmpleo\" \/>\n<meta property=\"article:published_time\" content=\"2016-08-23T09:58:42+00:00\" \/>\n<meta property=\"article:modified_time\" content=\"2016-09-02T10:17:05+00:00\" \/>\n<meta property=\"og:image\" content=\"https:\/\/www.oficinaempleo.com\/blog\/wp-content\/uploads\/2016\/08\/plan-prepara-BLOG.jpg\" \/>\n\t<meta property=\"og:image:width\" content=\"600\" \/>\n\t<meta property=\"og:image:height\" content=\"310\" \/>\n\t<meta property=\"og:image:type\" content=\"image\/jpeg\" \/>\n<meta name=\"author\" content=\"OficinaEmpleo\" \/>\n<meta name=\"twitter:card\" content=\"summary_large_image\" \/>\n<meta name=\"twitter:creator\" content=\"@OficinaEmpleo\" \/>\n<meta name=\"twitter:site\" content=\"@OficinaEmpleo\" \/>\n<meta name=\"twitter:label1\" content=\"Written by\" \/>\n\t<meta name=\"twitter:data1\" content=\"OficinaEmpleo\" \/>\n\t<meta name=\"twitter:label2\" content=\"Est. reading time\" \/>\n\t<meta name=\"twitter:data2\" content=\"1 minuto\" \/>\n<script type=\"application\/ld+json\" class=\"yoast-schema-graph\">{\"@context\":\"https:\/\/schema.org\",\"@graph\":[{\"@type\":\"Article\",\"@id\":\"https:\/\/www.oficinaempleo.com\/blog\/se-prorroga-la-ayuda-del-plan-prepara-hasta-febrero-de-2017\/#article\",\"isPartOf\":{\"@id\":\"https:\/\/www.oficinaempleo.com\/blog\/se-prorroga-la-ayuda-del-plan-prepara-hasta-febrero-de-2017\/\"},\"author\":{\"name\":\"OficinaEmpleo\",\"@id\":\"https:\/\/www.oficinaempleo.com\/blog\/#\/schema\/person\/a7f3437f35bd6bd9ad19addae529a114\"},\"headline\":\"Se prorroga la ayuda del Plan Prepara hasta febrero de 2017\",\"datePublished\":\"2016-08-23T09:58:42+00:00\",\"dateModified\":\"2016-09-02T10:17:05+00:00\",\"mainEntityOfPage\":{\"@id\":\"https:\/\/www.oficinaempleo.com\/blog\/se-prorroga-la-ayuda-del-plan-prepara-hasta-febrero-de-2017\/\"},\"wordCount\":299,\"commentCount\":62,\"publisher\":{\"@id\":\"https:\/\/www.oficinaempleo.com\/blog\/#organization\"},\"image\":{\"@id\":\"https:\/\/www.oficinaempleo.com\/blog\/se-prorroga-la-ayuda-del-plan-prepara-hasta-febrero-de-2017\/#primaryimage\"},\"thumbnailUrl\":\"https:\/\/www.oficinaempleo.com\/blog\/wp-content\/uploads\/2016\/08\/plan-prepara-BLOG.jpg\",\"articleSection\":[\"Actualidad\",\"Noticias Empleo\"],\"inLanguage\":\"es\",\"potentialAction\":[{\"@type\":\"CommentAction\",\"name\":\"Comment\",\"target\":[\"https:\/\/www.oficinaempleo.com\/blog\/se-prorroga-la-ayuda-del-plan-prepara-hasta-febrero-de-2017\/#respond\"]}]},{\"@type\":\"WebPage\",\"@id\":\"https:\/\/www.oficinaempleo.com\/blog\/se-prorroga-la-ayuda-del-plan-prepara-hasta-febrero-de-2017\/\",\"url\":\"https:\/\/www.oficinaempleo.com\/blog\/se-prorroga-la-ayuda-del-plan-prepara-hasta-febrero-de-2017\/\",\"name\":\"Se prorroga la ayuda del Plan Prepara hasta febrero de 2017 - Blog OficinaEmpleo\",\"isPartOf\":{\"@id\":\"https:\/\/www.oficinaempleo.com\/blog\/#website\"},\"primaryImageOfPage\":{\"@id\":\"https:\/\/www.oficinaempleo.com\/blog\/se-prorroga-la-ayuda-del-plan-prepara-hasta-febrero-de-2017\/#primaryimage\"},\"image\":{\"@id\":\"https:\/\/www.oficinaempleo.com\/blog\/se-prorroga-la-ayuda-del-plan-prepara-hasta-febrero-de-2017\/#primaryimage\"},\"thumbnailUrl\":\"https:\/\/www.oficinaempleo.com\/blog\/wp-content\/uploads\/2016\/08\/plan-prepara-BLOG.jpg\",\"datePublished\":\"2016-08-23T09:58:42+00:00\",\"dateModified\":\"2016-09-02T10:17:05+00:00\",\"breadcrumb\":{\"@id\":\"https:\/\/www.oficinaempleo.com\/blog\/se-prorroga-la-ayuda-del-plan-prepara-hasta-febrero-de-2017\/#breadcrumb\"},\"inLanguage\":\"es\",\"potentialAction\":[{\"@type\":\"ReadAction\",\"target\":[\"https:\/\/www.oficinaempleo.com\/blog\/se-prorroga-la-ayuda-del-plan-prepara-hasta-febrero-de-2017\/\"]}]},{\"@type\":\"ImageObject\",\"inLanguage\":\"es\",\"@id\":\"https:\/\/www.oficinaempleo.com\/blog\/se-prorroga-la-ayuda-del-plan-prepara-hasta-febrero-de-2017\/#primaryimage\",\"url\":\"https:\/\/www.oficinaempleo.com\/blog\/wp-content\/uploads\/2016\/08\/plan-prepara-BLOG.jpg\",\"contentUrl\":\"https:\/\/www.oficinaempleo.com\/blog\/wp-content\/uploads\/2016\/08\/plan-prepara-BLOG.jpg\",\"width\":600,\"height\":310},{\"@type\":\"BreadcrumbList\",\"@id\":\"https:\/\/www.oficinaempleo.com\/blog\/se-prorroga-la-ayuda-del-plan-prepara-hasta-febrero-de-2017\/#breadcrumb\",\"itemListElement\":[{\"@type\":\"ListItem\",\"position\":1,\"name\":\"Home\",\"item\":\"https:\/\/www.oficinaempleo.com\/blog\/\"},{\"@type\":\"ListItem\",\"position\":2,\"name\":\"Se prorroga la ayuda del Plan Prepara hasta febrero de 2017\"}]},{\"@type\":\"WebSite\",\"@id\":\"https:\/\/www.oficinaempleo.com\/blog\/#website\",\"url\":\"https:\/\/www.oficinaempleo.com\/blog\/\",\"name\":\"Noticias y Consejos de Empleo | Blog OficinaEmpleo\",\"description\":\"\",\"publisher\":{\"@id\":\"https:\/\/www.oficinaempleo.com\/blog\/#organization\"},\"potentialAction\":[{\"@type\":\"SearchAction\",\"target\":{\"@type\":\"EntryPoint\",\"urlTemplate\":\"https:\/\/www.oficinaempleo.com\/blog\/?s={search_term_string}\"},\"query-input\":{\"@type\":\"PropertyValueSpecification\",\"valueRequired\":true,\"valueName\":\"search_term_string\"}}],\"inLanguage\":\"es\"},{\"@type\":\"Organization\",\"@id\":\"https:\/\/www.oficinaempleo.com\/blog\/#organization\",\"name\":\"OficinaEmpleo\",\"url\":\"https:\/\/www.oficinaempleo.com\/blog\/\",\"logo\":{\"@type\":\"ImageObject\",\"inLanguage\":\"es\",\"@id\":\"https:\/\/www.oficinaempleo.com\/blog\/#\/schema\/logo\/image\/\",\"url\":\"https:\/\/www.oficinaempleo.com\/blog\/wp-content\/uploads\/2018\/10\/logo_footer-1.jpg\",\"contentUrl\":\"https:\/\/www.oficinaempleo.com\/blog\/wp-content\/uploads\/2018\/10\/logo_footer-1.jpg\",\"width\":478,\"height\":57,\"caption\":\"OficinaEmpleo\"},\"image\":{\"@id\":\"https:\/\/www.oficinaempleo.com\/blog\/#\/schema\/logo\/image\/\"},\"sameAs\":[\"https:\/\/x.com\/OficinaEmpleo\"]},{\"@type\":\"Person\",\"@id\":\"https:\/\/www.oficinaempleo.com\/blog\/#\/schema\/person\/a7f3437f35bd6bd9ad19addae529a114\",\"name\":\"OficinaEmpleo\",\"image\":{\"@type\":\"ImageObject\",\"inLanguage\":\"es\",\"@id\":\"https:\/\/www.oficinaempleo.com\/blog\/#\/schema\/person\/image\/\",\"url\":\"https:\/\/secure.gravatar.com\/avatar\/ea822afb14d7439ba3051d652cf8f548fe540f184ce16a2135fc22c9337bd72e?s=96&d=mm&r=g\",\"contentUrl\":\"https:\/\/secure.gravatar.com\/avatar\/ea822afb14d7439ba3051d652cf8f548fe540f184ce16a2135fc22c9337bd72e?s=96&d=mm&r=g\",\"caption\":\"OficinaEmpleo\"},\"description\":\"En OficinaEmpleo queremos ayudarte a conseguir trabajo. Por eso, adem\u00e1s de ofrecerte ofertas de empleo en nuestro portal, te ense\u00f1amos las novedades del sector, y consejos para mejorar tu perfil.\",\"sameAs\":[\"http:\/\/www.oficinaempleo.com\/\",\"https:\/\/www.facebook.com\/OficinaEmpleo\",\"https:\/\/x.com\/OficinaEmpleo\"],\"url\":\"https:\/\/www.oficinaempleo.com\/blog\/author\/empleo\/\"}]}<\/script>\n<!-- \/ Yoast SEO plugin. -->","yoast_head_json":{"title":"Se prorroga la ayuda del Plan Prepara hasta febrero de 2017 - Blog OficinaEmpleo","robots":{"index":"index","follow":"follow","max-snippet":"max-snippet:-1","max-image-preview":"max-image-preview:large","max-video-preview":"max-video-preview:-1"},"canonical":"https:\/\/www.oficinaempleo.com\/blog\/se-prorroga-la-ayuda-del-plan-prepara-hasta-febrero-de-2017\/","og_locale":"es_ES","og_type":"article","og_title":"Se prorroga la ayuda del Plan Prepara hasta febrero de 2017 - Blog OficinaEmpleo","og_description":"Los parados de larga duraci\u00f3n podr\u00e1n beneficiarse seis meses m\u00e1s de la ayuda de 400 euros del Plan Prepara.","og_url":"https:\/\/www.oficinaempleo.com\/blog\/se-prorroga-la-ayuda-del-plan-prepara-hasta-febrero-de-2017\/","og_site_name":"Noticias y consejos de empleo | Blog OficinaEmpleo","article_author":"https:\/\/www.facebook.com\/OficinaEmpleo","article_published_time":"2016-08-23T09:58:42+00:00","article_modified_time":"2016-09-02T10:17:05+00:00","og_image":[{"width":600,"height":310,"url":"https:\/\/www.oficinaempleo.com\/blog\/wp-content\/uploads\/2016\/08\/plan-prepara-BLOG.jpg","type":"image\/jpeg"}],"author":"OficinaEmpleo","twitter_card":"summary_large_image","twitter_creator":"@OficinaEmpleo","twitter_site":"@OficinaEmpleo","twitter_misc":{"Written by":"OficinaEmpleo","Est. reading time":"1 minuto"},"schema":{"@context":"https:\/\/schema.org","@graph":[{"@type":"Article","@id":"https:\/\/www.oficinaempleo.com\/blog\/se-prorroga-la-ayuda-del-plan-prepara-hasta-febrero-de-2017\/#article","isPartOf":{"@id":"https:\/\/www.oficinaempleo.com\/blog\/se-prorroga-la-ayuda-del-plan-prepara-hasta-febrero-de-2017\/"},"author":{"name":"OficinaEmpleo","@id":"https:\/\/www.oficinaempleo.com\/blog\/#\/schema\/person\/a7f3437f35bd6bd9ad19addae529a114"},"headline":"Se prorroga la ayuda del Plan Prepara hasta febrero de 2017","datePublished":"2016-08-23T09:58:42+00:00","dateModified":"2016-09-02T10:17:05+00:00","mainEntityOfPage":{"@id":"https:\/\/www.oficinaempleo.com\/blog\/se-prorroga-la-ayuda-del-plan-prepara-hasta-febrero-de-2017\/"},"wordCount":299,"commentCount":62,"publisher":{"@id":"https:\/\/www.oficinaempleo.com\/blog\/#organization"},"image":{"@id":"https:\/\/www.oficinaempleo.com\/blog\/se-prorroga-la-ayuda-del-plan-prepara-hasta-febrero-de-2017\/#primaryimage"},"thumbnailUrl":"https:\/\/www.oficinaempleo.com\/blog\/wp-content\/uploads\/2016\/08\/plan-prepara-BLOG.jpg","articleSection":["Actualidad","Noticias Empleo"],"inLanguage":"es","potentialAction":[{"@type":"CommentAction","name":"Comment","target":["https:\/\/www.oficinaempleo.com\/blog\/se-prorroga-la-ayuda-del-plan-prepara-hasta-febrero-de-2017\/#respond"]}]},{"@type":"WebPage","@id":"https:\/\/www.oficinaempleo.com\/blog\/se-prorroga-la-ayuda-del-plan-prepara-hasta-febrero-de-2017\/","url":"https:\/\/www.oficinaempleo.com\/blog\/se-prorroga-la-ayuda-del-plan-prepara-hasta-febrero-de-2017\/","name":"Se prorroga la ayuda del Plan Prepara hasta febrero de 2017 - Blog OficinaEmpleo","isPartOf":{"@id":"https:\/\/www.oficinaempleo.com\/blog\/#website"},"primaryImageOfPage":{"@id":"https:\/\/www.oficinaempleo.com\/blog\/se-prorroga-la-ayuda-del-plan-prepara-hasta-febrero-de-2017\/#primaryimage"},"image":{"@id":"https:\/\/www.oficinaempleo.com\/blog\/se-prorroga-la-ayuda-del-plan-prepara-hasta-febrero-de-2017\/#primaryimage"},"thumbnailUrl":"https:\/\/www.oficinaempleo.com\/blog\/wp-content\/uploads\/2016\/08\/plan-prepara-BLOG.jpg","datePublished":"2016-08-23T09:58:42+00:00","dateModified":"2016-09-02T10:17:05+00:00","breadcrumb":{"@id":"https:\/\/www.oficinaempleo.com\/blog\/se-prorroga-la-ayuda-del-plan-prepara-hasta-febrero-de-2017\/#breadcrumb"},"inLanguage":"es","potentialAction":[{"@type":"ReadAction","target":["https:\/\/www.oficinaempleo.com\/blog\/se-prorroga-la-ayuda-del-plan-prepara-hasta-febrero-de-2017\/"]}]},{"@type":"ImageObject","inLanguage":"es","@id":"https:\/\/www.oficinaempleo.com\/blog\/se-prorroga-la-ayuda-del-plan-prepara-hasta-febrero-de-2017\/#primaryimage","url":"https:\/\/www.oficinaempleo.com\/blog\/wp-content\/uploads\/2016\/08\/plan-prepara-BLOG.jpg","contentUrl":"https:\/\/www.oficinaempleo.com\/blog\/wp-content\/uploads\/2016\/08\/plan-prepara-BLOG.jpg","width":600,"height":310},{"@type":"BreadcrumbList","@id":"https:\/\/www.oficinaempleo.com\/blog\/se-prorroga-la-ayuda-del-plan-prepara-hasta-febrero-de-2017\/#breadcrumb","itemListElement":[{"@type":"ListItem","position":1,"name":"Home","item":"https:\/\/www.oficinaempleo.com\/blog\/"},{"@type":"ListItem","position":2,"name":"Se prorroga la ayuda del Plan Prepara hasta febrero de 2017"}]},{"@type":"WebSite","@id":"https:\/\/www.oficinaempleo.com\/blog\/#website","url":"https:\/\/www.oficinaempleo.com\/blog\/","name":"Noticias y Consejos de Empleo | Blog OficinaEmpleo","description":"","publisher":{"@id":"https:\/\/www.oficinaempleo.com\/blog\/#organization"},"potentialAction":[{"@type":"SearchAction","target":{"@type":"EntryPoint","urlTemplate":"https:\/\/www.oficinaempleo.com\/blog\/?s={search_term_string}"},"query-input":{"@type":"PropertyValueSpecification","valueRequired":true,"valueName":"search_term_string"}}],"inLanguage":"es"},{"@type":"Organization","@id":"https:\/\/www.oficinaempleo.com\/blog\/#organization","name":"OficinaEmpleo","url":"https:\/\/www.oficinaempleo.com\/blog\/","logo":{"@type":"ImageObject","inLanguage":"es","@id":"https:\/\/www.oficinaempleo.com\/blog\/#\/schema\/logo\/image\/","url":"https:\/\/www.oficinaempleo.com\/blog\/wp-content\/uploads\/2018\/10\/logo_footer-1.jpg","contentUrl":"https:\/\/www.oficinaempleo.com\/blog\/wp-content\/uploads\/2018\/10\/logo_footer-1.jpg","width":478,"height":57,"caption":"OficinaEmpleo"},"image":{"@id":"https:\/\/www.oficinaempleo.com\/blog\/#\/schema\/logo\/image\/"},"sameAs":["https:\/\/x.com\/OficinaEmpleo"]},{"@type":"Person","@id":"https:\/\/www.oficinaempleo.com\/blog\/#\/schema\/person\/a7f3437f35bd6bd9ad19addae529a114","name":"OficinaEmpleo","image":{"@type":"ImageObject","inLanguage":"es","@id":"https:\/\/www.oficinaempleo.com\/blog\/#\/schema\/person\/image\/","url":"https:\/\/secure.gravatar.com\/avatar\/ea822afb14d7439ba3051d652cf8f548fe540f184ce16a2135fc22c9337bd72e?s=96&d=mm&r=g","contentUrl":"https:\/\/secure.gravatar.com\/avatar\/ea822afb14d7439ba3051d652cf8f548fe540f184ce16a2135fc22c9337bd72e?s=96&d=mm&r=g","caption":"OficinaEmpleo"},"description":"En OficinaEmpleo queremos ayudarte a conseguir trabajo. Por eso, adem\u00e1s de ofrecerte ofertas de empleo en nuestro portal, te ense\u00f1amos las novedades del sector, y consejos para mejorar tu perfil.","sameAs":["http:\/\/www.oficinaempleo.com\/","https:\/\/www.facebook.com\/OficinaEmpleo","https:\/\/x.com\/OficinaEmpleo"],"url":"https:\/\/www.oficinaempleo.com\/blog\/author\/empleo\/"}]}},"_links":{"self":[{"href":"https:\/\/www.oficinaempleo.com\/blog\/wp-json\/wp\/v2\/posts\/14078","targetHints":{"allow":["GET"]}}],"collection":[{"href":"https:\/\/www.oficinaempleo.com\/blog\/wp-json\/wp\/v2\/posts"}],"about":[{"href":"https:\/\/www.oficinaempleo.com\/blog\/wp-json\/wp\/v2\/types\/post"}],"author":[{"embeddable":true,"href":"https:\/\/www.oficinaempleo.com\/blog\/wp-json\/wp\/v2\/users\/2"}],"replies":[{"embeddable":true,"href":"https:\/\/www.oficinaempleo.com\/blog\/wp-json\/wp\/v2\/comments?post=14078"}],"version-history":[{"count":0,"href":"https:\/\/www.oficinaempleo.com\/blog\/wp-json\/wp\/v2\/posts\/14078\/revisions"}],"wp:featuredmedia":[{"embeddable":true,"href":"https:\/\/www.oficinaempleo.com\/blog\/wp-json\/wp\/v2\/media\/14378"}],"wp:attachment":[{"href":"https:\/\/www.oficinaempleo.com\/blog\/wp-json\/wp\/v2\/media?parent=14078"}],"wp:term":[{"taxonomy":"category","embeddable":true,"href":"https:\/\/www.oficinaempleo.com\/blog\/wp-json\/wp\/v2\/categories?post=14078"},{"taxonomy":"post_tag","embeddable":true,"href":"https:\/\/www.oficinaempleo.com\/blog\/wp-json\/wp\/v2\/tags?post=14078"}],"curies":[{"name":"wp","href":"https:\/\/api.w.org\/{rel}","templated":true}]}}