{"id":1409,"date":"2023-05-24T09:23:34","date_gmt":"2023-05-24T08:23:34","guid":{"rendered":"http:\/\/blog.oficinaempleo.com\/?p=1409"},"modified":"2023-05-24T15:25:16","modified_gmt":"2023-05-24T14:25:16","slug":"que-hacer-tras-cerrar-un-negocio","status":"publish","type":"post","link":"https:\/\/www.oficinaempleo.com\/blog\/que-hacer-tras-cerrar-un-negocio\/","title":{"rendered":"\u00bfQu\u00e9 hacer tras cerrar un negocio?"},"content":{"rendered":"<p style=\"text-align: justify;\">Desde que comenz\u00f3 la crisis en Espa\u00f1a, las peque\u00f1as y medianas empresas que se han visto obligadas a cerrar se cuentan por miles. Sabemos que no es f\u00e1cil tomar la decisi\u00f3n de cerrar el negocio en el que has empe\u00f1ado tanto esfuerzo, tantas horas, tanto trabajo\u2026 Pero <strong>pese a que echar el cierre es una de las decisiones m\u00e1s dif\u00edciles para el emprendedor, muchas veces es la mejor opci\u00f3n<\/strong> \u2013o incluso la \u00fanica\u2013, y esto no significa el fin; una mala experiencia no tiene que acabar con tus ganas ni con tu motivaci\u00f3n, ni por supuesto debes sentir que tu idea ha fracasado o que no alcanzar el \u00e9xito esperado es culpa tuya, puesto que en \u00e9pocas de crisis los condicionantes externos negativos son mucho mayores y arriesgados.<\/p>\n<p><a href=\"http:\/\/blog.oficinaempleo.com\/wp-content\/uploads\/2014\/06\/cerrar-negocio.jpg\"><img loading=\"lazy\" decoding=\"async\" class=\"aligncenter wp-image-1410\" src=\"http:\/\/blog.oficinaempleo.com\/wp-content\/uploads\/2014\/06\/cerrar-negocio.jpg\" alt=\"cerrar negocio\" width=\"395\" height=\"255\" srcset=\"https:\/\/www.oficinaempleo.com\/blog\/wp-content\/uploads\/2014\/06\/cerrar-negocio.jpg 740w, https:\/\/www.oficinaempleo.com\/blog\/wp-content\/uploads\/2014\/06\/cerrar-negocio-300x193.jpg 300w\" sizes=\"auto, (max-width: 395px) 100vw, 395px\" \/><\/a><\/p>\n<p style=\"text-align: justify;\">Pero a\u00fan son muchos los que deciden ocultar esta experiencia en sus CV, olvidando la val\u00eda de la experiencia y la sabidur\u00eda que se adquiere de cada error. Un <strong>error<\/strong>. Y es que, el haber gestionado un negocio que, con la crisis, ha resultado deficitario, es un elemento <strong>cada vez m\u00e1s valorado<\/strong> entre los empresarios contratantes en Espa\u00f1a, conscientes de la diferencia que marca con respecto a la competencia. As\u00ed que <strong>no te bloquees ni te dejes llevar por la negatividad<\/strong>, y busca desde ya las <strong>alternativas que se abren ahora<\/strong> (te sorprender\u00edas al saber la cantidad de grandes empresarios, nacionales e internacionales, cuya primera iniciativa no alcanz\u00f3 el \u00e9xito que s\u00ed lo han hecho las siguientes).<\/p>\n<p style=\"text-align: justify;\">En primer lugar, <strong>reflexiona qu\u00e9 es lo que m\u00e1s te gusta,<\/strong> qu\u00e9 sector profesional te atrae y, en definitiva, qu\u00e9 es lo que te apasiona y qu\u00e9 sabes hacer (para ser el mejor en ello y destacarte). Una vez que tengas claro este primer paso, m\u00e1rcate una hoja de ruta para <strong>visualizar el camino<\/strong> que deber\u00e1s seguir para alcanzar ese trabajo al que te gustar\u00eda dedicarte. \u00a1Reinv\u00e9ntate!<\/p>\n<p style=\"text-align: justify;\">Si tras esta reflexi\u00f3n has llegado a la conclusi\u00f3n de que prefieres dejar de ser trabajador por cuenta propia y decides no lanzar otra empresa sino<strong> incorporarte a una<\/strong> ya establecida, ten en cuenta que tu <strong>experiencia como emprendedor contar\u00e1 a tu favor<\/strong> en ambos casos. Y es que tu anterior experiencia, hayas triunfado o no, refleja <strong>competencias muy valoradas en las empresas como la iniciativa, la proactividad y un enriquecedor aprendizaje<\/strong> en el mercado empresarial.<\/p>\n<p style=\"text-align: justify;\">Sea como sea, \u00a1es hora de <strong>volver a empezar<\/strong>, de tomar la oportunidad de dar el paso que nunca te hab\u00edas atrevido a dar!<\/p>\n","protected":false},"excerpt":{"rendered":"<p>Desde que comenz\u00f3 la crisis en Espa\u00f1a, las peque\u00f1as y medianas empresas que se han visto obligadas a cerrar se cuentan por miles. Sabemos que no es f\u00e1cil tomar la decisi\u00f3n de cerrar el negocio en el que has empe\u00f1ado tanto esfuerzo, tantas horas, tanto trabajo\u2026 Pero pese a que echar el cierre es una [&hellip;]<\/p>\n","protected":false},"author":2,"featured_media":1410,"comment_status":"open","ping_status":"open","sticky":false,"template":"","format":"standard","meta":{"footnotes":""},"categories":[12,512],"tags":[553,520,554,555,25],"class_list":["post-1409","post","type-post","status-publish","format-standard","has-post-thumbnail","hentry","category-consejos-y-recursos","category-emprendedores","tag-cerrar-negocio","tag-crisis","tag-emprendedor","tag-oportunidad","tag-trabajo","cat-12-id","cat-512-id","has_thumb"],"yoast_head":"<!-- This site is optimized with the Yoast SEO plugin v27.1.1 - https:\/\/yoast.com\/product\/yoast-seo-wordpress\/ -->\n<title>\u00bfQu\u00e9 hacer tras cerrar un negocio? - Blog OficinaEmpleo<\/title>\n<meta name=\"description\" content=\"Si no sabes qu\u00e9 hacer tras cerrar un negocio. Estate atento porque te contamos lo que tienes que hacer. \u00a1Mira!\" \/>\n<meta name=\"robots\" content=\"index, follow, max-snippet:-1, max-image-preview:large, max-video-preview:-1\" \/>\n<link rel=\"canonical\" href=\"https:\/\/www.oficinaempleo.com\/blog\/que-hacer-tras-cerrar-un-negocio\/\" \/>\n<meta property=\"og:locale\" content=\"es_ES\" \/>\n<meta property=\"og:type\" content=\"article\" \/>\n<meta property=\"og:title\" content=\"\u00bfQu\u00e9 hacer tras cerrar un negocio? - Blog OficinaEmpleo\" \/>\n<meta property=\"og:description\" content=\"Si no sabes qu\u00e9 hacer tras cerrar un negocio. Estate atento porque te contamos lo que tienes que hacer. \u00a1Mira!\" \/>\n<meta property=\"og:url\" content=\"https:\/\/www.oficinaempleo.com\/blog\/que-hacer-tras-cerrar-un-negocio\/\" \/>\n<meta property=\"og:site_name\" content=\"Noticias y consejos de empleo | Blog OficinaEmpleo\" \/>\n<meta property=\"article:author\" content=\"https:\/\/www.facebook.com\/OficinaEmpleo\" \/>\n<meta property=\"article:published_time\" content=\"2023-05-24T08:23:34+00:00\" \/>\n<meta property=\"article:modified_time\" content=\"2023-05-24T14:25:16+00:00\" \/>\n<meta property=\"og:image\" content=\"https:\/\/www.oficinaempleo.com\/blog\/wp-content\/uploads\/2014\/06\/cerrar-negocio.jpg\" \/>\n\t<meta property=\"og:image:width\" content=\"740\" \/>\n\t<meta property=\"og:image:height\" content=\"478\" \/>\n\t<meta property=\"og:image:type\" content=\"image\/jpeg\" \/>\n<meta name=\"author\" content=\"OficinaEmpleo\" \/>\n<meta name=\"twitter:card\" content=\"summary_large_image\" \/>\n<meta name=\"twitter:creator\" content=\"@OficinaEmpleo\" \/>\n<meta name=\"twitter:site\" content=\"@OficinaEmpleo\" \/>\n<meta name=\"twitter:label1\" content=\"Written by\" \/>\n\t<meta name=\"twitter:data1\" content=\"OficinaEmpleo\" \/>\n\t<meta name=\"twitter:label2\" content=\"Est. reading time\" \/>\n\t<meta name=\"twitter:data2\" content=\"3 minutos\" \/>\n<script type=\"application\/ld+json\" class=\"yoast-schema-graph\">{\"@context\":\"https:\/\/schema.org\",\"@graph\":[{\"@type\":\"Article\",\"@id\":\"https:\/\/www.oficinaempleo.com\/blog\/que-hacer-tras-cerrar-un-negocio\/#article\",\"isPartOf\":{\"@id\":\"https:\/\/www.oficinaempleo.com\/blog\/que-hacer-tras-cerrar-un-negocio\/\"},\"author\":{\"name\":\"OficinaEmpleo\",\"@id\":\"https:\/\/www.oficinaempleo.com\/blog\/#\/schema\/person\/a7f3437f35bd6bd9ad19addae529a114\"},\"headline\":\"\u00bfQu\u00e9 hacer tras cerrar un negocio?\",\"datePublished\":\"2023-05-24T08:23:34+00:00\",\"dateModified\":\"2023-05-24T14:25:16+00:00\",\"mainEntityOfPage\":{\"@id\":\"https:\/\/www.oficinaempleo.com\/blog\/que-hacer-tras-cerrar-un-negocio\/\"},\"wordCount\":441,\"commentCount\":0,\"publisher\":{\"@id\":\"https:\/\/www.oficinaempleo.com\/blog\/#organization\"},\"image\":{\"@id\":\"https:\/\/www.oficinaempleo.com\/blog\/que-hacer-tras-cerrar-un-negocio\/#primaryimage\"},\"thumbnailUrl\":\"https:\/\/www.oficinaempleo.com\/blog\/wp-content\/uploads\/2014\/06\/cerrar-negocio.jpg\",\"keywords\":[\"cerrar negocio\",\"Crisis\",\"emprendedor\",\"oportunidad\",\"trabajo\"],\"articleSection\":[\"Consejos y Recursos\",\"Emprendedores\"],\"inLanguage\":\"es\",\"potentialAction\":[{\"@type\":\"CommentAction\",\"name\":\"Comment\",\"target\":[\"https:\/\/www.oficinaempleo.com\/blog\/que-hacer-tras-cerrar-un-negocio\/#respond\"]}]},{\"@type\":\"WebPage\",\"@id\":\"https:\/\/www.oficinaempleo.com\/blog\/que-hacer-tras-cerrar-un-negocio\/\",\"url\":\"https:\/\/www.oficinaempleo.com\/blog\/que-hacer-tras-cerrar-un-negocio\/\",\"name\":\"\u00bfQu\u00e9 hacer tras cerrar un negocio? - Blog OficinaEmpleo\",\"isPartOf\":{\"@id\":\"https:\/\/www.oficinaempleo.com\/blog\/#website\"},\"primaryImageOfPage\":{\"@id\":\"https:\/\/www.oficinaempleo.com\/blog\/que-hacer-tras-cerrar-un-negocio\/#primaryimage\"},\"image\":{\"@id\":\"https:\/\/www.oficinaempleo.com\/blog\/que-hacer-tras-cerrar-un-negocio\/#primaryimage\"},\"thumbnailUrl\":\"https:\/\/www.oficinaempleo.com\/blog\/wp-content\/uploads\/2014\/06\/cerrar-negocio.jpg\",\"datePublished\":\"2023-05-24T08:23:34+00:00\",\"dateModified\":\"2023-05-24T14:25:16+00:00\",\"description\":\"Si no sabes qu\u00e9 hacer tras cerrar un negocio. Estate atento porque te contamos lo que tienes que hacer. \u00a1Mira!\",\"breadcrumb\":{\"@id\":\"https:\/\/www.oficinaempleo.com\/blog\/que-hacer-tras-cerrar-un-negocio\/#breadcrumb\"},\"inLanguage\":\"es\",\"potentialAction\":[{\"@type\":\"ReadAction\",\"target\":[\"https:\/\/www.oficinaempleo.com\/blog\/que-hacer-tras-cerrar-un-negocio\/\"]}]},{\"@type\":\"ImageObject\",\"inLanguage\":\"es\",\"@id\":\"https:\/\/www.oficinaempleo.com\/blog\/que-hacer-tras-cerrar-un-negocio\/#primaryimage\",\"url\":\"https:\/\/www.oficinaempleo.com\/blog\/wp-content\/uploads\/2014\/06\/cerrar-negocio.jpg\",\"contentUrl\":\"https:\/\/www.oficinaempleo.com\/blog\/wp-content\/uploads\/2014\/06\/cerrar-negocio.jpg\",\"width\":740,\"height\":478},{\"@type\":\"BreadcrumbList\",\"@id\":\"https:\/\/www.oficinaempleo.com\/blog\/que-hacer-tras-cerrar-un-negocio\/#breadcrumb\",\"itemListElement\":[{\"@type\":\"ListItem\",\"position\":1,\"name\":\"Home\",\"item\":\"https:\/\/www.oficinaempleo.com\/blog\/\"},{\"@type\":\"ListItem\",\"position\":2,\"name\":\"\u00bfQu\u00e9 hacer tras cerrar un negocio?\"}]},{\"@type\":\"WebSite\",\"@id\":\"https:\/\/www.oficinaempleo.com\/blog\/#website\",\"url\":\"https:\/\/www.oficinaempleo.com\/blog\/\",\"name\":\"Noticias y Consejos de Empleo | Blog OficinaEmpleo\",\"description\":\"\",\"publisher\":{\"@id\":\"https:\/\/www.oficinaempleo.com\/blog\/#organization\"},\"potentialAction\":[{\"@type\":\"SearchAction\",\"target\":{\"@type\":\"EntryPoint\",\"urlTemplate\":\"https:\/\/www.oficinaempleo.com\/blog\/?s={search_term_string}\"},\"query-input\":{\"@type\":\"PropertyValueSpecification\",\"valueRequired\":true,\"valueName\":\"search_term_string\"}}],\"inLanguage\":\"es\"},{\"@type\":\"Organization\",\"@id\":\"https:\/\/www.oficinaempleo.com\/blog\/#organization\",\"name\":\"OficinaEmpleo\",\"url\":\"https:\/\/www.oficinaempleo.com\/blog\/\",\"logo\":{\"@type\":\"ImageObject\",\"inLanguage\":\"es\",\"@id\":\"https:\/\/www.oficinaempleo.com\/blog\/#\/schema\/logo\/image\/\",\"url\":\"https:\/\/www.oficinaempleo.com\/blog\/wp-content\/uploads\/2018\/10\/logo_footer-1.jpg\",\"contentUrl\":\"https:\/\/www.oficinaempleo.com\/blog\/wp-content\/uploads\/2018\/10\/logo_footer-1.jpg\",\"width\":478,\"height\":57,\"caption\":\"OficinaEmpleo\"},\"image\":{\"@id\":\"https:\/\/www.oficinaempleo.com\/blog\/#\/schema\/logo\/image\/\"},\"sameAs\":[\"https:\/\/x.com\/OficinaEmpleo\"]},{\"@type\":\"Person\",\"@id\":\"https:\/\/www.oficinaempleo.com\/blog\/#\/schema\/person\/a7f3437f35bd6bd9ad19addae529a114\",\"name\":\"OficinaEmpleo\",\"image\":{\"@type\":\"ImageObject\",\"inLanguage\":\"es\",\"@id\":\"https:\/\/www.oficinaempleo.com\/blog\/#\/schema\/person\/image\/\",\"url\":\"https:\/\/secure.gravatar.com\/avatar\/ea822afb14d7439ba3051d652cf8f548fe540f184ce16a2135fc22c9337bd72e?s=96&d=mm&r=g\",\"contentUrl\":\"https:\/\/secure.gravatar.com\/avatar\/ea822afb14d7439ba3051d652cf8f548fe540f184ce16a2135fc22c9337bd72e?s=96&d=mm&r=g\",\"caption\":\"OficinaEmpleo\"},\"description\":\"En OficinaEmpleo queremos ayudarte a conseguir trabajo. Por eso, adem\u00e1s de ofrecerte ofertas de empleo en nuestro portal, te ense\u00f1amos las novedades del sector, y consejos para mejorar tu perfil.\",\"sameAs\":[\"http:\/\/www.oficinaempleo.com\/\",\"https:\/\/www.facebook.com\/OficinaEmpleo\",\"https:\/\/x.com\/OficinaEmpleo\"],\"url\":\"https:\/\/www.oficinaempleo.com\/blog\/author\/empleo\/\"}]}<\/script>\n<!-- \/ Yoast SEO plugin. -->","yoast_head_json":{"title":"\u00bfQu\u00e9 hacer tras cerrar un negocio? - Blog OficinaEmpleo","description":"Si no sabes qu\u00e9 hacer tras cerrar un negocio. Estate atento porque te contamos lo que tienes que hacer. \u00a1Mira!","robots":{"index":"index","follow":"follow","max-snippet":"max-snippet:-1","max-image-preview":"max-image-preview:large","max-video-preview":"max-video-preview:-1"},"canonical":"https:\/\/www.oficinaempleo.com\/blog\/que-hacer-tras-cerrar-un-negocio\/","og_locale":"es_ES","og_type":"article","og_title":"\u00bfQu\u00e9 hacer tras cerrar un negocio? - Blog OficinaEmpleo","og_description":"Si no sabes qu\u00e9 hacer tras cerrar un negocio. Estate atento porque te contamos lo que tienes que hacer. \u00a1Mira!","og_url":"https:\/\/www.oficinaempleo.com\/blog\/que-hacer-tras-cerrar-un-negocio\/","og_site_name":"Noticias y consejos de empleo | Blog OficinaEmpleo","article_author":"https:\/\/www.facebook.com\/OficinaEmpleo","article_published_time":"2023-05-24T08:23:34+00:00","article_modified_time":"2023-05-24T14:25:16+00:00","og_image":[{"width":740,"height":478,"url":"https:\/\/www.oficinaempleo.com\/blog\/wp-content\/uploads\/2014\/06\/cerrar-negocio.jpg","type":"image\/jpeg"}],"author":"OficinaEmpleo","twitter_card":"summary_large_image","twitter_creator":"@OficinaEmpleo","twitter_site":"@OficinaEmpleo","twitter_misc":{"Written by":"OficinaEmpleo","Est. reading time":"3 minutos"},"schema":{"@context":"https:\/\/schema.org","@graph":[{"@type":"Article","@id":"https:\/\/www.oficinaempleo.com\/blog\/que-hacer-tras-cerrar-un-negocio\/#article","isPartOf":{"@id":"https:\/\/www.oficinaempleo.com\/blog\/que-hacer-tras-cerrar-un-negocio\/"},"author":{"name":"OficinaEmpleo","@id":"https:\/\/www.oficinaempleo.com\/blog\/#\/schema\/person\/a7f3437f35bd6bd9ad19addae529a114"},"headline":"\u00bfQu\u00e9 hacer tras cerrar un negocio?","datePublished":"2023-05-24T08:23:34+00:00","dateModified":"2023-05-24T14:25:16+00:00","mainEntityOfPage":{"@id":"https:\/\/www.oficinaempleo.com\/blog\/que-hacer-tras-cerrar-un-negocio\/"},"wordCount":441,"commentCount":0,"publisher":{"@id":"https:\/\/www.oficinaempleo.com\/blog\/#organization"},"image":{"@id":"https:\/\/www.oficinaempleo.com\/blog\/que-hacer-tras-cerrar-un-negocio\/#primaryimage"},"thumbnailUrl":"https:\/\/www.oficinaempleo.com\/blog\/wp-content\/uploads\/2014\/06\/cerrar-negocio.jpg","keywords":["cerrar negocio","Crisis","emprendedor","oportunidad","trabajo"],"articleSection":["Consejos y Recursos","Emprendedores"],"inLanguage":"es","potentialAction":[{"@type":"CommentAction","name":"Comment","target":["https:\/\/www.oficinaempleo.com\/blog\/que-hacer-tras-cerrar-un-negocio\/#respond"]}]},{"@type":"WebPage","@id":"https:\/\/www.oficinaempleo.com\/blog\/que-hacer-tras-cerrar-un-negocio\/","url":"https:\/\/www.oficinaempleo.com\/blog\/que-hacer-tras-cerrar-un-negocio\/","name":"\u00bfQu\u00e9 hacer tras cerrar un negocio? - Blog OficinaEmpleo","isPartOf":{"@id":"https:\/\/www.oficinaempleo.com\/blog\/#website"},"primaryImageOfPage":{"@id":"https:\/\/www.oficinaempleo.com\/blog\/que-hacer-tras-cerrar-un-negocio\/#primaryimage"},"image":{"@id":"https:\/\/www.oficinaempleo.com\/blog\/que-hacer-tras-cerrar-un-negocio\/#primaryimage"},"thumbnailUrl":"https:\/\/www.oficinaempleo.com\/blog\/wp-content\/uploads\/2014\/06\/cerrar-negocio.jpg","datePublished":"2023-05-24T08:23:34+00:00","dateModified":"2023-05-24T14:25:16+00:00","description":"Si no sabes qu\u00e9 hacer tras cerrar un negocio. Estate atento porque te contamos lo que tienes que hacer. \u00a1Mira!","breadcrumb":{"@id":"https:\/\/www.oficinaempleo.com\/blog\/que-hacer-tras-cerrar-un-negocio\/#breadcrumb"},"inLanguage":"es","potentialAction":[{"@type":"ReadAction","target":["https:\/\/www.oficinaempleo.com\/blog\/que-hacer-tras-cerrar-un-negocio\/"]}]},{"@type":"ImageObject","inLanguage":"es","@id":"https:\/\/www.oficinaempleo.com\/blog\/que-hacer-tras-cerrar-un-negocio\/#primaryimage","url":"https:\/\/www.oficinaempleo.com\/blog\/wp-content\/uploads\/2014\/06\/cerrar-negocio.jpg","contentUrl":"https:\/\/www.oficinaempleo.com\/blog\/wp-content\/uploads\/2014\/06\/cerrar-negocio.jpg","width":740,"height":478},{"@type":"BreadcrumbList","@id":"https:\/\/www.oficinaempleo.com\/blog\/que-hacer-tras-cerrar-un-negocio\/#breadcrumb","itemListElement":[{"@type":"ListItem","position":1,"name":"Home","item":"https:\/\/www.oficinaempleo.com\/blog\/"},{"@type":"ListItem","position":2,"name":"\u00bfQu\u00e9 hacer tras cerrar un negocio?"}]},{"@type":"WebSite","@id":"https:\/\/www.oficinaempleo.com\/blog\/#website","url":"https:\/\/www.oficinaempleo.com\/blog\/","name":"Noticias y Consejos de Empleo | Blog OficinaEmpleo","description":"","publisher":{"@id":"https:\/\/www.oficinaempleo.com\/blog\/#organization"},"potentialAction":[{"@type":"SearchAction","target":{"@type":"EntryPoint","urlTemplate":"https:\/\/www.oficinaempleo.com\/blog\/?s={search_term_string}"},"query-input":{"@type":"PropertyValueSpecification","valueRequired":true,"valueName":"search_term_string"}}],"inLanguage":"es"},{"@type":"Organization","@id":"https:\/\/www.oficinaempleo.com\/blog\/#organization","name":"OficinaEmpleo","url":"https:\/\/www.oficinaempleo.com\/blog\/","logo":{"@type":"ImageObject","inLanguage":"es","@id":"https:\/\/www.oficinaempleo.com\/blog\/#\/schema\/logo\/image\/","url":"https:\/\/www.oficinaempleo.com\/blog\/wp-content\/uploads\/2018\/10\/logo_footer-1.jpg","contentUrl":"https:\/\/www.oficinaempleo.com\/blog\/wp-content\/uploads\/2018\/10\/logo_footer-1.jpg","width":478,"height":57,"caption":"OficinaEmpleo"},"image":{"@id":"https:\/\/www.oficinaempleo.com\/blog\/#\/schema\/logo\/image\/"},"sameAs":["https:\/\/x.com\/OficinaEmpleo"]},{"@type":"Person","@id":"https:\/\/www.oficinaempleo.com\/blog\/#\/schema\/person\/a7f3437f35bd6bd9ad19addae529a114","name":"OficinaEmpleo","image":{"@type":"ImageObject","inLanguage":"es","@id":"https:\/\/www.oficinaempleo.com\/blog\/#\/schema\/person\/image\/","url":"https:\/\/secure.gravatar.com\/avatar\/ea822afb14d7439ba3051d652cf8f548fe540f184ce16a2135fc22c9337bd72e?s=96&d=mm&r=g","contentUrl":"https:\/\/secure.gravatar.com\/avatar\/ea822afb14d7439ba3051d652cf8f548fe540f184ce16a2135fc22c9337bd72e?s=96&d=mm&r=g","caption":"OficinaEmpleo"},"description":"En OficinaEmpleo queremos ayudarte a conseguir trabajo. Por eso, adem\u00e1s de ofrecerte ofertas de empleo en nuestro portal, te ense\u00f1amos las novedades del sector, y consejos para mejorar tu perfil.","sameAs":["http:\/\/www.oficinaempleo.com\/","https:\/\/www.facebook.com\/OficinaEmpleo","https:\/\/x.com\/OficinaEmpleo"],"url":"https:\/\/www.oficinaempleo.com\/blog\/author\/empleo\/"}]}},"_links":{"self":[{"href":"https:\/\/www.oficinaempleo.com\/blog\/wp-json\/wp\/v2\/posts\/1409","targetHints":{"allow":["GET"]}}],"collection":[{"href":"https:\/\/www.oficinaempleo.com\/blog\/wp-json\/wp\/v2\/posts"}],"about":[{"href":"https:\/\/www.oficinaempleo.com\/blog\/wp-json\/wp\/v2\/types\/post"}],"author":[{"embeddable":true,"href":"https:\/\/www.oficinaempleo.com\/blog\/wp-json\/wp\/v2\/users\/2"}],"replies":[{"embeddable":true,"href":"https:\/\/www.oficinaempleo.com\/blog\/wp-json\/wp\/v2\/comments?post=1409"}],"version-history":[{"count":5,"href":"https:\/\/www.oficinaempleo.com\/blog\/wp-json\/wp\/v2\/posts\/1409\/revisions"}],"predecessor-version":[{"id":33470,"href":"https:\/\/www.oficinaempleo.com\/blog\/wp-json\/wp\/v2\/posts\/1409\/revisions\/33470"}],"wp:featuredmedia":[{"embeddable":true,"href":"https:\/\/www.oficinaempleo.com\/blog\/wp-json\/wp\/v2\/media\/1410"}],"wp:attachment":[{"href":"https:\/\/www.oficinaempleo.com\/blog\/wp-json\/wp\/v2\/media?parent=1409"}],"wp:term":[{"taxonomy":"category","embeddable":true,"href":"https:\/\/www.oficinaempleo.com\/blog\/wp-json\/wp\/v2\/categories?post=1409"},{"taxonomy":"post_tag","embeddable":true,"href":"https:\/\/www.oficinaempleo.com\/blog\/wp-json\/wp\/v2\/tags?post=1409"}],"curies":[{"name":"wp","href":"https:\/\/api.w.org\/{rel}","templated":true}]}}