{"id":14200,"date":"2016-08-24T20:34:39","date_gmt":"2016-08-24T18:34:39","guid":{"rendered":"http:\/\/www.oficinaempleo.com\/blog\/?p=14200"},"modified":"2016-08-25T14:29:29","modified_gmt":"2016-08-25T12:29:29","slug":"como-se-regula-el-empleo-publico-para-discapacitados","status":"publish","type":"post","link":"https:\/\/www.oficinaempleo.com\/blog\/como-se-regula-el-empleo-publico-para-discapacitados\/","title":{"rendered":"C\u00f3mo se regula el empleo p\u00fablico para discapacitados"},"content":{"rendered":"<p style=\"text-align: justify;\"><div class=\"su-button-center\"><a href=\"https:\/\/jobs.oficinaempleo.com\/registro?origen=ORG-web&#038;utm_source=OE&#038;utm_medium=boton_registro&#038;utm_content=homepage&#038;utm_campaign=organic\" class=\"su-button su-button-style-flat\" style=\"color:#FFFFFF;background-color:#ec7d0c;border-color:#bd640a;border-radius:10px\" target=\"__blank\"><span style=\"color:#FFFFFF;padding:8px 26px;font-size:20px;line-height:30px;border-color:#f2a455;border-radius:10px;text-shadow:none\"><i class=\"sui sui-arrow-circle-right\" style=\"font-size:20px;color:#FFFFFF\"><\/i> Reg\u00edstrate gratis en OficinaEmpleo<\/span><\/a><\/div><div class=\"su-spacer\" style=\"height:30px\"><\/div>\n<p style=\"text-align: justify;\">Aunque en los \u00faltimos a\u00f1os se han producido importantes avances en la integraci\u00f3n de las <a href=\"http:\/\/www.msssi.gob.es\/ssi\/discapacidad\/informacion\/empMasInformacion.htm\"><strong>personas discapacitadas<\/strong> <strong>en el<\/strong> <strong>mercado laboral<\/strong><\/a>,  a\u00fan falta mucho camino por recorrer tanto en el sector p\u00fablico como en el sector privado. En esta ocasi\u00f3n nos vamos a detener en explicar <strong>c\u00f3mo se regula el empleo p\u00fablico para los discapacitados<\/strong>.<\/p>\n<p><img loading=\"lazy\" decoding=\"async\" class=\"alignnone size-full wp-image-14201\" src=\"http:\/\/www.oficinaempleo.com\/blog\/wp-content\/uploads\/2016\/08\/discapacitados.jpg\" alt=\"discapacitados\" width=\"590\" height=\"315\" srcset=\"https:\/\/www.oficinaempleo.com\/blog\/wp-content\/uploads\/2016\/08\/discapacitados.jpg 590w, https:\/\/www.oficinaempleo.com\/blog\/wp-content\/uploads\/2016\/08\/discapacitados-300x160.jpg 300w\" sizes=\"auto, (max-width: 590px) 100vw, 590px\" \/><\/p>\n<p style=\"text-align: justify;\">El <a href=\"https:\/\/www.boe.es\/buscar\/act.php?id=BOE-A-2015-11719\"><strong>Estatuto B\u00e1sico del Empleado P\u00fablico<\/strong><\/a>, aprobado en el a\u00f1o 2007, regula el acceso a la Administraci\u00f3n y estipula que debe haber un cupo no inferior al 7% de las vacantes cubiertas reservado para <a href=\"http:\/\/www.oficinaempleo.com\/blog\/por-que-las-empresas-deben-contratar-trabajadores-con-discapacidad\/\"><strong>personas con discapacidad<\/strong><\/a>: al menos el 2% para personas con discapacidad intelectual y el otro 5% para candidatos con alg\u00fan otro tipo de discapacidad.<\/p>\n<p style=\"text-align: justify;\">Para poder ocupar esas plazas, los candidatos deben superar los correspondientes procesos de selecci\u00f3n y acreditar tanto su discapacidad como la compatibilidad con el desarrollo del trabajo.<\/p>\n<p style=\"text-align: justify;\">El <strong>Estatuto B\u00e1sico del Empleado P\u00fablico<\/strong> tambi\u00e9n refleja que cada administraci\u00f3n debe adoptar las medidas necesarias para ajustar los plazos y los medios del proceso de selecci\u00f3n. Despu\u00e9s, las propias administraciones deben velar por la correcta adaptaci\u00f3n de los <a href=\"http:\/\/www.oficinaempleo.com\/blog\/tienen-los-discapacitados-las-mismas-oportunidades-laborales\/\"><strong>trabajadores con discapacidad<\/strong><\/a> a sus respectivos puestos de trabajo.<\/p>\n<p style=\"text-align: justify;\">Seg\u00fan la Base de Datos Estatal de las Personas con Discapacidad, el n\u00famero de personas en Espa\u00f1a con edades comprendidas entre los 16 y los 64 a\u00f1os que ten\u00edan un <strong>certificado de discapacidad<\/strong> era en 2014 de 1.335.100, lo que supone un 4\u20194% del total de la poblaci\u00f3n espa\u00f1ola en edad de trabajar.<\/p>\n<p style=\"text-align: justify;\">La <strong>tasa de paro para las personas con discapacidad<\/strong> fue en ese mismo a\u00f1o 2014 del 32\u20192%, 2\u20198 puntos menos en relaci\u00f3n con el a\u00f1o anterior, pero a\u00fan 7\u20198 puntos superior a la tasa de paro entre las personas sin discapacidad.<\/p>\n<p style=\"text-align: justify;\">El <strong>sector con mayor ocupaci\u00f3n para las personas con discapacidad<\/strong> es el relacionado con las actividades sanitarias y de servicios sociales, con un 13\u20196%, seguido por las industrias extractivas y manufacturera (12\u20199%), las actividades administrativas y servicios auxiliares (10\u20193%) y la Administraci\u00f3n P\u00fablica y Defensa (10%).<\/p>\n<p style=\"text-align: justify;\"><div class=\"su-button-center\"><a href=\"https:\/\/jobs.oficinaempleo.com\/registro?origen=ORG-web&#038;utm_source=OE&#038;utm_medium=boton_registro&#038;utm_content=homepage&#038;utm_campaign=organic\" class=\"su-button su-button-style-flat\" style=\"color:#FFFFFF;background-color:#ec7d0c;border-color:#bd640a;border-radius:10px\" target=\"__blank\"><span style=\"color:#FFFFFF;padding:8px 26px;font-size:20px;line-height:30px;border-color:#f2a455;border-radius:10px;text-shadow:none\"><i class=\"sui sui-arrow-circle-right\" style=\"font-size:20px;color:#FFFFFF\"><\/i> Reg\u00edstrate gratis en OficinaEmpleo<\/span><\/a><\/div><div class=\"su-spacer\" style=\"height:30px\"><\/div>\n","protected":false},"excerpt":{"rendered":"<p>Las administraciones deben reservar un cupo m\u00ednimo de plazas para personas con discapacidad<\/p>\n","protected":false},"author":2,"featured_media":14201,"comment_status":"open","ping_status":"open","sticky":false,"template":"","format":"standard","meta":{"footnotes":""},"categories":[691,9,12,689,11,1],"tags":[4122,3760,4119,1168,4121,4120],"class_list":["post-14200","post","type-post","status-publish","format-standard","has-post-thumbnail","hentry","category-actualidad-empleo","category-administracion","category-consejos-y-recursos","category-ofertas-empleo-destacadas","category-recursos-humanos","category-sin-categoria","tag-certificado-de-discapacidad","tag-discapacitados-en-el-trabajo","tag-empleo-para-discapacitados","tag-empleo-publico","tag-integracion-de-discapacitados","tag-trabajo-para-discapacitados","cat-691-id","cat-9-id","cat-12-id","cat-689-id","cat-11-id","cat-1-id","has_thumb"],"yoast_head":"<!-- This site is optimized with the Yoast SEO plugin v27.1.1 - https:\/\/yoast.com\/product\/yoast-seo-wordpress\/ -->\n<title>C\u00f3mo se regula el empleo p\u00fablico para discapacitados - Blog OficinaEmpleo<\/title>\n<meta name=\"robots\" content=\"index, follow, max-snippet:-1, max-image-preview:large, max-video-preview:-1\" \/>\n<link rel=\"canonical\" href=\"https:\/\/www.oficinaempleo.com\/blog\/como-se-regula-el-empleo-publico-para-discapacitados\/\" \/>\n<meta property=\"og:locale\" content=\"es_ES\" \/>\n<meta property=\"og:type\" content=\"article\" \/>\n<meta property=\"og:title\" content=\"C\u00f3mo se regula el empleo p\u00fablico para discapacitados - Blog OficinaEmpleo\" \/>\n<meta property=\"og:description\" content=\"Las administraciones deben reservar un cupo m\u00ednimo de plazas para personas con discapacidad\" \/>\n<meta property=\"og:url\" content=\"https:\/\/www.oficinaempleo.com\/blog\/como-se-regula-el-empleo-publico-para-discapacitados\/\" \/>\n<meta property=\"og:site_name\" content=\"Noticias y consejos de empleo | Blog OficinaEmpleo\" \/>\n<meta property=\"article:author\" content=\"https:\/\/www.facebook.com\/OficinaEmpleo\" \/>\n<meta property=\"article:published_time\" content=\"2016-08-24T18:34:39+00:00\" \/>\n<meta property=\"article:modified_time\" content=\"2016-08-25T12:29:29+00:00\" \/>\n<meta property=\"og:image\" content=\"https:\/\/www.oficinaempleo.com\/blog\/wp-content\/uploads\/2016\/08\/discapacitados.jpg\" \/>\n\t<meta property=\"og:image:width\" content=\"590\" \/>\n\t<meta property=\"og:image:height\" content=\"315\" \/>\n\t<meta property=\"og:image:type\" content=\"image\/jpeg\" \/>\n<meta name=\"author\" content=\"OficinaEmpleo\" \/>\n<meta name=\"twitter:card\" content=\"summary_large_image\" \/>\n<meta name=\"twitter:creator\" content=\"@OficinaEmpleo\" \/>\n<meta name=\"twitter:site\" content=\"@OficinaEmpleo\" \/>\n<meta name=\"twitter:label1\" content=\"Written by\" \/>\n\t<meta name=\"twitter:data1\" content=\"OficinaEmpleo\" \/>\n\t<meta name=\"twitter:label2\" content=\"Est. reading time\" \/>\n\t<meta name=\"twitter:data2\" content=\"2 minutos\" \/>\n<script type=\"application\/ld+json\" class=\"yoast-schema-graph\">{\"@context\":\"https:\/\/schema.org\",\"@graph\":[{\"@type\":\"Article\",\"@id\":\"https:\/\/www.oficinaempleo.com\/blog\/como-se-regula-el-empleo-publico-para-discapacitados\/#article\",\"isPartOf\":{\"@id\":\"https:\/\/www.oficinaempleo.com\/blog\/como-se-regula-el-empleo-publico-para-discapacitados\/\"},\"author\":{\"name\":\"OficinaEmpleo\",\"@id\":\"https:\/\/www.oficinaempleo.com\/blog\/#\/schema\/person\/a7f3437f35bd6bd9ad19addae529a114\"},\"headline\":\"C\u00f3mo se regula el empleo p\u00fablico para discapacitados\",\"datePublished\":\"2016-08-24T18:34:39+00:00\",\"dateModified\":\"2016-08-25T12:29:29+00:00\",\"mainEntityOfPage\":{\"@id\":\"https:\/\/www.oficinaempleo.com\/blog\/como-se-regula-el-empleo-publico-para-discapacitados\/\"},\"wordCount\":419,\"commentCount\":0,\"publisher\":{\"@id\":\"https:\/\/www.oficinaempleo.com\/blog\/#organization\"},\"image\":{\"@id\":\"https:\/\/www.oficinaempleo.com\/blog\/como-se-regula-el-empleo-publico-para-discapacitados\/#primaryimage\"},\"thumbnailUrl\":\"https:\/\/www.oficinaempleo.com\/blog\/wp-content\/uploads\/2016\/08\/discapacitados.jpg\",\"keywords\":[\"certificado de discapacidad\",\"discapacitados en el trabajo\",\"empleo para discapacitados\",\"empleo publico\",\"integraci\u00f3n de discapacitados\",\"trabajo para discapacitados\"],\"articleSection\":[\"Actualidad\",\"Administracion\",\"Consejos y Recursos\",\"Ofertas destacadas\",\"Recursos humanos\"],\"inLanguage\":\"es\",\"potentialAction\":[{\"@type\":\"CommentAction\",\"name\":\"Comment\",\"target\":[\"https:\/\/www.oficinaempleo.com\/blog\/como-se-regula-el-empleo-publico-para-discapacitados\/#respond\"]}]},{\"@type\":\"WebPage\",\"@id\":\"https:\/\/www.oficinaempleo.com\/blog\/como-se-regula-el-empleo-publico-para-discapacitados\/\",\"url\":\"https:\/\/www.oficinaempleo.com\/blog\/como-se-regula-el-empleo-publico-para-discapacitados\/\",\"name\":\"C\u00f3mo se regula el empleo p\u00fablico para discapacitados - Blog OficinaEmpleo\",\"isPartOf\":{\"@id\":\"https:\/\/www.oficinaempleo.com\/blog\/#website\"},\"primaryImageOfPage\":{\"@id\":\"https:\/\/www.oficinaempleo.com\/blog\/como-se-regula-el-empleo-publico-para-discapacitados\/#primaryimage\"},\"image\":{\"@id\":\"https:\/\/www.oficinaempleo.com\/blog\/como-se-regula-el-empleo-publico-para-discapacitados\/#primaryimage\"},\"thumbnailUrl\":\"https:\/\/www.oficinaempleo.com\/blog\/wp-content\/uploads\/2016\/08\/discapacitados.jpg\",\"datePublished\":\"2016-08-24T18:34:39+00:00\",\"dateModified\":\"2016-08-25T12:29:29+00:00\",\"breadcrumb\":{\"@id\":\"https:\/\/www.oficinaempleo.com\/blog\/como-se-regula-el-empleo-publico-para-discapacitados\/#breadcrumb\"},\"inLanguage\":\"es\",\"potentialAction\":[{\"@type\":\"ReadAction\",\"target\":[\"https:\/\/www.oficinaempleo.com\/blog\/como-se-regula-el-empleo-publico-para-discapacitados\/\"]}]},{\"@type\":\"ImageObject\",\"inLanguage\":\"es\",\"@id\":\"https:\/\/www.oficinaempleo.com\/blog\/como-se-regula-el-empleo-publico-para-discapacitados\/#primaryimage\",\"url\":\"https:\/\/www.oficinaempleo.com\/blog\/wp-content\/uploads\/2016\/08\/discapacitados.jpg\",\"contentUrl\":\"https:\/\/www.oficinaempleo.com\/blog\/wp-content\/uploads\/2016\/08\/discapacitados.jpg\",\"width\":590,\"height\":315},{\"@type\":\"BreadcrumbList\",\"@id\":\"https:\/\/www.oficinaempleo.com\/blog\/como-se-regula-el-empleo-publico-para-discapacitados\/#breadcrumb\",\"itemListElement\":[{\"@type\":\"ListItem\",\"position\":1,\"name\":\"Home\",\"item\":\"https:\/\/www.oficinaempleo.com\/blog\/\"},{\"@type\":\"ListItem\",\"position\":2,\"name\":\"C\u00f3mo se regula el empleo p\u00fablico para discapacitados\"}]},{\"@type\":\"WebSite\",\"@id\":\"https:\/\/www.oficinaempleo.com\/blog\/#website\",\"url\":\"https:\/\/www.oficinaempleo.com\/blog\/\",\"name\":\"Noticias y Consejos de Empleo | Blog OficinaEmpleo\",\"description\":\"\",\"publisher\":{\"@id\":\"https:\/\/www.oficinaempleo.com\/blog\/#organization\"},\"potentialAction\":[{\"@type\":\"SearchAction\",\"target\":{\"@type\":\"EntryPoint\",\"urlTemplate\":\"https:\/\/www.oficinaempleo.com\/blog\/?s={search_term_string}\"},\"query-input\":{\"@type\":\"PropertyValueSpecification\",\"valueRequired\":true,\"valueName\":\"search_term_string\"}}],\"inLanguage\":\"es\"},{\"@type\":\"Organization\",\"@id\":\"https:\/\/www.oficinaempleo.com\/blog\/#organization\",\"name\":\"OficinaEmpleo\",\"url\":\"https:\/\/www.oficinaempleo.com\/blog\/\",\"logo\":{\"@type\":\"ImageObject\",\"inLanguage\":\"es\",\"@id\":\"https:\/\/www.oficinaempleo.com\/blog\/#\/schema\/logo\/image\/\",\"url\":\"https:\/\/www.oficinaempleo.com\/blog\/wp-content\/uploads\/2018\/10\/logo_footer-1.jpg\",\"contentUrl\":\"https:\/\/www.oficinaempleo.com\/blog\/wp-content\/uploads\/2018\/10\/logo_footer-1.jpg\",\"width\":478,\"height\":57,\"caption\":\"OficinaEmpleo\"},\"image\":{\"@id\":\"https:\/\/www.oficinaempleo.com\/blog\/#\/schema\/logo\/image\/\"},\"sameAs\":[\"https:\/\/x.com\/OficinaEmpleo\"]},{\"@type\":\"Person\",\"@id\":\"https:\/\/www.oficinaempleo.com\/blog\/#\/schema\/person\/a7f3437f35bd6bd9ad19addae529a114\",\"name\":\"OficinaEmpleo\",\"image\":{\"@type\":\"ImageObject\",\"inLanguage\":\"es\",\"@id\":\"https:\/\/www.oficinaempleo.com\/blog\/#\/schema\/person\/image\/\",\"url\":\"https:\/\/secure.gravatar.com\/avatar\/ea822afb14d7439ba3051d652cf8f548fe540f184ce16a2135fc22c9337bd72e?s=96&d=mm&r=g\",\"contentUrl\":\"https:\/\/secure.gravatar.com\/avatar\/ea822afb14d7439ba3051d652cf8f548fe540f184ce16a2135fc22c9337bd72e?s=96&d=mm&r=g\",\"caption\":\"OficinaEmpleo\"},\"description\":\"En OficinaEmpleo queremos ayudarte a conseguir trabajo. Por eso, adem\u00e1s de ofrecerte ofertas de empleo en nuestro portal, te ense\u00f1amos las novedades del sector, y consejos para mejorar tu perfil.\",\"sameAs\":[\"http:\/\/www.oficinaempleo.com\/\",\"https:\/\/www.facebook.com\/OficinaEmpleo\",\"https:\/\/x.com\/OficinaEmpleo\"],\"url\":\"https:\/\/www.oficinaempleo.com\/blog\/author\/empleo\/\"}]}<\/script>\n<!-- \/ Yoast SEO plugin. -->","yoast_head_json":{"title":"C\u00f3mo se regula el empleo p\u00fablico para discapacitados - Blog OficinaEmpleo","robots":{"index":"index","follow":"follow","max-snippet":"max-snippet:-1","max-image-preview":"max-image-preview:large","max-video-preview":"max-video-preview:-1"},"canonical":"https:\/\/www.oficinaempleo.com\/blog\/como-se-regula-el-empleo-publico-para-discapacitados\/","og_locale":"es_ES","og_type":"article","og_title":"C\u00f3mo se regula el empleo p\u00fablico para discapacitados - Blog OficinaEmpleo","og_description":"Las administraciones deben reservar un cupo m\u00ednimo de plazas para personas con discapacidad","og_url":"https:\/\/www.oficinaempleo.com\/blog\/como-se-regula-el-empleo-publico-para-discapacitados\/","og_site_name":"Noticias y consejos de empleo | Blog OficinaEmpleo","article_author":"https:\/\/www.facebook.com\/OficinaEmpleo","article_published_time":"2016-08-24T18:34:39+00:00","article_modified_time":"2016-08-25T12:29:29+00:00","og_image":[{"width":590,"height":315,"url":"https:\/\/www.oficinaempleo.com\/blog\/wp-content\/uploads\/2016\/08\/discapacitados.jpg","type":"image\/jpeg"}],"author":"OficinaEmpleo","twitter_card":"summary_large_image","twitter_creator":"@OficinaEmpleo","twitter_site":"@OficinaEmpleo","twitter_misc":{"Written by":"OficinaEmpleo","Est. reading time":"2 minutos"},"schema":{"@context":"https:\/\/schema.org","@graph":[{"@type":"Article","@id":"https:\/\/www.oficinaempleo.com\/blog\/como-se-regula-el-empleo-publico-para-discapacitados\/#article","isPartOf":{"@id":"https:\/\/www.oficinaempleo.com\/blog\/como-se-regula-el-empleo-publico-para-discapacitados\/"},"author":{"name":"OficinaEmpleo","@id":"https:\/\/www.oficinaempleo.com\/blog\/#\/schema\/person\/a7f3437f35bd6bd9ad19addae529a114"},"headline":"C\u00f3mo se regula el empleo p\u00fablico para discapacitados","datePublished":"2016-08-24T18:34:39+00:00","dateModified":"2016-08-25T12:29:29+00:00","mainEntityOfPage":{"@id":"https:\/\/www.oficinaempleo.com\/blog\/como-se-regula-el-empleo-publico-para-discapacitados\/"},"wordCount":419,"commentCount":0,"publisher":{"@id":"https:\/\/www.oficinaempleo.com\/blog\/#organization"},"image":{"@id":"https:\/\/www.oficinaempleo.com\/blog\/como-se-regula-el-empleo-publico-para-discapacitados\/#primaryimage"},"thumbnailUrl":"https:\/\/www.oficinaempleo.com\/blog\/wp-content\/uploads\/2016\/08\/discapacitados.jpg","keywords":["certificado de discapacidad","discapacitados en el trabajo","empleo para discapacitados","empleo publico","integraci\u00f3n de discapacitados","trabajo para discapacitados"],"articleSection":["Actualidad","Administracion","Consejos y Recursos","Ofertas destacadas","Recursos humanos"],"inLanguage":"es","potentialAction":[{"@type":"CommentAction","name":"Comment","target":["https:\/\/www.oficinaempleo.com\/blog\/como-se-regula-el-empleo-publico-para-discapacitados\/#respond"]}]},{"@type":"WebPage","@id":"https:\/\/www.oficinaempleo.com\/blog\/como-se-regula-el-empleo-publico-para-discapacitados\/","url":"https:\/\/www.oficinaempleo.com\/blog\/como-se-regula-el-empleo-publico-para-discapacitados\/","name":"C\u00f3mo se regula el empleo p\u00fablico para discapacitados - Blog OficinaEmpleo","isPartOf":{"@id":"https:\/\/www.oficinaempleo.com\/blog\/#website"},"primaryImageOfPage":{"@id":"https:\/\/www.oficinaempleo.com\/blog\/como-se-regula-el-empleo-publico-para-discapacitados\/#primaryimage"},"image":{"@id":"https:\/\/www.oficinaempleo.com\/blog\/como-se-regula-el-empleo-publico-para-discapacitados\/#primaryimage"},"thumbnailUrl":"https:\/\/www.oficinaempleo.com\/blog\/wp-content\/uploads\/2016\/08\/discapacitados.jpg","datePublished":"2016-08-24T18:34:39+00:00","dateModified":"2016-08-25T12:29:29+00:00","breadcrumb":{"@id":"https:\/\/www.oficinaempleo.com\/blog\/como-se-regula-el-empleo-publico-para-discapacitados\/#breadcrumb"},"inLanguage":"es","potentialAction":[{"@type":"ReadAction","target":["https:\/\/www.oficinaempleo.com\/blog\/como-se-regula-el-empleo-publico-para-discapacitados\/"]}]},{"@type":"ImageObject","inLanguage":"es","@id":"https:\/\/www.oficinaempleo.com\/blog\/como-se-regula-el-empleo-publico-para-discapacitados\/#primaryimage","url":"https:\/\/www.oficinaempleo.com\/blog\/wp-content\/uploads\/2016\/08\/discapacitados.jpg","contentUrl":"https:\/\/www.oficinaempleo.com\/blog\/wp-content\/uploads\/2016\/08\/discapacitados.jpg","width":590,"height":315},{"@type":"BreadcrumbList","@id":"https:\/\/www.oficinaempleo.com\/blog\/como-se-regula-el-empleo-publico-para-discapacitados\/#breadcrumb","itemListElement":[{"@type":"ListItem","position":1,"name":"Home","item":"https:\/\/www.oficinaempleo.com\/blog\/"},{"@type":"ListItem","position":2,"name":"C\u00f3mo se regula el empleo p\u00fablico para discapacitados"}]},{"@type":"WebSite","@id":"https:\/\/www.oficinaempleo.com\/blog\/#website","url":"https:\/\/www.oficinaempleo.com\/blog\/","name":"Noticias y Consejos de Empleo | Blog OficinaEmpleo","description":"","publisher":{"@id":"https:\/\/www.oficinaempleo.com\/blog\/#organization"},"potentialAction":[{"@type":"SearchAction","target":{"@type":"EntryPoint","urlTemplate":"https:\/\/www.oficinaempleo.com\/blog\/?s={search_term_string}"},"query-input":{"@type":"PropertyValueSpecification","valueRequired":true,"valueName":"search_term_string"}}],"inLanguage":"es"},{"@type":"Organization","@id":"https:\/\/www.oficinaempleo.com\/blog\/#organization","name":"OficinaEmpleo","url":"https:\/\/www.oficinaempleo.com\/blog\/","logo":{"@type":"ImageObject","inLanguage":"es","@id":"https:\/\/www.oficinaempleo.com\/blog\/#\/schema\/logo\/image\/","url":"https:\/\/www.oficinaempleo.com\/blog\/wp-content\/uploads\/2018\/10\/logo_footer-1.jpg","contentUrl":"https:\/\/www.oficinaempleo.com\/blog\/wp-content\/uploads\/2018\/10\/logo_footer-1.jpg","width":478,"height":57,"caption":"OficinaEmpleo"},"image":{"@id":"https:\/\/www.oficinaempleo.com\/blog\/#\/schema\/logo\/image\/"},"sameAs":["https:\/\/x.com\/OficinaEmpleo"]},{"@type":"Person","@id":"https:\/\/www.oficinaempleo.com\/blog\/#\/schema\/person\/a7f3437f35bd6bd9ad19addae529a114","name":"OficinaEmpleo","image":{"@type":"ImageObject","inLanguage":"es","@id":"https:\/\/www.oficinaempleo.com\/blog\/#\/schema\/person\/image\/","url":"https:\/\/secure.gravatar.com\/avatar\/ea822afb14d7439ba3051d652cf8f548fe540f184ce16a2135fc22c9337bd72e?s=96&d=mm&r=g","contentUrl":"https:\/\/secure.gravatar.com\/avatar\/ea822afb14d7439ba3051d652cf8f548fe540f184ce16a2135fc22c9337bd72e?s=96&d=mm&r=g","caption":"OficinaEmpleo"},"description":"En OficinaEmpleo queremos ayudarte a conseguir trabajo. Por eso, adem\u00e1s de ofrecerte ofertas de empleo en nuestro portal, te ense\u00f1amos las novedades del sector, y consejos para mejorar tu perfil.","sameAs":["http:\/\/www.oficinaempleo.com\/","https:\/\/www.facebook.com\/OficinaEmpleo","https:\/\/x.com\/OficinaEmpleo"],"url":"https:\/\/www.oficinaempleo.com\/blog\/author\/empleo\/"}]}},"_links":{"self":[{"href":"https:\/\/www.oficinaempleo.com\/blog\/wp-json\/wp\/v2\/posts\/14200","targetHints":{"allow":["GET"]}}],"collection":[{"href":"https:\/\/www.oficinaempleo.com\/blog\/wp-json\/wp\/v2\/posts"}],"about":[{"href":"https:\/\/www.oficinaempleo.com\/blog\/wp-json\/wp\/v2\/types\/post"}],"author":[{"embeddable":true,"href":"https:\/\/www.oficinaempleo.com\/blog\/wp-json\/wp\/v2\/users\/2"}],"replies":[{"embeddable":true,"href":"https:\/\/www.oficinaempleo.com\/blog\/wp-json\/wp\/v2\/comments?post=14200"}],"version-history":[{"count":0,"href":"https:\/\/www.oficinaempleo.com\/blog\/wp-json\/wp\/v2\/posts\/14200\/revisions"}],"wp:featuredmedia":[{"embeddable":true,"href":"https:\/\/www.oficinaempleo.com\/blog\/wp-json\/wp\/v2\/media\/14201"}],"wp:attachment":[{"href":"https:\/\/www.oficinaempleo.com\/blog\/wp-json\/wp\/v2\/media?parent=14200"}],"wp:term":[{"taxonomy":"category","embeddable":true,"href":"https:\/\/www.oficinaempleo.com\/blog\/wp-json\/wp\/v2\/categories?post=14200"},{"taxonomy":"post_tag","embeddable":true,"href":"https:\/\/www.oficinaempleo.com\/blog\/wp-json\/wp\/v2\/tags?post=14200"}],"curies":[{"name":"wp","href":"https:\/\/api.w.org\/{rel}","templated":true}]}}