{"id":14234,"date":"2023-05-08T08:00:18","date_gmt":"2023-05-08T07:00:18","guid":{"rendered":"http:\/\/www.oficinaempleo.com\/blog\/?p=14234"},"modified":"2023-05-08T15:07:07","modified_gmt":"2023-05-08T14:07:07","slug":"que-es-mejor-vacaciones-largas-o-cortas","status":"publish","type":"post","link":"https:\/\/www.oficinaempleo.com\/blog\/que-es-mejor-vacaciones-largas-o-cortas\/","title":{"rendered":"\u00bfQu\u00e9 es mejor: vacaciones largas o cortas?"},"content":{"rendered":"<p><a href=\"http:\/\/www.oficinaempleo.com\/blog\/10-normas-laborales-sobre-las-vacaciones-que-debes-saber\/\" target=\"_blank\" rel=\"noopener\"><strong>\u00bfVacaciones largas o cortas?<\/strong><\/a> Si nos hiciesen esta pregunta y tuvi\u00e9ramos que responder inmediatamente, sin pensar, probablemente la mayor\u00eda de nosotros contestar\u00edamos lo mismo: \u201c\u00a1largas, largas!\u201d. Pero si nos dieran un poco m\u00e1s de tiempo para pensar, muchos cambiar\u00edan su respuesta y preferir\u00edan tener vacaciones cortas.<\/p>\n<p><img loading=\"lazy\" decoding=\"async\" class=\"alignnone size-full wp-image-14236\" src=\"http:\/\/www.oficinaempleo.com\/blog\/wp-content\/uploads\/2016\/08\/vacaciones-largas.jpg\" alt=\"vacaciones-largas\" width=\"590\" height=\"315\" srcset=\"https:\/\/www.oficinaempleo.com\/blog\/wp-content\/uploads\/2016\/08\/vacaciones-largas.jpg 590w, https:\/\/www.oficinaempleo.com\/blog\/wp-content\/uploads\/2016\/08\/vacaciones-largas-300x160.jpg 300w\" sizes=\"auto, (max-width: 590px) 100vw, 590px\" \/><\/p>\n<p>La pregunta en realidad tiene trampa porque parece que las vacaciones largas suponen m\u00e1s d\u00edas de descanso cuando en realidad no es as\u00ed, sino que se trata de elegir entre tener un \u00fanico per\u00edodo de vacaciones o tener varios per\u00edodos vacacionales m\u00e1s cortos. Si la pregunta fuera esa, <strong>la mayor\u00eda de nosotros tendr\u00eda claro que preferir\u00eda tener varios per\u00edodos de vacaciones<\/strong> antes que uno solo aunque fuese m\u00e1s largo.<\/p>\n<p>Seg\u00fan los expertos, <strong>es mejor disfrutar de varias vacaciones cortas que de un \u00fanico descanso largo<\/strong>. Incluso, hay estudios m\u00e9dicos que demuestran que <a href=\"http:\/\/www.elheraldo.co\/tendencias\/tres-vacaciones-cortas-mejor-que-unas-largas-232851\" target=\"_blank\" rel=\"noopener\"><strong>los trabajadores que dividen sus vacaciones en varias etapas padecen menos enfermedades<\/strong><\/a> que quienes disfrutan de una \u00fanica temporada de vacaciones al a\u00f1o.<\/p>\n<p>Lo cierto es que <strong>cada vez es m\u00e1s frecuente que los trabajadores repartan sus vacaciones en varios per\u00edodos<\/strong>, aunque a\u00fan hay muchas personas que cogen todas sus vacaciones del tir\u00f3n por necesidades de su trabajo, por coincidir m\u00e1s tiempo con su familia o simplemente porque lo prefieren as\u00ed para desconectar.<\/p>\n<p>Tener m\u00e1s tiempo para desconectar y descansar es, precisamente, una de las grandes ventajas de tener unas <strong>vacaciones largas<\/strong>, pero tambi\u00e9n hay que pensar en c\u00f3mo es la ya de por s\u00ed dura <strong>vuelta al trabajo<\/strong> despu\u00e9s de un mes y sabiendo que no tendr\u00e1s m\u00e1s vacaciones hasta el a\u00f1o siguiente m\u00e1s all\u00e1 de los d\u00edas festivos o los d\u00edas libres.<\/p>\n<p>Por eso\u00a0<strong>es mejor dividir siempre que sea posible las vacaciones en varios per\u00edodos<\/strong> con uno m\u00e1s largo -dos semanas, por ejemplo- para desconectar y otros m\u00e1s cortos -dos de una semana o uno de una semana m\u00e1s algunos d\u00edas libres que podamos juntar a un fin de semana o a un puente-. Otra cosa, claro est\u00e1, es que el <a href=\"http:\/\/www.oficinaempleo.com\/blog\/5-consejos-para-pedir-las-vacaciones-a-tu-jefe\/\" target=\"_blank\" rel=\"noopener\"><strong>jefe<\/strong><\/a> nos deje y podamos hacerlo\u2026<\/p>\n<p>\u00bfVuelta al trabajo que no te gusta? Prueba a cambiar de empresa. En Oficina Empleo tenemos cientos de procesos de selecci\u00f3n con los que empezar a <a href=\"https:\/\/www.oficinaempleo.com\/trabajos-en\/valencia\/hosteleria-turismo-17\/camarero-1702\" target=\"_blank\" rel=\"noopener\">trabajar de camarero en Valencia<\/a> o en cualquier otra regi\u00f3n. Si no te convence, prueba a echar un ojo al resto de <a href=\"https:\/\/www.oficinaempleo.com\/trabajar-en\/editorial-documentacion-traduccion-14\" target=\"_blank\" rel=\"noopener\">ofertas de trabajo en traducci\u00f3n<\/a> y muchos m\u00e1s sectores.<\/p>\n<div><strong>Encuentra trabajo en\u00a0Espa\u00f1a:<\/strong><\/div>\n<ul>\n<li><a href=\"https:\/\/www.oficinaempleo.com\/trabajos-en\/madrid\" data-saferedirecturl=\"https:\/\/jobs.oficinaempleo.com\/registro?origen=ORG-web&utm_source=OE&utm_medium=boton_registro&utm_content=homepage&utm_campaign=organic\" target=\"_blank\">Trabajos en Madrid<\/a><\/li>\n<li><a href=\"https:\/\/www.oficinaempleo.com\/trabajos-en\/barcelona\" data-saferedirecturl=\"https:\/\/jobs.oficinaempleo.com\/registro?origen=ORG-web&utm_source=OE&utm_medium=boton_registro&utm_content=homepage&utm_campaign=organic\" target=\"_blank\">Trabajos en Barcelona<\/a><\/li>\n<li><a href=\"https:\/\/www.oficinaempleo.com\/trabajos-en\/alicante\" data-saferedirecturl=\"https:\/\/jobs.oficinaempleo.com\/registro?origen=ORG-web&utm_source=OE&utm_medium=boton_registro&utm_content=homepage&utm_campaign=organic\" target=\"_blank\">Trabajos en Alicante<\/a><\/li>\n<li><a href=\"https:\/\/www.oficinaempleo.com\/trabajos-en\/santa-cruz-de-tenerife\" data-saferedirecturl=\"https:\/\/jobs.oficinaempleo.com\/registro?origen=ORG-web&utm_source=OE&utm_medium=boton_registro&utm_content=homepage&utm_campaign=organic\" target=\"_blank\">Trabajos en Santa Cruz de Tenerife<\/a><\/li>\n<li><a href=\"https:\/\/www.oficinaempleo.com\/trabajos-en\/sevilla\" data-saferedirecturl=\"https:\/\/jobs.oficinaempleo.com\/registro?origen=ORG-web&utm_source=OE&utm_medium=boton_registro&utm_content=homepage&utm_campaign=organic\" target=\"_blank\">Trabajos en Sevilla<\/a><\/li>\n<\/ul>\n","protected":false},"excerpt":{"rendered":"<p>Los expertos tienen claro cu\u00e1l de las dos opciones es m\u00e1s recomendable&#8230;<\/p>\n","protected":false},"author":2,"featured_media":14236,"comment_status":"open","ping_status":"open","sticky":false,"template":"","format":"standard","meta":{"footnotes":""},"categories":[691,12,1756,690,11,1],"tags":[1561,4125,1559,4123,4124],"class_list":["post-14234","post","type-post","status-publish","format-standard","has-post-thumbnail","hentry","category-actualidad-empleo","category-consejos-y-recursos","category-motivacion","category-psicologia-empleo","category-recursos-humanos","category-sin-categoria","tag-dias-de-vacaciones","tag-periodos-vacacionales","tag-vacaciones","tag-vacaciones-largas-o-vacaciones-cortas","tag-vuelta-al-trabajo","cat-691-id","cat-12-id","cat-1756-id","cat-690-id","cat-11-id","cat-1-id","has_thumb"],"yoast_head":"<!-- This site is optimized with the Yoast SEO plugin v27.1.1 - https:\/\/yoast.com\/product\/yoast-seo-wordpress\/ -->\n<title>\u00bfQu\u00e9 es mejor: vacaciones largas o cortas? - Oficina Empleo<\/title>\n<meta name=\"description\" content=\"Vuelves de Semana Santa, Puente de Mayo, vacaciones de verano y entrar en la rutina es muy dif\u00edcil pero... \u00bfQu\u00e9 es mejor?\" \/>\n<meta name=\"robots\" content=\"index, follow, max-snippet:-1, max-image-preview:large, max-video-preview:-1\" \/>\n<link rel=\"canonical\" href=\"https:\/\/www.oficinaempleo.com\/blog\/que-es-mejor-vacaciones-largas-o-cortas\/\" \/>\n<meta property=\"og:locale\" content=\"es_ES\" \/>\n<meta property=\"og:type\" content=\"article\" \/>\n<meta property=\"og:title\" content=\"\u00bfQu\u00e9 es mejor: vacaciones largas o cortas? - Oficina Empleo\" \/>\n<meta property=\"og:description\" content=\"Vuelves de Semana Santa, Puente de Mayo, vacaciones de verano y entrar en la rutina es muy dif\u00edcil pero... \u00bfQu\u00e9 es mejor?\" \/>\n<meta property=\"og:url\" content=\"https:\/\/www.oficinaempleo.com\/blog\/que-es-mejor-vacaciones-largas-o-cortas\/\" \/>\n<meta property=\"og:site_name\" content=\"Noticias y consejos de empleo | Blog OficinaEmpleo\" \/>\n<meta property=\"article:author\" content=\"https:\/\/www.facebook.com\/OficinaEmpleo\" \/>\n<meta property=\"article:published_time\" content=\"2023-05-08T07:00:18+00:00\" \/>\n<meta property=\"article:modified_time\" content=\"2023-05-08T14:07:07+00:00\" \/>\n<meta property=\"og:image\" content=\"https:\/\/www.oficinaempleo.com\/blog\/wp-content\/uploads\/2016\/08\/vacaciones-largas.jpg\" \/>\n\t<meta property=\"og:image:width\" content=\"590\" \/>\n\t<meta property=\"og:image:height\" content=\"315\" \/>\n\t<meta property=\"og:image:type\" content=\"image\/jpeg\" \/>\n<meta name=\"author\" content=\"OficinaEmpleo\" \/>\n<meta name=\"twitter:card\" content=\"summary_large_image\" \/>\n<meta name=\"twitter:creator\" content=\"@OficinaEmpleo\" \/>\n<meta name=\"twitter:site\" content=\"@OficinaEmpleo\" \/>\n<meta name=\"twitter:label1\" content=\"Written by\" \/>\n\t<meta name=\"twitter:data1\" content=\"OficinaEmpleo\" \/>\n\t<meta name=\"twitter:label2\" content=\"Est. reading time\" \/>\n\t<meta name=\"twitter:data2\" content=\"3 minutos\" \/>\n<script type=\"application\/ld+json\" class=\"yoast-schema-graph\">{\"@context\":\"https:\/\/schema.org\",\"@graph\":[{\"@type\":\"Article\",\"@id\":\"https:\/\/www.oficinaempleo.com\/blog\/que-es-mejor-vacaciones-largas-o-cortas\/#article\",\"isPartOf\":{\"@id\":\"https:\/\/www.oficinaempleo.com\/blog\/que-es-mejor-vacaciones-largas-o-cortas\/\"},\"author\":{\"name\":\"OficinaEmpleo\",\"@id\":\"https:\/\/www.oficinaempleo.com\/blog\/#\/schema\/person\/a7f3437f35bd6bd9ad19addae529a114\"},\"headline\":\"\u00bfQu\u00e9 es mejor: vacaciones largas o cortas?\",\"datePublished\":\"2023-05-08T07:00:18+00:00\",\"dateModified\":\"2023-05-08T14:07:07+00:00\",\"mainEntityOfPage\":{\"@id\":\"https:\/\/www.oficinaempleo.com\/blog\/que-es-mejor-vacaciones-largas-o-cortas\/\"},\"wordCount\":468,\"commentCount\":0,\"publisher\":{\"@id\":\"https:\/\/www.oficinaempleo.com\/blog\/#organization\"},\"image\":{\"@id\":\"https:\/\/www.oficinaempleo.com\/blog\/que-es-mejor-vacaciones-largas-o-cortas\/#primaryimage\"},\"thumbnailUrl\":\"https:\/\/www.oficinaempleo.com\/blog\/wp-content\/uploads\/2016\/08\/vacaciones-largas.jpg\",\"keywords\":[\"d\u00edas de vacaciones\",\"periodos vacacionales\",\"vacaciones\",\"vacaciones largas o vacaciones cortas\",\"vuelta al trabajo\"],\"articleSection\":[\"Actualidad\",\"Consejos y Recursos\",\"Motivaci\u00f3n\",\"Psicolog\u00eda\",\"Recursos humanos\"],\"inLanguage\":\"es\",\"potentialAction\":[{\"@type\":\"CommentAction\",\"name\":\"Comment\",\"target\":[\"https:\/\/www.oficinaempleo.com\/blog\/que-es-mejor-vacaciones-largas-o-cortas\/#respond\"]}]},{\"@type\":\"WebPage\",\"@id\":\"https:\/\/www.oficinaempleo.com\/blog\/que-es-mejor-vacaciones-largas-o-cortas\/\",\"url\":\"https:\/\/www.oficinaempleo.com\/blog\/que-es-mejor-vacaciones-largas-o-cortas\/\",\"name\":\"\u00bfQu\u00e9 es mejor: vacaciones largas o cortas? - Oficina Empleo\",\"isPartOf\":{\"@id\":\"https:\/\/www.oficinaempleo.com\/blog\/#website\"},\"primaryImageOfPage\":{\"@id\":\"https:\/\/www.oficinaempleo.com\/blog\/que-es-mejor-vacaciones-largas-o-cortas\/#primaryimage\"},\"image\":{\"@id\":\"https:\/\/www.oficinaempleo.com\/blog\/que-es-mejor-vacaciones-largas-o-cortas\/#primaryimage\"},\"thumbnailUrl\":\"https:\/\/www.oficinaempleo.com\/blog\/wp-content\/uploads\/2016\/08\/vacaciones-largas.jpg\",\"datePublished\":\"2023-05-08T07:00:18+00:00\",\"dateModified\":\"2023-05-08T14:07:07+00:00\",\"description\":\"Vuelves de Semana Santa, Puente de Mayo, vacaciones de verano y entrar en la rutina es muy dif\u00edcil pero... \u00bfQu\u00e9 es mejor?\",\"breadcrumb\":{\"@id\":\"https:\/\/www.oficinaempleo.com\/blog\/que-es-mejor-vacaciones-largas-o-cortas\/#breadcrumb\"},\"inLanguage\":\"es\",\"potentialAction\":[{\"@type\":\"ReadAction\",\"target\":[\"https:\/\/www.oficinaempleo.com\/blog\/que-es-mejor-vacaciones-largas-o-cortas\/\"]}]},{\"@type\":\"ImageObject\",\"inLanguage\":\"es\",\"@id\":\"https:\/\/www.oficinaempleo.com\/blog\/que-es-mejor-vacaciones-largas-o-cortas\/#primaryimage\",\"url\":\"https:\/\/www.oficinaempleo.com\/blog\/wp-content\/uploads\/2016\/08\/vacaciones-largas.jpg\",\"contentUrl\":\"https:\/\/www.oficinaempleo.com\/blog\/wp-content\/uploads\/2016\/08\/vacaciones-largas.jpg\",\"width\":590,\"height\":315},{\"@type\":\"BreadcrumbList\",\"@id\":\"https:\/\/www.oficinaempleo.com\/blog\/que-es-mejor-vacaciones-largas-o-cortas\/#breadcrumb\",\"itemListElement\":[{\"@type\":\"ListItem\",\"position\":1,\"name\":\"Home\",\"item\":\"https:\/\/www.oficinaempleo.com\/blog\/\"},{\"@type\":\"ListItem\",\"position\":2,\"name\":\"\u00bfQu\u00e9 es mejor: vacaciones largas o cortas?\"}]},{\"@type\":\"WebSite\",\"@id\":\"https:\/\/www.oficinaempleo.com\/blog\/#website\",\"url\":\"https:\/\/www.oficinaempleo.com\/blog\/\",\"name\":\"Noticias y Consejos de Empleo | Blog OficinaEmpleo\",\"description\":\"\",\"publisher\":{\"@id\":\"https:\/\/www.oficinaempleo.com\/blog\/#organization\"},\"potentialAction\":[{\"@type\":\"SearchAction\",\"target\":{\"@type\":\"EntryPoint\",\"urlTemplate\":\"https:\/\/www.oficinaempleo.com\/blog\/?s={search_term_string}\"},\"query-input\":{\"@type\":\"PropertyValueSpecification\",\"valueRequired\":true,\"valueName\":\"search_term_string\"}}],\"inLanguage\":\"es\"},{\"@type\":\"Organization\",\"@id\":\"https:\/\/www.oficinaempleo.com\/blog\/#organization\",\"name\":\"OficinaEmpleo\",\"url\":\"https:\/\/www.oficinaempleo.com\/blog\/\",\"logo\":{\"@type\":\"ImageObject\",\"inLanguage\":\"es\",\"@id\":\"https:\/\/www.oficinaempleo.com\/blog\/#\/schema\/logo\/image\/\",\"url\":\"https:\/\/www.oficinaempleo.com\/blog\/wp-content\/uploads\/2018\/10\/logo_footer-1.jpg\",\"contentUrl\":\"https:\/\/www.oficinaempleo.com\/blog\/wp-content\/uploads\/2018\/10\/logo_footer-1.jpg\",\"width\":478,\"height\":57,\"caption\":\"OficinaEmpleo\"},\"image\":{\"@id\":\"https:\/\/www.oficinaempleo.com\/blog\/#\/schema\/logo\/image\/\"},\"sameAs\":[\"https:\/\/x.com\/OficinaEmpleo\"]},{\"@type\":\"Person\",\"@id\":\"https:\/\/www.oficinaempleo.com\/blog\/#\/schema\/person\/a7f3437f35bd6bd9ad19addae529a114\",\"name\":\"OficinaEmpleo\",\"image\":{\"@type\":\"ImageObject\",\"inLanguage\":\"es\",\"@id\":\"https:\/\/www.oficinaempleo.com\/blog\/#\/schema\/person\/image\/\",\"url\":\"https:\/\/secure.gravatar.com\/avatar\/ea822afb14d7439ba3051d652cf8f548fe540f184ce16a2135fc22c9337bd72e?s=96&d=mm&r=g\",\"contentUrl\":\"https:\/\/secure.gravatar.com\/avatar\/ea822afb14d7439ba3051d652cf8f548fe540f184ce16a2135fc22c9337bd72e?s=96&d=mm&r=g\",\"caption\":\"OficinaEmpleo\"},\"description\":\"En OficinaEmpleo queremos ayudarte a conseguir trabajo. Por eso, adem\u00e1s de ofrecerte ofertas de empleo en nuestro portal, te ense\u00f1amos las novedades del sector, y consejos para mejorar tu perfil.\",\"sameAs\":[\"http:\/\/www.oficinaempleo.com\/\",\"https:\/\/www.facebook.com\/OficinaEmpleo\",\"https:\/\/x.com\/OficinaEmpleo\"],\"url\":\"https:\/\/www.oficinaempleo.com\/blog\/author\/empleo\/\"}]}<\/script>\n<!-- \/ Yoast SEO plugin. -->","yoast_head_json":{"title":"\u00bfQu\u00e9 es mejor: vacaciones largas o cortas? - Oficina Empleo","description":"Vuelves de Semana Santa, Puente de Mayo, vacaciones de verano y entrar en la rutina es muy dif\u00edcil pero... \u00bfQu\u00e9 es mejor?","robots":{"index":"index","follow":"follow","max-snippet":"max-snippet:-1","max-image-preview":"max-image-preview:large","max-video-preview":"max-video-preview:-1"},"canonical":"https:\/\/www.oficinaempleo.com\/blog\/que-es-mejor-vacaciones-largas-o-cortas\/","og_locale":"es_ES","og_type":"article","og_title":"\u00bfQu\u00e9 es mejor: vacaciones largas o cortas? - Oficina Empleo","og_description":"Vuelves de Semana Santa, Puente de Mayo, vacaciones de verano y entrar en la rutina es muy dif\u00edcil pero... \u00bfQu\u00e9 es mejor?","og_url":"https:\/\/www.oficinaempleo.com\/blog\/que-es-mejor-vacaciones-largas-o-cortas\/","og_site_name":"Noticias y consejos de empleo | Blog OficinaEmpleo","article_author":"https:\/\/www.facebook.com\/OficinaEmpleo","article_published_time":"2023-05-08T07:00:18+00:00","article_modified_time":"2023-05-08T14:07:07+00:00","og_image":[{"width":590,"height":315,"url":"https:\/\/www.oficinaempleo.com\/blog\/wp-content\/uploads\/2016\/08\/vacaciones-largas.jpg","type":"image\/jpeg"}],"author":"OficinaEmpleo","twitter_card":"summary_large_image","twitter_creator":"@OficinaEmpleo","twitter_site":"@OficinaEmpleo","twitter_misc":{"Written by":"OficinaEmpleo","Est. reading time":"3 minutos"},"schema":{"@context":"https:\/\/schema.org","@graph":[{"@type":"Article","@id":"https:\/\/www.oficinaempleo.com\/blog\/que-es-mejor-vacaciones-largas-o-cortas\/#article","isPartOf":{"@id":"https:\/\/www.oficinaempleo.com\/blog\/que-es-mejor-vacaciones-largas-o-cortas\/"},"author":{"name":"OficinaEmpleo","@id":"https:\/\/www.oficinaempleo.com\/blog\/#\/schema\/person\/a7f3437f35bd6bd9ad19addae529a114"},"headline":"\u00bfQu\u00e9 es mejor: vacaciones largas o cortas?","datePublished":"2023-05-08T07:00:18+00:00","dateModified":"2023-05-08T14:07:07+00:00","mainEntityOfPage":{"@id":"https:\/\/www.oficinaempleo.com\/blog\/que-es-mejor-vacaciones-largas-o-cortas\/"},"wordCount":468,"commentCount":0,"publisher":{"@id":"https:\/\/www.oficinaempleo.com\/blog\/#organization"},"image":{"@id":"https:\/\/www.oficinaempleo.com\/blog\/que-es-mejor-vacaciones-largas-o-cortas\/#primaryimage"},"thumbnailUrl":"https:\/\/www.oficinaempleo.com\/blog\/wp-content\/uploads\/2016\/08\/vacaciones-largas.jpg","keywords":["d\u00edas de vacaciones","periodos vacacionales","vacaciones","vacaciones largas o vacaciones cortas","vuelta al trabajo"],"articleSection":["Actualidad","Consejos y Recursos","Motivaci\u00f3n","Psicolog\u00eda","Recursos humanos"],"inLanguage":"es","potentialAction":[{"@type":"CommentAction","name":"Comment","target":["https:\/\/www.oficinaempleo.com\/blog\/que-es-mejor-vacaciones-largas-o-cortas\/#respond"]}]},{"@type":"WebPage","@id":"https:\/\/www.oficinaempleo.com\/blog\/que-es-mejor-vacaciones-largas-o-cortas\/","url":"https:\/\/www.oficinaempleo.com\/blog\/que-es-mejor-vacaciones-largas-o-cortas\/","name":"\u00bfQu\u00e9 es mejor: vacaciones largas o cortas? - Oficina Empleo","isPartOf":{"@id":"https:\/\/www.oficinaempleo.com\/blog\/#website"},"primaryImageOfPage":{"@id":"https:\/\/www.oficinaempleo.com\/blog\/que-es-mejor-vacaciones-largas-o-cortas\/#primaryimage"},"image":{"@id":"https:\/\/www.oficinaempleo.com\/blog\/que-es-mejor-vacaciones-largas-o-cortas\/#primaryimage"},"thumbnailUrl":"https:\/\/www.oficinaempleo.com\/blog\/wp-content\/uploads\/2016\/08\/vacaciones-largas.jpg","datePublished":"2023-05-08T07:00:18+00:00","dateModified":"2023-05-08T14:07:07+00:00","description":"Vuelves de Semana Santa, Puente de Mayo, vacaciones de verano y entrar en la rutina es muy dif\u00edcil pero... \u00bfQu\u00e9 es mejor?","breadcrumb":{"@id":"https:\/\/www.oficinaempleo.com\/blog\/que-es-mejor-vacaciones-largas-o-cortas\/#breadcrumb"},"inLanguage":"es","potentialAction":[{"@type":"ReadAction","target":["https:\/\/www.oficinaempleo.com\/blog\/que-es-mejor-vacaciones-largas-o-cortas\/"]}]},{"@type":"ImageObject","inLanguage":"es","@id":"https:\/\/www.oficinaempleo.com\/blog\/que-es-mejor-vacaciones-largas-o-cortas\/#primaryimage","url":"https:\/\/www.oficinaempleo.com\/blog\/wp-content\/uploads\/2016\/08\/vacaciones-largas.jpg","contentUrl":"https:\/\/www.oficinaempleo.com\/blog\/wp-content\/uploads\/2016\/08\/vacaciones-largas.jpg","width":590,"height":315},{"@type":"BreadcrumbList","@id":"https:\/\/www.oficinaempleo.com\/blog\/que-es-mejor-vacaciones-largas-o-cortas\/#breadcrumb","itemListElement":[{"@type":"ListItem","position":1,"name":"Home","item":"https:\/\/www.oficinaempleo.com\/blog\/"},{"@type":"ListItem","position":2,"name":"\u00bfQu\u00e9 es mejor: vacaciones largas o cortas?"}]},{"@type":"WebSite","@id":"https:\/\/www.oficinaempleo.com\/blog\/#website","url":"https:\/\/www.oficinaempleo.com\/blog\/","name":"Noticias y Consejos de Empleo | Blog OficinaEmpleo","description":"","publisher":{"@id":"https:\/\/www.oficinaempleo.com\/blog\/#organization"},"potentialAction":[{"@type":"SearchAction","target":{"@type":"EntryPoint","urlTemplate":"https:\/\/www.oficinaempleo.com\/blog\/?s={search_term_string}"},"query-input":{"@type":"PropertyValueSpecification","valueRequired":true,"valueName":"search_term_string"}}],"inLanguage":"es"},{"@type":"Organization","@id":"https:\/\/www.oficinaempleo.com\/blog\/#organization","name":"OficinaEmpleo","url":"https:\/\/www.oficinaempleo.com\/blog\/","logo":{"@type":"ImageObject","inLanguage":"es","@id":"https:\/\/www.oficinaempleo.com\/blog\/#\/schema\/logo\/image\/","url":"https:\/\/www.oficinaempleo.com\/blog\/wp-content\/uploads\/2018\/10\/logo_footer-1.jpg","contentUrl":"https:\/\/www.oficinaempleo.com\/blog\/wp-content\/uploads\/2018\/10\/logo_footer-1.jpg","width":478,"height":57,"caption":"OficinaEmpleo"},"image":{"@id":"https:\/\/www.oficinaempleo.com\/blog\/#\/schema\/logo\/image\/"},"sameAs":["https:\/\/x.com\/OficinaEmpleo"]},{"@type":"Person","@id":"https:\/\/www.oficinaempleo.com\/blog\/#\/schema\/person\/a7f3437f35bd6bd9ad19addae529a114","name":"OficinaEmpleo","image":{"@type":"ImageObject","inLanguage":"es","@id":"https:\/\/www.oficinaempleo.com\/blog\/#\/schema\/person\/image\/","url":"https:\/\/secure.gravatar.com\/avatar\/ea822afb14d7439ba3051d652cf8f548fe540f184ce16a2135fc22c9337bd72e?s=96&d=mm&r=g","contentUrl":"https:\/\/secure.gravatar.com\/avatar\/ea822afb14d7439ba3051d652cf8f548fe540f184ce16a2135fc22c9337bd72e?s=96&d=mm&r=g","caption":"OficinaEmpleo"},"description":"En OficinaEmpleo queremos ayudarte a conseguir trabajo. Por eso, adem\u00e1s de ofrecerte ofertas de empleo en nuestro portal, te ense\u00f1amos las novedades del sector, y consejos para mejorar tu perfil.","sameAs":["http:\/\/www.oficinaempleo.com\/","https:\/\/www.facebook.com\/OficinaEmpleo","https:\/\/x.com\/OficinaEmpleo"],"url":"https:\/\/www.oficinaempleo.com\/blog\/author\/empleo\/"}]}},"_links":{"self":[{"href":"https:\/\/www.oficinaempleo.com\/blog\/wp-json\/wp\/v2\/posts\/14234","targetHints":{"allow":["GET"]}}],"collection":[{"href":"https:\/\/www.oficinaempleo.com\/blog\/wp-json\/wp\/v2\/posts"}],"about":[{"href":"https:\/\/www.oficinaempleo.com\/blog\/wp-json\/wp\/v2\/types\/post"}],"author":[{"embeddable":true,"href":"https:\/\/www.oficinaempleo.com\/blog\/wp-json\/wp\/v2\/users\/2"}],"replies":[{"embeddable":true,"href":"https:\/\/www.oficinaempleo.com\/blog\/wp-json\/wp\/v2\/comments?post=14234"}],"version-history":[{"count":1,"href":"https:\/\/www.oficinaempleo.com\/blog\/wp-json\/wp\/v2\/posts\/14234\/revisions"}],"predecessor-version":[{"id":31626,"href":"https:\/\/www.oficinaempleo.com\/blog\/wp-json\/wp\/v2\/posts\/14234\/revisions\/31626"}],"wp:featuredmedia":[{"embeddable":true,"href":"https:\/\/www.oficinaempleo.com\/blog\/wp-json\/wp\/v2\/media\/14236"}],"wp:attachment":[{"href":"https:\/\/www.oficinaempleo.com\/blog\/wp-json\/wp\/v2\/media?parent=14234"}],"wp:term":[{"taxonomy":"category","embeddable":true,"href":"https:\/\/www.oficinaempleo.com\/blog\/wp-json\/wp\/v2\/categories?post=14234"},{"taxonomy":"post_tag","embeddable":true,"href":"https:\/\/www.oficinaempleo.com\/blog\/wp-json\/wp\/v2\/tags?post=14234"}],"curies":[{"name":"wp","href":"https:\/\/api.w.org\/{rel}","templated":true}]}}