{"id":15635,"date":"2016-10-24T18:18:00","date_gmt":"2016-10-24T16:18:00","guid":{"rendered":"http:\/\/www.oficinaempleo.com\/blog\/?p=15635"},"modified":"2016-10-24T18:22:54","modified_gmt":"2016-10-24T16:22:54","slug":"la-campana-navidad-generara-338-000-contratos","status":"publish","type":"post","link":"https:\/\/www.oficinaempleo.com\/blog\/la-campana-navidad-generara-338-000-contratos\/","title":{"rendered":"La campa\u00f1a de Navidad va a generar 338.000 contratos"},"content":{"rendered":"<div class=\"su-button-center\"><a href=\"https:\/\/jobs.oficinaempleo.com\/registro?origen=ORG-web&#038;utm_source=OE&#038;utm_medium=boton_registro&#038;utm_content=homepage&#038;utm_campaign=organic\" class=\"su-button su-button-style-flat\" style=\"color:#FFFFFF;background-color:#ec7d0c;border-color:#bd640a;border-radius:10px\" target=\"__blank\"><span style=\"color:#FFFFFF;padding:8px 26px;font-size:20px;line-height:30px;border-color:#f2a455;border-radius:10px;text-shadow:none\"><i class=\"sui sui-arrow-circle-right\" style=\"font-size:20px;color:#FFFFFF\"><\/i> Reg\u00edstrate gratis en OficinaEmpleo<\/span><\/a><\/div><div class=\"su-spacer\" style=\"height:30px\"><\/div>\n<p>Llega la Navidad y con ella el mayor regalo esperado por todos: el empleo. Como cada a\u00f1o el mercado laboral vuelve a movilizarse durante las fiestas navide\u00f1as tras el baj\u00f3n de despu\u00e9s del verano y este a\u00f1o lo har\u00e1 superando los resultados de otros a\u00f1os. Seg\u00fan prev\u00e9 <a href=\"http:\/\/www.randstad.es\/tendencias360\/infografia-prevision-contratacion-campania-navidad-2016-2017\" >la empresa de Recursos Humanos Randstad<\/a>,  esta podr\u00eda ser la mejor campa\u00f1a navide\u00f1a de los \u00faltimos tiempos y se podr\u00edan llegar a generar unos 338.000 nuevos contratos, lo que supondr\u00eda un 11,50% m\u00e1s que en la misma \u00e9poca del a\u00f1o pasado.<\/p>\n<div id=\"attachment_15637\" style=\"width: 600px\" class=\"wp-caption alignnone\"><img loading=\"lazy\" decoding=\"async\" aria-describedby=\"caption-attachment-15637\" class=\"wp-image-15637 size-full\" src=\"http:\/\/www.oficinaempleo.com\/blog\/wp-content\/uploads\/2016\/10\/La-Campa\u00f1a-de-Navidad-generar\u00e1-nuevos-empleos-iStock.jpg\" alt=\"La Campa\u00f1a de Navidad generar\u00e1 nuevos empleos (iStock)\" width=\"590\" height=\"315\" srcset=\"https:\/\/www.oficinaempleo.com\/blog\/wp-content\/uploads\/2016\/10\/La-Campa\u00f1a-de-Navidad-generar\u00e1-nuevos-empleos-iStock.jpg 590w, https:\/\/www.oficinaempleo.com\/blog\/wp-content\/uploads\/2016\/10\/La-Campa\u00f1a-de-Navidad-generar\u00e1-nuevos-empleos-iStock-300x160.jpg 300w\" sizes=\"auto, (max-width: 590px) 100vw, 590px\" \/><p id=\"caption-attachment-15637\" class=\"wp-caption-text\">La Campa\u00f1a de Navidad generar\u00e1 nuevos empleos (iStock)<\/p><\/div>\n<p>Son unas previsiones optimistas basadas en las perspectivas de crecimiento econ\u00f3mico as\u00ed como en\u00a0la evoluci\u00f3n ligeramente positiva del mercado laboral\u00a0desde el a\u00f1o 2014. Esto se traduce en el 2016 como cuarto a\u00f1o consecutivo de crecimiento en las contrataciones que alcnzar\u00eda un 68% desde 2012, a\u00f1o en el que fueron contratadas 201.335 personas.<\/p>\n<p><strong>Los sectores que m\u00e1s crecen<\/strong><\/p>\n<p>Durante la campa\u00f1a de Navidad los sectores que m\u00e1s demanda de empleo tienen son los relacionado con el sector servicios. Se prev\u00e9 un crecimiento en la\u00a0demanda de trabajadores ocasionales en\u00a0el comercio, la hosteler\u00eda, la log\u00edstica y el transporte. Todo ello como consecuencia de crecimiento en el consumo durante esas fechas. Los desplazamientos por motivos familiares y las compras navide\u00f1as har\u00e1n crecer este mercado que antes ocupaban j\u00f3venes y que, a ra\u00edz de la crisis, aprovechan los parados mayores de 45 a\u00f1os para reintegrarse en el mundo laboral.<\/p>\n<p><strong>Un crecimiento a nivel nacional<\/strong><\/p>\n<p>Desde Randstad, han distinguido el crecimiento del empleo durante la campa\u00f1a de navidad en cada comunidad aut\u00f3noma y el resultado es 100% optimista. Seg\u00fan parece, todas las comunidades aut\u00f3nomas registrar\u00edan un incremento de contrataciones este a\u00f1o. A la cabeza se encuentran Cantabria, Andaluc\u00eda y Arag\u00f3n que son las que m\u00e1s crecen desde el a\u00f1o pasado seguidas de cerca por las islas. Los incrementos m\u00e1s modestos se dan en La Rioja, Murcia y la Comunidad Valenciana con crecimientos previstos por debajo de la media espa\u00f1ola.<\/p>\n<p>Desde un punto de vista de volumen los n\u00facleos de mayor contrataci\u00f3n ser\u00e1n Catalu\u00f1a, con 60.050 contratos previstos y Madrid, con unos 50.100.<\/p>\n<p><strong>Perfiles\u00a0m\u00e1s buscados<\/strong><\/p>\n<p>Si est\u00e1s buscando trabajo, aprovecha esta oportunidad ya que, aunque generalmente se trata de contratos temporales, estos empleos pueden servir de puerta de entrada a una empresa en la que conseguir despu\u00e9s un contrato indefinido. Aunque pueda parecer desalentador, es una manera estupenda de darse a conocer como profesional y seguir haciendo contactos. Los perfiles profesionales m\u00e1s demandados durante las fiestas, <a href=\"http:\/\/www.elmundo.es\/economia\/2016\/10\/24\/5807a20ce2704e094f8b45ec.html\" >seg\u00fan publica El Mundo<\/a>, son promotores, dependientes, comerciales, manipuladores y conductores.<\/p>\n<div class=\"su-button-center\"><a href=\"https:\/\/jobs.oficinaempleo.com\/registro?origen=ORG-web&#038;utm_source=OE&#038;utm_medium=boton_registro&#038;utm_content=homepage&#038;utm_campaign=organic\" class=\"su-button su-button-style-flat\" style=\"color:#FFFFFF;background-color:#ec7d0c;border-color:#bd640a;border-radius:10px\" target=\"__blank\"><span style=\"color:#FFFFFF;padding:8px 26px;font-size:20px;line-height:30px;border-color:#f2a455;border-radius:10px;text-shadow:none\"><i class=\"sui sui-arrow-circle-right\" style=\"font-size:20px;color:#FFFFFF\"><\/i> Reg\u00edstrate gratis en OficinaEmpleo<\/span><\/a><\/div><div class=\"su-spacer\" style=\"height:30px\"><\/div>\n","protected":false},"excerpt":{"rendered":"<p>Llega la Navidad y con ella el mayor regalo esperado por todos: el empleo.<\/p>\n","protected":false},"author":10,"featured_media":15638,"comment_status":"open","ping_status":"open","sticky":false,"template":"","format":"standard","meta":{"footnotes":""},"categories":[3],"tags":[42,1095,24,533],"class_list":["post-15635","post","type-post","status-publish","format-standard","has-post-thumbnail","hentry","category-noticias-empleo","tag-busqueda-de-empleo","tag-empleados","tag-empleo","tag-espana","cat-3-id","has_thumb"],"yoast_head":"<!-- This site is optimized with the Yoast SEO plugin v27.1.1 - https:\/\/yoast.com\/product\/yoast-seo-wordpress\/ -->\n<title>La campa\u00f1a de Navidad va a generar 338.000 contratos - Blog OficinaEmpleo<\/title>\n<meta name=\"robots\" content=\"index, follow, max-snippet:-1, max-image-preview:large, max-video-preview:-1\" \/>\n<link rel=\"canonical\" href=\"https:\/\/www.oficinaempleo.com\/blog\/la-campana-navidad-generara-338-000-contratos\/\" \/>\n<meta property=\"og:locale\" content=\"es_ES\" \/>\n<meta property=\"og:type\" content=\"article\" \/>\n<meta property=\"og:title\" content=\"La campa\u00f1a de Navidad va a generar 338.000 contratos - Blog OficinaEmpleo\" \/>\n<meta property=\"og:description\" content=\"Llega la Navidad y con ella el mayor regalo esperado por todos: el empleo.\" \/>\n<meta property=\"og:url\" content=\"https:\/\/www.oficinaempleo.com\/blog\/la-campana-navidad-generara-338-000-contratos\/\" \/>\n<meta property=\"og:site_name\" content=\"Noticias y consejos de empleo | Blog OficinaEmpleo\" \/>\n<meta property=\"article:published_time\" content=\"2016-10-24T16:18:00+00:00\" \/>\n<meta property=\"article:modified_time\" content=\"2016-10-24T16:22:54+00:00\" \/>\n<meta property=\"og:image\" content=\"https:\/\/www.oficinaempleo.com\/blog\/wp-content\/uploads\/2016\/10\/La-Campa\u00f1a-de-Navidad-va-a-generar-nuevos-empleos-iStock.jpg\" \/>\n\t<meta property=\"og:image:width\" content=\"600\" \/>\n\t<meta property=\"og:image:height\" content=\"310\" \/>\n\t<meta property=\"og:image:type\" content=\"image\/jpeg\" \/>\n<meta name=\"author\" content=\"Irene Herrero Miguel\" \/>\n<meta name=\"twitter:card\" content=\"summary_large_image\" \/>\n<meta name=\"twitter:creator\" content=\"@OficinaEmpleo\" \/>\n<meta name=\"twitter:site\" content=\"@OficinaEmpleo\" \/>\n<meta name=\"twitter:label1\" content=\"Written by\" \/>\n\t<meta name=\"twitter:data1\" content=\"Irene Herrero Miguel\" \/>\n\t<meta name=\"twitter:label2\" content=\"Est. reading time\" \/>\n\t<meta name=\"twitter:data2\" content=\"3 minutos\" \/>\n<script type=\"application\/ld+json\" class=\"yoast-schema-graph\">{\"@context\":\"https:\/\/schema.org\",\"@graph\":[{\"@type\":\"Article\",\"@id\":\"https:\/\/www.oficinaempleo.com\/blog\/la-campana-navidad-generara-338-000-contratos\/#article\",\"isPartOf\":{\"@id\":\"https:\/\/www.oficinaempleo.com\/blog\/la-campana-navidad-generara-338-000-contratos\/\"},\"author\":{\"name\":\"Irene Herrero Miguel\",\"@id\":\"https:\/\/www.oficinaempleo.com\/blog\/#\/schema\/person\/786f7a0f7a61e8f755cd2b9a7cf2c83d\"},\"headline\":\"La campa\u00f1a de Navidad va a generar 338.000 contratos\",\"datePublished\":\"2016-10-24T16:18:00+00:00\",\"dateModified\":\"2016-10-24T16:22:54+00:00\",\"mainEntityOfPage\":{\"@id\":\"https:\/\/www.oficinaempleo.com\/blog\/la-campana-navidad-generara-338-000-contratos\/\"},\"wordCount\":552,\"commentCount\":118,\"publisher\":{\"@id\":\"https:\/\/www.oficinaempleo.com\/blog\/#organization\"},\"image\":{\"@id\":\"https:\/\/www.oficinaempleo.com\/blog\/la-campana-navidad-generara-338-000-contratos\/#primaryimage\"},\"thumbnailUrl\":\"https:\/\/www.oficinaempleo.com\/blog\/wp-content\/uploads\/2016\/10\/La-Campa\u00f1a-de-Navidad-va-a-generar-nuevos-empleos-iStock.jpg\",\"keywords\":[\"b\u00fasqueda de empleo\",\"empleados\",\"empleo\",\"Espa\u00f1a\"],\"articleSection\":[\"Noticias Empleo\"],\"inLanguage\":\"es\",\"potentialAction\":[{\"@type\":\"CommentAction\",\"name\":\"Comment\",\"target\":[\"https:\/\/www.oficinaempleo.com\/blog\/la-campana-navidad-generara-338-000-contratos\/#respond\"]}]},{\"@type\":\"WebPage\",\"@id\":\"https:\/\/www.oficinaempleo.com\/blog\/la-campana-navidad-generara-338-000-contratos\/\",\"url\":\"https:\/\/www.oficinaempleo.com\/blog\/la-campana-navidad-generara-338-000-contratos\/\",\"name\":\"La campa\u00f1a de Navidad va a generar 338.000 contratos - Blog OficinaEmpleo\",\"isPartOf\":{\"@id\":\"https:\/\/www.oficinaempleo.com\/blog\/#website\"},\"primaryImageOfPage\":{\"@id\":\"https:\/\/www.oficinaempleo.com\/blog\/la-campana-navidad-generara-338-000-contratos\/#primaryimage\"},\"image\":{\"@id\":\"https:\/\/www.oficinaempleo.com\/blog\/la-campana-navidad-generara-338-000-contratos\/#primaryimage\"},\"thumbnailUrl\":\"https:\/\/www.oficinaempleo.com\/blog\/wp-content\/uploads\/2016\/10\/La-Campa\u00f1a-de-Navidad-va-a-generar-nuevos-empleos-iStock.jpg\",\"datePublished\":\"2016-10-24T16:18:00+00:00\",\"dateModified\":\"2016-10-24T16:22:54+00:00\",\"breadcrumb\":{\"@id\":\"https:\/\/www.oficinaempleo.com\/blog\/la-campana-navidad-generara-338-000-contratos\/#breadcrumb\"},\"inLanguage\":\"es\",\"potentialAction\":[{\"@type\":\"ReadAction\",\"target\":[\"https:\/\/www.oficinaempleo.com\/blog\/la-campana-navidad-generara-338-000-contratos\/\"]}]},{\"@type\":\"ImageObject\",\"inLanguage\":\"es\",\"@id\":\"https:\/\/www.oficinaempleo.com\/blog\/la-campana-navidad-generara-338-000-contratos\/#primaryimage\",\"url\":\"https:\/\/www.oficinaempleo.com\/blog\/wp-content\/uploads\/2016\/10\/La-Campa\u00f1a-de-Navidad-va-a-generar-nuevos-empleos-iStock.jpg\",\"contentUrl\":\"https:\/\/www.oficinaempleo.com\/blog\/wp-content\/uploads\/2016\/10\/La-Campa\u00f1a-de-Navidad-va-a-generar-nuevos-empleos-iStock.jpg\",\"width\":600,\"height\":310,\"caption\":\"La Campa\u00f1a de Navidad va a generar nuevos empleos (iStock)\"},{\"@type\":\"BreadcrumbList\",\"@id\":\"https:\/\/www.oficinaempleo.com\/blog\/la-campana-navidad-generara-338-000-contratos\/#breadcrumb\",\"itemListElement\":[{\"@type\":\"ListItem\",\"position\":1,\"name\":\"Home\",\"item\":\"https:\/\/www.oficinaempleo.com\/blog\/\"},{\"@type\":\"ListItem\",\"position\":2,\"name\":\"La campa\u00f1a de Navidad va a generar 338.000 contratos\"}]},{\"@type\":\"WebSite\",\"@id\":\"https:\/\/www.oficinaempleo.com\/blog\/#website\",\"url\":\"https:\/\/www.oficinaempleo.com\/blog\/\",\"name\":\"Noticias y Consejos de Empleo | Blog OficinaEmpleo\",\"description\":\"\",\"publisher\":{\"@id\":\"https:\/\/www.oficinaempleo.com\/blog\/#organization\"},\"potentialAction\":[{\"@type\":\"SearchAction\",\"target\":{\"@type\":\"EntryPoint\",\"urlTemplate\":\"https:\/\/www.oficinaempleo.com\/blog\/?s={search_term_string}\"},\"query-input\":{\"@type\":\"PropertyValueSpecification\",\"valueRequired\":true,\"valueName\":\"search_term_string\"}}],\"inLanguage\":\"es\"},{\"@type\":\"Organization\",\"@id\":\"https:\/\/www.oficinaempleo.com\/blog\/#organization\",\"name\":\"OficinaEmpleo\",\"url\":\"https:\/\/www.oficinaempleo.com\/blog\/\",\"logo\":{\"@type\":\"ImageObject\",\"inLanguage\":\"es\",\"@id\":\"https:\/\/www.oficinaempleo.com\/blog\/#\/schema\/logo\/image\/\",\"url\":\"https:\/\/www.oficinaempleo.com\/blog\/wp-content\/uploads\/2018\/10\/logo_footer-1.jpg\",\"contentUrl\":\"https:\/\/www.oficinaempleo.com\/blog\/wp-content\/uploads\/2018\/10\/logo_footer-1.jpg\",\"width\":478,\"height\":57,\"caption\":\"OficinaEmpleo\"},\"image\":{\"@id\":\"https:\/\/www.oficinaempleo.com\/blog\/#\/schema\/logo\/image\/\"},\"sameAs\":[\"https:\/\/x.com\/OficinaEmpleo\"]},{\"@type\":\"Person\",\"@id\":\"https:\/\/www.oficinaempleo.com\/blog\/#\/schema\/person\/786f7a0f7a61e8f755cd2b9a7cf2c83d\",\"name\":\"Irene Herrero Miguel\",\"image\":{\"@type\":\"ImageObject\",\"inLanguage\":\"es\",\"@id\":\"https:\/\/www.oficinaempleo.com\/blog\/#\/schema\/person\/image\/\",\"url\":\"https:\/\/secure.gravatar.com\/avatar\/2bb5660c022a5f71a4ef8e98fc291b0ad1659583f6cee9c72c1cb8623a24c38a?s=96&d=mm&r=g\",\"contentUrl\":\"https:\/\/secure.gravatar.com\/avatar\/2bb5660c022a5f71a4ef8e98fc291b0ad1659583f6cee9c72c1cb8623a24c38a?s=96&d=mm&r=g\",\"caption\":\"Irene Herrero Miguel\"},\"url\":\"https:\/\/www.oficinaempleo.com\/blog\/author\/irene\/\"}]}<\/script>\n<!-- \/ Yoast SEO plugin. -->","yoast_head_json":{"title":"La campa\u00f1a de Navidad va a generar 338.000 contratos - Blog OficinaEmpleo","robots":{"index":"index","follow":"follow","max-snippet":"max-snippet:-1","max-image-preview":"max-image-preview:large","max-video-preview":"max-video-preview:-1"},"canonical":"https:\/\/www.oficinaempleo.com\/blog\/la-campana-navidad-generara-338-000-contratos\/","og_locale":"es_ES","og_type":"article","og_title":"La campa\u00f1a de Navidad va a generar 338.000 contratos - Blog OficinaEmpleo","og_description":"Llega la Navidad y con ella el mayor regalo esperado por todos: el empleo.","og_url":"https:\/\/www.oficinaempleo.com\/blog\/la-campana-navidad-generara-338-000-contratos\/","og_site_name":"Noticias y consejos de empleo | Blog OficinaEmpleo","article_published_time":"2016-10-24T16:18:00+00:00","article_modified_time":"2016-10-24T16:22:54+00:00","og_image":[{"width":600,"height":310,"url":"https:\/\/www.oficinaempleo.com\/blog\/wp-content\/uploads\/2016\/10\/La-Campa\u00f1a-de-Navidad-va-a-generar-nuevos-empleos-iStock.jpg","type":"image\/jpeg"}],"author":"Irene Herrero Miguel","twitter_card":"summary_large_image","twitter_creator":"@OficinaEmpleo","twitter_site":"@OficinaEmpleo","twitter_misc":{"Written by":"Irene Herrero Miguel","Est. reading time":"3 minutos"},"schema":{"@context":"https:\/\/schema.org","@graph":[{"@type":"Article","@id":"https:\/\/www.oficinaempleo.com\/blog\/la-campana-navidad-generara-338-000-contratos\/#article","isPartOf":{"@id":"https:\/\/www.oficinaempleo.com\/blog\/la-campana-navidad-generara-338-000-contratos\/"},"author":{"name":"Irene Herrero Miguel","@id":"https:\/\/www.oficinaempleo.com\/blog\/#\/schema\/person\/786f7a0f7a61e8f755cd2b9a7cf2c83d"},"headline":"La campa\u00f1a de Navidad va a generar 338.000 contratos","datePublished":"2016-10-24T16:18:00+00:00","dateModified":"2016-10-24T16:22:54+00:00","mainEntityOfPage":{"@id":"https:\/\/www.oficinaempleo.com\/blog\/la-campana-navidad-generara-338-000-contratos\/"},"wordCount":552,"commentCount":118,"publisher":{"@id":"https:\/\/www.oficinaempleo.com\/blog\/#organization"},"image":{"@id":"https:\/\/www.oficinaempleo.com\/blog\/la-campana-navidad-generara-338-000-contratos\/#primaryimage"},"thumbnailUrl":"https:\/\/www.oficinaempleo.com\/blog\/wp-content\/uploads\/2016\/10\/La-Campa\u00f1a-de-Navidad-va-a-generar-nuevos-empleos-iStock.jpg","keywords":["b\u00fasqueda de empleo","empleados","empleo","Espa\u00f1a"],"articleSection":["Noticias Empleo"],"inLanguage":"es","potentialAction":[{"@type":"CommentAction","name":"Comment","target":["https:\/\/www.oficinaempleo.com\/blog\/la-campana-navidad-generara-338-000-contratos\/#respond"]}]},{"@type":"WebPage","@id":"https:\/\/www.oficinaempleo.com\/blog\/la-campana-navidad-generara-338-000-contratos\/","url":"https:\/\/www.oficinaempleo.com\/blog\/la-campana-navidad-generara-338-000-contratos\/","name":"La campa\u00f1a de Navidad va a generar 338.000 contratos - Blog OficinaEmpleo","isPartOf":{"@id":"https:\/\/www.oficinaempleo.com\/blog\/#website"},"primaryImageOfPage":{"@id":"https:\/\/www.oficinaempleo.com\/blog\/la-campana-navidad-generara-338-000-contratos\/#primaryimage"},"image":{"@id":"https:\/\/www.oficinaempleo.com\/blog\/la-campana-navidad-generara-338-000-contratos\/#primaryimage"},"thumbnailUrl":"https:\/\/www.oficinaempleo.com\/blog\/wp-content\/uploads\/2016\/10\/La-Campa\u00f1a-de-Navidad-va-a-generar-nuevos-empleos-iStock.jpg","datePublished":"2016-10-24T16:18:00+00:00","dateModified":"2016-10-24T16:22:54+00:00","breadcrumb":{"@id":"https:\/\/www.oficinaempleo.com\/blog\/la-campana-navidad-generara-338-000-contratos\/#breadcrumb"},"inLanguage":"es","potentialAction":[{"@type":"ReadAction","target":["https:\/\/www.oficinaempleo.com\/blog\/la-campana-navidad-generara-338-000-contratos\/"]}]},{"@type":"ImageObject","inLanguage":"es","@id":"https:\/\/www.oficinaempleo.com\/blog\/la-campana-navidad-generara-338-000-contratos\/#primaryimage","url":"https:\/\/www.oficinaempleo.com\/blog\/wp-content\/uploads\/2016\/10\/La-Campa\u00f1a-de-Navidad-va-a-generar-nuevos-empleos-iStock.jpg","contentUrl":"https:\/\/www.oficinaempleo.com\/blog\/wp-content\/uploads\/2016\/10\/La-Campa\u00f1a-de-Navidad-va-a-generar-nuevos-empleos-iStock.jpg","width":600,"height":310,"caption":"La Campa\u00f1a de Navidad va a generar nuevos empleos (iStock)"},{"@type":"BreadcrumbList","@id":"https:\/\/www.oficinaempleo.com\/blog\/la-campana-navidad-generara-338-000-contratos\/#breadcrumb","itemListElement":[{"@type":"ListItem","position":1,"name":"Home","item":"https:\/\/www.oficinaempleo.com\/blog\/"},{"@type":"ListItem","position":2,"name":"La campa\u00f1a de Navidad va a generar 338.000 contratos"}]},{"@type":"WebSite","@id":"https:\/\/www.oficinaempleo.com\/blog\/#website","url":"https:\/\/www.oficinaempleo.com\/blog\/","name":"Noticias y Consejos de Empleo | Blog OficinaEmpleo","description":"","publisher":{"@id":"https:\/\/www.oficinaempleo.com\/blog\/#organization"},"potentialAction":[{"@type":"SearchAction","target":{"@type":"EntryPoint","urlTemplate":"https:\/\/www.oficinaempleo.com\/blog\/?s={search_term_string}"},"query-input":{"@type":"PropertyValueSpecification","valueRequired":true,"valueName":"search_term_string"}}],"inLanguage":"es"},{"@type":"Organization","@id":"https:\/\/www.oficinaempleo.com\/blog\/#organization","name":"OficinaEmpleo","url":"https:\/\/www.oficinaempleo.com\/blog\/","logo":{"@type":"ImageObject","inLanguage":"es","@id":"https:\/\/www.oficinaempleo.com\/blog\/#\/schema\/logo\/image\/","url":"https:\/\/www.oficinaempleo.com\/blog\/wp-content\/uploads\/2018\/10\/logo_footer-1.jpg","contentUrl":"https:\/\/www.oficinaempleo.com\/blog\/wp-content\/uploads\/2018\/10\/logo_footer-1.jpg","width":478,"height":57,"caption":"OficinaEmpleo"},"image":{"@id":"https:\/\/www.oficinaempleo.com\/blog\/#\/schema\/logo\/image\/"},"sameAs":["https:\/\/x.com\/OficinaEmpleo"]},{"@type":"Person","@id":"https:\/\/www.oficinaempleo.com\/blog\/#\/schema\/person\/786f7a0f7a61e8f755cd2b9a7cf2c83d","name":"Irene Herrero Miguel","image":{"@type":"ImageObject","inLanguage":"es","@id":"https:\/\/www.oficinaempleo.com\/blog\/#\/schema\/person\/image\/","url":"https:\/\/secure.gravatar.com\/avatar\/2bb5660c022a5f71a4ef8e98fc291b0ad1659583f6cee9c72c1cb8623a24c38a?s=96&d=mm&r=g","contentUrl":"https:\/\/secure.gravatar.com\/avatar\/2bb5660c022a5f71a4ef8e98fc291b0ad1659583f6cee9c72c1cb8623a24c38a?s=96&d=mm&r=g","caption":"Irene Herrero Miguel"},"url":"https:\/\/www.oficinaempleo.com\/blog\/author\/irene\/"}]}},"_links":{"self":[{"href":"https:\/\/www.oficinaempleo.com\/blog\/wp-json\/wp\/v2\/posts\/15635","targetHints":{"allow":["GET"]}}],"collection":[{"href":"https:\/\/www.oficinaempleo.com\/blog\/wp-json\/wp\/v2\/posts"}],"about":[{"href":"https:\/\/www.oficinaempleo.com\/blog\/wp-json\/wp\/v2\/types\/post"}],"author":[{"embeddable":true,"href":"https:\/\/www.oficinaempleo.com\/blog\/wp-json\/wp\/v2\/users\/10"}],"replies":[{"embeddable":true,"href":"https:\/\/www.oficinaempleo.com\/blog\/wp-json\/wp\/v2\/comments?post=15635"}],"version-history":[{"count":0,"href":"https:\/\/www.oficinaempleo.com\/blog\/wp-json\/wp\/v2\/posts\/15635\/revisions"}],"wp:featuredmedia":[{"embeddable":true,"href":"https:\/\/www.oficinaempleo.com\/blog\/wp-json\/wp\/v2\/media\/15638"}],"wp:attachment":[{"href":"https:\/\/www.oficinaempleo.com\/blog\/wp-json\/wp\/v2\/media?parent=15635"}],"wp:term":[{"taxonomy":"category","embeddable":true,"href":"https:\/\/www.oficinaempleo.com\/blog\/wp-json\/wp\/v2\/categories?post=15635"},{"taxonomy":"post_tag","embeddable":true,"href":"https:\/\/www.oficinaempleo.com\/blog\/wp-json\/wp\/v2\/tags?post=15635"}],"curies":[{"name":"wp","href":"https:\/\/api.w.org\/{rel}","templated":true}]}}