{"id":15842,"date":"2016-11-08T13:28:56","date_gmt":"2016-11-08T11:28:56","guid":{"rendered":"https:\/\/www.oficinaempleo.com\/blog\/?p=15842"},"modified":"2016-11-17T16:53:52","modified_gmt":"2016-11-17T14:53:52","slug":"rajoy-subira-impuestos-empresas-tabaco-combustible","status":"publish","type":"post","link":"https:\/\/www.oficinaempleo.com\/blog\/rajoy-subira-impuestos-empresas-tabaco-combustible\/","title":{"rendered":"Rajoy subir\u00e1 los impuestos a empresas, tabaco y combustible"},"content":{"rendered":"<div class=\"su-button-center\"><a href=\"https:\/\/jobs.oficinaempleo.com\/registro?origen=ORG-web&#038;utm_source=OE&#038;utm_medium=boton_registro&#038;utm_content=homepage&#038;utm_campaign=organic\" class=\"su-button su-button-style-flat\" style=\"color:#FFFFFF;background-color:#ec7d0c;border-color:#bd640a;border-radius:10px\" target=\"__blank\"><span style=\"color:#FFFFFF;padding:8px 26px;font-size:20px;line-height:30px;border-color:#f2a455;border-radius:10px;text-shadow:none\"><i class=\"sui sui-arrow-circle-right\" style=\"font-size:20px;color:#FFFFFF\"><\/i> Reg\u00edstrate gratis en OficinaEmpleo<\/span><\/a><\/div><div class=\"su-spacer\" style=\"height:30px\"><\/div>\nEn su discurso de investidura anunci\u00f3 que defender\u00eda la \u00abestabilidad econ\u00f3mica conseguida\u00bb y sus ministros se han puesto manos a la obra para reducir el inmenso objetivo de d\u00e9ficit p\u00fablico y cumplir con sus socios europeos.<\/p>\n<p><a href=\"https:\/\/www.oficinaempleo.com\/blog\/wp-content\/uploads\/2016\/11\/rajoy-impuestos.jpg\"><img loading=\"lazy\" decoding=\"async\" class=\"wp-image-15843 size-full aligncenter\" src=\"https:\/\/www.oficinaempleo.com\/blog\/wp-content\/uploads\/2016\/11\/rajoy-impuestos.jpg\" alt=\"rajoy-impuestos\" width=\"590\" height=\"315\" srcset=\"https:\/\/www.oficinaempleo.com\/blog\/wp-content\/uploads\/2016\/11\/rajoy-impuestos.jpg 590w, https:\/\/www.oficinaempleo.com\/blog\/wp-content\/uploads\/2016\/11\/rajoy-impuestos-300x160.jpg 300w\" sizes=\"auto, (max-width: 590px) 100vw, 590px\" \/><\/a><br \/>\nYa lo adelant\u00f3 el 29 de octubre:\u00a0lo primero en lo que se pondr\u00eda a trabajar su Ejecutivo ser\u00eda mantener a flote la econom\u00eda espa\u00f1ola y buscar una soluci\u00f3n al desaf\u00edo soberanista de Catalu\u00f1a. Fiel a su anuncio,  Rajoy est\u00e1 buscando una f\u00f3rmula econ\u00f3mica para cumplir su compromiso con Europa sin crear demasiado revuelo social.<\/p>\n<p>Hace unos meses, como Presidente en funciones, Mariano Rajoy asegur\u00f3 a la Comisi\u00f3n Europea que Espa\u00f1a cumplir\u00e1 con el objetivo de d\u00e9ficit de este a\u00f1o y que en 2017 se ver\u00eda reducido hasta el 3\u20196%. El problema ha llegado cuando Bruselas ha exigido minimizarlo hasta al 3\u20191%, o lo que es lo mismo, un recorte adicional de 5.000 millones de euros.<\/p>\n<p><strong>El tabaco y la gasolina, al alza<\/strong><\/p>\n<p>\u00bfY como va a afectar esta noticia al d\u00eda a d\u00eda de los ciudadanos? Con el aumento del precio de la gasolina y del tabaco. Desde la industria tabacalera era una noticia esperada ya\u00a0que a\u00fan queda cierto margen de incremento tributario sobre el tabaco.<\/p>\n<p>Por su parte, transportistas y las petroleras han visto como se confirmaban sus peores temores.\u00a0 El incremento de la preocupaci\u00f3n por el cambio clim\u00e1tico global, el abaratamiento del precio del petr\u00f3leo y el desfase respecto a Europa son factores que hac\u00edan prever un aumento del precio de la gasolina.<\/p>\n<p><a href=\"https:\/\/www.oficinaempleo.com\/blog\/wp-content\/uploads\/2016\/11\/gasolina-impuestos.jpg\"><img loading=\"lazy\" decoding=\"async\" class=\"wp-image-15844 size-full aligncenter\" src=\"https:\/\/www.oficinaempleo.com\/blog\/wp-content\/uploads\/2016\/11\/gasolina-impuestos.jpg\" alt=\"gasolina-impuestos\" width=\"590\" height=\"315\" srcset=\"https:\/\/www.oficinaempleo.com\/blog\/wp-content\/uploads\/2016\/11\/gasolina-impuestos.jpg 590w, https:\/\/www.oficinaempleo.com\/blog\/wp-content\/uploads\/2016\/11\/gasolina-impuestos-300x160.jpg 300w\" sizes=\"auto, (max-width: 590px) 100vw, 590px\" \/><\/a><\/p>\n<p>Si lo vemos desde el punto de vista pol\u00edtico, un aumento de impuestos a los combustibles con\u00a0un sentimiento medioambiental se ganar\u00eda al resto de partidos. Y es que formaciones como el PSOE apostaba por reformular el tributo de hidrocarburos a trav\u00e9s de la creaci\u00f3n de impuestos ecol\u00f3gicos o Podemos que defend\u00eda igualar el gravamen de la gasolina y el di\u00e9sel con el objetivo de desincentivar la compra de autom\u00f3viles di\u00e9sel, que contaminan m\u00e1s.<\/p>\n<p><strong>Las multinacionales no se libran<\/strong><\/p>\n<p>Pero las grandes compa\u00f1\u00edas no se van a escapar. La idea de Mariano Rajoy es reducir los beneficios tributarios a las grandes empresas y endurecer su estatus fiscal. Esta legislatura va a estar marcada por el dialogo y el consenso, por lo que aumentar las arcas p\u00fablicas gracias a las multinacionales ser\u00eda un gesto a gusto de PSOE y Ciudadanos seg\u00fan recoge <a href=\"http:\/\/cincodias.com\/cincodias\/2016\/11\/04\/economia\/1478280080_314017.html#?id_externo_promo=15112013-home-lomasvisto-modulo-001-cds\">Cinco D\u00edas<\/a>.<\/p>\n<div class=\"su-button-center\"><a href=\"https:\/\/jobs.oficinaempleo.com\/registro?origen=ORG-web&#038;utm_source=OE&#038;utm_medium=boton_registro&#038;utm_content=homepage&#038;utm_campaign=organic\" class=\"su-button su-button-style-flat\" style=\"color:#FFFFFF;background-color:#ec7d0c;border-color:#bd640a;border-radius:10px\" target=\"__blank\"><span style=\"color:#FFFFFF;padding:8px 26px;font-size:20px;line-height:30px;border-color:#f2a455;border-radius:10px;text-shadow:none\"><i class=\"sui sui-arrow-circle-right\" style=\"font-size:20px;color:#FFFFFF\"><\/i> Reg\u00edstrate gratis en OficinaEmpleo<\/span><\/a><\/div><div class=\"su-spacer\" style=\"height:30px\"><\/div>\n","protected":false},"excerpt":{"rendered":"<p>Espa\u00f1a debe cumplir sus compromisos con Europa en 2017 y el nuevo Ejecutivo ha encontrado la soluci\u00f3n.<\/p>\n","protected":false},"author":17,"featured_media":15843,"comment_status":"open","ping_status":"open","sticky":false,"template":"","format":"standard","meta":{"footnotes":""},"categories":[1],"tags":[456,533],"class_list":["post-15842","post","type-post","status-publish","format-standard","has-post-thumbnail","hentry","category-sin-categoria","tag-empresas","tag-espana","cat-1-id","has_thumb"],"yoast_head":"<!-- This site is optimized with the Yoast SEO plugin v27.1.1 - https:\/\/yoast.com\/product\/yoast-seo-wordpress\/ -->\n<title>Rajoy subir\u00e1 los impuestos a empresas, tabaco y combustible<\/title>\n<meta name=\"description\" content=\"Con su Ejecutivo en marcha, el Presidente ha puesto manos a la obra el mantenimiento de la estabilidad \u00bfCual es su soluci\u00f3n ante Europa? Aqu\u00ed te lo contamos\" \/>\n<meta name=\"robots\" content=\"index, follow, max-snippet:-1, max-image-preview:large, max-video-preview:-1\" \/>\n<link rel=\"canonical\" href=\"https:\/\/www.oficinaempleo.com\/blog\/rajoy-subira-impuestos-empresas-tabaco-combustible\/\" \/>\n<meta property=\"og:locale\" content=\"es_ES\" \/>\n<meta property=\"og:type\" content=\"article\" \/>\n<meta property=\"og:title\" content=\"Rajoy subir\u00e1 los impuestos a empresas, tabaco y combustible\" \/>\n<meta property=\"og:description\" content=\"Con su Ejecutivo en marcha, el Presidente ha puesto manos a la obra el mantenimiento de la estabilidad \u00bfCual es su soluci\u00f3n ante Europa? Aqu\u00ed te lo contamos\" \/>\n<meta property=\"og:url\" content=\"https:\/\/www.oficinaempleo.com\/blog\/rajoy-subira-impuestos-empresas-tabaco-combustible\/\" \/>\n<meta property=\"og:site_name\" content=\"Noticias y consejos de empleo | Blog OficinaEmpleo\" \/>\n<meta property=\"article:published_time\" content=\"2016-11-08T11:28:56+00:00\" \/>\n<meta property=\"article:modified_time\" content=\"2016-11-17T14:53:52+00:00\" \/>\n<meta property=\"og:image\" content=\"https:\/\/www.oficinaempleo.com\/blog\/wp-content\/uploads\/2016\/11\/rajoy-impuestos.jpg\" \/>\n\t<meta property=\"og:image:width\" content=\"590\" \/>\n\t<meta property=\"og:image:height\" content=\"315\" \/>\n\t<meta property=\"og:image:type\" content=\"image\/jpeg\" \/>\n<meta name=\"author\" content=\"Rodrigo Hernandez Ballesteros\" \/>\n<meta name=\"twitter:card\" content=\"summary_large_image\" \/>\n<meta name=\"twitter:creator\" content=\"@OficinaEmpleo\" \/>\n<meta name=\"twitter:site\" content=\"@OficinaEmpleo\" \/>\n<meta name=\"twitter:label1\" content=\"Written by\" \/>\n\t<meta name=\"twitter:data1\" content=\"Rodrigo Hernandez Ballesteros\" \/>\n\t<meta name=\"twitter:label2\" content=\"Est. reading time\" \/>\n\t<meta name=\"twitter:data2\" content=\"2 minutos\" \/>\n<script type=\"application\/ld+json\" class=\"yoast-schema-graph\">{\"@context\":\"https:\/\/schema.org\",\"@graph\":[{\"@type\":\"Article\",\"@id\":\"https:\/\/www.oficinaempleo.com\/blog\/rajoy-subira-impuestos-empresas-tabaco-combustible\/#article\",\"isPartOf\":{\"@id\":\"https:\/\/www.oficinaempleo.com\/blog\/rajoy-subira-impuestos-empresas-tabaco-combustible\/\"},\"author\":{\"name\":\"Rodrigo Hernandez Ballesteros\",\"@id\":\"https:\/\/www.oficinaempleo.com\/blog\/#\/schema\/person\/3bf44eadf268c282a0ed32038f8b6318\"},\"headline\":\"Rajoy subir\u00e1 los impuestos a empresas, tabaco y combustible\",\"datePublished\":\"2016-11-08T11:28:56+00:00\",\"dateModified\":\"2016-11-17T14:53:52+00:00\",\"mainEntityOfPage\":{\"@id\":\"https:\/\/www.oficinaempleo.com\/blog\/rajoy-subira-impuestos-empresas-tabaco-combustible\/\"},\"wordCount\":504,\"commentCount\":1,\"publisher\":{\"@id\":\"https:\/\/www.oficinaempleo.com\/blog\/#organization\"},\"image\":{\"@id\":\"https:\/\/www.oficinaempleo.com\/blog\/rajoy-subira-impuestos-empresas-tabaco-combustible\/#primaryimage\"},\"thumbnailUrl\":\"https:\/\/www.oficinaempleo.com\/blog\/wp-content\/uploads\/2016\/11\/rajoy-impuestos.jpg\",\"keywords\":[\"empresas\",\"Espa\u00f1a\"],\"inLanguage\":\"es\",\"potentialAction\":[{\"@type\":\"CommentAction\",\"name\":\"Comment\",\"target\":[\"https:\/\/www.oficinaempleo.com\/blog\/rajoy-subira-impuestos-empresas-tabaco-combustible\/#respond\"]}]},{\"@type\":\"WebPage\",\"@id\":\"https:\/\/www.oficinaempleo.com\/blog\/rajoy-subira-impuestos-empresas-tabaco-combustible\/\",\"url\":\"https:\/\/www.oficinaempleo.com\/blog\/rajoy-subira-impuestos-empresas-tabaco-combustible\/\",\"name\":\"Rajoy subir\u00e1 los impuestos a empresas, tabaco y combustible\",\"isPartOf\":{\"@id\":\"https:\/\/www.oficinaempleo.com\/blog\/#website\"},\"primaryImageOfPage\":{\"@id\":\"https:\/\/www.oficinaempleo.com\/blog\/rajoy-subira-impuestos-empresas-tabaco-combustible\/#primaryimage\"},\"image\":{\"@id\":\"https:\/\/www.oficinaempleo.com\/blog\/rajoy-subira-impuestos-empresas-tabaco-combustible\/#primaryimage\"},\"thumbnailUrl\":\"https:\/\/www.oficinaempleo.com\/blog\/wp-content\/uploads\/2016\/11\/rajoy-impuestos.jpg\",\"datePublished\":\"2016-11-08T11:28:56+00:00\",\"dateModified\":\"2016-11-17T14:53:52+00:00\",\"description\":\"Con su Ejecutivo en marcha, el Presidente ha puesto manos a la obra el mantenimiento de la estabilidad \u00bfCual es su soluci\u00f3n ante Europa? Aqu\u00ed te lo contamos\",\"breadcrumb\":{\"@id\":\"https:\/\/www.oficinaempleo.com\/blog\/rajoy-subira-impuestos-empresas-tabaco-combustible\/#breadcrumb\"},\"inLanguage\":\"es\",\"potentialAction\":[{\"@type\":\"ReadAction\",\"target\":[\"https:\/\/www.oficinaempleo.com\/blog\/rajoy-subira-impuestos-empresas-tabaco-combustible\/\"]}]},{\"@type\":\"ImageObject\",\"inLanguage\":\"es\",\"@id\":\"https:\/\/www.oficinaempleo.com\/blog\/rajoy-subira-impuestos-empresas-tabaco-combustible\/#primaryimage\",\"url\":\"https:\/\/www.oficinaempleo.com\/blog\/wp-content\/uploads\/2016\/11\/rajoy-impuestos.jpg\",\"contentUrl\":\"https:\/\/www.oficinaempleo.com\/blog\/wp-content\/uploads\/2016\/11\/rajoy-impuestos.jpg\",\"width\":590,\"height\":315},{\"@type\":\"BreadcrumbList\",\"@id\":\"https:\/\/www.oficinaempleo.com\/blog\/rajoy-subira-impuestos-empresas-tabaco-combustible\/#breadcrumb\",\"itemListElement\":[{\"@type\":\"ListItem\",\"position\":1,\"name\":\"Home\",\"item\":\"https:\/\/www.oficinaempleo.com\/blog\/\"},{\"@type\":\"ListItem\",\"position\":2,\"name\":\"Rajoy subir\u00e1 los impuestos a empresas, tabaco y combustible\"}]},{\"@type\":\"WebSite\",\"@id\":\"https:\/\/www.oficinaempleo.com\/blog\/#website\",\"url\":\"https:\/\/www.oficinaempleo.com\/blog\/\",\"name\":\"Noticias y Consejos de Empleo | Blog OficinaEmpleo\",\"description\":\"\",\"publisher\":{\"@id\":\"https:\/\/www.oficinaempleo.com\/blog\/#organization\"},\"potentialAction\":[{\"@type\":\"SearchAction\",\"target\":{\"@type\":\"EntryPoint\",\"urlTemplate\":\"https:\/\/www.oficinaempleo.com\/blog\/?s={search_term_string}\"},\"query-input\":{\"@type\":\"PropertyValueSpecification\",\"valueRequired\":true,\"valueName\":\"search_term_string\"}}],\"inLanguage\":\"es\"},{\"@type\":\"Organization\",\"@id\":\"https:\/\/www.oficinaempleo.com\/blog\/#organization\",\"name\":\"OficinaEmpleo\",\"url\":\"https:\/\/www.oficinaempleo.com\/blog\/\",\"logo\":{\"@type\":\"ImageObject\",\"inLanguage\":\"es\",\"@id\":\"https:\/\/www.oficinaempleo.com\/blog\/#\/schema\/logo\/image\/\",\"url\":\"https:\/\/www.oficinaempleo.com\/blog\/wp-content\/uploads\/2018\/10\/logo_footer-1.jpg\",\"contentUrl\":\"https:\/\/www.oficinaempleo.com\/blog\/wp-content\/uploads\/2018\/10\/logo_footer-1.jpg\",\"width\":478,\"height\":57,\"caption\":\"OficinaEmpleo\"},\"image\":{\"@id\":\"https:\/\/www.oficinaempleo.com\/blog\/#\/schema\/logo\/image\/\"},\"sameAs\":[\"https:\/\/x.com\/OficinaEmpleo\"]},{\"@type\":\"Person\",\"@id\":\"https:\/\/www.oficinaempleo.com\/blog\/#\/schema\/person\/3bf44eadf268c282a0ed32038f8b6318\",\"name\":\"Rodrigo Hernandez Ballesteros\",\"image\":{\"@type\":\"ImageObject\",\"inLanguage\":\"es\",\"@id\":\"https:\/\/www.oficinaempleo.com\/blog\/#\/schema\/person\/image\/\",\"url\":\"https:\/\/secure.gravatar.com\/avatar\/88379bc026cd114c7b1b9f1c6ff0ff8ab9b1013a10c48d30ac943f07f5a82ccf?s=96&d=mm&r=g\",\"contentUrl\":\"https:\/\/secure.gravatar.com\/avatar\/88379bc026cd114c7b1b9f1c6ff0ff8ab9b1013a10c48d30ac943f07f5a82ccf?s=96&d=mm&r=g\",\"caption\":\"Rodrigo Hernandez Ballesteros\"},\"url\":\"https:\/\/www.oficinaempleo.com\/blog\/author\/rodrigo\/\"}]}<\/script>\n<!-- \/ Yoast SEO plugin. -->","yoast_head_json":{"title":"Rajoy subir\u00e1 los impuestos a empresas, tabaco y combustible","description":"Con su Ejecutivo en marcha, el Presidente ha puesto manos a la obra el mantenimiento de la estabilidad \u00bfCual es su soluci\u00f3n ante Europa? Aqu\u00ed te lo contamos","robots":{"index":"index","follow":"follow","max-snippet":"max-snippet:-1","max-image-preview":"max-image-preview:large","max-video-preview":"max-video-preview:-1"},"canonical":"https:\/\/www.oficinaempleo.com\/blog\/rajoy-subira-impuestos-empresas-tabaco-combustible\/","og_locale":"es_ES","og_type":"article","og_title":"Rajoy subir\u00e1 los impuestos a empresas, tabaco y combustible","og_description":"Con su Ejecutivo en marcha, el Presidente ha puesto manos a la obra el mantenimiento de la estabilidad \u00bfCual es su soluci\u00f3n ante Europa? Aqu\u00ed te lo contamos","og_url":"https:\/\/www.oficinaempleo.com\/blog\/rajoy-subira-impuestos-empresas-tabaco-combustible\/","og_site_name":"Noticias y consejos de empleo | Blog OficinaEmpleo","article_published_time":"2016-11-08T11:28:56+00:00","article_modified_time":"2016-11-17T14:53:52+00:00","og_image":[{"width":590,"height":315,"url":"https:\/\/www.oficinaempleo.com\/blog\/wp-content\/uploads\/2016\/11\/rajoy-impuestos.jpg","type":"image\/jpeg"}],"author":"Rodrigo Hernandez Ballesteros","twitter_card":"summary_large_image","twitter_creator":"@OficinaEmpleo","twitter_site":"@OficinaEmpleo","twitter_misc":{"Written by":"Rodrigo Hernandez Ballesteros","Est. reading time":"2 minutos"},"schema":{"@context":"https:\/\/schema.org","@graph":[{"@type":"Article","@id":"https:\/\/www.oficinaempleo.com\/blog\/rajoy-subira-impuestos-empresas-tabaco-combustible\/#article","isPartOf":{"@id":"https:\/\/www.oficinaempleo.com\/blog\/rajoy-subira-impuestos-empresas-tabaco-combustible\/"},"author":{"name":"Rodrigo Hernandez Ballesteros","@id":"https:\/\/www.oficinaempleo.com\/blog\/#\/schema\/person\/3bf44eadf268c282a0ed32038f8b6318"},"headline":"Rajoy subir\u00e1 los impuestos a empresas, tabaco y combustible","datePublished":"2016-11-08T11:28:56+00:00","dateModified":"2016-11-17T14:53:52+00:00","mainEntityOfPage":{"@id":"https:\/\/www.oficinaempleo.com\/blog\/rajoy-subira-impuestos-empresas-tabaco-combustible\/"},"wordCount":504,"commentCount":1,"publisher":{"@id":"https:\/\/www.oficinaempleo.com\/blog\/#organization"},"image":{"@id":"https:\/\/www.oficinaempleo.com\/blog\/rajoy-subira-impuestos-empresas-tabaco-combustible\/#primaryimage"},"thumbnailUrl":"https:\/\/www.oficinaempleo.com\/blog\/wp-content\/uploads\/2016\/11\/rajoy-impuestos.jpg","keywords":["empresas","Espa\u00f1a"],"inLanguage":"es","potentialAction":[{"@type":"CommentAction","name":"Comment","target":["https:\/\/www.oficinaempleo.com\/blog\/rajoy-subira-impuestos-empresas-tabaco-combustible\/#respond"]}]},{"@type":"WebPage","@id":"https:\/\/www.oficinaempleo.com\/blog\/rajoy-subira-impuestos-empresas-tabaco-combustible\/","url":"https:\/\/www.oficinaempleo.com\/blog\/rajoy-subira-impuestos-empresas-tabaco-combustible\/","name":"Rajoy subir\u00e1 los impuestos a empresas, tabaco y combustible","isPartOf":{"@id":"https:\/\/www.oficinaempleo.com\/blog\/#website"},"primaryImageOfPage":{"@id":"https:\/\/www.oficinaempleo.com\/blog\/rajoy-subira-impuestos-empresas-tabaco-combustible\/#primaryimage"},"image":{"@id":"https:\/\/www.oficinaempleo.com\/blog\/rajoy-subira-impuestos-empresas-tabaco-combustible\/#primaryimage"},"thumbnailUrl":"https:\/\/www.oficinaempleo.com\/blog\/wp-content\/uploads\/2016\/11\/rajoy-impuestos.jpg","datePublished":"2016-11-08T11:28:56+00:00","dateModified":"2016-11-17T14:53:52+00:00","description":"Con su Ejecutivo en marcha, el Presidente ha puesto manos a la obra el mantenimiento de la estabilidad \u00bfCual es su soluci\u00f3n ante Europa? Aqu\u00ed te lo contamos","breadcrumb":{"@id":"https:\/\/www.oficinaempleo.com\/blog\/rajoy-subira-impuestos-empresas-tabaco-combustible\/#breadcrumb"},"inLanguage":"es","potentialAction":[{"@type":"ReadAction","target":["https:\/\/www.oficinaempleo.com\/blog\/rajoy-subira-impuestos-empresas-tabaco-combustible\/"]}]},{"@type":"ImageObject","inLanguage":"es","@id":"https:\/\/www.oficinaempleo.com\/blog\/rajoy-subira-impuestos-empresas-tabaco-combustible\/#primaryimage","url":"https:\/\/www.oficinaempleo.com\/blog\/wp-content\/uploads\/2016\/11\/rajoy-impuestos.jpg","contentUrl":"https:\/\/www.oficinaempleo.com\/blog\/wp-content\/uploads\/2016\/11\/rajoy-impuestos.jpg","width":590,"height":315},{"@type":"BreadcrumbList","@id":"https:\/\/www.oficinaempleo.com\/blog\/rajoy-subira-impuestos-empresas-tabaco-combustible\/#breadcrumb","itemListElement":[{"@type":"ListItem","position":1,"name":"Home","item":"https:\/\/www.oficinaempleo.com\/blog\/"},{"@type":"ListItem","position":2,"name":"Rajoy subir\u00e1 los impuestos a empresas, tabaco y combustible"}]},{"@type":"WebSite","@id":"https:\/\/www.oficinaempleo.com\/blog\/#website","url":"https:\/\/www.oficinaempleo.com\/blog\/","name":"Noticias y Consejos de Empleo | Blog OficinaEmpleo","description":"","publisher":{"@id":"https:\/\/www.oficinaempleo.com\/blog\/#organization"},"potentialAction":[{"@type":"SearchAction","target":{"@type":"EntryPoint","urlTemplate":"https:\/\/www.oficinaempleo.com\/blog\/?s={search_term_string}"},"query-input":{"@type":"PropertyValueSpecification","valueRequired":true,"valueName":"search_term_string"}}],"inLanguage":"es"},{"@type":"Organization","@id":"https:\/\/www.oficinaempleo.com\/blog\/#organization","name":"OficinaEmpleo","url":"https:\/\/www.oficinaempleo.com\/blog\/","logo":{"@type":"ImageObject","inLanguage":"es","@id":"https:\/\/www.oficinaempleo.com\/blog\/#\/schema\/logo\/image\/","url":"https:\/\/www.oficinaempleo.com\/blog\/wp-content\/uploads\/2018\/10\/logo_footer-1.jpg","contentUrl":"https:\/\/www.oficinaempleo.com\/blog\/wp-content\/uploads\/2018\/10\/logo_footer-1.jpg","width":478,"height":57,"caption":"OficinaEmpleo"},"image":{"@id":"https:\/\/www.oficinaempleo.com\/blog\/#\/schema\/logo\/image\/"},"sameAs":["https:\/\/x.com\/OficinaEmpleo"]},{"@type":"Person","@id":"https:\/\/www.oficinaempleo.com\/blog\/#\/schema\/person\/3bf44eadf268c282a0ed32038f8b6318","name":"Rodrigo Hernandez Ballesteros","image":{"@type":"ImageObject","inLanguage":"es","@id":"https:\/\/www.oficinaempleo.com\/blog\/#\/schema\/person\/image\/","url":"https:\/\/secure.gravatar.com\/avatar\/88379bc026cd114c7b1b9f1c6ff0ff8ab9b1013a10c48d30ac943f07f5a82ccf?s=96&d=mm&r=g","contentUrl":"https:\/\/secure.gravatar.com\/avatar\/88379bc026cd114c7b1b9f1c6ff0ff8ab9b1013a10c48d30ac943f07f5a82ccf?s=96&d=mm&r=g","caption":"Rodrigo Hernandez Ballesteros"},"url":"https:\/\/www.oficinaempleo.com\/blog\/author\/rodrigo\/"}]}},"_links":{"self":[{"href":"https:\/\/www.oficinaempleo.com\/blog\/wp-json\/wp\/v2\/posts\/15842","targetHints":{"allow":["GET"]}}],"collection":[{"href":"https:\/\/www.oficinaempleo.com\/blog\/wp-json\/wp\/v2\/posts"}],"about":[{"href":"https:\/\/www.oficinaempleo.com\/blog\/wp-json\/wp\/v2\/types\/post"}],"author":[{"embeddable":true,"href":"https:\/\/www.oficinaempleo.com\/blog\/wp-json\/wp\/v2\/users\/17"}],"replies":[{"embeddable":true,"href":"https:\/\/www.oficinaempleo.com\/blog\/wp-json\/wp\/v2\/comments?post=15842"}],"version-history":[{"count":0,"href":"https:\/\/www.oficinaempleo.com\/blog\/wp-json\/wp\/v2\/posts\/15842\/revisions"}],"wp:featuredmedia":[{"embeddable":true,"href":"https:\/\/www.oficinaempleo.com\/blog\/wp-json\/wp\/v2\/media\/15843"}],"wp:attachment":[{"href":"https:\/\/www.oficinaempleo.com\/blog\/wp-json\/wp\/v2\/media?parent=15842"}],"wp:term":[{"taxonomy":"category","embeddable":true,"href":"https:\/\/www.oficinaempleo.com\/blog\/wp-json\/wp\/v2\/categories?post=15842"},{"taxonomy":"post_tag","embeddable":true,"href":"https:\/\/www.oficinaempleo.com\/blog\/wp-json\/wp\/v2\/tags?post=15842"}],"curies":[{"name":"wp","href":"https:\/\/api.w.org\/{rel}","templated":true}]}}