{"id":16158,"date":"2016-11-22T12:33:10","date_gmt":"2016-11-22T10:33:10","guid":{"rendered":"https:\/\/www.oficinaempleo.com\/blog\/?p=16158"},"modified":"2016-11-22T12:33:10","modified_gmt":"2016-11-22T10:33:10","slug":"justicia-prestacion-maternidad-exenta-irpf","status":"publish","type":"post","link":"https:\/\/www.oficinaempleo.com\/blog\/justicia-prestacion-maternidad-exenta-irpf\/","title":{"rendered":"La justicia declara que la prestaci\u00f3n por maternidad est\u00e1 exenta del IRPF"},"content":{"rendered":"<div class=\"su-button-center\"><a href=\"https:\/\/jobs.oficinaempleo.com\/registro?origen=ORG-web&#038;utm_source=OE&#038;utm_medium=boton_registro&#038;utm_content=homepage&#038;utm_campaign=organic\" class=\"su-button su-button-style-flat\" style=\"color:#FFFFFF;background-color:#ec7d0c;border-color:#bd640a;border-radius:10px\" target=\"__blank\"><span style=\"color:#FFFFFF;padding:8px 26px;font-size:20px;line-height:30px;border-color:#f2a455;border-radius:10px;text-shadow:none\"><i class=\"sui sui-arrow-circle-right\" style=\"font-size:20px;color:#FFFFFF\"><\/i> Reg\u00edstrate gratis en OficinaEmpleo<\/span><\/a><\/div><div class=\"su-spacer\" style=\"height:30px\"><\/div>Imag\u00ednese que acaba de tener un hijo y est\u00e1 disfrutando de su <a href=\"https:\/\/www.oficinaempleo.com\/blog\/pros-y-contras-de-pedir-una-baja-por-maternidad\/\">baja por maternidad<\/a>. Por ley, la Seguridad Social le debe entregar en un \u00fanico pago el salario de las 16 semanas que le corresponde por su <strong>baja de maternidad<\/strong>. Si hasta hace una semana deb\u00eda devolver a Hacienda parte de la prestaci\u00f3n, puede que en su pr\u00f3xima declaraci\u00f3n de la Renta no deba incluirla.<\/p>\n<p><a href=\"https:\/\/www.oficinaempleo.com\/blog\/wp-content\/uploads\/2016\/11\/embarazada.jpg\"><img loading=\"lazy\" decoding=\"async\" class=\"wp-image-16159 aligncenter\" src=\"https:\/\/www.oficinaempleo.com\/blog\/wp-content\/uploads\/2016\/11\/embarazada-300x155.jpg\" alt=\"La justicia declara que la prestaci\u00f3n por maternidad est\u00e1 exenta del IRPF\" width=\"590\" height=\"305\" srcset=\"https:\/\/www.oficinaempleo.com\/blog\/wp-content\/uploads\/2016\/11\/embarazada-300x155.jpg 300w, https:\/\/www.oficinaempleo.com\/blog\/wp-content\/uploads\/2016\/11\/embarazada-290x150.jpg 290w, https:\/\/www.oficinaempleo.com\/blog\/wp-content\/uploads\/2016\/11\/embarazada.jpg 600w\" sizes=\"auto, (max-width: 590px) 100vw, 590px\" \/><\/a><\/p>\n<p>\u00bfEl motivo? Seg\u00fan ha salido a la luz, el Tribunal Superior de Justicia de Madrid acaba de dar la raz\u00f3n a una madre que ped\u00eda que dicha <strong>retribuci\u00f3n<\/strong> no se viese afectada por el IRPF. Gracias a esta sentencia la mujer acaba de recuperar 3.135\u20ac de la prestaci\u00f3n, de los 11.679 euros totales, que se vi\u00f3 obligada a abonar a Hacienda. El dictamen del fiscal tambi\u00e9n ampara el <a href=\"http:\/\/www.seg-social.es\/Internet_1\/Trabajadores\/PrestacionesPension10935\/Paternidad\/index.htm\">permiso de paternidad<\/a>, que dura tan s\u00f3lo quince d\u00edas.<\/p>\n<p>Esta sentencia contradice el criterio de <strong>Hacienda<\/strong>, quien dictamina que esta cuant\u00eda es un rendimiento del trabajo, y por tanto, debe contribuir a las arcas p\u00fablicas. El dictamen del TSJM no sienta jurisprudencia ni obliga a Hacienda a modificar su criterio sobre este tipo de ayudas, pero abre la puerta a que aquellos que hayan recibido la prestaci\u00f3n desde 2012 puedan reclamar el abono de los impuestos pagados de m\u00e1s.<\/p>\n<p>Ante la posibilidad que abre este caso, los expertos recomiendan que los afectados paguen el importe correspondiente pero que, acto seguido, soliciten una reclamaci\u00f3n a Hacienda para la devoluci\u00f3n de dicho importe. S\u00f3lo cuando le fuese denegada la devoluci\u00f3n usted podr\u00eda iniciar la v\u00eda administrativa o judicial.<\/p>\n<p>De iniciarse esta corriente, el Ministerio de Hacienda se ver\u00eda obligado a devolver 1.300 millones de euros que ir\u00edan a parar al bolsillo de m\u00e1s de un mill\u00f3n de espa\u00f1oles. La <strong>Seguridad Social<\/strong> destina cada a\u00f1o m\u00e1s de 1.500 millones de euros de los cuales Hacienda ingresa v\u00eda IRPF algo m\u00e1s de 250 millones.<\/p>\n<div class=\"su-button-center\"><a href=\"https:\/\/jobs.oficinaempleo.com\/registro?origen=ORG-web&#038;utm_source=OE&#038;utm_medium=boton_registro&#038;utm_content=homepage&#038;utm_campaign=organic\" class=\"su-button su-button-style-flat\" style=\"color:#FFFFFF;background-color:#ec7d0c;border-color:#bd640a;border-radius:10px\" target=\"__blank\"><span style=\"color:#FFFFFF;padding:8px 26px;font-size:20px;line-height:30px;border-color:#f2a455;border-radius:10px;text-shadow:none\"><i class=\"sui sui-arrow-circle-right\" style=\"font-size:20px;color:#FFFFFF\"><\/i> Reg\u00edstrate gratis en OficinaEmpleo<\/span><\/a><\/div><div class=\"su-spacer\" style=\"height:30px\"><\/div>\n","protected":false},"excerpt":{"rendered":"<p>El Tribunal Superior de Justicia de Madrid acaba de fallar a favor de una madre que reclamaba la devoluci\u00f3n pagada v\u00eda IRPF de la prestaci\u00f3n.<\/p>\n","protected":false},"author":17,"featured_media":16159,"comment_status":"open","ping_status":"open","sticky":false,"template":"","format":"standard","meta":{"footnotes":""},"categories":[691],"tags":[44,420,456,87,65,1233],"class_list":["post-16158","post","type-post","status-publish","format-standard","has-post-thumbnail","hentry","category-actualidad-empleo","tag-buscar-trabajo","tag-consejos","tag-empresas","tag-mercado-laboral","tag-recursos-humanos-2","tag-trabajar","cat-691-id","has_thumb"],"yoast_head":"<!-- This site is optimized with the Yoast SEO plugin v27.1.1 - https:\/\/yoast.com\/product\/yoast-seo-wordpress\/ -->\n<title>La justicia declara que la prestaci\u00f3n por maternidad est\u00e1 exenta del IRPF<\/title>\n<meta name=\"description\" content=\"El Tribunal Superior de Justicia de Madrid acaba de fallar a favor de una madre que reclamaba la devoluci\u00f3n pagada v\u00eda IRPF de la prestaci\u00f3n.\" \/>\n<meta name=\"robots\" content=\"index, follow, max-snippet:-1, max-image-preview:large, max-video-preview:-1\" \/>\n<link rel=\"canonical\" href=\"https:\/\/www.oficinaempleo.com\/blog\/justicia-prestacion-maternidad-exenta-irpf\/\" \/>\n<meta property=\"og:locale\" content=\"es_ES\" \/>\n<meta property=\"og:type\" content=\"article\" \/>\n<meta property=\"og:title\" content=\"La justicia declara que la prestaci\u00f3n por maternidad est\u00e1 exenta del IRPF\" \/>\n<meta property=\"og:description\" content=\"El Tribunal Superior de Justicia de Madrid acaba de fallar a favor de una madre que reclamaba la devoluci\u00f3n pagada v\u00eda IRPF de la prestaci\u00f3n.\" \/>\n<meta property=\"og:url\" content=\"https:\/\/www.oficinaempleo.com\/blog\/justicia-prestacion-maternidad-exenta-irpf\/\" \/>\n<meta property=\"og:site_name\" content=\"Noticias y consejos de empleo | Blog OficinaEmpleo\" \/>\n<meta property=\"article:published_time\" content=\"2016-11-22T10:33:10+00:00\" \/>\n<meta property=\"og:image\" content=\"https:\/\/www.oficinaempleo.com\/blog\/wp-content\/uploads\/2016\/11\/embarazada.jpg\" \/>\n\t<meta property=\"og:image:width\" content=\"600\" \/>\n\t<meta property=\"og:image:height\" content=\"310\" \/>\n\t<meta property=\"og:image:type\" content=\"image\/jpeg\" \/>\n<meta name=\"author\" content=\"Rodrigo Hernandez Ballesteros\" \/>\n<meta name=\"twitter:card\" content=\"summary_large_image\" \/>\n<meta name=\"twitter:creator\" content=\"@OficinaEmpleo\" \/>\n<meta name=\"twitter:site\" content=\"@OficinaEmpleo\" \/>\n<meta name=\"twitter:label1\" content=\"Written by\" \/>\n\t<meta name=\"twitter:data1\" content=\"Rodrigo Hernandez Ballesteros\" \/>\n\t<meta name=\"twitter:label2\" content=\"Est. reading time\" \/>\n\t<meta name=\"twitter:data2\" content=\"2 minutos\" \/>\n<script type=\"application\/ld+json\" class=\"yoast-schema-graph\">{\"@context\":\"https:\/\/schema.org\",\"@graph\":[{\"@type\":\"Article\",\"@id\":\"https:\/\/www.oficinaempleo.com\/blog\/justicia-prestacion-maternidad-exenta-irpf\/#article\",\"isPartOf\":{\"@id\":\"https:\/\/www.oficinaempleo.com\/blog\/justicia-prestacion-maternidad-exenta-irpf\/\"},\"author\":{\"name\":\"Rodrigo Hernandez Ballesteros\",\"@id\":\"https:\/\/www.oficinaempleo.com\/blog\/#\/schema\/person\/3bf44eadf268c282a0ed32038f8b6318\"},\"headline\":\"La justicia declara que la prestaci\u00f3n por maternidad est\u00e1 exenta del IRPF\",\"datePublished\":\"2016-11-22T10:33:10+00:00\",\"mainEntityOfPage\":{\"@id\":\"https:\/\/www.oficinaempleo.com\/blog\/justicia-prestacion-maternidad-exenta-irpf\/\"},\"wordCount\":416,\"commentCount\":0,\"publisher\":{\"@id\":\"https:\/\/www.oficinaempleo.com\/blog\/#organization\"},\"image\":{\"@id\":\"https:\/\/www.oficinaempleo.com\/blog\/justicia-prestacion-maternidad-exenta-irpf\/#primaryimage\"},\"thumbnailUrl\":\"https:\/\/www.oficinaempleo.com\/blog\/wp-content\/uploads\/2016\/11\/embarazada.jpg\",\"keywords\":[\"buscar trabajo\",\"consejos\",\"empresas\",\"mercado laboral\",\"recursos humanos\",\"trabajar\"],\"articleSection\":[\"Actualidad\"],\"inLanguage\":\"es\",\"potentialAction\":[{\"@type\":\"CommentAction\",\"name\":\"Comment\",\"target\":[\"https:\/\/www.oficinaempleo.com\/blog\/justicia-prestacion-maternidad-exenta-irpf\/#respond\"]}]},{\"@type\":\"WebPage\",\"@id\":\"https:\/\/www.oficinaempleo.com\/blog\/justicia-prestacion-maternidad-exenta-irpf\/\",\"url\":\"https:\/\/www.oficinaempleo.com\/blog\/justicia-prestacion-maternidad-exenta-irpf\/\",\"name\":\"La justicia declara que la prestaci\u00f3n por maternidad est\u00e1 exenta del IRPF\",\"isPartOf\":{\"@id\":\"https:\/\/www.oficinaempleo.com\/blog\/#website\"},\"primaryImageOfPage\":{\"@id\":\"https:\/\/www.oficinaempleo.com\/blog\/justicia-prestacion-maternidad-exenta-irpf\/#primaryimage\"},\"image\":{\"@id\":\"https:\/\/www.oficinaempleo.com\/blog\/justicia-prestacion-maternidad-exenta-irpf\/#primaryimage\"},\"thumbnailUrl\":\"https:\/\/www.oficinaempleo.com\/blog\/wp-content\/uploads\/2016\/11\/embarazada.jpg\",\"datePublished\":\"2016-11-22T10:33:10+00:00\",\"description\":\"El Tribunal Superior de Justicia de Madrid acaba de fallar a favor de una madre que reclamaba la devoluci\u00f3n pagada v\u00eda IRPF de la prestaci\u00f3n.\",\"breadcrumb\":{\"@id\":\"https:\/\/www.oficinaempleo.com\/blog\/justicia-prestacion-maternidad-exenta-irpf\/#breadcrumb\"},\"inLanguage\":\"es\",\"potentialAction\":[{\"@type\":\"ReadAction\",\"target\":[\"https:\/\/www.oficinaempleo.com\/blog\/justicia-prestacion-maternidad-exenta-irpf\/\"]}]},{\"@type\":\"ImageObject\",\"inLanguage\":\"es\",\"@id\":\"https:\/\/www.oficinaempleo.com\/blog\/justicia-prestacion-maternidad-exenta-irpf\/#primaryimage\",\"url\":\"https:\/\/www.oficinaempleo.com\/blog\/wp-content\/uploads\/2016\/11\/embarazada.jpg\",\"contentUrl\":\"https:\/\/www.oficinaempleo.com\/blog\/wp-content\/uploads\/2016\/11\/embarazada.jpg\",\"width\":600,\"height\":310,\"caption\":\"La justicia declara que la prestaci\u00f3n por maternidad est\u00e1 exenta del IRPF\"},{\"@type\":\"BreadcrumbList\",\"@id\":\"https:\/\/www.oficinaempleo.com\/blog\/justicia-prestacion-maternidad-exenta-irpf\/#breadcrumb\",\"itemListElement\":[{\"@type\":\"ListItem\",\"position\":1,\"name\":\"Home\",\"item\":\"https:\/\/www.oficinaempleo.com\/blog\/\"},{\"@type\":\"ListItem\",\"position\":2,\"name\":\"La justicia declara que la prestaci\u00f3n por maternidad est\u00e1 exenta del IRPF\"}]},{\"@type\":\"WebSite\",\"@id\":\"https:\/\/www.oficinaempleo.com\/blog\/#website\",\"url\":\"https:\/\/www.oficinaempleo.com\/blog\/\",\"name\":\"Noticias y Consejos de Empleo | Blog OficinaEmpleo\",\"description\":\"\",\"publisher\":{\"@id\":\"https:\/\/www.oficinaempleo.com\/blog\/#organization\"},\"potentialAction\":[{\"@type\":\"SearchAction\",\"target\":{\"@type\":\"EntryPoint\",\"urlTemplate\":\"https:\/\/www.oficinaempleo.com\/blog\/?s={search_term_string}\"},\"query-input\":{\"@type\":\"PropertyValueSpecification\",\"valueRequired\":true,\"valueName\":\"search_term_string\"}}],\"inLanguage\":\"es\"},{\"@type\":\"Organization\",\"@id\":\"https:\/\/www.oficinaempleo.com\/blog\/#organization\",\"name\":\"OficinaEmpleo\",\"url\":\"https:\/\/www.oficinaempleo.com\/blog\/\",\"logo\":{\"@type\":\"ImageObject\",\"inLanguage\":\"es\",\"@id\":\"https:\/\/www.oficinaempleo.com\/blog\/#\/schema\/logo\/image\/\",\"url\":\"https:\/\/www.oficinaempleo.com\/blog\/wp-content\/uploads\/2018\/10\/logo_footer-1.jpg\",\"contentUrl\":\"https:\/\/www.oficinaempleo.com\/blog\/wp-content\/uploads\/2018\/10\/logo_footer-1.jpg\",\"width\":478,\"height\":57,\"caption\":\"OficinaEmpleo\"},\"image\":{\"@id\":\"https:\/\/www.oficinaempleo.com\/blog\/#\/schema\/logo\/image\/\"},\"sameAs\":[\"https:\/\/x.com\/OficinaEmpleo\"]},{\"@type\":\"Person\",\"@id\":\"https:\/\/www.oficinaempleo.com\/blog\/#\/schema\/person\/3bf44eadf268c282a0ed32038f8b6318\",\"name\":\"Rodrigo Hernandez Ballesteros\",\"image\":{\"@type\":\"ImageObject\",\"inLanguage\":\"es\",\"@id\":\"https:\/\/www.oficinaempleo.com\/blog\/#\/schema\/person\/image\/\",\"url\":\"https:\/\/secure.gravatar.com\/avatar\/88379bc026cd114c7b1b9f1c6ff0ff8ab9b1013a10c48d30ac943f07f5a82ccf?s=96&d=mm&r=g\",\"contentUrl\":\"https:\/\/secure.gravatar.com\/avatar\/88379bc026cd114c7b1b9f1c6ff0ff8ab9b1013a10c48d30ac943f07f5a82ccf?s=96&d=mm&r=g\",\"caption\":\"Rodrigo Hernandez Ballesteros\"},\"url\":\"https:\/\/www.oficinaempleo.com\/blog\/author\/rodrigo\/\"}]}<\/script>\n<!-- \/ Yoast SEO plugin. -->","yoast_head_json":{"title":"La justicia declara que la prestaci\u00f3n por maternidad est\u00e1 exenta del IRPF","description":"El Tribunal Superior de Justicia de Madrid acaba de fallar a favor de una madre que reclamaba la devoluci\u00f3n pagada v\u00eda IRPF de la prestaci\u00f3n.","robots":{"index":"index","follow":"follow","max-snippet":"max-snippet:-1","max-image-preview":"max-image-preview:large","max-video-preview":"max-video-preview:-1"},"canonical":"https:\/\/www.oficinaempleo.com\/blog\/justicia-prestacion-maternidad-exenta-irpf\/","og_locale":"es_ES","og_type":"article","og_title":"La justicia declara que la prestaci\u00f3n por maternidad est\u00e1 exenta del IRPF","og_description":"El Tribunal Superior de Justicia de Madrid acaba de fallar a favor de una madre que reclamaba la devoluci\u00f3n pagada v\u00eda IRPF de la prestaci\u00f3n.","og_url":"https:\/\/www.oficinaempleo.com\/blog\/justicia-prestacion-maternidad-exenta-irpf\/","og_site_name":"Noticias y consejos de empleo | Blog OficinaEmpleo","article_published_time":"2016-11-22T10:33:10+00:00","og_image":[{"width":600,"height":310,"url":"https:\/\/www.oficinaempleo.com\/blog\/wp-content\/uploads\/2016\/11\/embarazada.jpg","type":"image\/jpeg"}],"author":"Rodrigo Hernandez Ballesteros","twitter_card":"summary_large_image","twitter_creator":"@OficinaEmpleo","twitter_site":"@OficinaEmpleo","twitter_misc":{"Written by":"Rodrigo Hernandez Ballesteros","Est. reading time":"2 minutos"},"schema":{"@context":"https:\/\/schema.org","@graph":[{"@type":"Article","@id":"https:\/\/www.oficinaempleo.com\/blog\/justicia-prestacion-maternidad-exenta-irpf\/#article","isPartOf":{"@id":"https:\/\/www.oficinaempleo.com\/blog\/justicia-prestacion-maternidad-exenta-irpf\/"},"author":{"name":"Rodrigo Hernandez Ballesteros","@id":"https:\/\/www.oficinaempleo.com\/blog\/#\/schema\/person\/3bf44eadf268c282a0ed32038f8b6318"},"headline":"La justicia declara que la prestaci\u00f3n por maternidad est\u00e1 exenta del IRPF","datePublished":"2016-11-22T10:33:10+00:00","mainEntityOfPage":{"@id":"https:\/\/www.oficinaempleo.com\/blog\/justicia-prestacion-maternidad-exenta-irpf\/"},"wordCount":416,"commentCount":0,"publisher":{"@id":"https:\/\/www.oficinaempleo.com\/blog\/#organization"},"image":{"@id":"https:\/\/www.oficinaempleo.com\/blog\/justicia-prestacion-maternidad-exenta-irpf\/#primaryimage"},"thumbnailUrl":"https:\/\/www.oficinaempleo.com\/blog\/wp-content\/uploads\/2016\/11\/embarazada.jpg","keywords":["buscar trabajo","consejos","empresas","mercado laboral","recursos humanos","trabajar"],"articleSection":["Actualidad"],"inLanguage":"es","potentialAction":[{"@type":"CommentAction","name":"Comment","target":["https:\/\/www.oficinaempleo.com\/blog\/justicia-prestacion-maternidad-exenta-irpf\/#respond"]}]},{"@type":"WebPage","@id":"https:\/\/www.oficinaempleo.com\/blog\/justicia-prestacion-maternidad-exenta-irpf\/","url":"https:\/\/www.oficinaempleo.com\/blog\/justicia-prestacion-maternidad-exenta-irpf\/","name":"La justicia declara que la prestaci\u00f3n por maternidad est\u00e1 exenta del IRPF","isPartOf":{"@id":"https:\/\/www.oficinaempleo.com\/blog\/#website"},"primaryImageOfPage":{"@id":"https:\/\/www.oficinaempleo.com\/blog\/justicia-prestacion-maternidad-exenta-irpf\/#primaryimage"},"image":{"@id":"https:\/\/www.oficinaempleo.com\/blog\/justicia-prestacion-maternidad-exenta-irpf\/#primaryimage"},"thumbnailUrl":"https:\/\/www.oficinaempleo.com\/blog\/wp-content\/uploads\/2016\/11\/embarazada.jpg","datePublished":"2016-11-22T10:33:10+00:00","description":"El Tribunal Superior de Justicia de Madrid acaba de fallar a favor de una madre que reclamaba la devoluci\u00f3n pagada v\u00eda IRPF de la prestaci\u00f3n.","breadcrumb":{"@id":"https:\/\/www.oficinaempleo.com\/blog\/justicia-prestacion-maternidad-exenta-irpf\/#breadcrumb"},"inLanguage":"es","potentialAction":[{"@type":"ReadAction","target":["https:\/\/www.oficinaempleo.com\/blog\/justicia-prestacion-maternidad-exenta-irpf\/"]}]},{"@type":"ImageObject","inLanguage":"es","@id":"https:\/\/www.oficinaempleo.com\/blog\/justicia-prestacion-maternidad-exenta-irpf\/#primaryimage","url":"https:\/\/www.oficinaempleo.com\/blog\/wp-content\/uploads\/2016\/11\/embarazada.jpg","contentUrl":"https:\/\/www.oficinaempleo.com\/blog\/wp-content\/uploads\/2016\/11\/embarazada.jpg","width":600,"height":310,"caption":"La justicia declara que la prestaci\u00f3n por maternidad est\u00e1 exenta del IRPF"},{"@type":"BreadcrumbList","@id":"https:\/\/www.oficinaempleo.com\/blog\/justicia-prestacion-maternidad-exenta-irpf\/#breadcrumb","itemListElement":[{"@type":"ListItem","position":1,"name":"Home","item":"https:\/\/www.oficinaempleo.com\/blog\/"},{"@type":"ListItem","position":2,"name":"La justicia declara que la prestaci\u00f3n por maternidad est\u00e1 exenta del IRPF"}]},{"@type":"WebSite","@id":"https:\/\/www.oficinaempleo.com\/blog\/#website","url":"https:\/\/www.oficinaempleo.com\/blog\/","name":"Noticias y Consejos de Empleo | Blog OficinaEmpleo","description":"","publisher":{"@id":"https:\/\/www.oficinaempleo.com\/blog\/#organization"},"potentialAction":[{"@type":"SearchAction","target":{"@type":"EntryPoint","urlTemplate":"https:\/\/www.oficinaempleo.com\/blog\/?s={search_term_string}"},"query-input":{"@type":"PropertyValueSpecification","valueRequired":true,"valueName":"search_term_string"}}],"inLanguage":"es"},{"@type":"Organization","@id":"https:\/\/www.oficinaempleo.com\/blog\/#organization","name":"OficinaEmpleo","url":"https:\/\/www.oficinaempleo.com\/blog\/","logo":{"@type":"ImageObject","inLanguage":"es","@id":"https:\/\/www.oficinaempleo.com\/blog\/#\/schema\/logo\/image\/","url":"https:\/\/www.oficinaempleo.com\/blog\/wp-content\/uploads\/2018\/10\/logo_footer-1.jpg","contentUrl":"https:\/\/www.oficinaempleo.com\/blog\/wp-content\/uploads\/2018\/10\/logo_footer-1.jpg","width":478,"height":57,"caption":"OficinaEmpleo"},"image":{"@id":"https:\/\/www.oficinaempleo.com\/blog\/#\/schema\/logo\/image\/"},"sameAs":["https:\/\/x.com\/OficinaEmpleo"]},{"@type":"Person","@id":"https:\/\/www.oficinaempleo.com\/blog\/#\/schema\/person\/3bf44eadf268c282a0ed32038f8b6318","name":"Rodrigo Hernandez Ballesteros","image":{"@type":"ImageObject","inLanguage":"es","@id":"https:\/\/www.oficinaempleo.com\/blog\/#\/schema\/person\/image\/","url":"https:\/\/secure.gravatar.com\/avatar\/88379bc026cd114c7b1b9f1c6ff0ff8ab9b1013a10c48d30ac943f07f5a82ccf?s=96&d=mm&r=g","contentUrl":"https:\/\/secure.gravatar.com\/avatar\/88379bc026cd114c7b1b9f1c6ff0ff8ab9b1013a10c48d30ac943f07f5a82ccf?s=96&d=mm&r=g","caption":"Rodrigo Hernandez Ballesteros"},"url":"https:\/\/www.oficinaempleo.com\/blog\/author\/rodrigo\/"}]}},"_links":{"self":[{"href":"https:\/\/www.oficinaempleo.com\/blog\/wp-json\/wp\/v2\/posts\/16158","targetHints":{"allow":["GET"]}}],"collection":[{"href":"https:\/\/www.oficinaempleo.com\/blog\/wp-json\/wp\/v2\/posts"}],"about":[{"href":"https:\/\/www.oficinaempleo.com\/blog\/wp-json\/wp\/v2\/types\/post"}],"author":[{"embeddable":true,"href":"https:\/\/www.oficinaempleo.com\/blog\/wp-json\/wp\/v2\/users\/17"}],"replies":[{"embeddable":true,"href":"https:\/\/www.oficinaempleo.com\/blog\/wp-json\/wp\/v2\/comments?post=16158"}],"version-history":[{"count":0,"href":"https:\/\/www.oficinaempleo.com\/blog\/wp-json\/wp\/v2\/posts\/16158\/revisions"}],"wp:featuredmedia":[{"embeddable":true,"href":"https:\/\/www.oficinaempleo.com\/blog\/wp-json\/wp\/v2\/media\/16159"}],"wp:attachment":[{"href":"https:\/\/www.oficinaempleo.com\/blog\/wp-json\/wp\/v2\/media?parent=16158"}],"wp:term":[{"taxonomy":"category","embeddable":true,"href":"https:\/\/www.oficinaempleo.com\/blog\/wp-json\/wp\/v2\/categories?post=16158"},{"taxonomy":"post_tag","embeddable":true,"href":"https:\/\/www.oficinaempleo.com\/blog\/wp-json\/wp\/v2\/tags?post=16158"}],"curies":[{"name":"wp","href":"https:\/\/api.w.org\/{rel}","templated":true}]}}