{"id":16351,"date":"2016-12-09T10:10:58","date_gmt":"2016-12-09T08:10:58","guid":{"rendered":"https:\/\/www.oficinaempleo.com\/blog\/?p=16351"},"modified":"2016-12-09T10:10:58","modified_gmt":"2016-12-09T08:10:58","slug":"ayudas-para-personas-discapacitadas","status":"publish","type":"post","link":"https:\/\/www.oficinaempleo.com\/blog\/ayudas-para-personas-discapacitadas\/","title":{"rendered":"Ayudas para personas discapacitadas"},"content":{"rendered":"<div class=\"su-button-center\"><a href=\"https:\/\/jobs.oficinaempleo.com\/registro?origen=ORG-web&#038;utm_source=OE&#038;utm_medium=boton_registro&#038;utm_content=homepage&#038;utm_campaign=organic\" class=\"su-button su-button-style-flat\" style=\"color:#FFFFFF;background-color:#ec7d0c;border-color:#bd640a;border-radius:10px\" target=\"__blank\"><span style=\"color:#FFFFFF;padding:8px 26px;font-size:20px;line-height:30px;border-color:#f2a455;border-radius:10px;text-shadow:none\"><i class=\"sui sui-arrow-circle-right\" style=\"font-size:20px;color:#FFFFFF\"><\/i> Reg\u00edstrate gratis en OficinaEmpleo<\/span><\/a><\/div><div class=\"su-spacer\" style=\"height:30px\"><\/div>Afortunadamente, y aunque a\u00fan queda mucho camino por recorrer, las administraciones p\u00fablicas se han esforzado y desarrollan una pol\u00edtica de ayudas sociales y econ\u00f3micas dirigida a la discapacidad cada vez m\u00e1s completas. Es necesario decir que las ayudas dependen de tu lugar de residencia puesto que todas las administraciones las otorgan: ayuntamientos, comunidades y Estado. As\u00ed que resulta imprescindible informarse en tu municipio.<\/p>\n<p><a href=\"https:\/\/www.oficinaempleo.com\/blog\/wp-content\/uploads\/2016\/12\/discapacitado_dentro.jpg\"><img loading=\"lazy\" decoding=\"async\" class=\"alignnone wp-image-16352 size-full\" src=\"https:\/\/www.oficinaempleo.com\/blog\/wp-content\/uploads\/2016\/12\/discapacitado_dentro.jpg\" alt=\"Ayudas para personas discapacitadas\" width=\"590\" height=\"315\" srcset=\"https:\/\/www.oficinaempleo.com\/blog\/wp-content\/uploads\/2016\/12\/discapacitado_dentro.jpg 590w, https:\/\/www.oficinaempleo.com\/blog\/wp-content\/uploads\/2016\/12\/discapacitado_dentro-300x160.jpg 300w\" sizes=\"auto, (max-width: 590px) 100vw, 590px\" \/><\/a><\/p>\n<p><strong>1. Lo primero, certificado de discapacidad<\/strong><\/p>\n<p style=\"text-align: left;\">La primera condici\u00f3n para poder conseguir una ayuda es, por decirlo as\u00ed, certificar tu discapacidad. Es muy sencillo, basta con obtener el Certificado de Discapacidad. Puede solicitarse en el Centro Base del Imserso m\u00e1s cercano o acudir al Asistente Social de la Consejer\u00eda de Asuntos Sociales de la Comunidad Aut\u00f3noma correspondiente. Tambi\u00e9n te ayudar\u00e1n en tu Ayuntamiento o tu propio m\u00e9dico de cabecera, que adem\u00e1s es quien revisar\u00e1 los informes pertinentes y te dir\u00e1 a qu\u00e9 ayudas para discapacitados tienes derecho.<\/p>\n<p><strong>2. Ayudas de la Agencia Tributaria<\/strong><\/p>\n<p>Estas ayudas, que las ofrece el Estado, son por tanto comunes a todos los discapacitados espa\u00f1oles, independientemente del lugar de residencia. Consisten en rebajas en el IRPF como la reducci\u00f3n en la base imponible en las aportaciones a Planes de Pensiones, la exenci\u00f3n de las prestaciones por desempleo y de m\u00ednimos en el Impuesto sobre el Patrimonio, e importantes reducciones sobre el impuesto de sucesiones y donaciones.<\/p>\n<p><strong>3. Movilidad y accesibilidad<\/strong><\/p>\n<p>Las ayudas para la movilidad vienen sobre todo otorgadas por los Ayuntamientos y consisten sobre todo en la reducci\u00f3n de la tarifa para el transporte o de las tarjetas de residente para aparcar. Por su parte, la DGT (y esto ya es a nivel nacional), tambi\u00e9n ofrece ayudas por la compra de un veh\u00edculo a nombre de una persona con discapacidad, estando exenta del impuesto de matriculaci\u00f3n y otorg\u00e1ndoles tambi\u00e9n descuento en las tasas de renovaci\u00f3n del permiso de conducir. Por \u00faltimo, las CCAA conceden algunas ayudas para reparar y comprar sillas de ruedas, pr\u00f3tesis y similares.<\/p>\n<p><strong>4. Renta Activa de Inserci\u00f3n<\/strong><\/p>\n<p>Tambi\u00e9n hay ayudas relacionadas con el desempleo, otorgadas en este caso por el INEM. Se trata en este caso de la Renta Activa de Inserci\u00f3n, la RAI. Para conseguirla, adem\u00e1s del ya mencionado Certificado de Discapacidad, es necesario haber agotado una prestaci\u00f3n contributiva o subsidio por desempleo, no tener ingresos superiores a 486 euros y no haber sido beneficiario de tres Programas de Renta Activa de Inserci\u00f3n anteriores; adem\u00e1s de ser parado de larga duraci\u00f3n.<\/p>\n<p><strong>5. Ayudas para el empleo<\/strong><\/p>\n<p>Las ayudas para facilitar la inserci\u00f3n laboral llegan desde la Seguridad Social (en forma de incentivos en las cuotas o bonificaciones para las empresas como forma de incentivar las contrataciones).<\/p>\n<p><strong>6. Sanidad y servicios sociales<\/strong><\/p>\n<p>En cuanto a la asistencia sanitaria (competencia de las CCAA), se prev\u00e9n ayudas a la compra de medicamentos, a ayudas para el transporte a los lugares de rehabilitaci\u00f3n y acceso a la teleasistencia.<\/p>\n<p><strong>7. Educaci\u00f3n<\/strong><\/p>\n<p>Adem\u00e1s de todas las ayudas anteriormente descritas, las administraciones han hecho especial hincapi\u00e9 en la formaci\u00f3n, con el objetivo \u00faltimo de incorporar a los discapacitados al entorno laboral. Estas ayudas sobre todo consisten en la subvenci\u00f3n para material did\u00e1ctico, libros o transporte, y cubren tambi\u00e9n matr\u00edculas y tasas de comedor en todos los niveles educativos, hasta la universidad. A nivel privado, colegios mayores y residencias universitarias tambi\u00e9n ofrecen ayudas y habitaciones especialmente adaptadas en colegios mayores y residencias universitarias.<\/p>\n<p><strong>8. Descuentos y reducciones<\/strong><\/p>\n<p>Asimismo, las personas discapacitadas tienen ayudas en forma de descuentos o entradas gratis en multitud de ofertas relacionadas con el ocio como cines, teatros, bibliotecas, parques de atracciones, etc.<\/p>\n<div class=\"su-button-center\"><a href=\"https:\/\/jobs.oficinaempleo.com\/registro?origen=ORG-web&#038;utm_source=OE&#038;utm_medium=boton_registro&#038;utm_content=homepage&#038;utm_campaign=organic\" class=\"su-button su-button-style-flat\" style=\"color:#FFFFFF;background-color:#ec7d0c;border-color:#bd640a;border-radius:10px\" target=\"__blank\"><span style=\"color:#FFFFFF;padding:8px 26px;font-size:20px;line-height:30px;border-color:#f2a455;border-radius:10px;text-shadow:none\"><i class=\"sui sui-arrow-circle-right\" style=\"font-size:20px;color:#FFFFFF\"><\/i> Reg\u00edstrate gratis en OficinaEmpleo<\/span><\/a><\/div><div class=\"su-spacer\" style=\"height:30px\"><\/div>\n","protected":false},"excerpt":{"rendered":"<p>Las administraciones p\u00fablicas han desarrollado un programa de ayudas econ\u00f3micas para discapacitados muy completa. <\/p>\n","protected":false},"author":5,"featured_media":16353,"comment_status":"open","ping_status":"open","sticky":false,"template":"","format":"standard","meta":{"footnotes":""},"categories":[12],"tags":[4478,4479,1091,3759,4480],"class_list":["post-16351","post","type-post","status-publish","format-standard","has-post-thumbnail","hentry","category-consejos-y-recursos","tag-ayudas-a-la-discapacidad","tag-ayudas-economicas","tag-discapacidad","tag-discapacitados","tag-ventajas-para-discapacitados","cat-12-id","has_thumb"],"yoast_head":"<!-- This site is optimized with the Yoast SEO plugin v27.1.1 - https:\/\/yoast.com\/product\/yoast-seo-wordpress\/ -->\n<title>Ayudas para personas discapacitadas - Oficina Empleo<\/title>\n<meta name=\"description\" content=\"Las administraciones p\u00fablicas han desarrollado un programa de ayudas econ\u00f3micas para discapacitados muy completa. Aqu\u00ed te dejamos las mejores.\" \/>\n<meta name=\"robots\" content=\"index, follow, max-snippet:-1, max-image-preview:large, max-video-preview:-1\" \/>\n<link rel=\"canonical\" href=\"https:\/\/www.oficinaempleo.com\/blog\/ayudas-para-personas-discapacitadas\/\" \/>\n<meta property=\"og:locale\" content=\"es_ES\" \/>\n<meta property=\"og:type\" content=\"article\" \/>\n<meta property=\"og:title\" content=\"Ayudas para personas discapacitadas - Oficina Empleo\" \/>\n<meta property=\"og:description\" content=\"Las administraciones p\u00fablicas han desarrollado un programa de ayudas econ\u00f3micas para discapacitados muy completa. Aqu\u00ed te dejamos las mejores.\" \/>\n<meta property=\"og:url\" content=\"https:\/\/www.oficinaempleo.com\/blog\/ayudas-para-personas-discapacitadas\/\" \/>\n<meta property=\"og:site_name\" content=\"Noticias y consejos de empleo | Blog OficinaEmpleo\" \/>\n<meta property=\"article:published_time\" content=\"2016-12-09T08:10:58+00:00\" \/>\n<meta property=\"og:image\" content=\"https:\/\/www.oficinaempleo.com\/blog\/wp-content\/uploads\/2016\/12\/discapacitado_destacada.jpg\" \/>\n\t<meta property=\"og:image:width\" content=\"590\" \/>\n\t<meta property=\"og:image:height\" content=\"315\" \/>\n\t<meta property=\"og:image:type\" content=\"image\/jpeg\" \/>\n<meta name=\"author\" content=\"David Garc\u00eda\" \/>\n<meta name=\"twitter:card\" content=\"summary_large_image\" \/>\n<meta name=\"twitter:creator\" content=\"@OficinaEmpleo\" \/>\n<meta name=\"twitter:site\" content=\"@OficinaEmpleo\" \/>\n<meta name=\"twitter:label1\" content=\"Written by\" \/>\n\t<meta name=\"twitter:data1\" content=\"David Garc\u00eda\" \/>\n\t<meta name=\"twitter:label2\" content=\"Est. reading time\" \/>\n\t<meta name=\"twitter:data2\" content=\"3 minutos\" \/>\n<script type=\"application\/ld+json\" class=\"yoast-schema-graph\">{\"@context\":\"https:\/\/schema.org\",\"@graph\":[{\"@type\":\"Article\",\"@id\":\"https:\/\/www.oficinaempleo.com\/blog\/ayudas-para-personas-discapacitadas\/#article\",\"isPartOf\":{\"@id\":\"https:\/\/www.oficinaempleo.com\/blog\/ayudas-para-personas-discapacitadas\/\"},\"author\":{\"name\":\"David Garc\u00eda\",\"@id\":\"https:\/\/www.oficinaempleo.com\/blog\/#\/schema\/person\/fb90e38571c727c56dd2231966ab3358\"},\"headline\":\"Ayudas para personas discapacitadas\",\"datePublished\":\"2016-12-09T08:10:58+00:00\",\"mainEntityOfPage\":{\"@id\":\"https:\/\/www.oficinaempleo.com\/blog\/ayudas-para-personas-discapacitadas\/\"},\"wordCount\":694,\"commentCount\":0,\"publisher\":{\"@id\":\"https:\/\/www.oficinaempleo.com\/blog\/#organization\"},\"image\":{\"@id\":\"https:\/\/www.oficinaempleo.com\/blog\/ayudas-para-personas-discapacitadas\/#primaryimage\"},\"thumbnailUrl\":\"https:\/\/www.oficinaempleo.com\/blog\/wp-content\/uploads\/2016\/12\/discapacitado_destacada.jpg\",\"keywords\":[\"ayudas a la discapacidad\",\"ayudas econ\u00f3micas\",\"discapacidad\",\"discapacitados\",\"ventajas para discapacitados\"],\"articleSection\":[\"Consejos y Recursos\"],\"inLanguage\":\"es\",\"potentialAction\":[{\"@type\":\"CommentAction\",\"name\":\"Comment\",\"target\":[\"https:\/\/www.oficinaempleo.com\/blog\/ayudas-para-personas-discapacitadas\/#respond\"]}]},{\"@type\":\"WebPage\",\"@id\":\"https:\/\/www.oficinaempleo.com\/blog\/ayudas-para-personas-discapacitadas\/\",\"url\":\"https:\/\/www.oficinaempleo.com\/blog\/ayudas-para-personas-discapacitadas\/\",\"name\":\"Ayudas para personas discapacitadas - Oficina Empleo\",\"isPartOf\":{\"@id\":\"https:\/\/www.oficinaempleo.com\/blog\/#website\"},\"primaryImageOfPage\":{\"@id\":\"https:\/\/www.oficinaempleo.com\/blog\/ayudas-para-personas-discapacitadas\/#primaryimage\"},\"image\":{\"@id\":\"https:\/\/www.oficinaempleo.com\/blog\/ayudas-para-personas-discapacitadas\/#primaryimage\"},\"thumbnailUrl\":\"https:\/\/www.oficinaempleo.com\/blog\/wp-content\/uploads\/2016\/12\/discapacitado_destacada.jpg\",\"datePublished\":\"2016-12-09T08:10:58+00:00\",\"description\":\"Las administraciones p\u00fablicas han desarrollado un programa de ayudas econ\u00f3micas para discapacitados muy completa. Aqu\u00ed te dejamos las mejores.\",\"breadcrumb\":{\"@id\":\"https:\/\/www.oficinaempleo.com\/blog\/ayudas-para-personas-discapacitadas\/#breadcrumb\"},\"inLanguage\":\"es\",\"potentialAction\":[{\"@type\":\"ReadAction\",\"target\":[\"https:\/\/www.oficinaempleo.com\/blog\/ayudas-para-personas-discapacitadas\/\"]}]},{\"@type\":\"ImageObject\",\"inLanguage\":\"es\",\"@id\":\"https:\/\/www.oficinaempleo.com\/blog\/ayudas-para-personas-discapacitadas\/#primaryimage\",\"url\":\"https:\/\/www.oficinaempleo.com\/blog\/wp-content\/uploads\/2016\/12\/discapacitado_destacada.jpg\",\"contentUrl\":\"https:\/\/www.oficinaempleo.com\/blog\/wp-content\/uploads\/2016\/12\/discapacitado_destacada.jpg\",\"width\":590,\"height\":315},{\"@type\":\"BreadcrumbList\",\"@id\":\"https:\/\/www.oficinaempleo.com\/blog\/ayudas-para-personas-discapacitadas\/#breadcrumb\",\"itemListElement\":[{\"@type\":\"ListItem\",\"position\":1,\"name\":\"Home\",\"item\":\"https:\/\/www.oficinaempleo.com\/blog\/\"},{\"@type\":\"ListItem\",\"position\":2,\"name\":\"Ayudas para personas discapacitadas\"}]},{\"@type\":\"WebSite\",\"@id\":\"https:\/\/www.oficinaempleo.com\/blog\/#website\",\"url\":\"https:\/\/www.oficinaempleo.com\/blog\/\",\"name\":\"Noticias y Consejos de Empleo | Blog OficinaEmpleo\",\"description\":\"\",\"publisher\":{\"@id\":\"https:\/\/www.oficinaempleo.com\/blog\/#organization\"},\"potentialAction\":[{\"@type\":\"SearchAction\",\"target\":{\"@type\":\"EntryPoint\",\"urlTemplate\":\"https:\/\/www.oficinaempleo.com\/blog\/?s={search_term_string}\"},\"query-input\":{\"@type\":\"PropertyValueSpecification\",\"valueRequired\":true,\"valueName\":\"search_term_string\"}}],\"inLanguage\":\"es\"},{\"@type\":\"Organization\",\"@id\":\"https:\/\/www.oficinaempleo.com\/blog\/#organization\",\"name\":\"OficinaEmpleo\",\"url\":\"https:\/\/www.oficinaempleo.com\/blog\/\",\"logo\":{\"@type\":\"ImageObject\",\"inLanguage\":\"es\",\"@id\":\"https:\/\/www.oficinaempleo.com\/blog\/#\/schema\/logo\/image\/\",\"url\":\"https:\/\/www.oficinaempleo.com\/blog\/wp-content\/uploads\/2018\/10\/logo_footer-1.jpg\",\"contentUrl\":\"https:\/\/www.oficinaempleo.com\/blog\/wp-content\/uploads\/2018\/10\/logo_footer-1.jpg\",\"width\":478,\"height\":57,\"caption\":\"OficinaEmpleo\"},\"image\":{\"@id\":\"https:\/\/www.oficinaempleo.com\/blog\/#\/schema\/logo\/image\/\"},\"sameAs\":[\"https:\/\/x.com\/OficinaEmpleo\"]},{\"@type\":\"Person\",\"@id\":\"https:\/\/www.oficinaempleo.com\/blog\/#\/schema\/person\/fb90e38571c727c56dd2231966ab3358\",\"name\":\"David Garc\u00eda\",\"image\":{\"@type\":\"ImageObject\",\"inLanguage\":\"es\",\"@id\":\"https:\/\/www.oficinaempleo.com\/blog\/#\/schema\/person\/image\/\",\"url\":\"https:\/\/secure.gravatar.com\/avatar\/e790fd54d7ada3dd19d3bebd1baf92ae088ffc6c3574e2d74d180130b4099a61?s=96&d=mm&r=g\",\"contentUrl\":\"https:\/\/secure.gravatar.com\/avatar\/e790fd54d7ada3dd19d3bebd1baf92ae088ffc6c3574e2d74d180130b4099a61?s=96&d=mm&r=g\",\"caption\":\"David Garc\u00eda\"},\"url\":\"https:\/\/www.oficinaempleo.com\/blog\/author\/david\/\"}]}<\/script>\n<!-- \/ Yoast SEO plugin. -->","yoast_head_json":{"title":"Ayudas para personas discapacitadas - Oficina Empleo","description":"Las administraciones p\u00fablicas han desarrollado un programa de ayudas econ\u00f3micas para discapacitados muy completa. Aqu\u00ed te dejamos las mejores.","robots":{"index":"index","follow":"follow","max-snippet":"max-snippet:-1","max-image-preview":"max-image-preview:large","max-video-preview":"max-video-preview:-1"},"canonical":"https:\/\/www.oficinaempleo.com\/blog\/ayudas-para-personas-discapacitadas\/","og_locale":"es_ES","og_type":"article","og_title":"Ayudas para personas discapacitadas - Oficina Empleo","og_description":"Las administraciones p\u00fablicas han desarrollado un programa de ayudas econ\u00f3micas para discapacitados muy completa. Aqu\u00ed te dejamos las mejores.","og_url":"https:\/\/www.oficinaempleo.com\/blog\/ayudas-para-personas-discapacitadas\/","og_site_name":"Noticias y consejos de empleo | Blog OficinaEmpleo","article_published_time":"2016-12-09T08:10:58+00:00","og_image":[{"width":590,"height":315,"url":"https:\/\/www.oficinaempleo.com\/blog\/wp-content\/uploads\/2016\/12\/discapacitado_destacada.jpg","type":"image\/jpeg"}],"author":"David Garc\u00eda","twitter_card":"summary_large_image","twitter_creator":"@OficinaEmpleo","twitter_site":"@OficinaEmpleo","twitter_misc":{"Written by":"David Garc\u00eda","Est. reading time":"3 minutos"},"schema":{"@context":"https:\/\/schema.org","@graph":[{"@type":"Article","@id":"https:\/\/www.oficinaempleo.com\/blog\/ayudas-para-personas-discapacitadas\/#article","isPartOf":{"@id":"https:\/\/www.oficinaempleo.com\/blog\/ayudas-para-personas-discapacitadas\/"},"author":{"name":"David Garc\u00eda","@id":"https:\/\/www.oficinaempleo.com\/blog\/#\/schema\/person\/fb90e38571c727c56dd2231966ab3358"},"headline":"Ayudas para personas discapacitadas","datePublished":"2016-12-09T08:10:58+00:00","mainEntityOfPage":{"@id":"https:\/\/www.oficinaempleo.com\/blog\/ayudas-para-personas-discapacitadas\/"},"wordCount":694,"commentCount":0,"publisher":{"@id":"https:\/\/www.oficinaempleo.com\/blog\/#organization"},"image":{"@id":"https:\/\/www.oficinaempleo.com\/blog\/ayudas-para-personas-discapacitadas\/#primaryimage"},"thumbnailUrl":"https:\/\/www.oficinaempleo.com\/blog\/wp-content\/uploads\/2016\/12\/discapacitado_destacada.jpg","keywords":["ayudas a la discapacidad","ayudas econ\u00f3micas","discapacidad","discapacitados","ventajas para discapacitados"],"articleSection":["Consejos y Recursos"],"inLanguage":"es","potentialAction":[{"@type":"CommentAction","name":"Comment","target":["https:\/\/www.oficinaempleo.com\/blog\/ayudas-para-personas-discapacitadas\/#respond"]}]},{"@type":"WebPage","@id":"https:\/\/www.oficinaempleo.com\/blog\/ayudas-para-personas-discapacitadas\/","url":"https:\/\/www.oficinaempleo.com\/blog\/ayudas-para-personas-discapacitadas\/","name":"Ayudas para personas discapacitadas - Oficina Empleo","isPartOf":{"@id":"https:\/\/www.oficinaempleo.com\/blog\/#website"},"primaryImageOfPage":{"@id":"https:\/\/www.oficinaempleo.com\/blog\/ayudas-para-personas-discapacitadas\/#primaryimage"},"image":{"@id":"https:\/\/www.oficinaempleo.com\/blog\/ayudas-para-personas-discapacitadas\/#primaryimage"},"thumbnailUrl":"https:\/\/www.oficinaempleo.com\/blog\/wp-content\/uploads\/2016\/12\/discapacitado_destacada.jpg","datePublished":"2016-12-09T08:10:58+00:00","description":"Las administraciones p\u00fablicas han desarrollado un programa de ayudas econ\u00f3micas para discapacitados muy completa. Aqu\u00ed te dejamos las mejores.","breadcrumb":{"@id":"https:\/\/www.oficinaempleo.com\/blog\/ayudas-para-personas-discapacitadas\/#breadcrumb"},"inLanguage":"es","potentialAction":[{"@type":"ReadAction","target":["https:\/\/www.oficinaempleo.com\/blog\/ayudas-para-personas-discapacitadas\/"]}]},{"@type":"ImageObject","inLanguage":"es","@id":"https:\/\/www.oficinaempleo.com\/blog\/ayudas-para-personas-discapacitadas\/#primaryimage","url":"https:\/\/www.oficinaempleo.com\/blog\/wp-content\/uploads\/2016\/12\/discapacitado_destacada.jpg","contentUrl":"https:\/\/www.oficinaempleo.com\/blog\/wp-content\/uploads\/2016\/12\/discapacitado_destacada.jpg","width":590,"height":315},{"@type":"BreadcrumbList","@id":"https:\/\/www.oficinaempleo.com\/blog\/ayudas-para-personas-discapacitadas\/#breadcrumb","itemListElement":[{"@type":"ListItem","position":1,"name":"Home","item":"https:\/\/www.oficinaempleo.com\/blog\/"},{"@type":"ListItem","position":2,"name":"Ayudas para personas discapacitadas"}]},{"@type":"WebSite","@id":"https:\/\/www.oficinaempleo.com\/blog\/#website","url":"https:\/\/www.oficinaempleo.com\/blog\/","name":"Noticias y Consejos de Empleo | Blog OficinaEmpleo","description":"","publisher":{"@id":"https:\/\/www.oficinaempleo.com\/blog\/#organization"},"potentialAction":[{"@type":"SearchAction","target":{"@type":"EntryPoint","urlTemplate":"https:\/\/www.oficinaempleo.com\/blog\/?s={search_term_string}"},"query-input":{"@type":"PropertyValueSpecification","valueRequired":true,"valueName":"search_term_string"}}],"inLanguage":"es"},{"@type":"Organization","@id":"https:\/\/www.oficinaempleo.com\/blog\/#organization","name":"OficinaEmpleo","url":"https:\/\/www.oficinaempleo.com\/blog\/","logo":{"@type":"ImageObject","inLanguage":"es","@id":"https:\/\/www.oficinaempleo.com\/blog\/#\/schema\/logo\/image\/","url":"https:\/\/www.oficinaempleo.com\/blog\/wp-content\/uploads\/2018\/10\/logo_footer-1.jpg","contentUrl":"https:\/\/www.oficinaempleo.com\/blog\/wp-content\/uploads\/2018\/10\/logo_footer-1.jpg","width":478,"height":57,"caption":"OficinaEmpleo"},"image":{"@id":"https:\/\/www.oficinaempleo.com\/blog\/#\/schema\/logo\/image\/"},"sameAs":["https:\/\/x.com\/OficinaEmpleo"]},{"@type":"Person","@id":"https:\/\/www.oficinaempleo.com\/blog\/#\/schema\/person\/fb90e38571c727c56dd2231966ab3358","name":"David Garc\u00eda","image":{"@type":"ImageObject","inLanguage":"es","@id":"https:\/\/www.oficinaempleo.com\/blog\/#\/schema\/person\/image\/","url":"https:\/\/secure.gravatar.com\/avatar\/e790fd54d7ada3dd19d3bebd1baf92ae088ffc6c3574e2d74d180130b4099a61?s=96&d=mm&r=g","contentUrl":"https:\/\/secure.gravatar.com\/avatar\/e790fd54d7ada3dd19d3bebd1baf92ae088ffc6c3574e2d74d180130b4099a61?s=96&d=mm&r=g","caption":"David Garc\u00eda"},"url":"https:\/\/www.oficinaempleo.com\/blog\/author\/david\/"}]}},"_links":{"self":[{"href":"https:\/\/www.oficinaempleo.com\/blog\/wp-json\/wp\/v2\/posts\/16351","targetHints":{"allow":["GET"]}}],"collection":[{"href":"https:\/\/www.oficinaempleo.com\/blog\/wp-json\/wp\/v2\/posts"}],"about":[{"href":"https:\/\/www.oficinaempleo.com\/blog\/wp-json\/wp\/v2\/types\/post"}],"author":[{"embeddable":true,"href":"https:\/\/www.oficinaempleo.com\/blog\/wp-json\/wp\/v2\/users\/5"}],"replies":[{"embeddable":true,"href":"https:\/\/www.oficinaempleo.com\/blog\/wp-json\/wp\/v2\/comments?post=16351"}],"version-history":[{"count":0,"href":"https:\/\/www.oficinaempleo.com\/blog\/wp-json\/wp\/v2\/posts\/16351\/revisions"}],"wp:featuredmedia":[{"embeddable":true,"href":"https:\/\/www.oficinaempleo.com\/blog\/wp-json\/wp\/v2\/media\/16353"}],"wp:attachment":[{"href":"https:\/\/www.oficinaempleo.com\/blog\/wp-json\/wp\/v2\/media?parent=16351"}],"wp:term":[{"taxonomy":"category","embeddable":true,"href":"https:\/\/www.oficinaempleo.com\/blog\/wp-json\/wp\/v2\/categories?post=16351"},{"taxonomy":"post_tag","embeddable":true,"href":"https:\/\/www.oficinaempleo.com\/blog\/wp-json\/wp\/v2\/tags?post=16351"}],"curies":[{"name":"wp","href":"https:\/\/api.w.org\/{rel}","templated":true}]}}