{"id":16784,"date":"2016-12-27T12:09:50","date_gmt":"2016-12-27T10:09:50","guid":{"rendered":"https:\/\/www.oficinaempleo.com\/blog\/?p=16784"},"modified":"2017-01-12T19:04:24","modified_gmt":"2017-01-12T17:04:24","slug":"ikea-abre-nuevos-centros-espana","status":"publish","type":"post","link":"https:\/\/www.oficinaempleo.com\/blog\/ikea-abre-nuevos-centros-espana\/","title":{"rendered":"Ikea abre tres nuevos centros en Espa\u00f1a"},"content":{"rendered":"<p style=\"text-align: left;\"><div class=\"su-button-center\"><a href=\"https:\/\/jobs.oficinaempleo.com\/registro?origen=ORG-web&#038;utm_source=OE&#038;utm_medium=boton_registro&#038;utm_content=homepage&#038;utm_campaign=organic\" class=\"su-button su-button-style-flat\" style=\"color:#FFFFFF;background-color:#ec7d0c;border-color:#bd640a;border-radius:10px\" target=\"__blank\"><span style=\"color:#FFFFFF;padding:8px 26px;font-size:20px;line-height:30px;border-color:#f2a455;border-radius:10px;text-shadow:none\"><i class=\"sui sui-arrow-circle-right\" style=\"font-size:20px;color:#FFFFFF\"><\/i> Reg\u00edstrate gratis en OficinaEmpleo<\/span><\/a><\/div><div class=\"su-spacer\" style=\"height:30px\"><\/div>El gigante sueco especializado en el hogar acaba de dar a conocer sus planes de expansi\u00f3n en la Comunidad Valenciana. Tras el rotundo \u00e9xito de su tienda en la localidad de Alfafar, donde han facturado un 5% m\u00e1s que el a\u00f1o pasado, Ikea quiere abrir una <strong>nueva superficie en el centro de Valencia<\/strong> y dos puntos de recogida en Castell\u00f3n y Alicante.<\/p>\n<p><a href=\"https:\/\/www.oficinaempleo.com\/blog\/wp-content\/uploads\/2016\/12\/ikea.jpg\"><img loading=\"lazy\" decoding=\"async\" class=\"alignnone wp-image-16785\" src=\"https:\/\/www.oficinaempleo.com\/blog\/wp-content\/uploads\/2016\/12\/ikea-300x155.jpg\" alt=\"Ikea abre tres nuevos centros en Espa\u00f1a\" width=\"610\" height=\"315\" srcset=\"https:\/\/www.oficinaempleo.com\/blog\/wp-content\/uploads\/2016\/12\/ikea-300x155.jpg 300w, https:\/\/www.oficinaempleo.com\/blog\/wp-content\/uploads\/2016\/12\/ikea-290x150.jpg 290w, https:\/\/www.oficinaempleo.com\/blog\/wp-content\/uploads\/2016\/12\/ikea.jpg 600w\" sizes=\"auto, (max-width: 610px) 100vw, 610px\" \/><\/a><\/p>\n<p>La ciudad del Turia contar\u00e1 con un Ikea en el la zona centro, m\u00e1s exactamente en la calle Col\u00f3n. Esta superficie ser\u00e1 algo m\u00e1s peque\u00f1a que los tradicionales ya que se busca ser m\u00e1s accesible, llegar a m\u00e1s clientes y no tener que usar obligatoriamente el coche para acudir a ella.<\/p>\n<p>Tal ha sido el buen sabor de boca de la compa\u00f1\u00eda sueca con la regi\u00f3n que, adem\u00e1s, va a abrir<strong> dos puntos de recogida<\/strong>, uno en Castell\u00f3n y otro en Alicante. De esta manera, los clientes que realicen sus compras online no tendr\u00e1n que desplazarse a Valencia para recoger su pedido.<\/p>\n<p>\u00bfY c\u00f3mo afectar\u00e1 estas aperturas a la creaci\u00f3n de puestos de trabajo? Aunque a\u00fan no se conocen las cifras exactas, se espera que los nuevos centros creen varios centenares de empleos.<\/p>\n<p>Si tomamos como referencia la tienda de Alfafar, que cuenta con una plantilla de <strong>500 trabajadores<\/strong>, se estima que estas inauguraciones necesitar\u00e1n un n\u00famero similar de profesionales para funcionamiento.<\/p>\n<p>Las condiciones laborales tampoco han trascendido, pero en la superficie que tiene Ikea en la Comunidad Valenciana el 80% de la plantilla son indefinidos. Si quieres saber <a href=\"https:\/\/www.oficinaempleo.com\/blog\/como-trabajar-en-ikea\/\" >c\u00f3mo\u00a0trabajar en Ikea<\/a> s\u00f3lo tienes que estar al tanto de su <a href=\"http:\/\/www.ikea.com\/ms\/es_ES\/this-is-ikea\/working-at-the-ikea-group\/index.html\" >secci\u00f3n de empleo<\/a>, ah\u00ed podr\u00e1s encontrar todas las ofertas disponibles.<\/p>\n<p>Con estas tres aperturas la multinacional sueca continua su imparable expansi\u00f3n en Espa\u00f1a. Actualmente cuenta con <strong>17 superficies<\/strong> repartidas a lo largo de la geograf\u00eda espa\u00f1ola y da empleo a m\u00e1s de 7.000 trabajadores. Como dato a destacar, el 60% de su plantilla son mujeres.<\/p>\n<p>Tanto si te interesa esta oferta de<a href=\"https:\/\/www.oficinaempleo.com\/ofertas-empleo-en\/valencia\" > trabajo en Valencia<\/a> como en otras regiones de Espa\u00f1a, echa un ojo a las vacantes que tenemos para ti en Oficina Empleo.<\/p>\n<div class=\"su-button-center\"><a href=\"https:\/\/jobs.oficinaempleo.com\/registro?origen=ORG-web&#038;utm_source=OE&#038;utm_medium=boton_registro&#038;utm_content=homepage&#038;utm_campaign=organic\" class=\"su-button su-button-style-flat\" style=\"color:#FFFFFF;background-color:#ec7d0c;border-color:#bd640a;border-radius:10px\" target=\"__blank\"><span style=\"color:#FFFFFF;padding:8px 26px;font-size:20px;line-height:30px;border-color:#f2a455;border-radius:10px;text-shadow:none\"><i class=\"sui sui-arrow-circle-right\" style=\"font-size:20px;color:#FFFFFF\"><\/i> Reg\u00edstrate gratis en OficinaEmpleo<\/span><\/a><\/div><div class=\"su-spacer\" style=\"height:30px\"><\/div>\n","protected":false},"excerpt":{"rendered":"<p>El gigante sueco especializado en el hogar acaba de dar a conocer sus planes de expansi\u00f3n en la Comunidad Valenciana. Tras el rotundo \u00e9xito de su tienda en la localidad de Alfafar, donde han facturado un 5% m\u00e1s que el a\u00f1o pasado, Ikea quiere abrir una nueva superficie en el centro de Valencia y dos [&hellip;]<\/p>\n","protected":false},"author":17,"featured_media":16785,"comment_status":"open","ping_status":"open","sticky":false,"template":"","format":"standard","meta":{"footnotes":""},"categories":[3],"tags":[164,44,24,533,1274,25,1063],"class_list":["post-16784","post","type-post","status-publish","format-standard","has-post-thumbnail","hentry","category-noticias-empleo","tag-buscar-empleo","tag-buscar-trabajo","tag-empleo","tag-espana","tag-ikea","tag-trabajo","tag-vacantes","cat-3-id","has_thumb"],"yoast_head":"<!-- This site is optimized with the Yoast SEO plugin v27.1.1 - https:\/\/yoast.com\/product\/yoast-seo-wordpress\/ -->\n<title>Ikea abre tres nuevos centros en Espa\u00f1a - Oficina Empleo<\/title>\n<meta name=\"description\" content=\"La multinacional sueca continua su expansi\u00f3n en Espa\u00f1a y va abrir tres nuevas superficies a lo largo de la geograf\u00eda espa\u00f1ola.\" \/>\n<meta name=\"robots\" content=\"index, follow, max-snippet:-1, max-image-preview:large, max-video-preview:-1\" \/>\n<link rel=\"canonical\" href=\"https:\/\/www.oficinaempleo.com\/blog\/ikea-abre-nuevos-centros-espana\/\" \/>\n<meta property=\"og:locale\" content=\"es_ES\" \/>\n<meta property=\"og:type\" content=\"article\" \/>\n<meta property=\"og:title\" content=\"Ikea abre tres nuevos centros en Espa\u00f1a - Oficina Empleo\" \/>\n<meta property=\"og:description\" content=\"La multinacional sueca continua su expansi\u00f3n en Espa\u00f1a y va abrir tres nuevas superficies a lo largo de la geograf\u00eda espa\u00f1ola.\" \/>\n<meta property=\"og:url\" content=\"https:\/\/www.oficinaempleo.com\/blog\/ikea-abre-nuevos-centros-espana\/\" \/>\n<meta property=\"og:site_name\" content=\"Noticias y consejos de empleo | Blog OficinaEmpleo\" \/>\n<meta property=\"article:published_time\" content=\"2016-12-27T10:09:50+00:00\" \/>\n<meta property=\"article:modified_time\" content=\"2017-01-12T17:04:24+00:00\" \/>\n<meta property=\"og:image\" content=\"https:\/\/www.oficinaempleo.com\/blog\/wp-content\/uploads\/2016\/12\/ikea.jpg\" \/>\n\t<meta property=\"og:image:width\" content=\"600\" \/>\n\t<meta property=\"og:image:height\" content=\"310\" \/>\n\t<meta property=\"og:image:type\" content=\"image\/jpeg\" \/>\n<meta name=\"author\" content=\"Rodrigo Hernandez Ballesteros\" \/>\n<meta name=\"twitter:card\" content=\"summary_large_image\" \/>\n<meta name=\"twitter:creator\" content=\"@OficinaEmpleo\" \/>\n<meta name=\"twitter:site\" content=\"@OficinaEmpleo\" \/>\n<meta name=\"twitter:label1\" content=\"Written by\" \/>\n\t<meta name=\"twitter:data1\" content=\"Rodrigo Hernandez Ballesteros\" \/>\n\t<meta name=\"twitter:label2\" content=\"Est. reading time\" \/>\n\t<meta name=\"twitter:data2\" content=\"2 minutos\" \/>\n<script type=\"application\/ld+json\" class=\"yoast-schema-graph\">{\"@context\":\"https:\/\/schema.org\",\"@graph\":[{\"@type\":\"Article\",\"@id\":\"https:\/\/www.oficinaempleo.com\/blog\/ikea-abre-nuevos-centros-espana\/#article\",\"isPartOf\":{\"@id\":\"https:\/\/www.oficinaempleo.com\/blog\/ikea-abre-nuevos-centros-espana\/\"},\"author\":{\"name\":\"Rodrigo Hernandez Ballesteros\",\"@id\":\"https:\/\/www.oficinaempleo.com\/blog\/#\/schema\/person\/3bf44eadf268c282a0ed32038f8b6318\"},\"headline\":\"Ikea abre tres nuevos centros en Espa\u00f1a\",\"datePublished\":\"2016-12-27T10:09:50+00:00\",\"dateModified\":\"2017-01-12T17:04:24+00:00\",\"mainEntityOfPage\":{\"@id\":\"https:\/\/www.oficinaempleo.com\/blog\/ikea-abre-nuevos-centros-espana\/\"},\"wordCount\":443,\"commentCount\":171,\"publisher\":{\"@id\":\"https:\/\/www.oficinaempleo.com\/blog\/#organization\"},\"image\":{\"@id\":\"https:\/\/www.oficinaempleo.com\/blog\/ikea-abre-nuevos-centros-espana\/#primaryimage\"},\"thumbnailUrl\":\"https:\/\/www.oficinaempleo.com\/blog\/wp-content\/uploads\/2016\/12\/ikea.jpg\",\"keywords\":[\"buscar empleo\",\"buscar trabajo\",\"empleo\",\"Espa\u00f1a\",\"IKEA\",\"trabajo\",\"vacantes\"],\"articleSection\":[\"Noticias Empleo\"],\"inLanguage\":\"es\",\"potentialAction\":[{\"@type\":\"CommentAction\",\"name\":\"Comment\",\"target\":[\"https:\/\/www.oficinaempleo.com\/blog\/ikea-abre-nuevos-centros-espana\/#respond\"]}]},{\"@type\":\"WebPage\",\"@id\":\"https:\/\/www.oficinaempleo.com\/blog\/ikea-abre-nuevos-centros-espana\/\",\"url\":\"https:\/\/www.oficinaempleo.com\/blog\/ikea-abre-nuevos-centros-espana\/\",\"name\":\"Ikea abre tres nuevos centros en Espa\u00f1a - Oficina Empleo\",\"isPartOf\":{\"@id\":\"https:\/\/www.oficinaempleo.com\/blog\/#website\"},\"primaryImageOfPage\":{\"@id\":\"https:\/\/www.oficinaempleo.com\/blog\/ikea-abre-nuevos-centros-espana\/#primaryimage\"},\"image\":{\"@id\":\"https:\/\/www.oficinaempleo.com\/blog\/ikea-abre-nuevos-centros-espana\/#primaryimage\"},\"thumbnailUrl\":\"https:\/\/www.oficinaempleo.com\/blog\/wp-content\/uploads\/2016\/12\/ikea.jpg\",\"datePublished\":\"2016-12-27T10:09:50+00:00\",\"dateModified\":\"2017-01-12T17:04:24+00:00\",\"description\":\"La multinacional sueca continua su expansi\u00f3n en Espa\u00f1a y va abrir tres nuevas superficies a lo largo de la geograf\u00eda espa\u00f1ola.\",\"breadcrumb\":{\"@id\":\"https:\/\/www.oficinaempleo.com\/blog\/ikea-abre-nuevos-centros-espana\/#breadcrumb\"},\"inLanguage\":\"es\",\"potentialAction\":[{\"@type\":\"ReadAction\",\"target\":[\"https:\/\/www.oficinaempleo.com\/blog\/ikea-abre-nuevos-centros-espana\/\"]}]},{\"@type\":\"ImageObject\",\"inLanguage\":\"es\",\"@id\":\"https:\/\/www.oficinaempleo.com\/blog\/ikea-abre-nuevos-centros-espana\/#primaryimage\",\"url\":\"https:\/\/www.oficinaempleo.com\/blog\/wp-content\/uploads\/2016\/12\/ikea.jpg\",\"contentUrl\":\"https:\/\/www.oficinaempleo.com\/blog\/wp-content\/uploads\/2016\/12\/ikea.jpg\",\"width\":600,\"height\":310},{\"@type\":\"BreadcrumbList\",\"@id\":\"https:\/\/www.oficinaempleo.com\/blog\/ikea-abre-nuevos-centros-espana\/#breadcrumb\",\"itemListElement\":[{\"@type\":\"ListItem\",\"position\":1,\"name\":\"Home\",\"item\":\"https:\/\/www.oficinaempleo.com\/blog\/\"},{\"@type\":\"ListItem\",\"position\":2,\"name\":\"Ikea abre tres nuevos centros en Espa\u00f1a\"}]},{\"@type\":\"WebSite\",\"@id\":\"https:\/\/www.oficinaempleo.com\/blog\/#website\",\"url\":\"https:\/\/www.oficinaempleo.com\/blog\/\",\"name\":\"Noticias y Consejos de Empleo | Blog OficinaEmpleo\",\"description\":\"\",\"publisher\":{\"@id\":\"https:\/\/www.oficinaempleo.com\/blog\/#organization\"},\"potentialAction\":[{\"@type\":\"SearchAction\",\"target\":{\"@type\":\"EntryPoint\",\"urlTemplate\":\"https:\/\/www.oficinaempleo.com\/blog\/?s={search_term_string}\"},\"query-input\":{\"@type\":\"PropertyValueSpecification\",\"valueRequired\":true,\"valueName\":\"search_term_string\"}}],\"inLanguage\":\"es\"},{\"@type\":\"Organization\",\"@id\":\"https:\/\/www.oficinaempleo.com\/blog\/#organization\",\"name\":\"OficinaEmpleo\",\"url\":\"https:\/\/www.oficinaempleo.com\/blog\/\",\"logo\":{\"@type\":\"ImageObject\",\"inLanguage\":\"es\",\"@id\":\"https:\/\/www.oficinaempleo.com\/blog\/#\/schema\/logo\/image\/\",\"url\":\"https:\/\/www.oficinaempleo.com\/blog\/wp-content\/uploads\/2018\/10\/logo_footer-1.jpg\",\"contentUrl\":\"https:\/\/www.oficinaempleo.com\/blog\/wp-content\/uploads\/2018\/10\/logo_footer-1.jpg\",\"width\":478,\"height\":57,\"caption\":\"OficinaEmpleo\"},\"image\":{\"@id\":\"https:\/\/www.oficinaempleo.com\/blog\/#\/schema\/logo\/image\/\"},\"sameAs\":[\"https:\/\/x.com\/OficinaEmpleo\"]},{\"@type\":\"Person\",\"@id\":\"https:\/\/www.oficinaempleo.com\/blog\/#\/schema\/person\/3bf44eadf268c282a0ed32038f8b6318\",\"name\":\"Rodrigo Hernandez Ballesteros\",\"image\":{\"@type\":\"ImageObject\",\"inLanguage\":\"es\",\"@id\":\"https:\/\/www.oficinaempleo.com\/blog\/#\/schema\/person\/image\/\",\"url\":\"https:\/\/secure.gravatar.com\/avatar\/88379bc026cd114c7b1b9f1c6ff0ff8ab9b1013a10c48d30ac943f07f5a82ccf?s=96&d=mm&r=g\",\"contentUrl\":\"https:\/\/secure.gravatar.com\/avatar\/88379bc026cd114c7b1b9f1c6ff0ff8ab9b1013a10c48d30ac943f07f5a82ccf?s=96&d=mm&r=g\",\"caption\":\"Rodrigo Hernandez Ballesteros\"},\"url\":\"https:\/\/www.oficinaempleo.com\/blog\/author\/rodrigo\/\"}]}<\/script>\n<!-- \/ Yoast SEO plugin. -->","yoast_head_json":{"title":"Ikea abre tres nuevos centros en Espa\u00f1a - Oficina Empleo","description":"La multinacional sueca continua su expansi\u00f3n en Espa\u00f1a y va abrir tres nuevas superficies a lo largo de la geograf\u00eda espa\u00f1ola.","robots":{"index":"index","follow":"follow","max-snippet":"max-snippet:-1","max-image-preview":"max-image-preview:large","max-video-preview":"max-video-preview:-1"},"canonical":"https:\/\/www.oficinaempleo.com\/blog\/ikea-abre-nuevos-centros-espana\/","og_locale":"es_ES","og_type":"article","og_title":"Ikea abre tres nuevos centros en Espa\u00f1a - Oficina Empleo","og_description":"La multinacional sueca continua su expansi\u00f3n en Espa\u00f1a y va abrir tres nuevas superficies a lo largo de la geograf\u00eda espa\u00f1ola.","og_url":"https:\/\/www.oficinaempleo.com\/blog\/ikea-abre-nuevos-centros-espana\/","og_site_name":"Noticias y consejos de empleo | Blog OficinaEmpleo","article_published_time":"2016-12-27T10:09:50+00:00","article_modified_time":"2017-01-12T17:04:24+00:00","og_image":[{"width":600,"height":310,"url":"https:\/\/www.oficinaempleo.com\/blog\/wp-content\/uploads\/2016\/12\/ikea.jpg","type":"image\/jpeg"}],"author":"Rodrigo Hernandez Ballesteros","twitter_card":"summary_large_image","twitter_creator":"@OficinaEmpleo","twitter_site":"@OficinaEmpleo","twitter_misc":{"Written by":"Rodrigo Hernandez Ballesteros","Est. reading time":"2 minutos"},"schema":{"@context":"https:\/\/schema.org","@graph":[{"@type":"Article","@id":"https:\/\/www.oficinaempleo.com\/blog\/ikea-abre-nuevos-centros-espana\/#article","isPartOf":{"@id":"https:\/\/www.oficinaempleo.com\/blog\/ikea-abre-nuevos-centros-espana\/"},"author":{"name":"Rodrigo Hernandez Ballesteros","@id":"https:\/\/www.oficinaempleo.com\/blog\/#\/schema\/person\/3bf44eadf268c282a0ed32038f8b6318"},"headline":"Ikea abre tres nuevos centros en Espa\u00f1a","datePublished":"2016-12-27T10:09:50+00:00","dateModified":"2017-01-12T17:04:24+00:00","mainEntityOfPage":{"@id":"https:\/\/www.oficinaempleo.com\/blog\/ikea-abre-nuevos-centros-espana\/"},"wordCount":443,"commentCount":171,"publisher":{"@id":"https:\/\/www.oficinaempleo.com\/blog\/#organization"},"image":{"@id":"https:\/\/www.oficinaempleo.com\/blog\/ikea-abre-nuevos-centros-espana\/#primaryimage"},"thumbnailUrl":"https:\/\/www.oficinaempleo.com\/blog\/wp-content\/uploads\/2016\/12\/ikea.jpg","keywords":["buscar empleo","buscar trabajo","empleo","Espa\u00f1a","IKEA","trabajo","vacantes"],"articleSection":["Noticias Empleo"],"inLanguage":"es","potentialAction":[{"@type":"CommentAction","name":"Comment","target":["https:\/\/www.oficinaempleo.com\/blog\/ikea-abre-nuevos-centros-espana\/#respond"]}]},{"@type":"WebPage","@id":"https:\/\/www.oficinaempleo.com\/blog\/ikea-abre-nuevos-centros-espana\/","url":"https:\/\/www.oficinaempleo.com\/blog\/ikea-abre-nuevos-centros-espana\/","name":"Ikea abre tres nuevos centros en Espa\u00f1a - Oficina Empleo","isPartOf":{"@id":"https:\/\/www.oficinaempleo.com\/blog\/#website"},"primaryImageOfPage":{"@id":"https:\/\/www.oficinaempleo.com\/blog\/ikea-abre-nuevos-centros-espana\/#primaryimage"},"image":{"@id":"https:\/\/www.oficinaempleo.com\/blog\/ikea-abre-nuevos-centros-espana\/#primaryimage"},"thumbnailUrl":"https:\/\/www.oficinaempleo.com\/blog\/wp-content\/uploads\/2016\/12\/ikea.jpg","datePublished":"2016-12-27T10:09:50+00:00","dateModified":"2017-01-12T17:04:24+00:00","description":"La multinacional sueca continua su expansi\u00f3n en Espa\u00f1a y va abrir tres nuevas superficies a lo largo de la geograf\u00eda espa\u00f1ola.","breadcrumb":{"@id":"https:\/\/www.oficinaempleo.com\/blog\/ikea-abre-nuevos-centros-espana\/#breadcrumb"},"inLanguage":"es","potentialAction":[{"@type":"ReadAction","target":["https:\/\/www.oficinaempleo.com\/blog\/ikea-abre-nuevos-centros-espana\/"]}]},{"@type":"ImageObject","inLanguage":"es","@id":"https:\/\/www.oficinaempleo.com\/blog\/ikea-abre-nuevos-centros-espana\/#primaryimage","url":"https:\/\/www.oficinaempleo.com\/blog\/wp-content\/uploads\/2016\/12\/ikea.jpg","contentUrl":"https:\/\/www.oficinaempleo.com\/blog\/wp-content\/uploads\/2016\/12\/ikea.jpg","width":600,"height":310},{"@type":"BreadcrumbList","@id":"https:\/\/www.oficinaempleo.com\/blog\/ikea-abre-nuevos-centros-espana\/#breadcrumb","itemListElement":[{"@type":"ListItem","position":1,"name":"Home","item":"https:\/\/www.oficinaempleo.com\/blog\/"},{"@type":"ListItem","position":2,"name":"Ikea abre tres nuevos centros en Espa\u00f1a"}]},{"@type":"WebSite","@id":"https:\/\/www.oficinaempleo.com\/blog\/#website","url":"https:\/\/www.oficinaempleo.com\/blog\/","name":"Noticias y Consejos de Empleo | Blog OficinaEmpleo","description":"","publisher":{"@id":"https:\/\/www.oficinaempleo.com\/blog\/#organization"},"potentialAction":[{"@type":"SearchAction","target":{"@type":"EntryPoint","urlTemplate":"https:\/\/www.oficinaempleo.com\/blog\/?s={search_term_string}"},"query-input":{"@type":"PropertyValueSpecification","valueRequired":true,"valueName":"search_term_string"}}],"inLanguage":"es"},{"@type":"Organization","@id":"https:\/\/www.oficinaempleo.com\/blog\/#organization","name":"OficinaEmpleo","url":"https:\/\/www.oficinaempleo.com\/blog\/","logo":{"@type":"ImageObject","inLanguage":"es","@id":"https:\/\/www.oficinaempleo.com\/blog\/#\/schema\/logo\/image\/","url":"https:\/\/www.oficinaempleo.com\/blog\/wp-content\/uploads\/2018\/10\/logo_footer-1.jpg","contentUrl":"https:\/\/www.oficinaempleo.com\/blog\/wp-content\/uploads\/2018\/10\/logo_footer-1.jpg","width":478,"height":57,"caption":"OficinaEmpleo"},"image":{"@id":"https:\/\/www.oficinaempleo.com\/blog\/#\/schema\/logo\/image\/"},"sameAs":["https:\/\/x.com\/OficinaEmpleo"]},{"@type":"Person","@id":"https:\/\/www.oficinaempleo.com\/blog\/#\/schema\/person\/3bf44eadf268c282a0ed32038f8b6318","name":"Rodrigo Hernandez Ballesteros","image":{"@type":"ImageObject","inLanguage":"es","@id":"https:\/\/www.oficinaempleo.com\/blog\/#\/schema\/person\/image\/","url":"https:\/\/secure.gravatar.com\/avatar\/88379bc026cd114c7b1b9f1c6ff0ff8ab9b1013a10c48d30ac943f07f5a82ccf?s=96&d=mm&r=g","contentUrl":"https:\/\/secure.gravatar.com\/avatar\/88379bc026cd114c7b1b9f1c6ff0ff8ab9b1013a10c48d30ac943f07f5a82ccf?s=96&d=mm&r=g","caption":"Rodrigo Hernandez Ballesteros"},"url":"https:\/\/www.oficinaempleo.com\/blog\/author\/rodrigo\/"}]}},"_links":{"self":[{"href":"https:\/\/www.oficinaempleo.com\/blog\/wp-json\/wp\/v2\/posts\/16784","targetHints":{"allow":["GET"]}}],"collection":[{"href":"https:\/\/www.oficinaempleo.com\/blog\/wp-json\/wp\/v2\/posts"}],"about":[{"href":"https:\/\/www.oficinaempleo.com\/blog\/wp-json\/wp\/v2\/types\/post"}],"author":[{"embeddable":true,"href":"https:\/\/www.oficinaempleo.com\/blog\/wp-json\/wp\/v2\/users\/17"}],"replies":[{"embeddable":true,"href":"https:\/\/www.oficinaempleo.com\/blog\/wp-json\/wp\/v2\/comments?post=16784"}],"version-history":[{"count":0,"href":"https:\/\/www.oficinaempleo.com\/blog\/wp-json\/wp\/v2\/posts\/16784\/revisions"}],"wp:featuredmedia":[{"embeddable":true,"href":"https:\/\/www.oficinaempleo.com\/blog\/wp-json\/wp\/v2\/media\/16785"}],"wp:attachment":[{"href":"https:\/\/www.oficinaempleo.com\/blog\/wp-json\/wp\/v2\/media?parent=16784"}],"wp:term":[{"taxonomy":"category","embeddable":true,"href":"https:\/\/www.oficinaempleo.com\/blog\/wp-json\/wp\/v2\/categories?post=16784"},{"taxonomy":"post_tag","embeddable":true,"href":"https:\/\/www.oficinaempleo.com\/blog\/wp-json\/wp\/v2\/tags?post=16784"}],"curies":[{"name":"wp","href":"https:\/\/api.w.org\/{rel}","templated":true}]}}