{"id":16798,"date":"2016-12-28T11:10:15","date_gmt":"2016-12-28T09:10:15","guid":{"rendered":"https:\/\/www.oficinaempleo.com\/blog\/?p=16798"},"modified":"2016-12-28T14:36:34","modified_gmt":"2016-12-28T12:36:34","slug":"mcdonalds-abre-su-linea-de-ropa-rapida","status":"publish","type":"post","link":"https:\/\/www.oficinaempleo.com\/blog\/mcdonalds-abre-su-linea-de-ropa-rapida\/","title":{"rendered":"McDonald\u2019s abre su l\u00ednea de ropa r\u00e1pida"},"content":{"rendered":"<div class=\"su-button-center\"><a href=\"https:\/\/jobs.oficinaempleo.com\/registro?origen=ORG-web&#038;utm_source=OE&#038;utm_medium=boton_registro&#038;utm_content=homepage&#038;utm_campaign=organic\" class=\"su-button su-button-style-flat\" style=\"color:#FFFFFF;background-color:#ec7d0c;border-color:#bd640a;border-radius:10px\" target=\"__blank\"><span style=\"color:#FFFFFF;padding:8px 26px;font-size:20px;line-height:30px;border-color:#f2a455;border-radius:10px;text-shadow:none\"><i class=\"sui sui-arrow-circle-right\" style=\"font-size:20px;color:#FFFFFF\"><\/i> Reg\u00edstrate gratis en OficinaEmpleo<\/span><\/a><\/div><strong><a href=\"https:\/\/www.mcdonalds.es\/\">McDonald\u2019s<\/a><\/strong> ha dado un paso m\u00e1s all\u00e1 en su pol\u00edtica de expansi\u00f3n y ha apostado por trasladar su idea de negocio de la comida r\u00e1pida al mundo de la moda con una nueva l\u00ednea de ropa r\u00e1pida. Despu\u00e9s de unas <strong>intensas negociaciones con Ronald McDonald<\/strong>, embajador mundial de la firma, la multinacional ha conseguido que su conocido representante acceda a desfilar con las nuevas creaciones en las principales semanas de la moda del mundo, como Nueva York, Par\u00eds, Londres, Mil\u00e1n, Madrid y Barcelona.<\/p>\n<p><a href=\"https:\/\/www.oficinaempleo.com\/blog\/wp-content\/uploads\/2016\/12\/bromainocentada.jpg\"><img loading=\"lazy\" decoding=\"async\" class=\"alignnone wp-image-16810\" src=\"https:\/\/www.oficinaempleo.com\/blog\/wp-content\/uploads\/2016\/12\/bromainocentada-300x157.jpg\" alt=\"bromainocentada\" width=\"592\" height=\"310\" srcset=\"https:\/\/www.oficinaempleo.com\/blog\/wp-content\/uploads\/2016\/12\/bromainocentada-300x157.jpg 300w, https:\/\/www.oficinaempleo.com\/blog\/wp-content\/uploads\/2016\/12\/bromainocentada-768x402.jpg 768w, https:\/\/www.oficinaempleo.com\/blog\/wp-content\/uploads\/2016\/12\/bromainocentada-1024x536.jpg 1024w, https:\/\/www.oficinaempleo.com\/blog\/wp-content\/uploads\/2016\/12\/bromainocentada.jpg 1200w\" sizes=\"auto, (max-width: 592px) 100vw, 592px\" \/><\/a><\/p>\n<p>Al parecer, <a href=\"https:\/\/www.oficinaempleo.com\/blog\/como-trabajar-en-mc-donalds\/\"><strong>McDonald\u2019s<\/strong><\/a> habr\u00eda contado con la dise\u00f1adora \u00c1gatha Ruiz de la Prada para crear originales prendas inspiradas en la firma, como el \u201c<strong>traje-hamburguesa<\/strong>\u201d para hombres -inspirado en sus \u00abtrajes-globo\u00bb, con un pepinillo en la solapa en lugar del cl\u00e1sico pa\u00f1uelo, y el \u201c<strong>vestido cuarto de libra con queso<\/strong>\u201d para mujeres, quienes podr\u00e1n ajustar a su gusto el largo del vestido para ense\u00f1ar m\u00e1s o menos carne. Todas las prendas juegan con diferentes combinaciones de los colores rojo, amarillo y blanco con una <strong>decidida apuesta por los tonos mostaza<\/strong>.<\/p>\n<p><img loading=\"lazy\" decoding=\"async\" class=\"alignnone size-full wp-image-16802\" src=\"https:\/\/www.oficinaempleo.com\/blog\/wp-content\/uploads\/2016\/12\/macdonalds.jpg\" alt=\"macdonalds\" width=\"590\" height=\"315\" srcset=\"https:\/\/www.oficinaempleo.com\/blog\/wp-content\/uploads\/2016\/12\/macdonalds.jpg 590w, https:\/\/www.oficinaempleo.com\/blog\/wp-content\/uploads\/2016\/12\/macdonalds-300x160.jpg 300w\" sizes=\"auto, (max-width: 590px) 100vw, 590px\" \/><\/p>\n<p>Los clientes de las tiendas de ropa McDonald\u2019s deber\u00e1n hacer cola en diferentes filas hasta que llegue su turno y puedan realizar sus pedidos. El personal preguntar\u00e1 a los clientes por su <strong>talla<\/strong> -s\u00f3lo habr\u00e1 tres disponibles: <strong>grande, mediana y peque\u00f1a<\/strong>&#8211; e informar\u00e1n mediante un micr\u00f3fono a sus compa\u00f1eros del men\u00fa elegido por el cliente, ya sea camisa+pantal\u00f3n, blusa+falda o camiseta+vaqueros. Adem\u00e1s, podr\u00e1n elegir entre los <strong>complementos disponibles<\/strong>, como calcetines y medias como los que luce la estrella Ronald McDonald.<\/p>\n<p>Eso s\u00ed, al tratarse de una <strong>l\u00ednea de ropa r\u00e1pida<\/strong>, los clientes que deseen adquirir sus prendas deber\u00e1n darse prisa para realizar sus compras porque \u00fanicamente dispondr\u00e1n de tres minutos para realizar sus compras. A partir de ese momento, cada minuto extra tendr\u00e1 un coste adicional de 1 euro. Una vez completado el proceso de compra, <strong>los clientes recibir\u00e1n sus pedidos en una bandeja de pl\u00e1stico<\/strong>, si van a ponerse la ropa en el local, <strong>o en una bolsa de papel<\/strong> en el caso de que prefieran la ropa para llevar.<\/p>\n<p>Seg\u00fan ha podido saber <a href=\"https:\/\/www.oficinaempleo.com\/\"><strong>OficinaEmpleo<\/strong><\/a>, el <a href=\"http:\/\/www.atleticodemadrid.com\/\"><strong>Atl\u00e9tico de Madrid<\/strong><\/a> estar\u00eda estudiando la posibilidad de lucir prendas de la nueva l\u00ednea de ropa de McDonald\u2019s en su indumentaria para la pr\u00f3xima temporada aprovechando la apuesta de la firma de comida (y ropa) r\u00e1pida por vestir a su estrella, Ronald McDonald, con ropa de rayas rojas y blancas.<\/p>\n<p>Hoy, 28 de diciembre, se va a inaugurar la primera tienda en Nueva york. Esta ser\u00e1 la primera de las m\u00e1s de 50 tiendas que se van a a abrir en todo el mundo. Si quieres estar al tanto de las ofertas para <a href=\"https:\/\/www.oficinaempleo.com\/blog\/como-trabajar-en-tiendas-de-ropa\/\" >trabajar en sus tiendas de ropa<\/a> s\u00f3lo tienes que estar pendiente a su <a href=\"http:\/\/www.mcdonalds.es\/rrhhmcdonalds\/\" >secci\u00f3n de empleo<\/a>.<\/p>\n<p>Hoy, <strong>28 de diciembre<\/strong>, se esperan grandes colas en la inauguraci\u00f3n de la gran tienda de ropa de McDonald\u2019s en Nueva York, a la que asistir\u00e1 en limusina el mism\u00edsimo <strong>Ronald McDonald<\/strong>. \u201cAqu\u00ed hay tomate, as\u00ed que no me puedo perder una fiesta as\u00ed\u201d, ha declarado Ronald McDonald en exclusiva a OficinaEmpleo.<\/p>\n<p>\u00a1Feliz d\u00eda de los Santos Inocentes!<\/p>\n<div class=\"su-button-center\"><a href=\"https:\/\/jobs.oficinaempleo.com\/registro?origen=ORG-web&#038;utm_source=OE&#038;utm_medium=boton_registro&#038;utm_content=homepage&#038;utm_campaign=organic\" class=\"su-button su-button-style-flat\" style=\"color:#FFFFFF;background-color:#ec7d0c;border-color:#bd640a;border-radius:10px\" target=\"__blank\"><span style=\"color:#FFFFFF;padding:8px 26px;font-size:20px;line-height:30px;border-color:#f2a455;border-radius:10px;text-shadow:none\"><i class=\"sui sui-arrow-circle-right\" style=\"font-size:20px;color:#FFFFFF\"><\/i> Reg\u00edstrate gratis en OficinaEmpleo<\/span><\/a><\/div>\n","protected":false},"excerpt":{"rendered":"<p>Roland McDonald desfilar\u00e1 con las nuevas creaciones en las principales pasarelas del mundo<\/p>\n","protected":false},"author":2,"featured_media":16810,"comment_status":"open","ping_status":"open","sticky":false,"template":"","format":"standard","meta":{"footnotes":""},"categories":[691],"tags":[4569,4571,4568,1617,4567,4570],"class_list":["post-16798","post","type-post","status-publish","format-standard","has-post-thumbnail","hentry","category-actualidad-empleo","tag-atletico-de-madrid","tag-comida-rapida","tag-linea-de-ropa-de-mcdonalds","tag-mcdonalds","tag-ronald-mcdonald","tag-ropa-de-macdonalds","cat-691-id","has_thumb"],"yoast_head":"<!-- This site is optimized with the Yoast SEO plugin v27.1.1 - https:\/\/yoast.com\/product\/yoast-seo-wordpress\/ -->\n<title>McDonald\u2019s abre su l\u00ednea de ropa r\u00e1pida - Oficina Empleo<\/title>\n<meta name=\"description\" content=\"El gigante americano busca aumentar su mercado y llegar a m\u00e1s p\u00fablicos con una l\u00ednea de ropa r\u00e1pida con la que satisfacer las necesidades del cliente.\" \/>\n<meta name=\"robots\" content=\"index, follow, max-snippet:-1, max-image-preview:large, max-video-preview:-1\" \/>\n<link rel=\"canonical\" href=\"https:\/\/www.oficinaempleo.com\/blog\/mcdonalds-abre-su-linea-de-ropa-rapida\/\" \/>\n<meta property=\"og:locale\" content=\"es_ES\" \/>\n<meta property=\"og:type\" content=\"article\" \/>\n<meta property=\"og:title\" content=\"McDonald\u2019s abre su l\u00ednea de ropa r\u00e1pida - Oficina Empleo\" \/>\n<meta property=\"og:description\" content=\"El gigante americano busca aumentar su mercado y llegar a m\u00e1s p\u00fablicos con una l\u00ednea de ropa r\u00e1pida con la que satisfacer las necesidades del cliente.\" \/>\n<meta property=\"og:url\" content=\"https:\/\/www.oficinaempleo.com\/blog\/mcdonalds-abre-su-linea-de-ropa-rapida\/\" \/>\n<meta property=\"og:site_name\" content=\"Noticias y consejos de empleo | Blog OficinaEmpleo\" \/>\n<meta property=\"article:author\" content=\"https:\/\/www.facebook.com\/OficinaEmpleo\" \/>\n<meta property=\"article:published_time\" content=\"2016-12-28T09:10:15+00:00\" \/>\n<meta property=\"article:modified_time\" content=\"2016-12-28T12:36:34+00:00\" \/>\n<meta property=\"og:image\" content=\"https:\/\/www.oficinaempleo.com\/blog\/wp-content\/uploads\/2016\/12\/bromainocentada.jpg\" \/>\n\t<meta property=\"og:image:width\" content=\"1200\" \/>\n\t<meta property=\"og:image:height\" content=\"628\" \/>\n\t<meta property=\"og:image:type\" content=\"image\/jpeg\" \/>\n<meta name=\"author\" content=\"OficinaEmpleo\" \/>\n<meta name=\"twitter:card\" content=\"summary_large_image\" \/>\n<meta name=\"twitter:creator\" content=\"@OficinaEmpleo\" \/>\n<meta name=\"twitter:site\" content=\"@OficinaEmpleo\" \/>\n<meta name=\"twitter:label1\" content=\"Written by\" \/>\n\t<meta name=\"twitter:data1\" content=\"OficinaEmpleo\" \/>\n\t<meta name=\"twitter:label2\" content=\"Est. reading time\" \/>\n\t<meta name=\"twitter:data2\" content=\"3 minutos\" \/>\n<script type=\"application\/ld+json\" class=\"yoast-schema-graph\">{\"@context\":\"https:\/\/schema.org\",\"@graph\":[{\"@type\":\"Article\",\"@id\":\"https:\/\/www.oficinaempleo.com\/blog\/mcdonalds-abre-su-linea-de-ropa-rapida\/#article\",\"isPartOf\":{\"@id\":\"https:\/\/www.oficinaempleo.com\/blog\/mcdonalds-abre-su-linea-de-ropa-rapida\/\"},\"author\":{\"name\":\"OficinaEmpleo\",\"@id\":\"https:\/\/www.oficinaempleo.com\/blog\/#\/schema\/person\/a7f3437f35bd6bd9ad19addae529a114\"},\"headline\":\"McDonald\u2019s abre su l\u00ednea de ropa r\u00e1pida\",\"datePublished\":\"2016-12-28T09:10:15+00:00\",\"dateModified\":\"2016-12-28T12:36:34+00:00\",\"mainEntityOfPage\":{\"@id\":\"https:\/\/www.oficinaempleo.com\/blog\/mcdonalds-abre-su-linea-de-ropa-rapida\/\"},\"wordCount\":667,\"commentCount\":10,\"publisher\":{\"@id\":\"https:\/\/www.oficinaempleo.com\/blog\/#organization\"},\"image\":{\"@id\":\"https:\/\/www.oficinaempleo.com\/blog\/mcdonalds-abre-su-linea-de-ropa-rapida\/#primaryimage\"},\"thumbnailUrl\":\"https:\/\/www.oficinaempleo.com\/blog\/wp-content\/uploads\/2016\/12\/bromainocentada.jpg\",\"keywords\":[\"atl\u00e9tico de madrid\",\"comida r\u00e1pida\",\"l\u00ednea de ropa de mcdonalds\",\"mcdonalds\",\"ronald mcdonald\",\"ropa de macdonalds\"],\"articleSection\":[\"Actualidad\"],\"inLanguage\":\"es\",\"potentialAction\":[{\"@type\":\"CommentAction\",\"name\":\"Comment\",\"target\":[\"https:\/\/www.oficinaempleo.com\/blog\/mcdonalds-abre-su-linea-de-ropa-rapida\/#respond\"]}]},{\"@type\":\"WebPage\",\"@id\":\"https:\/\/www.oficinaempleo.com\/blog\/mcdonalds-abre-su-linea-de-ropa-rapida\/\",\"url\":\"https:\/\/www.oficinaempleo.com\/blog\/mcdonalds-abre-su-linea-de-ropa-rapida\/\",\"name\":\"McDonald\u2019s abre su l\u00ednea de ropa r\u00e1pida - Oficina Empleo\",\"isPartOf\":{\"@id\":\"https:\/\/www.oficinaempleo.com\/blog\/#website\"},\"primaryImageOfPage\":{\"@id\":\"https:\/\/www.oficinaempleo.com\/blog\/mcdonalds-abre-su-linea-de-ropa-rapida\/#primaryimage\"},\"image\":{\"@id\":\"https:\/\/www.oficinaempleo.com\/blog\/mcdonalds-abre-su-linea-de-ropa-rapida\/#primaryimage\"},\"thumbnailUrl\":\"https:\/\/www.oficinaempleo.com\/blog\/wp-content\/uploads\/2016\/12\/bromainocentada.jpg\",\"datePublished\":\"2016-12-28T09:10:15+00:00\",\"dateModified\":\"2016-12-28T12:36:34+00:00\",\"description\":\"El gigante americano busca aumentar su mercado y llegar a m\u00e1s p\u00fablicos con una l\u00ednea de ropa r\u00e1pida con la que satisfacer las necesidades del cliente.\",\"breadcrumb\":{\"@id\":\"https:\/\/www.oficinaempleo.com\/blog\/mcdonalds-abre-su-linea-de-ropa-rapida\/#breadcrumb\"},\"inLanguage\":\"es\",\"potentialAction\":[{\"@type\":\"ReadAction\",\"target\":[\"https:\/\/www.oficinaempleo.com\/blog\/mcdonalds-abre-su-linea-de-ropa-rapida\/\"]}]},{\"@type\":\"ImageObject\",\"inLanguage\":\"es\",\"@id\":\"https:\/\/www.oficinaempleo.com\/blog\/mcdonalds-abre-su-linea-de-ropa-rapida\/#primaryimage\",\"url\":\"https:\/\/www.oficinaempleo.com\/blog\/wp-content\/uploads\/2016\/12\/bromainocentada.jpg\",\"contentUrl\":\"https:\/\/www.oficinaempleo.com\/blog\/wp-content\/uploads\/2016\/12\/bromainocentada.jpg\",\"width\":1200,\"height\":628},{\"@type\":\"BreadcrumbList\",\"@id\":\"https:\/\/www.oficinaempleo.com\/blog\/mcdonalds-abre-su-linea-de-ropa-rapida\/#breadcrumb\",\"itemListElement\":[{\"@type\":\"ListItem\",\"position\":1,\"name\":\"Home\",\"item\":\"https:\/\/www.oficinaempleo.com\/blog\/\"},{\"@type\":\"ListItem\",\"position\":2,\"name\":\"McDonald\u2019s abre su l\u00ednea de ropa r\u00e1pida\"}]},{\"@type\":\"WebSite\",\"@id\":\"https:\/\/www.oficinaempleo.com\/blog\/#website\",\"url\":\"https:\/\/www.oficinaempleo.com\/blog\/\",\"name\":\"Noticias y Consejos de Empleo | Blog OficinaEmpleo\",\"description\":\"\",\"publisher\":{\"@id\":\"https:\/\/www.oficinaempleo.com\/blog\/#organization\"},\"potentialAction\":[{\"@type\":\"SearchAction\",\"target\":{\"@type\":\"EntryPoint\",\"urlTemplate\":\"https:\/\/www.oficinaempleo.com\/blog\/?s={search_term_string}\"},\"query-input\":{\"@type\":\"PropertyValueSpecification\",\"valueRequired\":true,\"valueName\":\"search_term_string\"}}],\"inLanguage\":\"es\"},{\"@type\":\"Organization\",\"@id\":\"https:\/\/www.oficinaempleo.com\/blog\/#organization\",\"name\":\"OficinaEmpleo\",\"url\":\"https:\/\/www.oficinaempleo.com\/blog\/\",\"logo\":{\"@type\":\"ImageObject\",\"inLanguage\":\"es\",\"@id\":\"https:\/\/www.oficinaempleo.com\/blog\/#\/schema\/logo\/image\/\",\"url\":\"https:\/\/www.oficinaempleo.com\/blog\/wp-content\/uploads\/2018\/10\/logo_footer-1.jpg\",\"contentUrl\":\"https:\/\/www.oficinaempleo.com\/blog\/wp-content\/uploads\/2018\/10\/logo_footer-1.jpg\",\"width\":478,\"height\":57,\"caption\":\"OficinaEmpleo\"},\"image\":{\"@id\":\"https:\/\/www.oficinaempleo.com\/blog\/#\/schema\/logo\/image\/\"},\"sameAs\":[\"https:\/\/x.com\/OficinaEmpleo\"]},{\"@type\":\"Person\",\"@id\":\"https:\/\/www.oficinaempleo.com\/blog\/#\/schema\/person\/a7f3437f35bd6bd9ad19addae529a114\",\"name\":\"OficinaEmpleo\",\"image\":{\"@type\":\"ImageObject\",\"inLanguage\":\"es\",\"@id\":\"https:\/\/www.oficinaempleo.com\/blog\/#\/schema\/person\/image\/\",\"url\":\"https:\/\/secure.gravatar.com\/avatar\/ea822afb14d7439ba3051d652cf8f548fe540f184ce16a2135fc22c9337bd72e?s=96&d=mm&r=g\",\"contentUrl\":\"https:\/\/secure.gravatar.com\/avatar\/ea822afb14d7439ba3051d652cf8f548fe540f184ce16a2135fc22c9337bd72e?s=96&d=mm&r=g\",\"caption\":\"OficinaEmpleo\"},\"description\":\"En OficinaEmpleo queremos ayudarte a conseguir trabajo. Por eso, adem\u00e1s de ofrecerte ofertas de empleo en nuestro portal, te ense\u00f1amos las novedades del sector, y consejos para mejorar tu perfil.\",\"sameAs\":[\"http:\/\/www.oficinaempleo.com\/\",\"https:\/\/www.facebook.com\/OficinaEmpleo\",\"https:\/\/x.com\/OficinaEmpleo\"],\"url\":\"https:\/\/www.oficinaempleo.com\/blog\/author\/empleo\/\"}]}<\/script>\n<!-- \/ Yoast SEO plugin. -->","yoast_head_json":{"title":"McDonald\u2019s abre su l\u00ednea de ropa r\u00e1pida - Oficina Empleo","description":"El gigante americano busca aumentar su mercado y llegar a m\u00e1s p\u00fablicos con una l\u00ednea de ropa r\u00e1pida con la que satisfacer las necesidades del cliente.","robots":{"index":"index","follow":"follow","max-snippet":"max-snippet:-1","max-image-preview":"max-image-preview:large","max-video-preview":"max-video-preview:-1"},"canonical":"https:\/\/www.oficinaempleo.com\/blog\/mcdonalds-abre-su-linea-de-ropa-rapida\/","og_locale":"es_ES","og_type":"article","og_title":"McDonald\u2019s abre su l\u00ednea de ropa r\u00e1pida - Oficina Empleo","og_description":"El gigante americano busca aumentar su mercado y llegar a m\u00e1s p\u00fablicos con una l\u00ednea de ropa r\u00e1pida con la que satisfacer las necesidades del cliente.","og_url":"https:\/\/www.oficinaempleo.com\/blog\/mcdonalds-abre-su-linea-de-ropa-rapida\/","og_site_name":"Noticias y consejos de empleo | Blog OficinaEmpleo","article_author":"https:\/\/www.facebook.com\/OficinaEmpleo","article_published_time":"2016-12-28T09:10:15+00:00","article_modified_time":"2016-12-28T12:36:34+00:00","og_image":[{"width":1200,"height":628,"url":"https:\/\/www.oficinaempleo.com\/blog\/wp-content\/uploads\/2016\/12\/bromainocentada.jpg","type":"image\/jpeg"}],"author":"OficinaEmpleo","twitter_card":"summary_large_image","twitter_creator":"@OficinaEmpleo","twitter_site":"@OficinaEmpleo","twitter_misc":{"Written by":"OficinaEmpleo","Est. reading time":"3 minutos"},"schema":{"@context":"https:\/\/schema.org","@graph":[{"@type":"Article","@id":"https:\/\/www.oficinaempleo.com\/blog\/mcdonalds-abre-su-linea-de-ropa-rapida\/#article","isPartOf":{"@id":"https:\/\/www.oficinaempleo.com\/blog\/mcdonalds-abre-su-linea-de-ropa-rapida\/"},"author":{"name":"OficinaEmpleo","@id":"https:\/\/www.oficinaempleo.com\/blog\/#\/schema\/person\/a7f3437f35bd6bd9ad19addae529a114"},"headline":"McDonald\u2019s abre su l\u00ednea de ropa r\u00e1pida","datePublished":"2016-12-28T09:10:15+00:00","dateModified":"2016-12-28T12:36:34+00:00","mainEntityOfPage":{"@id":"https:\/\/www.oficinaempleo.com\/blog\/mcdonalds-abre-su-linea-de-ropa-rapida\/"},"wordCount":667,"commentCount":10,"publisher":{"@id":"https:\/\/www.oficinaempleo.com\/blog\/#organization"},"image":{"@id":"https:\/\/www.oficinaempleo.com\/blog\/mcdonalds-abre-su-linea-de-ropa-rapida\/#primaryimage"},"thumbnailUrl":"https:\/\/www.oficinaempleo.com\/blog\/wp-content\/uploads\/2016\/12\/bromainocentada.jpg","keywords":["atl\u00e9tico de madrid","comida r\u00e1pida","l\u00ednea de ropa de mcdonalds","mcdonalds","ronald mcdonald","ropa de macdonalds"],"articleSection":["Actualidad"],"inLanguage":"es","potentialAction":[{"@type":"CommentAction","name":"Comment","target":["https:\/\/www.oficinaempleo.com\/blog\/mcdonalds-abre-su-linea-de-ropa-rapida\/#respond"]}]},{"@type":"WebPage","@id":"https:\/\/www.oficinaempleo.com\/blog\/mcdonalds-abre-su-linea-de-ropa-rapida\/","url":"https:\/\/www.oficinaempleo.com\/blog\/mcdonalds-abre-su-linea-de-ropa-rapida\/","name":"McDonald\u2019s abre su l\u00ednea de ropa r\u00e1pida - Oficina Empleo","isPartOf":{"@id":"https:\/\/www.oficinaempleo.com\/blog\/#website"},"primaryImageOfPage":{"@id":"https:\/\/www.oficinaempleo.com\/blog\/mcdonalds-abre-su-linea-de-ropa-rapida\/#primaryimage"},"image":{"@id":"https:\/\/www.oficinaempleo.com\/blog\/mcdonalds-abre-su-linea-de-ropa-rapida\/#primaryimage"},"thumbnailUrl":"https:\/\/www.oficinaempleo.com\/blog\/wp-content\/uploads\/2016\/12\/bromainocentada.jpg","datePublished":"2016-12-28T09:10:15+00:00","dateModified":"2016-12-28T12:36:34+00:00","description":"El gigante americano busca aumentar su mercado y llegar a m\u00e1s p\u00fablicos con una l\u00ednea de ropa r\u00e1pida con la que satisfacer las necesidades del cliente.","breadcrumb":{"@id":"https:\/\/www.oficinaempleo.com\/blog\/mcdonalds-abre-su-linea-de-ropa-rapida\/#breadcrumb"},"inLanguage":"es","potentialAction":[{"@type":"ReadAction","target":["https:\/\/www.oficinaempleo.com\/blog\/mcdonalds-abre-su-linea-de-ropa-rapida\/"]}]},{"@type":"ImageObject","inLanguage":"es","@id":"https:\/\/www.oficinaempleo.com\/blog\/mcdonalds-abre-su-linea-de-ropa-rapida\/#primaryimage","url":"https:\/\/www.oficinaempleo.com\/blog\/wp-content\/uploads\/2016\/12\/bromainocentada.jpg","contentUrl":"https:\/\/www.oficinaempleo.com\/blog\/wp-content\/uploads\/2016\/12\/bromainocentada.jpg","width":1200,"height":628},{"@type":"BreadcrumbList","@id":"https:\/\/www.oficinaempleo.com\/blog\/mcdonalds-abre-su-linea-de-ropa-rapida\/#breadcrumb","itemListElement":[{"@type":"ListItem","position":1,"name":"Home","item":"https:\/\/www.oficinaempleo.com\/blog\/"},{"@type":"ListItem","position":2,"name":"McDonald\u2019s abre su l\u00ednea de ropa r\u00e1pida"}]},{"@type":"WebSite","@id":"https:\/\/www.oficinaempleo.com\/blog\/#website","url":"https:\/\/www.oficinaempleo.com\/blog\/","name":"Noticias y Consejos de Empleo | Blog OficinaEmpleo","description":"","publisher":{"@id":"https:\/\/www.oficinaempleo.com\/blog\/#organization"},"potentialAction":[{"@type":"SearchAction","target":{"@type":"EntryPoint","urlTemplate":"https:\/\/www.oficinaempleo.com\/blog\/?s={search_term_string}"},"query-input":{"@type":"PropertyValueSpecification","valueRequired":true,"valueName":"search_term_string"}}],"inLanguage":"es"},{"@type":"Organization","@id":"https:\/\/www.oficinaempleo.com\/blog\/#organization","name":"OficinaEmpleo","url":"https:\/\/www.oficinaempleo.com\/blog\/","logo":{"@type":"ImageObject","inLanguage":"es","@id":"https:\/\/www.oficinaempleo.com\/blog\/#\/schema\/logo\/image\/","url":"https:\/\/www.oficinaempleo.com\/blog\/wp-content\/uploads\/2018\/10\/logo_footer-1.jpg","contentUrl":"https:\/\/www.oficinaempleo.com\/blog\/wp-content\/uploads\/2018\/10\/logo_footer-1.jpg","width":478,"height":57,"caption":"OficinaEmpleo"},"image":{"@id":"https:\/\/www.oficinaempleo.com\/blog\/#\/schema\/logo\/image\/"},"sameAs":["https:\/\/x.com\/OficinaEmpleo"]},{"@type":"Person","@id":"https:\/\/www.oficinaempleo.com\/blog\/#\/schema\/person\/a7f3437f35bd6bd9ad19addae529a114","name":"OficinaEmpleo","image":{"@type":"ImageObject","inLanguage":"es","@id":"https:\/\/www.oficinaempleo.com\/blog\/#\/schema\/person\/image\/","url":"https:\/\/secure.gravatar.com\/avatar\/ea822afb14d7439ba3051d652cf8f548fe540f184ce16a2135fc22c9337bd72e?s=96&d=mm&r=g","contentUrl":"https:\/\/secure.gravatar.com\/avatar\/ea822afb14d7439ba3051d652cf8f548fe540f184ce16a2135fc22c9337bd72e?s=96&d=mm&r=g","caption":"OficinaEmpleo"},"description":"En OficinaEmpleo queremos ayudarte a conseguir trabajo. Por eso, adem\u00e1s de ofrecerte ofertas de empleo en nuestro portal, te ense\u00f1amos las novedades del sector, y consejos para mejorar tu perfil.","sameAs":["http:\/\/www.oficinaempleo.com\/","https:\/\/www.facebook.com\/OficinaEmpleo","https:\/\/x.com\/OficinaEmpleo"],"url":"https:\/\/www.oficinaempleo.com\/blog\/author\/empleo\/"}]}},"_links":{"self":[{"href":"https:\/\/www.oficinaempleo.com\/blog\/wp-json\/wp\/v2\/posts\/16798","targetHints":{"allow":["GET"]}}],"collection":[{"href":"https:\/\/www.oficinaempleo.com\/blog\/wp-json\/wp\/v2\/posts"}],"about":[{"href":"https:\/\/www.oficinaempleo.com\/blog\/wp-json\/wp\/v2\/types\/post"}],"author":[{"embeddable":true,"href":"https:\/\/www.oficinaempleo.com\/blog\/wp-json\/wp\/v2\/users\/2"}],"replies":[{"embeddable":true,"href":"https:\/\/www.oficinaempleo.com\/blog\/wp-json\/wp\/v2\/comments?post=16798"}],"version-history":[{"count":1,"href":"https:\/\/www.oficinaempleo.com\/blog\/wp-json\/wp\/v2\/posts\/16798\/revisions"}],"predecessor-version":[{"id":21936,"href":"https:\/\/www.oficinaempleo.com\/blog\/wp-json\/wp\/v2\/posts\/16798\/revisions\/21936"}],"wp:featuredmedia":[{"embeddable":true,"href":"https:\/\/www.oficinaempleo.com\/blog\/wp-json\/wp\/v2\/media\/16810"}],"wp:attachment":[{"href":"https:\/\/www.oficinaempleo.com\/blog\/wp-json\/wp\/v2\/media?parent=16798"}],"wp:term":[{"taxonomy":"category","embeddable":true,"href":"https:\/\/www.oficinaempleo.com\/blog\/wp-json\/wp\/v2\/categories?post=16798"},{"taxonomy":"post_tag","embeddable":true,"href":"https:\/\/www.oficinaempleo.com\/blog\/wp-json\/wp\/v2\/tags?post=16798"}],"curies":[{"name":"wp","href":"https:\/\/api.w.org\/{rel}","templated":true}]}}