{"id":17374,"date":"2017-01-30T11:57:23","date_gmt":"2017-01-30T10:57:23","guid":{"rendered":"http:\/\/www.oficinaempleo.com\/blog\/?p=17374"},"modified":"2017-01-30T11:57:23","modified_gmt":"2017-01-30T10:57:23","slug":"mango-busca-candidatos-ofertas-trabajo-espana","status":"publish","type":"post","link":"https:\/\/www.oficinaempleo.com\/blog\/mango-busca-candidatos-ofertas-trabajo-espana\/","title":{"rendered":"Mango busca candidatos para sus ofertas de trabajo en Espa\u00f1a"},"content":{"rendered":"<div class=\"su-button-center\"><a href=\"https:\/\/jobs.oficinaempleo.com\/registro?origen=ORG-web&#038;utm_source=OE&#038;utm_medium=boton_registro&#038;utm_content=homepage&#038;utm_campaign=organic\" class=\"su-button su-button-style-flat\" style=\"color:#FFFFFF;background-color:#ec7d0c;border-color:#bd640a;border-radius:10px\" target=\"__blank\"><span style=\"color:#FFFFFF;padding:8px 26px;font-size:20px;line-height:30px;border-color:#f2a455;border-radius:10px;text-shadow:none\"><i class=\"sui sui-arrow-circle-right\" style=\"font-size:20px;color:#FFFFFF\"><\/i> Reg\u00edstrate gratis en OficinaEmpleo<\/span><\/a><\/div><div class=\"su-spacer\" style=\"height:30px\"><\/div>La cadena de moda espa\u00f1ola Mango acaba de hacer p\u00fablico su intenci\u00f3n de <strong>contratar nuevos empleados<\/strong> para sus tiendas de toda Espa\u00f1a. La multinacional goza de un gran estado y quiere mantener su l\u00ednea ascendente en el mercado nacional.<\/p>\n<p><a href=\"http:\/\/www.oficinaempleo.com\/blog\/wp-content\/uploads\/2017\/01\/MANGO.jpg\"><img loading=\"lazy\" decoding=\"async\" class=\"alignnone wp-image-17375 size-full\" src=\"http:\/\/www.oficinaempleo.com\/blog\/wp-content\/uploads\/2017\/01\/MANGO.jpg\" alt=\"MANGO\" width=\"590\" height=\"315\" srcset=\"https:\/\/www.oficinaempleo.com\/blog\/wp-content\/uploads\/2017\/01\/MANGO.jpg 590w, https:\/\/www.oficinaempleo.com\/blog\/wp-content\/uploads\/2017\/01\/MANGO-300x160.jpg 300w\" sizes=\"auto, (max-width: 590px) 100vw, 590px\" \/><\/a><\/p>\n<p>Prueba de ello es que el a\u00f1o pasado aument\u00f3 sus ventas en nuestro pa\u00eds un 15%, o lo que es lo mismo 2.327 millones de euros de facturaci\u00f3n. Por ello, desde la direcci\u00f3n quieren aprovechar el buen momento que vive la firma y buscar nuevos profesionales.<\/p>\n<p>Dado el gran tama\u00f1o de la compa\u00f1\u00eda, las <strong>vacantes<\/strong> que se ofertan son muy variadas. Desde dependiente hasta ayudante de almac\u00e9n pasando por director de tienda, director adjunto, administrativo o contable son algunos de los perfiles que demandan.<\/p>\n<p>Mango est\u00e1 presente en toda Espa\u00f1a y, por ello, las ofertas de empleo est\u00e1n repartidas por toda la geograf\u00eda nacional. Una buena noticia ya que de esta forma se ayudar\u00e1 a disminuir el <strong>desempleo<\/strong> en todas las regiones.<\/p>\n<p>\u00bfY qu\u00e9 requisitos hacen falta para optar a estas vacantes? Dependiendo del proceso de selecci\u00f3n al que quieras optar, puede que haya o no alguna serie de m\u00ednimos formativos o laborales.<\/p>\n<p>Por ejemplo, para el puesto de dependiente no hace falta experiencia. Sin embargo, si quieres conseguir la vacante de Cordinador de Retail exigen m\u00ednimo 3 a\u00f1os de experiencia. Teniendo todo en cuenta, desde Oficina Empleo, te recomendamos que visites su <a href=\"https:\/\/www.mango.com\/web\/oi\/servicios\/company\/ES\/trabajar\/faq.html\" >secci\u00f3n de empleo<\/a>. All\u00ed encontrar\u00e1s todos los detalles para empezar a <strong>trabajar en Mango<\/strong>.<\/p>\n<p>Si te animas a enviar tu CV recuerda que siempre debe estar actualizado. Para crear un mayor impacto en el entrevistador te recomendamos que redactes una <a href=\"http:\/\/www.oficinaempleo.com\/blog\/que-es-y-como-hacer-una-carta-de-motivacion\/\" >carta de motivaci\u00f3n<\/a>. Si no te atreves, busca\u00a0<a href=\"http:\/\/www.oficinaempleo.com\/blog\/3-plantillas-gratis-para-hacer-tu-cv\/\" >plantillas <\/a>para darle una vuelta a tu curr\u00edculum.<\/p>\n<p>Mango es una empresa con presencia en un centenar de pa\u00edses en varios continentes. Actualmente cuenta con m\u00e1s de 16.000 empleados en todo el mundo que trabajan en las m\u00e1s de <strong>1.700 tiendas<\/strong> que tiene abiertas.<\/p>\n<div class=\"su-button-center\"><a href=\"https:\/\/jobs.oficinaempleo.com\/registro?origen=ORG-web&#038;utm_source=OE&#038;utm_medium=boton_registro&#038;utm_content=homepage&#038;utm_campaign=organic\" class=\"su-button su-button-style-flat\" style=\"color:#FFFFFF;background-color:#ec7d0c;border-color:#bd640a;border-radius:10px\" target=\"__blank\"><span style=\"color:#FFFFFF;padding:8px 26px;font-size:20px;line-height:30px;border-color:#f2a455;border-radius:10px;text-shadow:none\"><i class=\"sui sui-arrow-circle-right\" style=\"font-size:20px;color:#FFFFFF\"><\/i> Reg\u00edstrate gratis en OficinaEmpleo<\/span><\/a><\/div><div class=\"su-spacer\" style=\"height:30px\"><\/div>\n","protected":false},"excerpt":{"rendered":"<p>La firma espa\u00f1ola se encuentra en un buen momento y ha iniciado procesos de selecci\u00f3n para cubrir vacantes tanto en sus tiendas como en las oficinas.<\/p>\n","protected":false},"author":17,"featured_media":17375,"comment_status":"open","ping_status":"open","sticky":false,"template":"","format":"standard","meta":{"footnotes":""},"categories":[3],"tags":[164,44,24,1064,1142,25],"class_list":["post-17374","post","type-post","status-publish","format-standard","has-post-thumbnail","hentry","category-noticias-empleo","tag-buscar-empleo","tag-buscar-trabajo","tag-empleo","tag-oferta-de-empleo","tag-oferta-de-trabajo","tag-trabajo","cat-3-id","has_thumb"],"yoast_head":"<!-- This site is optimized with the Yoast SEO plugin v27.1.1 - https:\/\/yoast.com\/product\/yoast-seo-wordpress\/ -->\n<title>Mango busca candidatos para sus ofertas de trabajo en Espa\u00f1a<\/title>\n<meta name=\"description\" content=\"La firma espa\u00f1ola se encuentra en un buen momento y ha iniciado procesos de selecci\u00f3n para cubrir vacantes tanto en sus tiendas como en las oficinas.\" \/>\n<meta name=\"robots\" content=\"index, follow, max-snippet:-1, max-image-preview:large, max-video-preview:-1\" \/>\n<link rel=\"canonical\" href=\"https:\/\/www.oficinaempleo.com\/blog\/mango-busca-candidatos-ofertas-trabajo-espana\/\" \/>\n<meta property=\"og:locale\" content=\"es_ES\" \/>\n<meta property=\"og:type\" content=\"article\" \/>\n<meta property=\"og:title\" content=\"Mango busca candidatos para sus ofertas de trabajo en Espa\u00f1a\" \/>\n<meta property=\"og:description\" content=\"La firma espa\u00f1ola se encuentra en un buen momento y ha iniciado procesos de selecci\u00f3n para cubrir vacantes tanto en sus tiendas como en las oficinas.\" \/>\n<meta property=\"og:url\" content=\"https:\/\/www.oficinaempleo.com\/blog\/mango-busca-candidatos-ofertas-trabajo-espana\/\" \/>\n<meta property=\"og:site_name\" content=\"Noticias y consejos de empleo | Blog OficinaEmpleo\" \/>\n<meta property=\"article:published_time\" content=\"2017-01-30T10:57:23+00:00\" \/>\n<meta property=\"og:image\" content=\"https:\/\/www.oficinaempleo.com\/blog\/wp-content\/uploads\/2017\/01\/MANGO.jpg\" \/>\n\t<meta property=\"og:image:width\" content=\"590\" \/>\n\t<meta property=\"og:image:height\" content=\"315\" \/>\n\t<meta property=\"og:image:type\" content=\"image\/jpeg\" \/>\n<meta name=\"author\" content=\"Rodrigo Hernandez Ballesteros\" \/>\n<meta name=\"twitter:card\" content=\"summary_large_image\" \/>\n<meta name=\"twitter:creator\" content=\"@OficinaEmpleo\" \/>\n<meta name=\"twitter:site\" content=\"@OficinaEmpleo\" \/>\n<meta name=\"twitter:label1\" content=\"Written by\" \/>\n\t<meta name=\"twitter:data1\" content=\"Rodrigo Hernandez Ballesteros\" \/>\n\t<meta name=\"twitter:label2\" content=\"Est. reading time\" \/>\n\t<meta name=\"twitter:data2\" content=\"2 minutos\" \/>\n<script type=\"application\/ld+json\" class=\"yoast-schema-graph\">{\"@context\":\"https:\/\/schema.org\",\"@graph\":[{\"@type\":\"Article\",\"@id\":\"https:\/\/www.oficinaempleo.com\/blog\/mango-busca-candidatos-ofertas-trabajo-espana\/#article\",\"isPartOf\":{\"@id\":\"https:\/\/www.oficinaempleo.com\/blog\/mango-busca-candidatos-ofertas-trabajo-espana\/\"},\"author\":{\"name\":\"Rodrigo Hernandez Ballesteros\",\"@id\":\"https:\/\/www.oficinaempleo.com\/blog\/#\/schema\/person\/3bf44eadf268c282a0ed32038f8b6318\"},\"headline\":\"Mango busca candidatos para sus ofertas de trabajo en Espa\u00f1a\",\"datePublished\":\"2017-01-30T10:57:23+00:00\",\"mainEntityOfPage\":{\"@id\":\"https:\/\/www.oficinaempleo.com\/blog\/mango-busca-candidatos-ofertas-trabajo-espana\/\"},\"wordCount\":420,\"commentCount\":186,\"publisher\":{\"@id\":\"https:\/\/www.oficinaempleo.com\/blog\/#organization\"},\"image\":{\"@id\":\"https:\/\/www.oficinaempleo.com\/blog\/mango-busca-candidatos-ofertas-trabajo-espana\/#primaryimage\"},\"thumbnailUrl\":\"https:\/\/www.oficinaempleo.com\/blog\/wp-content\/uploads\/2017\/01\/MANGO.jpg\",\"keywords\":[\"buscar empleo\",\"buscar trabajo\",\"empleo\",\"oferta de empleo\",\"oferta de trabajo\",\"trabajo\"],\"articleSection\":[\"Noticias Empleo\"],\"inLanguage\":\"es\",\"potentialAction\":[{\"@type\":\"CommentAction\",\"name\":\"Comment\",\"target\":[\"https:\/\/www.oficinaempleo.com\/blog\/mango-busca-candidatos-ofertas-trabajo-espana\/#respond\"]}]},{\"@type\":\"WebPage\",\"@id\":\"https:\/\/www.oficinaempleo.com\/blog\/mango-busca-candidatos-ofertas-trabajo-espana\/\",\"url\":\"https:\/\/www.oficinaempleo.com\/blog\/mango-busca-candidatos-ofertas-trabajo-espana\/\",\"name\":\"Mango busca candidatos para sus ofertas de trabajo en Espa\u00f1a\",\"isPartOf\":{\"@id\":\"https:\/\/www.oficinaempleo.com\/blog\/#website\"},\"primaryImageOfPage\":{\"@id\":\"https:\/\/www.oficinaempleo.com\/blog\/mango-busca-candidatos-ofertas-trabajo-espana\/#primaryimage\"},\"image\":{\"@id\":\"https:\/\/www.oficinaempleo.com\/blog\/mango-busca-candidatos-ofertas-trabajo-espana\/#primaryimage\"},\"thumbnailUrl\":\"https:\/\/www.oficinaempleo.com\/blog\/wp-content\/uploads\/2017\/01\/MANGO.jpg\",\"datePublished\":\"2017-01-30T10:57:23+00:00\",\"description\":\"La firma espa\u00f1ola se encuentra en un buen momento y ha iniciado procesos de selecci\u00f3n para cubrir vacantes tanto en sus tiendas como en las oficinas.\",\"breadcrumb\":{\"@id\":\"https:\/\/www.oficinaempleo.com\/blog\/mango-busca-candidatos-ofertas-trabajo-espana\/#breadcrumb\"},\"inLanguage\":\"es\",\"potentialAction\":[{\"@type\":\"ReadAction\",\"target\":[\"https:\/\/www.oficinaempleo.com\/blog\/mango-busca-candidatos-ofertas-trabajo-espana\/\"]}]},{\"@type\":\"ImageObject\",\"inLanguage\":\"es\",\"@id\":\"https:\/\/www.oficinaempleo.com\/blog\/mango-busca-candidatos-ofertas-trabajo-espana\/#primaryimage\",\"url\":\"https:\/\/www.oficinaempleo.com\/blog\/wp-content\/uploads\/2017\/01\/MANGO.jpg\",\"contentUrl\":\"https:\/\/www.oficinaempleo.com\/blog\/wp-content\/uploads\/2017\/01\/MANGO.jpg\",\"width\":590,\"height\":315},{\"@type\":\"BreadcrumbList\",\"@id\":\"https:\/\/www.oficinaempleo.com\/blog\/mango-busca-candidatos-ofertas-trabajo-espana\/#breadcrumb\",\"itemListElement\":[{\"@type\":\"ListItem\",\"position\":1,\"name\":\"Home\",\"item\":\"https:\/\/www.oficinaempleo.com\/blog\/\"},{\"@type\":\"ListItem\",\"position\":2,\"name\":\"Mango busca candidatos para sus ofertas de trabajo en Espa\u00f1a\"}]},{\"@type\":\"WebSite\",\"@id\":\"https:\/\/www.oficinaempleo.com\/blog\/#website\",\"url\":\"https:\/\/www.oficinaempleo.com\/blog\/\",\"name\":\"Noticias y Consejos de Empleo | Blog OficinaEmpleo\",\"description\":\"\",\"publisher\":{\"@id\":\"https:\/\/www.oficinaempleo.com\/blog\/#organization\"},\"potentialAction\":[{\"@type\":\"SearchAction\",\"target\":{\"@type\":\"EntryPoint\",\"urlTemplate\":\"https:\/\/www.oficinaempleo.com\/blog\/?s={search_term_string}\"},\"query-input\":{\"@type\":\"PropertyValueSpecification\",\"valueRequired\":true,\"valueName\":\"search_term_string\"}}],\"inLanguage\":\"es\"},{\"@type\":\"Organization\",\"@id\":\"https:\/\/www.oficinaempleo.com\/blog\/#organization\",\"name\":\"OficinaEmpleo\",\"url\":\"https:\/\/www.oficinaempleo.com\/blog\/\",\"logo\":{\"@type\":\"ImageObject\",\"inLanguage\":\"es\",\"@id\":\"https:\/\/www.oficinaempleo.com\/blog\/#\/schema\/logo\/image\/\",\"url\":\"https:\/\/www.oficinaempleo.com\/blog\/wp-content\/uploads\/2018\/10\/logo_footer-1.jpg\",\"contentUrl\":\"https:\/\/www.oficinaempleo.com\/blog\/wp-content\/uploads\/2018\/10\/logo_footer-1.jpg\",\"width\":478,\"height\":57,\"caption\":\"OficinaEmpleo\"},\"image\":{\"@id\":\"https:\/\/www.oficinaempleo.com\/blog\/#\/schema\/logo\/image\/\"},\"sameAs\":[\"https:\/\/x.com\/OficinaEmpleo\"]},{\"@type\":\"Person\",\"@id\":\"https:\/\/www.oficinaempleo.com\/blog\/#\/schema\/person\/3bf44eadf268c282a0ed32038f8b6318\",\"name\":\"Rodrigo Hernandez Ballesteros\",\"image\":{\"@type\":\"ImageObject\",\"inLanguage\":\"es\",\"@id\":\"https:\/\/www.oficinaempleo.com\/blog\/#\/schema\/person\/image\/\",\"url\":\"https:\/\/secure.gravatar.com\/avatar\/88379bc026cd114c7b1b9f1c6ff0ff8ab9b1013a10c48d30ac943f07f5a82ccf?s=96&d=mm&r=g\",\"contentUrl\":\"https:\/\/secure.gravatar.com\/avatar\/88379bc026cd114c7b1b9f1c6ff0ff8ab9b1013a10c48d30ac943f07f5a82ccf?s=96&d=mm&r=g\",\"caption\":\"Rodrigo Hernandez Ballesteros\"},\"url\":\"https:\/\/www.oficinaempleo.com\/blog\/author\/rodrigo\/\"}]}<\/script>\n<!-- \/ Yoast SEO plugin. -->","yoast_head_json":{"title":"Mango busca candidatos para sus ofertas de trabajo en Espa\u00f1a","description":"La firma espa\u00f1ola se encuentra en un buen momento y ha iniciado procesos de selecci\u00f3n para cubrir vacantes tanto en sus tiendas como en las oficinas.","robots":{"index":"index","follow":"follow","max-snippet":"max-snippet:-1","max-image-preview":"max-image-preview:large","max-video-preview":"max-video-preview:-1"},"canonical":"https:\/\/www.oficinaempleo.com\/blog\/mango-busca-candidatos-ofertas-trabajo-espana\/","og_locale":"es_ES","og_type":"article","og_title":"Mango busca candidatos para sus ofertas de trabajo en Espa\u00f1a","og_description":"La firma espa\u00f1ola se encuentra en un buen momento y ha iniciado procesos de selecci\u00f3n para cubrir vacantes tanto en sus tiendas como en las oficinas.","og_url":"https:\/\/www.oficinaempleo.com\/blog\/mango-busca-candidatos-ofertas-trabajo-espana\/","og_site_name":"Noticias y consejos de empleo | Blog OficinaEmpleo","article_published_time":"2017-01-30T10:57:23+00:00","og_image":[{"width":590,"height":315,"url":"https:\/\/www.oficinaempleo.com\/blog\/wp-content\/uploads\/2017\/01\/MANGO.jpg","type":"image\/jpeg"}],"author":"Rodrigo Hernandez Ballesteros","twitter_card":"summary_large_image","twitter_creator":"@OficinaEmpleo","twitter_site":"@OficinaEmpleo","twitter_misc":{"Written by":"Rodrigo Hernandez Ballesteros","Est. reading time":"2 minutos"},"schema":{"@context":"https:\/\/schema.org","@graph":[{"@type":"Article","@id":"https:\/\/www.oficinaempleo.com\/blog\/mango-busca-candidatos-ofertas-trabajo-espana\/#article","isPartOf":{"@id":"https:\/\/www.oficinaempleo.com\/blog\/mango-busca-candidatos-ofertas-trabajo-espana\/"},"author":{"name":"Rodrigo Hernandez Ballesteros","@id":"https:\/\/www.oficinaempleo.com\/blog\/#\/schema\/person\/3bf44eadf268c282a0ed32038f8b6318"},"headline":"Mango busca candidatos para sus ofertas de trabajo en Espa\u00f1a","datePublished":"2017-01-30T10:57:23+00:00","mainEntityOfPage":{"@id":"https:\/\/www.oficinaempleo.com\/blog\/mango-busca-candidatos-ofertas-trabajo-espana\/"},"wordCount":420,"commentCount":186,"publisher":{"@id":"https:\/\/www.oficinaempleo.com\/blog\/#organization"},"image":{"@id":"https:\/\/www.oficinaempleo.com\/blog\/mango-busca-candidatos-ofertas-trabajo-espana\/#primaryimage"},"thumbnailUrl":"https:\/\/www.oficinaempleo.com\/blog\/wp-content\/uploads\/2017\/01\/MANGO.jpg","keywords":["buscar empleo","buscar trabajo","empleo","oferta de empleo","oferta de trabajo","trabajo"],"articleSection":["Noticias Empleo"],"inLanguage":"es","potentialAction":[{"@type":"CommentAction","name":"Comment","target":["https:\/\/www.oficinaempleo.com\/blog\/mango-busca-candidatos-ofertas-trabajo-espana\/#respond"]}]},{"@type":"WebPage","@id":"https:\/\/www.oficinaempleo.com\/blog\/mango-busca-candidatos-ofertas-trabajo-espana\/","url":"https:\/\/www.oficinaempleo.com\/blog\/mango-busca-candidatos-ofertas-trabajo-espana\/","name":"Mango busca candidatos para sus ofertas de trabajo en Espa\u00f1a","isPartOf":{"@id":"https:\/\/www.oficinaempleo.com\/blog\/#website"},"primaryImageOfPage":{"@id":"https:\/\/www.oficinaempleo.com\/blog\/mango-busca-candidatos-ofertas-trabajo-espana\/#primaryimage"},"image":{"@id":"https:\/\/www.oficinaempleo.com\/blog\/mango-busca-candidatos-ofertas-trabajo-espana\/#primaryimage"},"thumbnailUrl":"https:\/\/www.oficinaempleo.com\/blog\/wp-content\/uploads\/2017\/01\/MANGO.jpg","datePublished":"2017-01-30T10:57:23+00:00","description":"La firma espa\u00f1ola se encuentra en un buen momento y ha iniciado procesos de selecci\u00f3n para cubrir vacantes tanto en sus tiendas como en las oficinas.","breadcrumb":{"@id":"https:\/\/www.oficinaempleo.com\/blog\/mango-busca-candidatos-ofertas-trabajo-espana\/#breadcrumb"},"inLanguage":"es","potentialAction":[{"@type":"ReadAction","target":["https:\/\/www.oficinaempleo.com\/blog\/mango-busca-candidatos-ofertas-trabajo-espana\/"]}]},{"@type":"ImageObject","inLanguage":"es","@id":"https:\/\/www.oficinaempleo.com\/blog\/mango-busca-candidatos-ofertas-trabajo-espana\/#primaryimage","url":"https:\/\/www.oficinaempleo.com\/blog\/wp-content\/uploads\/2017\/01\/MANGO.jpg","contentUrl":"https:\/\/www.oficinaempleo.com\/blog\/wp-content\/uploads\/2017\/01\/MANGO.jpg","width":590,"height":315},{"@type":"BreadcrumbList","@id":"https:\/\/www.oficinaempleo.com\/blog\/mango-busca-candidatos-ofertas-trabajo-espana\/#breadcrumb","itemListElement":[{"@type":"ListItem","position":1,"name":"Home","item":"https:\/\/www.oficinaempleo.com\/blog\/"},{"@type":"ListItem","position":2,"name":"Mango busca candidatos para sus ofertas de trabajo en Espa\u00f1a"}]},{"@type":"WebSite","@id":"https:\/\/www.oficinaempleo.com\/blog\/#website","url":"https:\/\/www.oficinaempleo.com\/blog\/","name":"Noticias y Consejos de Empleo | Blog OficinaEmpleo","description":"","publisher":{"@id":"https:\/\/www.oficinaempleo.com\/blog\/#organization"},"potentialAction":[{"@type":"SearchAction","target":{"@type":"EntryPoint","urlTemplate":"https:\/\/www.oficinaempleo.com\/blog\/?s={search_term_string}"},"query-input":{"@type":"PropertyValueSpecification","valueRequired":true,"valueName":"search_term_string"}}],"inLanguage":"es"},{"@type":"Organization","@id":"https:\/\/www.oficinaempleo.com\/blog\/#organization","name":"OficinaEmpleo","url":"https:\/\/www.oficinaempleo.com\/blog\/","logo":{"@type":"ImageObject","inLanguage":"es","@id":"https:\/\/www.oficinaempleo.com\/blog\/#\/schema\/logo\/image\/","url":"https:\/\/www.oficinaempleo.com\/blog\/wp-content\/uploads\/2018\/10\/logo_footer-1.jpg","contentUrl":"https:\/\/www.oficinaempleo.com\/blog\/wp-content\/uploads\/2018\/10\/logo_footer-1.jpg","width":478,"height":57,"caption":"OficinaEmpleo"},"image":{"@id":"https:\/\/www.oficinaempleo.com\/blog\/#\/schema\/logo\/image\/"},"sameAs":["https:\/\/x.com\/OficinaEmpleo"]},{"@type":"Person","@id":"https:\/\/www.oficinaempleo.com\/blog\/#\/schema\/person\/3bf44eadf268c282a0ed32038f8b6318","name":"Rodrigo Hernandez Ballesteros","image":{"@type":"ImageObject","inLanguage":"es","@id":"https:\/\/www.oficinaempleo.com\/blog\/#\/schema\/person\/image\/","url":"https:\/\/secure.gravatar.com\/avatar\/88379bc026cd114c7b1b9f1c6ff0ff8ab9b1013a10c48d30ac943f07f5a82ccf?s=96&d=mm&r=g","contentUrl":"https:\/\/secure.gravatar.com\/avatar\/88379bc026cd114c7b1b9f1c6ff0ff8ab9b1013a10c48d30ac943f07f5a82ccf?s=96&d=mm&r=g","caption":"Rodrigo Hernandez Ballesteros"},"url":"https:\/\/www.oficinaempleo.com\/blog\/author\/rodrigo\/"}]}},"_links":{"self":[{"href":"https:\/\/www.oficinaempleo.com\/blog\/wp-json\/wp\/v2\/posts\/17374","targetHints":{"allow":["GET"]}}],"collection":[{"href":"https:\/\/www.oficinaempleo.com\/blog\/wp-json\/wp\/v2\/posts"}],"about":[{"href":"https:\/\/www.oficinaempleo.com\/blog\/wp-json\/wp\/v2\/types\/post"}],"author":[{"embeddable":true,"href":"https:\/\/www.oficinaempleo.com\/blog\/wp-json\/wp\/v2\/users\/17"}],"replies":[{"embeddable":true,"href":"https:\/\/www.oficinaempleo.com\/blog\/wp-json\/wp\/v2\/comments?post=17374"}],"version-history":[{"count":0,"href":"https:\/\/www.oficinaempleo.com\/blog\/wp-json\/wp\/v2\/posts\/17374\/revisions"}],"wp:featuredmedia":[{"embeddable":true,"href":"https:\/\/www.oficinaempleo.com\/blog\/wp-json\/wp\/v2\/media\/17375"}],"wp:attachment":[{"href":"https:\/\/www.oficinaempleo.com\/blog\/wp-json\/wp\/v2\/media?parent=17374"}],"wp:term":[{"taxonomy":"category","embeddable":true,"href":"https:\/\/www.oficinaempleo.com\/blog\/wp-json\/wp\/v2\/categories?post=17374"},{"taxonomy":"post_tag","embeddable":true,"href":"https:\/\/www.oficinaempleo.com\/blog\/wp-json\/wp\/v2\/tags?post=17374"}],"curies":[{"name":"wp","href":"https:\/\/api.w.org\/{rel}","templated":true}]}}