{"id":17451,"date":"2017-02-07T12:08:34","date_gmt":"2017-02-07T11:08:34","guid":{"rendered":"http:\/\/www.oficinaempleo.com\/blog\/?p=17451"},"modified":"2017-02-14T16:32:08","modified_gmt":"2017-02-14T15:32:08","slug":"como-facturar-sin-ser-autonomo","status":"publish","type":"post","link":"https:\/\/www.oficinaempleo.com\/blog\/como-facturar-sin-ser-autonomo\/","title":{"rendered":"C\u00f3mo facturar sin ser aut\u00f3nomo"},"content":{"rendered":"<div class=\"su-button-center\"><a href=\"https:\/\/jobs.oficinaempleo.com\/registro?origen=ORG-web&#038;utm_source=OE&#038;utm_medium=boton_registro&#038;utm_content=homepage&#038;utm_campaign=organic\" class=\"su-button su-button-style-flat\" style=\"color:#FFFFFF;background-color:#ec7d0c;border-color:#bd640a;border-radius:10px\" target=\"__blank\"><span style=\"color:#FFFFFF;padding:8px 26px;font-size:20px;line-height:30px;border-color:#f2a455;border-radius:10px;text-shadow:none\"><i class=\"sui sui-arrow-circle-right\" style=\"font-size:20px;color:#FFFFFF\"><\/i> Reg\u00edstrate gratis en OficinaEmpleo<\/span><\/a><\/div><div class=\"su-spacer\" style=\"height:30px\"><\/div>\nVaya por delante una premisa\u2026 lo legalmente establecido es que nos tenemos que dar de alta en el R\u00e9gimen de Aut\u00f3nomos si queremos <strong>emitir facturas y cobrarlas<\/strong>. Sin embargo hay algunos resquicios alegales que muchos utilizan para poder ahorrarse los m\u00e1s de 260 euros al mes que cuesta la cuota. Vamos a exponer algunos de esos casos.<\/p>\n<p><a href=\"http:\/\/www.oficinaempleo.com\/blog\/wp-content\/uploads\/2017\/02\/facturar_dentro.jpg\"><img loading=\"lazy\" decoding=\"async\" class=\"alignnone wp-image-17452 size-full\" src=\"http:\/\/www.oficinaempleo.com\/blog\/wp-content\/uploads\/2017\/02\/facturar_dentro.jpg\" alt=\"como facturar sin ser aut\u00f3nomo\" width=\"590\" height=\"315\" srcset=\"https:\/\/www.oficinaempleo.com\/blog\/wp-content\/uploads\/2017\/02\/facturar_dentro.jpg 590w, https:\/\/www.oficinaempleo.com\/blog\/wp-content\/uploads\/2017\/02\/facturar_dentro-300x160.jpg 300w\" sizes=\"auto, (max-width: 590px) 100vw, 590px\" \/><\/a><\/p>\n<h2><strong>1. Arriesgarse\u2026<\/strong><\/h2>\n<p>La primera alternativa que nos viene a la cabeza es directamente facturar sin darnos de alta en Aut\u00f3nomos arriesg\u00e1ndonos a una multa. La normativa establece que las personas que realicen una actividad econ\u00f3mica a t\u00edtulo lucrativo de forma habitual, personal y directa, sin tener un contrato de trabajo, deben darse de alta en dicho r\u00e9gimen. La \u2018trampa\u2019, por llamarlo as\u00ed, es valorar qu\u00e9 se considera habitual.<\/p>\n<h2><strong>2. Jurisprudencia<\/strong><\/h2>\n<p>Existen casos en los que los jueces han dado la raz\u00f3n a los trabajadores que no se dieron de alta. En este sentido, todas esas sentencias ten\u00edan un denominador com\u00fan: los trabajadores han podido demostrar que sus ingresos eran inferiores al salario m\u00ednimo interprofesional (9080,40 euros anuales).<\/p>\n<h2><strong>3. En cualquier caso, darse de alta en Hacienda<\/strong><\/h2>\n<p>Aqu\u00e9l trabajador que facture como Aut\u00f3nomo tiene que satisfacer no solo sus obligaciones con la Seguridad Social, sino tambi\u00e9n con Hacienda, declarando sus ingresos por tanto a la Agencia Tributaria y pagando lo correspondiente de IRPF y de <a href=\"http:\/\/www.oficinaempleo.com\/blog\/que-es-el-iva\/\" >IVA<\/a>. As\u00ed, estar\u00edas cumpliendo con la mitad de tus obligaciones. Os avisamos de que cada vez m\u00e1s, Hacienda y Seguridad Social est\u00e1n m\u00e1s interconectadas y cruzan m\u00e1s y mejor sus datos pero entre t\u00fa y yo te digo que siempre te \u2018pillar\u00e1\u2019 antes Hacienda que la Seguridad Social.<\/p>\n<h2><strong>4. \u00bfA cu\u00e1nto ascender\u00eda una posible sanci\u00f3n?<\/strong><\/h2>\n<p>Calcula: todas las cuotas pendientes desde que empezamos a ejercer la actividad, con un 20% de recargo m\u00e1s los intereses y sin la posibilidad de acogernos a ninguna bonificaci\u00f3n.<\/p>\n<h2><strong>5. La opci\u00f3n de las cooperativas de facturaci\u00f3n<\/strong><\/h2>\n<p>Hacerte socio de una cooperativa de trabajo asociado supone ser un trabajador de esa cooperativa, que te paga una n\u00f3mina por el importe de las facturas. No tienes que preocuparte de la facturaci\u00f3n porque la gestiona la propia cooperativa y al terminar el trabajo, te abonan tu parte por medio de la citada n\u00f3mina en la que eso s\u00ed obviamente te descuentan los gastos que se deriven de la cooperativa y los impuestos.<\/p>\n<h2><strong>6. Que te facture un amigo<\/strong><\/h2>\n<p>La otra alternativa es que tengas un amigo dado de alta ya en el r\u00e9gimen de Aut\u00f3nomos y que tus facturas en realidad vayan a su nombre, las facture \u00e9l y luego te d\u00e9 el dinero. Eso s\u00ed, tendr\u00e9is que llegar a un acuerdo porque por facturar m\u00e1s es posible que \u00e9l tenga que pagar m\u00e1s impuestos y por tanto tengas que compensarle con parte de tus ingresos aunque obviamente siempre ser\u00e1 mucho menor que lo que tendr\u00edas que pagar t\u00fa solo como aut\u00f3nomo.<\/p>\n<div class=\"su-button-center\"><a href=\"https:\/\/jobs.oficinaempleo.com\/registro?origen=ORG-web&#038;utm_source=OE&#038;utm_medium=boton_registro&#038;utm_content=homepage&#038;utm_campaign=organic\" class=\"su-button su-button-style-flat\" style=\"color:#FFFFFF;background-color:#ec7d0c;border-color:#bd640a;border-radius:10px\" target=\"__blank\"><span style=\"color:#FFFFFF;padding:8px 26px;font-size:20px;line-height:30px;border-color:#f2a455;border-radius:10px;text-shadow:none\"><i class=\"sui sui-arrow-circle-right\" style=\"font-size:20px;color:#FFFFFF\"><\/i> Reg\u00edstrate gratis en OficinaEmpleo<\/span><\/a><\/div><div class=\"su-spacer\" style=\"height:30px\"><\/div>\n","protected":false},"excerpt":{"rendered":"<p>\u00bfTe salen trabajos pero no te compensan al tener que darte de alta como aut\u00f3nomo? \u00a1Entra y descubre c\u00f3mo poder facturar sin serlo!<\/p>\n","protected":false},"author":5,"featured_media":17453,"comment_status":"open","ping_status":"open","sticky":false,"template":"","format":"standard","meta":{"footnotes":""},"categories":[12],"tags":[4736,4734,4735,1588,4737],"class_list":["post-17451","post","type-post","status-publish","format-standard","has-post-thumbnail","hentry","category-consejos-y-recursos","tag-autonomos-seguridad-social","tag-facturacion","tag-facturar","tag-hacienda","tag-ser-autonomo","cat-12-id","has_thumb"],"yoast_head":"<!-- This site is optimized with the Yoast SEO plugin v27.1.1 - https:\/\/yoast.com\/product\/yoast-seo-wordpress\/ -->\n<title>C\u00f3mo facturar sin ser aut\u00f3nomo - Oficina Empleo<\/title>\n<meta name=\"description\" content=\"\u00bfTe salen trabajos pero no te compensan al tener que darte de alta como aut\u00f3nomo? \u00a1Entra y descubre c\u00f3mo poder facturar sin serlo!\" \/>\n<meta name=\"robots\" content=\"index, follow, max-snippet:-1, max-image-preview:large, max-video-preview:-1\" \/>\n<link rel=\"canonical\" href=\"https:\/\/www.oficinaempleo.com\/blog\/como-facturar-sin-ser-autonomo\/\" \/>\n<meta property=\"og:locale\" content=\"es_ES\" \/>\n<meta property=\"og:type\" content=\"article\" \/>\n<meta property=\"og:title\" content=\"C\u00f3mo facturar sin ser aut\u00f3nomo - Oficina Empleo\" \/>\n<meta property=\"og:description\" content=\"\u00bfTe salen trabajos pero no te compensan al tener que darte de alta como aut\u00f3nomo? \u00a1Entra y descubre c\u00f3mo poder facturar sin serlo!\" \/>\n<meta property=\"og:url\" content=\"https:\/\/www.oficinaempleo.com\/blog\/como-facturar-sin-ser-autonomo\/\" \/>\n<meta property=\"og:site_name\" content=\"Noticias y consejos de empleo | Blog OficinaEmpleo\" \/>\n<meta property=\"article:published_time\" content=\"2017-02-07T11:08:34+00:00\" \/>\n<meta property=\"article:modified_time\" content=\"2017-02-14T15:32:08+00:00\" \/>\n<meta property=\"og:image\" content=\"https:\/\/www.oficinaempleo.com\/blog\/wp-content\/uploads\/2017\/02\/facturar_destacada.jpg\" \/>\n\t<meta property=\"og:image:width\" content=\"590\" \/>\n\t<meta property=\"og:image:height\" content=\"315\" \/>\n\t<meta property=\"og:image:type\" content=\"image\/jpeg\" \/>\n<meta name=\"author\" content=\"David Garc\u00eda\" \/>\n<meta name=\"twitter:card\" content=\"summary_large_image\" \/>\n<meta name=\"twitter:creator\" content=\"@OficinaEmpleo\" \/>\n<meta name=\"twitter:site\" content=\"@OficinaEmpleo\" \/>\n<meta name=\"twitter:label1\" content=\"Written by\" \/>\n\t<meta name=\"twitter:data1\" content=\"David Garc\u00eda\" \/>\n\t<meta name=\"twitter:label2\" content=\"Est. reading time\" \/>\n\t<meta name=\"twitter:data2\" content=\"3 minutos\" \/>\n<script type=\"application\/ld+json\" class=\"yoast-schema-graph\">{\"@context\":\"https:\/\/schema.org\",\"@graph\":[{\"@type\":\"Article\",\"@id\":\"https:\/\/www.oficinaempleo.com\/blog\/como-facturar-sin-ser-autonomo\/#article\",\"isPartOf\":{\"@id\":\"https:\/\/www.oficinaempleo.com\/blog\/como-facturar-sin-ser-autonomo\/\"},\"author\":{\"name\":\"David Garc\u00eda\",\"@id\":\"https:\/\/www.oficinaempleo.com\/blog\/#\/schema\/person\/fb90e38571c727c56dd2231966ab3358\"},\"headline\":\"C\u00f3mo facturar sin ser aut\u00f3nomo\",\"datePublished\":\"2017-02-07T11:08:34+00:00\",\"dateModified\":\"2017-02-14T15:32:08+00:00\",\"mainEntityOfPage\":{\"@id\":\"https:\/\/www.oficinaempleo.com\/blog\/como-facturar-sin-ser-autonomo\/\"},\"wordCount\":575,\"commentCount\":0,\"publisher\":{\"@id\":\"https:\/\/www.oficinaempleo.com\/blog\/#organization\"},\"image\":{\"@id\":\"https:\/\/www.oficinaempleo.com\/blog\/como-facturar-sin-ser-autonomo\/#primaryimage\"},\"thumbnailUrl\":\"https:\/\/www.oficinaempleo.com\/blog\/wp-content\/uploads\/2017\/02\/facturar_destacada.jpg\",\"keywords\":[\"aut\u00f3nomos. seguridad social\",\"facturaci\u00f3n\",\"facturar\",\"hacienda\",\"ser aut\u00f3nomo\"],\"articleSection\":[\"Consejos y Recursos\"],\"inLanguage\":\"es\",\"potentialAction\":[{\"@type\":\"CommentAction\",\"name\":\"Comment\",\"target\":[\"https:\/\/www.oficinaempleo.com\/blog\/como-facturar-sin-ser-autonomo\/#respond\"]}]},{\"@type\":\"WebPage\",\"@id\":\"https:\/\/www.oficinaempleo.com\/blog\/como-facturar-sin-ser-autonomo\/\",\"url\":\"https:\/\/www.oficinaempleo.com\/blog\/como-facturar-sin-ser-autonomo\/\",\"name\":\"C\u00f3mo facturar sin ser aut\u00f3nomo - Oficina Empleo\",\"isPartOf\":{\"@id\":\"https:\/\/www.oficinaempleo.com\/blog\/#website\"},\"primaryImageOfPage\":{\"@id\":\"https:\/\/www.oficinaempleo.com\/blog\/como-facturar-sin-ser-autonomo\/#primaryimage\"},\"image\":{\"@id\":\"https:\/\/www.oficinaempleo.com\/blog\/como-facturar-sin-ser-autonomo\/#primaryimage\"},\"thumbnailUrl\":\"https:\/\/www.oficinaempleo.com\/blog\/wp-content\/uploads\/2017\/02\/facturar_destacada.jpg\",\"datePublished\":\"2017-02-07T11:08:34+00:00\",\"dateModified\":\"2017-02-14T15:32:08+00:00\",\"description\":\"\u00bfTe salen trabajos pero no te compensan al tener que darte de alta como aut\u00f3nomo? \u00a1Entra y descubre c\u00f3mo poder facturar sin serlo!\",\"breadcrumb\":{\"@id\":\"https:\/\/www.oficinaempleo.com\/blog\/como-facturar-sin-ser-autonomo\/#breadcrumb\"},\"inLanguage\":\"es\",\"potentialAction\":[{\"@type\":\"ReadAction\",\"target\":[\"https:\/\/www.oficinaempleo.com\/blog\/como-facturar-sin-ser-autonomo\/\"]}]},{\"@type\":\"ImageObject\",\"inLanguage\":\"es\",\"@id\":\"https:\/\/www.oficinaempleo.com\/blog\/como-facturar-sin-ser-autonomo\/#primaryimage\",\"url\":\"https:\/\/www.oficinaempleo.com\/blog\/wp-content\/uploads\/2017\/02\/facturar_destacada.jpg\",\"contentUrl\":\"https:\/\/www.oficinaempleo.com\/blog\/wp-content\/uploads\/2017\/02\/facturar_destacada.jpg\",\"width\":590,\"height\":315},{\"@type\":\"BreadcrumbList\",\"@id\":\"https:\/\/www.oficinaempleo.com\/blog\/como-facturar-sin-ser-autonomo\/#breadcrumb\",\"itemListElement\":[{\"@type\":\"ListItem\",\"position\":1,\"name\":\"Home\",\"item\":\"https:\/\/www.oficinaempleo.com\/blog\/\"},{\"@type\":\"ListItem\",\"position\":2,\"name\":\"C\u00f3mo facturar sin ser aut\u00f3nomo\"}]},{\"@type\":\"WebSite\",\"@id\":\"https:\/\/www.oficinaempleo.com\/blog\/#website\",\"url\":\"https:\/\/www.oficinaempleo.com\/blog\/\",\"name\":\"Noticias y Consejos de Empleo | Blog OficinaEmpleo\",\"description\":\"\",\"publisher\":{\"@id\":\"https:\/\/www.oficinaempleo.com\/blog\/#organization\"},\"potentialAction\":[{\"@type\":\"SearchAction\",\"target\":{\"@type\":\"EntryPoint\",\"urlTemplate\":\"https:\/\/www.oficinaempleo.com\/blog\/?s={search_term_string}\"},\"query-input\":{\"@type\":\"PropertyValueSpecification\",\"valueRequired\":true,\"valueName\":\"search_term_string\"}}],\"inLanguage\":\"es\"},{\"@type\":\"Organization\",\"@id\":\"https:\/\/www.oficinaempleo.com\/blog\/#organization\",\"name\":\"OficinaEmpleo\",\"url\":\"https:\/\/www.oficinaempleo.com\/blog\/\",\"logo\":{\"@type\":\"ImageObject\",\"inLanguage\":\"es\",\"@id\":\"https:\/\/www.oficinaempleo.com\/blog\/#\/schema\/logo\/image\/\",\"url\":\"https:\/\/www.oficinaempleo.com\/blog\/wp-content\/uploads\/2018\/10\/logo_footer-1.jpg\",\"contentUrl\":\"https:\/\/www.oficinaempleo.com\/blog\/wp-content\/uploads\/2018\/10\/logo_footer-1.jpg\",\"width\":478,\"height\":57,\"caption\":\"OficinaEmpleo\"},\"image\":{\"@id\":\"https:\/\/www.oficinaempleo.com\/blog\/#\/schema\/logo\/image\/\"},\"sameAs\":[\"https:\/\/x.com\/OficinaEmpleo\"]},{\"@type\":\"Person\",\"@id\":\"https:\/\/www.oficinaempleo.com\/blog\/#\/schema\/person\/fb90e38571c727c56dd2231966ab3358\",\"name\":\"David Garc\u00eda\",\"image\":{\"@type\":\"ImageObject\",\"inLanguage\":\"es\",\"@id\":\"https:\/\/www.oficinaempleo.com\/blog\/#\/schema\/person\/image\/\",\"url\":\"https:\/\/secure.gravatar.com\/avatar\/e790fd54d7ada3dd19d3bebd1baf92ae088ffc6c3574e2d74d180130b4099a61?s=96&d=mm&r=g\",\"contentUrl\":\"https:\/\/secure.gravatar.com\/avatar\/e790fd54d7ada3dd19d3bebd1baf92ae088ffc6c3574e2d74d180130b4099a61?s=96&d=mm&r=g\",\"caption\":\"David Garc\u00eda\"},\"url\":\"https:\/\/www.oficinaempleo.com\/blog\/author\/david\/\"}]}<\/script>\n<!-- \/ Yoast SEO plugin. -->","yoast_head_json":{"title":"C\u00f3mo facturar sin ser aut\u00f3nomo - Oficina Empleo","description":"\u00bfTe salen trabajos pero no te compensan al tener que darte de alta como aut\u00f3nomo? \u00a1Entra y descubre c\u00f3mo poder facturar sin serlo!","robots":{"index":"index","follow":"follow","max-snippet":"max-snippet:-1","max-image-preview":"max-image-preview:large","max-video-preview":"max-video-preview:-1"},"canonical":"https:\/\/www.oficinaempleo.com\/blog\/como-facturar-sin-ser-autonomo\/","og_locale":"es_ES","og_type":"article","og_title":"C\u00f3mo facturar sin ser aut\u00f3nomo - Oficina Empleo","og_description":"\u00bfTe salen trabajos pero no te compensan al tener que darte de alta como aut\u00f3nomo? \u00a1Entra y descubre c\u00f3mo poder facturar sin serlo!","og_url":"https:\/\/www.oficinaempleo.com\/blog\/como-facturar-sin-ser-autonomo\/","og_site_name":"Noticias y consejos de empleo | Blog OficinaEmpleo","article_published_time":"2017-02-07T11:08:34+00:00","article_modified_time":"2017-02-14T15:32:08+00:00","og_image":[{"width":590,"height":315,"url":"https:\/\/www.oficinaempleo.com\/blog\/wp-content\/uploads\/2017\/02\/facturar_destacada.jpg","type":"image\/jpeg"}],"author":"David Garc\u00eda","twitter_card":"summary_large_image","twitter_creator":"@OficinaEmpleo","twitter_site":"@OficinaEmpleo","twitter_misc":{"Written by":"David Garc\u00eda","Est. reading time":"3 minutos"},"schema":{"@context":"https:\/\/schema.org","@graph":[{"@type":"Article","@id":"https:\/\/www.oficinaempleo.com\/blog\/como-facturar-sin-ser-autonomo\/#article","isPartOf":{"@id":"https:\/\/www.oficinaempleo.com\/blog\/como-facturar-sin-ser-autonomo\/"},"author":{"name":"David Garc\u00eda","@id":"https:\/\/www.oficinaempleo.com\/blog\/#\/schema\/person\/fb90e38571c727c56dd2231966ab3358"},"headline":"C\u00f3mo facturar sin ser aut\u00f3nomo","datePublished":"2017-02-07T11:08:34+00:00","dateModified":"2017-02-14T15:32:08+00:00","mainEntityOfPage":{"@id":"https:\/\/www.oficinaempleo.com\/blog\/como-facturar-sin-ser-autonomo\/"},"wordCount":575,"commentCount":0,"publisher":{"@id":"https:\/\/www.oficinaempleo.com\/blog\/#organization"},"image":{"@id":"https:\/\/www.oficinaempleo.com\/blog\/como-facturar-sin-ser-autonomo\/#primaryimage"},"thumbnailUrl":"https:\/\/www.oficinaempleo.com\/blog\/wp-content\/uploads\/2017\/02\/facturar_destacada.jpg","keywords":["aut\u00f3nomos. seguridad social","facturaci\u00f3n","facturar","hacienda","ser aut\u00f3nomo"],"articleSection":["Consejos y Recursos"],"inLanguage":"es","potentialAction":[{"@type":"CommentAction","name":"Comment","target":["https:\/\/www.oficinaempleo.com\/blog\/como-facturar-sin-ser-autonomo\/#respond"]}]},{"@type":"WebPage","@id":"https:\/\/www.oficinaempleo.com\/blog\/como-facturar-sin-ser-autonomo\/","url":"https:\/\/www.oficinaempleo.com\/blog\/como-facturar-sin-ser-autonomo\/","name":"C\u00f3mo facturar sin ser aut\u00f3nomo - Oficina Empleo","isPartOf":{"@id":"https:\/\/www.oficinaempleo.com\/blog\/#website"},"primaryImageOfPage":{"@id":"https:\/\/www.oficinaempleo.com\/blog\/como-facturar-sin-ser-autonomo\/#primaryimage"},"image":{"@id":"https:\/\/www.oficinaempleo.com\/blog\/como-facturar-sin-ser-autonomo\/#primaryimage"},"thumbnailUrl":"https:\/\/www.oficinaempleo.com\/blog\/wp-content\/uploads\/2017\/02\/facturar_destacada.jpg","datePublished":"2017-02-07T11:08:34+00:00","dateModified":"2017-02-14T15:32:08+00:00","description":"\u00bfTe salen trabajos pero no te compensan al tener que darte de alta como aut\u00f3nomo? \u00a1Entra y descubre c\u00f3mo poder facturar sin serlo!","breadcrumb":{"@id":"https:\/\/www.oficinaempleo.com\/blog\/como-facturar-sin-ser-autonomo\/#breadcrumb"},"inLanguage":"es","potentialAction":[{"@type":"ReadAction","target":["https:\/\/www.oficinaempleo.com\/blog\/como-facturar-sin-ser-autonomo\/"]}]},{"@type":"ImageObject","inLanguage":"es","@id":"https:\/\/www.oficinaempleo.com\/blog\/como-facturar-sin-ser-autonomo\/#primaryimage","url":"https:\/\/www.oficinaempleo.com\/blog\/wp-content\/uploads\/2017\/02\/facturar_destacada.jpg","contentUrl":"https:\/\/www.oficinaempleo.com\/blog\/wp-content\/uploads\/2017\/02\/facturar_destacada.jpg","width":590,"height":315},{"@type":"BreadcrumbList","@id":"https:\/\/www.oficinaempleo.com\/blog\/como-facturar-sin-ser-autonomo\/#breadcrumb","itemListElement":[{"@type":"ListItem","position":1,"name":"Home","item":"https:\/\/www.oficinaempleo.com\/blog\/"},{"@type":"ListItem","position":2,"name":"C\u00f3mo facturar sin ser aut\u00f3nomo"}]},{"@type":"WebSite","@id":"https:\/\/www.oficinaempleo.com\/blog\/#website","url":"https:\/\/www.oficinaempleo.com\/blog\/","name":"Noticias y Consejos de Empleo | Blog OficinaEmpleo","description":"","publisher":{"@id":"https:\/\/www.oficinaempleo.com\/blog\/#organization"},"potentialAction":[{"@type":"SearchAction","target":{"@type":"EntryPoint","urlTemplate":"https:\/\/www.oficinaempleo.com\/blog\/?s={search_term_string}"},"query-input":{"@type":"PropertyValueSpecification","valueRequired":true,"valueName":"search_term_string"}}],"inLanguage":"es"},{"@type":"Organization","@id":"https:\/\/www.oficinaempleo.com\/blog\/#organization","name":"OficinaEmpleo","url":"https:\/\/www.oficinaempleo.com\/blog\/","logo":{"@type":"ImageObject","inLanguage":"es","@id":"https:\/\/www.oficinaempleo.com\/blog\/#\/schema\/logo\/image\/","url":"https:\/\/www.oficinaempleo.com\/blog\/wp-content\/uploads\/2018\/10\/logo_footer-1.jpg","contentUrl":"https:\/\/www.oficinaempleo.com\/blog\/wp-content\/uploads\/2018\/10\/logo_footer-1.jpg","width":478,"height":57,"caption":"OficinaEmpleo"},"image":{"@id":"https:\/\/www.oficinaempleo.com\/blog\/#\/schema\/logo\/image\/"},"sameAs":["https:\/\/x.com\/OficinaEmpleo"]},{"@type":"Person","@id":"https:\/\/www.oficinaempleo.com\/blog\/#\/schema\/person\/fb90e38571c727c56dd2231966ab3358","name":"David Garc\u00eda","image":{"@type":"ImageObject","inLanguage":"es","@id":"https:\/\/www.oficinaempleo.com\/blog\/#\/schema\/person\/image\/","url":"https:\/\/secure.gravatar.com\/avatar\/e790fd54d7ada3dd19d3bebd1baf92ae088ffc6c3574e2d74d180130b4099a61?s=96&d=mm&r=g","contentUrl":"https:\/\/secure.gravatar.com\/avatar\/e790fd54d7ada3dd19d3bebd1baf92ae088ffc6c3574e2d74d180130b4099a61?s=96&d=mm&r=g","caption":"David Garc\u00eda"},"url":"https:\/\/www.oficinaempleo.com\/blog\/author\/david\/"}]}},"_links":{"self":[{"href":"https:\/\/www.oficinaempleo.com\/blog\/wp-json\/wp\/v2\/posts\/17451","targetHints":{"allow":["GET"]}}],"collection":[{"href":"https:\/\/www.oficinaempleo.com\/blog\/wp-json\/wp\/v2\/posts"}],"about":[{"href":"https:\/\/www.oficinaempleo.com\/blog\/wp-json\/wp\/v2\/types\/post"}],"author":[{"embeddable":true,"href":"https:\/\/www.oficinaempleo.com\/blog\/wp-json\/wp\/v2\/users\/5"}],"replies":[{"embeddable":true,"href":"https:\/\/www.oficinaempleo.com\/blog\/wp-json\/wp\/v2\/comments?post=17451"}],"version-history":[{"count":0,"href":"https:\/\/www.oficinaempleo.com\/blog\/wp-json\/wp\/v2\/posts\/17451\/revisions"}],"wp:featuredmedia":[{"embeddable":true,"href":"https:\/\/www.oficinaempleo.com\/blog\/wp-json\/wp\/v2\/media\/17453"}],"wp:attachment":[{"href":"https:\/\/www.oficinaempleo.com\/blog\/wp-json\/wp\/v2\/media?parent=17451"}],"wp:term":[{"taxonomy":"category","embeddable":true,"href":"https:\/\/www.oficinaempleo.com\/blog\/wp-json\/wp\/v2\/categories?post=17451"},{"taxonomy":"post_tag","embeddable":true,"href":"https:\/\/www.oficinaempleo.com\/blog\/wp-json\/wp\/v2\/tags?post=17451"}],"curies":[{"name":"wp","href":"https:\/\/api.w.org\/{rel}","templated":true}]}}