{"id":17537,"date":"2018-05-11T08:43:18","date_gmt":"2018-05-11T07:43:18","guid":{"rendered":"http:\/\/www.oficinaempleo.com\/blog\/?p=17537"},"modified":"2019-02-12T18:12:30","modified_gmt":"2019-02-12T17:12:30","slug":"asi-extravagante-curriculum-donald-trump","status":"publish","type":"post","link":"https:\/\/www.oficinaempleo.com\/blog\/asi-extravagante-curriculum-donald-trump\/","title":{"rendered":"As\u00ed es el extravagante curr\u00edculum de Donald Trump"},"content":{"rendered":"<div class=\"su-button-center\"><a href=\"https:\/\/jobs.oficinaempleo.com\/registro?origen=ORG-web&#038;utm_source=OE&#038;utm_medium=boton_registro&#038;utm_content=homepage&#038;utm_campaign=organic\" class=\"su-button su-button-style-flat\" style=\"color:#FFFFFF;background-color:#ec7d0c;border-color:#bd640a;border-radius:10px\" target=\"__blank\"><span style=\"color:#FFFFFF;padding:8px 26px;font-size:20px;line-height:30px;border-color:#f2a455;border-radius:10px;text-shadow:none\"><i class=\"sui sui-arrow-circle-right\" style=\"font-size:20px;color:#FFFFFF\"><\/i> Reg\u00edstrate gratis en OficinaEmpleo<\/span><\/a><\/div>\n<p>&nbsp;<\/p>\n<p>Todav\u00eda mucha gente de todo el mundo, empezando por los propios estadounidenses, se pregunta c\u00f3mo es posible que el pol\u00e9mico <a href=\"https:\/\/twitter.com\/realdonaldtrump?lang=es\"><strong>Donald Trump<\/strong><\/a> se haya convertido en presidente de los Estados Unidos.<\/p>\n<p><img loading=\"lazy\" decoding=\"async\" class=\"alignnone wp-image-17538 size-full\" src=\"http:\/\/www.oficinaempleo.com\/blog\/wp-content\/uploads\/2017\/02\/trump-1.jpg\" alt=\"Donald Trump (Gtresonline)\" width=\"590\" height=\"315\" srcset=\"https:\/\/www.oficinaempleo.com\/blog\/wp-content\/uploads\/2017\/02\/trump-1.jpg 590w, https:\/\/www.oficinaempleo.com\/blog\/wp-content\/uploads\/2017\/02\/trump-1-300x160.jpg 300w\" sizes=\"auto, (max-width: 590px) 100vw, 590px\" \/><\/p>\n<p>Si compar\u00e1semos las elecciones presidenciales en Estados Unidos con el mundo laboral, podr\u00edamos decir que la empresa m\u00e1s importante del mundo (Estados Unidos) pas\u00f3 por diversos procesos de selecci\u00f3n hasta dejar en dos el n\u00famero de candidatos al puesto de trabajo con m\u00e1s poder en el mundo: <strong>Donald Trump y Hillary Clinton<\/strong>.<\/p>\n<p>Sorprendentemente, el elegido fue Donald Trump. Si en Espa\u00f1a, y en general en muchos pa\u00edses, los <a href=\"http:\/\/www.oficinaempleo.com\/blog\/10-razones-por-las-que-una-mujer-de-45-anos-con-hijos-no-esta-fuera-del-mercado-laboral\/\"><strong>mayores de 45 a\u00f1os encuentran demasiados problemas para encontrar trabajo<\/strong><\/a> y las empresas no valoran su experiencia como se merecen, los dos candidatos a la presidencia de Estados Unidos eran dos personas en edad de jubilaci\u00f3n (Donald Trump tiene 70 a\u00f1os y Hillary Clinton, 69).<\/p>\n<p>La edad, sin embargo, no es el \u00fanico factor que llama la atenci\u00f3n en el <strong><a href=\"http:\/\/www.oficinaempleo.com\/blog\/10-trucos-para-parecer-mejor-de-lo-que-eres-en-tu-curriculum\/\">curr\u00edculum<\/a> de Donald Trump<\/strong>, que bien podr\u00eda ser algo as\u00ed traducido al espa\u00f1ol\u2026<\/p>\n<p>&nbsp;<\/p>\n<h2 style=\"text-align: left;\"><strong>Datos personales<\/strong><\/h2>\n<p>Nombre: Donald John Trump<\/p>\n<p>Lugar y fecha de nacimiento: Nueva York, 14 de junio de 1946<\/p>\n<p>Direcci\u00f3n: <a href=\"https:\/\/www.whitehouse.gov\/#page\">La Casa Blanca <\/a>(The White House). 1600 Pennsylvania Avenue NW, Washington DC<\/p>\n<p>&nbsp;<\/p>\n<h2 style=\"text-align: left;\"><strong>Formaci\u00f3n<\/strong><\/h2>\n<p>Licenciado en Econom\u00eda por la Escuela Wharton de la Universidad de Pennsylvania (1968)<\/p>\n<p>Estudios de Econom\u00eda en la Universidad de Fordham (1964-1966)<\/p>\n<p>Escuela Militar de Nueva York (1959-1963)<\/p>\n<p>&nbsp;<\/p>\n<h2 style=\"text-align: left;\"><strong>Experiencia profesional<\/strong><\/h2>\n<p>Presidente de los Estados Unidos (desde enero de 2017)<\/p>\n<p>Ganador de las elecciones presidenciales de los Estados Unidos (noviembre de 2016)<\/p>\n<p>Elegido candidato republicano a las elecciones presidenciales de Estados Unidos (2016)<\/p>\n<p>Actor de cine (desde 1989). Aparici\u00f3n en pel\u00edculas como <em>Los fantasmas no pueden\u2026 hacerlo<\/em>, <em>Solo en casa 2: Perdido en Nueva York<\/em>, <em>Una pandilla de pillos<\/em>, <em>Eddie<\/em>, <em>54<\/em>, <em>Celebrity<\/em> (de Woody Allen), <em>Zoolander<\/em> y <em>Amor con preaviso<\/em>, entre otras.<\/p>\n<p>Actor de televisi\u00f3n (desde 1985). Aparici\u00f3n en series de televisi\u00f3n como <em>El pr\u00edncipe de Bel-Air<\/em>, <em>Spin City<\/em>, <em>Sabrina, cosas de brujas<\/em>, <em>Sexo en Nueva York<\/em> y <em>Monk<\/em>, entre otras.<\/p>\n<p>Productor ejecutivo de televisi\u00f3n (desde 2001). Productor ejecutivo de formatos de televisi\u00f3n como \u201cEl aprendiz\u201d y de las galas de Miss Universo (hasta 2015).<\/p>\n<p>Organizador del certamen de Miss Universo (hasta 2015)<\/p>\n<p>Constructor y empresario (desde los a\u00f1os 70). Propietario de la Trump World Tower (Torre Trump), Trump Hotel Las Vegas, la cadena de hoteles Trump International Tower &amp; Hotel, las empresas Trump Enterprises, The Trump Corporation, Trump Development y otras.<\/p>\n<p>&nbsp;<\/p>\n<h2 style=\"text-align: left;\"><strong>Publicaciones (entre otros libros)<\/strong><\/h2>\n<p><em>Trump: The Art of the Deal<\/em> (<em>Trump: El arte de vender<\/em>) \u00a0(1987)<\/p>\n<p><em>Why We Want You to Be Rich<\/em> (<em>Queremos que seas rico<\/em>) (coautor) (2006)<\/p>\n<p><em>Crippled America: How to make America great again<\/em> (2015)<\/p>\n<p>&nbsp;<\/p>\n<h2 style=\"text-align: left;\"><strong>Aficiones<\/strong><\/h2>\n<p>Golf<\/p>\n<p>F\u00fatbol americano (propietario de un equipo)<\/p>\n<p>Construcci\u00f3n (incluida la de muros&#8230;)<\/p>\n<div class=\"su-button-center\"><a href=\"https:\/\/jobs.oficinaempleo.com\/registro?origen=ORG-web&#038;utm_source=OE&#038;utm_medium=boton_registro&#038;utm_content=homepage&#038;utm_campaign=organic\" class=\"su-button su-button-style-flat\" style=\"color:#FFFFFF;background-color:#ec7d0c;border-color:#bd640a;border-radius:10px\" target=\"__blank\"><span style=\"color:#FFFFFF;padding:8px 26px;font-size:20px;line-height:30px;border-color:#f2a455;border-radius:10px;text-shadow:none\"><i class=\"sui sui-arrow-circle-right\" style=\"font-size:20px;color:#FFFFFF\"><\/i> Reg\u00edstrate gratis en OficinaEmpleo<\/span><\/a><\/div>\n","protected":false},"excerpt":{"rendered":"<p>Te detallamos el curr\u00edculum del pol\u00e9mico presidente de los Estados Unidos, Donald Trump<\/p>\n","protected":false},"author":2,"featured_media":17538,"comment_status":"open","ping_status":"open","sticky":false,"template":"","format":"standard","meta":{"footnotes":""},"categories":[691,512,4,1],"tags":[4753,4752,4253,4756,4754,4755],"class_list":["post-17537","post","type-post","status-publish","format-standard","has-post-thumbnail","hentry","category-actualidad-empleo","category-emprendedores","category-marketing-y-comunicacion","category-sin-categoria","tag-biografia-de-donald-trump","tag-curriculum-de-donald-trump","tag-donald-trump","tag-donald-trump-estudios","tag-elecciones-estados-unidos","tag-trayectoria-de-donald-trump","cat-691-id","cat-512-id","cat-4-id","cat-1-id","has_thumb"],"yoast_head":"<!-- This site is optimized with the Yoast SEO plugin v27.1.1 - https:\/\/yoast.com\/product\/yoast-seo-wordpress\/ -->\n<title>As\u00ed es el extravagante curr\u00edculum de Donald Trump - Oficina Empleo<\/title>\n<meta name=\"description\" content=\"Est\u00e1 en boca de medio mundo. Nadie da ni un euro por \u00e9l pero... \u00bfConoces su trayectoria? En Oficina Empleo te traemos el extravagante CV de Trump.\" \/>\n<meta name=\"robots\" content=\"index, follow, max-snippet:-1, max-image-preview:large, max-video-preview:-1\" \/>\n<link rel=\"canonical\" href=\"https:\/\/www.oficinaempleo.com\/blog\/asi-extravagante-curriculum-donald-trump\/\" \/>\n<meta property=\"og:locale\" content=\"es_ES\" \/>\n<meta property=\"og:type\" content=\"article\" \/>\n<meta property=\"og:title\" content=\"As\u00ed es el extravagante curr\u00edculum de Donald Trump - Oficina Empleo\" \/>\n<meta property=\"og:description\" content=\"Est\u00e1 en boca de medio mundo. Nadie da ni un euro por \u00e9l pero... \u00bfConoces su trayectoria? En Oficina Empleo te traemos el extravagante CV de Trump.\" \/>\n<meta property=\"og:url\" content=\"https:\/\/www.oficinaempleo.com\/blog\/asi-extravagante-curriculum-donald-trump\/\" \/>\n<meta property=\"og:site_name\" content=\"Noticias y consejos de empleo | Blog OficinaEmpleo\" \/>\n<meta property=\"article:author\" content=\"https:\/\/www.facebook.com\/OficinaEmpleo\" \/>\n<meta property=\"article:published_time\" content=\"2018-05-11T07:43:18+00:00\" \/>\n<meta property=\"article:modified_time\" content=\"2019-02-12T17:12:30+00:00\" \/>\n<meta property=\"og:image\" content=\"https:\/\/www.oficinaempleo.com\/blog\/wp-content\/uploads\/2017\/02\/trump-1.jpg\" \/>\n\t<meta property=\"og:image:width\" content=\"590\" \/>\n\t<meta property=\"og:image:height\" content=\"315\" \/>\n\t<meta property=\"og:image:type\" content=\"image\/jpeg\" \/>\n<meta name=\"author\" content=\"OficinaEmpleo\" \/>\n<meta name=\"twitter:card\" content=\"summary_large_image\" \/>\n<meta name=\"twitter:creator\" content=\"@OficinaEmpleo\" \/>\n<meta name=\"twitter:site\" content=\"@OficinaEmpleo\" \/>\n<meta name=\"twitter:label1\" content=\"Written by\" \/>\n\t<meta name=\"twitter:data1\" content=\"OficinaEmpleo\" \/>\n\t<meta name=\"twitter:label2\" content=\"Est. reading time\" \/>\n\t<meta name=\"twitter:data2\" content=\"3 minutos\" \/>\n<script type=\"application\/ld+json\" class=\"yoast-schema-graph\">{\"@context\":\"https:\/\/schema.org\",\"@graph\":[{\"@type\":\"Article\",\"@id\":\"https:\/\/www.oficinaempleo.com\/blog\/asi-extravagante-curriculum-donald-trump\/#article\",\"isPartOf\":{\"@id\":\"https:\/\/www.oficinaempleo.com\/blog\/asi-extravagante-curriculum-donald-trump\/\"},\"author\":{\"name\":\"OficinaEmpleo\",\"@id\":\"https:\/\/www.oficinaempleo.com\/blog\/#\/schema\/person\/a7f3437f35bd6bd9ad19addae529a114\"},\"headline\":\"As\u00ed es el extravagante curr\u00edculum de Donald Trump\",\"datePublished\":\"2018-05-11T07:43:18+00:00\",\"dateModified\":\"2019-02-12T17:12:30+00:00\",\"mainEntityOfPage\":{\"@id\":\"https:\/\/www.oficinaempleo.com\/blog\/asi-extravagante-curriculum-donald-trump\/\"},\"wordCount\":577,\"commentCount\":0,\"publisher\":{\"@id\":\"https:\/\/www.oficinaempleo.com\/blog\/#organization\"},\"image\":{\"@id\":\"https:\/\/www.oficinaempleo.com\/blog\/asi-extravagante-curriculum-donald-trump\/#primaryimage\"},\"thumbnailUrl\":\"https:\/\/www.oficinaempleo.com\/blog\/wp-content\/uploads\/2017\/02\/trump-1.jpg\",\"keywords\":[\"biograf\u00eda de Donald Trump\",\"curr\u00edculum de Donald Trump\",\"Donald Trump\",\"Donald Trump estudios\",\"elecciones Estados Unidos\",\"trayectoria de Donald Trump\"],\"articleSection\":[\"Actualidad\",\"Emprendedores\",\"Marketing y comunicacion\"],\"inLanguage\":\"es\",\"potentialAction\":[{\"@type\":\"CommentAction\",\"name\":\"Comment\",\"target\":[\"https:\/\/www.oficinaempleo.com\/blog\/asi-extravagante-curriculum-donald-trump\/#respond\"]}]},{\"@type\":\"WebPage\",\"@id\":\"https:\/\/www.oficinaempleo.com\/blog\/asi-extravagante-curriculum-donald-trump\/\",\"url\":\"https:\/\/www.oficinaempleo.com\/blog\/asi-extravagante-curriculum-donald-trump\/\",\"name\":\"As\u00ed es el extravagante curr\u00edculum de Donald Trump - Oficina Empleo\",\"isPartOf\":{\"@id\":\"https:\/\/www.oficinaempleo.com\/blog\/#website\"},\"primaryImageOfPage\":{\"@id\":\"https:\/\/www.oficinaempleo.com\/blog\/asi-extravagante-curriculum-donald-trump\/#primaryimage\"},\"image\":{\"@id\":\"https:\/\/www.oficinaempleo.com\/blog\/asi-extravagante-curriculum-donald-trump\/#primaryimage\"},\"thumbnailUrl\":\"https:\/\/www.oficinaempleo.com\/blog\/wp-content\/uploads\/2017\/02\/trump-1.jpg\",\"datePublished\":\"2018-05-11T07:43:18+00:00\",\"dateModified\":\"2019-02-12T17:12:30+00:00\",\"description\":\"Est\u00e1 en boca de medio mundo. Nadie da ni un euro por \u00e9l pero... \u00bfConoces su trayectoria? En Oficina Empleo te traemos el extravagante CV de Trump.\",\"breadcrumb\":{\"@id\":\"https:\/\/www.oficinaempleo.com\/blog\/asi-extravagante-curriculum-donald-trump\/#breadcrumb\"},\"inLanguage\":\"es\",\"potentialAction\":[{\"@type\":\"ReadAction\",\"target\":[\"https:\/\/www.oficinaempleo.com\/blog\/asi-extravagante-curriculum-donald-trump\/\"]}]},{\"@type\":\"ImageObject\",\"inLanguage\":\"es\",\"@id\":\"https:\/\/www.oficinaempleo.com\/blog\/asi-extravagante-curriculum-donald-trump\/#primaryimage\",\"url\":\"https:\/\/www.oficinaempleo.com\/blog\/wp-content\/uploads\/2017\/02\/trump-1.jpg\",\"contentUrl\":\"https:\/\/www.oficinaempleo.com\/blog\/wp-content\/uploads\/2017\/02\/trump-1.jpg\",\"width\":590,\"height\":315,\"caption\":\"Donald Trump (Gtresonline)\"},{\"@type\":\"BreadcrumbList\",\"@id\":\"https:\/\/www.oficinaempleo.com\/blog\/asi-extravagante-curriculum-donald-trump\/#breadcrumb\",\"itemListElement\":[{\"@type\":\"ListItem\",\"position\":1,\"name\":\"Home\",\"item\":\"https:\/\/www.oficinaempleo.com\/blog\/\"},{\"@type\":\"ListItem\",\"position\":2,\"name\":\"As\u00ed es el extravagante curr\u00edculum de Donald Trump\"}]},{\"@type\":\"WebSite\",\"@id\":\"https:\/\/www.oficinaempleo.com\/blog\/#website\",\"url\":\"https:\/\/www.oficinaempleo.com\/blog\/\",\"name\":\"Noticias y Consejos de Empleo | Blog OficinaEmpleo\",\"description\":\"\",\"publisher\":{\"@id\":\"https:\/\/www.oficinaempleo.com\/blog\/#organization\"},\"potentialAction\":[{\"@type\":\"SearchAction\",\"target\":{\"@type\":\"EntryPoint\",\"urlTemplate\":\"https:\/\/www.oficinaempleo.com\/blog\/?s={search_term_string}\"},\"query-input\":{\"@type\":\"PropertyValueSpecification\",\"valueRequired\":true,\"valueName\":\"search_term_string\"}}],\"inLanguage\":\"es\"},{\"@type\":\"Organization\",\"@id\":\"https:\/\/www.oficinaempleo.com\/blog\/#organization\",\"name\":\"OficinaEmpleo\",\"url\":\"https:\/\/www.oficinaempleo.com\/blog\/\",\"logo\":{\"@type\":\"ImageObject\",\"inLanguage\":\"es\",\"@id\":\"https:\/\/www.oficinaempleo.com\/blog\/#\/schema\/logo\/image\/\",\"url\":\"https:\/\/www.oficinaempleo.com\/blog\/wp-content\/uploads\/2018\/10\/logo_footer-1.jpg\",\"contentUrl\":\"https:\/\/www.oficinaempleo.com\/blog\/wp-content\/uploads\/2018\/10\/logo_footer-1.jpg\",\"width\":478,\"height\":57,\"caption\":\"OficinaEmpleo\"},\"image\":{\"@id\":\"https:\/\/www.oficinaempleo.com\/blog\/#\/schema\/logo\/image\/\"},\"sameAs\":[\"https:\/\/x.com\/OficinaEmpleo\"]},{\"@type\":\"Person\",\"@id\":\"https:\/\/www.oficinaempleo.com\/blog\/#\/schema\/person\/a7f3437f35bd6bd9ad19addae529a114\",\"name\":\"OficinaEmpleo\",\"image\":{\"@type\":\"ImageObject\",\"inLanguage\":\"es\",\"@id\":\"https:\/\/www.oficinaempleo.com\/blog\/#\/schema\/person\/image\/\",\"url\":\"https:\/\/secure.gravatar.com\/avatar\/ea822afb14d7439ba3051d652cf8f548fe540f184ce16a2135fc22c9337bd72e?s=96&d=mm&r=g\",\"contentUrl\":\"https:\/\/secure.gravatar.com\/avatar\/ea822afb14d7439ba3051d652cf8f548fe540f184ce16a2135fc22c9337bd72e?s=96&d=mm&r=g\",\"caption\":\"OficinaEmpleo\"},\"description\":\"En OficinaEmpleo queremos ayudarte a conseguir trabajo. Por eso, adem\u00e1s de ofrecerte ofertas de empleo en nuestro portal, te ense\u00f1amos las novedades del sector, y consejos para mejorar tu perfil.\",\"sameAs\":[\"http:\/\/www.oficinaempleo.com\/\",\"https:\/\/www.facebook.com\/OficinaEmpleo\",\"https:\/\/x.com\/OficinaEmpleo\"],\"url\":\"https:\/\/www.oficinaempleo.com\/blog\/author\/empleo\/\"}]}<\/script>\n<!-- \/ Yoast SEO plugin. -->","yoast_head_json":{"title":"As\u00ed es el extravagante curr\u00edculum de Donald Trump - Oficina Empleo","description":"Est\u00e1 en boca de medio mundo. Nadie da ni un euro por \u00e9l pero... \u00bfConoces su trayectoria? En Oficina Empleo te traemos el extravagante CV de Trump.","robots":{"index":"index","follow":"follow","max-snippet":"max-snippet:-1","max-image-preview":"max-image-preview:large","max-video-preview":"max-video-preview:-1"},"canonical":"https:\/\/www.oficinaempleo.com\/blog\/asi-extravagante-curriculum-donald-trump\/","og_locale":"es_ES","og_type":"article","og_title":"As\u00ed es el extravagante curr\u00edculum de Donald Trump - Oficina Empleo","og_description":"Est\u00e1 en boca de medio mundo. Nadie da ni un euro por \u00e9l pero... \u00bfConoces su trayectoria? En Oficina Empleo te traemos el extravagante CV de Trump.","og_url":"https:\/\/www.oficinaempleo.com\/blog\/asi-extravagante-curriculum-donald-trump\/","og_site_name":"Noticias y consejos de empleo | Blog OficinaEmpleo","article_author":"https:\/\/www.facebook.com\/OficinaEmpleo","article_published_time":"2018-05-11T07:43:18+00:00","article_modified_time":"2019-02-12T17:12:30+00:00","og_image":[{"width":590,"height":315,"url":"https:\/\/www.oficinaempleo.com\/blog\/wp-content\/uploads\/2017\/02\/trump-1.jpg","type":"image\/jpeg"}],"author":"OficinaEmpleo","twitter_card":"summary_large_image","twitter_creator":"@OficinaEmpleo","twitter_site":"@OficinaEmpleo","twitter_misc":{"Written by":"OficinaEmpleo","Est. reading time":"3 minutos"},"schema":{"@context":"https:\/\/schema.org","@graph":[{"@type":"Article","@id":"https:\/\/www.oficinaempleo.com\/blog\/asi-extravagante-curriculum-donald-trump\/#article","isPartOf":{"@id":"https:\/\/www.oficinaempleo.com\/blog\/asi-extravagante-curriculum-donald-trump\/"},"author":{"name":"OficinaEmpleo","@id":"https:\/\/www.oficinaempleo.com\/blog\/#\/schema\/person\/a7f3437f35bd6bd9ad19addae529a114"},"headline":"As\u00ed es el extravagante curr\u00edculum de Donald Trump","datePublished":"2018-05-11T07:43:18+00:00","dateModified":"2019-02-12T17:12:30+00:00","mainEntityOfPage":{"@id":"https:\/\/www.oficinaempleo.com\/blog\/asi-extravagante-curriculum-donald-trump\/"},"wordCount":577,"commentCount":0,"publisher":{"@id":"https:\/\/www.oficinaempleo.com\/blog\/#organization"},"image":{"@id":"https:\/\/www.oficinaempleo.com\/blog\/asi-extravagante-curriculum-donald-trump\/#primaryimage"},"thumbnailUrl":"https:\/\/www.oficinaempleo.com\/blog\/wp-content\/uploads\/2017\/02\/trump-1.jpg","keywords":["biograf\u00eda de Donald Trump","curr\u00edculum de Donald Trump","Donald Trump","Donald Trump estudios","elecciones Estados Unidos","trayectoria de Donald Trump"],"articleSection":["Actualidad","Emprendedores","Marketing y comunicacion"],"inLanguage":"es","potentialAction":[{"@type":"CommentAction","name":"Comment","target":["https:\/\/www.oficinaempleo.com\/blog\/asi-extravagante-curriculum-donald-trump\/#respond"]}]},{"@type":"WebPage","@id":"https:\/\/www.oficinaempleo.com\/blog\/asi-extravagante-curriculum-donald-trump\/","url":"https:\/\/www.oficinaempleo.com\/blog\/asi-extravagante-curriculum-donald-trump\/","name":"As\u00ed es el extravagante curr\u00edculum de Donald Trump - Oficina Empleo","isPartOf":{"@id":"https:\/\/www.oficinaempleo.com\/blog\/#website"},"primaryImageOfPage":{"@id":"https:\/\/www.oficinaempleo.com\/blog\/asi-extravagante-curriculum-donald-trump\/#primaryimage"},"image":{"@id":"https:\/\/www.oficinaempleo.com\/blog\/asi-extravagante-curriculum-donald-trump\/#primaryimage"},"thumbnailUrl":"https:\/\/www.oficinaempleo.com\/blog\/wp-content\/uploads\/2017\/02\/trump-1.jpg","datePublished":"2018-05-11T07:43:18+00:00","dateModified":"2019-02-12T17:12:30+00:00","description":"Est\u00e1 en boca de medio mundo. Nadie da ni un euro por \u00e9l pero... \u00bfConoces su trayectoria? En Oficina Empleo te traemos el extravagante CV de Trump.","breadcrumb":{"@id":"https:\/\/www.oficinaempleo.com\/blog\/asi-extravagante-curriculum-donald-trump\/#breadcrumb"},"inLanguage":"es","potentialAction":[{"@type":"ReadAction","target":["https:\/\/www.oficinaempleo.com\/blog\/asi-extravagante-curriculum-donald-trump\/"]}]},{"@type":"ImageObject","inLanguage":"es","@id":"https:\/\/www.oficinaempleo.com\/blog\/asi-extravagante-curriculum-donald-trump\/#primaryimage","url":"https:\/\/www.oficinaempleo.com\/blog\/wp-content\/uploads\/2017\/02\/trump-1.jpg","contentUrl":"https:\/\/www.oficinaempleo.com\/blog\/wp-content\/uploads\/2017\/02\/trump-1.jpg","width":590,"height":315,"caption":"Donald Trump (Gtresonline)"},{"@type":"BreadcrumbList","@id":"https:\/\/www.oficinaempleo.com\/blog\/asi-extravagante-curriculum-donald-trump\/#breadcrumb","itemListElement":[{"@type":"ListItem","position":1,"name":"Home","item":"https:\/\/www.oficinaempleo.com\/blog\/"},{"@type":"ListItem","position":2,"name":"As\u00ed es el extravagante curr\u00edculum de Donald Trump"}]},{"@type":"WebSite","@id":"https:\/\/www.oficinaempleo.com\/blog\/#website","url":"https:\/\/www.oficinaempleo.com\/blog\/","name":"Noticias y Consejos de Empleo | Blog OficinaEmpleo","description":"","publisher":{"@id":"https:\/\/www.oficinaempleo.com\/blog\/#organization"},"potentialAction":[{"@type":"SearchAction","target":{"@type":"EntryPoint","urlTemplate":"https:\/\/www.oficinaempleo.com\/blog\/?s={search_term_string}"},"query-input":{"@type":"PropertyValueSpecification","valueRequired":true,"valueName":"search_term_string"}}],"inLanguage":"es"},{"@type":"Organization","@id":"https:\/\/www.oficinaempleo.com\/blog\/#organization","name":"OficinaEmpleo","url":"https:\/\/www.oficinaempleo.com\/blog\/","logo":{"@type":"ImageObject","inLanguage":"es","@id":"https:\/\/www.oficinaempleo.com\/blog\/#\/schema\/logo\/image\/","url":"https:\/\/www.oficinaempleo.com\/blog\/wp-content\/uploads\/2018\/10\/logo_footer-1.jpg","contentUrl":"https:\/\/www.oficinaempleo.com\/blog\/wp-content\/uploads\/2018\/10\/logo_footer-1.jpg","width":478,"height":57,"caption":"OficinaEmpleo"},"image":{"@id":"https:\/\/www.oficinaempleo.com\/blog\/#\/schema\/logo\/image\/"},"sameAs":["https:\/\/x.com\/OficinaEmpleo"]},{"@type":"Person","@id":"https:\/\/www.oficinaempleo.com\/blog\/#\/schema\/person\/a7f3437f35bd6bd9ad19addae529a114","name":"OficinaEmpleo","image":{"@type":"ImageObject","inLanguage":"es","@id":"https:\/\/www.oficinaempleo.com\/blog\/#\/schema\/person\/image\/","url":"https:\/\/secure.gravatar.com\/avatar\/ea822afb14d7439ba3051d652cf8f548fe540f184ce16a2135fc22c9337bd72e?s=96&d=mm&r=g","contentUrl":"https:\/\/secure.gravatar.com\/avatar\/ea822afb14d7439ba3051d652cf8f548fe540f184ce16a2135fc22c9337bd72e?s=96&d=mm&r=g","caption":"OficinaEmpleo"},"description":"En OficinaEmpleo queremos ayudarte a conseguir trabajo. Por eso, adem\u00e1s de ofrecerte ofertas de empleo en nuestro portal, te ense\u00f1amos las novedades del sector, y consejos para mejorar tu perfil.","sameAs":["http:\/\/www.oficinaempleo.com\/","https:\/\/www.facebook.com\/OficinaEmpleo","https:\/\/x.com\/OficinaEmpleo"],"url":"https:\/\/www.oficinaempleo.com\/blog\/author\/empleo\/"}]}},"_links":{"self":[{"href":"https:\/\/www.oficinaempleo.com\/blog\/wp-json\/wp\/v2\/posts\/17537","targetHints":{"allow":["GET"]}}],"collection":[{"href":"https:\/\/www.oficinaempleo.com\/blog\/wp-json\/wp\/v2\/posts"}],"about":[{"href":"https:\/\/www.oficinaempleo.com\/blog\/wp-json\/wp\/v2\/types\/post"}],"author":[{"embeddable":true,"href":"https:\/\/www.oficinaempleo.com\/blog\/wp-json\/wp\/v2\/users\/2"}],"replies":[{"embeddable":true,"href":"https:\/\/www.oficinaempleo.com\/blog\/wp-json\/wp\/v2\/comments?post=17537"}],"version-history":[{"count":2,"href":"https:\/\/www.oficinaempleo.com\/blog\/wp-json\/wp\/v2\/posts\/17537\/revisions"}],"predecessor-version":[{"id":23139,"href":"https:\/\/www.oficinaempleo.com\/blog\/wp-json\/wp\/v2\/posts\/17537\/revisions\/23139"}],"wp:featuredmedia":[{"embeddable":true,"href":"https:\/\/www.oficinaempleo.com\/blog\/wp-json\/wp\/v2\/media\/17538"}],"wp:attachment":[{"href":"https:\/\/www.oficinaempleo.com\/blog\/wp-json\/wp\/v2\/media?parent=17537"}],"wp:term":[{"taxonomy":"category","embeddable":true,"href":"https:\/\/www.oficinaempleo.com\/blog\/wp-json\/wp\/v2\/categories?post=17537"},{"taxonomy":"post_tag","embeddable":true,"href":"https:\/\/www.oficinaempleo.com\/blog\/wp-json\/wp\/v2\/tags?post=17537"}],"curies":[{"name":"wp","href":"https:\/\/api.w.org\/{rel}","templated":true}]}}