{"id":18549,"date":"2017-09-04T11:49:39","date_gmt":"2017-09-04T10:49:39","guid":{"rendered":"http:\/\/www.oficinaempleo.com\/blog\/?p=18549"},"modified":"2017-09-08T10:24:32","modified_gmt":"2017-09-08T09:24:32","slug":"las-mujeres-mas-ricas-del-mundo","status":"publish","type":"post","link":"https:\/\/www.oficinaempleo.com\/blog\/las-mujeres-mas-ricas-del-mundo\/","title":{"rendered":"Las mujeres m\u00e1s ricas del mundo"},"content":{"rendered":"<ul class='gallery-slider'><li class='slide' data-slide='1' data-slug='u107640'>    <div class='picture-container'>        <img src='https:\/\/www.oficinaempleo.com\/blog\/wp-content\/uploads\/2017\/04\/Liliane-Bettencourt.jpg' alt='Pie de Foto' title='Pieses de fotos' \/>        <div class='picture-counter'>1\/10<\/div>    <\/div>    <div class='picture-caption'>Liliane Bettencourt. Didier Ferey (GTres)<\/div>    <div class='picture-details'>        <div class='picture-title'>1. Liliane Bettencourt<\/div>        <div class='picture-description'>Esta mujer ocupa el primer puesto de las mujeres m\u00e1s ricas del mundo. Por si no la conoc\u00e9is, es una de las due\u00f1as de L'Oreal, tiene ya 94 a\u00f1os y una fortuna estimada en 39.500 millones de d\u00f3lares (36.355 millones de euros). <\/div>    <\/div><\/li><li class='slide' data-slide='2' data-slug='alice-walton'>    <div class='picture-container'>        <img src='https:\/\/www.oficinaempleo.com\/blog\/wp-content\/uploads\/2017\/04\/Alice-Walton.jpg' alt='Pie de Foto' title='Pieses de fotos' \/>        <div class='picture-counter'>2\/10<\/div>    <\/div>    <div class='picture-caption'>Alice Walton.  Danny Johnston (GTres)<\/div>    <div class='picture-details'>        <div class='picture-title'>2. Alice Walton<\/div>        <div class='picture-description'>Es la \u00fanica hija del fundador de Wal-Mart, Sam Walton, y gracias a las acciones que acumula de estos establecimientos, tiene una fortuna estimada en 33.800 millones de d\u00f3lares (31.109 millones de euros) y es por tanto la mujer m\u00e1s rica de Estados Unidos.<\/div>    <\/div><\/li><li class='slide adsense' data-slide='3'>  <div>Adsense<\/div><\/li><li class='slide' data-slide='4' data-slug='jacqueline-mars'>    <div class='picture-container'>        <img src='https:\/\/www.oficinaempleo.com\/blog\/wp-content\/uploads\/2017\/04\/Jacqueline-Mars.jpg' alt='Pie de Foto' title='Pieses de fotos' \/>        <div class='picture-counter'>3\/10<\/div>    <\/div>    <div class='picture-caption'>Jacqueline Mars. (Forbes)<\/div>    <div class='picture-details'>        <div class='picture-title'>3. Jacqueline Mars<\/div>        <div class='picture-description'>Jacqueline Mars tiene una fortuna acumulada de 27.000 millones de d\u00f3lares (24.850 millones de euros). Es la heredera de la que dicen que fue (o sigue siendo) la mayos f\u00e1brica de dulces del mundo y que fund\u00f3 su abuelo: Mars.<\/div>    <\/div><\/li><li class='slide' data-slide='5' data-slug='maria-franca-fissolo'>    <div class='picture-container'>        <img src='https:\/\/www.oficinaempleo.com\/blog\/wp-content\/uploads\/2017\/04\/Mar\u00eda-Franca-Fissolo.jpg' alt='Pie de Foto' title='Pieses de fotos' \/>        <div class='picture-counter'>4\/10<\/div>    <\/div>    <div class='picture-caption'>Mar\u00eda Franca Fissolo (http:\/\/www.actualmx.com)<\/div>    <div class='picture-details'>        <div class='picture-title'>4. Mar\u00eda Franca Fissolo<\/div>        <div class='picture-description'>Va de dulces la cosa. La italiana Mar\u00eda Franca Fissolo tiene 25.200 millones de d\u00f3lares (23.194 millones de euros) gracias a su suegro, due\u00f1o de Nutella, y a su difunto esposo, Michele Ferrero, fundador del Grupo Ferrero, que aglutina otras firmas como Ferrero Rocher o Kinder Chocolate.<\/div>    <\/div><\/li><li class='slide adsense' data-slide='6'>  <div>Adsense<\/div><\/li><li class='slide' data-slide='7' data-slug='k2007090300'>    <div class='picture-container'>        <img src='https:\/\/www.oficinaempleo.com\/blog\/wp-content\/uploads\/2017\/04\/Susanne-Klatten.jpg' alt='Pie de Foto' title='Pieses de fotos' \/>        <div class='picture-counter'>5\/10<\/div>    <\/div>    <div class='picture-caption'>Susanne Klatten. G\u00d6RLICH, STEPHAN (GTres) <\/div>    <div class='picture-details'>        <div class='picture-title'>5. Susanne Klatten<\/div>        <div class='picture-description'>La alemana, que tiene un patrimonio de 20.400 millones de d\u00f3lares (18.776 millones de euros) es la heredera de BMW. Casi nada.<\/div>    <\/div><\/li><li class='slide' data-slide='8' data-slug='u320698'>    <div class='picture-container'>        <img src='https:\/\/www.oficinaempleo.com\/blog\/wp-content\/uploads\/2017\/04\/Laurene-Powell-Jobs.jpg' alt='Pie de Foto' title='Pieses de fotos' \/>        <div class='picture-counter'>6\/10<\/div>    <\/div>    <div class='picture-caption'>Laurene Powell Jobs. Pablo Martinez Monsivais  (GTres)<\/div>    <div class='picture-details'>        <div class='picture-title'>6. Laurene Powell Jobs<\/div>        <div class='picture-description'>Con una fortuna estimada en 18.404 millones de euros, la viuda de Steve Jobs es la sexta mujer m\u00e1s rica del mundo, gracias a las acciones de Apple y Disney.<\/div>    <\/div><\/li><li class='slide adsense' data-slide='9'>  <div>Adsense<\/div><\/li><li class='slide' data-slide='10' data-slug='gina-rinehart'>    <div class='picture-container'>        <img src='https:\/\/www.oficinaempleo.com\/blog\/wp-content\/uploads\/2017\/04\/Gina-Rinehart.jpg' alt='Pie de Foto' title='Pieses de fotos' \/>        <div class='picture-counter'>7\/10<\/div>    <\/div>    <div class='picture-caption'>Gina Rinehart. Minister for Trade and Investment The Hon Andrew Robb AO MP (Wikipedia Creative Commons)<\/div>    <div class='picture-details'>        <div class='picture-title'>7. Gina Rinehart<\/div>        <div class='picture-description'>Esta estadounidense se dedica al negocio de la extracci\u00f3n de minerales y ha heredado una de las empresas m\u00e1s poderosas del mundo en el sector, acumulando una fortuna de 15.000 millones de d\u00f3lares (13.806 millones de euros).<\/div>    <\/div><\/li><li class='slide' data-slide='11' data-slug='abigail-johnson'>    <div class='picture-container'>        <img src='https:\/\/www.oficinaempleo.com\/blog\/wp-content\/uploads\/2017\/04\/Abigail-Johnson.jpg' alt='Pie de Foto' title='Pieses de fotos' \/>        <div class='picture-counter'>8\/10<\/div>    <\/div>    <div class='picture-caption'>Abigail Johnson. (cnbc.com)<\/div>    <div class='picture-details'>        <div class='picture-title'>8. Abigail Johnson<\/div>        <div class='picture-description'>Los negocios no tienen secretos para esta norteamericana, presidenta y CEO para Estados Unidos de Fidelity Investments (FMR) y presidenta de la compa\u00f1\u00eda gemela Fidelity International (FIL), que gracias ha ello ha acumulado una fortuna de 14.400 millones de d\u00f3lares (13.253 millones de euros).<\/div>    <\/div><\/li><li class='slide' data-slide='12' data-slug='iris-fontbona'>    <div class='picture-container'>        <img src='https:\/\/www.oficinaempleo.com\/blog\/wp-content\/uploads\/2017\/04\/Iris-Fontbona.jpg' alt='Pie de Foto' title='Pieses de fotos' \/>        <div class='picture-counter'>9\/10<\/div>    <\/div>    <div class='picture-caption'>Iris Fontbona. (http:\/\/www.elmostrador.cl)<\/div>    <div class='picture-details'>        <div class='picture-title'>9. Iris Fontbona<\/div>        <div class='picture-description'>A sus 72 a\u00f1os, esta chilena lidera el Grupo Luksic, un consorcio empresarial chileno que controla un n\u00famero importante de empresas l\u00edderes en \u00e1reas tan variadas como la miner\u00eda, industria, finanzas, alimentos y telecomunicaciones.<\/div>    <\/div><\/li><li class='slide' data-slide='13' data-slug='aldi'>    <div class='picture-container'>        <img src='https:\/\/www.oficinaempleo.com\/blog\/wp-content\/uploads\/2017\/04\/aldi.jpg' alt='Pie de Foto' title='Pieses de fotos' \/>        <div class='picture-counter'>10\/10<\/div>    <\/div>    <div class='picture-caption'>Supermercado Aldi. Mike Mozart (Flickr)<\/div>    <div class='picture-details'>        <div class='picture-title'>10. Beate Heister<\/div>        <div class='picture-description'>Escondida de los focos medi\u00e1ticos (y por tanto sin fotos p\u00fablicas), esta alemana es la hija de Karl Albrecht, fundador de los supermercados Aldi. Su fortuna se estima en 13.600 millones de d\u00f3lares (12.517 millones de euros). <\/div>    <\/div><\/li><li class='slide related-gallery' data-slide='14' data-url='https:\/\/www.oficinaempleo.com\/blog\/afrontar-situaciones-dificiles-trabajo\/'>  <a href='https:\/\/www.oficinaempleo.com\/blog\/afrontar-situaciones-dificiles-trabajo\/'><img src='https:\/\/www.oficinaempleo.com\/blog\/wp-content\/uploads\/2017\/04\/trabajo-destacada-1.jpg'\/><\/a>  <div class='picture-caption'>&nbsp;<\/div>  <div class='related-title bx-caption'>     C\u00f3mo afrontar situaciones dif\u00edciles en el trabajo  <\/div><\/li><\/ul><div class='spinner-overlay'><img src='https:\/\/www.oficinaempleo.com\/blog\/wp-content\/themes\/playbook\/images\/ajax-loader.gif'\/><\/div><div class='adsense-preloaded' style='display:none;'><div data-slide='3'><div class=\"a-single a-11\"><div align=\"center\" style=\"margin:0\" id=\"gallery-300x250-1\"><\/div><\/div><\/div><div data-slide='6'><div class=\"a-single a-12\"><div align=\"center\" style=\"margin:0\" id=\"gallery-300x250-2\"><\/div><\/div><\/div><div data-slide='9'><div class=\"a-single a-13\"><div align=\"center\" style=\"margin:0\" id=\"gallery-300x250-3\"><\/div><\/div><\/div><\/div>\n","protected":false},"excerpt":{"rendered":"<p>Las listas de la revista Forbes son todo un cl\u00e1sico del mundo de los negocios. Hoy os traemos la de las mujeres m\u00e1s ricas del mundo.<\/p>\n","protected":false},"author":5,"featured_media":18561,"comment_status":"open","ping_status":"open","sticky":false,"template":"","format":"gallery","meta":{"footnotes":""},"categories":[691],"tags":[3444,4976,984,4977],"class_list":["post-18549","post","type-post","status-publish","format-gallery","has-post-thumbnail","hentry","category-actualidad-empleo","tag-empleo-femenino","tag-forbes","tag-mujeres","tag-mujeres-mas-ricas-del-mundo","post_format-post-format-gallery","cat-691-id","has_thumb"],"yoast_head":"<!-- This site is optimized with the Yoast SEO plugin v27.1.1 - https:\/\/yoast.com\/product\/yoast-seo-wordpress\/ -->\n<title>Las mujeres m\u00e1s ricas del mundo - Oficina Empleo<\/title>\n<meta name=\"description\" content=\"Las listas de la revista Forbes son todo un cl\u00e1sico del mundo de los negocios. Hoy os traemos la de las mujeres m\u00e1s ricas del mundo.\" \/>\n<meta name=\"robots\" content=\"index, follow, max-snippet:-1, max-image-preview:large, max-video-preview:-1\" \/>\n<link rel=\"canonical\" href=\"https:\/\/www.oficinaempleo.com\/blog\/las-mujeres-mas-ricas-del-mundo\/\" \/>\n<meta property=\"og:locale\" content=\"es_ES\" \/>\n<meta property=\"og:type\" content=\"article\" \/>\n<meta property=\"og:title\" content=\"Las mujeres m\u00e1s ricas del mundo - Oficina Empleo\" \/>\n<meta property=\"og:description\" content=\"Las listas de la revista Forbes son todo un cl\u00e1sico del mundo de los negocios. Hoy os traemos la de las mujeres m\u00e1s ricas del mundo.\" \/>\n<meta property=\"og:url\" content=\"https:\/\/www.oficinaempleo.com\/blog\/las-mujeres-mas-ricas-del-mundo\/\" \/>\n<meta property=\"og:site_name\" content=\"Noticias y consejos de empleo | Blog OficinaEmpleo\" \/>\n<meta property=\"article:published_time\" content=\"2017-09-04T10:49:39+00:00\" \/>\n<meta property=\"article:modified_time\" content=\"2017-09-08T09:24:32+00:00\" \/>\n<meta property=\"og:image\" content=\"https:\/\/www.oficinaempleo.com\/blog\/wp-content\/uploads\/2017\/04\/ricas_destacada.jpg\" \/>\n\t<meta property=\"og:image:width\" content=\"600\" \/>\n\t<meta property=\"og:image:height\" content=\"310\" \/>\n\t<meta property=\"og:image:type\" content=\"image\/jpeg\" \/>\n<meta name=\"author\" content=\"David Garc\u00eda\" \/>\n<meta name=\"twitter:card\" content=\"summary_large_image\" \/>\n<meta name=\"twitter:creator\" content=\"@OficinaEmpleo\" \/>\n<meta name=\"twitter:site\" content=\"@OficinaEmpleo\" \/>\n<meta name=\"twitter:label1\" content=\"Written by\" \/>\n\t<meta name=\"twitter:data1\" content=\"David Garc\u00eda\" \/>\n<script type=\"application\/ld+json\" class=\"yoast-schema-graph\">{\"@context\":\"https:\/\/schema.org\",\"@graph\":[{\"@type\":\"Article\",\"@id\":\"https:\/\/www.oficinaempleo.com\/blog\/las-mujeres-mas-ricas-del-mundo\/#article\",\"isPartOf\":{\"@id\":\"https:\/\/www.oficinaempleo.com\/blog\/las-mujeres-mas-ricas-del-mundo\/\"},\"author\":{\"name\":\"David Garc\u00eda\",\"@id\":\"https:\/\/www.oficinaempleo.com\/blog\/#\/schema\/person\/fb90e38571c727c56dd2231966ab3358\"},\"headline\":\"Las mujeres m\u00e1s ricas del mundo\",\"datePublished\":\"2017-09-04T10:49:39+00:00\",\"dateModified\":\"2017-09-08T09:24:32+00:00\",\"mainEntityOfPage\":{\"@id\":\"https:\/\/www.oficinaempleo.com\/blog\/las-mujeres-mas-ricas-del-mundo\/\"},\"wordCount\":9,\"commentCount\":0,\"publisher\":{\"@id\":\"https:\/\/www.oficinaempleo.com\/blog\/#organization\"},\"image\":{\"@id\":\"https:\/\/www.oficinaempleo.com\/blog\/las-mujeres-mas-ricas-del-mundo\/#primaryimage\"},\"thumbnailUrl\":\"https:\/\/www.oficinaempleo.com\/blog\/wp-content\/uploads\/2017\/04\/ricas_destacada.jpg\",\"keywords\":[\"empleo femenino\",\"forbes\",\"mujeres\",\"mujeres m\u00e1s ricas del mundo\"],\"articleSection\":[\"Actualidad\"],\"inLanguage\":\"es\",\"potentialAction\":[{\"@type\":\"CommentAction\",\"name\":\"Comment\",\"target\":[\"https:\/\/www.oficinaempleo.com\/blog\/las-mujeres-mas-ricas-del-mundo\/#respond\"]}]},{\"@type\":\"WebPage\",\"@id\":\"https:\/\/www.oficinaempleo.com\/blog\/las-mujeres-mas-ricas-del-mundo\/\",\"url\":\"https:\/\/www.oficinaempleo.com\/blog\/las-mujeres-mas-ricas-del-mundo\/\",\"name\":\"Las mujeres m\u00e1s ricas del mundo - Oficina Empleo\",\"isPartOf\":{\"@id\":\"https:\/\/www.oficinaempleo.com\/blog\/#website\"},\"primaryImageOfPage\":{\"@id\":\"https:\/\/www.oficinaempleo.com\/blog\/las-mujeres-mas-ricas-del-mundo\/#primaryimage\"},\"image\":{\"@id\":\"https:\/\/www.oficinaempleo.com\/blog\/las-mujeres-mas-ricas-del-mundo\/#primaryimage\"},\"thumbnailUrl\":\"https:\/\/www.oficinaempleo.com\/blog\/wp-content\/uploads\/2017\/04\/ricas_destacada.jpg\",\"datePublished\":\"2017-09-04T10:49:39+00:00\",\"dateModified\":\"2017-09-08T09:24:32+00:00\",\"description\":\"Las listas de la revista Forbes son todo un cl\u00e1sico del mundo de los negocios. Hoy os traemos la de las mujeres m\u00e1s ricas del mundo.\",\"breadcrumb\":{\"@id\":\"https:\/\/www.oficinaempleo.com\/blog\/las-mujeres-mas-ricas-del-mundo\/#breadcrumb\"},\"inLanguage\":\"es\",\"potentialAction\":[{\"@type\":\"ReadAction\",\"target\":[\"https:\/\/www.oficinaempleo.com\/blog\/las-mujeres-mas-ricas-del-mundo\/\"]}]},{\"@type\":\"ImageObject\",\"inLanguage\":\"es\",\"@id\":\"https:\/\/www.oficinaempleo.com\/blog\/las-mujeres-mas-ricas-del-mundo\/#primaryimage\",\"url\":\"https:\/\/www.oficinaempleo.com\/blog\/wp-content\/uploads\/2017\/04\/ricas_destacada.jpg\",\"contentUrl\":\"https:\/\/www.oficinaempleo.com\/blog\/wp-content\/uploads\/2017\/04\/ricas_destacada.jpg\",\"width\":600,\"height\":310,\"caption\":\"Liliane Bettencourt. Didier Ferey (GTres)\"},{\"@type\":\"BreadcrumbList\",\"@id\":\"https:\/\/www.oficinaempleo.com\/blog\/las-mujeres-mas-ricas-del-mundo\/#breadcrumb\",\"itemListElement\":[{\"@type\":\"ListItem\",\"position\":1,\"name\":\"Home\",\"item\":\"https:\/\/www.oficinaempleo.com\/blog\/\"},{\"@type\":\"ListItem\",\"position\":2,\"name\":\"Las mujeres m\u00e1s ricas del mundo\"}]},{\"@type\":\"WebSite\",\"@id\":\"https:\/\/www.oficinaempleo.com\/blog\/#website\",\"url\":\"https:\/\/www.oficinaempleo.com\/blog\/\",\"name\":\"Noticias y Consejos de Empleo | Blog OficinaEmpleo\",\"description\":\"\",\"publisher\":{\"@id\":\"https:\/\/www.oficinaempleo.com\/blog\/#organization\"},\"potentialAction\":[{\"@type\":\"SearchAction\",\"target\":{\"@type\":\"EntryPoint\",\"urlTemplate\":\"https:\/\/www.oficinaempleo.com\/blog\/?s={search_term_string}\"},\"query-input\":{\"@type\":\"PropertyValueSpecification\",\"valueRequired\":true,\"valueName\":\"search_term_string\"}}],\"inLanguage\":\"es\"},{\"@type\":\"Organization\",\"@id\":\"https:\/\/www.oficinaempleo.com\/blog\/#organization\",\"name\":\"OficinaEmpleo\",\"url\":\"https:\/\/www.oficinaempleo.com\/blog\/\",\"logo\":{\"@type\":\"ImageObject\",\"inLanguage\":\"es\",\"@id\":\"https:\/\/www.oficinaempleo.com\/blog\/#\/schema\/logo\/image\/\",\"url\":\"https:\/\/www.oficinaempleo.com\/blog\/wp-content\/uploads\/2018\/10\/logo_footer-1.jpg\",\"contentUrl\":\"https:\/\/www.oficinaempleo.com\/blog\/wp-content\/uploads\/2018\/10\/logo_footer-1.jpg\",\"width\":478,\"height\":57,\"caption\":\"OficinaEmpleo\"},\"image\":{\"@id\":\"https:\/\/www.oficinaempleo.com\/blog\/#\/schema\/logo\/image\/\"},\"sameAs\":[\"https:\/\/x.com\/OficinaEmpleo\"]},{\"@type\":\"Person\",\"@id\":\"https:\/\/www.oficinaempleo.com\/blog\/#\/schema\/person\/fb90e38571c727c56dd2231966ab3358\",\"name\":\"David Garc\u00eda\",\"image\":{\"@type\":\"ImageObject\",\"inLanguage\":\"es\",\"@id\":\"https:\/\/www.oficinaempleo.com\/blog\/#\/schema\/person\/image\/\",\"url\":\"https:\/\/secure.gravatar.com\/avatar\/e790fd54d7ada3dd19d3bebd1baf92ae088ffc6c3574e2d74d180130b4099a61?s=96&d=mm&r=g\",\"contentUrl\":\"https:\/\/secure.gravatar.com\/avatar\/e790fd54d7ada3dd19d3bebd1baf92ae088ffc6c3574e2d74d180130b4099a61?s=96&d=mm&r=g\",\"caption\":\"David Garc\u00eda\"},\"url\":\"https:\/\/www.oficinaempleo.com\/blog\/author\/david\/\"}]}<\/script>\n<!-- \/ Yoast SEO plugin. -->","yoast_head_json":{"title":"Las mujeres m\u00e1s ricas del mundo - Oficina Empleo","description":"Las listas de la revista Forbes son todo un cl\u00e1sico del mundo de los negocios. Hoy os traemos la de las mujeres m\u00e1s ricas del mundo.","robots":{"index":"index","follow":"follow","max-snippet":"max-snippet:-1","max-image-preview":"max-image-preview:large","max-video-preview":"max-video-preview:-1"},"canonical":"https:\/\/www.oficinaempleo.com\/blog\/las-mujeres-mas-ricas-del-mundo\/","og_locale":"es_ES","og_type":"article","og_title":"Las mujeres m\u00e1s ricas del mundo - Oficina Empleo","og_description":"Las listas de la revista Forbes son todo un cl\u00e1sico del mundo de los negocios. Hoy os traemos la de las mujeres m\u00e1s ricas del mundo.","og_url":"https:\/\/www.oficinaempleo.com\/blog\/las-mujeres-mas-ricas-del-mundo\/","og_site_name":"Noticias y consejos de empleo | Blog OficinaEmpleo","article_published_time":"2017-09-04T10:49:39+00:00","article_modified_time":"2017-09-08T09:24:32+00:00","og_image":[{"width":600,"height":310,"url":"https:\/\/www.oficinaempleo.com\/blog\/wp-content\/uploads\/2017\/04\/ricas_destacada.jpg","type":"image\/jpeg"}],"author":"David Garc\u00eda","twitter_card":"summary_large_image","twitter_creator":"@OficinaEmpleo","twitter_site":"@OficinaEmpleo","twitter_misc":{"Written by":"David Garc\u00eda"},"schema":{"@context":"https:\/\/schema.org","@graph":[{"@type":"Article","@id":"https:\/\/www.oficinaempleo.com\/blog\/las-mujeres-mas-ricas-del-mundo\/#article","isPartOf":{"@id":"https:\/\/www.oficinaempleo.com\/blog\/las-mujeres-mas-ricas-del-mundo\/"},"author":{"name":"David Garc\u00eda","@id":"https:\/\/www.oficinaempleo.com\/blog\/#\/schema\/person\/fb90e38571c727c56dd2231966ab3358"},"headline":"Las mujeres m\u00e1s ricas del mundo","datePublished":"2017-09-04T10:49:39+00:00","dateModified":"2017-09-08T09:24:32+00:00","mainEntityOfPage":{"@id":"https:\/\/www.oficinaempleo.com\/blog\/las-mujeres-mas-ricas-del-mundo\/"},"wordCount":9,"commentCount":0,"publisher":{"@id":"https:\/\/www.oficinaempleo.com\/blog\/#organization"},"image":{"@id":"https:\/\/www.oficinaempleo.com\/blog\/las-mujeres-mas-ricas-del-mundo\/#primaryimage"},"thumbnailUrl":"https:\/\/www.oficinaempleo.com\/blog\/wp-content\/uploads\/2017\/04\/ricas_destacada.jpg","keywords":["empleo femenino","forbes","mujeres","mujeres m\u00e1s ricas del mundo"],"articleSection":["Actualidad"],"inLanguage":"es","potentialAction":[{"@type":"CommentAction","name":"Comment","target":["https:\/\/www.oficinaempleo.com\/blog\/las-mujeres-mas-ricas-del-mundo\/#respond"]}]},{"@type":"WebPage","@id":"https:\/\/www.oficinaempleo.com\/blog\/las-mujeres-mas-ricas-del-mundo\/","url":"https:\/\/www.oficinaempleo.com\/blog\/las-mujeres-mas-ricas-del-mundo\/","name":"Las mujeres m\u00e1s ricas del mundo - Oficina Empleo","isPartOf":{"@id":"https:\/\/www.oficinaempleo.com\/blog\/#website"},"primaryImageOfPage":{"@id":"https:\/\/www.oficinaempleo.com\/blog\/las-mujeres-mas-ricas-del-mundo\/#primaryimage"},"image":{"@id":"https:\/\/www.oficinaempleo.com\/blog\/las-mujeres-mas-ricas-del-mundo\/#primaryimage"},"thumbnailUrl":"https:\/\/www.oficinaempleo.com\/blog\/wp-content\/uploads\/2017\/04\/ricas_destacada.jpg","datePublished":"2017-09-04T10:49:39+00:00","dateModified":"2017-09-08T09:24:32+00:00","description":"Las listas de la revista Forbes son todo un cl\u00e1sico del mundo de los negocios. Hoy os traemos la de las mujeres m\u00e1s ricas del mundo.","breadcrumb":{"@id":"https:\/\/www.oficinaempleo.com\/blog\/las-mujeres-mas-ricas-del-mundo\/#breadcrumb"},"inLanguage":"es","potentialAction":[{"@type":"ReadAction","target":["https:\/\/www.oficinaempleo.com\/blog\/las-mujeres-mas-ricas-del-mundo\/"]}]},{"@type":"ImageObject","inLanguage":"es","@id":"https:\/\/www.oficinaempleo.com\/blog\/las-mujeres-mas-ricas-del-mundo\/#primaryimage","url":"https:\/\/www.oficinaempleo.com\/blog\/wp-content\/uploads\/2017\/04\/ricas_destacada.jpg","contentUrl":"https:\/\/www.oficinaempleo.com\/blog\/wp-content\/uploads\/2017\/04\/ricas_destacada.jpg","width":600,"height":310,"caption":"Liliane Bettencourt. Didier Ferey (GTres)"},{"@type":"BreadcrumbList","@id":"https:\/\/www.oficinaempleo.com\/blog\/las-mujeres-mas-ricas-del-mundo\/#breadcrumb","itemListElement":[{"@type":"ListItem","position":1,"name":"Home","item":"https:\/\/www.oficinaempleo.com\/blog\/"},{"@type":"ListItem","position":2,"name":"Las mujeres m\u00e1s ricas del mundo"}]},{"@type":"WebSite","@id":"https:\/\/www.oficinaempleo.com\/blog\/#website","url":"https:\/\/www.oficinaempleo.com\/blog\/","name":"Noticias y Consejos de Empleo | Blog OficinaEmpleo","description":"","publisher":{"@id":"https:\/\/www.oficinaempleo.com\/blog\/#organization"},"potentialAction":[{"@type":"SearchAction","target":{"@type":"EntryPoint","urlTemplate":"https:\/\/www.oficinaempleo.com\/blog\/?s={search_term_string}"},"query-input":{"@type":"PropertyValueSpecification","valueRequired":true,"valueName":"search_term_string"}}],"inLanguage":"es"},{"@type":"Organization","@id":"https:\/\/www.oficinaempleo.com\/blog\/#organization","name":"OficinaEmpleo","url":"https:\/\/www.oficinaempleo.com\/blog\/","logo":{"@type":"ImageObject","inLanguage":"es","@id":"https:\/\/www.oficinaempleo.com\/blog\/#\/schema\/logo\/image\/","url":"https:\/\/www.oficinaempleo.com\/blog\/wp-content\/uploads\/2018\/10\/logo_footer-1.jpg","contentUrl":"https:\/\/www.oficinaempleo.com\/blog\/wp-content\/uploads\/2018\/10\/logo_footer-1.jpg","width":478,"height":57,"caption":"OficinaEmpleo"},"image":{"@id":"https:\/\/www.oficinaempleo.com\/blog\/#\/schema\/logo\/image\/"},"sameAs":["https:\/\/x.com\/OficinaEmpleo"]},{"@type":"Person","@id":"https:\/\/www.oficinaempleo.com\/blog\/#\/schema\/person\/fb90e38571c727c56dd2231966ab3358","name":"David Garc\u00eda","image":{"@type":"ImageObject","inLanguage":"es","@id":"https:\/\/www.oficinaempleo.com\/blog\/#\/schema\/person\/image\/","url":"https:\/\/secure.gravatar.com\/avatar\/e790fd54d7ada3dd19d3bebd1baf92ae088ffc6c3574e2d74d180130b4099a61?s=96&d=mm&r=g","contentUrl":"https:\/\/secure.gravatar.com\/avatar\/e790fd54d7ada3dd19d3bebd1baf92ae088ffc6c3574e2d74d180130b4099a61?s=96&d=mm&r=g","caption":"David Garc\u00eda"},"url":"https:\/\/www.oficinaempleo.com\/blog\/author\/david\/"}]}},"_links":{"self":[{"href":"https:\/\/www.oficinaempleo.com\/blog\/wp-json\/wp\/v2\/posts\/18549","targetHints":{"allow":["GET"]}}],"collection":[{"href":"https:\/\/www.oficinaempleo.com\/blog\/wp-json\/wp\/v2\/posts"}],"about":[{"href":"https:\/\/www.oficinaempleo.com\/blog\/wp-json\/wp\/v2\/types\/post"}],"author":[{"embeddable":true,"href":"https:\/\/www.oficinaempleo.com\/blog\/wp-json\/wp\/v2\/users\/5"}],"replies":[{"embeddable":true,"href":"https:\/\/www.oficinaempleo.com\/blog\/wp-json\/wp\/v2\/comments?post=18549"}],"version-history":[{"count":0,"href":"https:\/\/www.oficinaempleo.com\/blog\/wp-json\/wp\/v2\/posts\/18549\/revisions"}],"wp:featuredmedia":[{"embeddable":true,"href":"https:\/\/www.oficinaempleo.com\/blog\/wp-json\/wp\/v2\/media\/18561"}],"wp:attachment":[{"href":"https:\/\/www.oficinaempleo.com\/blog\/wp-json\/wp\/v2\/media?parent=18549"}],"wp:term":[{"taxonomy":"category","embeddable":true,"href":"https:\/\/www.oficinaempleo.com\/blog\/wp-json\/wp\/v2\/categories?post=18549"},{"taxonomy":"post_tag","embeddable":true,"href":"https:\/\/www.oficinaempleo.com\/blog\/wp-json\/wp\/v2\/tags?post=18549"}],"curies":[{"name":"wp","href":"https:\/\/api.w.org\/{rel}","templated":true}]}}