{"id":18567,"date":"2017-04-03T10:44:40","date_gmt":"2017-04-03T09:44:40","guid":{"rendered":"http:\/\/www.oficinaempleo.com\/blog\/?p=18567"},"modified":"2017-04-03T10:44:40","modified_gmt":"2017-04-03T09:44:40","slug":"fechas-tener-cuenta-declaracion-renta-2016","status":"publish","type":"post","link":"https:\/\/www.oficinaempleo.com\/blog\/fechas-tener-cuenta-declaracion-renta-2016\/","title":{"rendered":"Las fechas a tener en cuenta en la Declaraci\u00f3n de la Renta 2016"},"content":{"rendered":"<div class=\"su-button-center\"><a href=\"https:\/\/jobs.oficinaempleo.com\/registro?origen=ORG-web&#038;utm_source=OE&#038;utm_medium=boton_registro&#038;utm_content=homepage&#038;utm_campaign=organic\" class=\"su-button su-button-style-flat\" style=\"color:#FFFFFF;background-color:#ec7d0c;border-color:#bd640a;border-radius:10px\" target=\"__blank\"><span style=\"color:#FFFFFF;padding:8px 26px;font-size:20px;line-height:30px;border-color:#f2a455;border-radius:10px;text-shadow:none\"><i class=\"sui sui-arrow-circle-right\" style=\"font-size:20px;color:#FFFFFF\"><\/i> Reg\u00edstrate gratis en OficinaEmpleo<\/span><\/a><\/div><div class=\"su-spacer\" style=\"height:30px\"><\/div>Hay que hacerla todos los a\u00f1os, pero siempre nos surgen las mismas dudas. \u00bfQu\u00e9 d\u00eda se puede presentar el borrador? \u00bfCu\u00e1ndo puedo pedir una<strong> cita previa<\/strong>? \u00bfHasta qu\u00e9 fecha se pueden realizar modificaciones? Para hacerte m\u00e1s f\u00e1cil la campa\u00f1a de la <strong>Declaraci\u00f3n de la Renta de 2016<\/strong>\u00a0hemos recopilado las fechas m\u00e1s importantes. Las que debes marcar en tu calendario s\u00ed o s\u00ed.<\/p>\n<p><a href=\"http:\/\/www.oficinaempleo.com\/blog\/wp-content\/uploads\/2017\/04\/Las-fechas-a-tener-en-cuenta-en-la-Declaraci\u00f3n-de-la-Renta-2016.jpg\"><img loading=\"lazy\" decoding=\"async\" class=\"alignnone size-full wp-image-18568\" src=\"http:\/\/www.oficinaempleo.com\/blog\/wp-content\/uploads\/2017\/04\/Las-fechas-a-tener-en-cuenta-en-la-Declaraci\u00f3n-de-la-Renta-2016.jpg\" alt=\"Las fechas a tener en cuenta en la Declaraci\u00f3n de la Renta 2016\" width=\"600\" height=\"310\" srcset=\"https:\/\/www.oficinaempleo.com\/blog\/wp-content\/uploads\/2017\/04\/Las-fechas-a-tener-en-cuenta-en-la-Declaraci\u00f3n-de-la-Renta-2016.jpg 600w, https:\/\/www.oficinaempleo.com\/blog\/wp-content\/uploads\/2017\/04\/Las-fechas-a-tener-en-cuenta-en-la-Declaraci\u00f3n-de-la-Renta-2016-300x155.jpg 300w, https:\/\/www.oficinaempleo.com\/blog\/wp-content\/uploads\/2017\/04\/Las-fechas-a-tener-en-cuenta-en-la-Declaraci\u00f3n-de-la-Renta-2016-290x150.jpg 290w\" sizes=\"auto, (max-width: 600px) 100vw, 600px\" \/><\/a><\/p>\n<h2><strong>1. 05-04-2017<br \/>\n<\/strong><\/h2>\n<p>-Consecuci\u00f3n tu n\u00famero de referencia del borrador as\u00ed como los datos fiscales v\u00eda Internet (REN\u00d8 \/ Certificado o Cl@vePIN) o tel\u00e9fono (901 12 12 24).<\/p>\n<p>-Aprobaci\u00f3n del borrador la tu Renta por medios electr\u00f3nicos (Renta Web)<\/p>\n<p>-Modificar el borrador a trav\u00e9s de Internet.<\/p>\n<p>-Podr\u00e1s presentar la declaraci\u00f3n de la Renta 2016 si se ha realizado con Renta Web y podr\u00e1s presentar las declaraciones de Patrimonio 2016.<\/p>\n<h2><strong>2. 04-05-2017<br \/>\n<\/strong><\/h2>\n<p>-Si no sabes c\u00f3mo hacerla por Internet, este d\u00eda comienza la <strong>solicitud de cita previa<\/strong> para realizar las declaraciones y modificaciones de borradores. Este plazo estar\u00e1 abierto hasta el 29 de junio. El tel\u00e9fono para pedir tu cita es el 901 22 33 44 o 91 553 00 71.<\/p>\n<h2><strong>3. 11-05-2017<\/strong><\/h2>\n<p>-Comienza la celebraci\u00f3n de las citas para atender a los ciudadanos que as\u00ed lo solicitaron. Entre los servicios disponibles en estas reuniones podr\u00e1s confeccionar, modificar y presentar tanto los borradores como las declaraciones en la oficina que tengas asignada. El \u00faltimo d\u00eda es el 30 de Junio.<\/p>\n<h2><strong>4. 25-06-2017<\/strong><\/h2>\n<p>-Si a\u00fan no lo has hecho, el domingo 25 de junio es el \u00faltimo d\u00eda para presentar las declaraciones con domiciliaci\u00f3n bancaria.<\/p>\n<h2><strong>5. 29-06-2017<\/strong><\/h2>\n<p>-\u00a1Todav\u00eda est\u00e1s a tiempo! El 29 es la \u00faltima fecha para poder pedir tu cita previa para la <strong>Campa\u00f1a de la Declaraci\u00f3n de la Renta 2016<\/strong>. Recuerda que podr\u00e1s realizar esta petici\u00f3n en el 901 22 33 44 o 91 553 00 71.<\/p>\n<h2><strong>6. 30-06-2017<\/strong><\/h2>\n<p>-\u00bfEres de los que deja todo para el \u00faltimo momento? Entonces tienes que saber que el viernes 30 de junio es, oficialmente, el \u00faltimo d\u00eda para entregar los borradores y declaraciones de la Renta 2016 y del Patrimonio 2016.<\/p>\n<h2><strong>7. 06-11-2017<\/strong><\/h2>\n<p>-Si lo has dejado para el \u00faltimo d\u00eda, tienes que saber que ese d\u00eda a llegado si quieres realizar el pago del segundo plazo de la cuota del Impuesto sobre la Renta 2016.<\/p>\n<p>Ahora que ya sabes cu\u00e1les son las fechas m\u00e1s importantes tan s\u00f3lo te queda conocer c\u00f3mo <a href=\"http:\/\/www.oficinaempleo.com\/blog\/8-claves-imprescindibles-ahorrar-3000e-la-declaracion-la-renta-2017\/\" >ahorrar m\u00e1s de 3.000\u20acen la Campa\u00f1a de la Declaraci\u00f3n de la Renta 2016<\/a>. \u00a1Es muy sencillo!<\/p>\n<div class=\"su-button-center\"><a href=\"https:\/\/jobs.oficinaempleo.com\/registro?origen=ORG-web&#038;utm_source=OE&#038;utm_medium=boton_registro&#038;utm_content=homepage&#038;utm_campaign=organic\" class=\"su-button su-button-style-flat\" style=\"color:#FFFFFF;background-color:#ec7d0c;border-color:#bd640a;border-radius:10px\" target=\"__blank\"><span style=\"color:#FFFFFF;padding:8px 26px;font-size:20px;line-height:30px;border-color:#f2a455;border-radius:10px;text-shadow:none\"><i class=\"sui sui-arrow-circle-right\" style=\"font-size:20px;color:#FFFFFF\"><\/i> Reg\u00edstrate gratis en OficinaEmpleo<\/span><\/a><\/div><div class=\"su-spacer\" style=\"height:30px\"><\/div>\n","protected":false},"excerpt":{"rendered":"<p>Aunque todos los a\u00f1os tenemos que hacerla, siempre nos surgen las mismas dudas. Por ello, te dejamos las fechas claves que debes conocer.<\/p>\n","protected":false},"author":17,"featured_media":18568,"comment_status":"open","ping_status":"open","sticky":false,"template":"","format":"standard","meta":{"footnotes":""},"categories":[691,12],"tags":[4979,4978,1586,3584],"class_list":["post-18567","post","type-post","status-publish","format-standard","has-post-thumbnail","hentry","category-actualidad-empleo","category-consejos-y-recursos","tag-borrador-de-la-renta","tag-campana-de-la-renta-2016","tag-declaracion-de-la-renta","tag-renta","cat-691-id","cat-12-id","has_thumb"],"yoast_head":"<!-- This site is optimized with the Yoast SEO plugin v27.1.1 - https:\/\/yoast.com\/product\/yoast-seo-wordpress\/ -->\n<title>Las fechas a tener en cuenta en la Declaraci\u00f3n de la Renta 2016<\/title>\n<meta name=\"description\" content=\"Aunque todos los a\u00f1os tenemos que hacerla, siempre nos surgen las mismas dudas. Por ello, te dejamos las fechas claves que debes conocer. \u00a1Mira!\" \/>\n<meta name=\"robots\" content=\"index, follow, max-snippet:-1, max-image-preview:large, max-video-preview:-1\" \/>\n<link rel=\"canonical\" href=\"https:\/\/www.oficinaempleo.com\/blog\/fechas-tener-cuenta-declaracion-renta-2016\/\" \/>\n<meta property=\"og:locale\" content=\"es_ES\" \/>\n<meta property=\"og:type\" content=\"article\" \/>\n<meta property=\"og:title\" content=\"Las fechas a tener en cuenta en la Declaraci\u00f3n de la Renta 2016\" \/>\n<meta property=\"og:description\" content=\"Aunque todos los a\u00f1os tenemos que hacerla, siempre nos surgen las mismas dudas. Por ello, te dejamos las fechas claves que debes conocer. \u00a1Mira!\" \/>\n<meta property=\"og:url\" content=\"https:\/\/www.oficinaempleo.com\/blog\/fechas-tener-cuenta-declaracion-renta-2016\/\" \/>\n<meta property=\"og:site_name\" content=\"Noticias y consejos de empleo | Blog OficinaEmpleo\" \/>\n<meta property=\"article:published_time\" content=\"2017-04-03T09:44:40+00:00\" \/>\n<meta property=\"og:image\" content=\"https:\/\/www.oficinaempleo.com\/blog\/wp-content\/uploads\/2017\/04\/Las-fechas-a-tener-en-cuenta-en-la-Declaraci\u00f3n-de-la-Renta-2016.jpg\" \/>\n\t<meta property=\"og:image:width\" content=\"600\" \/>\n\t<meta property=\"og:image:height\" content=\"310\" \/>\n\t<meta property=\"og:image:type\" content=\"image\/jpeg\" \/>\n<meta name=\"author\" content=\"Rodrigo Hernandez Ballesteros\" \/>\n<meta name=\"twitter:card\" content=\"summary_large_image\" \/>\n<meta name=\"twitter:creator\" content=\"@OficinaEmpleo\" \/>\n<meta name=\"twitter:site\" content=\"@OficinaEmpleo\" \/>\n<meta name=\"twitter:label1\" content=\"Written by\" \/>\n\t<meta name=\"twitter:data1\" content=\"Rodrigo Hernandez Ballesteros\" \/>\n\t<meta name=\"twitter:label2\" content=\"Est. reading time\" \/>\n\t<meta name=\"twitter:data2\" content=\"2 minutos\" \/>\n<script type=\"application\/ld+json\" class=\"yoast-schema-graph\">{\"@context\":\"https:\/\/schema.org\",\"@graph\":[{\"@type\":\"Article\",\"@id\":\"https:\/\/www.oficinaempleo.com\/blog\/fechas-tener-cuenta-declaracion-renta-2016\/#article\",\"isPartOf\":{\"@id\":\"https:\/\/www.oficinaempleo.com\/blog\/fechas-tener-cuenta-declaracion-renta-2016\/\"},\"author\":{\"name\":\"Rodrigo Hernandez Ballesteros\",\"@id\":\"https:\/\/www.oficinaempleo.com\/blog\/#\/schema\/person\/3bf44eadf268c282a0ed32038f8b6318\"},\"headline\":\"Las fechas a tener en cuenta en la Declaraci\u00f3n de la Renta 2016\",\"datePublished\":\"2017-04-03T09:44:40+00:00\",\"mainEntityOfPage\":{\"@id\":\"https:\/\/www.oficinaempleo.com\/blog\/fechas-tener-cuenta-declaracion-renta-2016\/\"},\"wordCount\":497,\"commentCount\":0,\"publisher\":{\"@id\":\"https:\/\/www.oficinaempleo.com\/blog\/#organization\"},\"image\":{\"@id\":\"https:\/\/www.oficinaempleo.com\/blog\/fechas-tener-cuenta-declaracion-renta-2016\/#primaryimage\"},\"thumbnailUrl\":\"https:\/\/www.oficinaempleo.com\/blog\/wp-content\/uploads\/2017\/04\/Las-fechas-a-tener-en-cuenta-en-la-Declaraci\u00f3n-de-la-Renta-2016.jpg\",\"keywords\":[\"borrador de la renta\",\"Campa\u00f1a de la Renta 2016\",\"declaraci\u00f3n de la renta\",\"renta\"],\"articleSection\":[\"Actualidad\",\"Consejos y Recursos\"],\"inLanguage\":\"es\",\"potentialAction\":[{\"@type\":\"CommentAction\",\"name\":\"Comment\",\"target\":[\"https:\/\/www.oficinaempleo.com\/blog\/fechas-tener-cuenta-declaracion-renta-2016\/#respond\"]}]},{\"@type\":\"WebPage\",\"@id\":\"https:\/\/www.oficinaempleo.com\/blog\/fechas-tener-cuenta-declaracion-renta-2016\/\",\"url\":\"https:\/\/www.oficinaempleo.com\/blog\/fechas-tener-cuenta-declaracion-renta-2016\/\",\"name\":\"Las fechas a tener en cuenta en la Declaraci\u00f3n de la Renta 2016\",\"isPartOf\":{\"@id\":\"https:\/\/www.oficinaempleo.com\/blog\/#website\"},\"primaryImageOfPage\":{\"@id\":\"https:\/\/www.oficinaempleo.com\/blog\/fechas-tener-cuenta-declaracion-renta-2016\/#primaryimage\"},\"image\":{\"@id\":\"https:\/\/www.oficinaempleo.com\/blog\/fechas-tener-cuenta-declaracion-renta-2016\/#primaryimage\"},\"thumbnailUrl\":\"https:\/\/www.oficinaempleo.com\/blog\/wp-content\/uploads\/2017\/04\/Las-fechas-a-tener-en-cuenta-en-la-Declaraci\u00f3n-de-la-Renta-2016.jpg\",\"datePublished\":\"2017-04-03T09:44:40+00:00\",\"description\":\"Aunque todos los a\u00f1os tenemos que hacerla, siempre nos surgen las mismas dudas. Por ello, te dejamos las fechas claves que debes conocer. \u00a1Mira!\",\"breadcrumb\":{\"@id\":\"https:\/\/www.oficinaempleo.com\/blog\/fechas-tener-cuenta-declaracion-renta-2016\/#breadcrumb\"},\"inLanguage\":\"es\",\"potentialAction\":[{\"@type\":\"ReadAction\",\"target\":[\"https:\/\/www.oficinaempleo.com\/blog\/fechas-tener-cuenta-declaracion-renta-2016\/\"]}]},{\"@type\":\"ImageObject\",\"inLanguage\":\"es\",\"@id\":\"https:\/\/www.oficinaempleo.com\/blog\/fechas-tener-cuenta-declaracion-renta-2016\/#primaryimage\",\"url\":\"https:\/\/www.oficinaempleo.com\/blog\/wp-content\/uploads\/2017\/04\/Las-fechas-a-tener-en-cuenta-en-la-Declaraci\u00f3n-de-la-Renta-2016.jpg\",\"contentUrl\":\"https:\/\/www.oficinaempleo.com\/blog\/wp-content\/uploads\/2017\/04\/Las-fechas-a-tener-en-cuenta-en-la-Declaraci\u00f3n-de-la-Renta-2016.jpg\",\"width\":600,\"height\":310,\"caption\":\"Las fechas a tener en cuenta en la Declaraci\u00f3n de la Renta 2016\"},{\"@type\":\"BreadcrumbList\",\"@id\":\"https:\/\/www.oficinaempleo.com\/blog\/fechas-tener-cuenta-declaracion-renta-2016\/#breadcrumb\",\"itemListElement\":[{\"@type\":\"ListItem\",\"position\":1,\"name\":\"Home\",\"item\":\"https:\/\/www.oficinaempleo.com\/blog\/\"},{\"@type\":\"ListItem\",\"position\":2,\"name\":\"Las fechas a tener en cuenta en la Declaraci\u00f3n de la Renta 2016\"}]},{\"@type\":\"WebSite\",\"@id\":\"https:\/\/www.oficinaempleo.com\/blog\/#website\",\"url\":\"https:\/\/www.oficinaempleo.com\/blog\/\",\"name\":\"Noticias y Consejos de Empleo | Blog OficinaEmpleo\",\"description\":\"\",\"publisher\":{\"@id\":\"https:\/\/www.oficinaempleo.com\/blog\/#organization\"},\"potentialAction\":[{\"@type\":\"SearchAction\",\"target\":{\"@type\":\"EntryPoint\",\"urlTemplate\":\"https:\/\/www.oficinaempleo.com\/blog\/?s={search_term_string}\"},\"query-input\":{\"@type\":\"PropertyValueSpecification\",\"valueRequired\":true,\"valueName\":\"search_term_string\"}}],\"inLanguage\":\"es\"},{\"@type\":\"Organization\",\"@id\":\"https:\/\/www.oficinaempleo.com\/blog\/#organization\",\"name\":\"OficinaEmpleo\",\"url\":\"https:\/\/www.oficinaempleo.com\/blog\/\",\"logo\":{\"@type\":\"ImageObject\",\"inLanguage\":\"es\",\"@id\":\"https:\/\/www.oficinaempleo.com\/blog\/#\/schema\/logo\/image\/\",\"url\":\"https:\/\/www.oficinaempleo.com\/blog\/wp-content\/uploads\/2018\/10\/logo_footer-1.jpg\",\"contentUrl\":\"https:\/\/www.oficinaempleo.com\/blog\/wp-content\/uploads\/2018\/10\/logo_footer-1.jpg\",\"width\":478,\"height\":57,\"caption\":\"OficinaEmpleo\"},\"image\":{\"@id\":\"https:\/\/www.oficinaempleo.com\/blog\/#\/schema\/logo\/image\/\"},\"sameAs\":[\"https:\/\/x.com\/OficinaEmpleo\"]},{\"@type\":\"Person\",\"@id\":\"https:\/\/www.oficinaempleo.com\/blog\/#\/schema\/person\/3bf44eadf268c282a0ed32038f8b6318\",\"name\":\"Rodrigo Hernandez Ballesteros\",\"image\":{\"@type\":\"ImageObject\",\"inLanguage\":\"es\",\"@id\":\"https:\/\/www.oficinaempleo.com\/blog\/#\/schema\/person\/image\/\",\"url\":\"https:\/\/secure.gravatar.com\/avatar\/88379bc026cd114c7b1b9f1c6ff0ff8ab9b1013a10c48d30ac943f07f5a82ccf?s=96&d=mm&r=g\",\"contentUrl\":\"https:\/\/secure.gravatar.com\/avatar\/88379bc026cd114c7b1b9f1c6ff0ff8ab9b1013a10c48d30ac943f07f5a82ccf?s=96&d=mm&r=g\",\"caption\":\"Rodrigo Hernandez Ballesteros\"},\"url\":\"https:\/\/www.oficinaempleo.com\/blog\/author\/rodrigo\/\"}]}<\/script>\n<!-- \/ Yoast SEO plugin. -->","yoast_head_json":{"title":"Las fechas a tener en cuenta en la Declaraci\u00f3n de la Renta 2016","description":"Aunque todos los a\u00f1os tenemos que hacerla, siempre nos surgen las mismas dudas. Por ello, te dejamos las fechas claves que debes conocer. \u00a1Mira!","robots":{"index":"index","follow":"follow","max-snippet":"max-snippet:-1","max-image-preview":"max-image-preview:large","max-video-preview":"max-video-preview:-1"},"canonical":"https:\/\/www.oficinaempleo.com\/blog\/fechas-tener-cuenta-declaracion-renta-2016\/","og_locale":"es_ES","og_type":"article","og_title":"Las fechas a tener en cuenta en la Declaraci\u00f3n de la Renta 2016","og_description":"Aunque todos los a\u00f1os tenemos que hacerla, siempre nos surgen las mismas dudas. Por ello, te dejamos las fechas claves que debes conocer. \u00a1Mira!","og_url":"https:\/\/www.oficinaempleo.com\/blog\/fechas-tener-cuenta-declaracion-renta-2016\/","og_site_name":"Noticias y consejos de empleo | Blog OficinaEmpleo","article_published_time":"2017-04-03T09:44:40+00:00","og_image":[{"width":600,"height":310,"url":"https:\/\/www.oficinaempleo.com\/blog\/wp-content\/uploads\/2017\/04\/Las-fechas-a-tener-en-cuenta-en-la-Declaraci\u00f3n-de-la-Renta-2016.jpg","type":"image\/jpeg"}],"author":"Rodrigo Hernandez Ballesteros","twitter_card":"summary_large_image","twitter_creator":"@OficinaEmpleo","twitter_site":"@OficinaEmpleo","twitter_misc":{"Written by":"Rodrigo Hernandez Ballesteros","Est. reading time":"2 minutos"},"schema":{"@context":"https:\/\/schema.org","@graph":[{"@type":"Article","@id":"https:\/\/www.oficinaempleo.com\/blog\/fechas-tener-cuenta-declaracion-renta-2016\/#article","isPartOf":{"@id":"https:\/\/www.oficinaempleo.com\/blog\/fechas-tener-cuenta-declaracion-renta-2016\/"},"author":{"name":"Rodrigo Hernandez Ballesteros","@id":"https:\/\/www.oficinaempleo.com\/blog\/#\/schema\/person\/3bf44eadf268c282a0ed32038f8b6318"},"headline":"Las fechas a tener en cuenta en la Declaraci\u00f3n de la Renta 2016","datePublished":"2017-04-03T09:44:40+00:00","mainEntityOfPage":{"@id":"https:\/\/www.oficinaempleo.com\/blog\/fechas-tener-cuenta-declaracion-renta-2016\/"},"wordCount":497,"commentCount":0,"publisher":{"@id":"https:\/\/www.oficinaempleo.com\/blog\/#organization"},"image":{"@id":"https:\/\/www.oficinaempleo.com\/blog\/fechas-tener-cuenta-declaracion-renta-2016\/#primaryimage"},"thumbnailUrl":"https:\/\/www.oficinaempleo.com\/blog\/wp-content\/uploads\/2017\/04\/Las-fechas-a-tener-en-cuenta-en-la-Declaraci\u00f3n-de-la-Renta-2016.jpg","keywords":["borrador de la renta","Campa\u00f1a de la Renta 2016","declaraci\u00f3n de la renta","renta"],"articleSection":["Actualidad","Consejos y Recursos"],"inLanguage":"es","potentialAction":[{"@type":"CommentAction","name":"Comment","target":["https:\/\/www.oficinaempleo.com\/blog\/fechas-tener-cuenta-declaracion-renta-2016\/#respond"]}]},{"@type":"WebPage","@id":"https:\/\/www.oficinaempleo.com\/blog\/fechas-tener-cuenta-declaracion-renta-2016\/","url":"https:\/\/www.oficinaempleo.com\/blog\/fechas-tener-cuenta-declaracion-renta-2016\/","name":"Las fechas a tener en cuenta en la Declaraci\u00f3n de la Renta 2016","isPartOf":{"@id":"https:\/\/www.oficinaempleo.com\/blog\/#website"},"primaryImageOfPage":{"@id":"https:\/\/www.oficinaempleo.com\/blog\/fechas-tener-cuenta-declaracion-renta-2016\/#primaryimage"},"image":{"@id":"https:\/\/www.oficinaempleo.com\/blog\/fechas-tener-cuenta-declaracion-renta-2016\/#primaryimage"},"thumbnailUrl":"https:\/\/www.oficinaempleo.com\/blog\/wp-content\/uploads\/2017\/04\/Las-fechas-a-tener-en-cuenta-en-la-Declaraci\u00f3n-de-la-Renta-2016.jpg","datePublished":"2017-04-03T09:44:40+00:00","description":"Aunque todos los a\u00f1os tenemos que hacerla, siempre nos surgen las mismas dudas. Por ello, te dejamos las fechas claves que debes conocer. \u00a1Mira!","breadcrumb":{"@id":"https:\/\/www.oficinaempleo.com\/blog\/fechas-tener-cuenta-declaracion-renta-2016\/#breadcrumb"},"inLanguage":"es","potentialAction":[{"@type":"ReadAction","target":["https:\/\/www.oficinaempleo.com\/blog\/fechas-tener-cuenta-declaracion-renta-2016\/"]}]},{"@type":"ImageObject","inLanguage":"es","@id":"https:\/\/www.oficinaempleo.com\/blog\/fechas-tener-cuenta-declaracion-renta-2016\/#primaryimage","url":"https:\/\/www.oficinaempleo.com\/blog\/wp-content\/uploads\/2017\/04\/Las-fechas-a-tener-en-cuenta-en-la-Declaraci\u00f3n-de-la-Renta-2016.jpg","contentUrl":"https:\/\/www.oficinaempleo.com\/blog\/wp-content\/uploads\/2017\/04\/Las-fechas-a-tener-en-cuenta-en-la-Declaraci\u00f3n-de-la-Renta-2016.jpg","width":600,"height":310,"caption":"Las fechas a tener en cuenta en la Declaraci\u00f3n de la Renta 2016"},{"@type":"BreadcrumbList","@id":"https:\/\/www.oficinaempleo.com\/blog\/fechas-tener-cuenta-declaracion-renta-2016\/#breadcrumb","itemListElement":[{"@type":"ListItem","position":1,"name":"Home","item":"https:\/\/www.oficinaempleo.com\/blog\/"},{"@type":"ListItem","position":2,"name":"Las fechas a tener en cuenta en la Declaraci\u00f3n de la Renta 2016"}]},{"@type":"WebSite","@id":"https:\/\/www.oficinaempleo.com\/blog\/#website","url":"https:\/\/www.oficinaempleo.com\/blog\/","name":"Noticias y Consejos de Empleo | Blog OficinaEmpleo","description":"","publisher":{"@id":"https:\/\/www.oficinaempleo.com\/blog\/#organization"},"potentialAction":[{"@type":"SearchAction","target":{"@type":"EntryPoint","urlTemplate":"https:\/\/www.oficinaempleo.com\/blog\/?s={search_term_string}"},"query-input":{"@type":"PropertyValueSpecification","valueRequired":true,"valueName":"search_term_string"}}],"inLanguage":"es"},{"@type":"Organization","@id":"https:\/\/www.oficinaempleo.com\/blog\/#organization","name":"OficinaEmpleo","url":"https:\/\/www.oficinaempleo.com\/blog\/","logo":{"@type":"ImageObject","inLanguage":"es","@id":"https:\/\/www.oficinaempleo.com\/blog\/#\/schema\/logo\/image\/","url":"https:\/\/www.oficinaempleo.com\/blog\/wp-content\/uploads\/2018\/10\/logo_footer-1.jpg","contentUrl":"https:\/\/www.oficinaempleo.com\/blog\/wp-content\/uploads\/2018\/10\/logo_footer-1.jpg","width":478,"height":57,"caption":"OficinaEmpleo"},"image":{"@id":"https:\/\/www.oficinaempleo.com\/blog\/#\/schema\/logo\/image\/"},"sameAs":["https:\/\/x.com\/OficinaEmpleo"]},{"@type":"Person","@id":"https:\/\/www.oficinaempleo.com\/blog\/#\/schema\/person\/3bf44eadf268c282a0ed32038f8b6318","name":"Rodrigo Hernandez Ballesteros","image":{"@type":"ImageObject","inLanguage":"es","@id":"https:\/\/www.oficinaempleo.com\/blog\/#\/schema\/person\/image\/","url":"https:\/\/secure.gravatar.com\/avatar\/88379bc026cd114c7b1b9f1c6ff0ff8ab9b1013a10c48d30ac943f07f5a82ccf?s=96&d=mm&r=g","contentUrl":"https:\/\/secure.gravatar.com\/avatar\/88379bc026cd114c7b1b9f1c6ff0ff8ab9b1013a10c48d30ac943f07f5a82ccf?s=96&d=mm&r=g","caption":"Rodrigo Hernandez Ballesteros"},"url":"https:\/\/www.oficinaempleo.com\/blog\/author\/rodrigo\/"}]}},"_links":{"self":[{"href":"https:\/\/www.oficinaempleo.com\/blog\/wp-json\/wp\/v2\/posts\/18567","targetHints":{"allow":["GET"]}}],"collection":[{"href":"https:\/\/www.oficinaempleo.com\/blog\/wp-json\/wp\/v2\/posts"}],"about":[{"href":"https:\/\/www.oficinaempleo.com\/blog\/wp-json\/wp\/v2\/types\/post"}],"author":[{"embeddable":true,"href":"https:\/\/www.oficinaempleo.com\/blog\/wp-json\/wp\/v2\/users\/17"}],"replies":[{"embeddable":true,"href":"https:\/\/www.oficinaempleo.com\/blog\/wp-json\/wp\/v2\/comments?post=18567"}],"version-history":[{"count":0,"href":"https:\/\/www.oficinaempleo.com\/blog\/wp-json\/wp\/v2\/posts\/18567\/revisions"}],"wp:featuredmedia":[{"embeddable":true,"href":"https:\/\/www.oficinaempleo.com\/blog\/wp-json\/wp\/v2\/media\/18568"}],"wp:attachment":[{"href":"https:\/\/www.oficinaempleo.com\/blog\/wp-json\/wp\/v2\/media?parent=18567"}],"wp:term":[{"taxonomy":"category","embeddable":true,"href":"https:\/\/www.oficinaempleo.com\/blog\/wp-json\/wp\/v2\/categories?post=18567"},{"taxonomy":"post_tag","embeddable":true,"href":"https:\/\/www.oficinaempleo.com\/blog\/wp-json\/wp\/v2\/tags?post=18567"}],"curies":[{"name":"wp","href":"https:\/\/api.w.org\/{rel}","templated":true}]}}