{"id":18648,"date":"2017-04-06T12:01:25","date_gmt":"2017-04-06T11:01:25","guid":{"rendered":"http:\/\/www.oficinaempleo.com\/blog\/?p=18648"},"modified":"2017-04-06T12:47:13","modified_gmt":"2017-04-06T11:47:13","slug":"supermercados-dia-busca-personal-distintas-vacantes","status":"publish","type":"post","link":"https:\/\/www.oficinaempleo.com\/blog\/supermercados-dia-busca-personal-distintas-vacantes\/","title":{"rendered":"Supermercados Dia busca personal para distintas vacantes"},"content":{"rendered":"<div class=\"su-button-center\"><a href=\"https:\/\/jobs.oficinaempleo.com\/registro?origen=ORG-web&#038;utm_source=OE&#038;utm_medium=boton_registro&#038;utm_content=homepage&#038;utm_campaign=organic\" class=\"su-button su-button-style-flat\" style=\"color:#FFFFFF;background-color:#ec7d0c;border-color:#bd640a;border-radius:10px\" target=\"__blank\"><span style=\"color:#FFFFFF;padding:8px 26px;font-size:20px;line-height:30px;border-color:#f2a455;border-radius:10px;text-shadow:none\"><i class=\"sui sui-arrow-circle-right\" style=\"font-size:20px;color:#FFFFFF\"><\/i> Reg\u00edstrate gratis en OficinaEmpleo<\/span><\/a><\/div><div class=\"su-spacer\" style=\"height:30px\"><\/div>\n<p>Seguro que conoces Dia, uno de los supermercados con mayor presencia en Espa\u00f1a y en los que las ofertas suelen ser bastante jugosas. Si es as\u00ed y te interesa <a href=\"https:\/\/tutienda.dia.es\/empleo\" >trabajar en uno de sus establecimientos<\/a>, \u00a1sigue leyendo!<\/p>\n<p><a href=\"http:\/\/www.oficinaempleo.com\/blog\/wp-content\/uploads\/2017\/04\/oe-supermercados-dia.jpg\"><img loading=\"lazy\" decoding=\"async\" class=\"wp-image-18649 size-full alignnone\" src=\"http:\/\/www.oficinaempleo.com\/blog\/wp-content\/uploads\/2017\/04\/oe-supermercados-dia.jpg\" alt=\"oe supermercados dia\" width=\"600\" height=\"310\" srcset=\"https:\/\/www.oficinaempleo.com\/blog\/wp-content\/uploads\/2017\/04\/oe-supermercados-dia.jpg 600w, https:\/\/www.oficinaempleo.com\/blog\/wp-content\/uploads\/2017\/04\/oe-supermercados-dia-300x155.jpg 300w, https:\/\/www.oficinaempleo.com\/blog\/wp-content\/uploads\/2017\/04\/oe-supermercados-dia-290x150.jpg 290w\" sizes=\"auto, (max-width: 600px) 100vw, 600px\" \/><\/a><\/p>\n<p>Con m\u00e1s de 40.000 empleados, la cadena de Supermercados Dia est\u00e1 presente de manera internacional en cinco pa\u00edses, de los cuales seguro que alguno te sorprende: Espa\u00f1a, Portugal, Brasil, Argentina y China. En total, aproximadamente 7.000 establecimientos divididos entre franquicias y tiendas propias.<br \/>\nEn un equipo de trabajo de Dia podr\u00e1s llevar a cabo distintas funciones. Desde la atenci\u00f3n al p\u00fablico hasta la participaci\u00f3n en el mantenimiento de la buena imagen del establecimiento. En cualquier caso, se tratar\u00e1 de un <strong>trabajo din\u00e1mico<\/strong> y en un entorno de confianza, ya que los valores de la empresa son: Eficacia, Iniciativa, Respeto, Equipo y Cliente. \u00a0La empresa, adem\u00e1s, asegura su compromiso con la <strong>igualdad de oportunidades<\/strong> y la integraci\u00f3n, por lo que no existe discriminaci\u00f3n por edad, g\u00e9nero, orientaci\u00f3n sexual o pol\u00edtica, creencias religiosas, discapacidad o cualquier otra situaci\u00f3n.<\/p>\n<p>Existen <strong>distintas vacantes<\/strong> dentro de las que oferta Dia, destacando principalmente la atenci\u00f3n al p\u00fablico en puestos como personal de charcuter\u00eda o carnicer\u00eda; pero tambi\u00e9n se necesita personal de soporte t\u00e9cnico y administrativo. Se trata de una oportunidad si est\u00e1s buscando un trabajo estable con un salario competitivo y consideras la posibilidad de crecer dentro de la empresa.<\/p>\n<p>En cuanto a la empresa, los supermercados Dia son de los m\u00e1s comprometidos con sus clientes y est\u00e1n especializados en el segmento descuento, gracias a lo cual sus precios para el consumidor son altamente competitivos. Su compromiso se basa en la relaci\u00f3n calidad-precio para los productos tanto de alimentaci\u00f3n como de gran consumo. Sin embargo, este grupo no deja de lado a sus trabajadores, proveedores ni accionistas. Es decir, su <strong>compromiso va m\u00e1s all\u00e1 del cliente final<\/strong> y tambi\u00e9n satisface a su entorno.<\/p>\n<div class=\"su-button-center\"><a href=\"https:\/\/jobs.oficinaempleo.com\/registro?origen=ORG-web&#038;utm_source=OE&#038;utm_medium=boton_registro&#038;utm_content=homepage&#038;utm_campaign=organic\" class=\"su-button su-button-style-flat\" style=\"color:#FFFFFF;background-color:#ec7d0c;border-color:#bd640a;border-radius:10px\" target=\"__blank\"><span style=\"color:#FFFFFF;padding:8px 26px;font-size:20px;line-height:30px;border-color:#f2a455;border-radius:10px;text-shadow:none\"><i class=\"sui sui-arrow-circle-right\" style=\"font-size:20px;color:#FFFFFF\"><\/i> Reg\u00edstrate gratis en OficinaEmpleo<\/span><\/a><\/div><div class=\"su-spacer\" style=\"height:30px\"><\/div>\n","protected":false},"excerpt":{"rendered":"<p>Seguro que conoces Dia, uno de los supermercados con mayor presencia en Espa\u00f1a y en los que las ofertas suelen ser bastante jugosas. Si es as\u00ed y te interesa trabajar en uno de sus establecimientos, \u00a1sigue leyendo! Con m\u00e1s de 40.000 empleados, la cadena de Supermercados Dia est\u00e1 presente de manera internacional en cinco pa\u00edses, [&hellip;]<\/p>\n","protected":false},"author":20,"featured_media":18649,"comment_status":"open","ping_status":"open","sticky":false,"template":"","format":"standard","meta":{"footnotes":""},"categories":[691,1113],"tags":[1525,1018,1142,1556,1024],"class_list":["post-18648","post","type-post","status-publish","format-standard","has-post-thumbnail","hentry","category-actualidad-empleo","category-supermercados","tag-cajera","tag-dia","tag-oferta-de-trabajo","tag-reponedor","tag-supermercados","cat-691-id","cat-1113-id","has_thumb"],"yoast_head":"<!-- This site is optimized with the Yoast SEO plugin v27.1.1 - https:\/\/yoast.com\/product\/yoast-seo-wordpress\/ -->\n<title>Supermercados Dia busca personal para distintas vacantes<\/title>\n<meta name=\"description\" content=\"Si buscas un trabajo estable y din\u00e1mico esta puede ser tu oportunidad. En Supermercados Dia podr\u00e1s acceder a diferentes puestos de trabajo.\" \/>\n<meta name=\"robots\" content=\"index, follow, max-snippet:-1, max-image-preview:large, max-video-preview:-1\" \/>\n<link rel=\"canonical\" href=\"https:\/\/www.oficinaempleo.com\/blog\/supermercados-dia-busca-personal-distintas-vacantes\/\" \/>\n<meta property=\"og:locale\" content=\"es_ES\" \/>\n<meta property=\"og:type\" content=\"article\" \/>\n<meta property=\"og:title\" content=\"Supermercados Dia busca personal para distintas vacantes\" \/>\n<meta property=\"og:description\" content=\"Si buscas un trabajo estable y din\u00e1mico esta puede ser tu oportunidad. En Supermercados Dia podr\u00e1s acceder a diferentes puestos de trabajo.\" \/>\n<meta property=\"og:url\" content=\"https:\/\/www.oficinaempleo.com\/blog\/supermercados-dia-busca-personal-distintas-vacantes\/\" \/>\n<meta property=\"og:site_name\" content=\"Noticias y consejos de empleo | Blog OficinaEmpleo\" \/>\n<meta property=\"article:published_time\" content=\"2017-04-06T11:01:25+00:00\" \/>\n<meta property=\"article:modified_time\" content=\"2017-04-06T11:47:13+00:00\" \/>\n<meta property=\"og:image\" content=\"https:\/\/www.oficinaempleo.com\/blog\/wp-content\/uploads\/2017\/04\/oe-supermercados-dia.jpg\" \/>\n\t<meta property=\"og:image:width\" content=\"600\" \/>\n\t<meta property=\"og:image:height\" content=\"310\" \/>\n\t<meta property=\"og:image:type\" content=\"image\/jpeg\" \/>\n<meta name=\"author\" content=\"Elena Martinez\" \/>\n<meta name=\"twitter:card\" content=\"summary_large_image\" \/>\n<meta name=\"twitter:creator\" content=\"@OficinaEmpleo\" \/>\n<meta name=\"twitter:site\" content=\"@OficinaEmpleo\" \/>\n<meta name=\"twitter:label1\" content=\"Written by\" \/>\n\t<meta name=\"twitter:data1\" content=\"Elena Martinez\" \/>\n\t<meta name=\"twitter:label2\" content=\"Est. reading time\" \/>\n\t<meta name=\"twitter:data2\" content=\"2 minutos\" \/>\n<script type=\"application\/ld+json\" class=\"yoast-schema-graph\">{\"@context\":\"https:\/\/schema.org\",\"@graph\":[{\"@type\":\"Article\",\"@id\":\"https:\/\/www.oficinaempleo.com\/blog\/supermercados-dia-busca-personal-distintas-vacantes\/#article\",\"isPartOf\":{\"@id\":\"https:\/\/www.oficinaempleo.com\/blog\/supermercados-dia-busca-personal-distintas-vacantes\/\"},\"author\":{\"name\":\"Elena Martinez\",\"@id\":\"https:\/\/www.oficinaempleo.com\/blog\/#\/schema\/person\/71f723ddbd2a8d1f43cdf15c49029473\"},\"headline\":\"Supermercados Dia busca personal para distintas vacantes\",\"datePublished\":\"2017-04-06T11:01:25+00:00\",\"dateModified\":\"2017-04-06T11:47:13+00:00\",\"mainEntityOfPage\":{\"@id\":\"https:\/\/www.oficinaempleo.com\/blog\/supermercados-dia-busca-personal-distintas-vacantes\/\"},\"wordCount\":412,\"commentCount\":457,\"publisher\":{\"@id\":\"https:\/\/www.oficinaempleo.com\/blog\/#organization\"},\"image\":{\"@id\":\"https:\/\/www.oficinaempleo.com\/blog\/supermercados-dia-busca-personal-distintas-vacantes\/#primaryimage\"},\"thumbnailUrl\":\"https:\/\/www.oficinaempleo.com\/blog\/wp-content\/uploads\/2017\/04\/oe-supermercados-dia.jpg\",\"keywords\":[\"cajera\",\"dia\",\"oferta de trabajo\",\"reponedor\",\"supermercados\"],\"articleSection\":[\"Actualidad\",\"supermercados\"],\"inLanguage\":\"es\",\"potentialAction\":[{\"@type\":\"CommentAction\",\"name\":\"Comment\",\"target\":[\"https:\/\/www.oficinaempleo.com\/blog\/supermercados-dia-busca-personal-distintas-vacantes\/#respond\"]}]},{\"@type\":\"WebPage\",\"@id\":\"https:\/\/www.oficinaempleo.com\/blog\/supermercados-dia-busca-personal-distintas-vacantes\/\",\"url\":\"https:\/\/www.oficinaempleo.com\/blog\/supermercados-dia-busca-personal-distintas-vacantes\/\",\"name\":\"Supermercados Dia busca personal para distintas vacantes\",\"isPartOf\":{\"@id\":\"https:\/\/www.oficinaempleo.com\/blog\/#website\"},\"primaryImageOfPage\":{\"@id\":\"https:\/\/www.oficinaempleo.com\/blog\/supermercados-dia-busca-personal-distintas-vacantes\/#primaryimage\"},\"image\":{\"@id\":\"https:\/\/www.oficinaempleo.com\/blog\/supermercados-dia-busca-personal-distintas-vacantes\/#primaryimage\"},\"thumbnailUrl\":\"https:\/\/www.oficinaempleo.com\/blog\/wp-content\/uploads\/2017\/04\/oe-supermercados-dia.jpg\",\"datePublished\":\"2017-04-06T11:01:25+00:00\",\"dateModified\":\"2017-04-06T11:47:13+00:00\",\"description\":\"Si buscas un trabajo estable y din\u00e1mico esta puede ser tu oportunidad. En Supermercados Dia podr\u00e1s acceder a diferentes puestos de trabajo.\",\"breadcrumb\":{\"@id\":\"https:\/\/www.oficinaempleo.com\/blog\/supermercados-dia-busca-personal-distintas-vacantes\/#breadcrumb\"},\"inLanguage\":\"es\",\"potentialAction\":[{\"@type\":\"ReadAction\",\"target\":[\"https:\/\/www.oficinaempleo.com\/blog\/supermercados-dia-busca-personal-distintas-vacantes\/\"]}]},{\"@type\":\"ImageObject\",\"inLanguage\":\"es\",\"@id\":\"https:\/\/www.oficinaempleo.com\/blog\/supermercados-dia-busca-personal-distintas-vacantes\/#primaryimage\",\"url\":\"https:\/\/www.oficinaempleo.com\/blog\/wp-content\/uploads\/2017\/04\/oe-supermercados-dia.jpg\",\"contentUrl\":\"https:\/\/www.oficinaempleo.com\/blog\/wp-content\/uploads\/2017\/04\/oe-supermercados-dia.jpg\",\"width\":600,\"height\":310},{\"@type\":\"BreadcrumbList\",\"@id\":\"https:\/\/www.oficinaempleo.com\/blog\/supermercados-dia-busca-personal-distintas-vacantes\/#breadcrumb\",\"itemListElement\":[{\"@type\":\"ListItem\",\"position\":1,\"name\":\"Home\",\"item\":\"https:\/\/www.oficinaempleo.com\/blog\/\"},{\"@type\":\"ListItem\",\"position\":2,\"name\":\"Supermercados Dia busca personal para distintas vacantes\"}]},{\"@type\":\"WebSite\",\"@id\":\"https:\/\/www.oficinaempleo.com\/blog\/#website\",\"url\":\"https:\/\/www.oficinaempleo.com\/blog\/\",\"name\":\"Noticias y Consejos de Empleo | Blog OficinaEmpleo\",\"description\":\"\",\"publisher\":{\"@id\":\"https:\/\/www.oficinaempleo.com\/blog\/#organization\"},\"potentialAction\":[{\"@type\":\"SearchAction\",\"target\":{\"@type\":\"EntryPoint\",\"urlTemplate\":\"https:\/\/www.oficinaempleo.com\/blog\/?s={search_term_string}\"},\"query-input\":{\"@type\":\"PropertyValueSpecification\",\"valueRequired\":true,\"valueName\":\"search_term_string\"}}],\"inLanguage\":\"es\"},{\"@type\":\"Organization\",\"@id\":\"https:\/\/www.oficinaempleo.com\/blog\/#organization\",\"name\":\"OficinaEmpleo\",\"url\":\"https:\/\/www.oficinaempleo.com\/blog\/\",\"logo\":{\"@type\":\"ImageObject\",\"inLanguage\":\"es\",\"@id\":\"https:\/\/www.oficinaempleo.com\/blog\/#\/schema\/logo\/image\/\",\"url\":\"https:\/\/www.oficinaempleo.com\/blog\/wp-content\/uploads\/2018\/10\/logo_footer-1.jpg\",\"contentUrl\":\"https:\/\/www.oficinaempleo.com\/blog\/wp-content\/uploads\/2018\/10\/logo_footer-1.jpg\",\"width\":478,\"height\":57,\"caption\":\"OficinaEmpleo\"},\"image\":{\"@id\":\"https:\/\/www.oficinaempleo.com\/blog\/#\/schema\/logo\/image\/\"},\"sameAs\":[\"https:\/\/x.com\/OficinaEmpleo\"]},{\"@type\":\"Person\",\"@id\":\"https:\/\/www.oficinaempleo.com\/blog\/#\/schema\/person\/71f723ddbd2a8d1f43cdf15c49029473\",\"name\":\"Elena Martinez\",\"image\":{\"@type\":\"ImageObject\",\"inLanguage\":\"es\",\"@id\":\"https:\/\/www.oficinaempleo.com\/blog\/#\/schema\/person\/image\/\",\"url\":\"https:\/\/secure.gravatar.com\/avatar\/fde57a11cc6ec8b9cb4fe754f23cba927d7f34def3df7d979c620267510f1b78?s=96&d=mm&r=g\",\"contentUrl\":\"https:\/\/secure.gravatar.com\/avatar\/fde57a11cc6ec8b9cb4fe754f23cba927d7f34def3df7d979c620267510f1b78?s=96&d=mm&r=g\",\"caption\":\"Elena Martinez\"},\"url\":\"https:\/\/www.oficinaempleo.com\/blog\/author\/elena-martinez\/\"}]}<\/script>\n<!-- \/ Yoast SEO plugin. -->","yoast_head_json":{"title":"Supermercados Dia busca personal para distintas vacantes","description":"Si buscas un trabajo estable y din\u00e1mico esta puede ser tu oportunidad. En Supermercados Dia podr\u00e1s acceder a diferentes puestos de trabajo.","robots":{"index":"index","follow":"follow","max-snippet":"max-snippet:-1","max-image-preview":"max-image-preview:large","max-video-preview":"max-video-preview:-1"},"canonical":"https:\/\/www.oficinaempleo.com\/blog\/supermercados-dia-busca-personal-distintas-vacantes\/","og_locale":"es_ES","og_type":"article","og_title":"Supermercados Dia busca personal para distintas vacantes","og_description":"Si buscas un trabajo estable y din\u00e1mico esta puede ser tu oportunidad. En Supermercados Dia podr\u00e1s acceder a diferentes puestos de trabajo.","og_url":"https:\/\/www.oficinaempleo.com\/blog\/supermercados-dia-busca-personal-distintas-vacantes\/","og_site_name":"Noticias y consejos de empleo | Blog OficinaEmpleo","article_published_time":"2017-04-06T11:01:25+00:00","article_modified_time":"2017-04-06T11:47:13+00:00","og_image":[{"width":600,"height":310,"url":"https:\/\/www.oficinaempleo.com\/blog\/wp-content\/uploads\/2017\/04\/oe-supermercados-dia.jpg","type":"image\/jpeg"}],"author":"Elena Martinez","twitter_card":"summary_large_image","twitter_creator":"@OficinaEmpleo","twitter_site":"@OficinaEmpleo","twitter_misc":{"Written by":"Elena Martinez","Est. reading time":"2 minutos"},"schema":{"@context":"https:\/\/schema.org","@graph":[{"@type":"Article","@id":"https:\/\/www.oficinaempleo.com\/blog\/supermercados-dia-busca-personal-distintas-vacantes\/#article","isPartOf":{"@id":"https:\/\/www.oficinaempleo.com\/blog\/supermercados-dia-busca-personal-distintas-vacantes\/"},"author":{"name":"Elena Martinez","@id":"https:\/\/www.oficinaempleo.com\/blog\/#\/schema\/person\/71f723ddbd2a8d1f43cdf15c49029473"},"headline":"Supermercados Dia busca personal para distintas vacantes","datePublished":"2017-04-06T11:01:25+00:00","dateModified":"2017-04-06T11:47:13+00:00","mainEntityOfPage":{"@id":"https:\/\/www.oficinaempleo.com\/blog\/supermercados-dia-busca-personal-distintas-vacantes\/"},"wordCount":412,"commentCount":457,"publisher":{"@id":"https:\/\/www.oficinaempleo.com\/blog\/#organization"},"image":{"@id":"https:\/\/www.oficinaempleo.com\/blog\/supermercados-dia-busca-personal-distintas-vacantes\/#primaryimage"},"thumbnailUrl":"https:\/\/www.oficinaempleo.com\/blog\/wp-content\/uploads\/2017\/04\/oe-supermercados-dia.jpg","keywords":["cajera","dia","oferta de trabajo","reponedor","supermercados"],"articleSection":["Actualidad","supermercados"],"inLanguage":"es","potentialAction":[{"@type":"CommentAction","name":"Comment","target":["https:\/\/www.oficinaempleo.com\/blog\/supermercados-dia-busca-personal-distintas-vacantes\/#respond"]}]},{"@type":"WebPage","@id":"https:\/\/www.oficinaempleo.com\/blog\/supermercados-dia-busca-personal-distintas-vacantes\/","url":"https:\/\/www.oficinaempleo.com\/blog\/supermercados-dia-busca-personal-distintas-vacantes\/","name":"Supermercados Dia busca personal para distintas vacantes","isPartOf":{"@id":"https:\/\/www.oficinaempleo.com\/blog\/#website"},"primaryImageOfPage":{"@id":"https:\/\/www.oficinaempleo.com\/blog\/supermercados-dia-busca-personal-distintas-vacantes\/#primaryimage"},"image":{"@id":"https:\/\/www.oficinaempleo.com\/blog\/supermercados-dia-busca-personal-distintas-vacantes\/#primaryimage"},"thumbnailUrl":"https:\/\/www.oficinaempleo.com\/blog\/wp-content\/uploads\/2017\/04\/oe-supermercados-dia.jpg","datePublished":"2017-04-06T11:01:25+00:00","dateModified":"2017-04-06T11:47:13+00:00","description":"Si buscas un trabajo estable y din\u00e1mico esta puede ser tu oportunidad. En Supermercados Dia podr\u00e1s acceder a diferentes puestos de trabajo.","breadcrumb":{"@id":"https:\/\/www.oficinaempleo.com\/blog\/supermercados-dia-busca-personal-distintas-vacantes\/#breadcrumb"},"inLanguage":"es","potentialAction":[{"@type":"ReadAction","target":["https:\/\/www.oficinaempleo.com\/blog\/supermercados-dia-busca-personal-distintas-vacantes\/"]}]},{"@type":"ImageObject","inLanguage":"es","@id":"https:\/\/www.oficinaempleo.com\/blog\/supermercados-dia-busca-personal-distintas-vacantes\/#primaryimage","url":"https:\/\/www.oficinaempleo.com\/blog\/wp-content\/uploads\/2017\/04\/oe-supermercados-dia.jpg","contentUrl":"https:\/\/www.oficinaempleo.com\/blog\/wp-content\/uploads\/2017\/04\/oe-supermercados-dia.jpg","width":600,"height":310},{"@type":"BreadcrumbList","@id":"https:\/\/www.oficinaempleo.com\/blog\/supermercados-dia-busca-personal-distintas-vacantes\/#breadcrumb","itemListElement":[{"@type":"ListItem","position":1,"name":"Home","item":"https:\/\/www.oficinaempleo.com\/blog\/"},{"@type":"ListItem","position":2,"name":"Supermercados Dia busca personal para distintas vacantes"}]},{"@type":"WebSite","@id":"https:\/\/www.oficinaempleo.com\/blog\/#website","url":"https:\/\/www.oficinaempleo.com\/blog\/","name":"Noticias y Consejos de Empleo | Blog OficinaEmpleo","description":"","publisher":{"@id":"https:\/\/www.oficinaempleo.com\/blog\/#organization"},"potentialAction":[{"@type":"SearchAction","target":{"@type":"EntryPoint","urlTemplate":"https:\/\/www.oficinaempleo.com\/blog\/?s={search_term_string}"},"query-input":{"@type":"PropertyValueSpecification","valueRequired":true,"valueName":"search_term_string"}}],"inLanguage":"es"},{"@type":"Organization","@id":"https:\/\/www.oficinaempleo.com\/blog\/#organization","name":"OficinaEmpleo","url":"https:\/\/www.oficinaempleo.com\/blog\/","logo":{"@type":"ImageObject","inLanguage":"es","@id":"https:\/\/www.oficinaempleo.com\/blog\/#\/schema\/logo\/image\/","url":"https:\/\/www.oficinaempleo.com\/blog\/wp-content\/uploads\/2018\/10\/logo_footer-1.jpg","contentUrl":"https:\/\/www.oficinaempleo.com\/blog\/wp-content\/uploads\/2018\/10\/logo_footer-1.jpg","width":478,"height":57,"caption":"OficinaEmpleo"},"image":{"@id":"https:\/\/www.oficinaempleo.com\/blog\/#\/schema\/logo\/image\/"},"sameAs":["https:\/\/x.com\/OficinaEmpleo"]},{"@type":"Person","@id":"https:\/\/www.oficinaempleo.com\/blog\/#\/schema\/person\/71f723ddbd2a8d1f43cdf15c49029473","name":"Elena Martinez","image":{"@type":"ImageObject","inLanguage":"es","@id":"https:\/\/www.oficinaempleo.com\/blog\/#\/schema\/person\/image\/","url":"https:\/\/secure.gravatar.com\/avatar\/fde57a11cc6ec8b9cb4fe754f23cba927d7f34def3df7d979c620267510f1b78?s=96&d=mm&r=g","contentUrl":"https:\/\/secure.gravatar.com\/avatar\/fde57a11cc6ec8b9cb4fe754f23cba927d7f34def3df7d979c620267510f1b78?s=96&d=mm&r=g","caption":"Elena Martinez"},"url":"https:\/\/www.oficinaempleo.com\/blog\/author\/elena-martinez\/"}]}},"_links":{"self":[{"href":"https:\/\/www.oficinaempleo.com\/blog\/wp-json\/wp\/v2\/posts\/18648","targetHints":{"allow":["GET"]}}],"collection":[{"href":"https:\/\/www.oficinaempleo.com\/blog\/wp-json\/wp\/v2\/posts"}],"about":[{"href":"https:\/\/www.oficinaempleo.com\/blog\/wp-json\/wp\/v2\/types\/post"}],"author":[{"embeddable":true,"href":"https:\/\/www.oficinaempleo.com\/blog\/wp-json\/wp\/v2\/users\/20"}],"replies":[{"embeddable":true,"href":"https:\/\/www.oficinaempleo.com\/blog\/wp-json\/wp\/v2\/comments?post=18648"}],"version-history":[{"count":0,"href":"https:\/\/www.oficinaempleo.com\/blog\/wp-json\/wp\/v2\/posts\/18648\/revisions"}],"wp:featuredmedia":[{"embeddable":true,"href":"https:\/\/www.oficinaempleo.com\/blog\/wp-json\/wp\/v2\/media\/18649"}],"wp:attachment":[{"href":"https:\/\/www.oficinaempleo.com\/blog\/wp-json\/wp\/v2\/media?parent=18648"}],"wp:term":[{"taxonomy":"category","embeddable":true,"href":"https:\/\/www.oficinaempleo.com\/blog\/wp-json\/wp\/v2\/categories?post=18648"},{"taxonomy":"post_tag","embeddable":true,"href":"https:\/\/www.oficinaempleo.com\/blog\/wp-json\/wp\/v2\/tags?post=18648"}],"curies":[{"name":"wp","href":"https:\/\/api.w.org\/{rel}","templated":true}]}}