{"id":19068,"date":"2017-04-28T09:37:17","date_gmt":"2017-04-28T08:37:17","guid":{"rendered":"http:\/\/www.oficinaempleo.com\/blog\/?p=19068"},"modified":"2017-04-28T09:37:17","modified_gmt":"2017-04-28T08:37:17","slug":"5-cursos-jardineria-trabajar-botanica","status":"publish","type":"post","link":"https:\/\/www.oficinaempleo.com\/blog\/5-cursos-jardineria-trabajar-botanica\/","title":{"rendered":"5 cursos de jardiner\u00eda para trabajar en bot\u00e1nica"},"content":{"rendered":"<div class=\"su-button-center\"><a href=\"https:\/\/jobs.oficinaempleo.com\/registro?origen=ORG-web&#038;utm_source=OE&#038;utm_medium=boton_registro&#038;utm_content=homepage&#038;utm_campaign=organic\" class=\"su-button su-button-style-flat\" style=\"color:#FFFFFF;background-color:#ec7d0c;border-color:#bd640a;border-radius:10px\" target=\"__blank\"><span style=\"color:#FFFFFF;padding:8px 26px;font-size:20px;line-height:30px;border-color:#f2a455;border-radius:10px;text-shadow:none\"><i class=\"sui sui-arrow-circle-right\" style=\"font-size:20px;color:#FFFFFF\"><\/i> Reg\u00edstrate gratis en OficinaEmpleo<\/span><\/a><\/div><div class=\"su-spacer\" style=\"height:30px\"><\/div>\nLas ciudades est\u00e1n cada vez m\u00e1s convencidas de la conveniencia de fomentar los espacios verdes, y eso tiene una consecuencia importante para el <strong>empleo<\/strong>: m\u00e1s puestos de trabajo. Y es que evidentemente los parques y jardines hay que mantenerlos, y eso es cosa de los jardineros. Si te gusta la materia, te animamos a que te inscribas en alguno de estos cursos de jardiner\u00eda.<\/p>\n<div id=\"attachment_19069\" style=\"width: 600px\" class=\"wp-caption alignnone\"><a href=\"http:\/\/www.oficinaempleo.com\/blog\/wp-content\/uploads\/2017\/04\/jardinero_dentro.jpg\"><img loading=\"lazy\" decoding=\"async\" aria-describedby=\"caption-attachment-19069\" class=\"size-full wp-image-19069\" src=\"http:\/\/www.oficinaempleo.com\/blog\/wp-content\/uploads\/2017\/04\/jardinero_dentro.jpg\" alt=\"Jardinero reponiendo el c\u00e9sped. Brebca (iStock)\" width=\"590\" height=\"315\" srcset=\"https:\/\/www.oficinaempleo.com\/blog\/wp-content\/uploads\/2017\/04\/jardinero_dentro.jpg 590w, https:\/\/www.oficinaempleo.com\/blog\/wp-content\/uploads\/2017\/04\/jardinero_dentro-300x160.jpg 300w\" sizes=\"auto, (max-width: 590px) 100vw, 590px\" \/><\/a><p id=\"caption-attachment-19069\" class=\"wp-caption-text\">Jardinero reponiendo el c\u00e9sped. Brebca (iStock)<\/p><\/div>\n<h2>1. <a href=\"http:\/\/www.educaweb.com\/curso\/tecnico-especialista-jardineria-diseno-creacion-mantenimiento-jardines-gestion-practicas-on-line-296441\/\" >T\u00e9cnico Especialista en Jardiner\u00eda. Dise\u00f1o, Creaci\u00f3n y Mantenimiento de Jardines<\/a><\/h2>\n<p>Si hay una cosa buena que tiene este curso, impartido por GES Formaci\u00f3n, es que al finalizarlo te incluyen en una bolsa de empleo. Contiene tambi\u00e9n pr\u00e1cticas. Se trata de 300 horas online (seis meses) para aprender a trabajar (entre otras cuestiones) dependiendo del tipo y caracter\u00edsticas de suelo, la utilizaci\u00f3n de abonos, herbicidas y drenaje, saber combatir las enfermedades de las plantas y un sinf\u00edn de cuestiones relacionadas con la creaci\u00f3n de jardines.<\/p>\n<h2>2. <a href=\"http:\/\/www.helechos.coop\/formacion-jardineros\" >Helechos<\/a><\/h2>\n<p>Helechos es un centro de jardiner\u00eda que imparte cursos avalados con certificado de profesionalidad. Si est\u00e1is en la Comunidad de Madrid, y os interesa especializaros, aqu\u00ed encontrar\u00e9is diferentes cursos de acreditaci\u00f3n profesional relacionados con la jardiner\u00eda para profesionales: Curso y gesti\u00f3n de carn\u00e9 de Manipulador de Productos Fitosanitarios a nivel b\u00e1sico, puente y cualificado (homologado por la Dir. Gral. De Agricultura), Endoterapia, Poda en Altura, Mantenimiento de maquinaria de jardiner\u00eda, etc\u2026<\/p>\n<h2>3. <a href=\"https:\/\/www.euroinnova.edu.es\/Mf0521_1-Operaciones-Basicas-Para-La-Instalacion-De-Jardines-Parques-Y-Zonas-Verdes-Online\" >Operaciones B\u00e1sicas para la Instalaci\u00f3n de Jardines, Parques y Zonas Verdes<\/a><\/h2>\n<p>Se trata de un curso online impartido por Euroinnova Business School, de 90 horas y a 90 euros, en el que entre otras cosas se persigue describir las operaciones de preparaci\u00f3n del terreno para la implantaci\u00f3n de un jard\u00edn, y realizar las mismas en un caso pr\u00e1ctico utilizando los medios apropiados y aplicando las medidas de prevenci\u00f3n de riesgos laborales y normativa medioambiental.<\/p>\n<h2>4. <a href=\"http:\/\/www.infoagro.com\/formacion\/curso_especialista_jardineria.htm\" >Formaci\u00f3n sin barreras<\/a><\/h2>\n<p>Este curso de 40 horas y 109 euros ofrece la posibilidad durante las cuatro unidades did\u00e1cticas que lo forman de adquirir los conocimientos b\u00e1sicos necesarios para que las plantas nos sean m\u00e1s familiares. Conocer\u00e1s la climatolog\u00eda necesaria para su desarrollo, t\u00e9cnicas de cultivo, tipolog\u00edas para jardiner\u00eda, plantado, conservaci\u00f3n, mantenimiento y decoraci\u00f3n de un jard\u00edn.<\/p>\n<h2><strong>5. <a href=\"https:\/\/www.formacionsinbarreras.com\/curso-jardineria_33.html\" >Infoagro<\/a><\/strong><\/h2>\n<p>Este curso pfrece 100 horas de formaci\u00f3n online por 195 euros y diploma acreditativo al finalizarlo. Su objetivo es describir los diferentes componentes que forman un jard\u00edn, as\u00ed como las t\u00e9cnicas para ejecutarlo y mantenerlo adecuadamente. Este curso pretende explicar de forma clara y sencilla el dise\u00f1o, implantaci\u00f3n y manejo de un jard\u00edn. Para ello el curso est\u00e1 dividido en tres grandes apartados estructurados en temas.<\/p>\n<p>\u00bfEst\u00e1s buscando empleo en el sector? Encuentra estas y m\u00e1s procesos de selecci\u00f3n para <a href=\"https:\/\/www.oficinaempleo.com\/trabajar-en\/medio-ambiente-26\">trabajar en medio ambiente<\/a> o jardiner\u00eda en Oficina Empleo. Podr\u00e1s consultar <a href=\"https:\/\/www.oficinaempleo.com\/trabajos-en\/madrid\/hosteleria-turismo-17\/camarero-1702\">ofertas de trabajo de camarero en Madrid<\/a>, pintor en Lugo y muchas m\u00e1s.<br \/>\n<div class=\"su-button-center\"><a href=\"https:\/\/jobs.oficinaempleo.com\/registro?origen=ORG-web&#038;utm_source=OE&#038;utm_medium=boton_registro&#038;utm_content=homepage&#038;utm_campaign=organic\" class=\"su-button su-button-style-flat\" style=\"color:#FFFFFF;background-color:#ec7d0c;border-color:#bd640a;border-radius:10px\" target=\"__blank\"><span style=\"color:#FFFFFF;padding:8px 26px;font-size:20px;line-height:30px;border-color:#f2a455;border-radius:10px;text-shadow:none\"><i class=\"sui sui-arrow-circle-right\" style=\"font-size:20px;color:#FFFFFF\"><\/i> Reg\u00edstrate gratis en OficinaEmpleo<\/span><\/a><\/div><div class=\"su-spacer\" style=\"height:30px\"><\/div>\n","protected":false},"excerpt":{"rendered":"<p>Los parques y jardines se han convertido en espacios esenciales de la ciudad que hay que mantener. Si quieres trabajar como jardinero, mira estos cursos.<\/p>\n","protected":false},"author":5,"featured_media":19070,"comment_status":"open","ping_status":"open","sticky":false,"template":"","format":"standard","meta":{"footnotes":""},"categories":[508],"tags":[5101,14,5100,16,2480,5102,5103],"class_list":["post-19068","post","type-post","status-publish","format-standard","has-post-thumbnail","hentry","category-estudios-y-formacion","tag-botanica","tag-cursos","tag-cursos-de-jardineria","tag-formacion","tag-jardineria","tag-jardinero","tag-trabajar-de-jardinero","cat-508-id","has_thumb"],"yoast_head":"<!-- This site is optimized with the Yoast SEO plugin v27.1.1 - https:\/\/yoast.com\/product\/yoast-seo-wordpress\/ -->\n<title>5 cursos de jardiner\u00eda para trabajar en bot\u00e1nica - Blog OficinaEmpleo<\/title>\n<meta name=\"description\" content=\"Los parques y jardines se han convertido en espacios esenciales de la ciudad que hay que mantener. Si quieres trabajar como jardinero, mira estos cursos.\" \/>\n<meta name=\"robots\" content=\"index, follow, max-snippet:-1, max-image-preview:large, max-video-preview:-1\" \/>\n<link rel=\"canonical\" href=\"https:\/\/www.oficinaempleo.com\/blog\/5-cursos-jardineria-trabajar-botanica\/\" \/>\n<meta property=\"og:locale\" content=\"es_ES\" \/>\n<meta property=\"og:type\" content=\"article\" \/>\n<meta property=\"og:title\" content=\"5 cursos de jardiner\u00eda para trabajar en bot\u00e1nica - Blog OficinaEmpleo\" \/>\n<meta property=\"og:description\" content=\"Los parques y jardines se han convertido en espacios esenciales de la ciudad que hay que mantener. Si quieres trabajar como jardinero, mira estos cursos.\" \/>\n<meta property=\"og:url\" content=\"https:\/\/www.oficinaempleo.com\/blog\/5-cursos-jardineria-trabajar-botanica\/\" \/>\n<meta property=\"og:site_name\" content=\"Noticias y consejos de empleo | Blog OficinaEmpleo\" \/>\n<meta property=\"article:published_time\" content=\"2017-04-28T08:37:17+00:00\" \/>\n<meta property=\"og:image\" content=\"https:\/\/www.oficinaempleo.com\/blog\/wp-content\/uploads\/2017\/04\/jardinero_destacada.jpg\" \/>\n\t<meta property=\"og:image:width\" content=\"600\" \/>\n\t<meta property=\"og:image:height\" content=\"310\" \/>\n\t<meta property=\"og:image:type\" content=\"image\/jpeg\" \/>\n<meta name=\"author\" content=\"David Garc\u00eda\" \/>\n<meta name=\"twitter:card\" content=\"summary_large_image\" \/>\n<meta name=\"twitter:creator\" content=\"@OficinaEmpleo\" \/>\n<meta name=\"twitter:site\" content=\"@OficinaEmpleo\" \/>\n<meta name=\"twitter:label1\" content=\"Written by\" \/>\n\t<meta name=\"twitter:data1\" content=\"David Garc\u00eda\" \/>\n\t<meta name=\"twitter:label2\" content=\"Est. reading time\" \/>\n\t<meta name=\"twitter:data2\" content=\"3 minutos\" \/>\n<script type=\"application\/ld+json\" class=\"yoast-schema-graph\">{\"@context\":\"https:\/\/schema.org\",\"@graph\":[{\"@type\":\"Article\",\"@id\":\"https:\/\/www.oficinaempleo.com\/blog\/5-cursos-jardineria-trabajar-botanica\/#article\",\"isPartOf\":{\"@id\":\"https:\/\/www.oficinaempleo.com\/blog\/5-cursos-jardineria-trabajar-botanica\/\"},\"author\":{\"name\":\"David Garc\u00eda\",\"@id\":\"https:\/\/www.oficinaempleo.com\/blog\/#\/schema\/person\/fb90e38571c727c56dd2231966ab3358\"},\"headline\":\"5 cursos de jardiner\u00eda para trabajar en bot\u00e1nica\",\"datePublished\":\"2017-04-28T08:37:17+00:00\",\"mainEntityOfPage\":{\"@id\":\"https:\/\/www.oficinaempleo.com\/blog\/5-cursos-jardineria-trabajar-botanica\/\"},\"wordCount\":590,\"commentCount\":0,\"publisher\":{\"@id\":\"https:\/\/www.oficinaempleo.com\/blog\/#organization\"},\"image\":{\"@id\":\"https:\/\/www.oficinaempleo.com\/blog\/5-cursos-jardineria-trabajar-botanica\/#primaryimage\"},\"thumbnailUrl\":\"https:\/\/www.oficinaempleo.com\/blog\/wp-content\/uploads\/2017\/04\/jardinero_destacada.jpg\",\"keywords\":[\"bot\u00e1nica\",\"cursos\",\"cursos de jardiner\u00eda\",\"formacion\",\"Jardiner\u00eda\",\"jardinero\",\"trabajar de jardinero\"],\"articleSection\":[\"Estudios y Formaci\u00f3n\"],\"inLanguage\":\"es\",\"potentialAction\":[{\"@type\":\"CommentAction\",\"name\":\"Comment\",\"target\":[\"https:\/\/www.oficinaempleo.com\/blog\/5-cursos-jardineria-trabajar-botanica\/#respond\"]}]},{\"@type\":\"WebPage\",\"@id\":\"https:\/\/www.oficinaempleo.com\/blog\/5-cursos-jardineria-trabajar-botanica\/\",\"url\":\"https:\/\/www.oficinaempleo.com\/blog\/5-cursos-jardineria-trabajar-botanica\/\",\"name\":\"5 cursos de jardiner\u00eda para trabajar en bot\u00e1nica - Blog OficinaEmpleo\",\"isPartOf\":{\"@id\":\"https:\/\/www.oficinaempleo.com\/blog\/#website\"},\"primaryImageOfPage\":{\"@id\":\"https:\/\/www.oficinaempleo.com\/blog\/5-cursos-jardineria-trabajar-botanica\/#primaryimage\"},\"image\":{\"@id\":\"https:\/\/www.oficinaempleo.com\/blog\/5-cursos-jardineria-trabajar-botanica\/#primaryimage\"},\"thumbnailUrl\":\"https:\/\/www.oficinaempleo.com\/blog\/wp-content\/uploads\/2017\/04\/jardinero_destacada.jpg\",\"datePublished\":\"2017-04-28T08:37:17+00:00\",\"description\":\"Los parques y jardines se han convertido en espacios esenciales de la ciudad que hay que mantener. Si quieres trabajar como jardinero, mira estos cursos.\",\"breadcrumb\":{\"@id\":\"https:\/\/www.oficinaempleo.com\/blog\/5-cursos-jardineria-trabajar-botanica\/#breadcrumb\"},\"inLanguage\":\"es\",\"potentialAction\":[{\"@type\":\"ReadAction\",\"target\":[\"https:\/\/www.oficinaempleo.com\/blog\/5-cursos-jardineria-trabajar-botanica\/\"]}]},{\"@type\":\"ImageObject\",\"inLanguage\":\"es\",\"@id\":\"https:\/\/www.oficinaempleo.com\/blog\/5-cursos-jardineria-trabajar-botanica\/#primaryimage\",\"url\":\"https:\/\/www.oficinaempleo.com\/blog\/wp-content\/uploads\/2017\/04\/jardinero_destacada.jpg\",\"contentUrl\":\"https:\/\/www.oficinaempleo.com\/blog\/wp-content\/uploads\/2017\/04\/jardinero_destacada.jpg\",\"width\":600,\"height\":310,\"caption\":\"Jardinero haciendo labores de poda. Cyano66 (iStock)\"},{\"@type\":\"BreadcrumbList\",\"@id\":\"https:\/\/www.oficinaempleo.com\/blog\/5-cursos-jardineria-trabajar-botanica\/#breadcrumb\",\"itemListElement\":[{\"@type\":\"ListItem\",\"position\":1,\"name\":\"Home\",\"item\":\"https:\/\/www.oficinaempleo.com\/blog\/\"},{\"@type\":\"ListItem\",\"position\":2,\"name\":\"5 cursos de jardiner\u00eda para trabajar en bot\u00e1nica\"}]},{\"@type\":\"WebSite\",\"@id\":\"https:\/\/www.oficinaempleo.com\/blog\/#website\",\"url\":\"https:\/\/www.oficinaempleo.com\/blog\/\",\"name\":\"Noticias y Consejos de Empleo | Blog OficinaEmpleo\",\"description\":\"\",\"publisher\":{\"@id\":\"https:\/\/www.oficinaempleo.com\/blog\/#organization\"},\"potentialAction\":[{\"@type\":\"SearchAction\",\"target\":{\"@type\":\"EntryPoint\",\"urlTemplate\":\"https:\/\/www.oficinaempleo.com\/blog\/?s={search_term_string}\"},\"query-input\":{\"@type\":\"PropertyValueSpecification\",\"valueRequired\":true,\"valueName\":\"search_term_string\"}}],\"inLanguage\":\"es\"},{\"@type\":\"Organization\",\"@id\":\"https:\/\/www.oficinaempleo.com\/blog\/#organization\",\"name\":\"OficinaEmpleo\",\"url\":\"https:\/\/www.oficinaempleo.com\/blog\/\",\"logo\":{\"@type\":\"ImageObject\",\"inLanguage\":\"es\",\"@id\":\"https:\/\/www.oficinaempleo.com\/blog\/#\/schema\/logo\/image\/\",\"url\":\"https:\/\/www.oficinaempleo.com\/blog\/wp-content\/uploads\/2018\/10\/logo_footer-1.jpg\",\"contentUrl\":\"https:\/\/www.oficinaempleo.com\/blog\/wp-content\/uploads\/2018\/10\/logo_footer-1.jpg\",\"width\":478,\"height\":57,\"caption\":\"OficinaEmpleo\"},\"image\":{\"@id\":\"https:\/\/www.oficinaempleo.com\/blog\/#\/schema\/logo\/image\/\"},\"sameAs\":[\"https:\/\/x.com\/OficinaEmpleo\"]},{\"@type\":\"Person\",\"@id\":\"https:\/\/www.oficinaempleo.com\/blog\/#\/schema\/person\/fb90e38571c727c56dd2231966ab3358\",\"name\":\"David Garc\u00eda\",\"image\":{\"@type\":\"ImageObject\",\"inLanguage\":\"es\",\"@id\":\"https:\/\/www.oficinaempleo.com\/blog\/#\/schema\/person\/image\/\",\"url\":\"https:\/\/secure.gravatar.com\/avatar\/e790fd54d7ada3dd19d3bebd1baf92ae088ffc6c3574e2d74d180130b4099a61?s=96&d=mm&r=g\",\"contentUrl\":\"https:\/\/secure.gravatar.com\/avatar\/e790fd54d7ada3dd19d3bebd1baf92ae088ffc6c3574e2d74d180130b4099a61?s=96&d=mm&r=g\",\"caption\":\"David Garc\u00eda\"},\"url\":\"https:\/\/www.oficinaempleo.com\/blog\/author\/david\/\"}]}<\/script>\n<!-- \/ Yoast SEO plugin. -->","yoast_head_json":{"title":"5 cursos de jardiner\u00eda para trabajar en bot\u00e1nica - Blog OficinaEmpleo","description":"Los parques y jardines se han convertido en espacios esenciales de la ciudad que hay que mantener. Si quieres trabajar como jardinero, mira estos cursos.","robots":{"index":"index","follow":"follow","max-snippet":"max-snippet:-1","max-image-preview":"max-image-preview:large","max-video-preview":"max-video-preview:-1"},"canonical":"https:\/\/www.oficinaempleo.com\/blog\/5-cursos-jardineria-trabajar-botanica\/","og_locale":"es_ES","og_type":"article","og_title":"5 cursos de jardiner\u00eda para trabajar en bot\u00e1nica - Blog OficinaEmpleo","og_description":"Los parques y jardines se han convertido en espacios esenciales de la ciudad que hay que mantener. Si quieres trabajar como jardinero, mira estos cursos.","og_url":"https:\/\/www.oficinaempleo.com\/blog\/5-cursos-jardineria-trabajar-botanica\/","og_site_name":"Noticias y consejos de empleo | Blog OficinaEmpleo","article_published_time":"2017-04-28T08:37:17+00:00","og_image":[{"width":600,"height":310,"url":"https:\/\/www.oficinaempleo.com\/blog\/wp-content\/uploads\/2017\/04\/jardinero_destacada.jpg","type":"image\/jpeg"}],"author":"David Garc\u00eda","twitter_card":"summary_large_image","twitter_creator":"@OficinaEmpleo","twitter_site":"@OficinaEmpleo","twitter_misc":{"Written by":"David Garc\u00eda","Est. reading time":"3 minutos"},"schema":{"@context":"https:\/\/schema.org","@graph":[{"@type":"Article","@id":"https:\/\/www.oficinaempleo.com\/blog\/5-cursos-jardineria-trabajar-botanica\/#article","isPartOf":{"@id":"https:\/\/www.oficinaempleo.com\/blog\/5-cursos-jardineria-trabajar-botanica\/"},"author":{"name":"David Garc\u00eda","@id":"https:\/\/www.oficinaempleo.com\/blog\/#\/schema\/person\/fb90e38571c727c56dd2231966ab3358"},"headline":"5 cursos de jardiner\u00eda para trabajar en bot\u00e1nica","datePublished":"2017-04-28T08:37:17+00:00","mainEntityOfPage":{"@id":"https:\/\/www.oficinaempleo.com\/blog\/5-cursos-jardineria-trabajar-botanica\/"},"wordCount":590,"commentCount":0,"publisher":{"@id":"https:\/\/www.oficinaempleo.com\/blog\/#organization"},"image":{"@id":"https:\/\/www.oficinaempleo.com\/blog\/5-cursos-jardineria-trabajar-botanica\/#primaryimage"},"thumbnailUrl":"https:\/\/www.oficinaempleo.com\/blog\/wp-content\/uploads\/2017\/04\/jardinero_destacada.jpg","keywords":["bot\u00e1nica","cursos","cursos de jardiner\u00eda","formacion","Jardiner\u00eda","jardinero","trabajar de jardinero"],"articleSection":["Estudios y Formaci\u00f3n"],"inLanguage":"es","potentialAction":[{"@type":"CommentAction","name":"Comment","target":["https:\/\/www.oficinaempleo.com\/blog\/5-cursos-jardineria-trabajar-botanica\/#respond"]}]},{"@type":"WebPage","@id":"https:\/\/www.oficinaempleo.com\/blog\/5-cursos-jardineria-trabajar-botanica\/","url":"https:\/\/www.oficinaempleo.com\/blog\/5-cursos-jardineria-trabajar-botanica\/","name":"5 cursos de jardiner\u00eda para trabajar en bot\u00e1nica - Blog OficinaEmpleo","isPartOf":{"@id":"https:\/\/www.oficinaempleo.com\/blog\/#website"},"primaryImageOfPage":{"@id":"https:\/\/www.oficinaempleo.com\/blog\/5-cursos-jardineria-trabajar-botanica\/#primaryimage"},"image":{"@id":"https:\/\/www.oficinaempleo.com\/blog\/5-cursos-jardineria-trabajar-botanica\/#primaryimage"},"thumbnailUrl":"https:\/\/www.oficinaempleo.com\/blog\/wp-content\/uploads\/2017\/04\/jardinero_destacada.jpg","datePublished":"2017-04-28T08:37:17+00:00","description":"Los parques y jardines se han convertido en espacios esenciales de la ciudad que hay que mantener. Si quieres trabajar como jardinero, mira estos cursos.","breadcrumb":{"@id":"https:\/\/www.oficinaempleo.com\/blog\/5-cursos-jardineria-trabajar-botanica\/#breadcrumb"},"inLanguage":"es","potentialAction":[{"@type":"ReadAction","target":["https:\/\/www.oficinaempleo.com\/blog\/5-cursos-jardineria-trabajar-botanica\/"]}]},{"@type":"ImageObject","inLanguage":"es","@id":"https:\/\/www.oficinaempleo.com\/blog\/5-cursos-jardineria-trabajar-botanica\/#primaryimage","url":"https:\/\/www.oficinaempleo.com\/blog\/wp-content\/uploads\/2017\/04\/jardinero_destacada.jpg","contentUrl":"https:\/\/www.oficinaempleo.com\/blog\/wp-content\/uploads\/2017\/04\/jardinero_destacada.jpg","width":600,"height":310,"caption":"Jardinero haciendo labores de poda. Cyano66 (iStock)"},{"@type":"BreadcrumbList","@id":"https:\/\/www.oficinaempleo.com\/blog\/5-cursos-jardineria-trabajar-botanica\/#breadcrumb","itemListElement":[{"@type":"ListItem","position":1,"name":"Home","item":"https:\/\/www.oficinaempleo.com\/blog\/"},{"@type":"ListItem","position":2,"name":"5 cursos de jardiner\u00eda para trabajar en bot\u00e1nica"}]},{"@type":"WebSite","@id":"https:\/\/www.oficinaempleo.com\/blog\/#website","url":"https:\/\/www.oficinaempleo.com\/blog\/","name":"Noticias y Consejos de Empleo | Blog OficinaEmpleo","description":"","publisher":{"@id":"https:\/\/www.oficinaempleo.com\/blog\/#organization"},"potentialAction":[{"@type":"SearchAction","target":{"@type":"EntryPoint","urlTemplate":"https:\/\/www.oficinaempleo.com\/blog\/?s={search_term_string}"},"query-input":{"@type":"PropertyValueSpecification","valueRequired":true,"valueName":"search_term_string"}}],"inLanguage":"es"},{"@type":"Organization","@id":"https:\/\/www.oficinaempleo.com\/blog\/#organization","name":"OficinaEmpleo","url":"https:\/\/www.oficinaempleo.com\/blog\/","logo":{"@type":"ImageObject","inLanguage":"es","@id":"https:\/\/www.oficinaempleo.com\/blog\/#\/schema\/logo\/image\/","url":"https:\/\/www.oficinaempleo.com\/blog\/wp-content\/uploads\/2018\/10\/logo_footer-1.jpg","contentUrl":"https:\/\/www.oficinaempleo.com\/blog\/wp-content\/uploads\/2018\/10\/logo_footer-1.jpg","width":478,"height":57,"caption":"OficinaEmpleo"},"image":{"@id":"https:\/\/www.oficinaempleo.com\/blog\/#\/schema\/logo\/image\/"},"sameAs":["https:\/\/x.com\/OficinaEmpleo"]},{"@type":"Person","@id":"https:\/\/www.oficinaempleo.com\/blog\/#\/schema\/person\/fb90e38571c727c56dd2231966ab3358","name":"David Garc\u00eda","image":{"@type":"ImageObject","inLanguage":"es","@id":"https:\/\/www.oficinaempleo.com\/blog\/#\/schema\/person\/image\/","url":"https:\/\/secure.gravatar.com\/avatar\/e790fd54d7ada3dd19d3bebd1baf92ae088ffc6c3574e2d74d180130b4099a61?s=96&d=mm&r=g","contentUrl":"https:\/\/secure.gravatar.com\/avatar\/e790fd54d7ada3dd19d3bebd1baf92ae088ffc6c3574e2d74d180130b4099a61?s=96&d=mm&r=g","caption":"David Garc\u00eda"},"url":"https:\/\/www.oficinaempleo.com\/blog\/author\/david\/"}]}},"_links":{"self":[{"href":"https:\/\/www.oficinaempleo.com\/blog\/wp-json\/wp\/v2\/posts\/19068","targetHints":{"allow":["GET"]}}],"collection":[{"href":"https:\/\/www.oficinaempleo.com\/blog\/wp-json\/wp\/v2\/posts"}],"about":[{"href":"https:\/\/www.oficinaempleo.com\/blog\/wp-json\/wp\/v2\/types\/post"}],"author":[{"embeddable":true,"href":"https:\/\/www.oficinaempleo.com\/blog\/wp-json\/wp\/v2\/users\/5"}],"replies":[{"embeddable":true,"href":"https:\/\/www.oficinaempleo.com\/blog\/wp-json\/wp\/v2\/comments?post=19068"}],"version-history":[{"count":0,"href":"https:\/\/www.oficinaempleo.com\/blog\/wp-json\/wp\/v2\/posts\/19068\/revisions"}],"wp:featuredmedia":[{"embeddable":true,"href":"https:\/\/www.oficinaempleo.com\/blog\/wp-json\/wp\/v2\/media\/19070"}],"wp:attachment":[{"href":"https:\/\/www.oficinaempleo.com\/blog\/wp-json\/wp\/v2\/media?parent=19068"}],"wp:term":[{"taxonomy":"category","embeddable":true,"href":"https:\/\/www.oficinaempleo.com\/blog\/wp-json\/wp\/v2\/categories?post=19068"},{"taxonomy":"post_tag","embeddable":true,"href":"https:\/\/www.oficinaempleo.com\/blog\/wp-json\/wp\/v2\/tags?post=19068"}],"curies":[{"name":"wp","href":"https:\/\/api.w.org\/{rel}","templated":true}]}}