{"id":19189,"date":"2017-05-08T16:00:20","date_gmt":"2017-05-08T15:00:20","guid":{"rendered":"http:\/\/www.oficinaempleo.com\/blog\/?p=19189"},"modified":"2018-10-26T10:34:20","modified_gmt":"2018-10-26T09:34:20","slug":"la-libertad-horarios-crea-puestos-trabajo","status":"publish","type":"post","link":"https:\/\/www.oficinaempleo.com\/blog\/la-libertad-horarios-crea-puestos-trabajo\/","title":{"rendered":"La libertad de horarios crea puestos de trabajo"},"content":{"rendered":"<div class=\"su-button-center\"><a href=\"https:\/\/jobs.oficinaempleo.com\/registro?origen=ORG-web&#038;utm_source=OE&#038;utm_medium=boton_registro&#038;utm_content=homepage&#038;utm_campaign=organic\" class=\"su-button su-button-style-flat\" style=\"color:#FFFFFF;background-color:#ec7d0c;border-color:#bd640a;border-radius:10px\" target=\"__blank\"><span style=\"color:#FFFFFF;padding:8px 26px;font-size:20px;line-height:30px;border-color:#f2a455;border-radius:10px;text-shadow:none\"><i class=\"sui sui-arrow-circle-right\" style=\"font-size:20px;color:#FFFFFF\"><\/i> Reg\u00edstrate gratis en OficinaEmpleo<\/span><\/a><\/div><div class=\"su-spacer\" style=\"height:30px\"><\/div>\u00bfQu\u00e9 ventajas puede traer a nuestro pa\u00eds que se deje a los comercios <strong>abrir cuando lo decidan<\/strong> sin restricciones? Muchas son las opiniones en contra de este tipo de medidas, sobre todo desde el <strong>peque\u00f1o comercio<\/strong>. Sin embargo, entre las <strong>ventajas<\/strong> m\u00e1s significativas est\u00e1 la de <strong>crear puestos de trabajo<\/strong>.<\/p>\n<div id=\"attachment_19190\" style=\"width: 600px\" class=\"wp-caption alignnone\"><a href=\"http:\/\/www.oficinaempleo.com\/blog\/wp-content\/uploads\/2017\/05\/libertad_dentro.jpg\"><img loading=\"lazy\" decoding=\"async\" aria-describedby=\"caption-attachment-19190\" class=\"size-full wp-image-19190\" src=\"http:\/\/www.oficinaempleo.com\/blog\/wp-content\/uploads\/2017\/05\/libertad_dentro.jpg\" alt=\"Dos j\u00f3venes en un centro comercial. Shironosov (iStock)\" width=\"590\" height=\"315\" srcset=\"https:\/\/www.oficinaempleo.com\/blog\/wp-content\/uploads\/2017\/05\/libertad_dentro.jpg 590w, https:\/\/www.oficinaempleo.com\/blog\/wp-content\/uploads\/2017\/05\/libertad_dentro-300x160.jpg 300w\" sizes=\"auto, (max-width: 590px) 100vw, 590px\" \/><\/a><p id=\"caption-attachment-19190\" class=\"wp-caption-text\">Dos j\u00f3venes en un centro comercial. Shironosov (iStock)<\/p><\/div>\n<p>En algunas comunidades aut\u00f3nomas de Espa\u00f1a, la libertad de horarios en el comercio es una realidad desde hace ya bastante tiempo. Por ejemplo en la <strong>Comunidad de Madrid<\/strong> se ha permitido desde el verano del a\u00f1o 2012.<\/p>\n<p>Como decimos, las principales <strong>cr\u00edticas<\/strong> han llegado desde el peque\u00f1o comercio, que considera que est\u00e1 en una posici\u00f3n de desventaja frente a las grandes superficies, que tienen m\u00e1s recursos para poder afrontar una ampliaci\u00f3n en el horario de apertura.<\/p>\n<p>Sea donde sea, uno de los motivos principales para ponerla en marcha era estimular el mercado laboral bajo una <strong>sencilla premisa: para abrir m\u00e1s horas se necesita contratar a m\u00e1s empleados para atender al p\u00fablico.<\/strong><\/p>\n<p>La f\u00f3rmula parece ser certera pero, \u00bfhasta qu\u00e9 punto se han creado puestos de trabajo como consecuencia de esta medida? No hay estad\u00edsticas ni cifras concretas pero es evidente que se han tenido que crear.<\/p>\n<p>Como decimos, el peque\u00f1o comercio se ha quejado porque considera que no tiene recursos para hacer m\u00e1s contrataciones. Sin embargo, las voces m\u00e1s cr\u00edticas aseguran que el peque\u00f1o comercio deber\u00eda sacudirse el excesivo proteccionismo al que las administraciones someten y arriesgarse a hacer estas contrataciones ya que los beneficios ser\u00e1n mayores y compensar\u00e1n.<\/p>\n<p>Sea como fuere, el <strong>debate<\/strong> sobre la conveniencia o no de abrir las 24 horas al d\u00eda, los 365 d\u00edas al a\u00f1o es mucho m\u00e1s amplio y afecta tambi\u00e9n a los consumidores y sus posibilidades para hacer compras, al turismo, a las condiciones en las que los nuevos trabajadores son contratados, etc.<\/p>\n<div class=\"su-button-center\"><a href=\"https:\/\/jobs.oficinaempleo.com\/registro?origen=ORG-web&#038;utm_source=OE&#038;utm_medium=boton_registro&#038;utm_content=homepage&#038;utm_campaign=organic\" class=\"su-button su-button-style-flat\" style=\"color:#FFFFFF;background-color:#ec7d0c;border-color:#bd640a;border-radius:10px\" target=\"__blank\"><span style=\"color:#FFFFFF;padding:8px 26px;font-size:20px;line-height:30px;border-color:#f2a455;border-radius:10px;text-shadow:none\"><i class=\"sui sui-arrow-circle-right\" style=\"font-size:20px;color:#FFFFFF\"><\/i> Reg\u00edstrate gratis en OficinaEmpleo<\/span><\/a><\/div><div class=\"su-spacer\" style=\"height:30px\"><\/div>\n","protected":false},"excerpt":{"rendered":"<p>\u00bfQu\u00e9 ventajas ofrece la posibilidad de que el comercio tenga total libertad para abrir cuando quiera? Una de ellas, la de crearse m\u00e1s puestos de trabajo.<\/p>\n","protected":false},"author":5,"featured_media":19191,"comment_status":"open","ping_status":"open","sticky":false,"template":"","format":"standard","meta":{"footnotes":""},"categories":[691],"tags":[2748,1566,5123,4822,5122],"class_list":["post-19189","post","type-post","status-publish","format-standard","has-post-thumbnail","hentry","category-actualidad-empleo","tag-comercio","tag-horarios","tag-libertad-de-apertura","tag-libertad-de-horarios","tag-pequeno-comercio","cat-691-id","has_thumb"],"yoast_head":"<!-- This site is optimized with the Yoast SEO plugin v27.1.1 - https:\/\/yoast.com\/product\/yoast-seo-wordpress\/ -->\n<title>La libertad de horarios crea puestos de trabajo - Blog OficinaEmpleo<\/title>\n<meta name=\"description\" content=\"\u00bfQu\u00e9 ventajas ofrece la posibilidad de que el comercio tenga total libertad para abrir cuando quiera? Una de ellas, la de crearse m\u00e1s puestos de trabajo.\" \/>\n<meta name=\"robots\" content=\"index, follow, max-snippet:-1, max-image-preview:large, max-video-preview:-1\" \/>\n<link rel=\"canonical\" href=\"https:\/\/www.oficinaempleo.com\/blog\/la-libertad-horarios-crea-puestos-trabajo\/\" \/>\n<meta property=\"og:locale\" content=\"es_ES\" \/>\n<meta property=\"og:type\" content=\"article\" \/>\n<meta property=\"og:title\" content=\"La libertad de horarios crea puestos de trabajo - Blog OficinaEmpleo\" \/>\n<meta property=\"og:description\" content=\"\u00bfQu\u00e9 ventajas ofrece la posibilidad de que el comercio tenga total libertad para abrir cuando quiera? Una de ellas, la de crearse m\u00e1s puestos de trabajo.\" \/>\n<meta property=\"og:url\" content=\"https:\/\/www.oficinaempleo.com\/blog\/la-libertad-horarios-crea-puestos-trabajo\/\" \/>\n<meta property=\"og:site_name\" content=\"Noticias y consejos de empleo | Blog OficinaEmpleo\" \/>\n<meta property=\"article:published_time\" content=\"2017-05-08T15:00:20+00:00\" \/>\n<meta property=\"article:modified_time\" content=\"2018-10-26T09:34:20+00:00\" \/>\n<meta property=\"og:image\" content=\"https:\/\/www.oficinaempleo.com\/blog\/wp-content\/uploads\/2017\/05\/libertad_destacada.jpg\" \/>\n\t<meta property=\"og:image:width\" content=\"600\" \/>\n\t<meta property=\"og:image:height\" content=\"310\" \/>\n\t<meta property=\"og:image:type\" content=\"image\/jpeg\" \/>\n<meta name=\"author\" content=\"David Garc\u00eda\" \/>\n<meta name=\"twitter:card\" content=\"summary_large_image\" \/>\n<meta name=\"twitter:creator\" content=\"@OficinaEmpleo\" \/>\n<meta name=\"twitter:site\" content=\"@OficinaEmpleo\" \/>\n<meta name=\"twitter:label1\" content=\"Written by\" \/>\n\t<meta name=\"twitter:data1\" content=\"David Garc\u00eda\" \/>\n\t<meta name=\"twitter:label2\" content=\"Est. reading time\" \/>\n\t<meta name=\"twitter:data2\" content=\"2 minutos\" \/>\n<script type=\"application\/ld+json\" class=\"yoast-schema-graph\">{\"@context\":\"https:\/\/schema.org\",\"@graph\":[{\"@type\":\"Article\",\"@id\":\"https:\/\/www.oficinaempleo.com\/blog\/la-libertad-horarios-crea-puestos-trabajo\/#article\",\"isPartOf\":{\"@id\":\"https:\/\/www.oficinaempleo.com\/blog\/la-libertad-horarios-crea-puestos-trabajo\/\"},\"author\":{\"name\":\"David Garc\u00eda\",\"@id\":\"https:\/\/www.oficinaempleo.com\/blog\/#\/schema\/person\/fb90e38571c727c56dd2231966ab3358\"},\"headline\":\"La libertad de horarios crea puestos de trabajo\",\"datePublished\":\"2017-05-08T15:00:20+00:00\",\"dateModified\":\"2018-10-26T09:34:20+00:00\",\"mainEntityOfPage\":{\"@id\":\"https:\/\/www.oficinaempleo.com\/blog\/la-libertad-horarios-crea-puestos-trabajo\/\"},\"wordCount\":415,\"commentCount\":0,\"publisher\":{\"@id\":\"https:\/\/www.oficinaempleo.com\/blog\/#organization\"},\"image\":{\"@id\":\"https:\/\/www.oficinaempleo.com\/blog\/la-libertad-horarios-crea-puestos-trabajo\/#primaryimage\"},\"thumbnailUrl\":\"https:\/\/www.oficinaempleo.com\/blog\/wp-content\/uploads\/2017\/05\/libertad_destacada.jpg\",\"keywords\":[\"comercio\",\"horarios\",\"libertad de apertura\",\"libertad de horarios\",\"peque\u00f1o comercio\"],\"articleSection\":[\"Actualidad\"],\"inLanguage\":\"es\",\"potentialAction\":[{\"@type\":\"CommentAction\",\"name\":\"Comment\",\"target\":[\"https:\/\/www.oficinaempleo.com\/blog\/la-libertad-horarios-crea-puestos-trabajo\/#respond\"]}]},{\"@type\":\"WebPage\",\"@id\":\"https:\/\/www.oficinaempleo.com\/blog\/la-libertad-horarios-crea-puestos-trabajo\/\",\"url\":\"https:\/\/www.oficinaempleo.com\/blog\/la-libertad-horarios-crea-puestos-trabajo\/\",\"name\":\"La libertad de horarios crea puestos de trabajo - Blog OficinaEmpleo\",\"isPartOf\":{\"@id\":\"https:\/\/www.oficinaempleo.com\/blog\/#website\"},\"primaryImageOfPage\":{\"@id\":\"https:\/\/www.oficinaempleo.com\/blog\/la-libertad-horarios-crea-puestos-trabajo\/#primaryimage\"},\"image\":{\"@id\":\"https:\/\/www.oficinaempleo.com\/blog\/la-libertad-horarios-crea-puestos-trabajo\/#primaryimage\"},\"thumbnailUrl\":\"https:\/\/www.oficinaempleo.com\/blog\/wp-content\/uploads\/2017\/05\/libertad_destacada.jpg\",\"datePublished\":\"2017-05-08T15:00:20+00:00\",\"dateModified\":\"2018-10-26T09:34:20+00:00\",\"description\":\"\u00bfQu\u00e9 ventajas ofrece la posibilidad de que el comercio tenga total libertad para abrir cuando quiera? Una de ellas, la de crearse m\u00e1s puestos de trabajo.\",\"breadcrumb\":{\"@id\":\"https:\/\/www.oficinaempleo.com\/blog\/la-libertad-horarios-crea-puestos-trabajo\/#breadcrumb\"},\"inLanguage\":\"es\",\"potentialAction\":[{\"@type\":\"ReadAction\",\"target\":[\"https:\/\/www.oficinaempleo.com\/blog\/la-libertad-horarios-crea-puestos-trabajo\/\"]}]},{\"@type\":\"ImageObject\",\"inLanguage\":\"es\",\"@id\":\"https:\/\/www.oficinaempleo.com\/blog\/la-libertad-horarios-crea-puestos-trabajo\/#primaryimage\",\"url\":\"https:\/\/www.oficinaempleo.com\/blog\/wp-content\/uploads\/2017\/05\/libertad_destacada.jpg\",\"contentUrl\":\"https:\/\/www.oficinaempleo.com\/blog\/wp-content\/uploads\/2017\/05\/libertad_destacada.jpg\",\"width\":600,\"height\":310,\"caption\":\"J\u00f3venes de compras en un centro comercial. Monkeybusinessimages (iStock)\"},{\"@type\":\"BreadcrumbList\",\"@id\":\"https:\/\/www.oficinaempleo.com\/blog\/la-libertad-horarios-crea-puestos-trabajo\/#breadcrumb\",\"itemListElement\":[{\"@type\":\"ListItem\",\"position\":1,\"name\":\"Home\",\"item\":\"https:\/\/www.oficinaempleo.com\/blog\/\"},{\"@type\":\"ListItem\",\"position\":2,\"name\":\"La libertad de horarios crea puestos de trabajo\"}]},{\"@type\":\"WebSite\",\"@id\":\"https:\/\/www.oficinaempleo.com\/blog\/#website\",\"url\":\"https:\/\/www.oficinaempleo.com\/blog\/\",\"name\":\"Noticias y Consejos de Empleo | Blog OficinaEmpleo\",\"description\":\"\",\"publisher\":{\"@id\":\"https:\/\/www.oficinaempleo.com\/blog\/#organization\"},\"potentialAction\":[{\"@type\":\"SearchAction\",\"target\":{\"@type\":\"EntryPoint\",\"urlTemplate\":\"https:\/\/www.oficinaempleo.com\/blog\/?s={search_term_string}\"},\"query-input\":{\"@type\":\"PropertyValueSpecification\",\"valueRequired\":true,\"valueName\":\"search_term_string\"}}],\"inLanguage\":\"es\"},{\"@type\":\"Organization\",\"@id\":\"https:\/\/www.oficinaempleo.com\/blog\/#organization\",\"name\":\"OficinaEmpleo\",\"url\":\"https:\/\/www.oficinaempleo.com\/blog\/\",\"logo\":{\"@type\":\"ImageObject\",\"inLanguage\":\"es\",\"@id\":\"https:\/\/www.oficinaempleo.com\/blog\/#\/schema\/logo\/image\/\",\"url\":\"https:\/\/www.oficinaempleo.com\/blog\/wp-content\/uploads\/2018\/10\/logo_footer-1.jpg\",\"contentUrl\":\"https:\/\/www.oficinaempleo.com\/blog\/wp-content\/uploads\/2018\/10\/logo_footer-1.jpg\",\"width\":478,\"height\":57,\"caption\":\"OficinaEmpleo\"},\"image\":{\"@id\":\"https:\/\/www.oficinaempleo.com\/blog\/#\/schema\/logo\/image\/\"},\"sameAs\":[\"https:\/\/x.com\/OficinaEmpleo\"]},{\"@type\":\"Person\",\"@id\":\"https:\/\/www.oficinaempleo.com\/blog\/#\/schema\/person\/fb90e38571c727c56dd2231966ab3358\",\"name\":\"David Garc\u00eda\",\"image\":{\"@type\":\"ImageObject\",\"inLanguage\":\"es\",\"@id\":\"https:\/\/www.oficinaempleo.com\/blog\/#\/schema\/person\/image\/\",\"url\":\"https:\/\/secure.gravatar.com\/avatar\/e790fd54d7ada3dd19d3bebd1baf92ae088ffc6c3574e2d74d180130b4099a61?s=96&d=mm&r=g\",\"contentUrl\":\"https:\/\/secure.gravatar.com\/avatar\/e790fd54d7ada3dd19d3bebd1baf92ae088ffc6c3574e2d74d180130b4099a61?s=96&d=mm&r=g\",\"caption\":\"David Garc\u00eda\"},\"url\":\"https:\/\/www.oficinaempleo.com\/blog\/author\/david\/\"}]}<\/script>\n<!-- \/ Yoast SEO plugin. -->","yoast_head_json":{"title":"La libertad de horarios crea puestos de trabajo - Blog OficinaEmpleo","description":"\u00bfQu\u00e9 ventajas ofrece la posibilidad de que el comercio tenga total libertad para abrir cuando quiera? Una de ellas, la de crearse m\u00e1s puestos de trabajo.","robots":{"index":"index","follow":"follow","max-snippet":"max-snippet:-1","max-image-preview":"max-image-preview:large","max-video-preview":"max-video-preview:-1"},"canonical":"https:\/\/www.oficinaempleo.com\/blog\/la-libertad-horarios-crea-puestos-trabajo\/","og_locale":"es_ES","og_type":"article","og_title":"La libertad de horarios crea puestos de trabajo - Blog OficinaEmpleo","og_description":"\u00bfQu\u00e9 ventajas ofrece la posibilidad de que el comercio tenga total libertad para abrir cuando quiera? Una de ellas, la de crearse m\u00e1s puestos de trabajo.","og_url":"https:\/\/www.oficinaempleo.com\/blog\/la-libertad-horarios-crea-puestos-trabajo\/","og_site_name":"Noticias y consejos de empleo | Blog OficinaEmpleo","article_published_time":"2017-05-08T15:00:20+00:00","article_modified_time":"2018-10-26T09:34:20+00:00","og_image":[{"width":600,"height":310,"url":"https:\/\/www.oficinaempleo.com\/blog\/wp-content\/uploads\/2017\/05\/libertad_destacada.jpg","type":"image\/jpeg"}],"author":"David Garc\u00eda","twitter_card":"summary_large_image","twitter_creator":"@OficinaEmpleo","twitter_site":"@OficinaEmpleo","twitter_misc":{"Written by":"David Garc\u00eda","Est. reading time":"2 minutos"},"schema":{"@context":"https:\/\/schema.org","@graph":[{"@type":"Article","@id":"https:\/\/www.oficinaempleo.com\/blog\/la-libertad-horarios-crea-puestos-trabajo\/#article","isPartOf":{"@id":"https:\/\/www.oficinaempleo.com\/blog\/la-libertad-horarios-crea-puestos-trabajo\/"},"author":{"name":"David Garc\u00eda","@id":"https:\/\/www.oficinaempleo.com\/blog\/#\/schema\/person\/fb90e38571c727c56dd2231966ab3358"},"headline":"La libertad de horarios crea puestos de trabajo","datePublished":"2017-05-08T15:00:20+00:00","dateModified":"2018-10-26T09:34:20+00:00","mainEntityOfPage":{"@id":"https:\/\/www.oficinaempleo.com\/blog\/la-libertad-horarios-crea-puestos-trabajo\/"},"wordCount":415,"commentCount":0,"publisher":{"@id":"https:\/\/www.oficinaempleo.com\/blog\/#organization"},"image":{"@id":"https:\/\/www.oficinaempleo.com\/blog\/la-libertad-horarios-crea-puestos-trabajo\/#primaryimage"},"thumbnailUrl":"https:\/\/www.oficinaempleo.com\/blog\/wp-content\/uploads\/2017\/05\/libertad_destacada.jpg","keywords":["comercio","horarios","libertad de apertura","libertad de horarios","peque\u00f1o comercio"],"articleSection":["Actualidad"],"inLanguage":"es","potentialAction":[{"@type":"CommentAction","name":"Comment","target":["https:\/\/www.oficinaempleo.com\/blog\/la-libertad-horarios-crea-puestos-trabajo\/#respond"]}]},{"@type":"WebPage","@id":"https:\/\/www.oficinaempleo.com\/blog\/la-libertad-horarios-crea-puestos-trabajo\/","url":"https:\/\/www.oficinaempleo.com\/blog\/la-libertad-horarios-crea-puestos-trabajo\/","name":"La libertad de horarios crea puestos de trabajo - Blog OficinaEmpleo","isPartOf":{"@id":"https:\/\/www.oficinaempleo.com\/blog\/#website"},"primaryImageOfPage":{"@id":"https:\/\/www.oficinaempleo.com\/blog\/la-libertad-horarios-crea-puestos-trabajo\/#primaryimage"},"image":{"@id":"https:\/\/www.oficinaempleo.com\/blog\/la-libertad-horarios-crea-puestos-trabajo\/#primaryimage"},"thumbnailUrl":"https:\/\/www.oficinaempleo.com\/blog\/wp-content\/uploads\/2017\/05\/libertad_destacada.jpg","datePublished":"2017-05-08T15:00:20+00:00","dateModified":"2018-10-26T09:34:20+00:00","description":"\u00bfQu\u00e9 ventajas ofrece la posibilidad de que el comercio tenga total libertad para abrir cuando quiera? Una de ellas, la de crearse m\u00e1s puestos de trabajo.","breadcrumb":{"@id":"https:\/\/www.oficinaempleo.com\/blog\/la-libertad-horarios-crea-puestos-trabajo\/#breadcrumb"},"inLanguage":"es","potentialAction":[{"@type":"ReadAction","target":["https:\/\/www.oficinaempleo.com\/blog\/la-libertad-horarios-crea-puestos-trabajo\/"]}]},{"@type":"ImageObject","inLanguage":"es","@id":"https:\/\/www.oficinaempleo.com\/blog\/la-libertad-horarios-crea-puestos-trabajo\/#primaryimage","url":"https:\/\/www.oficinaempleo.com\/blog\/wp-content\/uploads\/2017\/05\/libertad_destacada.jpg","contentUrl":"https:\/\/www.oficinaempleo.com\/blog\/wp-content\/uploads\/2017\/05\/libertad_destacada.jpg","width":600,"height":310,"caption":"J\u00f3venes de compras en un centro comercial. Monkeybusinessimages (iStock)"},{"@type":"BreadcrumbList","@id":"https:\/\/www.oficinaempleo.com\/blog\/la-libertad-horarios-crea-puestos-trabajo\/#breadcrumb","itemListElement":[{"@type":"ListItem","position":1,"name":"Home","item":"https:\/\/www.oficinaempleo.com\/blog\/"},{"@type":"ListItem","position":2,"name":"La libertad de horarios crea puestos de trabajo"}]},{"@type":"WebSite","@id":"https:\/\/www.oficinaempleo.com\/blog\/#website","url":"https:\/\/www.oficinaempleo.com\/blog\/","name":"Noticias y Consejos de Empleo | Blog OficinaEmpleo","description":"","publisher":{"@id":"https:\/\/www.oficinaempleo.com\/blog\/#organization"},"potentialAction":[{"@type":"SearchAction","target":{"@type":"EntryPoint","urlTemplate":"https:\/\/www.oficinaempleo.com\/blog\/?s={search_term_string}"},"query-input":{"@type":"PropertyValueSpecification","valueRequired":true,"valueName":"search_term_string"}}],"inLanguage":"es"},{"@type":"Organization","@id":"https:\/\/www.oficinaempleo.com\/blog\/#organization","name":"OficinaEmpleo","url":"https:\/\/www.oficinaempleo.com\/blog\/","logo":{"@type":"ImageObject","inLanguage":"es","@id":"https:\/\/www.oficinaempleo.com\/blog\/#\/schema\/logo\/image\/","url":"https:\/\/www.oficinaempleo.com\/blog\/wp-content\/uploads\/2018\/10\/logo_footer-1.jpg","contentUrl":"https:\/\/www.oficinaempleo.com\/blog\/wp-content\/uploads\/2018\/10\/logo_footer-1.jpg","width":478,"height":57,"caption":"OficinaEmpleo"},"image":{"@id":"https:\/\/www.oficinaempleo.com\/blog\/#\/schema\/logo\/image\/"},"sameAs":["https:\/\/x.com\/OficinaEmpleo"]},{"@type":"Person","@id":"https:\/\/www.oficinaempleo.com\/blog\/#\/schema\/person\/fb90e38571c727c56dd2231966ab3358","name":"David Garc\u00eda","image":{"@type":"ImageObject","inLanguage":"es","@id":"https:\/\/www.oficinaempleo.com\/blog\/#\/schema\/person\/image\/","url":"https:\/\/secure.gravatar.com\/avatar\/e790fd54d7ada3dd19d3bebd1baf92ae088ffc6c3574e2d74d180130b4099a61?s=96&d=mm&r=g","contentUrl":"https:\/\/secure.gravatar.com\/avatar\/e790fd54d7ada3dd19d3bebd1baf92ae088ffc6c3574e2d74d180130b4099a61?s=96&d=mm&r=g","caption":"David Garc\u00eda"},"url":"https:\/\/www.oficinaempleo.com\/blog\/author\/david\/"}]}},"_links":{"self":[{"href":"https:\/\/www.oficinaempleo.com\/blog\/wp-json\/wp\/v2\/posts\/19189","targetHints":{"allow":["GET"]}}],"collection":[{"href":"https:\/\/www.oficinaempleo.com\/blog\/wp-json\/wp\/v2\/posts"}],"about":[{"href":"https:\/\/www.oficinaempleo.com\/blog\/wp-json\/wp\/v2\/types\/post"}],"author":[{"embeddable":true,"href":"https:\/\/www.oficinaempleo.com\/blog\/wp-json\/wp\/v2\/users\/5"}],"replies":[{"embeddable":true,"href":"https:\/\/www.oficinaempleo.com\/blog\/wp-json\/wp\/v2\/comments?post=19189"}],"version-history":[{"count":1,"href":"https:\/\/www.oficinaempleo.com\/blog\/wp-json\/wp\/v2\/posts\/19189\/revisions"}],"predecessor-version":[{"id":26018,"href":"https:\/\/www.oficinaempleo.com\/blog\/wp-json\/wp\/v2\/posts\/19189\/revisions\/26018"}],"wp:featuredmedia":[{"embeddable":true,"href":"https:\/\/www.oficinaempleo.com\/blog\/wp-json\/wp\/v2\/media\/19191"}],"wp:attachment":[{"href":"https:\/\/www.oficinaempleo.com\/blog\/wp-json\/wp\/v2\/media?parent=19189"}],"wp:term":[{"taxonomy":"category","embeddable":true,"href":"https:\/\/www.oficinaempleo.com\/blog\/wp-json\/wp\/v2\/categories?post=19189"},{"taxonomy":"post_tag","embeddable":true,"href":"https:\/\/www.oficinaempleo.com\/blog\/wp-json\/wp\/v2\/tags?post=19189"}],"curies":[{"name":"wp","href":"https:\/\/api.w.org\/{rel}","templated":true}]}}