{"id":1948,"date":"2014-12-02T11:37:29","date_gmt":"2014-12-02T10:37:29","guid":{"rendered":"http:\/\/blog.oficinaempleo.com\/?p=1948"},"modified":"2014-12-02T11:48:06","modified_gmt":"2014-12-02T10:48:06","slug":"educacion-pone-en-marcha-630-practicas-internacionales","status":"publish","type":"post","link":"https:\/\/www.oficinaempleo.com\/blog\/educacion-pone-en-marcha-630-practicas-internacionales\/","title":{"rendered":"Educaci\u00f3n pone en marcha 630 pr\u00e1cticas internacionales"},"content":{"rendered":"<p><strong>El Ministerio de Educaci\u00f3n,  Cultura y Deporte <\/strong>abre una nueva convocatoria del programa de becas Argo,  un programa de movilidad que impulsa la formaci\u00f3n complementaria de los titulados de todas las universidades espa\u00f1olas a trav\u00e9s de la realizaci\u00f3n de pr\u00e1cticas en empresas de Europa,  de EEUU, Canad\u00e1 y empresas espa\u00f1olas o multinacionales con sede en Asia u Ocean\u00eda.<\/p>\n<p><a href=\"http:\/\/blog.oficinaempleo.com\/wp-content\/uploads\/2014\/12\/pr\u00e1cticas-internacionales.jpg\"><img loading=\"lazy\" decoding=\"async\" class=\"aligncenter  wp-image-1951\" src=\"http:\/\/blog.oficinaempleo.com\/wp-content\/uploads\/2014\/12\/pr\u00e1cticas-internacionales-1024x535.jpg\" alt=\"pr\u00e1cticas internacionales\" width=\"635\" height=\"331\" srcset=\"https:\/\/www.oficinaempleo.com\/blog\/wp-content\/uploads\/2014\/12\/pr\u00e1cticas-internacionales-1024x535.jpg 1024w, https:\/\/www.oficinaempleo.com\/blog\/wp-content\/uploads\/2014\/12\/pr\u00e1cticas-internacionales-300x156.jpg 300w, https:\/\/www.oficinaempleo.com\/blog\/wp-content\/uploads\/2014\/12\/pr\u00e1cticas-internacionales-290x150.jpg 290w, https:\/\/www.oficinaempleo.com\/blog\/wp-content\/uploads\/2014\/12\/pr\u00e1cticas-internacionales-280x146.jpg 280w, https:\/\/www.oficinaempleo.com\/blog\/wp-content\/uploads\/2014\/12\/pr\u00e1cticas-internacionales.jpg 1200w\" sizes=\"auto, (max-width: 635px) 100vw, 635px\" \/><\/a><\/p>\n<p>El programa -con una duraci\u00f3n de tres a\u00f1os, entre 2014 y 2017- conceder\u00e1 un total de 630 ayudas para realizar <strong>330 pr\u00e1cticas en empresas europeas<\/strong>, <strong>180 en EEUU<\/strong> y <strong>Canad\u00e1<\/strong>, y <strong>120 en empresas espa\u00f1olas o multinacionales con sede en Asia u Ocean\u00eda<\/strong>.<\/p>\n<p><strong>\u00bfPor qu\u00e9 puede interesarte<\/strong>? Te permitir\u00e1:<\/p>\n<ul>\n<li>Obtener una primera experiencia profesional en una empresa.<\/li>\n<li>Completar tu formaci\u00f3n acad\u00e9mica.<\/li>\n<li>Acercarte a la realidad empresarial en un contexto internacional y mejorar tus competencias profesionales.<\/li>\n<li>Aumentar tus posibilidades de inserci\u00f3n profesional.<\/li>\n<li>Mejorar tus conocimientos ling\u00fc\u00edsticos en el pa\u00eds de destino.<\/li>\n<\/ul>\n<p><strong>Requisitos<\/strong> para participar:<\/p>\n<ul>\n<li>Estar en posesi\u00f3n de una titulaci\u00f3n universitaria que se haya obtenido durante los tres \u00faltimos a\u00f1os en una universidad espa\u00f1ola<\/li>\n<li>Tener menos de 35 a\u00f1os<\/li>\n<li>Acreditar dominio del idioma del pa\u00eds en el que se solicitan las pr\u00e1cticas<\/li>\n<li>No haber disfrutado con anterioridad de una beca de movilidad otorgada por el Ministerio de Educaci\u00f3n.<\/li>\n<\/ul>\n<p>Adem\u00e1s, <strong>se tendr\u00e1n en cuenta aspectos<\/strong> como:<\/p>\n<ul>\n<li>Nota media de expediente acad\u00e9mico<\/li>\n<li>CV<\/li>\n<li>Disponibilidad del candidato para movilizarse cuando lo requiere la empresa<\/li>\n<\/ul>\n<p>La <strong>dotaci\u00f3n econ\u00f3mica variar\u00e1 en funci\u00f3n del pa\u00eds<\/strong>. Los seleccionados que viajen a pa\u00edses como Bulgaria o Plolonia recibir\u00e1n una cuant\u00eda de 480\u20ac mensuales; algo mayor ser\u00e1 la cifra de los aventuraros a Canad\u00e1 (1.150\u20ac), Singapur o EEUU (1.200\u20ac) y para los que se adentren en Australia ser\u00e1n 1.300\u20ac. Aun as\u00ed, a esta dotaci\u00f3n econ\u00f3mica para gastos de manutenci\u00f3n y estancia hay que sumarle otra cuant\u00eda para viajes, visados, seguro y los costes de las cuotas a la seguridad social. <strong>M\u00e1s informaci\u00f3n <a title=\"condiciones econ\u00f3micas\" href=\"http:\/\/www.becasargo.es\/condiciones-economicas\/\" >aqu\u00ed.<\/a><\/strong><\/p>\n<p>Los interesados ten\u00e9is como <strong><a title=\"registro titulados\" href=\"http:\/\/www.becasargo.es\/registro-titulados\/\" >plazo de registro<\/a> desde el pasado 21 de noviembre hasta el 1 de septiembre de 2016<\/strong>; y la fecha l\u00edmite para disfrutar de estas estancias ser\u00e1 el <strong>31 de agosto de 2017<\/strong>.<\/p>\n<p>Reg\u00edstrate en <strong><a title=\"Blog de Oficina Empleo\" href=\"http:\/\/www.oficinaempleo.com\/jobseekers\/registration.php?ref=blog\" >OficinaEmpleo<\/a> <\/strong>si te parece interesante el contenido y recibe nuestra newsletter y alertas de empleo; y si no quieres hacer pr\u00e1cticas en el extranjero, entra <a title=\"Ofertas de empleo\" href=\"www.oficinaempleo.com\" ><strong>aqu\u00ed<\/strong><\/a> para ver las ofertas a nivel nacional.<\/p>\n","protected":false},"excerpt":{"rendered":"<p>Empresas de Europa, EEUU y Canad\u00e1 seleccionar\u00e1n candidatos del programa de becas Argo<\/p>\n","protected":false},"author":2,"featured_media":1951,"comment_status":"open","ping_status":"open","sticky":false,"template":"","format":"standard","meta":{"footnotes":""},"categories":[637,3],"tags":[672,673],"class_list":["post-1948","post","type-post","status-publish","format-standard","has-post-thumbnail","hentry","category-empleo-internacional-2","category-noticias-empleo","tag-becas-argo","tag-practicas-internacionales","cat-637-id","cat-3-id","has_thumb"],"yoast_head":"<!-- This site is optimized with the Yoast SEO plugin v27.1.1 - https:\/\/yoast.com\/product\/yoast-seo-wordpress\/ -->\n<title>Educaci\u00f3n pone en marcha 630 pr\u00e1cticas internacionales - Blog OficinaEmpleo<\/title>\n<meta name=\"robots\" content=\"index, follow, max-snippet:-1, max-image-preview:large, max-video-preview:-1\" \/>\n<link rel=\"canonical\" href=\"https:\/\/www.oficinaempleo.com\/blog\/educacion-pone-en-marcha-630-practicas-internacionales\/\" \/>\n<meta property=\"og:locale\" content=\"es_ES\" \/>\n<meta property=\"og:type\" content=\"article\" \/>\n<meta property=\"og:title\" content=\"Educaci\u00f3n pone en marcha 630 pr\u00e1cticas internacionales - Blog OficinaEmpleo\" \/>\n<meta property=\"og:description\" content=\"Empresas de Europa, EEUU y Canad\u00e1 seleccionar\u00e1n candidatos del programa de becas Argo\" \/>\n<meta property=\"og:url\" content=\"https:\/\/www.oficinaempleo.com\/blog\/educacion-pone-en-marcha-630-practicas-internacionales\/\" \/>\n<meta property=\"og:site_name\" content=\"Noticias y consejos de empleo | Blog OficinaEmpleo\" \/>\n<meta property=\"article:author\" content=\"https:\/\/www.facebook.com\/OficinaEmpleo\" \/>\n<meta property=\"article:published_time\" content=\"2014-12-02T10:37:29+00:00\" \/>\n<meta property=\"article:modified_time\" content=\"2014-12-02T10:48:06+00:00\" \/>\n<meta property=\"og:image\" content=\"https:\/\/www.oficinaempleo.com\/blog\/wp-content\/uploads\/2014\/12\/pr\u00e1cticas-internacionales.jpg\" \/>\n\t<meta property=\"og:image:width\" content=\"1200\" \/>\n\t<meta property=\"og:image:height\" content=\"627\" \/>\n\t<meta property=\"og:image:type\" content=\"image\/jpeg\" \/>\n<meta name=\"author\" content=\"OficinaEmpleo\" \/>\n<meta name=\"twitter:card\" content=\"summary_large_image\" \/>\n<meta name=\"twitter:creator\" content=\"@OficinaEmpleo\" \/>\n<meta name=\"twitter:site\" content=\"@OficinaEmpleo\" \/>\n<meta name=\"twitter:label1\" content=\"Written by\" \/>\n\t<meta name=\"twitter:data1\" content=\"OficinaEmpleo\" \/>\n\t<meta name=\"twitter:label2\" content=\"Est. reading time\" \/>\n\t<meta name=\"twitter:data2\" content=\"2 minutos\" \/>\n<script type=\"application\/ld+json\" class=\"yoast-schema-graph\">{\"@context\":\"https:\/\/schema.org\",\"@graph\":[{\"@type\":\"Article\",\"@id\":\"https:\/\/www.oficinaempleo.com\/blog\/educacion-pone-en-marcha-630-practicas-internacionales\/#article\",\"isPartOf\":{\"@id\":\"https:\/\/www.oficinaempleo.com\/blog\/educacion-pone-en-marcha-630-practicas-internacionales\/\"},\"author\":{\"name\":\"OficinaEmpleo\",\"@id\":\"https:\/\/www.oficinaempleo.com\/blog\/#\/schema\/person\/a7f3437f35bd6bd9ad19addae529a114\"},\"headline\":\"Educaci\u00f3n pone en marcha 630 pr\u00e1cticas internacionales\",\"datePublished\":\"2014-12-02T10:37:29+00:00\",\"dateModified\":\"2014-12-02T10:48:06+00:00\",\"mainEntityOfPage\":{\"@id\":\"https:\/\/www.oficinaempleo.com\/blog\/educacion-pone-en-marcha-630-practicas-internacionales\/\"},\"wordCount\":422,\"commentCount\":0,\"publisher\":{\"@id\":\"https:\/\/www.oficinaempleo.com\/blog\/#organization\"},\"image\":{\"@id\":\"https:\/\/www.oficinaempleo.com\/blog\/educacion-pone-en-marcha-630-practicas-internacionales\/#primaryimage\"},\"thumbnailUrl\":\"https:\/\/www.oficinaempleo.com\/blog\/wp-content\/uploads\/2014\/12\/pr\u00e1cticas-internacionales.jpg\",\"keywords\":[\"becas Argo\",\"pr\u00e1cticas internacionales\"],\"articleSection\":[\"Empleo Internacional\",\"Noticias Empleo\"],\"inLanguage\":\"es\",\"potentialAction\":[{\"@type\":\"CommentAction\",\"name\":\"Comment\",\"target\":[\"https:\/\/www.oficinaempleo.com\/blog\/educacion-pone-en-marcha-630-practicas-internacionales\/#respond\"]}]},{\"@type\":\"WebPage\",\"@id\":\"https:\/\/www.oficinaempleo.com\/blog\/educacion-pone-en-marcha-630-practicas-internacionales\/\",\"url\":\"https:\/\/www.oficinaempleo.com\/blog\/educacion-pone-en-marcha-630-practicas-internacionales\/\",\"name\":\"Educaci\u00f3n pone en marcha 630 pr\u00e1cticas internacionales - Blog OficinaEmpleo\",\"isPartOf\":{\"@id\":\"https:\/\/www.oficinaempleo.com\/blog\/#website\"},\"primaryImageOfPage\":{\"@id\":\"https:\/\/www.oficinaempleo.com\/blog\/educacion-pone-en-marcha-630-practicas-internacionales\/#primaryimage\"},\"image\":{\"@id\":\"https:\/\/www.oficinaempleo.com\/blog\/educacion-pone-en-marcha-630-practicas-internacionales\/#primaryimage\"},\"thumbnailUrl\":\"https:\/\/www.oficinaempleo.com\/blog\/wp-content\/uploads\/2014\/12\/pr\u00e1cticas-internacionales.jpg\",\"datePublished\":\"2014-12-02T10:37:29+00:00\",\"dateModified\":\"2014-12-02T10:48:06+00:00\",\"breadcrumb\":{\"@id\":\"https:\/\/www.oficinaempleo.com\/blog\/educacion-pone-en-marcha-630-practicas-internacionales\/#breadcrumb\"},\"inLanguage\":\"es\",\"potentialAction\":[{\"@type\":\"ReadAction\",\"target\":[\"https:\/\/www.oficinaempleo.com\/blog\/educacion-pone-en-marcha-630-practicas-internacionales\/\"]}]},{\"@type\":\"ImageObject\",\"inLanguage\":\"es\",\"@id\":\"https:\/\/www.oficinaempleo.com\/blog\/educacion-pone-en-marcha-630-practicas-internacionales\/#primaryimage\",\"url\":\"https:\/\/www.oficinaempleo.com\/blog\/wp-content\/uploads\/2014\/12\/pr\u00e1cticas-internacionales.jpg\",\"contentUrl\":\"https:\/\/www.oficinaempleo.com\/blog\/wp-content\/uploads\/2014\/12\/pr\u00e1cticas-internacionales.jpg\",\"width\":1200,\"height\":627},{\"@type\":\"BreadcrumbList\",\"@id\":\"https:\/\/www.oficinaempleo.com\/blog\/educacion-pone-en-marcha-630-practicas-internacionales\/#breadcrumb\",\"itemListElement\":[{\"@type\":\"ListItem\",\"position\":1,\"name\":\"Home\",\"item\":\"https:\/\/www.oficinaempleo.com\/blog\/\"},{\"@type\":\"ListItem\",\"position\":2,\"name\":\"Educaci\u00f3n pone en marcha 630 pr\u00e1cticas internacionales\"}]},{\"@type\":\"WebSite\",\"@id\":\"https:\/\/www.oficinaempleo.com\/blog\/#website\",\"url\":\"https:\/\/www.oficinaempleo.com\/blog\/\",\"name\":\"Noticias y Consejos de Empleo | Blog OficinaEmpleo\",\"description\":\"\",\"publisher\":{\"@id\":\"https:\/\/www.oficinaempleo.com\/blog\/#organization\"},\"potentialAction\":[{\"@type\":\"SearchAction\",\"target\":{\"@type\":\"EntryPoint\",\"urlTemplate\":\"https:\/\/www.oficinaempleo.com\/blog\/?s={search_term_string}\"},\"query-input\":{\"@type\":\"PropertyValueSpecification\",\"valueRequired\":true,\"valueName\":\"search_term_string\"}}],\"inLanguage\":\"es\"},{\"@type\":\"Organization\",\"@id\":\"https:\/\/www.oficinaempleo.com\/blog\/#organization\",\"name\":\"OficinaEmpleo\",\"url\":\"https:\/\/www.oficinaempleo.com\/blog\/\",\"logo\":{\"@type\":\"ImageObject\",\"inLanguage\":\"es\",\"@id\":\"https:\/\/www.oficinaempleo.com\/blog\/#\/schema\/logo\/image\/\",\"url\":\"https:\/\/www.oficinaempleo.com\/blog\/wp-content\/uploads\/2018\/10\/logo_footer-1.jpg\",\"contentUrl\":\"https:\/\/www.oficinaempleo.com\/blog\/wp-content\/uploads\/2018\/10\/logo_footer-1.jpg\",\"width\":478,\"height\":57,\"caption\":\"OficinaEmpleo\"},\"image\":{\"@id\":\"https:\/\/www.oficinaempleo.com\/blog\/#\/schema\/logo\/image\/\"},\"sameAs\":[\"https:\/\/x.com\/OficinaEmpleo\"]},{\"@type\":\"Person\",\"@id\":\"https:\/\/www.oficinaempleo.com\/blog\/#\/schema\/person\/a7f3437f35bd6bd9ad19addae529a114\",\"name\":\"OficinaEmpleo\",\"image\":{\"@type\":\"ImageObject\",\"inLanguage\":\"es\",\"@id\":\"https:\/\/www.oficinaempleo.com\/blog\/#\/schema\/person\/image\/\",\"url\":\"https:\/\/secure.gravatar.com\/avatar\/ea822afb14d7439ba3051d652cf8f548fe540f184ce16a2135fc22c9337bd72e?s=96&d=mm&r=g\",\"contentUrl\":\"https:\/\/secure.gravatar.com\/avatar\/ea822afb14d7439ba3051d652cf8f548fe540f184ce16a2135fc22c9337bd72e?s=96&d=mm&r=g\",\"caption\":\"OficinaEmpleo\"},\"description\":\"En OficinaEmpleo queremos ayudarte a conseguir trabajo. Por eso, adem\u00e1s de ofrecerte ofertas de empleo en nuestro portal, te ense\u00f1amos las novedades del sector, y consejos para mejorar tu perfil.\",\"sameAs\":[\"http:\/\/www.oficinaempleo.com\/\",\"https:\/\/www.facebook.com\/OficinaEmpleo\",\"https:\/\/x.com\/OficinaEmpleo\"],\"url\":\"https:\/\/www.oficinaempleo.com\/blog\/author\/empleo\/\"}]}<\/script>\n<!-- \/ Yoast SEO plugin. -->","yoast_head_json":{"title":"Educaci\u00f3n pone en marcha 630 pr\u00e1cticas internacionales - Blog OficinaEmpleo","robots":{"index":"index","follow":"follow","max-snippet":"max-snippet:-1","max-image-preview":"max-image-preview:large","max-video-preview":"max-video-preview:-1"},"canonical":"https:\/\/www.oficinaempleo.com\/blog\/educacion-pone-en-marcha-630-practicas-internacionales\/","og_locale":"es_ES","og_type":"article","og_title":"Educaci\u00f3n pone en marcha 630 pr\u00e1cticas internacionales - Blog OficinaEmpleo","og_description":"Empresas de Europa, EEUU y Canad\u00e1 seleccionar\u00e1n candidatos del programa de becas Argo","og_url":"https:\/\/www.oficinaempleo.com\/blog\/educacion-pone-en-marcha-630-practicas-internacionales\/","og_site_name":"Noticias y consejos de empleo | Blog OficinaEmpleo","article_author":"https:\/\/www.facebook.com\/OficinaEmpleo","article_published_time":"2014-12-02T10:37:29+00:00","article_modified_time":"2014-12-02T10:48:06+00:00","og_image":[{"width":1200,"height":627,"url":"https:\/\/www.oficinaempleo.com\/blog\/wp-content\/uploads\/2014\/12\/pr\u00e1cticas-internacionales.jpg","type":"image\/jpeg"}],"author":"OficinaEmpleo","twitter_card":"summary_large_image","twitter_creator":"@OficinaEmpleo","twitter_site":"@OficinaEmpleo","twitter_misc":{"Written by":"OficinaEmpleo","Est. reading time":"2 minutos"},"schema":{"@context":"https:\/\/schema.org","@graph":[{"@type":"Article","@id":"https:\/\/www.oficinaempleo.com\/blog\/educacion-pone-en-marcha-630-practicas-internacionales\/#article","isPartOf":{"@id":"https:\/\/www.oficinaempleo.com\/blog\/educacion-pone-en-marcha-630-practicas-internacionales\/"},"author":{"name":"OficinaEmpleo","@id":"https:\/\/www.oficinaempleo.com\/blog\/#\/schema\/person\/a7f3437f35bd6bd9ad19addae529a114"},"headline":"Educaci\u00f3n pone en marcha 630 pr\u00e1cticas internacionales","datePublished":"2014-12-02T10:37:29+00:00","dateModified":"2014-12-02T10:48:06+00:00","mainEntityOfPage":{"@id":"https:\/\/www.oficinaempleo.com\/blog\/educacion-pone-en-marcha-630-practicas-internacionales\/"},"wordCount":422,"commentCount":0,"publisher":{"@id":"https:\/\/www.oficinaempleo.com\/blog\/#organization"},"image":{"@id":"https:\/\/www.oficinaempleo.com\/blog\/educacion-pone-en-marcha-630-practicas-internacionales\/#primaryimage"},"thumbnailUrl":"https:\/\/www.oficinaempleo.com\/blog\/wp-content\/uploads\/2014\/12\/pr\u00e1cticas-internacionales.jpg","keywords":["becas Argo","pr\u00e1cticas internacionales"],"articleSection":["Empleo Internacional","Noticias Empleo"],"inLanguage":"es","potentialAction":[{"@type":"CommentAction","name":"Comment","target":["https:\/\/www.oficinaempleo.com\/blog\/educacion-pone-en-marcha-630-practicas-internacionales\/#respond"]}]},{"@type":"WebPage","@id":"https:\/\/www.oficinaempleo.com\/blog\/educacion-pone-en-marcha-630-practicas-internacionales\/","url":"https:\/\/www.oficinaempleo.com\/blog\/educacion-pone-en-marcha-630-practicas-internacionales\/","name":"Educaci\u00f3n pone en marcha 630 pr\u00e1cticas internacionales - Blog OficinaEmpleo","isPartOf":{"@id":"https:\/\/www.oficinaempleo.com\/blog\/#website"},"primaryImageOfPage":{"@id":"https:\/\/www.oficinaempleo.com\/blog\/educacion-pone-en-marcha-630-practicas-internacionales\/#primaryimage"},"image":{"@id":"https:\/\/www.oficinaempleo.com\/blog\/educacion-pone-en-marcha-630-practicas-internacionales\/#primaryimage"},"thumbnailUrl":"https:\/\/www.oficinaempleo.com\/blog\/wp-content\/uploads\/2014\/12\/pr\u00e1cticas-internacionales.jpg","datePublished":"2014-12-02T10:37:29+00:00","dateModified":"2014-12-02T10:48:06+00:00","breadcrumb":{"@id":"https:\/\/www.oficinaempleo.com\/blog\/educacion-pone-en-marcha-630-practicas-internacionales\/#breadcrumb"},"inLanguage":"es","potentialAction":[{"@type":"ReadAction","target":["https:\/\/www.oficinaempleo.com\/blog\/educacion-pone-en-marcha-630-practicas-internacionales\/"]}]},{"@type":"ImageObject","inLanguage":"es","@id":"https:\/\/www.oficinaempleo.com\/blog\/educacion-pone-en-marcha-630-practicas-internacionales\/#primaryimage","url":"https:\/\/www.oficinaempleo.com\/blog\/wp-content\/uploads\/2014\/12\/pr\u00e1cticas-internacionales.jpg","contentUrl":"https:\/\/www.oficinaempleo.com\/blog\/wp-content\/uploads\/2014\/12\/pr\u00e1cticas-internacionales.jpg","width":1200,"height":627},{"@type":"BreadcrumbList","@id":"https:\/\/www.oficinaempleo.com\/blog\/educacion-pone-en-marcha-630-practicas-internacionales\/#breadcrumb","itemListElement":[{"@type":"ListItem","position":1,"name":"Home","item":"https:\/\/www.oficinaempleo.com\/blog\/"},{"@type":"ListItem","position":2,"name":"Educaci\u00f3n pone en marcha 630 pr\u00e1cticas internacionales"}]},{"@type":"WebSite","@id":"https:\/\/www.oficinaempleo.com\/blog\/#website","url":"https:\/\/www.oficinaempleo.com\/blog\/","name":"Noticias y Consejos de Empleo | Blog OficinaEmpleo","description":"","publisher":{"@id":"https:\/\/www.oficinaempleo.com\/blog\/#organization"},"potentialAction":[{"@type":"SearchAction","target":{"@type":"EntryPoint","urlTemplate":"https:\/\/www.oficinaempleo.com\/blog\/?s={search_term_string}"},"query-input":{"@type":"PropertyValueSpecification","valueRequired":true,"valueName":"search_term_string"}}],"inLanguage":"es"},{"@type":"Organization","@id":"https:\/\/www.oficinaempleo.com\/blog\/#organization","name":"OficinaEmpleo","url":"https:\/\/www.oficinaempleo.com\/blog\/","logo":{"@type":"ImageObject","inLanguage":"es","@id":"https:\/\/www.oficinaempleo.com\/blog\/#\/schema\/logo\/image\/","url":"https:\/\/www.oficinaempleo.com\/blog\/wp-content\/uploads\/2018\/10\/logo_footer-1.jpg","contentUrl":"https:\/\/www.oficinaempleo.com\/blog\/wp-content\/uploads\/2018\/10\/logo_footer-1.jpg","width":478,"height":57,"caption":"OficinaEmpleo"},"image":{"@id":"https:\/\/www.oficinaempleo.com\/blog\/#\/schema\/logo\/image\/"},"sameAs":["https:\/\/x.com\/OficinaEmpleo"]},{"@type":"Person","@id":"https:\/\/www.oficinaempleo.com\/blog\/#\/schema\/person\/a7f3437f35bd6bd9ad19addae529a114","name":"OficinaEmpleo","image":{"@type":"ImageObject","inLanguage":"es","@id":"https:\/\/www.oficinaempleo.com\/blog\/#\/schema\/person\/image\/","url":"https:\/\/secure.gravatar.com\/avatar\/ea822afb14d7439ba3051d652cf8f548fe540f184ce16a2135fc22c9337bd72e?s=96&d=mm&r=g","contentUrl":"https:\/\/secure.gravatar.com\/avatar\/ea822afb14d7439ba3051d652cf8f548fe540f184ce16a2135fc22c9337bd72e?s=96&d=mm&r=g","caption":"OficinaEmpleo"},"description":"En OficinaEmpleo queremos ayudarte a conseguir trabajo. Por eso, adem\u00e1s de ofrecerte ofertas de empleo en nuestro portal, te ense\u00f1amos las novedades del sector, y consejos para mejorar tu perfil.","sameAs":["http:\/\/www.oficinaempleo.com\/","https:\/\/www.facebook.com\/OficinaEmpleo","https:\/\/x.com\/OficinaEmpleo"],"url":"https:\/\/www.oficinaempleo.com\/blog\/author\/empleo\/"}]}},"_links":{"self":[{"href":"https:\/\/www.oficinaempleo.com\/blog\/wp-json\/wp\/v2\/posts\/1948","targetHints":{"allow":["GET"]}}],"collection":[{"href":"https:\/\/www.oficinaempleo.com\/blog\/wp-json\/wp\/v2\/posts"}],"about":[{"href":"https:\/\/www.oficinaempleo.com\/blog\/wp-json\/wp\/v2\/types\/post"}],"author":[{"embeddable":true,"href":"https:\/\/www.oficinaempleo.com\/blog\/wp-json\/wp\/v2\/users\/2"}],"replies":[{"embeddable":true,"href":"https:\/\/www.oficinaempleo.com\/blog\/wp-json\/wp\/v2\/comments?post=1948"}],"version-history":[{"count":0,"href":"https:\/\/www.oficinaempleo.com\/blog\/wp-json\/wp\/v2\/posts\/1948\/revisions"}],"wp:featuredmedia":[{"embeddable":true,"href":"https:\/\/www.oficinaempleo.com\/blog\/wp-json\/wp\/v2\/media\/1951"}],"wp:attachment":[{"href":"https:\/\/www.oficinaempleo.com\/blog\/wp-json\/wp\/v2\/media?parent=1948"}],"wp:term":[{"taxonomy":"category","embeddable":true,"href":"https:\/\/www.oficinaempleo.com\/blog\/wp-json\/wp\/v2\/categories?post=1948"},{"taxonomy":"post_tag","embeddable":true,"href":"https:\/\/www.oficinaempleo.com\/blog\/wp-json\/wp\/v2\/tags?post=1948"}],"curies":[{"name":"wp","href":"https:\/\/api.w.org\/{rel}","templated":true}]}}