{"id":19670,"date":"2023-10-16T09:00:42","date_gmt":"2023-10-16T08:00:42","guid":{"rendered":"http:\/\/www.oficinaempleo.com\/blog\/?p=19670"},"modified":"2023-10-16T16:25:01","modified_gmt":"2023-10-16T15:25:01","slug":"5-virtudes-que-esperan-de-ti-segun-tu-curriculum","status":"publish","type":"post","link":"https:\/\/www.oficinaempleo.com\/blog\/5-virtudes-que-esperan-de-ti-segun-tu-curriculum\/","title":{"rendered":"5 virtudes que esperan de ti seg\u00fan tu curr\u00edculum"},"content":{"rendered":"<div class=\"su-button-center\"><a href=\"https:\/\/jobs.oficinaempleo.com\/registro?origen=ORG-web&#038;utm_source=OE&#038;utm_medium=boton_registro&#038;utm_content=homepage&#038;utm_campaign=organic\" class=\"su-button su-button-style-flat\" style=\"color:#FFFFFF;background-color:#ec7d0c;border-color:#bd640a;border-radius:10px\" target=\"__blank\"><span style=\"color:#FFFFFF;padding:8px 26px;font-size:20px;line-height:30px;border-color:#f2a455;border-radius:10px;text-shadow:none\"><i class=\"sui sui-arrow-circle-right\" style=\"font-size:20px;color:#FFFFFF\"><\/i> Reg\u00edstrate gratis en OficinaEmpleo<\/span><\/a><\/div>\n<p>&nbsp;<\/p>\n<p>Una cosa es maquillar el curr\u00edculum resaltando nuestras fortalezas y tapando nuestras debilidades y otra muy distinta (y negativa) es mentir en el curr\u00edculum. En otro art\u00edculo reciente del blog de OficinaEmpleo te cont\u00e1bamos <a href=\"http:\/\/www.oficinaempleo.com\/blog\/como-maquillar-cv-si-no-tienes-estudios\/\"><strong>c\u00f3mo maquillar tu\u00a0curr\u00edculum en caso de no tener estudios<\/strong><\/a>\u00a0(ni experiencia laboral), algo que podemos hacer para aumentar nuestras posibilidades de conseguir una entrevista de trabajo sin necesidad de mentir.<\/p>\n<div id=\"attachment_19675\" style=\"width: 600px\" class=\"wp-caption alignnone\"><img loading=\"lazy\" decoding=\"async\" aria-describedby=\"caption-attachment-19675\" class=\"size-full wp-image-19675\" src=\"http:\/\/www.oficinaempleo.com\/blog\/wp-content\/uploads\/2017\/06\/curriculum-virtudes.jpg\" alt=\"virtudes del curr\u00edculum\" width=\"590\" height=\"315\" srcset=\"https:\/\/www.oficinaempleo.com\/blog\/wp-content\/uploads\/2017\/06\/curriculum-virtudes.jpg 590w, https:\/\/www.oficinaempleo.com\/blog\/wp-content\/uploads\/2017\/06\/curriculum-virtudes-300x160.jpg 300w\" sizes=\"auto, (max-width: 590px) 100vw, 590px\" \/><p id=\"caption-attachment-19675\" class=\"wp-caption-text\">Un reclutador de personal, con el curr\u00edculum de una candidata (iStock)<\/p><\/div>\n<p>Debemos tener en cuenta que la persona que lee nuestro <a href=\"http:\/\/www.oficinaempleo.com\/blog\/5-cosas-puedes-este-verano-mejoraran-curriculum\/\"><strong>curr\u00edculum<\/strong><\/a> o consulta nuestro perfil profesional en <a href=\"https:\/\/www.linkedin.com\/\" target=\"_blank\" rel=\"noopener\"><strong>LinkedIn<\/strong><\/a> se forma una idea sobre nosotros que despu\u00e9s, si conseguimos el primer gran objetivo que es tener una entrevista de trabajo, no podemos defraudar. Y no s\u00f3lo eso, sino que debemos intentar ofrecer nuestra mejor versi\u00f3n para superar las expectativas que se haya formado sobre nosotros como candidatos a trabajar en la empresa. Y para eso debemos demostrar en la <strong>entrevista de trabajo<\/strong> o, al menos, transmitir la sensaci\u00f3n de que las <strong>virtudes del curr\u00edculum<\/strong> son reales. Por ejemplo, estas:<\/p>\n<h2>1. Experiencia<\/h2>\n<p>Uno de los aspectos que m\u00e1s valoran los reclutadores de personal o las personas encargadas de la contrataci\u00f3n de los empleados en una empresa es la experiencia laboral de los candidatos. La persona que nos haga la entrevista de trabajo, ya sea del departamento de <strong>Recursos Humanos<\/strong> de una empresa o el propio jefe para el que podr\u00edamos trabajar si nos contratan, espera de nosotros que ya hayamos hecho el mismo trabajo o hayamos cumplido unas funciones parecidas a las del puesto de trabajo en otros lugares.<\/p>\n<h2>2. Conocimientos\u00a0espec\u00edficos<\/h2>\n<p>Por suerte para quienes afrontan la b\u00fasqueda de su primer empleo o para quienes a\u00fan no cuentan con mucha experiencia profesional, los reclutadores de personal tambi\u00e9n se fijan en otras <strong>virtudes del curr\u00edculum<\/strong> que presentemos, como los conocimientos que tengamos relacionados con el puesto de trabajo. Un reclutador de personal, adem\u00e1s de la experiencia que podamos tener, valora ante todo que sepamos hacer el trabajo que necesitan.<\/p>\n<h2>3. Compromiso con el trabajo y con la empresa<\/h2>\n<p>Las empresas, por medio de sus jefes o de su departamento de Recursos Humanos, suelen buscar candidatos comprometidos con su trabajo y con la empresa para la que trabajan. Si en nuestro curr\u00edculum ven que hemos cambiado constantemente de trabajo y hemos permanecido poco tiempo en cada una de las empresas en las que hemos trabajado, puede que nos descarten incluso antes de tener una <strong>entrevista de trabajo<\/strong>. En cambio, si ven que en alguna de las empresas (no tiene por qu\u00e9 ser en todas) hemos permanecido un per\u00edodo de tiempo considerable, probablemente lo interpreten como una se\u00f1al de compromiso con el trabajo.<\/p>\n<h2>4. Valor a\u00f1adido como profesional<\/h2>\n<p>Si nos llaman para una entrevista de trabajo es muy probable que hayan visto virtudes en el curr\u00edculum que hemos enviado a la empresa -o que han consultado en <strong>LinkedIn<\/strong>&#8211; que no tengan otros candidatos. Por eso debemos destacar nuestro <strong>valor a\u00f1adido<\/strong> como profesionales tanto en nuestro curr\u00edculum como en la entrevista de trabajo porque esa puede ser la clave para que seamos los candidatos elegidos en un proceso de selecci\u00f3n y firmar un contrato de trabajo.<\/p>\n<h2>5. Otras virtudes del curr\u00edculum<\/h2>\n<p>En funci\u00f3n de la empresa, del tipo de trabajo y del perfil profesional demandado en las <a href=\"https:\/\/www.oficinaempleo.com\/\"><strong>ofertas de trabajo<\/strong><\/a>, los reclutadores de personal valorar\u00e1n m\u00e1s o menos otras <strong>virtudes del curr\u00edculum<\/strong> que tengamos, como el trabajo en equipo, el liderazgo, la disponibilidad para viajar, tener carnet de conducir y veh\u00edculo propio o la capacidad para trabajar bajo presi\u00f3n.<\/p>\n<div class=\"su-button-center\"><a href=\"https:\/\/jobs.oficinaempleo.com\/registro?origen=ORG-web&#038;utm_source=OE&#038;utm_medium=boton_registro&#038;utm_content=homepage&#038;utm_campaign=organic\" class=\"su-button su-button-style-flat\" style=\"color:#FFFFFF;background-color:#ec7d0c;border-color:#bd640a;border-radius:10px\" target=\"__blank\"><span style=\"color:#FFFFFF;padding:8px 26px;font-size:20px;line-height:30px;border-color:#f2a455;border-radius:10px;text-shadow:none\"><i class=\"sui sui-arrow-circle-right\" style=\"font-size:20px;color:#FFFFFF\"><\/i> Reg\u00edstrate gratis en OficinaEmpleo<\/span><\/a><\/div>\n","protected":false},"excerpt":{"rendered":"<p>\u00bfSabes que tu CV dice muchas cosas? \u00a1M\u00e1s de las que tu piensas! Mira qu\u00e9 se esperan de ti los entrevistadores \u00a1No te lo pierdas! <\/p>\n","protected":false},"author":2,"featured_media":19671,"comment_status":"open","ping_status":"open","sticky":false,"template":"","format":"standard","meta":{"footnotes":""},"categories":[12],"tags":[5233,34,236,826,5231,5232],"class_list":["post-19670","post","type-post","status-publish","format-standard","has-post-thumbnail","hentry","category-consejos-y-recursos","tag-como-hacer-un-curriculum","tag-entrevistas-de-trabajo","tag-linkedin","tag-seleccion-de-personal","tag-virtudes-cv","tag-virtudes-del-curriculum","cat-12-id","has_thumb"],"yoast_head":"<!-- This site is optimized with the Yoast SEO plugin v27.1.1 - https:\/\/yoast.com\/product\/yoast-seo-wordpress\/ -->\n<title>5 virtudes que esperan de ti seg\u00fan tu curr\u00edculum - Blog OficinaEmpleo<\/title>\n<meta name=\"description\" content=\"\u00bfSabes que tu CV dice muchas cosas? \u00a1M\u00e1s de las que tu piensas! Mira qu\u00e9 se esperan de ti los entrevistadores \u00a1No te lo pierdas!\" \/>\n<meta name=\"robots\" content=\"index, follow, max-snippet:-1, max-image-preview:large, max-video-preview:-1\" \/>\n<link rel=\"canonical\" href=\"https:\/\/www.oficinaempleo.com\/blog\/5-virtudes-que-esperan-de-ti-segun-tu-curriculum\/\" \/>\n<meta property=\"og:locale\" content=\"es_ES\" \/>\n<meta property=\"og:type\" content=\"article\" \/>\n<meta property=\"og:title\" content=\"5 virtudes que esperan de ti seg\u00fan tu curr\u00edculum - Blog OficinaEmpleo\" \/>\n<meta property=\"og:description\" content=\"\u00bfSabes que tu CV dice muchas cosas? \u00a1M\u00e1s de las que tu piensas! Mira qu\u00e9 se esperan de ti los entrevistadores \u00a1No te lo pierdas!\" \/>\n<meta property=\"og:url\" content=\"https:\/\/www.oficinaempleo.com\/blog\/5-virtudes-que-esperan-de-ti-segun-tu-curriculum\/\" \/>\n<meta property=\"og:site_name\" content=\"Noticias y consejos de empleo | Blog OficinaEmpleo\" \/>\n<meta property=\"article:author\" content=\"https:\/\/www.facebook.com\/OficinaEmpleo\" \/>\n<meta property=\"article:published_time\" content=\"2023-10-16T08:00:42+00:00\" \/>\n<meta property=\"article:modified_time\" content=\"2023-10-16T15:25:01+00:00\" \/>\n<meta property=\"og:image\" content=\"https:\/\/www.oficinaempleo.com\/blog\/wp-content\/uploads\/2017\/06\/curriculum-destacada.jpg\" \/>\n\t<meta property=\"og:image:width\" content=\"600\" \/>\n\t<meta property=\"og:image:height\" content=\"310\" \/>\n\t<meta property=\"og:image:type\" content=\"image\/jpeg\" \/>\n<meta name=\"author\" content=\"OficinaEmpleo\" \/>\n<meta name=\"twitter:card\" content=\"summary_large_image\" \/>\n<meta name=\"twitter:creator\" content=\"@OficinaEmpleo\" \/>\n<meta name=\"twitter:site\" content=\"@OficinaEmpleo\" \/>\n<meta name=\"twitter:label1\" content=\"Written by\" \/>\n\t<meta name=\"twitter:data1\" content=\"OficinaEmpleo\" \/>\n\t<meta name=\"twitter:label2\" content=\"Est. reading time\" \/>\n\t<meta name=\"twitter:data2\" content=\"4 minutos\" \/>\n<script type=\"application\/ld+json\" class=\"yoast-schema-graph\">{\"@context\":\"https:\/\/schema.org\",\"@graph\":[{\"@type\":\"Article\",\"@id\":\"https:\/\/www.oficinaempleo.com\/blog\/5-virtudes-que-esperan-de-ti-segun-tu-curriculum\/#article\",\"isPartOf\":{\"@id\":\"https:\/\/www.oficinaempleo.com\/blog\/5-virtudes-que-esperan-de-ti-segun-tu-curriculum\/\"},\"author\":{\"name\":\"OficinaEmpleo\",\"@id\":\"https:\/\/www.oficinaempleo.com\/blog\/#\/schema\/person\/a7f3437f35bd6bd9ad19addae529a114\"},\"headline\":\"5 virtudes que esperan de ti seg\u00fan tu curr\u00edculum\",\"datePublished\":\"2023-10-16T08:00:42+00:00\",\"dateModified\":\"2023-10-16T15:25:01+00:00\",\"mainEntityOfPage\":{\"@id\":\"https:\/\/www.oficinaempleo.com\/blog\/5-virtudes-que-esperan-de-ti-segun-tu-curriculum\/\"},\"wordCount\":734,\"commentCount\":0,\"publisher\":{\"@id\":\"https:\/\/www.oficinaempleo.com\/blog\/#organization\"},\"image\":{\"@id\":\"https:\/\/www.oficinaempleo.com\/blog\/5-virtudes-que-esperan-de-ti-segun-tu-curriculum\/#primaryimage\"},\"thumbnailUrl\":\"https:\/\/www.oficinaempleo.com\/blog\/wp-content\/uploads\/2017\/06\/curriculum-destacada.jpg\",\"keywords\":[\"c\u00f3mo hacer un curr\u00edculum\",\"entrevistas de trabajo\",\"LinkedIn\",\"selecci\u00f3n de personal\",\"virtudes cv\",\"virtudes del curriculum\"],\"articleSection\":[\"Consejos y Recursos\"],\"inLanguage\":\"es\",\"potentialAction\":[{\"@type\":\"CommentAction\",\"name\":\"Comment\",\"target\":[\"https:\/\/www.oficinaempleo.com\/blog\/5-virtudes-que-esperan-de-ti-segun-tu-curriculum\/#respond\"]}]},{\"@type\":\"WebPage\",\"@id\":\"https:\/\/www.oficinaempleo.com\/blog\/5-virtudes-que-esperan-de-ti-segun-tu-curriculum\/\",\"url\":\"https:\/\/www.oficinaempleo.com\/blog\/5-virtudes-que-esperan-de-ti-segun-tu-curriculum\/\",\"name\":\"5 virtudes que esperan de ti seg\u00fan tu curr\u00edculum - Blog OficinaEmpleo\",\"isPartOf\":{\"@id\":\"https:\/\/www.oficinaempleo.com\/blog\/#website\"},\"primaryImageOfPage\":{\"@id\":\"https:\/\/www.oficinaempleo.com\/blog\/5-virtudes-que-esperan-de-ti-segun-tu-curriculum\/#primaryimage\"},\"image\":{\"@id\":\"https:\/\/www.oficinaempleo.com\/blog\/5-virtudes-que-esperan-de-ti-segun-tu-curriculum\/#primaryimage\"},\"thumbnailUrl\":\"https:\/\/www.oficinaempleo.com\/blog\/wp-content\/uploads\/2017\/06\/curriculum-destacada.jpg\",\"datePublished\":\"2023-10-16T08:00:42+00:00\",\"dateModified\":\"2023-10-16T15:25:01+00:00\",\"description\":\"\u00bfSabes que tu CV dice muchas cosas? \u00a1M\u00e1s de las que tu piensas! Mira qu\u00e9 se esperan de ti los entrevistadores \u00a1No te lo pierdas!\",\"breadcrumb\":{\"@id\":\"https:\/\/www.oficinaempleo.com\/blog\/5-virtudes-que-esperan-de-ti-segun-tu-curriculum\/#breadcrumb\"},\"inLanguage\":\"es\",\"potentialAction\":[{\"@type\":\"ReadAction\",\"target\":[\"https:\/\/www.oficinaempleo.com\/blog\/5-virtudes-que-esperan-de-ti-segun-tu-curriculum\/\"]}]},{\"@type\":\"ImageObject\",\"inLanguage\":\"es\",\"@id\":\"https:\/\/www.oficinaempleo.com\/blog\/5-virtudes-que-esperan-de-ti-segun-tu-curriculum\/#primaryimage\",\"url\":\"https:\/\/www.oficinaempleo.com\/blog\/wp-content\/uploads\/2017\/06\/curriculum-destacada.jpg\",\"contentUrl\":\"https:\/\/www.oficinaempleo.com\/blog\/wp-content\/uploads\/2017\/06\/curriculum-destacada.jpg\",\"width\":600,\"height\":310,\"caption\":\"virtudes cv\"},{\"@type\":\"BreadcrumbList\",\"@id\":\"https:\/\/www.oficinaempleo.com\/blog\/5-virtudes-que-esperan-de-ti-segun-tu-curriculum\/#breadcrumb\",\"itemListElement\":[{\"@type\":\"ListItem\",\"position\":1,\"name\":\"Home\",\"item\":\"https:\/\/www.oficinaempleo.com\/blog\/\"},{\"@type\":\"ListItem\",\"position\":2,\"name\":\"5 virtudes que esperan de ti seg\u00fan tu curr\u00edculum\"}]},{\"@type\":\"WebSite\",\"@id\":\"https:\/\/www.oficinaempleo.com\/blog\/#website\",\"url\":\"https:\/\/www.oficinaempleo.com\/blog\/\",\"name\":\"Noticias y Consejos de Empleo | Blog OficinaEmpleo\",\"description\":\"\",\"publisher\":{\"@id\":\"https:\/\/www.oficinaempleo.com\/blog\/#organization\"},\"potentialAction\":[{\"@type\":\"SearchAction\",\"target\":{\"@type\":\"EntryPoint\",\"urlTemplate\":\"https:\/\/www.oficinaempleo.com\/blog\/?s={search_term_string}\"},\"query-input\":{\"@type\":\"PropertyValueSpecification\",\"valueRequired\":true,\"valueName\":\"search_term_string\"}}],\"inLanguage\":\"es\"},{\"@type\":\"Organization\",\"@id\":\"https:\/\/www.oficinaempleo.com\/blog\/#organization\",\"name\":\"OficinaEmpleo\",\"url\":\"https:\/\/www.oficinaempleo.com\/blog\/\",\"logo\":{\"@type\":\"ImageObject\",\"inLanguage\":\"es\",\"@id\":\"https:\/\/www.oficinaempleo.com\/blog\/#\/schema\/logo\/image\/\",\"url\":\"https:\/\/www.oficinaempleo.com\/blog\/wp-content\/uploads\/2018\/10\/logo_footer-1.jpg\",\"contentUrl\":\"https:\/\/www.oficinaempleo.com\/blog\/wp-content\/uploads\/2018\/10\/logo_footer-1.jpg\",\"width\":478,\"height\":57,\"caption\":\"OficinaEmpleo\"},\"image\":{\"@id\":\"https:\/\/www.oficinaempleo.com\/blog\/#\/schema\/logo\/image\/\"},\"sameAs\":[\"https:\/\/x.com\/OficinaEmpleo\"]},{\"@type\":\"Person\",\"@id\":\"https:\/\/www.oficinaempleo.com\/blog\/#\/schema\/person\/a7f3437f35bd6bd9ad19addae529a114\",\"name\":\"OficinaEmpleo\",\"image\":{\"@type\":\"ImageObject\",\"inLanguage\":\"es\",\"@id\":\"https:\/\/www.oficinaempleo.com\/blog\/#\/schema\/person\/image\/\",\"url\":\"https:\/\/secure.gravatar.com\/avatar\/ea822afb14d7439ba3051d652cf8f548fe540f184ce16a2135fc22c9337bd72e?s=96&d=mm&r=g\",\"contentUrl\":\"https:\/\/secure.gravatar.com\/avatar\/ea822afb14d7439ba3051d652cf8f548fe540f184ce16a2135fc22c9337bd72e?s=96&d=mm&r=g\",\"caption\":\"OficinaEmpleo\"},\"description\":\"En OficinaEmpleo queremos ayudarte a conseguir trabajo. Por eso, adem\u00e1s de ofrecerte ofertas de empleo en nuestro portal, te ense\u00f1amos las novedades del sector, y consejos para mejorar tu perfil.\",\"sameAs\":[\"http:\/\/www.oficinaempleo.com\/\",\"https:\/\/www.facebook.com\/OficinaEmpleo\",\"https:\/\/x.com\/OficinaEmpleo\"],\"url\":\"https:\/\/www.oficinaempleo.com\/blog\/author\/empleo\/\"}]}<\/script>\n<!-- \/ Yoast SEO plugin. -->","yoast_head_json":{"title":"5 virtudes que esperan de ti seg\u00fan tu curr\u00edculum - Blog OficinaEmpleo","description":"\u00bfSabes que tu CV dice muchas cosas? \u00a1M\u00e1s de las que tu piensas! Mira qu\u00e9 se esperan de ti los entrevistadores \u00a1No te lo pierdas!","robots":{"index":"index","follow":"follow","max-snippet":"max-snippet:-1","max-image-preview":"max-image-preview:large","max-video-preview":"max-video-preview:-1"},"canonical":"https:\/\/www.oficinaempleo.com\/blog\/5-virtudes-que-esperan-de-ti-segun-tu-curriculum\/","og_locale":"es_ES","og_type":"article","og_title":"5 virtudes que esperan de ti seg\u00fan tu curr\u00edculum - Blog OficinaEmpleo","og_description":"\u00bfSabes que tu CV dice muchas cosas? \u00a1M\u00e1s de las que tu piensas! Mira qu\u00e9 se esperan de ti los entrevistadores \u00a1No te lo pierdas!","og_url":"https:\/\/www.oficinaempleo.com\/blog\/5-virtudes-que-esperan-de-ti-segun-tu-curriculum\/","og_site_name":"Noticias y consejos de empleo | Blog OficinaEmpleo","article_author":"https:\/\/www.facebook.com\/OficinaEmpleo","article_published_time":"2023-10-16T08:00:42+00:00","article_modified_time":"2023-10-16T15:25:01+00:00","og_image":[{"width":600,"height":310,"url":"https:\/\/www.oficinaempleo.com\/blog\/wp-content\/uploads\/2017\/06\/curriculum-destacada.jpg","type":"image\/jpeg"}],"author":"OficinaEmpleo","twitter_card":"summary_large_image","twitter_creator":"@OficinaEmpleo","twitter_site":"@OficinaEmpleo","twitter_misc":{"Written by":"OficinaEmpleo","Est. reading time":"4 minutos"},"schema":{"@context":"https:\/\/schema.org","@graph":[{"@type":"Article","@id":"https:\/\/www.oficinaempleo.com\/blog\/5-virtudes-que-esperan-de-ti-segun-tu-curriculum\/#article","isPartOf":{"@id":"https:\/\/www.oficinaempleo.com\/blog\/5-virtudes-que-esperan-de-ti-segun-tu-curriculum\/"},"author":{"name":"OficinaEmpleo","@id":"https:\/\/www.oficinaempleo.com\/blog\/#\/schema\/person\/a7f3437f35bd6bd9ad19addae529a114"},"headline":"5 virtudes que esperan de ti seg\u00fan tu curr\u00edculum","datePublished":"2023-10-16T08:00:42+00:00","dateModified":"2023-10-16T15:25:01+00:00","mainEntityOfPage":{"@id":"https:\/\/www.oficinaempleo.com\/blog\/5-virtudes-que-esperan-de-ti-segun-tu-curriculum\/"},"wordCount":734,"commentCount":0,"publisher":{"@id":"https:\/\/www.oficinaempleo.com\/blog\/#organization"},"image":{"@id":"https:\/\/www.oficinaempleo.com\/blog\/5-virtudes-que-esperan-de-ti-segun-tu-curriculum\/#primaryimage"},"thumbnailUrl":"https:\/\/www.oficinaempleo.com\/blog\/wp-content\/uploads\/2017\/06\/curriculum-destacada.jpg","keywords":["c\u00f3mo hacer un curr\u00edculum","entrevistas de trabajo","LinkedIn","selecci\u00f3n de personal","virtudes cv","virtudes del curriculum"],"articleSection":["Consejos y Recursos"],"inLanguage":"es","potentialAction":[{"@type":"CommentAction","name":"Comment","target":["https:\/\/www.oficinaempleo.com\/blog\/5-virtudes-que-esperan-de-ti-segun-tu-curriculum\/#respond"]}]},{"@type":"WebPage","@id":"https:\/\/www.oficinaempleo.com\/blog\/5-virtudes-que-esperan-de-ti-segun-tu-curriculum\/","url":"https:\/\/www.oficinaempleo.com\/blog\/5-virtudes-que-esperan-de-ti-segun-tu-curriculum\/","name":"5 virtudes que esperan de ti seg\u00fan tu curr\u00edculum - Blog OficinaEmpleo","isPartOf":{"@id":"https:\/\/www.oficinaempleo.com\/blog\/#website"},"primaryImageOfPage":{"@id":"https:\/\/www.oficinaempleo.com\/blog\/5-virtudes-que-esperan-de-ti-segun-tu-curriculum\/#primaryimage"},"image":{"@id":"https:\/\/www.oficinaempleo.com\/blog\/5-virtudes-que-esperan-de-ti-segun-tu-curriculum\/#primaryimage"},"thumbnailUrl":"https:\/\/www.oficinaempleo.com\/blog\/wp-content\/uploads\/2017\/06\/curriculum-destacada.jpg","datePublished":"2023-10-16T08:00:42+00:00","dateModified":"2023-10-16T15:25:01+00:00","description":"\u00bfSabes que tu CV dice muchas cosas? \u00a1M\u00e1s de las que tu piensas! Mira qu\u00e9 se esperan de ti los entrevistadores \u00a1No te lo pierdas!","breadcrumb":{"@id":"https:\/\/www.oficinaempleo.com\/blog\/5-virtudes-que-esperan-de-ti-segun-tu-curriculum\/#breadcrumb"},"inLanguage":"es","potentialAction":[{"@type":"ReadAction","target":["https:\/\/www.oficinaempleo.com\/blog\/5-virtudes-que-esperan-de-ti-segun-tu-curriculum\/"]}]},{"@type":"ImageObject","inLanguage":"es","@id":"https:\/\/www.oficinaempleo.com\/blog\/5-virtudes-que-esperan-de-ti-segun-tu-curriculum\/#primaryimage","url":"https:\/\/www.oficinaempleo.com\/blog\/wp-content\/uploads\/2017\/06\/curriculum-destacada.jpg","contentUrl":"https:\/\/www.oficinaempleo.com\/blog\/wp-content\/uploads\/2017\/06\/curriculum-destacada.jpg","width":600,"height":310,"caption":"virtudes cv"},{"@type":"BreadcrumbList","@id":"https:\/\/www.oficinaempleo.com\/blog\/5-virtudes-que-esperan-de-ti-segun-tu-curriculum\/#breadcrumb","itemListElement":[{"@type":"ListItem","position":1,"name":"Home","item":"https:\/\/www.oficinaempleo.com\/blog\/"},{"@type":"ListItem","position":2,"name":"5 virtudes que esperan de ti seg\u00fan tu curr\u00edculum"}]},{"@type":"WebSite","@id":"https:\/\/www.oficinaempleo.com\/blog\/#website","url":"https:\/\/www.oficinaempleo.com\/blog\/","name":"Noticias y Consejos de Empleo | Blog OficinaEmpleo","description":"","publisher":{"@id":"https:\/\/www.oficinaempleo.com\/blog\/#organization"},"potentialAction":[{"@type":"SearchAction","target":{"@type":"EntryPoint","urlTemplate":"https:\/\/www.oficinaempleo.com\/blog\/?s={search_term_string}"},"query-input":{"@type":"PropertyValueSpecification","valueRequired":true,"valueName":"search_term_string"}}],"inLanguage":"es"},{"@type":"Organization","@id":"https:\/\/www.oficinaempleo.com\/blog\/#organization","name":"OficinaEmpleo","url":"https:\/\/www.oficinaempleo.com\/blog\/","logo":{"@type":"ImageObject","inLanguage":"es","@id":"https:\/\/www.oficinaempleo.com\/blog\/#\/schema\/logo\/image\/","url":"https:\/\/www.oficinaempleo.com\/blog\/wp-content\/uploads\/2018\/10\/logo_footer-1.jpg","contentUrl":"https:\/\/www.oficinaempleo.com\/blog\/wp-content\/uploads\/2018\/10\/logo_footer-1.jpg","width":478,"height":57,"caption":"OficinaEmpleo"},"image":{"@id":"https:\/\/www.oficinaempleo.com\/blog\/#\/schema\/logo\/image\/"},"sameAs":["https:\/\/x.com\/OficinaEmpleo"]},{"@type":"Person","@id":"https:\/\/www.oficinaempleo.com\/blog\/#\/schema\/person\/a7f3437f35bd6bd9ad19addae529a114","name":"OficinaEmpleo","image":{"@type":"ImageObject","inLanguage":"es","@id":"https:\/\/www.oficinaempleo.com\/blog\/#\/schema\/person\/image\/","url":"https:\/\/secure.gravatar.com\/avatar\/ea822afb14d7439ba3051d652cf8f548fe540f184ce16a2135fc22c9337bd72e?s=96&d=mm&r=g","contentUrl":"https:\/\/secure.gravatar.com\/avatar\/ea822afb14d7439ba3051d652cf8f548fe540f184ce16a2135fc22c9337bd72e?s=96&d=mm&r=g","caption":"OficinaEmpleo"},"description":"En OficinaEmpleo queremos ayudarte a conseguir trabajo. Por eso, adem\u00e1s de ofrecerte ofertas de empleo en nuestro portal, te ense\u00f1amos las novedades del sector, y consejos para mejorar tu perfil.","sameAs":["http:\/\/www.oficinaempleo.com\/","https:\/\/www.facebook.com\/OficinaEmpleo","https:\/\/x.com\/OficinaEmpleo"],"url":"https:\/\/www.oficinaempleo.com\/blog\/author\/empleo\/"}]}},"_links":{"self":[{"href":"https:\/\/www.oficinaempleo.com\/blog\/wp-json\/wp\/v2\/posts\/19670","targetHints":{"allow":["GET"]}}],"collection":[{"href":"https:\/\/www.oficinaempleo.com\/blog\/wp-json\/wp\/v2\/posts"}],"about":[{"href":"https:\/\/www.oficinaempleo.com\/blog\/wp-json\/wp\/v2\/types\/post"}],"author":[{"embeddable":true,"href":"https:\/\/www.oficinaempleo.com\/blog\/wp-json\/wp\/v2\/users\/2"}],"replies":[{"embeddable":true,"href":"https:\/\/www.oficinaempleo.com\/blog\/wp-json\/wp\/v2\/comments?post=19670"}],"version-history":[{"count":2,"href":"https:\/\/www.oficinaempleo.com\/blog\/wp-json\/wp\/v2\/posts\/19670\/revisions"}],"predecessor-version":[{"id":33210,"href":"https:\/\/www.oficinaempleo.com\/blog\/wp-json\/wp\/v2\/posts\/19670\/revisions\/33210"}],"wp:featuredmedia":[{"embeddable":true,"href":"https:\/\/www.oficinaempleo.com\/blog\/wp-json\/wp\/v2\/media\/19671"}],"wp:attachment":[{"href":"https:\/\/www.oficinaempleo.com\/blog\/wp-json\/wp\/v2\/media?parent=19670"}],"wp:term":[{"taxonomy":"category","embeddable":true,"href":"https:\/\/www.oficinaempleo.com\/blog\/wp-json\/wp\/v2\/categories?post=19670"},{"taxonomy":"post_tag","embeddable":true,"href":"https:\/\/www.oficinaempleo.com\/blog\/wp-json\/wp\/v2\/tags?post=19670"}],"curies":[{"name":"wp","href":"https:\/\/api.w.org\/{rel}","templated":true}]}}