{"id":19732,"date":"2017-06-05T16:28:42","date_gmt":"2017-06-05T15:28:42","guid":{"rendered":"http:\/\/www.oficinaempleo.com\/blog\/?p=19732"},"modified":"2017-06-05T16:28:42","modified_gmt":"2017-06-05T15:28:42","slug":"curso-carretillas-elevadoras-debo-cuenta","status":"publish","type":"post","link":"https:\/\/www.oficinaempleo.com\/blog\/curso-carretillas-elevadoras-debo-cuenta\/","title":{"rendered":"Curso de carretillas elevadoras, \u00bfqu\u00e9 debo tener en cuenta?"},"content":{"rendered":"<div class=\"su-button-center\"><a href=\"https:\/\/jobs.oficinaempleo.com\/registro?origen=ORG-web&#038;utm_source=OE&#038;utm_medium=boton_registro&#038;utm_content=homepage&#038;utm_campaign=organic\" class=\"su-button su-button-style-flat\" style=\"color:#FFFFFF;background-color:#ec7d0c;border-color:#bd640a;border-radius:10px\" target=\"__blank\"><span style=\"color:#FFFFFF;padding:8px 26px;font-size:20px;line-height:30px;border-color:#f2a455;border-radius:10px;text-shadow:none\"><i class=\"sui sui-arrow-circle-right\" style=\"font-size:20px;color:#FFFFFF\"><\/i> Reg\u00edstrate gratis en OficinaEmpleo<\/span><\/a><\/div>\n<p>&nbsp;<\/p>\n<p>Hay <a href=\"http:\/\/www.oficinaempleo.com\/blog\/5-cursos-los-encontraras-trabajo-probablemente\/\"><strong>cursos de formaci\u00f3n<\/strong><\/a> que est\u00e1n especialmente dirigidos a encontrar un empleo de forma m\u00e1s directa que otros. Es el caso de quienes se matriculan a un <strong>curso de carretillas elevadoras<\/strong> con el objetivo de trabajar como operario o conductor de carretillas elevadoras en un almac\u00e9n o <a href=\"http:\/\/www.oficinaempleo.com\/blog\/como-es-el-perfil-de-un-responsable-de-logistica\/\"><strong>empresa de log\u00edstica<\/strong><\/a>.<\/p>\n<div id=\"attachment_19734\" style=\"width: 600px\" class=\"wp-caption alignnone\"><img loading=\"lazy\" decoding=\"async\" aria-describedby=\"caption-attachment-19734\" class=\"size-full wp-image-19734\" src=\"http:\/\/www.oficinaempleo.com\/blog\/wp-content\/uploads\/2017\/06\/cursos-carretillero.jpg\" alt=\"Curso de carretillas elevadoras \" width=\"590\" height=\"315\" srcset=\"https:\/\/www.oficinaempleo.com\/blog\/wp-content\/uploads\/2017\/06\/cursos-carretillero.jpg 590w, https:\/\/www.oficinaempleo.com\/blog\/wp-content\/uploads\/2017\/06\/cursos-carretillero-300x160.jpg 300w\" sizes=\"auto, (max-width: 590px) 100vw, 590px\" \/><p id=\"caption-attachment-19734\" class=\"wp-caption-text\">Los cursos de carretillas elevadoras suelen tener una duraci\u00f3n muy corta (iStock)<\/p><\/div>\n<p>Para trabajar con garant\u00edas en este \u00e1mbito profesional es necesario hacer un curso de carretillas elevadoras que imparta una formaci\u00f3n te\u00f3rica y pr\u00e1ctica de calidad. En la parte te\u00f3rica del <strong>curso de carretillas elevadoras<\/strong> se explican las caracter\u00edsticas t\u00e9cnicas de una carretilla elevadora y las medidas necesarias relacionadas con la prevenci\u00f3n de riesgos y accidentes laborales. Junto a esa formaci\u00f3n te\u00f3rica hay una parte dedicada a la realizaci\u00f3n de pr\u00e1cticas con una carretilla elevadora para aprender el manejo del veh\u00edculo y de las cargas.<\/p>\n<p>Para elegir el <strong>curso de carretillas elevadoras<\/strong> m\u00e1s conveniente debemos tener en cuenta factores como la calidad de la formaci\u00f3n, el centro que lo imparte, el precio del curso, la disponibilidad de plazas, la conveniencia de las fechas y la localizaci\u00f3n del centro de formaci\u00f3n. Lo bueno de hacer un curso de carretillas elevadoras, adem\u00e1s de la posibilidad de encontrar un empleo, es que la duraci\u00f3n de los cursos es corta -es habitual que los cursos de carretillero duren un solo d\u00eda (8 horas)- y que el precio de los cursos es asequible.<\/p>\n<p>Un buen curso de carretillas elevadoras debe trabajar con carretillas elevadoras frontales, laterales\u00a0 o retr\u00e1ctiles, transpaletas el\u00e9ctricas, apiladores el\u00e9ctricos y recogepedidos. Adem\u00e1s, una vez superado el curso de carretillas elevadoras, el alumno debe recibir un certificado que acredite su capacitaci\u00f3n para trabajar como conductor de carretillas elevadoras. Hay\u00a0<a href=\"http:\/\/www.galaformacion.com\/carretillas-elevadoras.php\"><strong>autoescuelas<\/strong><\/a> que imparten cursos de carretillas elevadoras, adem\u00e1s de <a href=\"http:\/\/www.emagister.com\/carnet-carretillero-frontal-retractil-apiladora-traspale-electrico-cursos-3153859.htm\"><strong>centros de formaci\u00f3n especializados<\/strong><\/a>. \u00a1S\u00f3lo se trata de elegir el curso que prefieras, formarte y a\u00f1adir la formaci\u00f3n a tu curr\u00edculum!<\/p>\n<div class=\"su-button-center\"><a href=\"https:\/\/jobs.oficinaempleo.com\/registro?origen=ORG-web&#038;utm_source=OE&#038;utm_medium=boton_registro&#038;utm_content=homepage&#038;utm_campaign=organic\" class=\"su-button su-button-style-flat\" style=\"color:#FFFFFF;background-color:#ec7d0c;border-color:#bd640a;border-radius:10px\" target=\"__blank\"><span style=\"color:#FFFFFF;padding:8px 26px;font-size:20px;line-height:30px;border-color:#f2a455;border-radius:10px;text-shadow:none\"><i class=\"sui sui-arrow-circle-right\" style=\"font-size:20px;color:#FFFFFF\"><\/i> Reg\u00edstrate gratis en OficinaEmpleo<\/span><\/a><\/div>\n","protected":false},"excerpt":{"rendered":"<p>\u00bfEn qu\u00e9 te tienes fijar a la hora de elegir un curso de carretillas elevadoras?<\/p>\n","protected":false},"author":2,"featured_media":19735,"comment_status":"open","ping_status":"open","sticky":false,"template":"","format":"standard","meta":{"footnotes":""},"categories":[691,508,1756,17,11,1113],"tags":[5245,5247,387,5249,5246,5248],"class_list":["post-19732","post","type-post","status-publish","format-standard","has-post-thumbnail","hentry","category-actualidad-empleo","category-estudios-y-formacion","category-motivacion","category-profesiones","category-recursos-humanos","category-supermercados","tag-curso-de-carretillas-elevadoras","tag-cursos-carretillas","tag-cursos-de-formacion","tag-cursos-de-logistica","tag-trabajar-como-carretillero","tag-trabajar-en-almacen","cat-691-id","cat-508-id","cat-1756-id","cat-17-id","cat-11-id","cat-1113-id","has_thumb"],"yoast_head":"<!-- This site is optimized with the Yoast SEO plugin v27.1.1 - https:\/\/yoast.com\/product\/yoast-seo-wordpress\/ -->\n<title>Curso de carretillas elevadoras, \u00bfqu\u00e9 debo tener en cuenta? - Blog OficinaEmpleo<\/title>\n<meta name=\"description\" content=\"Hacer un curso de carretillas elevadoras tiene muchas ventajas. \u00bfQuieres descubrirlas y saber en qu\u00e9 te tienes fijar a la hora de elegir un curso?\" \/>\n<meta name=\"robots\" content=\"index, follow, max-snippet:-1, max-image-preview:large, max-video-preview:-1\" \/>\n<link rel=\"canonical\" href=\"https:\/\/www.oficinaempleo.com\/blog\/curso-carretillas-elevadoras-debo-cuenta\/\" \/>\n<meta property=\"og:locale\" content=\"es_ES\" \/>\n<meta property=\"og:type\" content=\"article\" \/>\n<meta property=\"og:title\" content=\"Curso de carretillas elevadoras, \u00bfqu\u00e9 debo tener en cuenta? - Blog OficinaEmpleo\" \/>\n<meta property=\"og:description\" content=\"Hacer un curso de carretillas elevadoras tiene muchas ventajas. \u00bfQuieres descubrirlas y saber en qu\u00e9 te tienes fijar a la hora de elegir un curso?\" \/>\n<meta property=\"og:url\" content=\"https:\/\/www.oficinaempleo.com\/blog\/curso-carretillas-elevadoras-debo-cuenta\/\" \/>\n<meta property=\"og:site_name\" content=\"Noticias y consejos de empleo | Blog OficinaEmpleo\" \/>\n<meta property=\"article:author\" content=\"https:\/\/www.facebook.com\/OficinaEmpleo\" \/>\n<meta property=\"article:published_time\" content=\"2017-06-05T15:28:42+00:00\" \/>\n<meta property=\"og:image\" content=\"https:\/\/www.oficinaempleo.com\/blog\/wp-content\/uploads\/2017\/06\/cursos-destacada.jpg\" \/>\n\t<meta property=\"og:image:width\" content=\"600\" \/>\n\t<meta property=\"og:image:height\" content=\"310\" \/>\n\t<meta property=\"og:image:type\" content=\"image\/jpeg\" \/>\n<meta name=\"author\" content=\"OficinaEmpleo\" \/>\n<meta name=\"twitter:card\" content=\"summary_large_image\" \/>\n<meta name=\"twitter:creator\" content=\"@OficinaEmpleo\" \/>\n<meta name=\"twitter:site\" content=\"@OficinaEmpleo\" \/>\n<meta name=\"twitter:label1\" content=\"Written by\" \/>\n\t<meta name=\"twitter:data1\" content=\"OficinaEmpleo\" \/>\n\t<meta name=\"twitter:label2\" content=\"Est. reading time\" \/>\n\t<meta name=\"twitter:data2\" content=\"2 minutos\" \/>\n<script type=\"application\/ld+json\" class=\"yoast-schema-graph\">{\"@context\":\"https:\/\/schema.org\",\"@graph\":[{\"@type\":\"Article\",\"@id\":\"https:\/\/www.oficinaempleo.com\/blog\/curso-carretillas-elevadoras-debo-cuenta\/#article\",\"isPartOf\":{\"@id\":\"https:\/\/www.oficinaempleo.com\/blog\/curso-carretillas-elevadoras-debo-cuenta\/\"},\"author\":{\"name\":\"OficinaEmpleo\",\"@id\":\"https:\/\/www.oficinaempleo.com\/blog\/#\/schema\/person\/a7f3437f35bd6bd9ad19addae529a114\"},\"headline\":\"Curso de carretillas elevadoras, \u00bfqu\u00e9 debo tener en cuenta?\",\"datePublished\":\"2017-06-05T15:28:42+00:00\",\"mainEntityOfPage\":{\"@id\":\"https:\/\/www.oficinaempleo.com\/blog\/curso-carretillas-elevadoras-debo-cuenta\/\"},\"wordCount\":465,\"commentCount\":0,\"publisher\":{\"@id\":\"https:\/\/www.oficinaempleo.com\/blog\/#organization\"},\"image\":{\"@id\":\"https:\/\/www.oficinaempleo.com\/blog\/curso-carretillas-elevadoras-debo-cuenta\/#primaryimage\"},\"thumbnailUrl\":\"https:\/\/www.oficinaempleo.com\/blog\/wp-content\/uploads\/2017\/06\/cursos-destacada.jpg\",\"keywords\":[\"curso de carretillas elevadoras\",\"cursos carretillas\",\"cursos de formacion\",\"cursos de log\u00edstica\",\"trabajar como carretillero\",\"trabajar en almacen\"],\"articleSection\":[\"Actualidad\",\"Estudios y Formaci\u00f3n\",\"Motivaci\u00f3n\",\"Profesiones\",\"Recursos humanos\",\"supermercados\"],\"inLanguage\":\"es\",\"potentialAction\":[{\"@type\":\"CommentAction\",\"name\":\"Comment\",\"target\":[\"https:\/\/www.oficinaempleo.com\/blog\/curso-carretillas-elevadoras-debo-cuenta\/#respond\"]}]},{\"@type\":\"WebPage\",\"@id\":\"https:\/\/www.oficinaempleo.com\/blog\/curso-carretillas-elevadoras-debo-cuenta\/\",\"url\":\"https:\/\/www.oficinaempleo.com\/blog\/curso-carretillas-elevadoras-debo-cuenta\/\",\"name\":\"Curso de carretillas elevadoras, \u00bfqu\u00e9 debo tener en cuenta? - Blog OficinaEmpleo\",\"isPartOf\":{\"@id\":\"https:\/\/www.oficinaempleo.com\/blog\/#website\"},\"primaryImageOfPage\":{\"@id\":\"https:\/\/www.oficinaempleo.com\/blog\/curso-carretillas-elevadoras-debo-cuenta\/#primaryimage\"},\"image\":{\"@id\":\"https:\/\/www.oficinaempleo.com\/blog\/curso-carretillas-elevadoras-debo-cuenta\/#primaryimage\"},\"thumbnailUrl\":\"https:\/\/www.oficinaempleo.com\/blog\/wp-content\/uploads\/2017\/06\/cursos-destacada.jpg\",\"datePublished\":\"2017-06-05T15:28:42+00:00\",\"description\":\"Hacer un curso de carretillas elevadoras tiene muchas ventajas. \u00bfQuieres descubrirlas y saber en qu\u00e9 te tienes fijar a la hora de elegir un curso?\",\"breadcrumb\":{\"@id\":\"https:\/\/www.oficinaempleo.com\/blog\/curso-carretillas-elevadoras-debo-cuenta\/#breadcrumb\"},\"inLanguage\":\"es\",\"potentialAction\":[{\"@type\":\"ReadAction\",\"target\":[\"https:\/\/www.oficinaempleo.com\/blog\/curso-carretillas-elevadoras-debo-cuenta\/\"]}]},{\"@type\":\"ImageObject\",\"inLanguage\":\"es\",\"@id\":\"https:\/\/www.oficinaempleo.com\/blog\/curso-carretillas-elevadoras-debo-cuenta\/#primaryimage\",\"url\":\"https:\/\/www.oficinaempleo.com\/blog\/wp-content\/uploads\/2017\/06\/cursos-destacada.jpg\",\"contentUrl\":\"https:\/\/www.oficinaempleo.com\/blog\/wp-content\/uploads\/2017\/06\/cursos-destacada.jpg\",\"width\":600,\"height\":310},{\"@type\":\"BreadcrumbList\",\"@id\":\"https:\/\/www.oficinaempleo.com\/blog\/curso-carretillas-elevadoras-debo-cuenta\/#breadcrumb\",\"itemListElement\":[{\"@type\":\"ListItem\",\"position\":1,\"name\":\"Home\",\"item\":\"https:\/\/www.oficinaempleo.com\/blog\/\"},{\"@type\":\"ListItem\",\"position\":2,\"name\":\"Curso de carretillas elevadoras, \u00bfqu\u00e9 debo tener en cuenta?\"}]},{\"@type\":\"WebSite\",\"@id\":\"https:\/\/www.oficinaempleo.com\/blog\/#website\",\"url\":\"https:\/\/www.oficinaempleo.com\/blog\/\",\"name\":\"Noticias y Consejos de Empleo | Blog OficinaEmpleo\",\"description\":\"\",\"publisher\":{\"@id\":\"https:\/\/www.oficinaempleo.com\/blog\/#organization\"},\"potentialAction\":[{\"@type\":\"SearchAction\",\"target\":{\"@type\":\"EntryPoint\",\"urlTemplate\":\"https:\/\/www.oficinaempleo.com\/blog\/?s={search_term_string}\"},\"query-input\":{\"@type\":\"PropertyValueSpecification\",\"valueRequired\":true,\"valueName\":\"search_term_string\"}}],\"inLanguage\":\"es\"},{\"@type\":\"Organization\",\"@id\":\"https:\/\/www.oficinaempleo.com\/blog\/#organization\",\"name\":\"OficinaEmpleo\",\"url\":\"https:\/\/www.oficinaempleo.com\/blog\/\",\"logo\":{\"@type\":\"ImageObject\",\"inLanguage\":\"es\",\"@id\":\"https:\/\/www.oficinaempleo.com\/blog\/#\/schema\/logo\/image\/\",\"url\":\"https:\/\/www.oficinaempleo.com\/blog\/wp-content\/uploads\/2018\/10\/logo_footer-1.jpg\",\"contentUrl\":\"https:\/\/www.oficinaempleo.com\/blog\/wp-content\/uploads\/2018\/10\/logo_footer-1.jpg\",\"width\":478,\"height\":57,\"caption\":\"OficinaEmpleo\"},\"image\":{\"@id\":\"https:\/\/www.oficinaempleo.com\/blog\/#\/schema\/logo\/image\/\"},\"sameAs\":[\"https:\/\/x.com\/OficinaEmpleo\"]},{\"@type\":\"Person\",\"@id\":\"https:\/\/www.oficinaempleo.com\/blog\/#\/schema\/person\/a7f3437f35bd6bd9ad19addae529a114\",\"name\":\"OficinaEmpleo\",\"image\":{\"@type\":\"ImageObject\",\"inLanguage\":\"es\",\"@id\":\"https:\/\/www.oficinaempleo.com\/blog\/#\/schema\/person\/image\/\",\"url\":\"https:\/\/secure.gravatar.com\/avatar\/ea822afb14d7439ba3051d652cf8f548fe540f184ce16a2135fc22c9337bd72e?s=96&d=mm&r=g\",\"contentUrl\":\"https:\/\/secure.gravatar.com\/avatar\/ea822afb14d7439ba3051d652cf8f548fe540f184ce16a2135fc22c9337bd72e?s=96&d=mm&r=g\",\"caption\":\"OficinaEmpleo\"},\"description\":\"En OficinaEmpleo queremos ayudarte a conseguir trabajo. Por eso, adem\u00e1s de ofrecerte ofertas de empleo en nuestro portal, te ense\u00f1amos las novedades del sector, y consejos para mejorar tu perfil.\",\"sameAs\":[\"http:\/\/www.oficinaempleo.com\/\",\"https:\/\/www.facebook.com\/OficinaEmpleo\",\"https:\/\/x.com\/OficinaEmpleo\"],\"url\":\"https:\/\/www.oficinaempleo.com\/blog\/author\/empleo\/\"}]}<\/script>\n<!-- \/ Yoast SEO plugin. -->","yoast_head_json":{"title":"Curso de carretillas elevadoras, \u00bfqu\u00e9 debo tener en cuenta? - Blog OficinaEmpleo","description":"Hacer un curso de carretillas elevadoras tiene muchas ventajas. \u00bfQuieres descubrirlas y saber en qu\u00e9 te tienes fijar a la hora de elegir un curso?","robots":{"index":"index","follow":"follow","max-snippet":"max-snippet:-1","max-image-preview":"max-image-preview:large","max-video-preview":"max-video-preview:-1"},"canonical":"https:\/\/www.oficinaempleo.com\/blog\/curso-carretillas-elevadoras-debo-cuenta\/","og_locale":"es_ES","og_type":"article","og_title":"Curso de carretillas elevadoras, \u00bfqu\u00e9 debo tener en cuenta? - Blog OficinaEmpleo","og_description":"Hacer un curso de carretillas elevadoras tiene muchas ventajas. \u00bfQuieres descubrirlas y saber en qu\u00e9 te tienes fijar a la hora de elegir un curso?","og_url":"https:\/\/www.oficinaempleo.com\/blog\/curso-carretillas-elevadoras-debo-cuenta\/","og_site_name":"Noticias y consejos de empleo | Blog OficinaEmpleo","article_author":"https:\/\/www.facebook.com\/OficinaEmpleo","article_published_time":"2017-06-05T15:28:42+00:00","og_image":[{"width":600,"height":310,"url":"https:\/\/www.oficinaempleo.com\/blog\/wp-content\/uploads\/2017\/06\/cursos-destacada.jpg","type":"image\/jpeg"}],"author":"OficinaEmpleo","twitter_card":"summary_large_image","twitter_creator":"@OficinaEmpleo","twitter_site":"@OficinaEmpleo","twitter_misc":{"Written by":"OficinaEmpleo","Est. reading time":"2 minutos"},"schema":{"@context":"https:\/\/schema.org","@graph":[{"@type":"Article","@id":"https:\/\/www.oficinaempleo.com\/blog\/curso-carretillas-elevadoras-debo-cuenta\/#article","isPartOf":{"@id":"https:\/\/www.oficinaempleo.com\/blog\/curso-carretillas-elevadoras-debo-cuenta\/"},"author":{"name":"OficinaEmpleo","@id":"https:\/\/www.oficinaempleo.com\/blog\/#\/schema\/person\/a7f3437f35bd6bd9ad19addae529a114"},"headline":"Curso de carretillas elevadoras, \u00bfqu\u00e9 debo tener en cuenta?","datePublished":"2017-06-05T15:28:42+00:00","mainEntityOfPage":{"@id":"https:\/\/www.oficinaempleo.com\/blog\/curso-carretillas-elevadoras-debo-cuenta\/"},"wordCount":465,"commentCount":0,"publisher":{"@id":"https:\/\/www.oficinaempleo.com\/blog\/#organization"},"image":{"@id":"https:\/\/www.oficinaempleo.com\/blog\/curso-carretillas-elevadoras-debo-cuenta\/#primaryimage"},"thumbnailUrl":"https:\/\/www.oficinaempleo.com\/blog\/wp-content\/uploads\/2017\/06\/cursos-destacada.jpg","keywords":["curso de carretillas elevadoras","cursos carretillas","cursos de formacion","cursos de log\u00edstica","trabajar como carretillero","trabajar en almacen"],"articleSection":["Actualidad","Estudios y Formaci\u00f3n","Motivaci\u00f3n","Profesiones","Recursos humanos","supermercados"],"inLanguage":"es","potentialAction":[{"@type":"CommentAction","name":"Comment","target":["https:\/\/www.oficinaempleo.com\/blog\/curso-carretillas-elevadoras-debo-cuenta\/#respond"]}]},{"@type":"WebPage","@id":"https:\/\/www.oficinaempleo.com\/blog\/curso-carretillas-elevadoras-debo-cuenta\/","url":"https:\/\/www.oficinaempleo.com\/blog\/curso-carretillas-elevadoras-debo-cuenta\/","name":"Curso de carretillas elevadoras, \u00bfqu\u00e9 debo tener en cuenta? - Blog OficinaEmpleo","isPartOf":{"@id":"https:\/\/www.oficinaempleo.com\/blog\/#website"},"primaryImageOfPage":{"@id":"https:\/\/www.oficinaempleo.com\/blog\/curso-carretillas-elevadoras-debo-cuenta\/#primaryimage"},"image":{"@id":"https:\/\/www.oficinaempleo.com\/blog\/curso-carretillas-elevadoras-debo-cuenta\/#primaryimage"},"thumbnailUrl":"https:\/\/www.oficinaempleo.com\/blog\/wp-content\/uploads\/2017\/06\/cursos-destacada.jpg","datePublished":"2017-06-05T15:28:42+00:00","description":"Hacer un curso de carretillas elevadoras tiene muchas ventajas. \u00bfQuieres descubrirlas y saber en qu\u00e9 te tienes fijar a la hora de elegir un curso?","breadcrumb":{"@id":"https:\/\/www.oficinaempleo.com\/blog\/curso-carretillas-elevadoras-debo-cuenta\/#breadcrumb"},"inLanguage":"es","potentialAction":[{"@type":"ReadAction","target":["https:\/\/www.oficinaempleo.com\/blog\/curso-carretillas-elevadoras-debo-cuenta\/"]}]},{"@type":"ImageObject","inLanguage":"es","@id":"https:\/\/www.oficinaempleo.com\/blog\/curso-carretillas-elevadoras-debo-cuenta\/#primaryimage","url":"https:\/\/www.oficinaempleo.com\/blog\/wp-content\/uploads\/2017\/06\/cursos-destacada.jpg","contentUrl":"https:\/\/www.oficinaempleo.com\/blog\/wp-content\/uploads\/2017\/06\/cursos-destacada.jpg","width":600,"height":310},{"@type":"BreadcrumbList","@id":"https:\/\/www.oficinaempleo.com\/blog\/curso-carretillas-elevadoras-debo-cuenta\/#breadcrumb","itemListElement":[{"@type":"ListItem","position":1,"name":"Home","item":"https:\/\/www.oficinaempleo.com\/blog\/"},{"@type":"ListItem","position":2,"name":"Curso de carretillas elevadoras, \u00bfqu\u00e9 debo tener en cuenta?"}]},{"@type":"WebSite","@id":"https:\/\/www.oficinaempleo.com\/blog\/#website","url":"https:\/\/www.oficinaempleo.com\/blog\/","name":"Noticias y Consejos de Empleo | Blog OficinaEmpleo","description":"","publisher":{"@id":"https:\/\/www.oficinaempleo.com\/blog\/#organization"},"potentialAction":[{"@type":"SearchAction","target":{"@type":"EntryPoint","urlTemplate":"https:\/\/www.oficinaempleo.com\/blog\/?s={search_term_string}"},"query-input":{"@type":"PropertyValueSpecification","valueRequired":true,"valueName":"search_term_string"}}],"inLanguage":"es"},{"@type":"Organization","@id":"https:\/\/www.oficinaempleo.com\/blog\/#organization","name":"OficinaEmpleo","url":"https:\/\/www.oficinaempleo.com\/blog\/","logo":{"@type":"ImageObject","inLanguage":"es","@id":"https:\/\/www.oficinaempleo.com\/blog\/#\/schema\/logo\/image\/","url":"https:\/\/www.oficinaempleo.com\/blog\/wp-content\/uploads\/2018\/10\/logo_footer-1.jpg","contentUrl":"https:\/\/www.oficinaempleo.com\/blog\/wp-content\/uploads\/2018\/10\/logo_footer-1.jpg","width":478,"height":57,"caption":"OficinaEmpleo"},"image":{"@id":"https:\/\/www.oficinaempleo.com\/blog\/#\/schema\/logo\/image\/"},"sameAs":["https:\/\/x.com\/OficinaEmpleo"]},{"@type":"Person","@id":"https:\/\/www.oficinaempleo.com\/blog\/#\/schema\/person\/a7f3437f35bd6bd9ad19addae529a114","name":"OficinaEmpleo","image":{"@type":"ImageObject","inLanguage":"es","@id":"https:\/\/www.oficinaempleo.com\/blog\/#\/schema\/person\/image\/","url":"https:\/\/secure.gravatar.com\/avatar\/ea822afb14d7439ba3051d652cf8f548fe540f184ce16a2135fc22c9337bd72e?s=96&d=mm&r=g","contentUrl":"https:\/\/secure.gravatar.com\/avatar\/ea822afb14d7439ba3051d652cf8f548fe540f184ce16a2135fc22c9337bd72e?s=96&d=mm&r=g","caption":"OficinaEmpleo"},"description":"En OficinaEmpleo queremos ayudarte a conseguir trabajo. Por eso, adem\u00e1s de ofrecerte ofertas de empleo en nuestro portal, te ense\u00f1amos las novedades del sector, y consejos para mejorar tu perfil.","sameAs":["http:\/\/www.oficinaempleo.com\/","https:\/\/www.facebook.com\/OficinaEmpleo","https:\/\/x.com\/OficinaEmpleo"],"url":"https:\/\/www.oficinaempleo.com\/blog\/author\/empleo\/"}]}},"_links":{"self":[{"href":"https:\/\/www.oficinaempleo.com\/blog\/wp-json\/wp\/v2\/posts\/19732","targetHints":{"allow":["GET"]}}],"collection":[{"href":"https:\/\/www.oficinaempleo.com\/blog\/wp-json\/wp\/v2\/posts"}],"about":[{"href":"https:\/\/www.oficinaempleo.com\/blog\/wp-json\/wp\/v2\/types\/post"}],"author":[{"embeddable":true,"href":"https:\/\/www.oficinaempleo.com\/blog\/wp-json\/wp\/v2\/users\/2"}],"replies":[{"embeddable":true,"href":"https:\/\/www.oficinaempleo.com\/blog\/wp-json\/wp\/v2\/comments?post=19732"}],"version-history":[{"count":0,"href":"https:\/\/www.oficinaempleo.com\/blog\/wp-json\/wp\/v2\/posts\/19732\/revisions"}],"wp:featuredmedia":[{"embeddable":true,"href":"https:\/\/www.oficinaempleo.com\/blog\/wp-json\/wp\/v2\/media\/19735"}],"wp:attachment":[{"href":"https:\/\/www.oficinaempleo.com\/blog\/wp-json\/wp\/v2\/media?parent=19732"}],"wp:term":[{"taxonomy":"category","embeddable":true,"href":"https:\/\/www.oficinaempleo.com\/blog\/wp-json\/wp\/v2\/categories?post=19732"},{"taxonomy":"post_tag","embeddable":true,"href":"https:\/\/www.oficinaempleo.com\/blog\/wp-json\/wp\/v2\/tags?post=19732"}],"curies":[{"name":"wp","href":"https:\/\/api.w.org\/{rel}","templated":true}]}}