{"id":19943,"date":"2017-06-16T07:59:45","date_gmt":"2017-06-16T06:59:45","guid":{"rendered":"http:\/\/www.oficinaempleo.com\/blog\/?p=19943"},"modified":"2017-06-16T08:00:08","modified_gmt":"2017-06-16T07:00:08","slug":"topico-de-los-trabajadores-espanoles","status":"publish","type":"post","link":"https:\/\/www.oficinaempleo.com\/blog\/topico-de-los-trabajadores-espanoles\/","title":{"rendered":"T\u00f3picos de los trabajadores espa\u00f1oles"},"content":{"rendered":"<div class=\"su-button-center\"><a href=\"https:\/\/jobs.oficinaempleo.com\/registro?origen=ORG-web&#038;utm_source=OE&#038;utm_medium=boton_registro&#038;utm_content=homepage&#038;utm_campaign=organic\" class=\"su-button su-button-style-flat\" style=\"color:#FFFFFF;background-color:#ec7d0c;border-color:#bd640a;border-radius:10px\" target=\"__blank\"><span style=\"color:#FFFFFF;padding:8px 26px;font-size:20px;line-height:30px;border-color:#f2a455;border-radius:10px;text-shadow:none\"><i class=\"sui sui-arrow-circle-right\" style=\"font-size:20px;color:#FFFFFF\"><\/i> Reg\u00edstrate gratis en OficinaEmpleo<\/span><\/a><\/div>\n<p>&nbsp;<\/p>\n<p>Bastante delicada es ya de por s\u00ed la situaci\u00f3n del <a href=\"http:\/\/www.oficinaempleo.com\/blog\/que-hacer-si-no-encuentras-ofertas-de-trabajo-en-tu-sector\/\"><strong>mercado de trabajo en Espa\u00f1a<\/strong><\/a> como para que encima tengamos que cargar con t\u00f3picos de los trabajadores espa\u00f1oles que, en muchos casos, no son ciertos. Lo peor no es que nos etiqueten de forma negativa como trabajadores desde otros pa\u00edses, sino que los <strong>t\u00f3picos de los trabajadores espa\u00f1oles<\/strong> que no nos hacen justicia los asumamos muchas veces como propios desde aqu\u00ed.<\/p>\n<div id=\"attachment_19944\" style=\"width: 600px\" class=\"wp-caption alignnone\"><img loading=\"lazy\" decoding=\"async\" aria-describedby=\"caption-attachment-19944\" class=\"size-full wp-image-19944\" src=\"http:\/\/www.oficinaempleo.com\/blog\/wp-content\/uploads\/2017\/06\/topicos.jpg\" alt=\"t\u00f3picos de los trabajadores espa\u00f1oles\" width=\"590\" height=\"315\" srcset=\"https:\/\/www.oficinaempleo.com\/blog\/wp-content\/uploads\/2017\/06\/topicos.jpg 590w, https:\/\/www.oficinaempleo.com\/blog\/wp-content\/uploads\/2017\/06\/topicos-300x160.jpg 300w\" sizes=\"auto, (max-width: 590px) 100vw, 590px\" \/><p id=\"caption-attachment-19944\" class=\"wp-caption-text\">Que los trabajadores espa\u00f1oles se echan la siesta es un t\u00f3pico que no siempre se cumple (iStock)<\/p><\/div>\n<p>Sabemos que las generalizaciones suelen ser injustas y m\u00e1s a\u00fan en el caso de estos <strong>5 t\u00f3picos de los trabajadores espa\u00f1oles<\/strong> que no se ajustan -al menos, no siempre- con la realidad:<\/p>\n<h2>1. Los espa\u00f1oles nos echamos la siesta<\/h2>\n<p>La <strong>siesta<\/strong> ser\u00e1 muy espa\u00f1ola, pero eso no significa que todos los trabajadores espa\u00f1oles se echen la siesta todos los d\u00edas. Como mucho, lo que hay son afortunados que pueden ir a comer a casa y echarse un rato en el sof\u00e1 para cargar pilas pero, quien apenas tiene una hora para comer, dif\u00edcilmente podr\u00e1 echarse la siesta en el trabajo.<\/p>\n<h2>2. Los espa\u00f1oles tenemos muchos d\u00edas de vacaciones<\/h2>\n<p>Como todo, depende de con qu\u00e9 o qui\u00e9n se compare, pero Espa\u00f1a no es el pa\u00eds con m\u00e1s <a href=\"http:\/\/www.oficinaempleo.com\/blog\/10-normas-laborales-sobre-las-vacaciones-que-debes-saber\/\"><strong>d\u00edas de vacaciones<\/strong><\/a> al a\u00f1o ni tampoco el que menos tiene. Frente a los 22 d\u00edas laborales (30 d\u00edas naturales) que tenemos de vacaciones en Espa\u00f1a, en Francia y en Finlandia tienen 30 d\u00edas laborales. Eso s\u00ed, los espa\u00f1oles salimos ganando con respecto a pa\u00edses como Canad\u00e1, donde el m\u00ednimo de vacaciones retribuidas al a\u00f1o es de 10 d\u00edas, o China, cuyos trabajadores s\u00f3lo cuentan con 5 d\u00edas libres al a\u00f1o.<\/p>\n<h2>3. En Espa\u00f1a hay muchos d\u00edas festivos<\/h2>\n<p>Es cierto que entre los festivos nacionales, los auton\u00f3micos y los locales, al a\u00f1o contamos con <strong>14 d\u00edas festivos\u00a0en Espa\u00f1a<\/strong> (m\u00e1s que los d\u00edas de vacaciones en Canad\u00e1 y China), as\u00ed que no tenemos razones para quejarnos en este aspecto. Colombia y la India nos superan con 18 festivos al a\u00f1o en sus respectivos calendarios laborales, igual que otros pa\u00edses como Argentina, Tailandia y Corea del Sur, que tambi\u00e9n tienen m\u00e1s festivos que los espa\u00f1oles. En cambio, en M\u00e9xico tienen la mitad de d\u00edas festivos que tenemos en Espa\u00f1a al a\u00f1o: tan s\u00f3lo 7.<\/p>\n<h2>4. Los espa\u00f1oles no sabemos ingl\u00e9s<\/h2>\n<p>Puede que el <strong>ingl\u00e9s<\/strong> no sea el punto fuerte de muchos de nosotros y que el nivel medio o medio-alto de ingl\u00e9s que muchas veces ponemos en el <strong>curr\u00edculum<\/strong> sea demasiado optimista, pero el t\u00f3pico de que los espa\u00f1oles no saben ingl\u00e9s se desmonta por s\u00ed solo con el gran n\u00famero de espa\u00f1oles que trabajan en pa\u00edses donde se habla ingl\u00e9s, alem\u00e1n o franc\u00e9s y tambi\u00e9n con los espa\u00f1oles que utilizan el ingl\u00e9s pr\u00e1cticamente a diario dentro de sus empleos en Espa\u00f1a.<\/p>\n<h2>5. Los espa\u00f1oles trabajamos poco<\/h2>\n<p>En Espa\u00f1a, por desgracia, falta empleo. Y mucho. Pero una cosa es eso y otra bien distinta es que los espa\u00f1oles, en general, trabajemos poco. Quien piense as\u00ed, se equivoca por completo. Hay datos que lo demuestran, como que <a href=\"http:\/\/stats.oecd.org\/Index.aspx?DatasetCode=ANHRS\"><strong>un espa\u00f1ol trabaja de media unas 1.700 horas al a\u00f1o frente a las 1.371 que trabaja una persona en Alemania<\/strong><\/a> o las 1.482 de un trabajador en Francia. Aunque, si tienes la suerte de estar trabajando y no en <a href=\"https:\/\/www.sepe.es\/\"><strong>situaci\u00f3n de desempleo<\/strong><\/a>, seguro que no te hace mirar estos datos y te basta con pensar en las horas que echas en tu trabajo\u2026<\/p>\n<p>En Oficina Empleo tenemos cientos de procesos de selecci\u00f3n con los que podr\u00e1s empezar a <a href=\"https:\/\/www.oficinaempleo.com\/trabajar-en\/prevencion-de-riesgos-laborales-28\">trabajar en prevenci\u00f3n de riesgos laborales<\/a> o en el sector que m\u00e1s se adapte a ti. \u00bfPrefieres entrar en una empresa concreta? En nuestro Blog podr\u00e1s descubrir <a href=\"http:\/\/www.oficinaempleo.com\/blog\/como-trabajar-en-dunkincoffee\/\">c\u00f3mo trabajar en Dunkin&#8217; Coffee<\/a>, entre otras muchas.<\/p>\n<p><strong>Encuentra trabajo en Espa\u00f1a:<\/strong><\/p>\n<ol>\n<li><a href=\"https:\/\/www.oficinaempleo.com\/trabajos-en\/madrid\"  rel=\"noopener noreferrer\" data-saferedirecturl=\"https:\/\/jobs.oficinaempleo.com\/registro?origen=ORG-web&utm_source=OE&utm_medium=boton_registro&utm_content=homepage&utm_campaign=organic\" target=\"_blank\">Trabajos en Madrid<\/a><\/li>\n<li><a href=\"https:\/\/www.oficinaempleo.com\/trabajos-en\/barcelona\"  rel=\"noopener noreferrer\" data-saferedirecturl=\"https:\/\/jobs.oficinaempleo.com\/registro?origen=ORG-web&utm_source=OE&utm_medium=boton_registro&utm_content=homepage&utm_campaign=organic\" target=\"_blank\">Trabajos en Barcelona<\/a><\/li>\n<li><a href=\"https:\/\/www.oficinaempleo.com\/trabajos-en\/alicante\"  rel=\"noopener noreferrer\" data-saferedirecturl=\"https:\/\/jobs.oficinaempleo.com\/registro?origen=ORG-web&utm_source=OE&utm_medium=boton_registro&utm_content=homepage&utm_campaign=organic\" target=\"_blank\">Trabajos en Alicante<\/a><\/li>\n<li><a href=\"https:\/\/www.oficinaempleo.com\/trabajos-en\/santa-cruz-de-tenerife\"  rel=\"noopener noreferrer\" data-saferedirecturl=\"https:\/\/jobs.oficinaempleo.com\/registro?origen=ORG-web&utm_source=OE&utm_medium=boton_registro&utm_content=homepage&utm_campaign=organic\" target=\"_blank\">Trabajos en Santa Cruz de Tenerife<\/a><\/li>\n<li><a href=\"https:\/\/www.oficinaempleo.com\/trabajos-en\/sevilla\"  rel=\"noopener noreferrer\" data-saferedirecturl=\"https:\/\/jobs.oficinaempleo.com\/registro?origen=ORG-web&utm_source=OE&utm_medium=boton_registro&utm_content=homepage&utm_campaign=organic\" target=\"_blank\">Trabajos en Sevilla<\/a><\/li>\n<\/ol>\n<div class=\"su-button-center\"><a href=\"https:\/\/jobs.oficinaempleo.com\/registro?origen=ORG-web&#038;utm_source=OE&#038;utm_medium=boton_registro&#038;utm_content=homepage&#038;utm_campaign=organic\" class=\"su-button su-button-style-flat\" style=\"color:#FFFFFF;background-color:#ec7d0c;border-color:#bd640a;border-radius:10px\" target=\"__blank\"><span style=\"color:#FFFFFF;padding:8px 26px;font-size:20px;line-height:30px;border-color:#f2a455;border-radius:10px;text-shadow:none\"><i class=\"sui sui-arrow-circle-right\" style=\"font-size:20px;color:#FFFFFF\"><\/i> Reg\u00edstrate gratis en OficinaEmpleo<\/span><\/a><\/div>\n","protected":false},"excerpt":{"rendered":"<p>\u00bfSeguro que estos t\u00f3picos de los trabajadores espa\u00f1oles son ciertos? A nosotros, al menos, no nos lo parece&#8230;<\/p>\n","protected":false},"author":2,"featured_media":19945,"comment_status":"open","ping_status":"open","sticky":false,"template":"","format":"standard","meta":{"footnotes":""},"categories":[17],"tags":[],"class_list":["post-19943","post","type-post","status-publish","format-standard","has-post-thumbnail","hentry","category-profesiones","cat-17-id","has_thumb"],"yoast_head":"<!-- This site is optimized with the Yoast SEO plugin v27.1.1 - https:\/\/yoast.com\/product\/yoast-seo-wordpress\/ -->\n<title>T\u00f3picos de los trabajadores espa\u00f1oles - Blog OficinaEmpleo<\/title>\n<meta name=\"description\" content=\"\u00bfSeguro que estos t\u00f3picos de los trabajadores espa\u00f1oles son ciertos? Puede que estos 5 prejuicios sobre el trabajo en Espa\u00f1a no se ajusten a la realidad...\" \/>\n<meta name=\"robots\" content=\"index, follow, max-snippet:-1, max-image-preview:large, max-video-preview:-1\" \/>\n<link rel=\"canonical\" href=\"https:\/\/www.oficinaempleo.com\/blog\/topico-de-los-trabajadores-espanoles\/\" \/>\n<meta property=\"og:locale\" content=\"es_ES\" \/>\n<meta property=\"og:type\" content=\"article\" \/>\n<meta property=\"og:title\" content=\"T\u00f3picos de los trabajadores espa\u00f1oles - Blog OficinaEmpleo\" \/>\n<meta property=\"og:description\" content=\"\u00bfSeguro que estos t\u00f3picos de los trabajadores espa\u00f1oles son ciertos? Puede que estos 5 prejuicios sobre el trabajo en Espa\u00f1a no se ajusten a la realidad...\" \/>\n<meta property=\"og:url\" content=\"https:\/\/www.oficinaempleo.com\/blog\/topico-de-los-trabajadores-espanoles\/\" \/>\n<meta property=\"og:site_name\" content=\"Noticias y consejos de empleo | Blog OficinaEmpleo\" \/>\n<meta property=\"article:author\" content=\"https:\/\/www.facebook.com\/OficinaEmpleo\" \/>\n<meta property=\"article:published_time\" content=\"2017-06-16T06:59:45+00:00\" \/>\n<meta property=\"article:modified_time\" content=\"2017-06-16T07:00:08+00:00\" \/>\n<meta property=\"og:image\" content=\"https:\/\/www.oficinaempleo.com\/blog\/wp-content\/uploads\/2017\/06\/topicos-destacada.jpg\" \/>\n\t<meta property=\"og:image:width\" content=\"600\" \/>\n\t<meta property=\"og:image:height\" content=\"310\" \/>\n\t<meta property=\"og:image:type\" content=\"image\/jpeg\" \/>\n<meta name=\"author\" content=\"OficinaEmpleo\" \/>\n<meta name=\"twitter:card\" content=\"summary_large_image\" \/>\n<meta name=\"twitter:creator\" content=\"@OficinaEmpleo\" \/>\n<meta name=\"twitter:site\" content=\"@OficinaEmpleo\" \/>\n<meta name=\"twitter:label1\" content=\"Written by\" \/>\n\t<meta name=\"twitter:data1\" content=\"OficinaEmpleo\" \/>\n\t<meta name=\"twitter:label2\" content=\"Est. reading time\" \/>\n\t<meta name=\"twitter:data2\" content=\"4 minutos\" \/>\n<script type=\"application\/ld+json\" class=\"yoast-schema-graph\">{\"@context\":\"https:\/\/schema.org\",\"@graph\":[{\"@type\":\"Article\",\"@id\":\"https:\/\/www.oficinaempleo.com\/blog\/topico-de-los-trabajadores-espanoles\/#article\",\"isPartOf\":{\"@id\":\"https:\/\/www.oficinaempleo.com\/blog\/topico-de-los-trabajadores-espanoles\/\"},\"author\":{\"name\":\"OficinaEmpleo\",\"@id\":\"https:\/\/www.oficinaempleo.com\/blog\/#\/schema\/person\/a7f3437f35bd6bd9ad19addae529a114\"},\"headline\":\"T\u00f3picos de los trabajadores espa\u00f1oles\",\"datePublished\":\"2017-06-16T06:59:45+00:00\",\"dateModified\":\"2017-06-16T07:00:08+00:00\",\"mainEntityOfPage\":{\"@id\":\"https:\/\/www.oficinaempleo.com\/blog\/topico-de-los-trabajadores-espanoles\/\"},\"wordCount\":834,\"commentCount\":0,\"publisher\":{\"@id\":\"https:\/\/www.oficinaempleo.com\/blog\/#organization\"},\"image\":{\"@id\":\"https:\/\/www.oficinaempleo.com\/blog\/topico-de-los-trabajadores-espanoles\/#primaryimage\"},\"thumbnailUrl\":\"https:\/\/www.oficinaempleo.com\/blog\/wp-content\/uploads\/2017\/06\/topicos-destacada.jpg\",\"articleSection\":[\"Profesiones\"],\"inLanguage\":\"es\",\"potentialAction\":[{\"@type\":\"CommentAction\",\"name\":\"Comment\",\"target\":[\"https:\/\/www.oficinaempleo.com\/blog\/topico-de-los-trabajadores-espanoles\/#respond\"]}]},{\"@type\":\"WebPage\",\"@id\":\"https:\/\/www.oficinaempleo.com\/blog\/topico-de-los-trabajadores-espanoles\/\",\"url\":\"https:\/\/www.oficinaempleo.com\/blog\/topico-de-los-trabajadores-espanoles\/\",\"name\":\"T\u00f3picos de los trabajadores espa\u00f1oles - Blog OficinaEmpleo\",\"isPartOf\":{\"@id\":\"https:\/\/www.oficinaempleo.com\/blog\/#website\"},\"primaryImageOfPage\":{\"@id\":\"https:\/\/www.oficinaempleo.com\/blog\/topico-de-los-trabajadores-espanoles\/#primaryimage\"},\"image\":{\"@id\":\"https:\/\/www.oficinaempleo.com\/blog\/topico-de-los-trabajadores-espanoles\/#primaryimage\"},\"thumbnailUrl\":\"https:\/\/www.oficinaempleo.com\/blog\/wp-content\/uploads\/2017\/06\/topicos-destacada.jpg\",\"datePublished\":\"2017-06-16T06:59:45+00:00\",\"dateModified\":\"2017-06-16T07:00:08+00:00\",\"description\":\"\u00bfSeguro que estos t\u00f3picos de los trabajadores espa\u00f1oles son ciertos? Puede que estos 5 prejuicios sobre el trabajo en Espa\u00f1a no se ajusten a la realidad...\",\"breadcrumb\":{\"@id\":\"https:\/\/www.oficinaempleo.com\/blog\/topico-de-los-trabajadores-espanoles\/#breadcrumb\"},\"inLanguage\":\"es\",\"potentialAction\":[{\"@type\":\"ReadAction\",\"target\":[\"https:\/\/www.oficinaempleo.com\/blog\/topico-de-los-trabajadores-espanoles\/\"]}]},{\"@type\":\"ImageObject\",\"inLanguage\":\"es\",\"@id\":\"https:\/\/www.oficinaempleo.com\/blog\/topico-de-los-trabajadores-espanoles\/#primaryimage\",\"url\":\"https:\/\/www.oficinaempleo.com\/blog\/wp-content\/uploads\/2017\/06\/topicos-destacada.jpg\",\"contentUrl\":\"https:\/\/www.oficinaempleo.com\/blog\/wp-content\/uploads\/2017\/06\/topicos-destacada.jpg\",\"width\":600,\"height\":310,\"caption\":\"trabajo en Espa\u00f1a\"},{\"@type\":\"BreadcrumbList\",\"@id\":\"https:\/\/www.oficinaempleo.com\/blog\/topico-de-los-trabajadores-espanoles\/#breadcrumb\",\"itemListElement\":[{\"@type\":\"ListItem\",\"position\":1,\"name\":\"Home\",\"item\":\"https:\/\/www.oficinaempleo.com\/blog\/\"},{\"@type\":\"ListItem\",\"position\":2,\"name\":\"T\u00f3picos de los trabajadores espa\u00f1oles\"}]},{\"@type\":\"WebSite\",\"@id\":\"https:\/\/www.oficinaempleo.com\/blog\/#website\",\"url\":\"https:\/\/www.oficinaempleo.com\/blog\/\",\"name\":\"Noticias y Consejos de Empleo | Blog OficinaEmpleo\",\"description\":\"\",\"publisher\":{\"@id\":\"https:\/\/www.oficinaempleo.com\/blog\/#organization\"},\"potentialAction\":[{\"@type\":\"SearchAction\",\"target\":{\"@type\":\"EntryPoint\",\"urlTemplate\":\"https:\/\/www.oficinaempleo.com\/blog\/?s={search_term_string}\"},\"query-input\":{\"@type\":\"PropertyValueSpecification\",\"valueRequired\":true,\"valueName\":\"search_term_string\"}}],\"inLanguage\":\"es\"},{\"@type\":\"Organization\",\"@id\":\"https:\/\/www.oficinaempleo.com\/blog\/#organization\",\"name\":\"OficinaEmpleo\",\"url\":\"https:\/\/www.oficinaempleo.com\/blog\/\",\"logo\":{\"@type\":\"ImageObject\",\"inLanguage\":\"es\",\"@id\":\"https:\/\/www.oficinaempleo.com\/blog\/#\/schema\/logo\/image\/\",\"url\":\"https:\/\/www.oficinaempleo.com\/blog\/wp-content\/uploads\/2018\/10\/logo_footer-1.jpg\",\"contentUrl\":\"https:\/\/www.oficinaempleo.com\/blog\/wp-content\/uploads\/2018\/10\/logo_footer-1.jpg\",\"width\":478,\"height\":57,\"caption\":\"OficinaEmpleo\"},\"image\":{\"@id\":\"https:\/\/www.oficinaempleo.com\/blog\/#\/schema\/logo\/image\/\"},\"sameAs\":[\"https:\/\/x.com\/OficinaEmpleo\"]},{\"@type\":\"Person\",\"@id\":\"https:\/\/www.oficinaempleo.com\/blog\/#\/schema\/person\/a7f3437f35bd6bd9ad19addae529a114\",\"name\":\"OficinaEmpleo\",\"image\":{\"@type\":\"ImageObject\",\"inLanguage\":\"es\",\"@id\":\"https:\/\/www.oficinaempleo.com\/blog\/#\/schema\/person\/image\/\",\"url\":\"https:\/\/secure.gravatar.com\/avatar\/ea822afb14d7439ba3051d652cf8f548fe540f184ce16a2135fc22c9337bd72e?s=96&d=mm&r=g\",\"contentUrl\":\"https:\/\/secure.gravatar.com\/avatar\/ea822afb14d7439ba3051d652cf8f548fe540f184ce16a2135fc22c9337bd72e?s=96&d=mm&r=g\",\"caption\":\"OficinaEmpleo\"},\"description\":\"En OficinaEmpleo queremos ayudarte a conseguir trabajo. Por eso, adem\u00e1s de ofrecerte ofertas de empleo en nuestro portal, te ense\u00f1amos las novedades del sector, y consejos para mejorar tu perfil.\",\"sameAs\":[\"http:\/\/www.oficinaempleo.com\/\",\"https:\/\/www.facebook.com\/OficinaEmpleo\",\"https:\/\/x.com\/OficinaEmpleo\"],\"url\":\"https:\/\/www.oficinaempleo.com\/blog\/author\/empleo\/\"}]}<\/script>\n<!-- \/ Yoast SEO plugin. -->","yoast_head_json":{"title":"T\u00f3picos de los trabajadores espa\u00f1oles - Blog OficinaEmpleo","description":"\u00bfSeguro que estos t\u00f3picos de los trabajadores espa\u00f1oles son ciertos? Puede que estos 5 prejuicios sobre el trabajo en Espa\u00f1a no se ajusten a la realidad...","robots":{"index":"index","follow":"follow","max-snippet":"max-snippet:-1","max-image-preview":"max-image-preview:large","max-video-preview":"max-video-preview:-1"},"canonical":"https:\/\/www.oficinaempleo.com\/blog\/topico-de-los-trabajadores-espanoles\/","og_locale":"es_ES","og_type":"article","og_title":"T\u00f3picos de los trabajadores espa\u00f1oles - Blog OficinaEmpleo","og_description":"\u00bfSeguro que estos t\u00f3picos de los trabajadores espa\u00f1oles son ciertos? Puede que estos 5 prejuicios sobre el trabajo en Espa\u00f1a no se ajusten a la realidad...","og_url":"https:\/\/www.oficinaempleo.com\/blog\/topico-de-los-trabajadores-espanoles\/","og_site_name":"Noticias y consejos de empleo | Blog OficinaEmpleo","article_author":"https:\/\/www.facebook.com\/OficinaEmpleo","article_published_time":"2017-06-16T06:59:45+00:00","article_modified_time":"2017-06-16T07:00:08+00:00","og_image":[{"width":600,"height":310,"url":"https:\/\/www.oficinaempleo.com\/blog\/wp-content\/uploads\/2017\/06\/topicos-destacada.jpg","type":"image\/jpeg"}],"author":"OficinaEmpleo","twitter_card":"summary_large_image","twitter_creator":"@OficinaEmpleo","twitter_site":"@OficinaEmpleo","twitter_misc":{"Written by":"OficinaEmpleo","Est. reading time":"4 minutos"},"schema":{"@context":"https:\/\/schema.org","@graph":[{"@type":"Article","@id":"https:\/\/www.oficinaempleo.com\/blog\/topico-de-los-trabajadores-espanoles\/#article","isPartOf":{"@id":"https:\/\/www.oficinaempleo.com\/blog\/topico-de-los-trabajadores-espanoles\/"},"author":{"name":"OficinaEmpleo","@id":"https:\/\/www.oficinaempleo.com\/blog\/#\/schema\/person\/a7f3437f35bd6bd9ad19addae529a114"},"headline":"T\u00f3picos de los trabajadores espa\u00f1oles","datePublished":"2017-06-16T06:59:45+00:00","dateModified":"2017-06-16T07:00:08+00:00","mainEntityOfPage":{"@id":"https:\/\/www.oficinaempleo.com\/blog\/topico-de-los-trabajadores-espanoles\/"},"wordCount":834,"commentCount":0,"publisher":{"@id":"https:\/\/www.oficinaempleo.com\/blog\/#organization"},"image":{"@id":"https:\/\/www.oficinaempleo.com\/blog\/topico-de-los-trabajadores-espanoles\/#primaryimage"},"thumbnailUrl":"https:\/\/www.oficinaempleo.com\/blog\/wp-content\/uploads\/2017\/06\/topicos-destacada.jpg","articleSection":["Profesiones"],"inLanguage":"es","potentialAction":[{"@type":"CommentAction","name":"Comment","target":["https:\/\/www.oficinaempleo.com\/blog\/topico-de-los-trabajadores-espanoles\/#respond"]}]},{"@type":"WebPage","@id":"https:\/\/www.oficinaempleo.com\/blog\/topico-de-los-trabajadores-espanoles\/","url":"https:\/\/www.oficinaempleo.com\/blog\/topico-de-los-trabajadores-espanoles\/","name":"T\u00f3picos de los trabajadores espa\u00f1oles - Blog OficinaEmpleo","isPartOf":{"@id":"https:\/\/www.oficinaempleo.com\/blog\/#website"},"primaryImageOfPage":{"@id":"https:\/\/www.oficinaempleo.com\/blog\/topico-de-los-trabajadores-espanoles\/#primaryimage"},"image":{"@id":"https:\/\/www.oficinaempleo.com\/blog\/topico-de-los-trabajadores-espanoles\/#primaryimage"},"thumbnailUrl":"https:\/\/www.oficinaempleo.com\/blog\/wp-content\/uploads\/2017\/06\/topicos-destacada.jpg","datePublished":"2017-06-16T06:59:45+00:00","dateModified":"2017-06-16T07:00:08+00:00","description":"\u00bfSeguro que estos t\u00f3picos de los trabajadores espa\u00f1oles son ciertos? Puede que estos 5 prejuicios sobre el trabajo en Espa\u00f1a no se ajusten a la realidad...","breadcrumb":{"@id":"https:\/\/www.oficinaempleo.com\/blog\/topico-de-los-trabajadores-espanoles\/#breadcrumb"},"inLanguage":"es","potentialAction":[{"@type":"ReadAction","target":["https:\/\/www.oficinaempleo.com\/blog\/topico-de-los-trabajadores-espanoles\/"]}]},{"@type":"ImageObject","inLanguage":"es","@id":"https:\/\/www.oficinaempleo.com\/blog\/topico-de-los-trabajadores-espanoles\/#primaryimage","url":"https:\/\/www.oficinaempleo.com\/blog\/wp-content\/uploads\/2017\/06\/topicos-destacada.jpg","contentUrl":"https:\/\/www.oficinaempleo.com\/blog\/wp-content\/uploads\/2017\/06\/topicos-destacada.jpg","width":600,"height":310,"caption":"trabajo en Espa\u00f1a"},{"@type":"BreadcrumbList","@id":"https:\/\/www.oficinaempleo.com\/blog\/topico-de-los-trabajadores-espanoles\/#breadcrumb","itemListElement":[{"@type":"ListItem","position":1,"name":"Home","item":"https:\/\/www.oficinaempleo.com\/blog\/"},{"@type":"ListItem","position":2,"name":"T\u00f3picos de los trabajadores espa\u00f1oles"}]},{"@type":"WebSite","@id":"https:\/\/www.oficinaempleo.com\/blog\/#website","url":"https:\/\/www.oficinaempleo.com\/blog\/","name":"Noticias y Consejos de Empleo | Blog OficinaEmpleo","description":"","publisher":{"@id":"https:\/\/www.oficinaempleo.com\/blog\/#organization"},"potentialAction":[{"@type":"SearchAction","target":{"@type":"EntryPoint","urlTemplate":"https:\/\/www.oficinaempleo.com\/blog\/?s={search_term_string}"},"query-input":{"@type":"PropertyValueSpecification","valueRequired":true,"valueName":"search_term_string"}}],"inLanguage":"es"},{"@type":"Organization","@id":"https:\/\/www.oficinaempleo.com\/blog\/#organization","name":"OficinaEmpleo","url":"https:\/\/www.oficinaempleo.com\/blog\/","logo":{"@type":"ImageObject","inLanguage":"es","@id":"https:\/\/www.oficinaempleo.com\/blog\/#\/schema\/logo\/image\/","url":"https:\/\/www.oficinaempleo.com\/blog\/wp-content\/uploads\/2018\/10\/logo_footer-1.jpg","contentUrl":"https:\/\/www.oficinaempleo.com\/blog\/wp-content\/uploads\/2018\/10\/logo_footer-1.jpg","width":478,"height":57,"caption":"OficinaEmpleo"},"image":{"@id":"https:\/\/www.oficinaempleo.com\/blog\/#\/schema\/logo\/image\/"},"sameAs":["https:\/\/x.com\/OficinaEmpleo"]},{"@type":"Person","@id":"https:\/\/www.oficinaempleo.com\/blog\/#\/schema\/person\/a7f3437f35bd6bd9ad19addae529a114","name":"OficinaEmpleo","image":{"@type":"ImageObject","inLanguage":"es","@id":"https:\/\/www.oficinaempleo.com\/blog\/#\/schema\/person\/image\/","url":"https:\/\/secure.gravatar.com\/avatar\/ea822afb14d7439ba3051d652cf8f548fe540f184ce16a2135fc22c9337bd72e?s=96&d=mm&r=g","contentUrl":"https:\/\/secure.gravatar.com\/avatar\/ea822afb14d7439ba3051d652cf8f548fe540f184ce16a2135fc22c9337bd72e?s=96&d=mm&r=g","caption":"OficinaEmpleo"},"description":"En OficinaEmpleo queremos ayudarte a conseguir trabajo. Por eso, adem\u00e1s de ofrecerte ofertas de empleo en nuestro portal, te ense\u00f1amos las novedades del sector, y consejos para mejorar tu perfil.","sameAs":["http:\/\/www.oficinaempleo.com\/","https:\/\/www.facebook.com\/OficinaEmpleo","https:\/\/x.com\/OficinaEmpleo"],"url":"https:\/\/www.oficinaempleo.com\/blog\/author\/empleo\/"}]}},"_links":{"self":[{"href":"https:\/\/www.oficinaempleo.com\/blog\/wp-json\/wp\/v2\/posts\/19943","targetHints":{"allow":["GET"]}}],"collection":[{"href":"https:\/\/www.oficinaempleo.com\/blog\/wp-json\/wp\/v2\/posts"}],"about":[{"href":"https:\/\/www.oficinaempleo.com\/blog\/wp-json\/wp\/v2\/types\/post"}],"author":[{"embeddable":true,"href":"https:\/\/www.oficinaempleo.com\/blog\/wp-json\/wp\/v2\/users\/2"}],"replies":[{"embeddable":true,"href":"https:\/\/www.oficinaempleo.com\/blog\/wp-json\/wp\/v2\/comments?post=19943"}],"version-history":[{"count":0,"href":"https:\/\/www.oficinaempleo.com\/blog\/wp-json\/wp\/v2\/posts\/19943\/revisions"}],"wp:featuredmedia":[{"embeddable":true,"href":"https:\/\/www.oficinaempleo.com\/blog\/wp-json\/wp\/v2\/media\/19945"}],"wp:attachment":[{"href":"https:\/\/www.oficinaempleo.com\/blog\/wp-json\/wp\/v2\/media?parent=19943"}],"wp:term":[{"taxonomy":"category","embeddable":true,"href":"https:\/\/www.oficinaempleo.com\/blog\/wp-json\/wp\/v2\/categories?post=19943"},{"taxonomy":"post_tag","embeddable":true,"href":"https:\/\/www.oficinaempleo.com\/blog\/wp-json\/wp\/v2\/tags?post=19943"}],"curies":[{"name":"wp","href":"https:\/\/api.w.org\/{rel}","templated":true}]}}