{"id":20393,"date":"2023-04-28T09:06:21","date_gmt":"2023-04-28T08:06:21","guid":{"rendered":"http:\/\/www.oficinaempleo.com\/blog\/?p=20393"},"modified":"2023-04-28T13:03:14","modified_gmt":"2023-04-28T12:03:14","slug":"plantillas-de-cv-gratis-para-destacar","status":"publish","type":"post","link":"https:\/\/www.oficinaempleo.com\/blog\/plantillas-de-cv-gratis-para-destacar\/","title":{"rendered":"Plantillas de CV gratis para destacar"},"content":{"rendered":"<div class=\"su-button-center\"><a href=\"https:\/\/jobs.oficinaempleo.com\/registro?origen=ORG-web&#038;utm_source=OE&#038;utm_medium=boton_registro&#038;utm_content=homepage&#038;utm_campaign=organic\" class=\"su-button su-button-style-flat\" style=\"color:#FFFFFF;background-color:#ec7d0c;border-color:#bd640a;border-radius:10px\" target=\"__blank\"><span style=\"color:#FFFFFF;padding:8px 26px;font-size:20px;line-height:30px;border-color:#f2a455;border-radius:10px;text-shadow:none\"><i class=\"sui sui-arrow-circle-right\" style=\"font-size:20px;color:#FFFFFF\"><\/i> Reg\u00edstrate gratis en OficinaEmpleo<\/span><\/a><\/div><div class=\"su-spacer\" style=\"height:30px\"><\/div>\nTodos sabemos que la mayor\u00eda de las veces, el primer contacto que tiene una empresa con un futuro trabajador es el curriculum vitae. Por eso resulta fundamental tener un CV que destaque sobre el resto, tanto por dise\u00f1o como por contenido. Si nos referimos a lo primero, nosotros te proponemos algunas alternativas: sitios donde poder descargarte (y despu\u00e9s editar) modelos de CV con los que poder diferenciarte.<\/p>\n<div id=\"attachment_20394\" style=\"width: 600px\" class=\"wp-caption alignnone\"><a href=\"http:\/\/www.oficinaempleo.com\/blog\/wp-content\/uploads\/2017\/07\/cv_dentro.jpg\"><img loading=\"lazy\" decoding=\"async\" aria-describedby=\"caption-attachment-20394\" class=\"size-full wp-image-20394\" src=\"http:\/\/www.oficinaempleo.com\/blog\/wp-content\/uploads\/2017\/07\/cv_dentro.jpg\" alt=\"Curriculum vitae. BrianAJackson (iStock)\" width=\"590\" height=\"315\" srcset=\"https:\/\/www.oficinaempleo.com\/blog\/wp-content\/uploads\/2017\/07\/cv_dentro.jpg 590w, https:\/\/www.oficinaempleo.com\/blog\/wp-content\/uploads\/2017\/07\/cv_dentro-300x160.jpg 300w\" sizes=\"auto, (max-width: 590px) 100vw, 590px\" \/><\/a><p id=\"caption-attachment-20394\" class=\"wp-caption-text\">Curriculum vitae. BrianAJackson (iStock)<\/p><\/div>\n<h2>1. Para editar con Word<\/h2>\n<p>Hasta ahora, la mayor\u00eda de los modelos de CV que ten\u00edamos a nuestro alcance se elaboraban con Word. Muchos lo siguen haciendo as\u00ed aunque otros formatos van ganando terreno. Si eres de los que a\u00fan utiliza esta herramienta, algunas p\u00e1ginas como <a href=\"http:\/\/www.modelos-de-curriculum.com\/\" target=\"_blank\" rel=\"noopener noreferrer\">\u2018Modelos de Curriculum\u2019<\/a> ofrece una gran variedad de modelos (hasta 50 en total) que podr\u00e1s editar con tus datos como un documento de Word.<\/p>\n<p>Hay modelos m\u00e1s adecuados para estudiantes, reci\u00e9n titulados, con m\u00e1s experiencia\u2026 m\u00e1s cl\u00e1sicos o m\u00e1s modernos.<\/p>\n<h2>2. Para editar con Photoshop e Illustrator<\/h2>\n<p>Como dec\u00edamos, otras herramientas est\u00e1n gan\u00e1ndole terreno al Word. En este caso nos referimos a aplicaciones algo m\u00e1s profesionales de dise\u00f1o, como Photoshop o Illustrator. Si te manejas bien con ellas, <a href=\"https:\/\/www.mclanfranconi.com\/plantillas-para-curriculum-gratis\/\" target=\"_blank\" rel=\"noopener noreferrer\">la p\u00e1gina McLanfranconi<\/a> pone a disposici\u00f3n de sus usuarios una treintena de CV que denomina \u201cde alto impacto\u201d, cuesti\u00f3n que comprender\u00e1n en cuanto empieces a ver cada uno de los dise\u00f1os. Los archivos tienen formato PSD.<\/p>\n<h2>3. Para CV en l\u00ednea<\/h2>\n<p>Otro formato de CV que \u00faltimamente est\u00e1 triunfando en el mercado laboral es el de CV on line. Para ello tambi\u00e9n existen modelos o plantillas con diferentes dise\u00f1os. Desde la p\u00e1gina especializada <a href=\"https:\/\/cvmkr.com\/?lang=es\" target=\"_blank\" rel=\"noopener noreferrer\">CV Maker<\/a> presentan una gran variedad de ellas. Adem\u00e1s, a la hora de descargar este tipo de CV podr\u00e1s hacerlo en diferentes formatos.<\/p>\n<h2>4. Expertos en Marketing<\/h2>\n<p>Desde la p\u00e1gina de expertos en Marketing de \u00c1lex Serrano nos proponen decenas de modelos originales en diferentes estilos y formatos. Las hay gratis y tambi\u00e9n las llamadas \u2018premium\u2019, para los m\u00e1s exigentes. Ellos son bastante claros respecto al presente del CV: \u201cEl curriculum como todos los conoc\u00edamos ha muerto, ahora hay que ser m\u00e1s creativos, impactar con un CV m\u00e1s trabajado, y diferente\u201d. Ahora solo tienes que elegir entre toda la variedad que existe.<\/p>\n<p>En Oficina Empleo tenemos cientos de procesos de selecci\u00f3n con los que empezar a <a href=\"https:\/\/www.oficinaempleo.com\/trabajar-en\/prevencion-de-riesgos-laborales-28\" rel=\"noopener noreferrer\">trabajar en Prevenci\u00f3n de Riesgos Laborales<\/a>\u00a0o en el sector que se adapte a ti. Si lo prefieres, puedes descubrir en nuestro Blog\u00a0<a href=\"https:\/\/www.oficinaempleo.com\/ofertas-empleo-en\/alicante\" rel=\"noopener noreferrer\">c\u00f3mo trabajar en Alicante\u00a0<\/a>y muchas m\u00e1s empresas \u00a1Mira!<\/p>\n<p><strong>Encuentra trabajo en tu provincia:<\/strong><\/p>\n<ul>\n<li><a style=\"font-style: inherit; font-weight: inherit;\" href=\"https:\/\/www.oficinaempleo.com\/ofertas-empleo-en\/madrid\" data-saferedirecturl=\"https:\/\/jobs.oficinaempleo.com\/registro?origen=ORG-web&utm_source=OE&utm_medium=boton_registro&utm_content=homepage&utm_campaign=organic\" target=\"_blank\">Empleo en Madrid<\/a><\/li>\n<li><a style=\"font-style: inherit; font-weight: inherit;\" href=\"https:\/\/www.oficinaempleo.com\/ofertas-empleo-en\/barcelona\" data-saferedirecturl=\"https:\/\/jobs.oficinaempleo.com\/registro?origen=ORG-web&utm_source=OE&utm_medium=boton_registro&utm_content=homepage&utm_campaign=organic\" target=\"_blank\">Empleo en Barcelona<\/a><\/li>\n<li><a style=\"font-style: inherit; font-weight: inherit;\" href=\"https:\/\/www.oficinaempleo.com\/ofertas-empleo-en\/alicante\" data-saferedirecturl=\"https:\/\/jobs.oficinaempleo.com\/registro?origen=ORG-web&utm_source=OE&utm_medium=boton_registro&utm_content=homepage&utm_campaign=organic\" target=\"_blank\">Empleo en Alicante<\/a><\/li>\n<li><a style=\"font-style: inherit; font-weight: inherit;\" href=\"https:\/\/www.oficinaempleo.com\/ofertas-empleo-en\/santa-cruz-de-tenerife\" data-saferedirecturl=\"https:\/\/jobs.oficinaempleo.com\/registro?origen=ORG-web&utm_source=OE&utm_medium=boton_registro&utm_content=homepage&utm_campaign=organic\" target=\"_blank\">Empleo en Santa Cruz de Tenerife<\/a><\/li>\n<li><a style=\"font-style: inherit; font-weight: inherit;\" href=\"https:\/\/www.oficinaempleo.com\/ofertas-empleo-en\/sevilla\" data-saferedirecturl=\"https:\/\/jobs.oficinaempleo.com\/registro?origen=ORG-web&utm_source=OE&utm_medium=boton_registro&utm_content=homepage&utm_campaign=organic\" target=\"_blank\">Empleo en Sevilla<\/a><\/li>\n<\/ul>\n<div class=\"su-button-center\"><a href=\"https:\/\/jobs.oficinaempleo.com\/registro?origen=ORG-web&#038;utm_source=OE&#038;utm_medium=boton_registro&#038;utm_content=homepage&#038;utm_campaign=organic\" class=\"su-button su-button-style-flat\" style=\"color:#FFFFFF;background-color:#ec7d0c;border-color:#bd640a;border-radius:10px\" target=\"__blank\"><span style=\"color:#FFFFFF;padding:8px 26px;font-size:20px;line-height:30px;border-color:#f2a455;border-radius:10px;text-shadow:none\"><i class=\"sui sui-arrow-circle-right\" style=\"font-size:20px;color:#FFFFFF\"><\/i> Reg\u00edstrate gratis en OficinaEmpleo<\/span><\/a><\/div><div class=\"su-spacer\" style=\"height:30px\"><\/div>\n","protected":false},"excerpt":{"rendered":"<p>Todos sabemos que la mayor\u00eda de las veces, el primer contacto que tiene una empresa con un futuro trabajador es el curriculum vitae. Por eso resulta fundamental tener un CV que destaque sobre el resto, tanto por dise\u00f1o como por contenido. Si nos referimos a lo primero, nosotros te proponemos algunas alternativas: sitios donde poder [&hellip;]<\/p>\n","protected":false},"author":5,"featured_media":20395,"comment_status":"open","ping_status":"open","sticky":false,"template":"","format":"standard","meta":{"footnotes":""},"categories":[12],"tags":[900,1003,1235,1653],"class_list":["post-20393","post","type-post","status-publish","format-standard","has-post-thumbnail","hentry","category-consejos-y-recursos","tag-curriculum","tag-curriculum-vitae","tag-plantillas","tag-plantillas-de-curriculum","cat-12-id","has_thumb"],"yoast_head":"<!-- This site is optimized with the Yoast SEO plugin v27.1.1 - https:\/\/yoast.com\/product\/yoast-seo-wordpress\/ -->\n<title>Plantillas de CV gratis para destacar - Blog OficinaEmpleo<\/title>\n<meta name=\"description\" content=\"El curriculum vitae ya no es lo que era. Ha evolucionado. Y si quieres permanecer al d\u00eda, lo mejor es que recurras a estas plantillas.\" \/>\n<meta name=\"robots\" content=\"index, follow, max-snippet:-1, max-image-preview:large, max-video-preview:-1\" \/>\n<link rel=\"canonical\" href=\"https:\/\/www.oficinaempleo.com\/blog\/plantillas-de-cv-gratis-para-destacar\/\" \/>\n<meta property=\"og:locale\" content=\"es_ES\" \/>\n<meta property=\"og:type\" content=\"article\" \/>\n<meta property=\"og:title\" content=\"Plantillas de CV gratis para destacar - Blog OficinaEmpleo\" \/>\n<meta property=\"og:description\" content=\"El curriculum vitae ya no es lo que era. Ha evolucionado. Y si quieres permanecer al d\u00eda, lo mejor es que recurras a estas plantillas.\" \/>\n<meta property=\"og:url\" content=\"https:\/\/www.oficinaempleo.com\/blog\/plantillas-de-cv-gratis-para-destacar\/\" \/>\n<meta property=\"og:site_name\" content=\"Noticias y consejos de empleo | Blog OficinaEmpleo\" \/>\n<meta property=\"article:published_time\" content=\"2023-04-28T08:06:21+00:00\" \/>\n<meta property=\"article:modified_time\" content=\"2023-04-28T12:03:14+00:00\" \/>\n<meta property=\"og:image\" content=\"https:\/\/www.oficinaempleo.com\/blog\/wp-content\/uploads\/2017\/07\/cv_destacada.jpg\" \/>\n\t<meta property=\"og:image:width\" content=\"600\" \/>\n\t<meta property=\"og:image:height\" content=\"310\" \/>\n\t<meta property=\"og:image:type\" content=\"image\/jpeg\" \/>\n<meta name=\"author\" content=\"David Garc\u00eda\" \/>\n<meta name=\"twitter:card\" content=\"summary_large_image\" \/>\n<meta name=\"twitter:creator\" content=\"@OficinaEmpleo\" \/>\n<meta name=\"twitter:site\" content=\"@OficinaEmpleo\" \/>\n<meta name=\"twitter:label1\" content=\"Written by\" \/>\n\t<meta name=\"twitter:data1\" content=\"David Garc\u00eda\" \/>\n\t<meta name=\"twitter:label2\" content=\"Est. reading time\" \/>\n\t<meta name=\"twitter:data2\" content=\"3 minutos\" \/>\n<script type=\"application\/ld+json\" class=\"yoast-schema-graph\">{\"@context\":\"https:\/\/schema.org\",\"@graph\":[{\"@type\":\"Article\",\"@id\":\"https:\/\/www.oficinaempleo.com\/blog\/plantillas-de-cv-gratis-para-destacar\/#article\",\"isPartOf\":{\"@id\":\"https:\/\/www.oficinaempleo.com\/blog\/plantillas-de-cv-gratis-para-destacar\/\"},\"author\":{\"name\":\"David Garc\u00eda\",\"@id\":\"https:\/\/www.oficinaempleo.com\/blog\/#\/schema\/person\/fb90e38571c727c56dd2231966ab3358\"},\"headline\":\"Plantillas de CV gratis para destacar\",\"datePublished\":\"2023-04-28T08:06:21+00:00\",\"dateModified\":\"2023-04-28T12:03:14+00:00\",\"mainEntityOfPage\":{\"@id\":\"https:\/\/www.oficinaempleo.com\/blog\/plantillas-de-cv-gratis-para-destacar\/\"},\"wordCount\":574,\"commentCount\":0,\"publisher\":{\"@id\":\"https:\/\/www.oficinaempleo.com\/blog\/#organization\"},\"image\":{\"@id\":\"https:\/\/www.oficinaempleo.com\/blog\/plantillas-de-cv-gratis-para-destacar\/#primaryimage\"},\"thumbnailUrl\":\"https:\/\/www.oficinaempleo.com\/blog\/wp-content\/uploads\/2017\/07\/cv_destacada.jpg\",\"keywords\":[\"curr\u00edculum\",\"curriculum vitae\",\"plantillas\",\"plantillas de curr\u00edculum\"],\"articleSection\":[\"Consejos y Recursos\"],\"inLanguage\":\"es\",\"potentialAction\":[{\"@type\":\"CommentAction\",\"name\":\"Comment\",\"target\":[\"https:\/\/www.oficinaempleo.com\/blog\/plantillas-de-cv-gratis-para-destacar\/#respond\"]}]},{\"@type\":\"WebPage\",\"@id\":\"https:\/\/www.oficinaempleo.com\/blog\/plantillas-de-cv-gratis-para-destacar\/\",\"url\":\"https:\/\/www.oficinaempleo.com\/blog\/plantillas-de-cv-gratis-para-destacar\/\",\"name\":\"Plantillas de CV gratis para destacar - Blog OficinaEmpleo\",\"isPartOf\":{\"@id\":\"https:\/\/www.oficinaempleo.com\/blog\/#website\"},\"primaryImageOfPage\":{\"@id\":\"https:\/\/www.oficinaempleo.com\/blog\/plantillas-de-cv-gratis-para-destacar\/#primaryimage\"},\"image\":{\"@id\":\"https:\/\/www.oficinaempleo.com\/blog\/plantillas-de-cv-gratis-para-destacar\/#primaryimage\"},\"thumbnailUrl\":\"https:\/\/www.oficinaempleo.com\/blog\/wp-content\/uploads\/2017\/07\/cv_destacada.jpg\",\"datePublished\":\"2023-04-28T08:06:21+00:00\",\"dateModified\":\"2023-04-28T12:03:14+00:00\",\"description\":\"El curriculum vitae ya no es lo que era. Ha evolucionado. Y si quieres permanecer al d\u00eda, lo mejor es que recurras a estas plantillas.\",\"breadcrumb\":{\"@id\":\"https:\/\/www.oficinaempleo.com\/blog\/plantillas-de-cv-gratis-para-destacar\/#breadcrumb\"},\"inLanguage\":\"es\",\"potentialAction\":[{\"@type\":\"ReadAction\",\"target\":[\"https:\/\/www.oficinaempleo.com\/blog\/plantillas-de-cv-gratis-para-destacar\/\"]}]},{\"@type\":\"ImageObject\",\"inLanguage\":\"es\",\"@id\":\"https:\/\/www.oficinaempleo.com\/blog\/plantillas-de-cv-gratis-para-destacar\/#primaryimage\",\"url\":\"https:\/\/www.oficinaempleo.com\/blog\/wp-content\/uploads\/2017\/07\/cv_destacada.jpg\",\"contentUrl\":\"https:\/\/www.oficinaempleo.com\/blog\/wp-content\/uploads\/2017\/07\/cv_destacada.jpg\",\"width\":600,\"height\":310,\"caption\":\"Young woman hiding behind her resume\"},{\"@type\":\"BreadcrumbList\",\"@id\":\"https:\/\/www.oficinaempleo.com\/blog\/plantillas-de-cv-gratis-para-destacar\/#breadcrumb\",\"itemListElement\":[{\"@type\":\"ListItem\",\"position\":1,\"name\":\"Home\",\"item\":\"https:\/\/www.oficinaempleo.com\/blog\/\"},{\"@type\":\"ListItem\",\"position\":2,\"name\":\"Plantillas de CV gratis para destacar\"}]},{\"@type\":\"WebSite\",\"@id\":\"https:\/\/www.oficinaempleo.com\/blog\/#website\",\"url\":\"https:\/\/www.oficinaempleo.com\/blog\/\",\"name\":\"Noticias y Consejos de Empleo | Blog OficinaEmpleo\",\"description\":\"\",\"publisher\":{\"@id\":\"https:\/\/www.oficinaempleo.com\/blog\/#organization\"},\"potentialAction\":[{\"@type\":\"SearchAction\",\"target\":{\"@type\":\"EntryPoint\",\"urlTemplate\":\"https:\/\/www.oficinaempleo.com\/blog\/?s={search_term_string}\"},\"query-input\":{\"@type\":\"PropertyValueSpecification\",\"valueRequired\":true,\"valueName\":\"search_term_string\"}}],\"inLanguage\":\"es\"},{\"@type\":\"Organization\",\"@id\":\"https:\/\/www.oficinaempleo.com\/blog\/#organization\",\"name\":\"OficinaEmpleo\",\"url\":\"https:\/\/www.oficinaempleo.com\/blog\/\",\"logo\":{\"@type\":\"ImageObject\",\"inLanguage\":\"es\",\"@id\":\"https:\/\/www.oficinaempleo.com\/blog\/#\/schema\/logo\/image\/\",\"url\":\"https:\/\/www.oficinaempleo.com\/blog\/wp-content\/uploads\/2018\/10\/logo_footer-1.jpg\",\"contentUrl\":\"https:\/\/www.oficinaempleo.com\/blog\/wp-content\/uploads\/2018\/10\/logo_footer-1.jpg\",\"width\":478,\"height\":57,\"caption\":\"OficinaEmpleo\"},\"image\":{\"@id\":\"https:\/\/www.oficinaempleo.com\/blog\/#\/schema\/logo\/image\/\"},\"sameAs\":[\"https:\/\/x.com\/OficinaEmpleo\"]},{\"@type\":\"Person\",\"@id\":\"https:\/\/www.oficinaempleo.com\/blog\/#\/schema\/person\/fb90e38571c727c56dd2231966ab3358\",\"name\":\"David Garc\u00eda\",\"image\":{\"@type\":\"ImageObject\",\"inLanguage\":\"es\",\"@id\":\"https:\/\/www.oficinaempleo.com\/blog\/#\/schema\/person\/image\/\",\"url\":\"https:\/\/secure.gravatar.com\/avatar\/e790fd54d7ada3dd19d3bebd1baf92ae088ffc6c3574e2d74d180130b4099a61?s=96&d=mm&r=g\",\"contentUrl\":\"https:\/\/secure.gravatar.com\/avatar\/e790fd54d7ada3dd19d3bebd1baf92ae088ffc6c3574e2d74d180130b4099a61?s=96&d=mm&r=g\",\"caption\":\"David Garc\u00eda\"},\"url\":\"https:\/\/www.oficinaempleo.com\/blog\/author\/david\/\"}]}<\/script>\n<!-- \/ Yoast SEO plugin. -->","yoast_head_json":{"title":"Plantillas de CV gratis para destacar - Blog OficinaEmpleo","description":"El curriculum vitae ya no es lo que era. Ha evolucionado. Y si quieres permanecer al d\u00eda, lo mejor es que recurras a estas plantillas.","robots":{"index":"index","follow":"follow","max-snippet":"max-snippet:-1","max-image-preview":"max-image-preview:large","max-video-preview":"max-video-preview:-1"},"canonical":"https:\/\/www.oficinaempleo.com\/blog\/plantillas-de-cv-gratis-para-destacar\/","og_locale":"es_ES","og_type":"article","og_title":"Plantillas de CV gratis para destacar - Blog OficinaEmpleo","og_description":"El curriculum vitae ya no es lo que era. Ha evolucionado. Y si quieres permanecer al d\u00eda, lo mejor es que recurras a estas plantillas.","og_url":"https:\/\/www.oficinaempleo.com\/blog\/plantillas-de-cv-gratis-para-destacar\/","og_site_name":"Noticias y consejos de empleo | Blog OficinaEmpleo","article_published_time":"2023-04-28T08:06:21+00:00","article_modified_time":"2023-04-28T12:03:14+00:00","og_image":[{"width":600,"height":310,"url":"https:\/\/www.oficinaempleo.com\/blog\/wp-content\/uploads\/2017\/07\/cv_destacada.jpg","type":"image\/jpeg"}],"author":"David Garc\u00eda","twitter_card":"summary_large_image","twitter_creator":"@OficinaEmpleo","twitter_site":"@OficinaEmpleo","twitter_misc":{"Written by":"David Garc\u00eda","Est. reading time":"3 minutos"},"schema":{"@context":"https:\/\/schema.org","@graph":[{"@type":"Article","@id":"https:\/\/www.oficinaempleo.com\/blog\/plantillas-de-cv-gratis-para-destacar\/#article","isPartOf":{"@id":"https:\/\/www.oficinaempleo.com\/blog\/plantillas-de-cv-gratis-para-destacar\/"},"author":{"name":"David Garc\u00eda","@id":"https:\/\/www.oficinaempleo.com\/blog\/#\/schema\/person\/fb90e38571c727c56dd2231966ab3358"},"headline":"Plantillas de CV gratis para destacar","datePublished":"2023-04-28T08:06:21+00:00","dateModified":"2023-04-28T12:03:14+00:00","mainEntityOfPage":{"@id":"https:\/\/www.oficinaempleo.com\/blog\/plantillas-de-cv-gratis-para-destacar\/"},"wordCount":574,"commentCount":0,"publisher":{"@id":"https:\/\/www.oficinaempleo.com\/blog\/#organization"},"image":{"@id":"https:\/\/www.oficinaempleo.com\/blog\/plantillas-de-cv-gratis-para-destacar\/#primaryimage"},"thumbnailUrl":"https:\/\/www.oficinaempleo.com\/blog\/wp-content\/uploads\/2017\/07\/cv_destacada.jpg","keywords":["curr\u00edculum","curriculum vitae","plantillas","plantillas de curr\u00edculum"],"articleSection":["Consejos y Recursos"],"inLanguage":"es","potentialAction":[{"@type":"CommentAction","name":"Comment","target":["https:\/\/www.oficinaempleo.com\/blog\/plantillas-de-cv-gratis-para-destacar\/#respond"]}]},{"@type":"WebPage","@id":"https:\/\/www.oficinaempleo.com\/blog\/plantillas-de-cv-gratis-para-destacar\/","url":"https:\/\/www.oficinaempleo.com\/blog\/plantillas-de-cv-gratis-para-destacar\/","name":"Plantillas de CV gratis para destacar - Blog OficinaEmpleo","isPartOf":{"@id":"https:\/\/www.oficinaempleo.com\/blog\/#website"},"primaryImageOfPage":{"@id":"https:\/\/www.oficinaempleo.com\/blog\/plantillas-de-cv-gratis-para-destacar\/#primaryimage"},"image":{"@id":"https:\/\/www.oficinaempleo.com\/blog\/plantillas-de-cv-gratis-para-destacar\/#primaryimage"},"thumbnailUrl":"https:\/\/www.oficinaempleo.com\/blog\/wp-content\/uploads\/2017\/07\/cv_destacada.jpg","datePublished":"2023-04-28T08:06:21+00:00","dateModified":"2023-04-28T12:03:14+00:00","description":"El curriculum vitae ya no es lo que era. Ha evolucionado. Y si quieres permanecer al d\u00eda, lo mejor es que recurras a estas plantillas.","breadcrumb":{"@id":"https:\/\/www.oficinaempleo.com\/blog\/plantillas-de-cv-gratis-para-destacar\/#breadcrumb"},"inLanguage":"es","potentialAction":[{"@type":"ReadAction","target":["https:\/\/www.oficinaempleo.com\/blog\/plantillas-de-cv-gratis-para-destacar\/"]}]},{"@type":"ImageObject","inLanguage":"es","@id":"https:\/\/www.oficinaempleo.com\/blog\/plantillas-de-cv-gratis-para-destacar\/#primaryimage","url":"https:\/\/www.oficinaempleo.com\/blog\/wp-content\/uploads\/2017\/07\/cv_destacada.jpg","contentUrl":"https:\/\/www.oficinaempleo.com\/blog\/wp-content\/uploads\/2017\/07\/cv_destacada.jpg","width":600,"height":310,"caption":"Young woman hiding behind her resume"},{"@type":"BreadcrumbList","@id":"https:\/\/www.oficinaempleo.com\/blog\/plantillas-de-cv-gratis-para-destacar\/#breadcrumb","itemListElement":[{"@type":"ListItem","position":1,"name":"Home","item":"https:\/\/www.oficinaempleo.com\/blog\/"},{"@type":"ListItem","position":2,"name":"Plantillas de CV gratis para destacar"}]},{"@type":"WebSite","@id":"https:\/\/www.oficinaempleo.com\/blog\/#website","url":"https:\/\/www.oficinaempleo.com\/blog\/","name":"Noticias y Consejos de Empleo | Blog OficinaEmpleo","description":"","publisher":{"@id":"https:\/\/www.oficinaempleo.com\/blog\/#organization"},"potentialAction":[{"@type":"SearchAction","target":{"@type":"EntryPoint","urlTemplate":"https:\/\/www.oficinaempleo.com\/blog\/?s={search_term_string}"},"query-input":{"@type":"PropertyValueSpecification","valueRequired":true,"valueName":"search_term_string"}}],"inLanguage":"es"},{"@type":"Organization","@id":"https:\/\/www.oficinaempleo.com\/blog\/#organization","name":"OficinaEmpleo","url":"https:\/\/www.oficinaempleo.com\/blog\/","logo":{"@type":"ImageObject","inLanguage":"es","@id":"https:\/\/www.oficinaempleo.com\/blog\/#\/schema\/logo\/image\/","url":"https:\/\/www.oficinaempleo.com\/blog\/wp-content\/uploads\/2018\/10\/logo_footer-1.jpg","contentUrl":"https:\/\/www.oficinaempleo.com\/blog\/wp-content\/uploads\/2018\/10\/logo_footer-1.jpg","width":478,"height":57,"caption":"OficinaEmpleo"},"image":{"@id":"https:\/\/www.oficinaempleo.com\/blog\/#\/schema\/logo\/image\/"},"sameAs":["https:\/\/x.com\/OficinaEmpleo"]},{"@type":"Person","@id":"https:\/\/www.oficinaempleo.com\/blog\/#\/schema\/person\/fb90e38571c727c56dd2231966ab3358","name":"David Garc\u00eda","image":{"@type":"ImageObject","inLanguage":"es","@id":"https:\/\/www.oficinaempleo.com\/blog\/#\/schema\/person\/image\/","url":"https:\/\/secure.gravatar.com\/avatar\/e790fd54d7ada3dd19d3bebd1baf92ae088ffc6c3574e2d74d180130b4099a61?s=96&d=mm&r=g","contentUrl":"https:\/\/secure.gravatar.com\/avatar\/e790fd54d7ada3dd19d3bebd1baf92ae088ffc6c3574e2d74d180130b4099a61?s=96&d=mm&r=g","caption":"David Garc\u00eda"},"url":"https:\/\/www.oficinaempleo.com\/blog\/author\/david\/"}]}},"_links":{"self":[{"href":"https:\/\/www.oficinaempleo.com\/blog\/wp-json\/wp\/v2\/posts\/20393","targetHints":{"allow":["GET"]}}],"collection":[{"href":"https:\/\/www.oficinaempleo.com\/blog\/wp-json\/wp\/v2\/posts"}],"about":[{"href":"https:\/\/www.oficinaempleo.com\/blog\/wp-json\/wp\/v2\/types\/post"}],"author":[{"embeddable":true,"href":"https:\/\/www.oficinaempleo.com\/blog\/wp-json\/wp\/v2\/users\/5"}],"replies":[{"embeddable":true,"href":"https:\/\/www.oficinaempleo.com\/blog\/wp-json\/wp\/v2\/comments?post=20393"}],"version-history":[{"count":4,"href":"https:\/\/www.oficinaempleo.com\/blog\/wp-json\/wp\/v2\/posts\/20393\/revisions"}],"predecessor-version":[{"id":32527,"href":"https:\/\/www.oficinaempleo.com\/blog\/wp-json\/wp\/v2\/posts\/20393\/revisions\/32527"}],"wp:featuredmedia":[{"embeddable":true,"href":"https:\/\/www.oficinaempleo.com\/blog\/wp-json\/wp\/v2\/media\/20395"}],"wp:attachment":[{"href":"https:\/\/www.oficinaempleo.com\/blog\/wp-json\/wp\/v2\/media?parent=20393"}],"wp:term":[{"taxonomy":"category","embeddable":true,"href":"https:\/\/www.oficinaempleo.com\/blog\/wp-json\/wp\/v2\/categories?post=20393"},{"taxonomy":"post_tag","embeddable":true,"href":"https:\/\/www.oficinaempleo.com\/blog\/wp-json\/wp\/v2\/tags?post=20393"}],"curies":[{"name":"wp","href":"https:\/\/api.w.org\/{rel}","templated":true}]}}