{"id":2047,"date":"2014-12-15T10:46:28","date_gmt":"2014-12-15T09:46:28","guid":{"rendered":"http:\/\/blog.oficinaempleo.com\/?p=2047"},"modified":"2014-12-15T11:01:26","modified_gmt":"2014-12-15T10:01:26","slug":"el-instituto-cervantes-convoca-45-becas-de-practicas","status":"publish","type":"post","link":"https:\/\/www.oficinaempleo.com\/blog\/el-instituto-cervantes-convoca-45-becas-de-practicas\/","title":{"rendered":"El Instituto Cervantes convoca 45 becas de pr\u00e1cticas"},"content":{"rendered":"<div data-canvas-width=\"380.28363213416065\">La instituci\u00f3n p\u00fablica -con sede central en Madrid y Alcal\u00e1 de Henares- convoca <strong>45 becas de pr\u00e1cticas en varios departamentos<\/strong> y su disfrute no implicar\u00e1 una relaci\u00f3n laboral o funcionarial entre el becario y el Instituto.<\/div>\n<div data-canvas-width=\"380.28363213416065\"><\/div>\n<div data-canvas-width=\"380.28363213416065\"><a href=\"http:\/\/blog.oficinaempleo.com\/wp-content\/uploads\/2014\/12\/instituto-cervantes.jpg\"><img loading=\"lazy\" decoding=\"async\" class=\"aligncenter size-full wp-image-2053\" src=\"http:\/\/blog.oficinaempleo.com\/wp-content\/uploads\/2014\/12\/instituto-cervantes.jpg\" alt=\"45 becas de pr\u00e1cticas\" width=\"566\" height=\"108\" srcset=\"https:\/\/www.oficinaempleo.com\/blog\/wp-content\/uploads\/2014\/12\/instituto-cervantes.jpg 566w, https:\/\/www.oficinaempleo.com\/blog\/wp-content\/uploads\/2014\/12\/instituto-cervantes-300x57.jpg 300w, https:\/\/www.oficinaempleo.com\/blog\/wp-content\/uploads\/2014\/12\/instituto-cervantes-280x53.jpg 280w\" sizes=\"auto, (max-width: 566px) 100vw, 566px\" \/><\/a><\/div>\n<div data-canvas-width=\"380.28363213416065\">La<strong> finalidad de estas becas de pr\u00e1cticas<\/strong> es formar especialistas en la promoci\u00f3n de la ense\u00f1anza,  el estudio,  el uso de la lengua y de la cultura espa\u00f1ola e hispanoamericana en el exterior,  la adquisici\u00f3n de conocimientos pr\u00e1cticos en sistemas de informaci\u00f3n, de gesti\u00f3n, de difusi\u00f3n y gesti\u00f3n cultural y la ampliaci\u00f3n de la ense\u00f1anza, el uso y conocimiento del espa\u00f1ol.<\/div>\n<div data-canvas-width=\"380.28363213416065\"><\/div>\n<p>\u00bfQue <strong>requisitos<\/strong> debes cumplir?<\/p>\n<ul>\n<li>Dominio del idioma espa\u00f1ol, y para el caso de candidatos que no tengais la nacionalidad espa\u00f1ola o de pa\u00edses de habla hispana, deber\u00e9is poseer el Diploma de Espa\u00f1ol como Lengua Extranjera (DELE), nivel m\u00ednimo C.<\/li>\n<li>Estar en posesi\u00f3n o en condiciones de obtener, el \u00faltimo d\u00eda del plazo de presentaci\u00f3n de las \u00a0becas, el t\u00edtulo universitario de graduado, licenciado, ingeniero superior, doctor, o titulaciones equivalentes en las materias y especialidades relacionadas con los puestos que se convocan.<\/li>\n<li>No haber disfrutado previamente de esta ayuda.<\/li>\n<li>\n<div data-canvas-width=\"61.746061117448015\">Poseer capacidad funcional para el desempe\u00f1o de la beca.<\/div>\n<\/li>\n<\/ul>\n<p>Las becas tendr\u00e1n una <strong>duraci\u00f3n de 12 meses naturales<\/strong>, pudiendo ser prorrogadas por un a\u00f1o m\u00e1s, siempre que exista disponibilidad presupuestaria en el correspondiente ejercicio; y la <strong>cuant\u00eda de estas becas por beneficiario ser\u00e1 de 800 euros mensuales<\/strong>, que se abonar\u00e1n por meses vencidos, a la que se aplicar\u00e1n los descuentos y las retenciones legales vigentes, incluidas las cotizaciones a la seguridad social que correspondan.<\/p>\n<p>Entra en el <strong><a title=\"Documento del BOE\" href=\"http:\/\/www.boe.es\/boe\/dias\/2014\/11\/27\/pdfs\/BOE-A-2014-12308.pdf\" >documento publicado por el Bolet\u00edn Oficial del Estado<\/a><\/strong> para obtener toda la informaci\u00f3n y criterios de valoraci\u00f3n y desc\u00e1rgate los anexos en este <strong><a title=\"Anexos\" href=\"http:\/\/www.cervantes.es\/sobre_instituto_cervantes\/ofertas_empleo_madrid.htm\" >enlace<\/a><\/strong>. Adem\u00e1s, deber\u00e1s <strong>complementar tu solicitud con la siguiente docuementaci\u00f3n<\/strong>:<\/p>\n<ul>\n<li data-canvas-width=\"374.4540157263285\">Copia del t\u00edtulo Acad\u00e9mico exigido y certificado del expediente acad\u00e9mico. En el caso de t\u00edtulos extranjeros, copia de la credencial de homologaci\u00f3n, expedida por el Ministerio de Educaci\u00f3n, Cultura y Deporte. En el caso de extranjeros no hispanoamericanos, deber\u00e1n acreditar el DELE C1.<\/li>\n<li data-canvas-width=\"374.4540157263285\">Curriculum, con una extensi\u00f3n m\u00e1xima de tres folios, acompa\u00f1ando copia de los documentos acreditativos de los requisitos espec\u00edficos.<\/li>\n<li data-canvas-width=\"374.4540157263285\">Anexo III de resumen de los m\u00e9ritos acad\u00e9micos y copia de los documentos acreditativos.<\/li>\n<li data-canvas-width=\"374.4540157263285\">Declaraci\u00f3n, seg\u00fan modelo que se adjunta como Anexo IV, de estar al corriente del pago de las obligaciones tributarias y de Seguridad Social y de poseer capacidad funcional para el desempe\u00f1o de la beca.<\/li>\n<li data-canvas-width=\"374.4540157263285\">Declaraci\u00f3n responsable de no estar incurso en las prohibiciones se\u00f1aladas en el art\u00edculo 13 de la Ley General de Subvenciones.<\/li>\n<li data-canvas-width=\"374.4540157263285\">Direcci\u00f3n de correo electr\u00f3nico.<\/li>\n<\/ul>\n<p><strong>La selecci\u00f3n de los aspirantes se llevar\u00e1 a cabo en dos fases<\/strong>. En la primera, se valorar\u00e1n los m\u00e9ritos formativos mediante la documentaci\u00f3n que aporte cada candidato; y aquellos 10 candidatos que en cada categor\u00eda obtengan la mayor puntuaci\u00f3n en esa evaluaci\u00f3n, ser\u00e1n convocados a una entrevista personal y final.<\/p>\n<p>Tienes <strong>hasta el 19 de diciembre para solicitarlas<\/strong>. \u00bfD\u00f3nde? Puedes presentarlas en:<\/p>\n<p style=\"text-align: center;\">Registro General de dicho organismo<\/p>\n<p style=\"text-align: center;\">Calle Alcal\u00e1, 49 (con entrada por calle Barquillo, 4)<\/p>\n<p style=\"text-align: center;\">28014 Madrid<\/p>\n<p style=\"text-align: left;\">\u00a0Si no quieres hacer pr\u00e1cticas y quieres encontrar un empleo del sector educativo en cualquier ciudad de Espa\u00f1a, entra <a title=\"Empleo Sector Educaci\u00f3n\" href=\"http:\/\/www.oficinaempleo.com\/oferta-empleo\/-quieres-trabajar-en-el-sector-de-la-educacion-5359185.html?utm_source=FB&amp;utm_medium=social&amp;utm_content=empleosectoreducacion&amp;utm_campaign=postad\" ><strong>aqu\u00ed<\/strong><\/a> e inscr\u00edbete ya a la oferta de trabajo.<\/p>\n","protected":false},"excerpt":{"rendered":"<p>Las becas destinadas a la formaci\u00f3n y especializaci\u00f3n podr\u00e1n solicitarse hasta el 19 de diciembre<\/p>\n","protected":false},"author":2,"featured_media":2055,"comment_status":"open","ping_status":"open","sticky":false,"template":"","format":"standard","meta":{"footnotes":""},"categories":[3,10],"tags":[693,694,692],"class_list":["post-2047","post","type-post","status-publish","format-standard","has-post-thumbnail","hentry","category-noticias-empleo","category-primer-empleo","tag-contrato-de-practicas","tag-practicas-instituto-cervantes","tag-practicas-laborales","cat-3-id","cat-10-id","has_thumb"],"yoast_head":"<!-- This site is optimized with the Yoast SEO plugin v27.1.1 - https:\/\/yoast.com\/product\/yoast-seo-wordpress\/ -->\n<title>El Instituto Cervantes convoca 45 becas de pr\u00e1cticas - Blog OficinaEmpleo<\/title>\n<meta name=\"robots\" content=\"index, follow, max-snippet:-1, max-image-preview:large, max-video-preview:-1\" \/>\n<link rel=\"canonical\" href=\"https:\/\/www.oficinaempleo.com\/blog\/el-instituto-cervantes-convoca-45-becas-de-practicas\/\" \/>\n<meta property=\"og:locale\" content=\"es_ES\" \/>\n<meta property=\"og:type\" content=\"article\" \/>\n<meta property=\"og:title\" content=\"El Instituto Cervantes convoca 45 becas de pr\u00e1cticas - Blog OficinaEmpleo\" \/>\n<meta property=\"og:description\" content=\"Las becas destinadas a la formaci\u00f3n y especializaci\u00f3n podr\u00e1n solicitarse hasta el 19 de diciembre\" \/>\n<meta property=\"og:url\" content=\"https:\/\/www.oficinaempleo.com\/blog\/el-instituto-cervantes-convoca-45-becas-de-practicas\/\" \/>\n<meta property=\"og:site_name\" content=\"Noticias y consejos de empleo | Blog OficinaEmpleo\" \/>\n<meta property=\"article:author\" content=\"https:\/\/www.facebook.com\/OficinaEmpleo\" \/>\n<meta property=\"article:published_time\" content=\"2014-12-15T09:46:28+00:00\" \/>\n<meta property=\"article:modified_time\" content=\"2014-12-15T10:01:26+00:00\" \/>\n<meta property=\"og:image\" content=\"https:\/\/www.oficinaempleo.com\/blog\/wp-content\/uploads\/2014\/12\/instituto-cervantes1.jpg\" \/>\n\t<meta property=\"og:image:width\" content=\"800\" \/>\n\t<meta property=\"og:image:height\" content=\"533\" \/>\n\t<meta property=\"og:image:type\" content=\"image\/jpeg\" \/>\n<meta name=\"author\" content=\"OficinaEmpleo\" \/>\n<meta name=\"twitter:card\" content=\"summary_large_image\" \/>\n<meta name=\"twitter:creator\" content=\"@OficinaEmpleo\" \/>\n<meta name=\"twitter:site\" content=\"@OficinaEmpleo\" \/>\n<meta name=\"twitter:label1\" content=\"Written by\" \/>\n\t<meta name=\"twitter:data1\" content=\"OficinaEmpleo\" \/>\n\t<meta name=\"twitter:label2\" content=\"Est. reading time\" \/>\n\t<meta name=\"twitter:data2\" content=\"3 minutos\" \/>\n<script type=\"application\/ld+json\" class=\"yoast-schema-graph\">{\"@context\":\"https:\/\/schema.org\",\"@graph\":[{\"@type\":\"Article\",\"@id\":\"https:\/\/www.oficinaempleo.com\/blog\/el-instituto-cervantes-convoca-45-becas-de-practicas\/#article\",\"isPartOf\":{\"@id\":\"https:\/\/www.oficinaempleo.com\/blog\/el-instituto-cervantes-convoca-45-becas-de-practicas\/\"},\"author\":{\"name\":\"OficinaEmpleo\",\"@id\":\"https:\/\/www.oficinaempleo.com\/blog\/#\/schema\/person\/a7f3437f35bd6bd9ad19addae529a114\"},\"headline\":\"El Instituto Cervantes convoca 45 becas de pr\u00e1cticas\",\"datePublished\":\"2014-12-15T09:46:28+00:00\",\"dateModified\":\"2014-12-15T10:01:26+00:00\",\"mainEntityOfPage\":{\"@id\":\"https:\/\/www.oficinaempleo.com\/blog\/el-instituto-cervantes-convoca-45-becas-de-practicas\/\"},\"wordCount\":608,\"commentCount\":0,\"publisher\":{\"@id\":\"https:\/\/www.oficinaempleo.com\/blog\/#organization\"},\"image\":{\"@id\":\"https:\/\/www.oficinaempleo.com\/blog\/el-instituto-cervantes-convoca-45-becas-de-practicas\/#primaryimage\"},\"thumbnailUrl\":\"https:\/\/www.oficinaempleo.com\/blog\/wp-content\/uploads\/2014\/12\/instituto-cervantes1.jpg\",\"keywords\":[\"contrato de pr\u00e1cticas\",\"pr\u00e1cticas Instituto cervantes\",\"pr\u00e1cticas laborales\"],\"articleSection\":[\"Noticias Empleo\",\"Primer empleo\"],\"inLanguage\":\"es\",\"potentialAction\":[{\"@type\":\"CommentAction\",\"name\":\"Comment\",\"target\":[\"https:\/\/www.oficinaempleo.com\/blog\/el-instituto-cervantes-convoca-45-becas-de-practicas\/#respond\"]}]},{\"@type\":\"WebPage\",\"@id\":\"https:\/\/www.oficinaempleo.com\/blog\/el-instituto-cervantes-convoca-45-becas-de-practicas\/\",\"url\":\"https:\/\/www.oficinaempleo.com\/blog\/el-instituto-cervantes-convoca-45-becas-de-practicas\/\",\"name\":\"El Instituto Cervantes convoca 45 becas de pr\u00e1cticas - Blog OficinaEmpleo\",\"isPartOf\":{\"@id\":\"https:\/\/www.oficinaempleo.com\/blog\/#website\"},\"primaryImageOfPage\":{\"@id\":\"https:\/\/www.oficinaempleo.com\/blog\/el-instituto-cervantes-convoca-45-becas-de-practicas\/#primaryimage\"},\"image\":{\"@id\":\"https:\/\/www.oficinaempleo.com\/blog\/el-instituto-cervantes-convoca-45-becas-de-practicas\/#primaryimage\"},\"thumbnailUrl\":\"https:\/\/www.oficinaempleo.com\/blog\/wp-content\/uploads\/2014\/12\/instituto-cervantes1.jpg\",\"datePublished\":\"2014-12-15T09:46:28+00:00\",\"dateModified\":\"2014-12-15T10:01:26+00:00\",\"breadcrumb\":{\"@id\":\"https:\/\/www.oficinaempleo.com\/blog\/el-instituto-cervantes-convoca-45-becas-de-practicas\/#breadcrumb\"},\"inLanguage\":\"es\",\"potentialAction\":[{\"@type\":\"ReadAction\",\"target\":[\"https:\/\/www.oficinaempleo.com\/blog\/el-instituto-cervantes-convoca-45-becas-de-practicas\/\"]}]},{\"@type\":\"ImageObject\",\"inLanguage\":\"es\",\"@id\":\"https:\/\/www.oficinaempleo.com\/blog\/el-instituto-cervantes-convoca-45-becas-de-practicas\/#primaryimage\",\"url\":\"https:\/\/www.oficinaempleo.com\/blog\/wp-content\/uploads\/2014\/12\/instituto-cervantes1.jpg\",\"contentUrl\":\"https:\/\/www.oficinaempleo.com\/blog\/wp-content\/uploads\/2014\/12\/instituto-cervantes1.jpg\",\"width\":800,\"height\":533},{\"@type\":\"BreadcrumbList\",\"@id\":\"https:\/\/www.oficinaempleo.com\/blog\/el-instituto-cervantes-convoca-45-becas-de-practicas\/#breadcrumb\",\"itemListElement\":[{\"@type\":\"ListItem\",\"position\":1,\"name\":\"Home\",\"item\":\"https:\/\/www.oficinaempleo.com\/blog\/\"},{\"@type\":\"ListItem\",\"position\":2,\"name\":\"El Instituto Cervantes convoca 45 becas de pr\u00e1cticas\"}]},{\"@type\":\"WebSite\",\"@id\":\"https:\/\/www.oficinaempleo.com\/blog\/#website\",\"url\":\"https:\/\/www.oficinaempleo.com\/blog\/\",\"name\":\"Noticias y Consejos de Empleo | Blog OficinaEmpleo\",\"description\":\"\",\"publisher\":{\"@id\":\"https:\/\/www.oficinaempleo.com\/blog\/#organization\"},\"potentialAction\":[{\"@type\":\"SearchAction\",\"target\":{\"@type\":\"EntryPoint\",\"urlTemplate\":\"https:\/\/www.oficinaempleo.com\/blog\/?s={search_term_string}\"},\"query-input\":{\"@type\":\"PropertyValueSpecification\",\"valueRequired\":true,\"valueName\":\"search_term_string\"}}],\"inLanguage\":\"es\"},{\"@type\":\"Organization\",\"@id\":\"https:\/\/www.oficinaempleo.com\/blog\/#organization\",\"name\":\"OficinaEmpleo\",\"url\":\"https:\/\/www.oficinaempleo.com\/blog\/\",\"logo\":{\"@type\":\"ImageObject\",\"inLanguage\":\"es\",\"@id\":\"https:\/\/www.oficinaempleo.com\/blog\/#\/schema\/logo\/image\/\",\"url\":\"https:\/\/www.oficinaempleo.com\/blog\/wp-content\/uploads\/2018\/10\/logo_footer-1.jpg\",\"contentUrl\":\"https:\/\/www.oficinaempleo.com\/blog\/wp-content\/uploads\/2018\/10\/logo_footer-1.jpg\",\"width\":478,\"height\":57,\"caption\":\"OficinaEmpleo\"},\"image\":{\"@id\":\"https:\/\/www.oficinaempleo.com\/blog\/#\/schema\/logo\/image\/\"},\"sameAs\":[\"https:\/\/x.com\/OficinaEmpleo\"]},{\"@type\":\"Person\",\"@id\":\"https:\/\/www.oficinaempleo.com\/blog\/#\/schema\/person\/a7f3437f35bd6bd9ad19addae529a114\",\"name\":\"OficinaEmpleo\",\"image\":{\"@type\":\"ImageObject\",\"inLanguage\":\"es\",\"@id\":\"https:\/\/www.oficinaempleo.com\/blog\/#\/schema\/person\/image\/\",\"url\":\"https:\/\/secure.gravatar.com\/avatar\/ea822afb14d7439ba3051d652cf8f548fe540f184ce16a2135fc22c9337bd72e?s=96&d=mm&r=g\",\"contentUrl\":\"https:\/\/secure.gravatar.com\/avatar\/ea822afb14d7439ba3051d652cf8f548fe540f184ce16a2135fc22c9337bd72e?s=96&d=mm&r=g\",\"caption\":\"OficinaEmpleo\"},\"description\":\"En OficinaEmpleo queremos ayudarte a conseguir trabajo. Por eso, adem\u00e1s de ofrecerte ofertas de empleo en nuestro portal, te ense\u00f1amos las novedades del sector, y consejos para mejorar tu perfil.\",\"sameAs\":[\"http:\/\/www.oficinaempleo.com\/\",\"https:\/\/www.facebook.com\/OficinaEmpleo\",\"https:\/\/x.com\/OficinaEmpleo\"],\"url\":\"https:\/\/www.oficinaempleo.com\/blog\/author\/empleo\/\"}]}<\/script>\n<!-- \/ Yoast SEO plugin. -->","yoast_head_json":{"title":"El Instituto Cervantes convoca 45 becas de pr\u00e1cticas - Blog OficinaEmpleo","robots":{"index":"index","follow":"follow","max-snippet":"max-snippet:-1","max-image-preview":"max-image-preview:large","max-video-preview":"max-video-preview:-1"},"canonical":"https:\/\/www.oficinaempleo.com\/blog\/el-instituto-cervantes-convoca-45-becas-de-practicas\/","og_locale":"es_ES","og_type":"article","og_title":"El Instituto Cervantes convoca 45 becas de pr\u00e1cticas - Blog OficinaEmpleo","og_description":"Las becas destinadas a la formaci\u00f3n y especializaci\u00f3n podr\u00e1n solicitarse hasta el 19 de diciembre","og_url":"https:\/\/www.oficinaempleo.com\/blog\/el-instituto-cervantes-convoca-45-becas-de-practicas\/","og_site_name":"Noticias y consejos de empleo | Blog OficinaEmpleo","article_author":"https:\/\/www.facebook.com\/OficinaEmpleo","article_published_time":"2014-12-15T09:46:28+00:00","article_modified_time":"2014-12-15T10:01:26+00:00","og_image":[{"width":800,"height":533,"url":"https:\/\/www.oficinaempleo.com\/blog\/wp-content\/uploads\/2014\/12\/instituto-cervantes1.jpg","type":"image\/jpeg"}],"author":"OficinaEmpleo","twitter_card":"summary_large_image","twitter_creator":"@OficinaEmpleo","twitter_site":"@OficinaEmpleo","twitter_misc":{"Written by":"OficinaEmpleo","Est. reading time":"3 minutos"},"schema":{"@context":"https:\/\/schema.org","@graph":[{"@type":"Article","@id":"https:\/\/www.oficinaempleo.com\/blog\/el-instituto-cervantes-convoca-45-becas-de-practicas\/#article","isPartOf":{"@id":"https:\/\/www.oficinaempleo.com\/blog\/el-instituto-cervantes-convoca-45-becas-de-practicas\/"},"author":{"name":"OficinaEmpleo","@id":"https:\/\/www.oficinaempleo.com\/blog\/#\/schema\/person\/a7f3437f35bd6bd9ad19addae529a114"},"headline":"El Instituto Cervantes convoca 45 becas de pr\u00e1cticas","datePublished":"2014-12-15T09:46:28+00:00","dateModified":"2014-12-15T10:01:26+00:00","mainEntityOfPage":{"@id":"https:\/\/www.oficinaempleo.com\/blog\/el-instituto-cervantes-convoca-45-becas-de-practicas\/"},"wordCount":608,"commentCount":0,"publisher":{"@id":"https:\/\/www.oficinaempleo.com\/blog\/#organization"},"image":{"@id":"https:\/\/www.oficinaempleo.com\/blog\/el-instituto-cervantes-convoca-45-becas-de-practicas\/#primaryimage"},"thumbnailUrl":"https:\/\/www.oficinaempleo.com\/blog\/wp-content\/uploads\/2014\/12\/instituto-cervantes1.jpg","keywords":["contrato de pr\u00e1cticas","pr\u00e1cticas Instituto cervantes","pr\u00e1cticas laborales"],"articleSection":["Noticias Empleo","Primer empleo"],"inLanguage":"es","potentialAction":[{"@type":"CommentAction","name":"Comment","target":["https:\/\/www.oficinaempleo.com\/blog\/el-instituto-cervantes-convoca-45-becas-de-practicas\/#respond"]}]},{"@type":"WebPage","@id":"https:\/\/www.oficinaempleo.com\/blog\/el-instituto-cervantes-convoca-45-becas-de-practicas\/","url":"https:\/\/www.oficinaempleo.com\/blog\/el-instituto-cervantes-convoca-45-becas-de-practicas\/","name":"El Instituto Cervantes convoca 45 becas de pr\u00e1cticas - Blog OficinaEmpleo","isPartOf":{"@id":"https:\/\/www.oficinaempleo.com\/blog\/#website"},"primaryImageOfPage":{"@id":"https:\/\/www.oficinaempleo.com\/blog\/el-instituto-cervantes-convoca-45-becas-de-practicas\/#primaryimage"},"image":{"@id":"https:\/\/www.oficinaempleo.com\/blog\/el-instituto-cervantes-convoca-45-becas-de-practicas\/#primaryimage"},"thumbnailUrl":"https:\/\/www.oficinaempleo.com\/blog\/wp-content\/uploads\/2014\/12\/instituto-cervantes1.jpg","datePublished":"2014-12-15T09:46:28+00:00","dateModified":"2014-12-15T10:01:26+00:00","breadcrumb":{"@id":"https:\/\/www.oficinaempleo.com\/blog\/el-instituto-cervantes-convoca-45-becas-de-practicas\/#breadcrumb"},"inLanguage":"es","potentialAction":[{"@type":"ReadAction","target":["https:\/\/www.oficinaempleo.com\/blog\/el-instituto-cervantes-convoca-45-becas-de-practicas\/"]}]},{"@type":"ImageObject","inLanguage":"es","@id":"https:\/\/www.oficinaempleo.com\/blog\/el-instituto-cervantes-convoca-45-becas-de-practicas\/#primaryimage","url":"https:\/\/www.oficinaempleo.com\/blog\/wp-content\/uploads\/2014\/12\/instituto-cervantes1.jpg","contentUrl":"https:\/\/www.oficinaempleo.com\/blog\/wp-content\/uploads\/2014\/12\/instituto-cervantes1.jpg","width":800,"height":533},{"@type":"BreadcrumbList","@id":"https:\/\/www.oficinaempleo.com\/blog\/el-instituto-cervantes-convoca-45-becas-de-practicas\/#breadcrumb","itemListElement":[{"@type":"ListItem","position":1,"name":"Home","item":"https:\/\/www.oficinaempleo.com\/blog\/"},{"@type":"ListItem","position":2,"name":"El Instituto Cervantes convoca 45 becas de pr\u00e1cticas"}]},{"@type":"WebSite","@id":"https:\/\/www.oficinaempleo.com\/blog\/#website","url":"https:\/\/www.oficinaempleo.com\/blog\/","name":"Noticias y Consejos de Empleo | Blog OficinaEmpleo","description":"","publisher":{"@id":"https:\/\/www.oficinaempleo.com\/blog\/#organization"},"potentialAction":[{"@type":"SearchAction","target":{"@type":"EntryPoint","urlTemplate":"https:\/\/www.oficinaempleo.com\/blog\/?s={search_term_string}"},"query-input":{"@type":"PropertyValueSpecification","valueRequired":true,"valueName":"search_term_string"}}],"inLanguage":"es"},{"@type":"Organization","@id":"https:\/\/www.oficinaempleo.com\/blog\/#organization","name":"OficinaEmpleo","url":"https:\/\/www.oficinaempleo.com\/blog\/","logo":{"@type":"ImageObject","inLanguage":"es","@id":"https:\/\/www.oficinaempleo.com\/blog\/#\/schema\/logo\/image\/","url":"https:\/\/www.oficinaempleo.com\/blog\/wp-content\/uploads\/2018\/10\/logo_footer-1.jpg","contentUrl":"https:\/\/www.oficinaempleo.com\/blog\/wp-content\/uploads\/2018\/10\/logo_footer-1.jpg","width":478,"height":57,"caption":"OficinaEmpleo"},"image":{"@id":"https:\/\/www.oficinaempleo.com\/blog\/#\/schema\/logo\/image\/"},"sameAs":["https:\/\/x.com\/OficinaEmpleo"]},{"@type":"Person","@id":"https:\/\/www.oficinaempleo.com\/blog\/#\/schema\/person\/a7f3437f35bd6bd9ad19addae529a114","name":"OficinaEmpleo","image":{"@type":"ImageObject","inLanguage":"es","@id":"https:\/\/www.oficinaempleo.com\/blog\/#\/schema\/person\/image\/","url":"https:\/\/secure.gravatar.com\/avatar\/ea822afb14d7439ba3051d652cf8f548fe540f184ce16a2135fc22c9337bd72e?s=96&d=mm&r=g","contentUrl":"https:\/\/secure.gravatar.com\/avatar\/ea822afb14d7439ba3051d652cf8f548fe540f184ce16a2135fc22c9337bd72e?s=96&d=mm&r=g","caption":"OficinaEmpleo"},"description":"En OficinaEmpleo queremos ayudarte a conseguir trabajo. Por eso, adem\u00e1s de ofrecerte ofertas de empleo en nuestro portal, te ense\u00f1amos las novedades del sector, y consejos para mejorar tu perfil.","sameAs":["http:\/\/www.oficinaempleo.com\/","https:\/\/www.facebook.com\/OficinaEmpleo","https:\/\/x.com\/OficinaEmpleo"],"url":"https:\/\/www.oficinaempleo.com\/blog\/author\/empleo\/"}]}},"_links":{"self":[{"href":"https:\/\/www.oficinaempleo.com\/blog\/wp-json\/wp\/v2\/posts\/2047","targetHints":{"allow":["GET"]}}],"collection":[{"href":"https:\/\/www.oficinaempleo.com\/blog\/wp-json\/wp\/v2\/posts"}],"about":[{"href":"https:\/\/www.oficinaempleo.com\/blog\/wp-json\/wp\/v2\/types\/post"}],"author":[{"embeddable":true,"href":"https:\/\/www.oficinaempleo.com\/blog\/wp-json\/wp\/v2\/users\/2"}],"replies":[{"embeddable":true,"href":"https:\/\/www.oficinaempleo.com\/blog\/wp-json\/wp\/v2\/comments?post=2047"}],"version-history":[{"count":0,"href":"https:\/\/www.oficinaempleo.com\/blog\/wp-json\/wp\/v2\/posts\/2047\/revisions"}],"wp:featuredmedia":[{"embeddable":true,"href":"https:\/\/www.oficinaempleo.com\/blog\/wp-json\/wp\/v2\/media\/2055"}],"wp:attachment":[{"href":"https:\/\/www.oficinaempleo.com\/blog\/wp-json\/wp\/v2\/media?parent=2047"}],"wp:term":[{"taxonomy":"category","embeddable":true,"href":"https:\/\/www.oficinaempleo.com\/blog\/wp-json\/wp\/v2\/categories?post=2047"},{"taxonomy":"post_tag","embeddable":true,"href":"https:\/\/www.oficinaempleo.com\/blog\/wp-json\/wp\/v2\/tags?post=2047"}],"curies":[{"name":"wp","href":"https:\/\/api.w.org\/{rel}","templated":true}]}}