{"id":20788,"date":"2017-07-31T09:23:01","date_gmt":"2017-07-31T08:23:01","guid":{"rendered":"http:\/\/www.oficinaempleo.com\/blog\/?p=20788"},"modified":"2017-07-31T13:27:14","modified_gmt":"2017-07-31T12:27:14","slug":"hm-oferta-puestos-trabajo-personal-tienda","status":"publish","type":"post","link":"https:\/\/www.oficinaempleo.com\/blog\/hm-oferta-puestos-trabajo-personal-tienda\/","title":{"rendered":"H&#038;M oferta puestos de trabajo para personal de tienda"},"content":{"rendered":"<div class=\"su-button-center\"><a href=\"https:\/\/jobs.oficinaempleo.com\/registro?origen=ORG-web&#038;utm_source=OE&#038;utm_medium=boton_registro&#038;utm_content=homepage&#038;utm_campaign=organic\" class=\"su-button su-button-style-flat\" style=\"color:#FFFFFF;background-color:#ec7d0c;border-color:#bd640a;border-radius:10px\" target=\"__blank\"><span style=\"color:#FFFFFF;padding:8px 26px;font-size:20px;line-height:30px;border-color:#f2a455;border-radius:10px;text-shadow:none\"><i class=\"sui sui-arrow-circle-right\" style=\"font-size:20px;color:#FFFFFF\"><\/i> Reg\u00edstrate gratis en OficinaEmpleo<\/span><\/a><\/div><div class=\"su-spacer\" style=\"height:30px\"><\/div>\n<p>La <strong>cadena sueca H&amp;M<\/strong> es el segundo grupo textil m\u00e1s importante de Europa. Consta con m\u00e1s de 4.200 tiendas repartidas en 62 pa\u00edses y actualmente da trabajo a m\u00e1s de 76.000 personas.<\/p>\n<p>Esta gran marca no deja de crecer, en su bolsa de empelo oferta cientos de puestos con un sueldo medio de unos 12.ooo euros al a\u00f1o, dependiendo del puesto que ocupes est\u00e1 cantidad var\u00eda.<\/p>\n<div id=\"attachment_20789\" style=\"width: 760px\" class=\"wp-caption aligncenter\"><a href=\"http:\/\/www.oficinaempleo.com\/blog\/wp-content\/uploads\/2017\/07\/Dise\u00f1o-sin-t\u00edtulo-17.png\"><img loading=\"lazy\" decoding=\"async\" aria-describedby=\"caption-attachment-20789\" class=\"wp-image-20789 size-full\" src=\"http:\/\/www.oficinaempleo.com\/blog\/wp-content\/uploads\/2017\/07\/Dise\u00f1o-sin-t\u00edtulo-17.png\" alt=\"Tienda H&amp;M (Flickr)\" width=\"750\" height=\"390\" srcset=\"https:\/\/www.oficinaempleo.com\/blog\/wp-content\/uploads\/2017\/07\/Dise\u00f1o-sin-t\u00edtulo-17.png 750w, https:\/\/www.oficinaempleo.com\/blog\/wp-content\/uploads\/2017\/07\/Dise\u00f1o-sin-t\u00edtulo-17-300x156.png 300w, https:\/\/www.oficinaempleo.com\/blog\/wp-content\/uploads\/2017\/07\/Dise\u00f1o-sin-t\u00edtulo-17-290x150.png 290w\" sizes=\"auto, (max-width: 750px) 100vw, 750px\" \/><\/a><p id=\"caption-attachment-20789\" class=\"wp-caption-text\">Tienda H&amp;M (Flickr)<\/p><\/div>\n<p><strong>\u00bfQu\u00e9 tipo de vacantes oferta H&amp;M?<\/strong> Los puestos que se demandan son varios, ya que dentro de est\u00e1 cadena trabajan muchos tipo de profesionales, entre ellos, buscan; <strong>vendedores a tiempo parcial y completo, responsables de tienda, dise\u00f1adores, visual merchandansier, asistentes <\/strong>y muchos otros.<\/p>\n<p>Si estas interesado en estos puestos puedes ver todas las ofertas detalladas y los requisitos en su p\u00e1gina de empleo, pinchando<a href=\"https:\/\/career.hm.com\/content\/hmcareer\/es_es\/findjob.html\"><strong>\u00a0aqu\u00ed<\/strong>.<\/a><\/p>\n<p><strong>Los valores que la empresa busca<\/strong> en sus trabajadores son; que seas una persona comercial, sociable, abierta, comunicativa y ambiciosa, llena de iniciativa y optimismo.<\/p>\n<p>Si ya tienes experiencia en el sector no te ser\u00e1 dif\u00edcil poder demostrar tus cualidades, si por el contrario a\u00fan no has trabajado con este tipo de empresas te dejamos m\u00e1s detalladamente los requisitos generales que piden:<\/p>\n<ul>\n<li>Una actitud positiva.<\/li>\n<li>Ser organizado\/a y tener capacidad para hacer frente a un gran volumen de trabajo.<\/li>\n<li>Voluntad de aprender.<\/li>\n<li>Capacidad para establecer prioridades y planificar.<\/li>\n<li>Ser comunicativo y agradable con el equipo.<\/li>\n<li>Capacidad para detectar las oportunidades de venta.<\/li>\n<li>Tener iniciativa y ambici\u00f3n.<\/li>\n<\/ul>\n<p>Si crees que posees todas estas cualidades y que puedes aportar un gran valor a la cadena, accede a <a href=\"https:\/\/career.hm.com\/content\/hmcareer\/es_es\/findjob.html\">su p\u00e1gina de empleo<\/a>, busca la oferta que se adapte a tus necesidades, inf\u00f3rmate sobre las condiciones laborales y manda tu curr\u00edculum. Tienen cientos de vacantes esperando a personas como t\u00fa.<\/p>\n<p>\u00bfTe gustar\u00eda trabajar en otras empresas del sector? En <a href=\"https:\/\/www.oficinaempleo.com\/\">Oficina Empleo<\/a> tenemos miles de ofertas que pueden ajustarse m\u00e1s a tus necesidades como, <a href=\"http:\/\/www.oficinaempleo.com\/blog\/como-trabajar-en-decimas\/\">trabajar en D\u00e9cimas<\/a> o <a href=\"http:\/\/www.oficinaempleo.com\/blog\/como-trabajar-en-el-mundo-de-la-moda\/\">c\u00f3mo trabajar en el mundo de la moda<\/a>. !Entra e inf\u00f3rmate!<\/p>\n<p><strong>Encuentra trabajo en Espa\u00f1a:<\/strong><\/p>\n<ol>\n<li><a href=\"https:\/\/www.oficinaempleo.com\/trabajos-en\/madrid\"  rel=\"noopener noreferrer\" data-saferedirecturl=\"https:\/\/jobs.oficinaempleo.com\/registro?origen=ORG-web&utm_source=OE&utm_medium=boton_registro&utm_content=homepage&utm_campaign=organic\" target=\"_blank\">Trabajos en Madrid<\/a><\/li>\n<li><a href=\"https:\/\/www.oficinaempleo.com\/trabajos-en\/barcelona\"  rel=\"noopener noreferrer\" data-saferedirecturl=\"https:\/\/jobs.oficinaempleo.com\/registro?origen=ORG-web&utm_source=OE&utm_medium=boton_registro&utm_content=homepage&utm_campaign=organic\" target=\"_blank\">Trabajos en Barcelona<\/a><\/li>\n<li><a href=\"https:\/\/www.oficinaempleo.com\/trabajos-en\/alicante\"  rel=\"noopener noreferrer\" data-saferedirecturl=\"https:\/\/jobs.oficinaempleo.com\/registro?origen=ORG-web&utm_source=OE&utm_medium=boton_registro&utm_content=homepage&utm_campaign=organic\" target=\"_blank\">Trabajos en Alicante<\/a><\/li>\n<li><a href=\"https:\/\/www.oficinaempleo.com\/trabajos-en\/santa-cruz-de-tenerife\"  rel=\"noopener noreferrer\" data-saferedirecturl=\"https:\/\/jobs.oficinaempleo.com\/registro?origen=ORG-web&utm_source=OE&utm_medium=boton_registro&utm_content=homepage&utm_campaign=organic\" target=\"_blank\">Trabajos en Santa Cruz de Tenerife<\/a><\/li>\n<li><a href=\"https:\/\/www.oficinaempleo.com\/trabajos-en\/sevilla\"  rel=\"noopener noreferrer\" data-saferedirecturl=\"https:\/\/jobs.oficinaempleo.com\/registro?origen=ORG-web&utm_source=OE&utm_medium=boton_registro&utm_content=homepage&utm_campaign=organic\" target=\"_blank\">Trabajos en Sevilla<\/a><\/li>\n<\/ol>\n<div class=\"su-button-center\"><a href=\"https:\/\/jobs.oficinaempleo.com\/registro?origen=ORG-web&#038;utm_source=OE&#038;utm_medium=boton_registro&#038;utm_content=homepage&#038;utm_campaign=organic\" class=\"su-button su-button-style-flat\" style=\"color:#FFFFFF;background-color:#ec7d0c;border-color:#bd640a;border-radius:10px\" target=\"__blank\"><span style=\"color:#FFFFFF;padding:8px 26px;font-size:20px;line-height:30px;border-color:#f2a455;border-radius:10px;text-shadow:none\"><i class=\"sui sui-arrow-circle-right\" style=\"font-size:20px;color:#FFFFFF\"><\/i> Reg\u00edstrate gratis en OficinaEmpleo<\/span><\/a><\/div><div class=\"su-spacer\" style=\"height:30px\"><\/div>\n","protected":false},"excerpt":{"rendered":"<p>La cadena sueca H&amp;M es el segundo grupo textil m\u00e1s importante de Europa. Consta con m\u00e1s de 4.200 tiendas repartidas en 62 pa\u00edses y actualmente da trabajo a m\u00e1s de 76.000 personas. Esta gran marca no deja de crecer, en su bolsa de empelo oferta cientos de puestos con un sueldo medio de unos 12.ooo [&hellip;]<\/p>\n","protected":false},"author":25,"featured_media":20808,"comment_status":"open","ping_status":"open","sticky":false,"template":"","format":"standard","meta":{"footnotes":""},"categories":[691,637,3,689],"tags":[2682,24,1252,25],"class_list":["post-20788","post","type-post","status-publish","format-standard","has-post-thumbnail","hentry","category-actualidad-empleo","category-empleo-internacional-2","category-noticias-empleo","category-ofertas-empleo-destacadas","tag-buscar","tag-empleo","tag-hm","tag-trabajo","cat-691-id","cat-637-id","cat-3-id","cat-689-id","has_thumb"],"yoast_head":"<!-- This site is optimized with the Yoast SEO plugin v27.1.1 - https:\/\/yoast.com\/product\/yoast-seo-wordpress\/ -->\n<title>H&amp;M oferta puestos de trabajo para personal de tienda - Blog OficinaEmpleo<\/title>\n<meta name=\"description\" content=\"H&amp;M oferta cientos de puestos de trabajos para ti, con diferentes ofertas.\" \/>\n<meta name=\"robots\" content=\"index, follow, max-snippet:-1, max-image-preview:large, max-video-preview:-1\" \/>\n<link rel=\"canonical\" href=\"https:\/\/www.oficinaempleo.com\/blog\/hm-oferta-puestos-trabajo-personal-tienda\/\" \/>\n<meta property=\"og:locale\" content=\"es_ES\" \/>\n<meta property=\"og:type\" content=\"article\" \/>\n<meta property=\"og:title\" content=\"H&amp;M oferta puestos de trabajo para personal de tienda - Blog OficinaEmpleo\" \/>\n<meta property=\"og:description\" content=\"H&amp;M oferta cientos de puestos de trabajos para ti, con diferentes ofertas.\" \/>\n<meta property=\"og:url\" content=\"https:\/\/www.oficinaempleo.com\/blog\/hm-oferta-puestos-trabajo-personal-tienda\/\" \/>\n<meta property=\"og:site_name\" content=\"Noticias y consejos de empleo | Blog OficinaEmpleo\" \/>\n<meta property=\"article:published_time\" content=\"2017-07-31T08:23:01+00:00\" \/>\n<meta property=\"article:modified_time\" content=\"2017-07-31T12:27:14+00:00\" \/>\n<meta property=\"og:image\" content=\"https:\/\/www.oficinaempleo.com\/blog\/wp-content\/uploads\/2017\/07\/Dise\u00f1o-sin-t\u00edtulo-24.png\" \/>\n\t<meta property=\"og:image:width\" content=\"1920\" \/>\n\t<meta property=\"og:image:height\" content=\"560\" \/>\n\t<meta property=\"og:image:type\" content=\"image\/png\" \/>\n<meta name=\"author\" content=\"Elizabeth Vidarte\" \/>\n<meta name=\"twitter:card\" content=\"summary_large_image\" \/>\n<meta name=\"twitter:creator\" content=\"@OficinaEmpleo\" \/>\n<meta name=\"twitter:site\" content=\"@OficinaEmpleo\" \/>\n<meta name=\"twitter:label1\" content=\"Written by\" \/>\n\t<meta name=\"twitter:data1\" content=\"Elizabeth Vidarte\" \/>\n\t<meta name=\"twitter:label2\" content=\"Est. reading time\" \/>\n\t<meta name=\"twitter:data2\" content=\"2 minutos\" \/>\n<script type=\"application\/ld+json\" class=\"yoast-schema-graph\">{\"@context\":\"https:\/\/schema.org\",\"@graph\":[{\"@type\":\"Article\",\"@id\":\"https:\/\/www.oficinaempleo.com\/blog\/hm-oferta-puestos-trabajo-personal-tienda\/#article\",\"isPartOf\":{\"@id\":\"https:\/\/www.oficinaempleo.com\/blog\/hm-oferta-puestos-trabajo-personal-tienda\/\"},\"author\":{\"name\":\"Elizabeth Vidarte\",\"@id\":\"https:\/\/www.oficinaempleo.com\/blog\/#\/schema\/person\/882163e367deaae2a6b7d0a57c53e596\"},\"headline\":\"H&#038;M oferta puestos de trabajo para personal de tienda\",\"datePublished\":\"2017-07-31T08:23:01+00:00\",\"dateModified\":\"2017-07-31T12:27:14+00:00\",\"mainEntityOfPage\":{\"@id\":\"https:\/\/www.oficinaempleo.com\/blog\/hm-oferta-puestos-trabajo-personal-tienda\/\"},\"wordCount\":456,\"commentCount\":73,\"publisher\":{\"@id\":\"https:\/\/www.oficinaempleo.com\/blog\/#organization\"},\"image\":{\"@id\":\"https:\/\/www.oficinaempleo.com\/blog\/hm-oferta-puestos-trabajo-personal-tienda\/#primaryimage\"},\"thumbnailUrl\":\"https:\/\/www.oficinaempleo.com\/blog\/wp-content\/uploads\/2017\/07\/Dise\u00f1o-sin-t\u00edtulo-24.png\",\"keywords\":[\"Buscar\",\"empleo\",\"H&amp;M\",\"trabajo\"],\"articleSection\":[\"Actualidad\",\"Empleo Internacional\",\"Noticias Empleo\",\"Ofertas destacadas\"],\"inLanguage\":\"es\",\"potentialAction\":[{\"@type\":\"CommentAction\",\"name\":\"Comment\",\"target\":[\"https:\/\/www.oficinaempleo.com\/blog\/hm-oferta-puestos-trabajo-personal-tienda\/#respond\"]}]},{\"@type\":\"WebPage\",\"@id\":\"https:\/\/www.oficinaempleo.com\/blog\/hm-oferta-puestos-trabajo-personal-tienda\/\",\"url\":\"https:\/\/www.oficinaempleo.com\/blog\/hm-oferta-puestos-trabajo-personal-tienda\/\",\"name\":\"H&M oferta puestos de trabajo para personal de tienda - Blog OficinaEmpleo\",\"isPartOf\":{\"@id\":\"https:\/\/www.oficinaempleo.com\/blog\/#website\"},\"primaryImageOfPage\":{\"@id\":\"https:\/\/www.oficinaempleo.com\/blog\/hm-oferta-puestos-trabajo-personal-tienda\/#primaryimage\"},\"image\":{\"@id\":\"https:\/\/www.oficinaempleo.com\/blog\/hm-oferta-puestos-trabajo-personal-tienda\/#primaryimage\"},\"thumbnailUrl\":\"https:\/\/www.oficinaempleo.com\/blog\/wp-content\/uploads\/2017\/07\/Dise\u00f1o-sin-t\u00edtulo-24.png\",\"datePublished\":\"2017-07-31T08:23:01+00:00\",\"dateModified\":\"2017-07-31T12:27:14+00:00\",\"description\":\"H&M oferta cientos de puestos de trabajos para ti, con diferentes ofertas.\",\"breadcrumb\":{\"@id\":\"https:\/\/www.oficinaempleo.com\/blog\/hm-oferta-puestos-trabajo-personal-tienda\/#breadcrumb\"},\"inLanguage\":\"es\",\"potentialAction\":[{\"@type\":\"ReadAction\",\"target\":[\"https:\/\/www.oficinaempleo.com\/blog\/hm-oferta-puestos-trabajo-personal-tienda\/\"]}]},{\"@type\":\"ImageObject\",\"inLanguage\":\"es\",\"@id\":\"https:\/\/www.oficinaempleo.com\/blog\/hm-oferta-puestos-trabajo-personal-tienda\/#primaryimage\",\"url\":\"https:\/\/www.oficinaempleo.com\/blog\/wp-content\/uploads\/2017\/07\/Dise\u00f1o-sin-t\u00edtulo-24.png\",\"contentUrl\":\"https:\/\/www.oficinaempleo.com\/blog\/wp-content\/uploads\/2017\/07\/Dise\u00f1o-sin-t\u00edtulo-24.png\",\"width\":1920,\"height\":560},{\"@type\":\"BreadcrumbList\",\"@id\":\"https:\/\/www.oficinaempleo.com\/blog\/hm-oferta-puestos-trabajo-personal-tienda\/#breadcrumb\",\"itemListElement\":[{\"@type\":\"ListItem\",\"position\":1,\"name\":\"Home\",\"item\":\"https:\/\/www.oficinaempleo.com\/blog\/\"},{\"@type\":\"ListItem\",\"position\":2,\"name\":\"H&#038;M oferta puestos de trabajo para personal de tienda\"}]},{\"@type\":\"WebSite\",\"@id\":\"https:\/\/www.oficinaempleo.com\/blog\/#website\",\"url\":\"https:\/\/www.oficinaempleo.com\/blog\/\",\"name\":\"Noticias y Consejos de Empleo | Blog OficinaEmpleo\",\"description\":\"\",\"publisher\":{\"@id\":\"https:\/\/www.oficinaempleo.com\/blog\/#organization\"},\"potentialAction\":[{\"@type\":\"SearchAction\",\"target\":{\"@type\":\"EntryPoint\",\"urlTemplate\":\"https:\/\/www.oficinaempleo.com\/blog\/?s={search_term_string}\"},\"query-input\":{\"@type\":\"PropertyValueSpecification\",\"valueRequired\":true,\"valueName\":\"search_term_string\"}}],\"inLanguage\":\"es\"},{\"@type\":\"Organization\",\"@id\":\"https:\/\/www.oficinaempleo.com\/blog\/#organization\",\"name\":\"OficinaEmpleo\",\"url\":\"https:\/\/www.oficinaempleo.com\/blog\/\",\"logo\":{\"@type\":\"ImageObject\",\"inLanguage\":\"es\",\"@id\":\"https:\/\/www.oficinaempleo.com\/blog\/#\/schema\/logo\/image\/\",\"url\":\"https:\/\/www.oficinaempleo.com\/blog\/wp-content\/uploads\/2018\/10\/logo_footer-1.jpg\",\"contentUrl\":\"https:\/\/www.oficinaempleo.com\/blog\/wp-content\/uploads\/2018\/10\/logo_footer-1.jpg\",\"width\":478,\"height\":57,\"caption\":\"OficinaEmpleo\"},\"image\":{\"@id\":\"https:\/\/www.oficinaempleo.com\/blog\/#\/schema\/logo\/image\/\"},\"sameAs\":[\"https:\/\/x.com\/OficinaEmpleo\"]},{\"@type\":\"Person\",\"@id\":\"https:\/\/www.oficinaempleo.com\/blog\/#\/schema\/person\/882163e367deaae2a6b7d0a57c53e596\",\"name\":\"Elizabeth Vidarte\",\"image\":{\"@type\":\"ImageObject\",\"inLanguage\":\"es\",\"@id\":\"https:\/\/www.oficinaempleo.com\/blog\/#\/schema\/person\/image\/\",\"url\":\"https:\/\/secure.gravatar.com\/avatar\/4036a2a9e78829de615b7aebe7ef2e14664b71194a6de83a686f172a3d335184?s=96&d=mm&r=g\",\"contentUrl\":\"https:\/\/secure.gravatar.com\/avatar\/4036a2a9e78829de615b7aebe7ef2e14664b71194a6de83a686f172a3d335184?s=96&d=mm&r=g\",\"caption\":\"Elizabeth Vidarte\"},\"url\":\"https:\/\/www.oficinaempleo.com\/blog\/author\/elizabeth\/\"}]}<\/script>\n<!-- \/ Yoast SEO plugin. -->","yoast_head_json":{"title":"H&M oferta puestos de trabajo para personal de tienda - Blog OficinaEmpleo","description":"H&M oferta cientos de puestos de trabajos para ti, con diferentes ofertas.","robots":{"index":"index","follow":"follow","max-snippet":"max-snippet:-1","max-image-preview":"max-image-preview:large","max-video-preview":"max-video-preview:-1"},"canonical":"https:\/\/www.oficinaempleo.com\/blog\/hm-oferta-puestos-trabajo-personal-tienda\/","og_locale":"es_ES","og_type":"article","og_title":"H&M oferta puestos de trabajo para personal de tienda - Blog OficinaEmpleo","og_description":"H&M oferta cientos de puestos de trabajos para ti, con diferentes ofertas.","og_url":"https:\/\/www.oficinaempleo.com\/blog\/hm-oferta-puestos-trabajo-personal-tienda\/","og_site_name":"Noticias y consejos de empleo | Blog OficinaEmpleo","article_published_time":"2017-07-31T08:23:01+00:00","article_modified_time":"2017-07-31T12:27:14+00:00","og_image":[{"width":1920,"height":560,"url":"https:\/\/www.oficinaempleo.com\/blog\/wp-content\/uploads\/2017\/07\/Dise\u00f1o-sin-t\u00edtulo-24.png","type":"image\/png"}],"author":"Elizabeth Vidarte","twitter_card":"summary_large_image","twitter_creator":"@OficinaEmpleo","twitter_site":"@OficinaEmpleo","twitter_misc":{"Written by":"Elizabeth Vidarte","Est. reading time":"2 minutos"},"schema":{"@context":"https:\/\/schema.org","@graph":[{"@type":"Article","@id":"https:\/\/www.oficinaempleo.com\/blog\/hm-oferta-puestos-trabajo-personal-tienda\/#article","isPartOf":{"@id":"https:\/\/www.oficinaempleo.com\/blog\/hm-oferta-puestos-trabajo-personal-tienda\/"},"author":{"name":"Elizabeth Vidarte","@id":"https:\/\/www.oficinaempleo.com\/blog\/#\/schema\/person\/882163e367deaae2a6b7d0a57c53e596"},"headline":"H&#038;M oferta puestos de trabajo para personal de tienda","datePublished":"2017-07-31T08:23:01+00:00","dateModified":"2017-07-31T12:27:14+00:00","mainEntityOfPage":{"@id":"https:\/\/www.oficinaempleo.com\/blog\/hm-oferta-puestos-trabajo-personal-tienda\/"},"wordCount":456,"commentCount":73,"publisher":{"@id":"https:\/\/www.oficinaempleo.com\/blog\/#organization"},"image":{"@id":"https:\/\/www.oficinaempleo.com\/blog\/hm-oferta-puestos-trabajo-personal-tienda\/#primaryimage"},"thumbnailUrl":"https:\/\/www.oficinaempleo.com\/blog\/wp-content\/uploads\/2017\/07\/Dise\u00f1o-sin-t\u00edtulo-24.png","keywords":["Buscar","empleo","H&amp;M","trabajo"],"articleSection":["Actualidad","Empleo Internacional","Noticias Empleo","Ofertas destacadas"],"inLanguage":"es","potentialAction":[{"@type":"CommentAction","name":"Comment","target":["https:\/\/www.oficinaempleo.com\/blog\/hm-oferta-puestos-trabajo-personal-tienda\/#respond"]}]},{"@type":"WebPage","@id":"https:\/\/www.oficinaempleo.com\/blog\/hm-oferta-puestos-trabajo-personal-tienda\/","url":"https:\/\/www.oficinaempleo.com\/blog\/hm-oferta-puestos-trabajo-personal-tienda\/","name":"H&M oferta puestos de trabajo para personal de tienda - Blog OficinaEmpleo","isPartOf":{"@id":"https:\/\/www.oficinaempleo.com\/blog\/#website"},"primaryImageOfPage":{"@id":"https:\/\/www.oficinaempleo.com\/blog\/hm-oferta-puestos-trabajo-personal-tienda\/#primaryimage"},"image":{"@id":"https:\/\/www.oficinaempleo.com\/blog\/hm-oferta-puestos-trabajo-personal-tienda\/#primaryimage"},"thumbnailUrl":"https:\/\/www.oficinaempleo.com\/blog\/wp-content\/uploads\/2017\/07\/Dise\u00f1o-sin-t\u00edtulo-24.png","datePublished":"2017-07-31T08:23:01+00:00","dateModified":"2017-07-31T12:27:14+00:00","description":"H&M oferta cientos de puestos de trabajos para ti, con diferentes ofertas.","breadcrumb":{"@id":"https:\/\/www.oficinaempleo.com\/blog\/hm-oferta-puestos-trabajo-personal-tienda\/#breadcrumb"},"inLanguage":"es","potentialAction":[{"@type":"ReadAction","target":["https:\/\/www.oficinaempleo.com\/blog\/hm-oferta-puestos-trabajo-personal-tienda\/"]}]},{"@type":"ImageObject","inLanguage":"es","@id":"https:\/\/www.oficinaempleo.com\/blog\/hm-oferta-puestos-trabajo-personal-tienda\/#primaryimage","url":"https:\/\/www.oficinaempleo.com\/blog\/wp-content\/uploads\/2017\/07\/Dise\u00f1o-sin-t\u00edtulo-24.png","contentUrl":"https:\/\/www.oficinaempleo.com\/blog\/wp-content\/uploads\/2017\/07\/Dise\u00f1o-sin-t\u00edtulo-24.png","width":1920,"height":560},{"@type":"BreadcrumbList","@id":"https:\/\/www.oficinaempleo.com\/blog\/hm-oferta-puestos-trabajo-personal-tienda\/#breadcrumb","itemListElement":[{"@type":"ListItem","position":1,"name":"Home","item":"https:\/\/www.oficinaempleo.com\/blog\/"},{"@type":"ListItem","position":2,"name":"H&#038;M oferta puestos de trabajo para personal de tienda"}]},{"@type":"WebSite","@id":"https:\/\/www.oficinaempleo.com\/blog\/#website","url":"https:\/\/www.oficinaempleo.com\/blog\/","name":"Noticias y Consejos de Empleo | Blog OficinaEmpleo","description":"","publisher":{"@id":"https:\/\/www.oficinaempleo.com\/blog\/#organization"},"potentialAction":[{"@type":"SearchAction","target":{"@type":"EntryPoint","urlTemplate":"https:\/\/www.oficinaempleo.com\/blog\/?s={search_term_string}"},"query-input":{"@type":"PropertyValueSpecification","valueRequired":true,"valueName":"search_term_string"}}],"inLanguage":"es"},{"@type":"Organization","@id":"https:\/\/www.oficinaempleo.com\/blog\/#organization","name":"OficinaEmpleo","url":"https:\/\/www.oficinaempleo.com\/blog\/","logo":{"@type":"ImageObject","inLanguage":"es","@id":"https:\/\/www.oficinaempleo.com\/blog\/#\/schema\/logo\/image\/","url":"https:\/\/www.oficinaempleo.com\/blog\/wp-content\/uploads\/2018\/10\/logo_footer-1.jpg","contentUrl":"https:\/\/www.oficinaempleo.com\/blog\/wp-content\/uploads\/2018\/10\/logo_footer-1.jpg","width":478,"height":57,"caption":"OficinaEmpleo"},"image":{"@id":"https:\/\/www.oficinaempleo.com\/blog\/#\/schema\/logo\/image\/"},"sameAs":["https:\/\/x.com\/OficinaEmpleo"]},{"@type":"Person","@id":"https:\/\/www.oficinaempleo.com\/blog\/#\/schema\/person\/882163e367deaae2a6b7d0a57c53e596","name":"Elizabeth Vidarte","image":{"@type":"ImageObject","inLanguage":"es","@id":"https:\/\/www.oficinaempleo.com\/blog\/#\/schema\/person\/image\/","url":"https:\/\/secure.gravatar.com\/avatar\/4036a2a9e78829de615b7aebe7ef2e14664b71194a6de83a686f172a3d335184?s=96&d=mm&r=g","contentUrl":"https:\/\/secure.gravatar.com\/avatar\/4036a2a9e78829de615b7aebe7ef2e14664b71194a6de83a686f172a3d335184?s=96&d=mm&r=g","caption":"Elizabeth Vidarte"},"url":"https:\/\/www.oficinaempleo.com\/blog\/author\/elizabeth\/"}]}},"_links":{"self":[{"href":"https:\/\/www.oficinaempleo.com\/blog\/wp-json\/wp\/v2\/posts\/20788","targetHints":{"allow":["GET"]}}],"collection":[{"href":"https:\/\/www.oficinaempleo.com\/blog\/wp-json\/wp\/v2\/posts"}],"about":[{"href":"https:\/\/www.oficinaempleo.com\/blog\/wp-json\/wp\/v2\/types\/post"}],"author":[{"embeddable":true,"href":"https:\/\/www.oficinaempleo.com\/blog\/wp-json\/wp\/v2\/users\/25"}],"replies":[{"embeddable":true,"href":"https:\/\/www.oficinaempleo.com\/blog\/wp-json\/wp\/v2\/comments?post=20788"}],"version-history":[{"count":0,"href":"https:\/\/www.oficinaempleo.com\/blog\/wp-json\/wp\/v2\/posts\/20788\/revisions"}],"wp:featuredmedia":[{"embeddable":true,"href":"https:\/\/www.oficinaempleo.com\/blog\/wp-json\/wp\/v2\/media\/20808"}],"wp:attachment":[{"href":"https:\/\/www.oficinaempleo.com\/blog\/wp-json\/wp\/v2\/media?parent=20788"}],"wp:term":[{"taxonomy":"category","embeddable":true,"href":"https:\/\/www.oficinaempleo.com\/blog\/wp-json\/wp\/v2\/categories?post=20788"},{"taxonomy":"post_tag","embeddable":true,"href":"https:\/\/www.oficinaempleo.com\/blog\/wp-json\/wp\/v2\/tags?post=20788"}],"curies":[{"name":"wp","href":"https:\/\/api.w.org\/{rel}","templated":true}]}}