{"id":20945,"date":"2017-08-07T11:10:10","date_gmt":"2017-08-07T10:10:10","guid":{"rendered":"http:\/\/www.oficinaempleo.com\/blog\/?p=20945"},"modified":"2017-08-07T12:21:45","modified_gmt":"2017-08-07T11:21:45","slug":"supermecados-bm-creara-200-puestos-de-trabajo","status":"publish","type":"post","link":"https:\/\/www.oficinaempleo.com\/blog\/supermecados-bm-creara-200-puestos-de-trabajo\/","title":{"rendered":"Supermecados BM oferta 200 nuevos puestos de trabajo en Espa\u00f1a"},"content":{"rendered":"<div class=\"su-button-center\"><a href=\"https:\/\/jobs.oficinaempleo.com\/registro?origen=ORG-web&#038;utm_source=OE&#038;utm_medium=boton_registro&#038;utm_content=homepage&#038;utm_campaign=organic\" class=\"su-button su-button-style-flat\" style=\"color:#FFFFFF;background-color:#ec7d0c;border-color:#bd640a;border-radius:10px\" target=\"__blank\"><span style=\"color:#FFFFFF;padding:8px 26px;font-size:20px;line-height:30px;border-color:#f2a455;border-radius:10px;text-shadow:none\"><i class=\"sui sui-arrow-circle-right\" style=\"font-size:20px;color:#FFFFFF\"><\/i> Reg\u00edstrate gratis en OficinaEmpleo<\/span><\/a><\/div><div class=\"su-spacer\" style=\"height:30px\"><\/div>\n<strong>Supermercados BM<\/strong> pertenece al<strong> Grupo guipuzcoano\u00a0Uvesco<\/strong> junto con Super Amara, ambos supermercados surgieron en 1993 debido a la fusi\u00f3n entre\u00a0la c\u00e1ntabra Ves de Torrelavega\u00a0y la guipuzcoana Unialco de Irun.<\/p>\n<p>El\u00a0<b>Grupo Uvesco<\/b>\u00a0es una empresa de distribuci\u00f3n con presencia en m\u00e1s de 200 supermercados en el norte de Espa\u00f1a, especialmente en Guip\u00fazcoa, Vizcaya, \u00c1lava, Navarra, Cantabria\u00a0y La Rioja. Este gran grupo cuenta con una plantilla de m\u00e1s de 3.500 trabajadores.<\/p>\n<p>&nbsp;<\/p>\n<div id=\"attachment_20946\" style=\"width: 760px\" class=\"wp-caption aligncenter\"><a href=\"http:\/\/www.oficinaempleo.com\/blog\/wp-content\/uploads\/2017\/08\/Dise\u00f1o-sin-t\u00edtulo-44.png\"><img loading=\"lazy\" decoding=\"async\" aria-describedby=\"caption-attachment-20946\" class=\"wp-image-20946 size-full\" src=\"http:\/\/www.oficinaempleo.com\/blog\/wp-content\/uploads\/2017\/08\/Dise\u00f1o-sin-t\u00edtulo-44.png\" alt=\"Encontrar trabajo en supermercados BM (iStock)\" width=\"750\" height=\"390\" srcset=\"https:\/\/www.oficinaempleo.com\/blog\/wp-content\/uploads\/2017\/08\/Dise\u00f1o-sin-t\u00edtulo-44.png 750w, https:\/\/www.oficinaempleo.com\/blog\/wp-content\/uploads\/2017\/08\/Dise\u00f1o-sin-t\u00edtulo-44-300x156.png 300w, https:\/\/www.oficinaempleo.com\/blog\/wp-content\/uploads\/2017\/08\/Dise\u00f1o-sin-t\u00edtulo-44-290x150.png 290w\" sizes=\"auto, (max-width: 750px) 100vw, 750px\" \/><\/a><p id=\"caption-attachment-20946\" class=\"wp-caption-text\">Encontrar trabajo en supermercados BM (iStock)<\/p><\/div>\n<p>&nbsp;<\/p>\n<p>Actualmente est\u00e1 expandiendo sus supermercados BM, que poco a poco van haciendo notar su presencia y competitividad con respecto al resto de cadenas del mismo tipo. En lo que queda de a\u00f1o, esta empresa tiene pensado abrir uno 10 supermercados BM y as\u00ed crear\u00e1 y ofertar\u00e1 unos 200 puestos de trabajo nuevos, a los que se sumar\u00e1n 420 trabajadores que la empresa contrat\u00f3 entre Semana Santa y el mes de agosto.<\/p>\n<p>De momento las localizaciones donde esta empresa tiene pensado montar sus nuevos supermercados son en Euskadi, Navarra, La Rioja, Cantabria, \u00c1vila y Madrid.<\/p>\n<p>Lo m\u00e1s importante y lo que hay que tener en cuenta antes de echar el curr\u00edculum es que no se requiere experiencia previa, eso es una gran oportunidad para la mayor\u00eda de los candidatos.<\/p>\n<p><strong>\u00bfQu\u00e9 puestos se ofertan?<\/strong><\/p>\n<p>Se busca a:<\/p>\n<ul>\n<li>Responsables de supermercado o hipermercado.<\/li>\n<li>Puestos en carnicer\u00eda.<\/li>\n<li>Puestos en charcuter\u00eda.<\/li>\n<li>Puestos en pescader\u00eda.<\/li>\n<li>Puestos en fruter\u00eda.<\/li>\n<li>Cajeros<\/li>\n<li>Repositores<\/li>\n<li>Puestos de mozo de almacen<\/li>\n<\/ul>\n<p><strong>\u00bfQue ofrece la empresa?\u00a0<\/strong><\/p>\n<ul>\n<li>Posibilidad de contratos indefinidos.<\/li>\n<li>Formaci\u00f3n a cargo de la empresa en funci\u00f3n del puesto.<\/li>\n<li>Buenas condiciones econ\u00f3micas y laborales.<\/li>\n<li>Beneficios sociales (Descuentos en compras, servicios de fisioterapeuta, tarjeta m\u00e9dica concertada, bono de navidad, etc&#8230;)<\/li>\n<li>Posibilidad de trabajar a tiempo parcial<\/li>\n<li>Una promoci\u00f3n interna para asumir cargos de relevante responsabilidad.<\/li>\n<\/ul>\n<p>Para saber m\u00e1s sobre la oferta, accede a la p\u00e1gina web de Supermercados BM d\u00f3nde muestran <a href=\"https:\/\/bmsupermercados.epreselec.com\/Ofertas\/Ofertas.aspx\">todas sus ofertas<\/a> y podr\u00e1s dejar tu curr\u00edculum.<\/p>\n<p>Si est\u00e1s interesado en otro sector u en otro tipo de trabajo en <a href=\"https:\/\/www.oficinaempleo.com\/\">Oficina Empleo<\/a> tenemos miles de ofertas para ti, como <a href=\"https:\/\/www.oficinaempleo.com\/trabajar-en\/seguridad-defensa-34\">trabajar en Seguridad y Defensa <\/a>\u00a0o si lo prefieres <a href=\"http:\/\/www.oficinaempleo.com\/blog\/como-trabajar-en-heineken\/\">c\u00f3mo trabajar en Heineken<\/a>\u00a0y mucho m\u00e1s.<\/p>\n<p>&nbsp;<\/p>\n<div><strong>Encuentra trabajo en tu provincia:<\/strong><\/div>\n<div>\n<ul>\n<li><a href=\"https:\/\/www.oficinaempleo.com\/ofertas-empleo-en\/madrid\"  rel=\"noopener noreferrer\" data-saferedirecturl=\"https:\/\/jobs.oficinaempleo.com\/registro?origen=ORG-web&utm_source=OE&utm_medium=boton_registro&utm_content=homepage&utm_campaign=organic\" target=\"_blank\">Empleo en Madrid<\/a><\/li>\n<li><a href=\"https:\/\/www.oficinaempleo.com\/ofertas-empleo-en\/barcelona\"  rel=\"noopener noreferrer\" data-saferedirecturl=\"https:\/\/jobs.oficinaempleo.com\/registro?origen=ORG-web&utm_source=OE&utm_medium=boton_registro&utm_content=homepage&utm_campaign=organic\" target=\"_blank\">Empleo en Barcelona<\/a><\/li>\n<li><a href=\"https:\/\/www.oficinaempleo.com\/ofertas-empleo-en\/alicante\"  rel=\"noopener noreferrer\" data-saferedirecturl=\"https:\/\/jobs.oficinaempleo.com\/registro?origen=ORG-web&utm_source=OE&utm_medium=boton_registro&utm_content=homepage&utm_campaign=organic\" target=\"_blank\">Empleo en Alicante<\/a><\/li>\n<li><a href=\"https:\/\/www.oficinaempleo.com\/ofertas-empleo-en\/santa-cruz-de-tenerife\"  rel=\"noopener noreferrer\" data-saferedirecturl=\"https:\/\/jobs.oficinaempleo.com\/registro?origen=ORG-web&utm_source=OE&utm_medium=boton_registro&utm_content=homepage&utm_campaign=organic\" target=\"_blank\">Empleo en Santa Cruz de Tenerife<\/a><\/li>\n<li><a href=\"https:\/\/www.oficinaempleo.com\/ofertas-empleo-en\/sevilla\"  rel=\"noopener noreferrer\" data-saferedirecturl=\"https:\/\/jobs.oficinaempleo.com\/registro?origen=ORG-web&utm_source=OE&utm_medium=boton_registro&utm_content=homepage&utm_campaign=organic\" target=\"_blank\">Empleo en Sevilla<\/a><\/li>\n<\/ul>\n<\/div>\n<div class=\"su-button-center\"><a href=\"https:\/\/jobs.oficinaempleo.com\/registro?origen=ORG-web&#038;utm_source=OE&#038;utm_medium=boton_registro&#038;utm_content=homepage&#038;utm_campaign=organic\" class=\"su-button su-button-style-flat\" style=\"color:#FFFFFF;background-color:#ec7d0c;border-color:#bd640a;border-radius:10px\" target=\"__blank\"><span style=\"color:#FFFFFF;padding:8px 26px;font-size:20px;line-height:30px;border-color:#f2a455;border-radius:10px;text-shadow:none\"><i class=\"sui sui-arrow-circle-right\" style=\"font-size:20px;color:#FFFFFF\"><\/i> Reg\u00edstrate gratis en OficinaEmpleo<\/span><\/a><\/div><div class=\"su-spacer\" style=\"height:30px\"><\/div>\n<p>&nbsp;<\/p>\n","protected":false},"excerpt":{"rendered":"<p>Supermercados BM pertenece al Grupo guipuzcoano\u00a0Uvesco junto con Super Amara, ambos supermercados surgieron en 1993 debido a la fusi\u00f3n entre\u00a0la c\u00e1ntabra Ves de Torrelavega\u00a0y la guipuzcoana Unialco de Irun. El\u00a0Grupo Uvesco\u00a0es una empresa de distribuci\u00f3n con presencia en m\u00e1s de 200 supermercados en el norte de Espa\u00f1a, especialmente en Guip\u00fazcoa, Vizcaya, \u00c1lava, Navarra, Cantabria\u00a0y La [&hellip;]<\/p>\n","protected":false},"author":25,"featured_media":20947,"comment_status":"open","ping_status":"open","sticky":false,"template":"","format":"standard","meta":{"footnotes":""},"categories":[691,1441,3,689,10],"tags":[5495,24,2701,25],"class_list":["post-20945","post","type-post","status-publish","format-standard","has-post-thumbnail","hentry","category-actualidad-empleo","category-empresas","category-noticias-empleo","category-ofertas-empleo-destacadas","category-primer-empleo","tag-bm","tag-empleo","tag-supermercado","tag-trabajo","cat-691-id","cat-1441-id","cat-3-id","cat-689-id","cat-10-id","has_thumb"],"yoast_head":"<!-- This site is optimized with the Yoast SEO plugin v27.1.1 - https:\/\/yoast.com\/product\/yoast-seo-wordpress\/ -->\n<title>Supermecados BM oferta 200 nuevos puestos de trabajo en Espa\u00f1a - Blog OficinaEmpleo<\/title>\n<meta name=\"description\" content=\"La cadena en expansi\u00f3n de supermercados BM abrir\u00e1 en lo que queda de a\u00f1o diez nuevos centros de trabajo y crear\u00e1 200 puestos de empleo.\" \/>\n<meta name=\"robots\" content=\"index, follow, max-snippet:-1, max-image-preview:large, max-video-preview:-1\" \/>\n<link rel=\"canonical\" href=\"https:\/\/www.oficinaempleo.com\/blog\/supermecados-bm-creara-200-puestos-de-trabajo\/\" \/>\n<meta property=\"og:locale\" content=\"es_ES\" \/>\n<meta property=\"og:type\" content=\"article\" \/>\n<meta property=\"og:title\" content=\"Supermecados BM oferta 200 nuevos puestos de trabajo en Espa\u00f1a - Blog OficinaEmpleo\" \/>\n<meta property=\"og:description\" content=\"La cadena en expansi\u00f3n de supermercados BM abrir\u00e1 en lo que queda de a\u00f1o diez nuevos centros de trabajo y crear\u00e1 200 puestos de empleo.\" \/>\n<meta property=\"og:url\" content=\"https:\/\/www.oficinaempleo.com\/blog\/supermecados-bm-creara-200-puestos-de-trabajo\/\" \/>\n<meta property=\"og:site_name\" content=\"Noticias y consejos de empleo | Blog OficinaEmpleo\" \/>\n<meta property=\"article:published_time\" content=\"2017-08-07T10:10:10+00:00\" \/>\n<meta property=\"article:modified_time\" content=\"2017-08-07T11:21:45+00:00\" \/>\n<meta property=\"og:image\" content=\"https:\/\/www.oficinaempleo.com\/blog\/wp-content\/uploads\/2017\/08\/Dise\u00f1o-sin-t\u00edtulo-45.png\" \/>\n\t<meta property=\"og:image:width\" content=\"1920\" \/>\n\t<meta property=\"og:image:height\" content=\"560\" \/>\n\t<meta property=\"og:image:type\" content=\"image\/png\" \/>\n<meta name=\"author\" content=\"Elizabeth Vidarte\" \/>\n<meta name=\"twitter:card\" content=\"summary_large_image\" \/>\n<meta name=\"twitter:creator\" content=\"@OficinaEmpleo\" \/>\n<meta name=\"twitter:site\" content=\"@OficinaEmpleo\" \/>\n<meta name=\"twitter:label1\" content=\"Written by\" \/>\n\t<meta name=\"twitter:data1\" content=\"Elizabeth Vidarte\" \/>\n\t<meta name=\"twitter:label2\" content=\"Est. reading time\" \/>\n\t<meta name=\"twitter:data2\" content=\"2 minutos\" \/>\n<script type=\"application\/ld+json\" class=\"yoast-schema-graph\">{\"@context\":\"https:\/\/schema.org\",\"@graph\":[{\"@type\":\"Article\",\"@id\":\"https:\/\/www.oficinaempleo.com\/blog\/supermecados-bm-creara-200-puestos-de-trabajo\/#article\",\"isPartOf\":{\"@id\":\"https:\/\/www.oficinaempleo.com\/blog\/supermecados-bm-creara-200-puestos-de-trabajo\/\"},\"author\":{\"name\":\"Elizabeth Vidarte\",\"@id\":\"https:\/\/www.oficinaempleo.com\/blog\/#\/schema\/person\/882163e367deaae2a6b7d0a57c53e596\"},\"headline\":\"Supermecados BM oferta 200 nuevos puestos de trabajo en Espa\u00f1a\",\"datePublished\":\"2017-08-07T10:10:10+00:00\",\"dateModified\":\"2017-08-07T11:21:45+00:00\",\"mainEntityOfPage\":{\"@id\":\"https:\/\/www.oficinaempleo.com\/blog\/supermecados-bm-creara-200-puestos-de-trabajo\/\"},\"wordCount\":485,\"commentCount\":100,\"publisher\":{\"@id\":\"https:\/\/www.oficinaempleo.com\/blog\/#organization\"},\"image\":{\"@id\":\"https:\/\/www.oficinaempleo.com\/blog\/supermecados-bm-creara-200-puestos-de-trabajo\/#primaryimage\"},\"thumbnailUrl\":\"https:\/\/www.oficinaempleo.com\/blog\/wp-content\/uploads\/2017\/08\/Dise\u00f1o-sin-t\u00edtulo-45.png\",\"keywords\":[\"BM\",\"empleo\",\"Supermercado\",\"trabajo\"],\"articleSection\":[\"Actualidad\",\"Empresas\",\"Noticias Empleo\",\"Ofertas destacadas\",\"Primer empleo\"],\"inLanguage\":\"es\",\"potentialAction\":[{\"@type\":\"CommentAction\",\"name\":\"Comment\",\"target\":[\"https:\/\/www.oficinaempleo.com\/blog\/supermecados-bm-creara-200-puestos-de-trabajo\/#respond\"]}]},{\"@type\":\"WebPage\",\"@id\":\"https:\/\/www.oficinaempleo.com\/blog\/supermecados-bm-creara-200-puestos-de-trabajo\/\",\"url\":\"https:\/\/www.oficinaempleo.com\/blog\/supermecados-bm-creara-200-puestos-de-trabajo\/\",\"name\":\"Supermecados BM oferta 200 nuevos puestos de trabajo en Espa\u00f1a - Blog OficinaEmpleo\",\"isPartOf\":{\"@id\":\"https:\/\/www.oficinaempleo.com\/blog\/#website\"},\"primaryImageOfPage\":{\"@id\":\"https:\/\/www.oficinaempleo.com\/blog\/supermecados-bm-creara-200-puestos-de-trabajo\/#primaryimage\"},\"image\":{\"@id\":\"https:\/\/www.oficinaempleo.com\/blog\/supermecados-bm-creara-200-puestos-de-trabajo\/#primaryimage\"},\"thumbnailUrl\":\"https:\/\/www.oficinaempleo.com\/blog\/wp-content\/uploads\/2017\/08\/Dise\u00f1o-sin-t\u00edtulo-45.png\",\"datePublished\":\"2017-08-07T10:10:10+00:00\",\"dateModified\":\"2017-08-07T11:21:45+00:00\",\"description\":\"La cadena en expansi\u00f3n de supermercados BM abrir\u00e1 en lo que queda de a\u00f1o diez nuevos centros de trabajo y crear\u00e1 200 puestos de empleo.\",\"breadcrumb\":{\"@id\":\"https:\/\/www.oficinaempleo.com\/blog\/supermecados-bm-creara-200-puestos-de-trabajo\/#breadcrumb\"},\"inLanguage\":\"es\",\"potentialAction\":[{\"@type\":\"ReadAction\",\"target\":[\"https:\/\/www.oficinaempleo.com\/blog\/supermecados-bm-creara-200-puestos-de-trabajo\/\"]}]},{\"@type\":\"ImageObject\",\"inLanguage\":\"es\",\"@id\":\"https:\/\/www.oficinaempleo.com\/blog\/supermecados-bm-creara-200-puestos-de-trabajo\/#primaryimage\",\"url\":\"https:\/\/www.oficinaempleo.com\/blog\/wp-content\/uploads\/2017\/08\/Dise\u00f1o-sin-t\u00edtulo-45.png\",\"contentUrl\":\"https:\/\/www.oficinaempleo.com\/blog\/wp-content\/uploads\/2017\/08\/Dise\u00f1o-sin-t\u00edtulo-45.png\",\"width\":1920,\"height\":560},{\"@type\":\"BreadcrumbList\",\"@id\":\"https:\/\/www.oficinaempleo.com\/blog\/supermecados-bm-creara-200-puestos-de-trabajo\/#breadcrumb\",\"itemListElement\":[{\"@type\":\"ListItem\",\"position\":1,\"name\":\"Home\",\"item\":\"https:\/\/www.oficinaempleo.com\/blog\/\"},{\"@type\":\"ListItem\",\"position\":2,\"name\":\"Supermecados BM oferta 200 nuevos puestos de trabajo en Espa\u00f1a\"}]},{\"@type\":\"WebSite\",\"@id\":\"https:\/\/www.oficinaempleo.com\/blog\/#website\",\"url\":\"https:\/\/www.oficinaempleo.com\/blog\/\",\"name\":\"Noticias y Consejos de Empleo | Blog OficinaEmpleo\",\"description\":\"\",\"publisher\":{\"@id\":\"https:\/\/www.oficinaempleo.com\/blog\/#organization\"},\"potentialAction\":[{\"@type\":\"SearchAction\",\"target\":{\"@type\":\"EntryPoint\",\"urlTemplate\":\"https:\/\/www.oficinaempleo.com\/blog\/?s={search_term_string}\"},\"query-input\":{\"@type\":\"PropertyValueSpecification\",\"valueRequired\":true,\"valueName\":\"search_term_string\"}}],\"inLanguage\":\"es\"},{\"@type\":\"Organization\",\"@id\":\"https:\/\/www.oficinaempleo.com\/blog\/#organization\",\"name\":\"OficinaEmpleo\",\"url\":\"https:\/\/www.oficinaempleo.com\/blog\/\",\"logo\":{\"@type\":\"ImageObject\",\"inLanguage\":\"es\",\"@id\":\"https:\/\/www.oficinaempleo.com\/blog\/#\/schema\/logo\/image\/\",\"url\":\"https:\/\/www.oficinaempleo.com\/blog\/wp-content\/uploads\/2018\/10\/logo_footer-1.jpg\",\"contentUrl\":\"https:\/\/www.oficinaempleo.com\/blog\/wp-content\/uploads\/2018\/10\/logo_footer-1.jpg\",\"width\":478,\"height\":57,\"caption\":\"OficinaEmpleo\"},\"image\":{\"@id\":\"https:\/\/www.oficinaempleo.com\/blog\/#\/schema\/logo\/image\/\"},\"sameAs\":[\"https:\/\/x.com\/OficinaEmpleo\"]},{\"@type\":\"Person\",\"@id\":\"https:\/\/www.oficinaempleo.com\/blog\/#\/schema\/person\/882163e367deaae2a6b7d0a57c53e596\",\"name\":\"Elizabeth Vidarte\",\"image\":{\"@type\":\"ImageObject\",\"inLanguage\":\"es\",\"@id\":\"https:\/\/www.oficinaempleo.com\/blog\/#\/schema\/person\/image\/\",\"url\":\"https:\/\/secure.gravatar.com\/avatar\/4036a2a9e78829de615b7aebe7ef2e14664b71194a6de83a686f172a3d335184?s=96&d=mm&r=g\",\"contentUrl\":\"https:\/\/secure.gravatar.com\/avatar\/4036a2a9e78829de615b7aebe7ef2e14664b71194a6de83a686f172a3d335184?s=96&d=mm&r=g\",\"caption\":\"Elizabeth Vidarte\"},\"url\":\"https:\/\/www.oficinaempleo.com\/blog\/author\/elizabeth\/\"}]}<\/script>\n<!-- \/ Yoast SEO plugin. -->","yoast_head_json":{"title":"Supermecados BM oferta 200 nuevos puestos de trabajo en Espa\u00f1a - Blog OficinaEmpleo","description":"La cadena en expansi\u00f3n de supermercados BM abrir\u00e1 en lo que queda de a\u00f1o diez nuevos centros de trabajo y crear\u00e1 200 puestos de empleo.","robots":{"index":"index","follow":"follow","max-snippet":"max-snippet:-1","max-image-preview":"max-image-preview:large","max-video-preview":"max-video-preview:-1"},"canonical":"https:\/\/www.oficinaempleo.com\/blog\/supermecados-bm-creara-200-puestos-de-trabajo\/","og_locale":"es_ES","og_type":"article","og_title":"Supermecados BM oferta 200 nuevos puestos de trabajo en Espa\u00f1a - Blog OficinaEmpleo","og_description":"La cadena en expansi\u00f3n de supermercados BM abrir\u00e1 en lo que queda de a\u00f1o diez nuevos centros de trabajo y crear\u00e1 200 puestos de empleo.","og_url":"https:\/\/www.oficinaempleo.com\/blog\/supermecados-bm-creara-200-puestos-de-trabajo\/","og_site_name":"Noticias y consejos de empleo | Blog OficinaEmpleo","article_published_time":"2017-08-07T10:10:10+00:00","article_modified_time":"2017-08-07T11:21:45+00:00","og_image":[{"width":1920,"height":560,"url":"https:\/\/www.oficinaempleo.com\/blog\/wp-content\/uploads\/2017\/08\/Dise\u00f1o-sin-t\u00edtulo-45.png","type":"image\/png"}],"author":"Elizabeth Vidarte","twitter_card":"summary_large_image","twitter_creator":"@OficinaEmpleo","twitter_site":"@OficinaEmpleo","twitter_misc":{"Written by":"Elizabeth Vidarte","Est. reading time":"2 minutos"},"schema":{"@context":"https:\/\/schema.org","@graph":[{"@type":"Article","@id":"https:\/\/www.oficinaempleo.com\/blog\/supermecados-bm-creara-200-puestos-de-trabajo\/#article","isPartOf":{"@id":"https:\/\/www.oficinaempleo.com\/blog\/supermecados-bm-creara-200-puestos-de-trabajo\/"},"author":{"name":"Elizabeth Vidarte","@id":"https:\/\/www.oficinaempleo.com\/blog\/#\/schema\/person\/882163e367deaae2a6b7d0a57c53e596"},"headline":"Supermecados BM oferta 200 nuevos puestos de trabajo en Espa\u00f1a","datePublished":"2017-08-07T10:10:10+00:00","dateModified":"2017-08-07T11:21:45+00:00","mainEntityOfPage":{"@id":"https:\/\/www.oficinaempleo.com\/blog\/supermecados-bm-creara-200-puestos-de-trabajo\/"},"wordCount":485,"commentCount":100,"publisher":{"@id":"https:\/\/www.oficinaempleo.com\/blog\/#organization"},"image":{"@id":"https:\/\/www.oficinaempleo.com\/blog\/supermecados-bm-creara-200-puestos-de-trabajo\/#primaryimage"},"thumbnailUrl":"https:\/\/www.oficinaempleo.com\/blog\/wp-content\/uploads\/2017\/08\/Dise\u00f1o-sin-t\u00edtulo-45.png","keywords":["BM","empleo","Supermercado","trabajo"],"articleSection":["Actualidad","Empresas","Noticias Empleo","Ofertas destacadas","Primer empleo"],"inLanguage":"es","potentialAction":[{"@type":"CommentAction","name":"Comment","target":["https:\/\/www.oficinaempleo.com\/blog\/supermecados-bm-creara-200-puestos-de-trabajo\/#respond"]}]},{"@type":"WebPage","@id":"https:\/\/www.oficinaempleo.com\/blog\/supermecados-bm-creara-200-puestos-de-trabajo\/","url":"https:\/\/www.oficinaempleo.com\/blog\/supermecados-bm-creara-200-puestos-de-trabajo\/","name":"Supermecados BM oferta 200 nuevos puestos de trabajo en Espa\u00f1a - Blog OficinaEmpleo","isPartOf":{"@id":"https:\/\/www.oficinaempleo.com\/blog\/#website"},"primaryImageOfPage":{"@id":"https:\/\/www.oficinaempleo.com\/blog\/supermecados-bm-creara-200-puestos-de-trabajo\/#primaryimage"},"image":{"@id":"https:\/\/www.oficinaempleo.com\/blog\/supermecados-bm-creara-200-puestos-de-trabajo\/#primaryimage"},"thumbnailUrl":"https:\/\/www.oficinaempleo.com\/blog\/wp-content\/uploads\/2017\/08\/Dise\u00f1o-sin-t\u00edtulo-45.png","datePublished":"2017-08-07T10:10:10+00:00","dateModified":"2017-08-07T11:21:45+00:00","description":"La cadena en expansi\u00f3n de supermercados BM abrir\u00e1 en lo que queda de a\u00f1o diez nuevos centros de trabajo y crear\u00e1 200 puestos de empleo.","breadcrumb":{"@id":"https:\/\/www.oficinaempleo.com\/blog\/supermecados-bm-creara-200-puestos-de-trabajo\/#breadcrumb"},"inLanguage":"es","potentialAction":[{"@type":"ReadAction","target":["https:\/\/www.oficinaempleo.com\/blog\/supermecados-bm-creara-200-puestos-de-trabajo\/"]}]},{"@type":"ImageObject","inLanguage":"es","@id":"https:\/\/www.oficinaempleo.com\/blog\/supermecados-bm-creara-200-puestos-de-trabajo\/#primaryimage","url":"https:\/\/www.oficinaempleo.com\/blog\/wp-content\/uploads\/2017\/08\/Dise\u00f1o-sin-t\u00edtulo-45.png","contentUrl":"https:\/\/www.oficinaempleo.com\/blog\/wp-content\/uploads\/2017\/08\/Dise\u00f1o-sin-t\u00edtulo-45.png","width":1920,"height":560},{"@type":"BreadcrumbList","@id":"https:\/\/www.oficinaempleo.com\/blog\/supermecados-bm-creara-200-puestos-de-trabajo\/#breadcrumb","itemListElement":[{"@type":"ListItem","position":1,"name":"Home","item":"https:\/\/www.oficinaempleo.com\/blog\/"},{"@type":"ListItem","position":2,"name":"Supermecados BM oferta 200 nuevos puestos de trabajo en Espa\u00f1a"}]},{"@type":"WebSite","@id":"https:\/\/www.oficinaempleo.com\/blog\/#website","url":"https:\/\/www.oficinaempleo.com\/blog\/","name":"Noticias y Consejos de Empleo | Blog OficinaEmpleo","description":"","publisher":{"@id":"https:\/\/www.oficinaempleo.com\/blog\/#organization"},"potentialAction":[{"@type":"SearchAction","target":{"@type":"EntryPoint","urlTemplate":"https:\/\/www.oficinaempleo.com\/blog\/?s={search_term_string}"},"query-input":{"@type":"PropertyValueSpecification","valueRequired":true,"valueName":"search_term_string"}}],"inLanguage":"es"},{"@type":"Organization","@id":"https:\/\/www.oficinaempleo.com\/blog\/#organization","name":"OficinaEmpleo","url":"https:\/\/www.oficinaempleo.com\/blog\/","logo":{"@type":"ImageObject","inLanguage":"es","@id":"https:\/\/www.oficinaempleo.com\/blog\/#\/schema\/logo\/image\/","url":"https:\/\/www.oficinaempleo.com\/blog\/wp-content\/uploads\/2018\/10\/logo_footer-1.jpg","contentUrl":"https:\/\/www.oficinaempleo.com\/blog\/wp-content\/uploads\/2018\/10\/logo_footer-1.jpg","width":478,"height":57,"caption":"OficinaEmpleo"},"image":{"@id":"https:\/\/www.oficinaempleo.com\/blog\/#\/schema\/logo\/image\/"},"sameAs":["https:\/\/x.com\/OficinaEmpleo"]},{"@type":"Person","@id":"https:\/\/www.oficinaempleo.com\/blog\/#\/schema\/person\/882163e367deaae2a6b7d0a57c53e596","name":"Elizabeth Vidarte","image":{"@type":"ImageObject","inLanguage":"es","@id":"https:\/\/www.oficinaempleo.com\/blog\/#\/schema\/person\/image\/","url":"https:\/\/secure.gravatar.com\/avatar\/4036a2a9e78829de615b7aebe7ef2e14664b71194a6de83a686f172a3d335184?s=96&d=mm&r=g","contentUrl":"https:\/\/secure.gravatar.com\/avatar\/4036a2a9e78829de615b7aebe7ef2e14664b71194a6de83a686f172a3d335184?s=96&d=mm&r=g","caption":"Elizabeth Vidarte"},"url":"https:\/\/www.oficinaempleo.com\/blog\/author\/elizabeth\/"}]}},"_links":{"self":[{"href":"https:\/\/www.oficinaempleo.com\/blog\/wp-json\/wp\/v2\/posts\/20945","targetHints":{"allow":["GET"]}}],"collection":[{"href":"https:\/\/www.oficinaempleo.com\/blog\/wp-json\/wp\/v2\/posts"}],"about":[{"href":"https:\/\/www.oficinaempleo.com\/blog\/wp-json\/wp\/v2\/types\/post"}],"author":[{"embeddable":true,"href":"https:\/\/www.oficinaempleo.com\/blog\/wp-json\/wp\/v2\/users\/25"}],"replies":[{"embeddable":true,"href":"https:\/\/www.oficinaempleo.com\/blog\/wp-json\/wp\/v2\/comments?post=20945"}],"version-history":[{"count":0,"href":"https:\/\/www.oficinaempleo.com\/blog\/wp-json\/wp\/v2\/posts\/20945\/revisions"}],"wp:featuredmedia":[{"embeddable":true,"href":"https:\/\/www.oficinaempleo.com\/blog\/wp-json\/wp\/v2\/media\/20947"}],"wp:attachment":[{"href":"https:\/\/www.oficinaempleo.com\/blog\/wp-json\/wp\/v2\/media?parent=20945"}],"wp:term":[{"taxonomy":"category","embeddable":true,"href":"https:\/\/www.oficinaempleo.com\/blog\/wp-json\/wp\/v2\/categories?post=20945"},{"taxonomy":"post_tag","embeddable":true,"href":"https:\/\/www.oficinaempleo.com\/blog\/wp-json\/wp\/v2\/tags?post=20945"}],"curies":[{"name":"wp","href":"https:\/\/api.w.org\/{rel}","templated":true}]}}