{"id":21344,"date":"2022-08-21T12:35:22","date_gmt":"2022-08-21T11:35:22","guid":{"rendered":"http:\/\/www.oficinaempleo.com\/blog\/?p=21344"},"modified":"2022-08-22T14:30:17","modified_gmt":"2022-08-22T13:30:17","slug":"5-cursos-gratis-que-debes-hacer-en-septiembre","status":"publish","type":"post","link":"https:\/\/www.oficinaempleo.com\/blog\/5-cursos-gratis-que-debes-hacer-en-septiembre\/","title":{"rendered":"5 cursos gratis que debes hacer en septiembre"},"content":{"rendered":"<p>Con la llegada de septiembre se abre tambi\u00e9n un nuevo curso (acad\u00e9mico en muchos casos) con el que nos empezamos a plantear el inicio de nuevos retos. Muchos de ellos tienen que ver con la formaci\u00f3n o simplemente por hobbie. Sea como fuere, os invitamos a que ech\u00e9is un vistazo a estos cursos que te proponemos para que empieces la temporada a tope de energ\u00eda.<\/p>\n<div id=\"attachment_21345\" style=\"width: 600px\" class=\"wp-caption alignnone\"><a href=\"http:\/\/www.oficinaempleo.com\/blog\/wp-content\/uploads\/2017\/08\/cursos_dentro.jpg\"><img loading=\"lazy\" decoding=\"async\" aria-describedby=\"caption-attachment-21345\" class=\"wp-image-21345 size-full\" src=\"https:\/\/www.oficinaempleo.com\/blog\/wp-content\/uploads\/2017\/08\/cursos_dentro.jpg\" alt=\"5 cursos gratis que debes hacer en septiembre\" width=\"590\" height=\"315\" srcset=\"https:\/\/www.oficinaempleo.com\/blog\/wp-content\/uploads\/2017\/08\/cursos_dentro.jpg 590w, https:\/\/www.oficinaempleo.com\/blog\/wp-content\/uploads\/2017\/08\/cursos_dentro-300x160.jpg 300w\" sizes=\"auto, (max-width: 590px) 100vw, 590px\" \/><\/a><p id=\"caption-attachment-21345\" class=\"wp-caption-text\">Alumno realizando un curso online. Chonlachai (iStock)<\/p><\/div>\n<h2>1. <a href=\"https:\/\/www.cursosdecommunitymanagergratis.com\/curso-de-community-manager-gratis\/\" target=\"_blank\" rel=\"noopener noreferrer\">Community Manager<\/a><\/h2>\n<p>La web Cursos de Community Manager Gratis (su nombre ya deja poco a la imaginaci\u00f3n) tienen a tu disposici\u00f3n un curso online gratis sobre esta materia al que sobre todo le avala el \u00e9xito, pues miles de personas ya se han animado a hacerlo. Cuenta con casos pr\u00e1cticos y al finalizar obtendr\u00e1s un diploma de la Asociaci\u00f3n Espa\u00f1ola de Profesionales de Social Media.<\/p>\n<h2>2. <a href=\"https:\/\/es.duolingo.com\/course\/en\/es\/aprende-ingl%C3%A9s-en-l%C3%ADnea\" target=\"_blank\" rel=\"noopener noreferrer\">Ingl\u00e9s<\/a><\/h2>\n<p>Los idiomas son una de las (tradicionalmente) asignaturas pendientes de los trabajadores espa\u00f1oles. Si quieres avanzar un poco en la materia, asentar o perfeccionar el ingl\u00e9s, en internet hay decenas de cursos gratis pero en esta ocasi\u00f3n te vamos a recomendar los que ofrece la app Duolingo, que obviamente tambi\u00e9n es gratis y est\u00e1 teniendo much\u00edsimo \u00e9xito.<\/p>\n<h2>3. <a href=\"http:\/\/www.aulafacil.com\/cursos\/l25935\/empresa\/contabilidad\/introduccion-a-la-contabilidad\/introduccion\" target=\"_blank\" rel=\"noopener noreferrer\">Contabilidad<\/a><\/h2>\n<p>Con vistas a ser un trabajador m\u00e1s completo y tener mayores competencias, no viene mal algo de formaci\u00f3n en Contabilidad. Desde Aula F\u00e1cil proponen un curso de iniciaci\u00f3n gratis y online que seguro que te va a venir muy bien para entrar en materia.<\/p>\n<h2>4. <a href=\"https:\/\/www.crehana.com\/cursos\/diseno\/introduccion-a-la-ilustracion-vectorial\/\" target=\"_blank\" rel=\"noopener noreferrer\">Introducci\u00f3n a la Ilustraci\u00f3n Vectorial<\/a><\/h2>\n<p>Una de los sectores m\u00e1s pujantes en la actualidad es el del dise\u00f1o digital. No basta con tener una buena idea sino que hay que plasmarla y conocer a la perfecci\u00f3n todos los secretos de las nuevas tecnolog\u00edas en este \u00e1mbito. Para empezar, nada mejor que el curso que proponen en la web de Crehana, con siete clases de algo m\u00e1s de una hora de duraci\u00f3n cada una.<\/p>\n<h2>5. <a href=\"http:\/\/www.aulafacil.com\/cursos\/t1133\/docencia\/pedagogia\/tecnicas-de-comunicacion\" target=\"_blank\" rel=\"noopener noreferrer\">T\u00e9cnicas de Comunicaci\u00f3n<\/a><\/h2>\n<p>Este curso que destacamos de Aula F\u00e1cil es apto para cualquier profesional, sea del sector que sea, ya que todos compartimos la necesidad de comunicarnos. Y hacerlo de manera efectiva o no es la diferencia entre el \u00e9xito o el fracaso de nuestras iniciativas. Autoconfianza, la voz, el entorno, la empat\u00eda o la persuasi\u00f3n son solo algunos de los conceptos que vas a tocar en este curso gratis online.<\/p>\n<p>Si est\u00e1s buscando trabajo en <a href=\"https:\/\/www.oficinaempleo.com\/\">Oficina Empleo<\/a>\u00a0contamos con miles de ofertas que est\u00e1n esper\u00e1ndote. Podr\u00eda interesarte <a href=\"https:\/\/www.oficinaempleo.com\/trabajar-en\/comercial-ventas-7\" target=\"_blank\" rel=\"noopener\">trabajar en Comercial de Ventas\u00a0<\/a>\u00a0o si lo prefieres cientos de <a href=\"https:\/\/www.oficinaempleo.com\/trabajos-en\/madrid\/hosteleria-turismo-17\/camarero-1702\" target=\"_blank\" rel=\"noopener\">trabajos de Camarero en Madrid<\/a> entre otros destinos.<\/p>\n<div><strong>Encuentra trabajo en tu provincia:<\/strong><\/div>\n<div>\n<ul>\n<li><a href=\"https:\/\/www.oficinaempleo.com\/ofertas-empleo-en\/madrid\" target=\"_blank\" rel=\"noopener noreferrer\" data-saferedirecturl=\"https:\/\/jobs.oficinaempleo.com\/registro?origen=ORG-web&utm_source=OE&utm_medium=boton_registro&utm_content=homepage&utm_campaign=organic\" target=\"_blank\">Empleo en Madrid<\/a><\/li>\n<li><a href=\"https:\/\/www.oficinaempleo.com\/ofertas-empleo-en\/barcelona\" target=\"_blank\" rel=\"noopener noreferrer\" data-saferedirecturl=\"https:\/\/jobs.oficinaempleo.com\/registro?origen=ORG-web&utm_source=OE&utm_medium=boton_registro&utm_content=homepage&utm_campaign=organic\" target=\"_blank\">Empleo en Barcelona<\/a><\/li>\n<li><a href=\"https:\/\/www.oficinaempleo.com\/ofertas-empleo-en\/alicante\" target=\"_blank\" rel=\"noopener noreferrer\" data-saferedirecturl=\"https:\/\/jobs.oficinaempleo.com\/registro?origen=ORG-web&utm_source=OE&utm_medium=boton_registro&utm_content=homepage&utm_campaign=organic\" target=\"_blank\">Empleo en Alicante<\/a><\/li>\n<li><a href=\"https:\/\/www.oficinaempleo.com\/ofertas-empleo-en\/santa-cruz-de-tenerife\" target=\"_blank\" rel=\"noopener noreferrer\" data-saferedirecturl=\"https:\/\/jobs.oficinaempleo.com\/registro?origen=ORG-web&utm_source=OE&utm_medium=boton_registro&utm_content=homepage&utm_campaign=organic\" target=\"_blank\">Empleo en Santa Cruz de Tenerife<\/a><\/li>\n<li><a href=\"https:\/\/www.oficinaempleo.com\/ofertas-empleo-en\/sevilla\" target=\"_blank\" rel=\"noopener noreferrer\" data-saferedirecturl=\"https:\/\/jobs.oficinaempleo.com\/registro?origen=ORG-web&utm_source=OE&utm_medium=boton_registro&utm_content=homepage&utm_campaign=organic\" target=\"_blank\">Empleo en Sevilla<\/a><\/li>\n<\/ul>\n<\/div>\n<p>&nbsp;<\/p>\n","protected":false},"excerpt":{"rendered":"<p>Con la llegada de septiembre se abre tambi\u00e9n un nuevo curso (acad\u00e9mico en muchos casos) con el que nos empezamos a plantear el inicio de nuevos retos. Muchos de ellos tienen que ver con la formaci\u00f3n o simplemente por hobbie. Sea como fuere, os invitamos a que ech\u00e9is un vistazo a estos cursos que te [&hellip;]<\/p>\n","protected":false},"author":5,"featured_media":21346,"comment_status":"open","ping_status":"open","sticky":false,"template":"","format":"standard","meta":{"footnotes":""},"categories":[508],"tags":[],"class_list":["post-21344","post","type-post","status-publish","format-standard","has-post-thumbnail","hentry","category-estudios-y-formacion","cat-508-id","has_thumb"],"yoast_head":"<!-- This site is optimized with the Yoast SEO plugin v27.1.1 - https:\/\/yoast.com\/product\/yoast-seo-wordpress\/ -->\n<title>5 cursos gratis que debes hacer en septiembre - Oficina Empleo<\/title>\n<meta name=\"description\" content=\"Es hora de plantearte ampliar formaci\u00f3n y nada mejor que estos 5 cursos gratis que debes hacer en septiembre con el inicio de la temporada.\" \/>\n<meta name=\"robots\" content=\"index, follow, max-snippet:-1, max-image-preview:large, max-video-preview:-1\" \/>\n<link rel=\"canonical\" href=\"https:\/\/www.oficinaempleo.com\/blog\/5-cursos-gratis-que-debes-hacer-en-septiembre\/\" \/>\n<meta property=\"og:locale\" content=\"es_ES\" \/>\n<meta property=\"og:type\" content=\"article\" \/>\n<meta property=\"og:title\" content=\"5 cursos gratis que debes hacer en septiembre - Oficina Empleo\" \/>\n<meta property=\"og:description\" content=\"Es hora de plantearte ampliar formaci\u00f3n y nada mejor que estos 5 cursos gratis que debes hacer en septiembre con el inicio de la temporada.\" \/>\n<meta property=\"og:url\" content=\"https:\/\/www.oficinaempleo.com\/blog\/5-cursos-gratis-que-debes-hacer-en-septiembre\/\" \/>\n<meta property=\"og:site_name\" content=\"Noticias y consejos de empleo | Blog OficinaEmpleo\" \/>\n<meta property=\"article:published_time\" content=\"2022-08-21T11:35:22+00:00\" \/>\n<meta property=\"article:modified_time\" content=\"2022-08-22T13:30:17+00:00\" \/>\n<meta property=\"og:image\" content=\"https:\/\/www.oficinaempleo.com\/blog\/wp-content\/uploads\/2017\/08\/cursos_destacada.jpg\" \/>\n\t<meta property=\"og:image:width\" content=\"600\" \/>\n\t<meta property=\"og:image:height\" content=\"310\" \/>\n\t<meta property=\"og:image:type\" content=\"image\/jpeg\" \/>\n<meta name=\"author\" content=\"David Garc\u00eda\" \/>\n<meta name=\"twitter:card\" content=\"summary_large_image\" \/>\n<meta name=\"twitter:creator\" content=\"@OficinaEmpleo\" \/>\n<meta name=\"twitter:site\" content=\"@OficinaEmpleo\" \/>\n<meta name=\"twitter:label1\" content=\"Written by\" \/>\n\t<meta name=\"twitter:data1\" content=\"David Garc\u00eda\" \/>\n\t<meta name=\"twitter:label2\" content=\"Est. reading time\" \/>\n\t<meta name=\"twitter:data2\" content=\"3 minutos\" \/>\n<script type=\"application\/ld+json\" class=\"yoast-schema-graph\">{\"@context\":\"https:\/\/schema.org\",\"@graph\":[{\"@type\":\"Article\",\"@id\":\"https:\/\/www.oficinaempleo.com\/blog\/5-cursos-gratis-que-debes-hacer-en-septiembre\/#article\",\"isPartOf\":{\"@id\":\"https:\/\/www.oficinaempleo.com\/blog\/5-cursos-gratis-que-debes-hacer-en-septiembre\/\"},\"author\":{\"name\":\"David Garc\u00eda\",\"@id\":\"https:\/\/www.oficinaempleo.com\/blog\/#\/schema\/person\/fb90e38571c727c56dd2231966ab3358\"},\"headline\":\"5 cursos gratis que debes hacer en septiembre\",\"datePublished\":\"2022-08-21T11:35:22+00:00\",\"dateModified\":\"2022-08-22T13:30:17+00:00\",\"mainEntityOfPage\":{\"@id\":\"https:\/\/www.oficinaempleo.com\/blog\/5-cursos-gratis-que-debes-hacer-en-septiembre\/\"},\"wordCount\":497,\"commentCount\":1,\"publisher\":{\"@id\":\"https:\/\/www.oficinaempleo.com\/blog\/#organization\"},\"image\":{\"@id\":\"https:\/\/www.oficinaempleo.com\/blog\/5-cursos-gratis-que-debes-hacer-en-septiembre\/#primaryimage\"},\"thumbnailUrl\":\"https:\/\/www.oficinaempleo.com\/blog\/wp-content\/uploads\/2017\/08\/cursos_destacada.jpg\",\"articleSection\":[\"Estudios y Formaci\u00f3n\"],\"inLanguage\":\"es\",\"potentialAction\":[{\"@type\":\"CommentAction\",\"name\":\"Comment\",\"target\":[\"https:\/\/www.oficinaempleo.com\/blog\/5-cursos-gratis-que-debes-hacer-en-septiembre\/#respond\"]}]},{\"@type\":\"WebPage\",\"@id\":\"https:\/\/www.oficinaempleo.com\/blog\/5-cursos-gratis-que-debes-hacer-en-septiembre\/\",\"url\":\"https:\/\/www.oficinaempleo.com\/blog\/5-cursos-gratis-que-debes-hacer-en-septiembre\/\",\"name\":\"5 cursos gratis que debes hacer en septiembre - Oficina Empleo\",\"isPartOf\":{\"@id\":\"https:\/\/www.oficinaempleo.com\/blog\/#website\"},\"primaryImageOfPage\":{\"@id\":\"https:\/\/www.oficinaempleo.com\/blog\/5-cursos-gratis-que-debes-hacer-en-septiembre\/#primaryimage\"},\"image\":{\"@id\":\"https:\/\/www.oficinaempleo.com\/blog\/5-cursos-gratis-que-debes-hacer-en-septiembre\/#primaryimage\"},\"thumbnailUrl\":\"https:\/\/www.oficinaempleo.com\/blog\/wp-content\/uploads\/2017\/08\/cursos_destacada.jpg\",\"datePublished\":\"2022-08-21T11:35:22+00:00\",\"dateModified\":\"2022-08-22T13:30:17+00:00\",\"description\":\"Es hora de plantearte ampliar formaci\u00f3n y nada mejor que estos 5 cursos gratis que debes hacer en septiembre con el inicio de la temporada.\",\"breadcrumb\":{\"@id\":\"https:\/\/www.oficinaempleo.com\/blog\/5-cursos-gratis-que-debes-hacer-en-septiembre\/#breadcrumb\"},\"inLanguage\":\"es\",\"potentialAction\":[{\"@type\":\"ReadAction\",\"target\":[\"https:\/\/www.oficinaempleo.com\/blog\/5-cursos-gratis-que-debes-hacer-en-septiembre\/\"]}]},{\"@type\":\"ImageObject\",\"inLanguage\":\"es\",\"@id\":\"https:\/\/www.oficinaempleo.com\/blog\/5-cursos-gratis-que-debes-hacer-en-septiembre\/#primaryimage\",\"url\":\"https:\/\/www.oficinaempleo.com\/blog\/wp-content\/uploads\/2017\/08\/cursos_destacada.jpg\",\"contentUrl\":\"https:\/\/www.oficinaempleo.com\/blog\/wp-content\/uploads\/2017\/08\/cursos_destacada.jpg\",\"width\":600,\"height\":310,\"caption\":\"Mujer realizando un curso. Opolja (iStock)\"},{\"@type\":\"BreadcrumbList\",\"@id\":\"https:\/\/www.oficinaempleo.com\/blog\/5-cursos-gratis-que-debes-hacer-en-septiembre\/#breadcrumb\",\"itemListElement\":[{\"@type\":\"ListItem\",\"position\":1,\"name\":\"Home\",\"item\":\"https:\/\/www.oficinaempleo.com\/blog\/\"},{\"@type\":\"ListItem\",\"position\":2,\"name\":\"5 cursos gratis que debes hacer en septiembre\"}]},{\"@type\":\"WebSite\",\"@id\":\"https:\/\/www.oficinaempleo.com\/blog\/#website\",\"url\":\"https:\/\/www.oficinaempleo.com\/blog\/\",\"name\":\"Noticias y Consejos de Empleo | Blog OficinaEmpleo\",\"description\":\"\",\"publisher\":{\"@id\":\"https:\/\/www.oficinaempleo.com\/blog\/#organization\"},\"potentialAction\":[{\"@type\":\"SearchAction\",\"target\":{\"@type\":\"EntryPoint\",\"urlTemplate\":\"https:\/\/www.oficinaempleo.com\/blog\/?s={search_term_string}\"},\"query-input\":{\"@type\":\"PropertyValueSpecification\",\"valueRequired\":true,\"valueName\":\"search_term_string\"}}],\"inLanguage\":\"es\"},{\"@type\":\"Organization\",\"@id\":\"https:\/\/www.oficinaempleo.com\/blog\/#organization\",\"name\":\"OficinaEmpleo\",\"url\":\"https:\/\/www.oficinaempleo.com\/blog\/\",\"logo\":{\"@type\":\"ImageObject\",\"inLanguage\":\"es\",\"@id\":\"https:\/\/www.oficinaempleo.com\/blog\/#\/schema\/logo\/image\/\",\"url\":\"https:\/\/www.oficinaempleo.com\/blog\/wp-content\/uploads\/2018\/10\/logo_footer-1.jpg\",\"contentUrl\":\"https:\/\/www.oficinaempleo.com\/blog\/wp-content\/uploads\/2018\/10\/logo_footer-1.jpg\",\"width\":478,\"height\":57,\"caption\":\"OficinaEmpleo\"},\"image\":{\"@id\":\"https:\/\/www.oficinaempleo.com\/blog\/#\/schema\/logo\/image\/\"},\"sameAs\":[\"https:\/\/x.com\/OficinaEmpleo\"]},{\"@type\":\"Person\",\"@id\":\"https:\/\/www.oficinaempleo.com\/blog\/#\/schema\/person\/fb90e38571c727c56dd2231966ab3358\",\"name\":\"David Garc\u00eda\",\"image\":{\"@type\":\"ImageObject\",\"inLanguage\":\"es\",\"@id\":\"https:\/\/www.oficinaempleo.com\/blog\/#\/schema\/person\/image\/\",\"url\":\"https:\/\/secure.gravatar.com\/avatar\/e790fd54d7ada3dd19d3bebd1baf92ae088ffc6c3574e2d74d180130b4099a61?s=96&d=mm&r=g\",\"contentUrl\":\"https:\/\/secure.gravatar.com\/avatar\/e790fd54d7ada3dd19d3bebd1baf92ae088ffc6c3574e2d74d180130b4099a61?s=96&d=mm&r=g\",\"caption\":\"David Garc\u00eda\"},\"url\":\"https:\/\/www.oficinaempleo.com\/blog\/author\/david\/\"}]}<\/script>\n<!-- \/ Yoast SEO plugin. -->","yoast_head_json":{"title":"5 cursos gratis que debes hacer en septiembre - Oficina Empleo","description":"Es hora de plantearte ampliar formaci\u00f3n y nada mejor que estos 5 cursos gratis que debes hacer en septiembre con el inicio de la temporada.","robots":{"index":"index","follow":"follow","max-snippet":"max-snippet:-1","max-image-preview":"max-image-preview:large","max-video-preview":"max-video-preview:-1"},"canonical":"https:\/\/www.oficinaempleo.com\/blog\/5-cursos-gratis-que-debes-hacer-en-septiembre\/","og_locale":"es_ES","og_type":"article","og_title":"5 cursos gratis que debes hacer en septiembre - Oficina Empleo","og_description":"Es hora de plantearte ampliar formaci\u00f3n y nada mejor que estos 5 cursos gratis que debes hacer en septiembre con el inicio de la temporada.","og_url":"https:\/\/www.oficinaempleo.com\/blog\/5-cursos-gratis-que-debes-hacer-en-septiembre\/","og_site_name":"Noticias y consejos de empleo | Blog OficinaEmpleo","article_published_time":"2022-08-21T11:35:22+00:00","article_modified_time":"2022-08-22T13:30:17+00:00","og_image":[{"width":600,"height":310,"url":"https:\/\/www.oficinaempleo.com\/blog\/wp-content\/uploads\/2017\/08\/cursos_destacada.jpg","type":"image\/jpeg"}],"author":"David Garc\u00eda","twitter_card":"summary_large_image","twitter_creator":"@OficinaEmpleo","twitter_site":"@OficinaEmpleo","twitter_misc":{"Written by":"David Garc\u00eda","Est. reading time":"3 minutos"},"schema":{"@context":"https:\/\/schema.org","@graph":[{"@type":"Article","@id":"https:\/\/www.oficinaempleo.com\/blog\/5-cursos-gratis-que-debes-hacer-en-septiembre\/#article","isPartOf":{"@id":"https:\/\/www.oficinaempleo.com\/blog\/5-cursos-gratis-que-debes-hacer-en-septiembre\/"},"author":{"name":"David Garc\u00eda","@id":"https:\/\/www.oficinaempleo.com\/blog\/#\/schema\/person\/fb90e38571c727c56dd2231966ab3358"},"headline":"5 cursos gratis que debes hacer en septiembre","datePublished":"2022-08-21T11:35:22+00:00","dateModified":"2022-08-22T13:30:17+00:00","mainEntityOfPage":{"@id":"https:\/\/www.oficinaempleo.com\/blog\/5-cursos-gratis-que-debes-hacer-en-septiembre\/"},"wordCount":497,"commentCount":1,"publisher":{"@id":"https:\/\/www.oficinaempleo.com\/blog\/#organization"},"image":{"@id":"https:\/\/www.oficinaempleo.com\/blog\/5-cursos-gratis-que-debes-hacer-en-septiembre\/#primaryimage"},"thumbnailUrl":"https:\/\/www.oficinaempleo.com\/blog\/wp-content\/uploads\/2017\/08\/cursos_destacada.jpg","articleSection":["Estudios y Formaci\u00f3n"],"inLanguage":"es","potentialAction":[{"@type":"CommentAction","name":"Comment","target":["https:\/\/www.oficinaempleo.com\/blog\/5-cursos-gratis-que-debes-hacer-en-septiembre\/#respond"]}]},{"@type":"WebPage","@id":"https:\/\/www.oficinaempleo.com\/blog\/5-cursos-gratis-que-debes-hacer-en-septiembre\/","url":"https:\/\/www.oficinaempleo.com\/blog\/5-cursos-gratis-que-debes-hacer-en-septiembre\/","name":"5 cursos gratis que debes hacer en septiembre - Oficina Empleo","isPartOf":{"@id":"https:\/\/www.oficinaempleo.com\/blog\/#website"},"primaryImageOfPage":{"@id":"https:\/\/www.oficinaempleo.com\/blog\/5-cursos-gratis-que-debes-hacer-en-septiembre\/#primaryimage"},"image":{"@id":"https:\/\/www.oficinaempleo.com\/blog\/5-cursos-gratis-que-debes-hacer-en-septiembre\/#primaryimage"},"thumbnailUrl":"https:\/\/www.oficinaempleo.com\/blog\/wp-content\/uploads\/2017\/08\/cursos_destacada.jpg","datePublished":"2022-08-21T11:35:22+00:00","dateModified":"2022-08-22T13:30:17+00:00","description":"Es hora de plantearte ampliar formaci\u00f3n y nada mejor que estos 5 cursos gratis que debes hacer en septiembre con el inicio de la temporada.","breadcrumb":{"@id":"https:\/\/www.oficinaempleo.com\/blog\/5-cursos-gratis-que-debes-hacer-en-septiembre\/#breadcrumb"},"inLanguage":"es","potentialAction":[{"@type":"ReadAction","target":["https:\/\/www.oficinaempleo.com\/blog\/5-cursos-gratis-que-debes-hacer-en-septiembre\/"]}]},{"@type":"ImageObject","inLanguage":"es","@id":"https:\/\/www.oficinaempleo.com\/blog\/5-cursos-gratis-que-debes-hacer-en-septiembre\/#primaryimage","url":"https:\/\/www.oficinaempleo.com\/blog\/wp-content\/uploads\/2017\/08\/cursos_destacada.jpg","contentUrl":"https:\/\/www.oficinaempleo.com\/blog\/wp-content\/uploads\/2017\/08\/cursos_destacada.jpg","width":600,"height":310,"caption":"Mujer realizando un curso. Opolja (iStock)"},{"@type":"BreadcrumbList","@id":"https:\/\/www.oficinaempleo.com\/blog\/5-cursos-gratis-que-debes-hacer-en-septiembre\/#breadcrumb","itemListElement":[{"@type":"ListItem","position":1,"name":"Home","item":"https:\/\/www.oficinaempleo.com\/blog\/"},{"@type":"ListItem","position":2,"name":"5 cursos gratis que debes hacer en septiembre"}]},{"@type":"WebSite","@id":"https:\/\/www.oficinaempleo.com\/blog\/#website","url":"https:\/\/www.oficinaempleo.com\/blog\/","name":"Noticias y Consejos de Empleo | Blog OficinaEmpleo","description":"","publisher":{"@id":"https:\/\/www.oficinaempleo.com\/blog\/#organization"},"potentialAction":[{"@type":"SearchAction","target":{"@type":"EntryPoint","urlTemplate":"https:\/\/www.oficinaempleo.com\/blog\/?s={search_term_string}"},"query-input":{"@type":"PropertyValueSpecification","valueRequired":true,"valueName":"search_term_string"}}],"inLanguage":"es"},{"@type":"Organization","@id":"https:\/\/www.oficinaempleo.com\/blog\/#organization","name":"OficinaEmpleo","url":"https:\/\/www.oficinaempleo.com\/blog\/","logo":{"@type":"ImageObject","inLanguage":"es","@id":"https:\/\/www.oficinaempleo.com\/blog\/#\/schema\/logo\/image\/","url":"https:\/\/www.oficinaempleo.com\/blog\/wp-content\/uploads\/2018\/10\/logo_footer-1.jpg","contentUrl":"https:\/\/www.oficinaempleo.com\/blog\/wp-content\/uploads\/2018\/10\/logo_footer-1.jpg","width":478,"height":57,"caption":"OficinaEmpleo"},"image":{"@id":"https:\/\/www.oficinaempleo.com\/blog\/#\/schema\/logo\/image\/"},"sameAs":["https:\/\/x.com\/OficinaEmpleo"]},{"@type":"Person","@id":"https:\/\/www.oficinaempleo.com\/blog\/#\/schema\/person\/fb90e38571c727c56dd2231966ab3358","name":"David Garc\u00eda","image":{"@type":"ImageObject","inLanguage":"es","@id":"https:\/\/www.oficinaempleo.com\/blog\/#\/schema\/person\/image\/","url":"https:\/\/secure.gravatar.com\/avatar\/e790fd54d7ada3dd19d3bebd1baf92ae088ffc6c3574e2d74d180130b4099a61?s=96&d=mm&r=g","contentUrl":"https:\/\/secure.gravatar.com\/avatar\/e790fd54d7ada3dd19d3bebd1baf92ae088ffc6c3574e2d74d180130b4099a61?s=96&d=mm&r=g","caption":"David Garc\u00eda"},"url":"https:\/\/www.oficinaempleo.com\/blog\/author\/david\/"}]}},"_links":{"self":[{"href":"https:\/\/www.oficinaempleo.com\/blog\/wp-json\/wp\/v2\/posts\/21344","targetHints":{"allow":["GET"]}}],"collection":[{"href":"https:\/\/www.oficinaempleo.com\/blog\/wp-json\/wp\/v2\/posts"}],"about":[{"href":"https:\/\/www.oficinaempleo.com\/blog\/wp-json\/wp\/v2\/types\/post"}],"author":[{"embeddable":true,"href":"https:\/\/www.oficinaempleo.com\/blog\/wp-json\/wp\/v2\/users\/5"}],"replies":[{"embeddable":true,"href":"https:\/\/www.oficinaempleo.com\/blog\/wp-json\/wp\/v2\/comments?post=21344"}],"version-history":[{"count":4,"href":"https:\/\/www.oficinaempleo.com\/blog\/wp-json\/wp\/v2\/posts\/21344\/revisions"}],"predecessor-version":[{"id":29899,"href":"https:\/\/www.oficinaempleo.com\/blog\/wp-json\/wp\/v2\/posts\/21344\/revisions\/29899"}],"wp:featuredmedia":[{"embeddable":true,"href":"https:\/\/www.oficinaempleo.com\/blog\/wp-json\/wp\/v2\/media\/21346"}],"wp:attachment":[{"href":"https:\/\/www.oficinaempleo.com\/blog\/wp-json\/wp\/v2\/media?parent=21344"}],"wp:term":[{"taxonomy":"category","embeddable":true,"href":"https:\/\/www.oficinaempleo.com\/blog\/wp-json\/wp\/v2\/categories?post=21344"},{"taxonomy":"post_tag","embeddable":true,"href":"https:\/\/www.oficinaempleo.com\/blog\/wp-json\/wp\/v2\/tags?post=21344"}],"curies":[{"name":"wp","href":"https:\/\/api.w.org\/{rel}","templated":true}]}}