{"id":2146,"date":"2014-12-29T18:00:24","date_gmt":"2014-12-29T17:00:24","guid":{"rendered":"http:\/\/www.oficinaempleo.com\/blog\/?p=2146"},"modified":"2015-01-14T12:36:38","modified_gmt":"2015-01-14T11:36:38","slug":"calendario-laboral-2015","status":"publish","type":"post","link":"https:\/\/www.oficinaempleo.com\/blog\/calendario-laboral-2015\/","title":{"rendered":"Calendario laboral 2015"},"content":{"rendered":"<p>El nuevo calendario laboral de 2015 quedar\u00eda con <strong>8 d\u00edas inh\u00e1biles en todo el territorio nacional<\/strong>. Te interesa apuntarlos: se corresponden con el 1 y 6 de enero por A\u00f1o Nuevo y Reyes; el 3 de abril con Viernes Santo; el d\u00eda del Trabajador el 1 de mayo; el 15 de agosto se celebra la Asunci\u00f3n de la Virgen; el 12 de octubre,  D\u00eda de la Hispanidad; y para cerrar el a\u00f1o,  La Inmaculada Concepci\u00f3n el 8 de diciembre, y la Navidad el 25.<\/p>\n<p><img loading=\"lazy\" decoding=\"async\" class=\"alignright wp-image-2147 size-medium\" src=\"http:\/\/www.oficinaempleo.com\/blog\/wp-content\/uploads\/2014\/12\/calendario-2015-post-300x300.jpg\" alt=\"calendario laboral 2015\" width=\"300\" height=\"300\" srcset=\"https:\/\/www.oficinaempleo.com\/blog\/wp-content\/uploads\/2014\/12\/calendario-2015-post-300x299.jpg 300w, https:\/\/www.oficinaempleo.com\/blog\/wp-content\/uploads\/2014\/12\/calendario-2015-post-150x150.jpg 150w, https:\/\/www.oficinaempleo.com\/blog\/wp-content\/uploads\/2014\/12\/calendario-2015-post.jpg 854w\" sizes=\"auto, (max-width: 300px) 100vw, 300px\" \/><br \/>\nPor comunidades aut\u00f3nomas:<\/p>\n<p><strong>28 Febrero<\/strong>: Andaluc\u00eda<\/p>\n<p><strong>19-20 de marzo<\/strong>: el primero es festivo en la Comunidad Valenciana, Murcia, Madrid, Pa\u00eds Vasco, Navarra, y la ciudad de Melilla, y el d\u00eda 20 en Galicia.<\/p>\n<p>El <strong>2 de abril<\/strong> es inh\u00e1bil en todas las comunidades excepto en Catalu\u00f1a y Pa\u00eds Vasco. Adem\u00e1s, el d\u00eda 6 es festivo en Cantabria, Baleares, Castilla-La Mancha, Catalu\u00f1a, Comunidad Valenciana, Navarra, La Rioja y Pa\u00eds Vasco. A finales de abril, es inh\u00e1bil el <strong>23<\/strong> en Arag\u00f3n y Castilla y Le\u00f3n.<\/p>\n<p>El mes de mayo trae como inh\u00e1biles el d\u00eda 2 en la Comunidad de Madrid y el 30 en Canarias.<\/p>\n<p>En<strong> junio el 4<\/strong> en Castilla La Mancha y Madrid, el<strong> 9 de junio<\/strong> en La Rioja y Murcia o el <strong>24<\/strong> en Catalu\u00f1a.<\/p>\n<p>El <strong>25 de julio<\/strong>: Galicia, el Pa\u00eds Vasco y Navarra est\u00e1n de celebraci\u00f3n.<\/p>\n<p><strong>Septiembre: el d\u00eda 8<\/strong> en Asturias y Extremadura, <strong>el 11<\/strong> en Catalu\u00f1a, <strong>el 15<\/strong> en Cantabria y <strong>el 25<\/strong> en Ceuta y Melilla.<\/p>\n<p><strong>9 de Octubre<\/strong>: la Comunidad Valenciana est\u00e1 de celbraci\u00f3n.<\/p>\n<p>El <strong>2 de<\/strong> <strong>Noviembre<\/strong>, es inh\u00e1bil en Arag\u00f3n, Andaluc\u00eda, Asturias, Canarias, Baleares, Cantabria, Extremadura, Castilla y Le\u00f3n, Galicia y Ceuta.<\/p>\n<p>Por \u00faltimo, en <strong>Diciembre<\/strong> tenemos fiesta los d\u00edas<strong> 7<\/strong> (las mismas comunidades que el 2 de noviembre exceptuando Canarias y Galicia y a\u00f1adiendo Comunidad Valenciana y Murcia), y el <strong>26<\/strong> en La Rioja, Catalu\u00f1a, Ceuta y Melilla.<\/p>\n<p>Reg\u00edstrate en <strong><a title=\"Blog de Oficina Empleo\" href=\"http:\/\/www.oficinaempleo.com\/jobseekers\/registration.php?ref=blog\" >OficinaEmpleo<\/a> <\/strong>si te parece interesante el contenido y recibe nuestra newsletter y alertas de empleo.<\/p>\n<p>&nbsp;<\/p>\n","protected":false},"excerpt":{"rendered":"<p>Conoce el c\u00f3mputo total de d\u00edas inh\u00e1biles de 2015, a nivel nacional y por comunidades<\/p>\n","protected":false},"author":2,"featured_media":2147,"comment_status":"open","ping_status":"open","sticky":false,"template":"","format":"standard","meta":{"footnotes":""},"categories":[12,3],"tags":[715,716],"class_list":["post-2146","post","type-post","status-publish","format-standard","has-post-thumbnail","hentry","category-consejos-y-recursos","category-noticias-empleo","tag-calendario-laboral-2015","tag-dias-inhabiles-2015","cat-12-id","cat-3-id","has_thumb"],"yoast_head":"<!-- This site is optimized with the Yoast SEO plugin v27.1.1 - https:\/\/yoast.com\/product\/yoast-seo-wordpress\/ -->\n<title>Calendario laboral 2015 - Blog OficinaEmpleo<\/title>\n<meta name=\"robots\" content=\"index, follow, max-snippet:-1, max-image-preview:large, max-video-preview:-1\" \/>\n<link rel=\"canonical\" href=\"https:\/\/www.oficinaempleo.com\/blog\/calendario-laboral-2015\/\" \/>\n<meta property=\"og:locale\" content=\"es_ES\" \/>\n<meta property=\"og:type\" content=\"article\" \/>\n<meta property=\"og:title\" content=\"Calendario laboral 2015 - Blog OficinaEmpleo\" \/>\n<meta property=\"og:description\" content=\"Conoce el c\u00f3mputo total de d\u00edas inh\u00e1biles de 2015, a nivel nacional y por comunidades\" \/>\n<meta property=\"og:url\" content=\"https:\/\/www.oficinaempleo.com\/blog\/calendario-laboral-2015\/\" \/>\n<meta property=\"og:site_name\" content=\"Noticias y consejos de empleo | Blog OficinaEmpleo\" \/>\n<meta property=\"article:author\" content=\"https:\/\/www.facebook.com\/OficinaEmpleo\" \/>\n<meta property=\"article:published_time\" content=\"2014-12-29T17:00:24+00:00\" \/>\n<meta property=\"article:modified_time\" content=\"2015-01-14T11:36:38+00:00\" \/>\n<meta property=\"og:image\" content=\"https:\/\/www.oficinaempleo.com\/blog\/wp-content\/uploads\/2014\/12\/calendario-2015-post.jpg\" \/>\n\t<meta property=\"og:image:width\" content=\"854\" \/>\n\t<meta property=\"og:image:height\" content=\"852\" \/>\n\t<meta property=\"og:image:type\" content=\"image\/jpeg\" \/>\n<meta name=\"author\" content=\"OficinaEmpleo\" \/>\n<meta name=\"twitter:card\" content=\"summary_large_image\" \/>\n<meta name=\"twitter:creator\" content=\"@OficinaEmpleo\" \/>\n<meta name=\"twitter:site\" content=\"@OficinaEmpleo\" \/>\n<meta name=\"twitter:label1\" content=\"Written by\" \/>\n\t<meta name=\"twitter:data1\" content=\"OficinaEmpleo\" \/>\n\t<meta name=\"twitter:label2\" content=\"Est. reading time\" \/>\n\t<meta name=\"twitter:data2\" content=\"2 minutos\" \/>\n<script type=\"application\/ld+json\" class=\"yoast-schema-graph\">{\"@context\":\"https:\/\/schema.org\",\"@graph\":[{\"@type\":\"Article\",\"@id\":\"https:\/\/www.oficinaempleo.com\/blog\/calendario-laboral-2015\/#article\",\"isPartOf\":{\"@id\":\"https:\/\/www.oficinaempleo.com\/blog\/calendario-laboral-2015\/\"},\"author\":{\"name\":\"OficinaEmpleo\",\"@id\":\"https:\/\/www.oficinaempleo.com\/blog\/#\/schema\/person\/a7f3437f35bd6bd9ad19addae529a114\"},\"headline\":\"Calendario laboral 2015\",\"datePublished\":\"2014-12-29T17:00:24+00:00\",\"dateModified\":\"2015-01-14T11:36:38+00:00\",\"mainEntityOfPage\":{\"@id\":\"https:\/\/www.oficinaempleo.com\/blog\/calendario-laboral-2015\/\"},\"wordCount\":343,\"commentCount\":0,\"publisher\":{\"@id\":\"https:\/\/www.oficinaempleo.com\/blog\/#organization\"},\"image\":{\"@id\":\"https:\/\/www.oficinaempleo.com\/blog\/calendario-laboral-2015\/#primaryimage\"},\"thumbnailUrl\":\"https:\/\/www.oficinaempleo.com\/blog\/wp-content\/uploads\/2014\/12\/calendario-2015-post.jpg\",\"keywords\":[\"calendario laboral 2015\",\"d\u00edas inh\u00e1biles 2015\"],\"articleSection\":[\"Consejos y Recursos\",\"Noticias Empleo\"],\"inLanguage\":\"es\",\"potentialAction\":[{\"@type\":\"CommentAction\",\"name\":\"Comment\",\"target\":[\"https:\/\/www.oficinaempleo.com\/blog\/calendario-laboral-2015\/#respond\"]}]},{\"@type\":\"WebPage\",\"@id\":\"https:\/\/www.oficinaempleo.com\/blog\/calendario-laboral-2015\/\",\"url\":\"https:\/\/www.oficinaempleo.com\/blog\/calendario-laboral-2015\/\",\"name\":\"Calendario laboral 2015 - Blog OficinaEmpleo\",\"isPartOf\":{\"@id\":\"https:\/\/www.oficinaempleo.com\/blog\/#website\"},\"primaryImageOfPage\":{\"@id\":\"https:\/\/www.oficinaempleo.com\/blog\/calendario-laboral-2015\/#primaryimage\"},\"image\":{\"@id\":\"https:\/\/www.oficinaempleo.com\/blog\/calendario-laboral-2015\/#primaryimage\"},\"thumbnailUrl\":\"https:\/\/www.oficinaempleo.com\/blog\/wp-content\/uploads\/2014\/12\/calendario-2015-post.jpg\",\"datePublished\":\"2014-12-29T17:00:24+00:00\",\"dateModified\":\"2015-01-14T11:36:38+00:00\",\"breadcrumb\":{\"@id\":\"https:\/\/www.oficinaempleo.com\/blog\/calendario-laboral-2015\/#breadcrumb\"},\"inLanguage\":\"es\",\"potentialAction\":[{\"@type\":\"ReadAction\",\"target\":[\"https:\/\/www.oficinaempleo.com\/blog\/calendario-laboral-2015\/\"]}]},{\"@type\":\"ImageObject\",\"inLanguage\":\"es\",\"@id\":\"https:\/\/www.oficinaempleo.com\/blog\/calendario-laboral-2015\/#primaryimage\",\"url\":\"https:\/\/www.oficinaempleo.com\/blog\/wp-content\/uploads\/2014\/12\/calendario-2015-post.jpg\",\"contentUrl\":\"https:\/\/www.oficinaempleo.com\/blog\/wp-content\/uploads\/2014\/12\/calendario-2015-post.jpg\",\"width\":854,\"height\":852,\"caption\":\"calendario laboral 2015\"},{\"@type\":\"BreadcrumbList\",\"@id\":\"https:\/\/www.oficinaempleo.com\/blog\/calendario-laboral-2015\/#breadcrumb\",\"itemListElement\":[{\"@type\":\"ListItem\",\"position\":1,\"name\":\"Home\",\"item\":\"https:\/\/www.oficinaempleo.com\/blog\/\"},{\"@type\":\"ListItem\",\"position\":2,\"name\":\"Calendario laboral 2015\"}]},{\"@type\":\"WebSite\",\"@id\":\"https:\/\/www.oficinaempleo.com\/blog\/#website\",\"url\":\"https:\/\/www.oficinaempleo.com\/blog\/\",\"name\":\"Noticias y Consejos de Empleo | Blog OficinaEmpleo\",\"description\":\"\",\"publisher\":{\"@id\":\"https:\/\/www.oficinaempleo.com\/blog\/#organization\"},\"potentialAction\":[{\"@type\":\"SearchAction\",\"target\":{\"@type\":\"EntryPoint\",\"urlTemplate\":\"https:\/\/www.oficinaempleo.com\/blog\/?s={search_term_string}\"},\"query-input\":{\"@type\":\"PropertyValueSpecification\",\"valueRequired\":true,\"valueName\":\"search_term_string\"}}],\"inLanguage\":\"es\"},{\"@type\":\"Organization\",\"@id\":\"https:\/\/www.oficinaempleo.com\/blog\/#organization\",\"name\":\"OficinaEmpleo\",\"url\":\"https:\/\/www.oficinaempleo.com\/blog\/\",\"logo\":{\"@type\":\"ImageObject\",\"inLanguage\":\"es\",\"@id\":\"https:\/\/www.oficinaempleo.com\/blog\/#\/schema\/logo\/image\/\",\"url\":\"https:\/\/www.oficinaempleo.com\/blog\/wp-content\/uploads\/2018\/10\/logo_footer-1.jpg\",\"contentUrl\":\"https:\/\/www.oficinaempleo.com\/blog\/wp-content\/uploads\/2018\/10\/logo_footer-1.jpg\",\"width\":478,\"height\":57,\"caption\":\"OficinaEmpleo\"},\"image\":{\"@id\":\"https:\/\/www.oficinaempleo.com\/blog\/#\/schema\/logo\/image\/\"},\"sameAs\":[\"https:\/\/x.com\/OficinaEmpleo\"]},{\"@type\":\"Person\",\"@id\":\"https:\/\/www.oficinaempleo.com\/blog\/#\/schema\/person\/a7f3437f35bd6bd9ad19addae529a114\",\"name\":\"OficinaEmpleo\",\"image\":{\"@type\":\"ImageObject\",\"inLanguage\":\"es\",\"@id\":\"https:\/\/www.oficinaempleo.com\/blog\/#\/schema\/person\/image\/\",\"url\":\"https:\/\/secure.gravatar.com\/avatar\/ea822afb14d7439ba3051d652cf8f548fe540f184ce16a2135fc22c9337bd72e?s=96&d=mm&r=g\",\"contentUrl\":\"https:\/\/secure.gravatar.com\/avatar\/ea822afb14d7439ba3051d652cf8f548fe540f184ce16a2135fc22c9337bd72e?s=96&d=mm&r=g\",\"caption\":\"OficinaEmpleo\"},\"description\":\"En OficinaEmpleo queremos ayudarte a conseguir trabajo. Por eso, adem\u00e1s de ofrecerte ofertas de empleo en nuestro portal, te ense\u00f1amos las novedades del sector, y consejos para mejorar tu perfil.\",\"sameAs\":[\"http:\/\/www.oficinaempleo.com\/\",\"https:\/\/www.facebook.com\/OficinaEmpleo\",\"https:\/\/x.com\/OficinaEmpleo\"],\"url\":\"https:\/\/www.oficinaempleo.com\/blog\/author\/empleo\/\"}]}<\/script>\n<!-- \/ Yoast SEO plugin. -->","yoast_head_json":{"title":"Calendario laboral 2015 - Blog OficinaEmpleo","robots":{"index":"index","follow":"follow","max-snippet":"max-snippet:-1","max-image-preview":"max-image-preview:large","max-video-preview":"max-video-preview:-1"},"canonical":"https:\/\/www.oficinaempleo.com\/blog\/calendario-laboral-2015\/","og_locale":"es_ES","og_type":"article","og_title":"Calendario laboral 2015 - Blog OficinaEmpleo","og_description":"Conoce el c\u00f3mputo total de d\u00edas inh\u00e1biles de 2015, a nivel nacional y por comunidades","og_url":"https:\/\/www.oficinaempleo.com\/blog\/calendario-laboral-2015\/","og_site_name":"Noticias y consejos de empleo | Blog OficinaEmpleo","article_author":"https:\/\/www.facebook.com\/OficinaEmpleo","article_published_time":"2014-12-29T17:00:24+00:00","article_modified_time":"2015-01-14T11:36:38+00:00","og_image":[{"width":854,"height":852,"url":"https:\/\/www.oficinaempleo.com\/blog\/wp-content\/uploads\/2014\/12\/calendario-2015-post.jpg","type":"image\/jpeg"}],"author":"OficinaEmpleo","twitter_card":"summary_large_image","twitter_creator":"@OficinaEmpleo","twitter_site":"@OficinaEmpleo","twitter_misc":{"Written by":"OficinaEmpleo","Est. reading time":"2 minutos"},"schema":{"@context":"https:\/\/schema.org","@graph":[{"@type":"Article","@id":"https:\/\/www.oficinaempleo.com\/blog\/calendario-laboral-2015\/#article","isPartOf":{"@id":"https:\/\/www.oficinaempleo.com\/blog\/calendario-laboral-2015\/"},"author":{"name":"OficinaEmpleo","@id":"https:\/\/www.oficinaempleo.com\/blog\/#\/schema\/person\/a7f3437f35bd6bd9ad19addae529a114"},"headline":"Calendario laboral 2015","datePublished":"2014-12-29T17:00:24+00:00","dateModified":"2015-01-14T11:36:38+00:00","mainEntityOfPage":{"@id":"https:\/\/www.oficinaempleo.com\/blog\/calendario-laboral-2015\/"},"wordCount":343,"commentCount":0,"publisher":{"@id":"https:\/\/www.oficinaempleo.com\/blog\/#organization"},"image":{"@id":"https:\/\/www.oficinaempleo.com\/blog\/calendario-laboral-2015\/#primaryimage"},"thumbnailUrl":"https:\/\/www.oficinaempleo.com\/blog\/wp-content\/uploads\/2014\/12\/calendario-2015-post.jpg","keywords":["calendario laboral 2015","d\u00edas inh\u00e1biles 2015"],"articleSection":["Consejos y Recursos","Noticias Empleo"],"inLanguage":"es","potentialAction":[{"@type":"CommentAction","name":"Comment","target":["https:\/\/www.oficinaempleo.com\/blog\/calendario-laboral-2015\/#respond"]}]},{"@type":"WebPage","@id":"https:\/\/www.oficinaempleo.com\/blog\/calendario-laboral-2015\/","url":"https:\/\/www.oficinaempleo.com\/blog\/calendario-laboral-2015\/","name":"Calendario laboral 2015 - Blog OficinaEmpleo","isPartOf":{"@id":"https:\/\/www.oficinaempleo.com\/blog\/#website"},"primaryImageOfPage":{"@id":"https:\/\/www.oficinaempleo.com\/blog\/calendario-laboral-2015\/#primaryimage"},"image":{"@id":"https:\/\/www.oficinaempleo.com\/blog\/calendario-laboral-2015\/#primaryimage"},"thumbnailUrl":"https:\/\/www.oficinaempleo.com\/blog\/wp-content\/uploads\/2014\/12\/calendario-2015-post.jpg","datePublished":"2014-12-29T17:00:24+00:00","dateModified":"2015-01-14T11:36:38+00:00","breadcrumb":{"@id":"https:\/\/www.oficinaempleo.com\/blog\/calendario-laboral-2015\/#breadcrumb"},"inLanguage":"es","potentialAction":[{"@type":"ReadAction","target":["https:\/\/www.oficinaempleo.com\/blog\/calendario-laboral-2015\/"]}]},{"@type":"ImageObject","inLanguage":"es","@id":"https:\/\/www.oficinaempleo.com\/blog\/calendario-laboral-2015\/#primaryimage","url":"https:\/\/www.oficinaempleo.com\/blog\/wp-content\/uploads\/2014\/12\/calendario-2015-post.jpg","contentUrl":"https:\/\/www.oficinaempleo.com\/blog\/wp-content\/uploads\/2014\/12\/calendario-2015-post.jpg","width":854,"height":852,"caption":"calendario laboral 2015"},{"@type":"BreadcrumbList","@id":"https:\/\/www.oficinaempleo.com\/blog\/calendario-laboral-2015\/#breadcrumb","itemListElement":[{"@type":"ListItem","position":1,"name":"Home","item":"https:\/\/www.oficinaempleo.com\/blog\/"},{"@type":"ListItem","position":2,"name":"Calendario laboral 2015"}]},{"@type":"WebSite","@id":"https:\/\/www.oficinaempleo.com\/blog\/#website","url":"https:\/\/www.oficinaempleo.com\/blog\/","name":"Noticias y Consejos de Empleo | Blog OficinaEmpleo","description":"","publisher":{"@id":"https:\/\/www.oficinaempleo.com\/blog\/#organization"},"potentialAction":[{"@type":"SearchAction","target":{"@type":"EntryPoint","urlTemplate":"https:\/\/www.oficinaempleo.com\/blog\/?s={search_term_string}"},"query-input":{"@type":"PropertyValueSpecification","valueRequired":true,"valueName":"search_term_string"}}],"inLanguage":"es"},{"@type":"Organization","@id":"https:\/\/www.oficinaempleo.com\/blog\/#organization","name":"OficinaEmpleo","url":"https:\/\/www.oficinaempleo.com\/blog\/","logo":{"@type":"ImageObject","inLanguage":"es","@id":"https:\/\/www.oficinaempleo.com\/blog\/#\/schema\/logo\/image\/","url":"https:\/\/www.oficinaempleo.com\/blog\/wp-content\/uploads\/2018\/10\/logo_footer-1.jpg","contentUrl":"https:\/\/www.oficinaempleo.com\/blog\/wp-content\/uploads\/2018\/10\/logo_footer-1.jpg","width":478,"height":57,"caption":"OficinaEmpleo"},"image":{"@id":"https:\/\/www.oficinaempleo.com\/blog\/#\/schema\/logo\/image\/"},"sameAs":["https:\/\/x.com\/OficinaEmpleo"]},{"@type":"Person","@id":"https:\/\/www.oficinaempleo.com\/blog\/#\/schema\/person\/a7f3437f35bd6bd9ad19addae529a114","name":"OficinaEmpleo","image":{"@type":"ImageObject","inLanguage":"es","@id":"https:\/\/www.oficinaempleo.com\/blog\/#\/schema\/person\/image\/","url":"https:\/\/secure.gravatar.com\/avatar\/ea822afb14d7439ba3051d652cf8f548fe540f184ce16a2135fc22c9337bd72e?s=96&d=mm&r=g","contentUrl":"https:\/\/secure.gravatar.com\/avatar\/ea822afb14d7439ba3051d652cf8f548fe540f184ce16a2135fc22c9337bd72e?s=96&d=mm&r=g","caption":"OficinaEmpleo"},"description":"En OficinaEmpleo queremos ayudarte a conseguir trabajo. Por eso, adem\u00e1s de ofrecerte ofertas de empleo en nuestro portal, te ense\u00f1amos las novedades del sector, y consejos para mejorar tu perfil.","sameAs":["http:\/\/www.oficinaempleo.com\/","https:\/\/www.facebook.com\/OficinaEmpleo","https:\/\/x.com\/OficinaEmpleo"],"url":"https:\/\/www.oficinaempleo.com\/blog\/author\/empleo\/"}]}},"_links":{"self":[{"href":"https:\/\/www.oficinaempleo.com\/blog\/wp-json\/wp\/v2\/posts\/2146","targetHints":{"allow":["GET"]}}],"collection":[{"href":"https:\/\/www.oficinaempleo.com\/blog\/wp-json\/wp\/v2\/posts"}],"about":[{"href":"https:\/\/www.oficinaempleo.com\/blog\/wp-json\/wp\/v2\/types\/post"}],"author":[{"embeddable":true,"href":"https:\/\/www.oficinaempleo.com\/blog\/wp-json\/wp\/v2\/users\/2"}],"replies":[{"embeddable":true,"href":"https:\/\/www.oficinaempleo.com\/blog\/wp-json\/wp\/v2\/comments?post=2146"}],"version-history":[{"count":0,"href":"https:\/\/www.oficinaempleo.com\/blog\/wp-json\/wp\/v2\/posts\/2146\/revisions"}],"wp:featuredmedia":[{"embeddable":true,"href":"https:\/\/www.oficinaempleo.com\/blog\/wp-json\/wp\/v2\/media\/2147"}],"wp:attachment":[{"href":"https:\/\/www.oficinaempleo.com\/blog\/wp-json\/wp\/v2\/media?parent=2146"}],"wp:term":[{"taxonomy":"category","embeddable":true,"href":"https:\/\/www.oficinaempleo.com\/blog\/wp-json\/wp\/v2\/categories?post=2146"},{"taxonomy":"post_tag","embeddable":true,"href":"https:\/\/www.oficinaempleo.com\/blog\/wp-json\/wp\/v2\/tags?post=2146"}],"curies":[{"name":"wp","href":"https:\/\/api.w.org\/{rel}","templated":true}]}}