{"id":2149,"date":"2014-12-22T15:29:03","date_gmt":"2014-12-22T14:29:03","guid":{"rendered":"http:\/\/www.oficinaempleo.com\/blog\/?p=2149"},"modified":"2015-01-14T12:39:54","modified_gmt":"2015-01-14T11:39:54","slug":"10-propositos-para-poner-en-marcha-en-2015","status":"publish","type":"post","link":"https:\/\/www.oficinaempleo.com\/blog\/10-propositos-para-poner-en-marcha-en-2015\/","title":{"rendered":"10 prop\u00f3sitos para poner en marcha en 2015"},"content":{"rendered":"<p>\u00bfLlevas tiempo buscando trabajo y a\u00fan no has conseguido nada? \u00a1No desesperes! El \u00e9xito de tu b\u00fasqueda depende de que no te rindas en ning\u00fan momento y de que te mantengas optimista,  pase lo que pase.<\/p>\n<p><img loading=\"lazy\" decoding=\"async\" class=\"aligncenter wp-image-2171\" src=\"http:\/\/www.oficinaempleo.com\/blog\/wp-content\/uploads\/2014\/12\/propositos-1024x535.jpg\" alt=\"10 propositos para poner en marcha de cara al 2015\" width=\"652\" height=\"340\" srcset=\"https:\/\/www.oficinaempleo.com\/blog\/wp-content\/uploads\/2014\/12\/propositos-1024x535.jpg 1024w, https:\/\/www.oficinaempleo.com\/blog\/wp-content\/uploads\/2014\/12\/propositos-300x156.jpg 300w, https:\/\/www.oficinaempleo.com\/blog\/wp-content\/uploads\/2014\/12\/propositos-290x150.jpg 290w, https:\/\/www.oficinaempleo.com\/blog\/wp-content\/uploads\/2014\/12\/propositos-280x146.jpg 280w, https:\/\/www.oficinaempleo.com\/blog\/wp-content\/uploads\/2014\/12\/propositos.jpg 1200w\" sizes=\"auto, (max-width: 652px) 100vw, 652px\" \/><br \/>\nEl a\u00f1o 2015 puede ser cuando encuentres empleo,  si sigues trabajando para ello. \u00bfPor qu\u00e9 no empiezas por cumplir los prop\u00f3sitos que te sugerimos a continuaci\u00f3n? Pueden abrirte un nuevo camino hacia ese puesto de trabajo que tanto deseas.<br \/>\n1. \u00bfSabes qui\u00e9n eres y d\u00f3nde quieres llegar? Tu primer prop\u00f3sito para este a\u00f1o ser\u00e1 hacer un <strong>an\u00e1lisis detallado de tus puntos fuertes y d\u00e9biles<\/strong> para conseguir tus objetivos profesionales.<br \/>\n2. La formaci\u00f3n es b\u00e1sica. Plant\u00e9ate <strong>qu\u00e9 cursos puedes hacer<\/strong> para ampliar tu curr\u00edculum,  ya sean oficiales o no.<br \/>\n3. Pide <a title=\"Caracter\u00edsticas en un candidato inexperto\" href=\"http:\/\/www.oficinaempleo.com\/blog\/las-10-caracteristicas-demandadas-en-un-candidato-sin-experiencia\/\" ><strong>asesoramiento<\/strong><\/a>. Muchos organismos cuentan con profesionales que te pueden orientar. Una opini\u00f3n externa te ayudar\u00e1 a ver las cosas m\u00e1s claras.<br \/>\n4. \u00bfConoces realmente todos los sitios donde puedes conseguir trabajo? Proponte hacer una lista completa de todas las posibles <strong>fuentes de empleo<\/strong> para tu sector profesional. Seguro que descubres opciones nuevas.<br \/>\n5. Habla con tus amigos y conocidos. No te cortes y <strong>cu\u00e9ntale a todo el mundo que buscas empleo<\/strong>. \u00bfSab\u00edas que la mayor\u00eda de vacantes laborales se cubren con contactos?<br \/>\n6. <strong>Trabaja tu <a title=\"Trabaja tu curriculum\" href=\"http:\/\/www.oficinaempleo.com\/blog\/elaborar-el-curriculum-aunque-no-se-tenga-experiencia-profesional\/\" >curr\u00edculum<\/a> a fondo<\/strong>. Proponte este a\u00f1o enviar modelos personalizados y adaptados a cada oferta. \u00a1Y mejor si son creativos! <strong><a title=\"LinkedIn, herramienta clave\" href=\"http:\/\/www.oficinaempleo.com\/blog\/10-claves-para-encontrar-trabajo-con-linkedin\/\" >LinkedIn es una herramienta clave<\/a> <\/strong>para dar a conocerte y buscar trabajo, as\u00ed como contatcos.<br \/>\n7. <strong>Ensaya una posible <a title=\"Preguntas clave en una entrevista de trabajo\" href=\"http:\/\/www.oficinaempleo.com\/blog\/preguntas-clave-en-una-entrevista-de-trabajo\/\" >entrevista laboral<\/a><\/strong>. En cualquier momento puede surgir una entrevista de trabajo, as\u00ed que debes estar preparado para todo tipo de preguntas.<br \/>\n8. \u00a1Reflexiona! <strong>Aprende a venderte, <\/strong>\u00a1es fundamental! Para conseguirlo necesitas conocerte muy bien.<br \/>\n9. <strong>F\u00edjate en las empresas<\/strong> donde vas <strong>y<\/strong> <strong>en las personas<\/strong> que te entrevistan. Proponte ver en ellas lo que buscan en ti.<br \/>\n10. \u00a1No te desanimes! <strong>Tener seguridad en ti mismo <\/strong>debe ser tu principal prop\u00f3sito para este 2015.<\/p>\n<p>\u00a1Puedes conseguirlo!<\/p>\n<p>Reg\u00edstrate en <strong><a title=\"Blog de Oficina Empleo\" href=\"http:\/\/www.oficinaempleo.com\/jobseekers\/registration.php?ref=blog\" >OficinaEmpleo<\/a> <\/strong>si te parece interesante el contenido y recibe nuestra newsletter y alertas de empleo.<\/p>\n","protected":false},"excerpt":{"rendered":"<p>El \u00e9xito de tu b\u00fasqueda depende de que te mantengas optimista y nunca te rindas<\/p>\n","protected":false},"author":2,"featured_media":2171,"comment_status":"open","ping_status":"open","sticky":false,"template":"","format":"standard","meta":{"footnotes":""},"categories":[12,690],"tags":[710,709,707,708],"class_list":["post-2149","post","type-post","status-publish","format-standard","has-post-thumbnail","hentry","category-consejos-y-recursos","category-psicologia-empleo","tag-nuevas-ideas-para-2015","tag-optimismo","tag-propositos-2015","tag-propositos-para-nuevo-ano","cat-12-id","cat-690-id","has_thumb"],"yoast_head":"<!-- This site is optimized with the Yoast SEO plugin v27.1.1 - https:\/\/yoast.com\/product\/yoast-seo-wordpress\/ -->\n<title>10 prop\u00f3sitos para poner en marcha en 2015 - Blog OficinaEmpleo<\/title>\n<meta name=\"robots\" content=\"index, follow, max-snippet:-1, max-image-preview:large, max-video-preview:-1\" \/>\n<link rel=\"canonical\" href=\"https:\/\/www.oficinaempleo.com\/blog\/10-propositos-para-poner-en-marcha-en-2015\/\" \/>\n<meta property=\"og:locale\" content=\"es_ES\" \/>\n<meta property=\"og:type\" content=\"article\" \/>\n<meta property=\"og:title\" content=\"10 prop\u00f3sitos para poner en marcha en 2015 - Blog OficinaEmpleo\" \/>\n<meta property=\"og:description\" content=\"El \u00e9xito de tu b\u00fasqueda depende de que te mantengas optimista y nunca te rindas\" \/>\n<meta property=\"og:url\" content=\"https:\/\/www.oficinaempleo.com\/blog\/10-propositos-para-poner-en-marcha-en-2015\/\" \/>\n<meta property=\"og:site_name\" content=\"Noticias y consejos de empleo | Blog OficinaEmpleo\" \/>\n<meta property=\"article:author\" content=\"https:\/\/www.facebook.com\/OficinaEmpleo\" \/>\n<meta property=\"article:published_time\" content=\"2014-12-22T14:29:03+00:00\" \/>\n<meta property=\"article:modified_time\" content=\"2015-01-14T11:39:54+00:00\" \/>\n<meta property=\"og:image\" content=\"https:\/\/www.oficinaempleo.com\/blog\/wp-content\/uploads\/2014\/12\/propositos.jpg\" \/>\n\t<meta property=\"og:image:width\" content=\"1200\" \/>\n\t<meta property=\"og:image:height\" content=\"627\" \/>\n\t<meta property=\"og:image:type\" content=\"image\/jpeg\" \/>\n<meta name=\"author\" content=\"OficinaEmpleo\" \/>\n<meta name=\"twitter:card\" content=\"summary_large_image\" \/>\n<meta name=\"twitter:creator\" content=\"@OficinaEmpleo\" \/>\n<meta name=\"twitter:site\" content=\"@OficinaEmpleo\" \/>\n<meta name=\"twitter:label1\" content=\"Written by\" \/>\n\t<meta name=\"twitter:data1\" content=\"OficinaEmpleo\" \/>\n\t<meta name=\"twitter:label2\" content=\"Est. reading time\" \/>\n\t<meta name=\"twitter:data2\" content=\"2 minutos\" \/>\n<script type=\"application\/ld+json\" class=\"yoast-schema-graph\">{\"@context\":\"https:\/\/schema.org\",\"@graph\":[{\"@type\":\"Article\",\"@id\":\"https:\/\/www.oficinaempleo.com\/blog\/10-propositos-para-poner-en-marcha-en-2015\/#article\",\"isPartOf\":{\"@id\":\"https:\/\/www.oficinaempleo.com\/blog\/10-propositos-para-poner-en-marcha-en-2015\/\"},\"author\":{\"name\":\"OficinaEmpleo\",\"@id\":\"https:\/\/www.oficinaempleo.com\/blog\/#\/schema\/person\/a7f3437f35bd6bd9ad19addae529a114\"},\"headline\":\"10 prop\u00f3sitos para poner en marcha en 2015\",\"datePublished\":\"2014-12-22T14:29:03+00:00\",\"dateModified\":\"2015-01-14T11:39:54+00:00\",\"mainEntityOfPage\":{\"@id\":\"https:\/\/www.oficinaempleo.com\/blog\/10-propositos-para-poner-en-marcha-en-2015\/\"},\"wordCount\":363,\"commentCount\":2,\"publisher\":{\"@id\":\"https:\/\/www.oficinaempleo.com\/blog\/#organization\"},\"image\":{\"@id\":\"https:\/\/www.oficinaempleo.com\/blog\/10-propositos-para-poner-en-marcha-en-2015\/#primaryimage\"},\"thumbnailUrl\":\"https:\/\/www.oficinaempleo.com\/blog\/wp-content\/uploads\/2014\/12\/propositos.jpg\",\"keywords\":[\"nuevas ideas para 2015\",\"optimismo\",\"prop\u00f3sitos 2015\",\"prop\u00f3sitos para nuevo a\u00f1o\"],\"articleSection\":[\"Consejos y Recursos\",\"Psicolog\u00eda\"],\"inLanguage\":\"es\",\"potentialAction\":[{\"@type\":\"CommentAction\",\"name\":\"Comment\",\"target\":[\"https:\/\/www.oficinaempleo.com\/blog\/10-propositos-para-poner-en-marcha-en-2015\/#respond\"]}]},{\"@type\":\"WebPage\",\"@id\":\"https:\/\/www.oficinaempleo.com\/blog\/10-propositos-para-poner-en-marcha-en-2015\/\",\"url\":\"https:\/\/www.oficinaempleo.com\/blog\/10-propositos-para-poner-en-marcha-en-2015\/\",\"name\":\"10 prop\u00f3sitos para poner en marcha en 2015 - Blog OficinaEmpleo\",\"isPartOf\":{\"@id\":\"https:\/\/www.oficinaempleo.com\/blog\/#website\"},\"primaryImageOfPage\":{\"@id\":\"https:\/\/www.oficinaempleo.com\/blog\/10-propositos-para-poner-en-marcha-en-2015\/#primaryimage\"},\"image\":{\"@id\":\"https:\/\/www.oficinaempleo.com\/blog\/10-propositos-para-poner-en-marcha-en-2015\/#primaryimage\"},\"thumbnailUrl\":\"https:\/\/www.oficinaempleo.com\/blog\/wp-content\/uploads\/2014\/12\/propositos.jpg\",\"datePublished\":\"2014-12-22T14:29:03+00:00\",\"dateModified\":\"2015-01-14T11:39:54+00:00\",\"breadcrumb\":{\"@id\":\"https:\/\/www.oficinaempleo.com\/blog\/10-propositos-para-poner-en-marcha-en-2015\/#breadcrumb\"},\"inLanguage\":\"es\",\"potentialAction\":[{\"@type\":\"ReadAction\",\"target\":[\"https:\/\/www.oficinaempleo.com\/blog\/10-propositos-para-poner-en-marcha-en-2015\/\"]}]},{\"@type\":\"ImageObject\",\"inLanguage\":\"es\",\"@id\":\"https:\/\/www.oficinaempleo.com\/blog\/10-propositos-para-poner-en-marcha-en-2015\/#primaryimage\",\"url\":\"https:\/\/www.oficinaempleo.com\/blog\/wp-content\/uploads\/2014\/12\/propositos.jpg\",\"contentUrl\":\"https:\/\/www.oficinaempleo.com\/blog\/wp-content\/uploads\/2014\/12\/propositos.jpg\",\"width\":1200,\"height\":627,\"caption\":\"10 propositos para poner en marcha de cara al 2015\"},{\"@type\":\"BreadcrumbList\",\"@id\":\"https:\/\/www.oficinaempleo.com\/blog\/10-propositos-para-poner-en-marcha-en-2015\/#breadcrumb\",\"itemListElement\":[{\"@type\":\"ListItem\",\"position\":1,\"name\":\"Home\",\"item\":\"https:\/\/www.oficinaempleo.com\/blog\/\"},{\"@type\":\"ListItem\",\"position\":2,\"name\":\"10 prop\u00f3sitos para poner en marcha en 2015\"}]},{\"@type\":\"WebSite\",\"@id\":\"https:\/\/www.oficinaempleo.com\/blog\/#website\",\"url\":\"https:\/\/www.oficinaempleo.com\/blog\/\",\"name\":\"Noticias y Consejos de Empleo | Blog OficinaEmpleo\",\"description\":\"\",\"publisher\":{\"@id\":\"https:\/\/www.oficinaempleo.com\/blog\/#organization\"},\"potentialAction\":[{\"@type\":\"SearchAction\",\"target\":{\"@type\":\"EntryPoint\",\"urlTemplate\":\"https:\/\/www.oficinaempleo.com\/blog\/?s={search_term_string}\"},\"query-input\":{\"@type\":\"PropertyValueSpecification\",\"valueRequired\":true,\"valueName\":\"search_term_string\"}}],\"inLanguage\":\"es\"},{\"@type\":\"Organization\",\"@id\":\"https:\/\/www.oficinaempleo.com\/blog\/#organization\",\"name\":\"OficinaEmpleo\",\"url\":\"https:\/\/www.oficinaempleo.com\/blog\/\",\"logo\":{\"@type\":\"ImageObject\",\"inLanguage\":\"es\",\"@id\":\"https:\/\/www.oficinaempleo.com\/blog\/#\/schema\/logo\/image\/\",\"url\":\"https:\/\/www.oficinaempleo.com\/blog\/wp-content\/uploads\/2018\/10\/logo_footer-1.jpg\",\"contentUrl\":\"https:\/\/www.oficinaempleo.com\/blog\/wp-content\/uploads\/2018\/10\/logo_footer-1.jpg\",\"width\":478,\"height\":57,\"caption\":\"OficinaEmpleo\"},\"image\":{\"@id\":\"https:\/\/www.oficinaempleo.com\/blog\/#\/schema\/logo\/image\/\"},\"sameAs\":[\"https:\/\/x.com\/OficinaEmpleo\"]},{\"@type\":\"Person\",\"@id\":\"https:\/\/www.oficinaempleo.com\/blog\/#\/schema\/person\/a7f3437f35bd6bd9ad19addae529a114\",\"name\":\"OficinaEmpleo\",\"image\":{\"@type\":\"ImageObject\",\"inLanguage\":\"es\",\"@id\":\"https:\/\/www.oficinaempleo.com\/blog\/#\/schema\/person\/image\/\",\"url\":\"https:\/\/secure.gravatar.com\/avatar\/ea822afb14d7439ba3051d652cf8f548fe540f184ce16a2135fc22c9337bd72e?s=96&d=mm&r=g\",\"contentUrl\":\"https:\/\/secure.gravatar.com\/avatar\/ea822afb14d7439ba3051d652cf8f548fe540f184ce16a2135fc22c9337bd72e?s=96&d=mm&r=g\",\"caption\":\"OficinaEmpleo\"},\"description\":\"En OficinaEmpleo queremos ayudarte a conseguir trabajo. Por eso, adem\u00e1s de ofrecerte ofertas de empleo en nuestro portal, te ense\u00f1amos las novedades del sector, y consejos para mejorar tu perfil.\",\"sameAs\":[\"http:\/\/www.oficinaempleo.com\/\",\"https:\/\/www.facebook.com\/OficinaEmpleo\",\"https:\/\/x.com\/OficinaEmpleo\"],\"url\":\"https:\/\/www.oficinaempleo.com\/blog\/author\/empleo\/\"}]}<\/script>\n<!-- \/ Yoast SEO plugin. -->","yoast_head_json":{"title":"10 prop\u00f3sitos para poner en marcha en 2015 - Blog OficinaEmpleo","robots":{"index":"index","follow":"follow","max-snippet":"max-snippet:-1","max-image-preview":"max-image-preview:large","max-video-preview":"max-video-preview:-1"},"canonical":"https:\/\/www.oficinaempleo.com\/blog\/10-propositos-para-poner-en-marcha-en-2015\/","og_locale":"es_ES","og_type":"article","og_title":"10 prop\u00f3sitos para poner en marcha en 2015 - Blog OficinaEmpleo","og_description":"El \u00e9xito de tu b\u00fasqueda depende de que te mantengas optimista y nunca te rindas","og_url":"https:\/\/www.oficinaempleo.com\/blog\/10-propositos-para-poner-en-marcha-en-2015\/","og_site_name":"Noticias y consejos de empleo | Blog OficinaEmpleo","article_author":"https:\/\/www.facebook.com\/OficinaEmpleo","article_published_time":"2014-12-22T14:29:03+00:00","article_modified_time":"2015-01-14T11:39:54+00:00","og_image":[{"width":1200,"height":627,"url":"https:\/\/www.oficinaempleo.com\/blog\/wp-content\/uploads\/2014\/12\/propositos.jpg","type":"image\/jpeg"}],"author":"OficinaEmpleo","twitter_card":"summary_large_image","twitter_creator":"@OficinaEmpleo","twitter_site":"@OficinaEmpleo","twitter_misc":{"Written by":"OficinaEmpleo","Est. reading time":"2 minutos"},"schema":{"@context":"https:\/\/schema.org","@graph":[{"@type":"Article","@id":"https:\/\/www.oficinaempleo.com\/blog\/10-propositos-para-poner-en-marcha-en-2015\/#article","isPartOf":{"@id":"https:\/\/www.oficinaempleo.com\/blog\/10-propositos-para-poner-en-marcha-en-2015\/"},"author":{"name":"OficinaEmpleo","@id":"https:\/\/www.oficinaempleo.com\/blog\/#\/schema\/person\/a7f3437f35bd6bd9ad19addae529a114"},"headline":"10 prop\u00f3sitos para poner en marcha en 2015","datePublished":"2014-12-22T14:29:03+00:00","dateModified":"2015-01-14T11:39:54+00:00","mainEntityOfPage":{"@id":"https:\/\/www.oficinaempleo.com\/blog\/10-propositos-para-poner-en-marcha-en-2015\/"},"wordCount":363,"commentCount":2,"publisher":{"@id":"https:\/\/www.oficinaempleo.com\/blog\/#organization"},"image":{"@id":"https:\/\/www.oficinaempleo.com\/blog\/10-propositos-para-poner-en-marcha-en-2015\/#primaryimage"},"thumbnailUrl":"https:\/\/www.oficinaempleo.com\/blog\/wp-content\/uploads\/2014\/12\/propositos.jpg","keywords":["nuevas ideas para 2015","optimismo","prop\u00f3sitos 2015","prop\u00f3sitos para nuevo a\u00f1o"],"articleSection":["Consejos y Recursos","Psicolog\u00eda"],"inLanguage":"es","potentialAction":[{"@type":"CommentAction","name":"Comment","target":["https:\/\/www.oficinaempleo.com\/blog\/10-propositos-para-poner-en-marcha-en-2015\/#respond"]}]},{"@type":"WebPage","@id":"https:\/\/www.oficinaempleo.com\/blog\/10-propositos-para-poner-en-marcha-en-2015\/","url":"https:\/\/www.oficinaempleo.com\/blog\/10-propositos-para-poner-en-marcha-en-2015\/","name":"10 prop\u00f3sitos para poner en marcha en 2015 - Blog OficinaEmpleo","isPartOf":{"@id":"https:\/\/www.oficinaempleo.com\/blog\/#website"},"primaryImageOfPage":{"@id":"https:\/\/www.oficinaempleo.com\/blog\/10-propositos-para-poner-en-marcha-en-2015\/#primaryimage"},"image":{"@id":"https:\/\/www.oficinaempleo.com\/blog\/10-propositos-para-poner-en-marcha-en-2015\/#primaryimage"},"thumbnailUrl":"https:\/\/www.oficinaempleo.com\/blog\/wp-content\/uploads\/2014\/12\/propositos.jpg","datePublished":"2014-12-22T14:29:03+00:00","dateModified":"2015-01-14T11:39:54+00:00","breadcrumb":{"@id":"https:\/\/www.oficinaempleo.com\/blog\/10-propositos-para-poner-en-marcha-en-2015\/#breadcrumb"},"inLanguage":"es","potentialAction":[{"@type":"ReadAction","target":["https:\/\/www.oficinaempleo.com\/blog\/10-propositos-para-poner-en-marcha-en-2015\/"]}]},{"@type":"ImageObject","inLanguage":"es","@id":"https:\/\/www.oficinaempleo.com\/blog\/10-propositos-para-poner-en-marcha-en-2015\/#primaryimage","url":"https:\/\/www.oficinaempleo.com\/blog\/wp-content\/uploads\/2014\/12\/propositos.jpg","contentUrl":"https:\/\/www.oficinaempleo.com\/blog\/wp-content\/uploads\/2014\/12\/propositos.jpg","width":1200,"height":627,"caption":"10 propositos para poner en marcha de cara al 2015"},{"@type":"BreadcrumbList","@id":"https:\/\/www.oficinaempleo.com\/blog\/10-propositos-para-poner-en-marcha-en-2015\/#breadcrumb","itemListElement":[{"@type":"ListItem","position":1,"name":"Home","item":"https:\/\/www.oficinaempleo.com\/blog\/"},{"@type":"ListItem","position":2,"name":"10 prop\u00f3sitos para poner en marcha en 2015"}]},{"@type":"WebSite","@id":"https:\/\/www.oficinaempleo.com\/blog\/#website","url":"https:\/\/www.oficinaempleo.com\/blog\/","name":"Noticias y Consejos de Empleo | Blog OficinaEmpleo","description":"","publisher":{"@id":"https:\/\/www.oficinaempleo.com\/blog\/#organization"},"potentialAction":[{"@type":"SearchAction","target":{"@type":"EntryPoint","urlTemplate":"https:\/\/www.oficinaempleo.com\/blog\/?s={search_term_string}"},"query-input":{"@type":"PropertyValueSpecification","valueRequired":true,"valueName":"search_term_string"}}],"inLanguage":"es"},{"@type":"Organization","@id":"https:\/\/www.oficinaempleo.com\/blog\/#organization","name":"OficinaEmpleo","url":"https:\/\/www.oficinaempleo.com\/blog\/","logo":{"@type":"ImageObject","inLanguage":"es","@id":"https:\/\/www.oficinaempleo.com\/blog\/#\/schema\/logo\/image\/","url":"https:\/\/www.oficinaempleo.com\/blog\/wp-content\/uploads\/2018\/10\/logo_footer-1.jpg","contentUrl":"https:\/\/www.oficinaempleo.com\/blog\/wp-content\/uploads\/2018\/10\/logo_footer-1.jpg","width":478,"height":57,"caption":"OficinaEmpleo"},"image":{"@id":"https:\/\/www.oficinaempleo.com\/blog\/#\/schema\/logo\/image\/"},"sameAs":["https:\/\/x.com\/OficinaEmpleo"]},{"@type":"Person","@id":"https:\/\/www.oficinaempleo.com\/blog\/#\/schema\/person\/a7f3437f35bd6bd9ad19addae529a114","name":"OficinaEmpleo","image":{"@type":"ImageObject","inLanguage":"es","@id":"https:\/\/www.oficinaempleo.com\/blog\/#\/schema\/person\/image\/","url":"https:\/\/secure.gravatar.com\/avatar\/ea822afb14d7439ba3051d652cf8f548fe540f184ce16a2135fc22c9337bd72e?s=96&d=mm&r=g","contentUrl":"https:\/\/secure.gravatar.com\/avatar\/ea822afb14d7439ba3051d652cf8f548fe540f184ce16a2135fc22c9337bd72e?s=96&d=mm&r=g","caption":"OficinaEmpleo"},"description":"En OficinaEmpleo queremos ayudarte a conseguir trabajo. Por eso, adem\u00e1s de ofrecerte ofertas de empleo en nuestro portal, te ense\u00f1amos las novedades del sector, y consejos para mejorar tu perfil.","sameAs":["http:\/\/www.oficinaempleo.com\/","https:\/\/www.facebook.com\/OficinaEmpleo","https:\/\/x.com\/OficinaEmpleo"],"url":"https:\/\/www.oficinaempleo.com\/blog\/author\/empleo\/"}]}},"_links":{"self":[{"href":"https:\/\/www.oficinaempleo.com\/blog\/wp-json\/wp\/v2\/posts\/2149","targetHints":{"allow":["GET"]}}],"collection":[{"href":"https:\/\/www.oficinaempleo.com\/blog\/wp-json\/wp\/v2\/posts"}],"about":[{"href":"https:\/\/www.oficinaempleo.com\/blog\/wp-json\/wp\/v2\/types\/post"}],"author":[{"embeddable":true,"href":"https:\/\/www.oficinaempleo.com\/blog\/wp-json\/wp\/v2\/users\/2"}],"replies":[{"embeddable":true,"href":"https:\/\/www.oficinaempleo.com\/blog\/wp-json\/wp\/v2\/comments?post=2149"}],"version-history":[{"count":0,"href":"https:\/\/www.oficinaempleo.com\/blog\/wp-json\/wp\/v2\/posts\/2149\/revisions"}],"wp:featuredmedia":[{"embeddable":true,"href":"https:\/\/www.oficinaempleo.com\/blog\/wp-json\/wp\/v2\/media\/2171"}],"wp:attachment":[{"href":"https:\/\/www.oficinaempleo.com\/blog\/wp-json\/wp\/v2\/media?parent=2149"}],"wp:term":[{"taxonomy":"category","embeddable":true,"href":"https:\/\/www.oficinaempleo.com\/blog\/wp-json\/wp\/v2\/categories?post=2149"},{"taxonomy":"post_tag","embeddable":true,"href":"https:\/\/www.oficinaempleo.com\/blog\/wp-json\/wp\/v2\/tags?post=2149"}],"curies":[{"name":"wp","href":"https:\/\/api.w.org\/{rel}","templated":true}]}}