{"id":22031,"date":"2017-09-28T10:30:44","date_gmt":"2017-09-28T09:30:44","guid":{"rendered":"http:\/\/www.oficinaempleo.com\/blog\/?p=22031"},"modified":"2017-09-28T10:30:44","modified_gmt":"2017-09-28T09:30:44","slug":"supermercados-lidl-oferta-puestos-de-trabajo","status":"publish","type":"post","link":"https:\/\/www.oficinaempleo.com\/blog\/supermercados-lidl-oferta-puestos-de-trabajo\/","title":{"rendered":"Supermercados LIDL oferta puestos de trabajo"},"content":{"rendered":"<div class=\"su-button-center\"><a href=\"https:\/\/jobs.oficinaempleo.com\/registro?origen=ORG-web&#038;utm_source=OE&#038;utm_medium=boton_registro&#038;utm_content=homepage&#038;utm_campaign=organic\" class=\"su-button su-button-style-flat\" style=\"color:#FFFFFF;background-color:#ec7d0c;border-color:#bd640a;border-radius:10px\" target=\"__blank\"><span style=\"color:#FFFFFF;padding:8px 26px;font-size:20px;line-height:30px;border-color:#f2a455;border-radius:10px;text-shadow:none\"><i class=\"sui sui-arrow-circle-right\" style=\"font-size:20px;color:#FFFFFF\"><\/i> Reg\u00edstrate gratis en OficinaEmpleo<\/span><\/a><\/div><div class=\"su-spacer\" style=\"height:30px\"><\/div>\n<p><a href=\"https:\/\/www.lidl.es\/es\/index.htm\">Supermercados Lidl<\/a> es una cadena alemana de descuentos. Adem\u00e1s, esta empresa forma parte del <a href=\"http:\/\/kiwix.demo.ideascube.org\/wikipedia.es\/A\/Grupo_Schwarz.html\"><strong>grupo Schwarz<\/strong><\/a>, el mayor grupo de distribuci\u00f3n de Europa.<\/p>\n<p><strong>La cadena Lidl<\/strong> cuenta con m\u00e1s de 10.000 establecimientos propios, repartidos por 27 pa\u00edses a lo largo del mundo. En<strong> Espa\u00f1a<\/strong> posee m\u00e1s de<strong> 500 establecimientos<\/strong>, que los respaldan un equipo de m\u00e1s casi <strong>9.600 empleados<\/strong>.<\/p>\n<div id=\"attachment_22037\" style=\"width: 760px\" class=\"wp-caption alignnone\"><a href=\"http:\/\/www.oficinaempleo.com\/blog\/wp-content\/uploads\/2017\/09\/LDL-ART.png\"><img loading=\"lazy\" decoding=\"async\" aria-describedby=\"caption-attachment-22037\" class=\"wp-image-22037 size-full\" src=\"http:\/\/www.oficinaempleo.com\/blog\/wp-content\/uploads\/2017\/09\/LDL-ART.png\" alt=\"Supermercados LIDL oferta puestos de trabajo (Flickr)\" width=\"750\" height=\"390\" srcset=\"https:\/\/www.oficinaempleo.com\/blog\/wp-content\/uploads\/2017\/09\/LDL-ART.png 750w, https:\/\/www.oficinaempleo.com\/blog\/wp-content\/uploads\/2017\/09\/LDL-ART-300x156.png 300w, https:\/\/www.oficinaempleo.com\/blog\/wp-content\/uploads\/2017\/09\/LDL-ART-290x150.png 290w\" sizes=\"auto, (max-width: 750px) 100vw, 750px\" \/><\/a><p id=\"caption-attachment-22037\" class=\"wp-caption-text\">Supermercados LIDL oferta puestos de trabajo (Flickr)<\/p><\/div>\n<p>Esta empresa como otras del sector, est\u00e1n continuamente en expansi\u00f3n y crecimiento a lo largo del mundo. Adem\u00e1s al tratarse de una cadena de alimentaci\u00f3n, poseen muchos puestos de trabajo tanto directos como indirectos.<\/p>\n<h2>Entre los puestos que se ofertan est\u00e1n:<\/h2>\n<p>-Puesto de cajero.<\/p>\n<p>-Reponedor.<\/p>\n<p>-Ayudante.<\/p>\n<p>-Mozo de almac\u00e9n.<\/p>\n<p>-Trabajador para f\u00e1brica.<\/p>\n<p>-Transportista.<\/p>\n<p>Estos son los puestos de trabajo que m\u00e1s se ofertan en esta cadena de supermercados.<\/p>\n<h2>Los requisitos que se precisan:<\/h2>\n<p>Si deseas solicitar un puesto en esta empresa estos son los valores que debes tener.<\/p>\n<p>-Al menos, la educaci\u00f3n secundaria.<\/p>\n<p>-M\u00ednimo 1 a\u00f1o de experiencia en el sector.<\/p>\n<p>-Una buena disponibilidad horaria para trabajar en turnos rotativos.<\/p>\n<p>Se valorar\u00e1 <strong>la experiencia<\/strong> en otras empresas del sector.<\/p>\n<h2>LIDL ofrece:<\/h2>\n<p>-Un buen ambiente dentro de la empresa.<\/p>\n<p>-Opci\u00f3n a ascender dentro de la empresa.<\/p>\n<p>-Seguir form\u00e1ndote.<\/p>\n<p>-Un horario flexible para que puedas compaginar el trabajo con tu vida personal.<\/p>\n<p>-Igualdad de oportunidades para toda la plantilla.<\/p>\n<p>Adem\u00e1s, para ayudar a los trabajadores con su desarrollo personal, en Lidl promueven la movilidad de los empleados entre departamentos y \u00e1reas geogr\u00e1ficas.<\/p>\n<p>Si est\u00e1s interesado en formar parte de este gran equipo, encajas dentro de las vacantes y cumples los requisitos puedes mandar tu curr\u00edculum a Lidl. En <a href=\"https:\/\/www.lidl.es\/es\/index.htm\">su p\u00e1gina web<\/a>, encontrar\u00e1s toda la informaci\u00f3n que necesitas.<\/p>\n<p>Si por el contrario, este no es el trabajo de tu vida y est\u00e1s pensando en otra cosa. En <a href=\"https:\/\/www.oficinaempleo.com\/\">Oficina Empleo\u00a0<\/a>\u00a0contamos con miles de ofertas que pueden interesarte como <a href=\"https:\/\/www.oficinaempleo.com\/trabajar-en\/atencion-al-cliente-4\">trabajar en Atenci\u00f3n al Cliente\u00a0<\/a>, o <a href=\"http:\/\/www.oficinaempleo.com\/blog\/como-trabajar-en-telepizza\/\">c\u00f3mo trabajar en Telepizza<\/a>, entre otras.<\/p>\n<p><strong>Encuentra trabajo en tu provincia:<\/strong><\/p>\n<div>\n<ul>\n<li><a href=\"https:\/\/www.oficinaempleo.com\/ofertas-empleo-en\/madrid\"  rel=\"noopener noreferrer\" data-saferedirecturl=\"https:\/\/jobs.oficinaempleo.com\/registro?origen=ORG-web&utm_source=OE&utm_medium=boton_registro&utm_content=homepage&utm_campaign=organic\" target=\"_blank\">Empleo en Madrid<\/a><\/li>\n<li><a href=\"https:\/\/www.oficinaempleo.com\/ofertas-empleo-en\/barcelona\"  rel=\"noopener noreferrer\" data-saferedirecturl=\"https:\/\/jobs.oficinaempleo.com\/registro?origen=ORG-web&utm_source=OE&utm_medium=boton_registro&utm_content=homepage&utm_campaign=organic\" target=\"_blank\">Empleo en Barcelona<\/a><\/li>\n<li><a href=\"https:\/\/www.oficinaempleo.com\/ofertas-empleo-en\/alicante\"  rel=\"noopener noreferrer\" data-saferedirecturl=\"https:\/\/jobs.oficinaempleo.com\/registro?origen=ORG-web&utm_source=OE&utm_medium=boton_registro&utm_content=homepage&utm_campaign=organic\" target=\"_blank\">Empleo en Alicante<\/a><\/li>\n<li><a href=\"https:\/\/www.oficinaempleo.com\/ofertas-empleo-en\/santa-cruz-de-tenerife\"  rel=\"noopener noreferrer\" data-saferedirecturl=\"https:\/\/jobs.oficinaempleo.com\/registro?origen=ORG-web&utm_source=OE&utm_medium=boton_registro&utm_content=homepage&utm_campaign=organic\" target=\"_blank\">Empleo en Santa Cruz de Tenerife<\/a><\/li>\n<li><a href=\"https:\/\/www.oficinaempleo.com\/ofertas-empleo-en\/sevilla\"  rel=\"noopener noreferrer\" data-saferedirecturl=\"https:\/\/jobs.oficinaempleo.com\/registro?origen=ORG-web&utm_source=OE&utm_medium=boton_registro&utm_content=homepage&utm_campaign=organic\" target=\"_blank\">Empleo en Sevilla<\/a><\/li>\n<\/ul>\n<\/div>\n<div class=\"su-button-center\"><a href=\"https:\/\/jobs.oficinaempleo.com\/registro?origen=ORG-web&#038;utm_source=OE&#038;utm_medium=boton_registro&#038;utm_content=homepage&#038;utm_campaign=organic\" class=\"su-button su-button-style-flat\" style=\"color:#FFFFFF;background-color:#ec7d0c;border-color:#bd640a;border-radius:10px\" target=\"__blank\"><span style=\"color:#FFFFFF;padding:8px 26px;font-size:20px;line-height:30px;border-color:#f2a455;border-radius:10px;text-shadow:none\"><i class=\"sui sui-arrow-circle-right\" style=\"font-size:20px;color:#FFFFFF\"><\/i> Reg\u00edstrate gratis en OficinaEmpleo<\/span><\/a><\/div><div class=\"su-spacer\" style=\"height:30px\"><\/div>\n","protected":false},"excerpt":{"rendered":"<p>Si est\u00e1s interesado en trabajar para una de las mayores cadenas de supermercados de Espa\u00f1a. Esta es tu oportunidad. <\/p>\n","protected":false},"author":25,"featured_media":22038,"comment_status":"open","ping_status":"open","sticky":false,"template":"","format":"standard","meta":{"footnotes":""},"categories":[691],"tags":[],"class_list":["post-22031","post","type-post","status-publish","format-standard","has-post-thumbnail","hentry","category-actualidad-empleo","cat-691-id","has_thumb"],"yoast_head":"<!-- This site is optimized with the Yoast SEO plugin v27.1.1 - https:\/\/yoast.com\/product\/yoast-seo-wordpress\/ -->\n<title>Supermercados LIDL oferta puestos de trabajo - Blog OficinaEmpleo<\/title>\n<meta name=\"description\" content=\"Esta gran cadena de supermercados alemana, est\u00e1 buscando cajeros, reponedores y ayudantes para sus tiendas, a lo largo de Europa.\" \/>\n<meta name=\"robots\" content=\"index, follow, max-snippet:-1, max-image-preview:large, max-video-preview:-1\" \/>\n<link rel=\"canonical\" href=\"https:\/\/www.oficinaempleo.com\/blog\/supermercados-lidl-oferta-puestos-de-trabajo\/\" \/>\n<meta property=\"og:locale\" content=\"es_ES\" \/>\n<meta property=\"og:type\" content=\"article\" \/>\n<meta property=\"og:title\" content=\"Supermercados LIDL oferta puestos de trabajo - Blog OficinaEmpleo\" \/>\n<meta property=\"og:description\" content=\"Esta gran cadena de supermercados alemana, est\u00e1 buscando cajeros, reponedores y ayudantes para sus tiendas, a lo largo de Europa.\" \/>\n<meta property=\"og:url\" content=\"https:\/\/www.oficinaempleo.com\/blog\/supermercados-lidl-oferta-puestos-de-trabajo\/\" \/>\n<meta property=\"og:site_name\" content=\"Noticias y consejos de empleo | Blog OficinaEmpleo\" \/>\n<meta property=\"article:published_time\" content=\"2017-09-28T09:30:44+00:00\" \/>\n<meta property=\"og:image\" content=\"https:\/\/www.oficinaempleo.com\/blog\/wp-content\/uploads\/2017\/09\/LDL-DES.png\" \/>\n\t<meta property=\"og:image:width\" content=\"1920\" \/>\n\t<meta property=\"og:image:height\" content=\"560\" \/>\n\t<meta property=\"og:image:type\" content=\"image\/png\" \/>\n<meta name=\"author\" content=\"Elizabeth Vidarte\" \/>\n<meta name=\"twitter:card\" content=\"summary_large_image\" \/>\n<meta name=\"twitter:creator\" content=\"@OficinaEmpleo\" \/>\n<meta name=\"twitter:site\" content=\"@OficinaEmpleo\" \/>\n<meta name=\"twitter:label1\" content=\"Written by\" \/>\n\t<meta name=\"twitter:data1\" content=\"Elizabeth Vidarte\" \/>\n\t<meta name=\"twitter:label2\" content=\"Est. reading time\" \/>\n\t<meta name=\"twitter:data2\" content=\"2 minutos\" \/>\n<script type=\"application\/ld+json\" class=\"yoast-schema-graph\">{\"@context\":\"https:\/\/schema.org\",\"@graph\":[{\"@type\":\"Article\",\"@id\":\"https:\/\/www.oficinaempleo.com\/blog\/supermercados-lidl-oferta-puestos-de-trabajo\/#article\",\"isPartOf\":{\"@id\":\"https:\/\/www.oficinaempleo.com\/blog\/supermercados-lidl-oferta-puestos-de-trabajo\/\"},\"author\":{\"name\":\"Elizabeth Vidarte\",\"@id\":\"https:\/\/www.oficinaempleo.com\/blog\/#\/schema\/person\/882163e367deaae2a6b7d0a57c53e596\"},\"headline\":\"Supermercados LIDL oferta puestos de trabajo\",\"datePublished\":\"2017-09-28T09:30:44+00:00\",\"mainEntityOfPage\":{\"@id\":\"https:\/\/www.oficinaempleo.com\/blog\/supermercados-lidl-oferta-puestos-de-trabajo\/\"},\"wordCount\":448,\"commentCount\":344,\"publisher\":{\"@id\":\"https:\/\/www.oficinaempleo.com\/blog\/#organization\"},\"image\":{\"@id\":\"https:\/\/www.oficinaempleo.com\/blog\/supermercados-lidl-oferta-puestos-de-trabajo\/#primaryimage\"},\"thumbnailUrl\":\"https:\/\/www.oficinaempleo.com\/blog\/wp-content\/uploads\/2017\/09\/LDL-DES.png\",\"articleSection\":[\"Actualidad\"],\"inLanguage\":\"es\",\"potentialAction\":[{\"@type\":\"CommentAction\",\"name\":\"Comment\",\"target\":[\"https:\/\/www.oficinaempleo.com\/blog\/supermercados-lidl-oferta-puestos-de-trabajo\/#respond\"]}]},{\"@type\":\"WebPage\",\"@id\":\"https:\/\/www.oficinaempleo.com\/blog\/supermercados-lidl-oferta-puestos-de-trabajo\/\",\"url\":\"https:\/\/www.oficinaempleo.com\/blog\/supermercados-lidl-oferta-puestos-de-trabajo\/\",\"name\":\"Supermercados LIDL oferta puestos de trabajo - Blog OficinaEmpleo\",\"isPartOf\":{\"@id\":\"https:\/\/www.oficinaempleo.com\/blog\/#website\"},\"primaryImageOfPage\":{\"@id\":\"https:\/\/www.oficinaempleo.com\/blog\/supermercados-lidl-oferta-puestos-de-trabajo\/#primaryimage\"},\"image\":{\"@id\":\"https:\/\/www.oficinaempleo.com\/blog\/supermercados-lidl-oferta-puestos-de-trabajo\/#primaryimage\"},\"thumbnailUrl\":\"https:\/\/www.oficinaempleo.com\/blog\/wp-content\/uploads\/2017\/09\/LDL-DES.png\",\"datePublished\":\"2017-09-28T09:30:44+00:00\",\"description\":\"Esta gran cadena de supermercados alemana, est\u00e1 buscando cajeros, reponedores y ayudantes para sus tiendas, a lo largo de Europa.\",\"breadcrumb\":{\"@id\":\"https:\/\/www.oficinaempleo.com\/blog\/supermercados-lidl-oferta-puestos-de-trabajo\/#breadcrumb\"},\"inLanguage\":\"es\",\"potentialAction\":[{\"@type\":\"ReadAction\",\"target\":[\"https:\/\/www.oficinaempleo.com\/blog\/supermercados-lidl-oferta-puestos-de-trabajo\/\"]}]},{\"@type\":\"ImageObject\",\"inLanguage\":\"es\",\"@id\":\"https:\/\/www.oficinaempleo.com\/blog\/supermercados-lidl-oferta-puestos-de-trabajo\/#primaryimage\",\"url\":\"https:\/\/www.oficinaempleo.com\/blog\/wp-content\/uploads\/2017\/09\/LDL-DES.png\",\"contentUrl\":\"https:\/\/www.oficinaempleo.com\/blog\/wp-content\/uploads\/2017\/09\/LDL-DES.png\",\"width\":1920,\"height\":560},{\"@type\":\"BreadcrumbList\",\"@id\":\"https:\/\/www.oficinaempleo.com\/blog\/supermercados-lidl-oferta-puestos-de-trabajo\/#breadcrumb\",\"itemListElement\":[{\"@type\":\"ListItem\",\"position\":1,\"name\":\"Home\",\"item\":\"https:\/\/www.oficinaempleo.com\/blog\/\"},{\"@type\":\"ListItem\",\"position\":2,\"name\":\"Supermercados LIDL oferta puestos de trabajo\"}]},{\"@type\":\"WebSite\",\"@id\":\"https:\/\/www.oficinaempleo.com\/blog\/#website\",\"url\":\"https:\/\/www.oficinaempleo.com\/blog\/\",\"name\":\"Noticias y Consejos de Empleo | Blog OficinaEmpleo\",\"description\":\"\",\"publisher\":{\"@id\":\"https:\/\/www.oficinaempleo.com\/blog\/#organization\"},\"potentialAction\":[{\"@type\":\"SearchAction\",\"target\":{\"@type\":\"EntryPoint\",\"urlTemplate\":\"https:\/\/www.oficinaempleo.com\/blog\/?s={search_term_string}\"},\"query-input\":{\"@type\":\"PropertyValueSpecification\",\"valueRequired\":true,\"valueName\":\"search_term_string\"}}],\"inLanguage\":\"es\"},{\"@type\":\"Organization\",\"@id\":\"https:\/\/www.oficinaempleo.com\/blog\/#organization\",\"name\":\"OficinaEmpleo\",\"url\":\"https:\/\/www.oficinaempleo.com\/blog\/\",\"logo\":{\"@type\":\"ImageObject\",\"inLanguage\":\"es\",\"@id\":\"https:\/\/www.oficinaempleo.com\/blog\/#\/schema\/logo\/image\/\",\"url\":\"https:\/\/www.oficinaempleo.com\/blog\/wp-content\/uploads\/2018\/10\/logo_footer-1.jpg\",\"contentUrl\":\"https:\/\/www.oficinaempleo.com\/blog\/wp-content\/uploads\/2018\/10\/logo_footer-1.jpg\",\"width\":478,\"height\":57,\"caption\":\"OficinaEmpleo\"},\"image\":{\"@id\":\"https:\/\/www.oficinaempleo.com\/blog\/#\/schema\/logo\/image\/\"},\"sameAs\":[\"https:\/\/x.com\/OficinaEmpleo\"]},{\"@type\":\"Person\",\"@id\":\"https:\/\/www.oficinaempleo.com\/blog\/#\/schema\/person\/882163e367deaae2a6b7d0a57c53e596\",\"name\":\"Elizabeth Vidarte\",\"image\":{\"@type\":\"ImageObject\",\"inLanguage\":\"es\",\"@id\":\"https:\/\/www.oficinaempleo.com\/blog\/#\/schema\/person\/image\/\",\"url\":\"https:\/\/secure.gravatar.com\/avatar\/4036a2a9e78829de615b7aebe7ef2e14664b71194a6de83a686f172a3d335184?s=96&d=mm&r=g\",\"contentUrl\":\"https:\/\/secure.gravatar.com\/avatar\/4036a2a9e78829de615b7aebe7ef2e14664b71194a6de83a686f172a3d335184?s=96&d=mm&r=g\",\"caption\":\"Elizabeth Vidarte\"},\"url\":\"https:\/\/www.oficinaempleo.com\/blog\/author\/elizabeth\/\"}]}<\/script>\n<!-- \/ Yoast SEO plugin. -->","yoast_head_json":{"title":"Supermercados LIDL oferta puestos de trabajo - Blog OficinaEmpleo","description":"Esta gran cadena de supermercados alemana, est\u00e1 buscando cajeros, reponedores y ayudantes para sus tiendas, a lo largo de Europa.","robots":{"index":"index","follow":"follow","max-snippet":"max-snippet:-1","max-image-preview":"max-image-preview:large","max-video-preview":"max-video-preview:-1"},"canonical":"https:\/\/www.oficinaempleo.com\/blog\/supermercados-lidl-oferta-puestos-de-trabajo\/","og_locale":"es_ES","og_type":"article","og_title":"Supermercados LIDL oferta puestos de trabajo - Blog OficinaEmpleo","og_description":"Esta gran cadena de supermercados alemana, est\u00e1 buscando cajeros, reponedores y ayudantes para sus tiendas, a lo largo de Europa.","og_url":"https:\/\/www.oficinaempleo.com\/blog\/supermercados-lidl-oferta-puestos-de-trabajo\/","og_site_name":"Noticias y consejos de empleo | Blog OficinaEmpleo","article_published_time":"2017-09-28T09:30:44+00:00","og_image":[{"width":1920,"height":560,"url":"https:\/\/www.oficinaempleo.com\/blog\/wp-content\/uploads\/2017\/09\/LDL-DES.png","type":"image\/png"}],"author":"Elizabeth Vidarte","twitter_card":"summary_large_image","twitter_creator":"@OficinaEmpleo","twitter_site":"@OficinaEmpleo","twitter_misc":{"Written by":"Elizabeth Vidarte","Est. reading time":"2 minutos"},"schema":{"@context":"https:\/\/schema.org","@graph":[{"@type":"Article","@id":"https:\/\/www.oficinaempleo.com\/blog\/supermercados-lidl-oferta-puestos-de-trabajo\/#article","isPartOf":{"@id":"https:\/\/www.oficinaempleo.com\/blog\/supermercados-lidl-oferta-puestos-de-trabajo\/"},"author":{"name":"Elizabeth Vidarte","@id":"https:\/\/www.oficinaempleo.com\/blog\/#\/schema\/person\/882163e367deaae2a6b7d0a57c53e596"},"headline":"Supermercados LIDL oferta puestos de trabajo","datePublished":"2017-09-28T09:30:44+00:00","mainEntityOfPage":{"@id":"https:\/\/www.oficinaempleo.com\/blog\/supermercados-lidl-oferta-puestos-de-trabajo\/"},"wordCount":448,"commentCount":344,"publisher":{"@id":"https:\/\/www.oficinaempleo.com\/blog\/#organization"},"image":{"@id":"https:\/\/www.oficinaempleo.com\/blog\/supermercados-lidl-oferta-puestos-de-trabajo\/#primaryimage"},"thumbnailUrl":"https:\/\/www.oficinaempleo.com\/blog\/wp-content\/uploads\/2017\/09\/LDL-DES.png","articleSection":["Actualidad"],"inLanguage":"es","potentialAction":[{"@type":"CommentAction","name":"Comment","target":["https:\/\/www.oficinaempleo.com\/blog\/supermercados-lidl-oferta-puestos-de-trabajo\/#respond"]}]},{"@type":"WebPage","@id":"https:\/\/www.oficinaempleo.com\/blog\/supermercados-lidl-oferta-puestos-de-trabajo\/","url":"https:\/\/www.oficinaempleo.com\/blog\/supermercados-lidl-oferta-puestos-de-trabajo\/","name":"Supermercados LIDL oferta puestos de trabajo - Blog OficinaEmpleo","isPartOf":{"@id":"https:\/\/www.oficinaempleo.com\/blog\/#website"},"primaryImageOfPage":{"@id":"https:\/\/www.oficinaempleo.com\/blog\/supermercados-lidl-oferta-puestos-de-trabajo\/#primaryimage"},"image":{"@id":"https:\/\/www.oficinaempleo.com\/blog\/supermercados-lidl-oferta-puestos-de-trabajo\/#primaryimage"},"thumbnailUrl":"https:\/\/www.oficinaempleo.com\/blog\/wp-content\/uploads\/2017\/09\/LDL-DES.png","datePublished":"2017-09-28T09:30:44+00:00","description":"Esta gran cadena de supermercados alemana, est\u00e1 buscando cajeros, reponedores y ayudantes para sus tiendas, a lo largo de Europa.","breadcrumb":{"@id":"https:\/\/www.oficinaempleo.com\/blog\/supermercados-lidl-oferta-puestos-de-trabajo\/#breadcrumb"},"inLanguage":"es","potentialAction":[{"@type":"ReadAction","target":["https:\/\/www.oficinaempleo.com\/blog\/supermercados-lidl-oferta-puestos-de-trabajo\/"]}]},{"@type":"ImageObject","inLanguage":"es","@id":"https:\/\/www.oficinaempleo.com\/blog\/supermercados-lidl-oferta-puestos-de-trabajo\/#primaryimage","url":"https:\/\/www.oficinaempleo.com\/blog\/wp-content\/uploads\/2017\/09\/LDL-DES.png","contentUrl":"https:\/\/www.oficinaempleo.com\/blog\/wp-content\/uploads\/2017\/09\/LDL-DES.png","width":1920,"height":560},{"@type":"BreadcrumbList","@id":"https:\/\/www.oficinaempleo.com\/blog\/supermercados-lidl-oferta-puestos-de-trabajo\/#breadcrumb","itemListElement":[{"@type":"ListItem","position":1,"name":"Home","item":"https:\/\/www.oficinaempleo.com\/blog\/"},{"@type":"ListItem","position":2,"name":"Supermercados LIDL oferta puestos de trabajo"}]},{"@type":"WebSite","@id":"https:\/\/www.oficinaempleo.com\/blog\/#website","url":"https:\/\/www.oficinaempleo.com\/blog\/","name":"Noticias y Consejos de Empleo | Blog OficinaEmpleo","description":"","publisher":{"@id":"https:\/\/www.oficinaempleo.com\/blog\/#organization"},"potentialAction":[{"@type":"SearchAction","target":{"@type":"EntryPoint","urlTemplate":"https:\/\/www.oficinaempleo.com\/blog\/?s={search_term_string}"},"query-input":{"@type":"PropertyValueSpecification","valueRequired":true,"valueName":"search_term_string"}}],"inLanguage":"es"},{"@type":"Organization","@id":"https:\/\/www.oficinaempleo.com\/blog\/#organization","name":"OficinaEmpleo","url":"https:\/\/www.oficinaempleo.com\/blog\/","logo":{"@type":"ImageObject","inLanguage":"es","@id":"https:\/\/www.oficinaempleo.com\/blog\/#\/schema\/logo\/image\/","url":"https:\/\/www.oficinaempleo.com\/blog\/wp-content\/uploads\/2018\/10\/logo_footer-1.jpg","contentUrl":"https:\/\/www.oficinaempleo.com\/blog\/wp-content\/uploads\/2018\/10\/logo_footer-1.jpg","width":478,"height":57,"caption":"OficinaEmpleo"},"image":{"@id":"https:\/\/www.oficinaempleo.com\/blog\/#\/schema\/logo\/image\/"},"sameAs":["https:\/\/x.com\/OficinaEmpleo"]},{"@type":"Person","@id":"https:\/\/www.oficinaempleo.com\/blog\/#\/schema\/person\/882163e367deaae2a6b7d0a57c53e596","name":"Elizabeth Vidarte","image":{"@type":"ImageObject","inLanguage":"es","@id":"https:\/\/www.oficinaempleo.com\/blog\/#\/schema\/person\/image\/","url":"https:\/\/secure.gravatar.com\/avatar\/4036a2a9e78829de615b7aebe7ef2e14664b71194a6de83a686f172a3d335184?s=96&d=mm&r=g","contentUrl":"https:\/\/secure.gravatar.com\/avatar\/4036a2a9e78829de615b7aebe7ef2e14664b71194a6de83a686f172a3d335184?s=96&d=mm&r=g","caption":"Elizabeth Vidarte"},"url":"https:\/\/www.oficinaempleo.com\/blog\/author\/elizabeth\/"}]}},"_links":{"self":[{"href":"https:\/\/www.oficinaempleo.com\/blog\/wp-json\/wp\/v2\/posts\/22031","targetHints":{"allow":["GET"]}}],"collection":[{"href":"https:\/\/www.oficinaempleo.com\/blog\/wp-json\/wp\/v2\/posts"}],"about":[{"href":"https:\/\/www.oficinaempleo.com\/blog\/wp-json\/wp\/v2\/types\/post"}],"author":[{"embeddable":true,"href":"https:\/\/www.oficinaempleo.com\/blog\/wp-json\/wp\/v2\/users\/25"}],"replies":[{"embeddable":true,"href":"https:\/\/www.oficinaempleo.com\/blog\/wp-json\/wp\/v2\/comments?post=22031"}],"version-history":[{"count":7,"href":"https:\/\/www.oficinaempleo.com\/blog\/wp-json\/wp\/v2\/posts\/22031\/revisions"}],"predecessor-version":[{"id":22040,"href":"https:\/\/www.oficinaempleo.com\/blog\/wp-json\/wp\/v2\/posts\/22031\/revisions\/22040"}],"wp:featuredmedia":[{"embeddable":true,"href":"https:\/\/www.oficinaempleo.com\/blog\/wp-json\/wp\/v2\/media\/22038"}],"wp:attachment":[{"href":"https:\/\/www.oficinaempleo.com\/blog\/wp-json\/wp\/v2\/media?parent=22031"}],"wp:term":[{"taxonomy":"category","embeddable":true,"href":"https:\/\/www.oficinaempleo.com\/blog\/wp-json\/wp\/v2\/categories?post=22031"},{"taxonomy":"post_tag","embeddable":true,"href":"https:\/\/www.oficinaempleo.com\/blog\/wp-json\/wp\/v2\/tags?post=22031"}],"curies":[{"name":"wp","href":"https:\/\/api.w.org\/{rel}","templated":true}]}}