{"id":22262,"date":"2024-09-30T11:30:33","date_gmt":"2024-09-30T10:30:33","guid":{"rendered":"http:\/\/www.oficinaempleo.com\/blog\/?p=22262"},"modified":"2024-09-30T15:05:44","modified_gmt":"2024-09-30T14:05:44","slug":"pros-y-contras-de-trabajar-en-el-turno-de-tarde","status":"publish","type":"post","link":"https:\/\/www.oficinaempleo.com\/blog\/pros-y-contras-de-trabajar-en-el-turno-de-tarde\/","title":{"rendered":"Pros y contras de trabajar en el turno de tarde"},"content":{"rendered":"<p>El<strong> turno de tarde<\/strong>, y m\u00e1s a\u00fan el turno de noche, casi siempre sale perjudicado en comparaci\u00f3n con una <a href=\"http:\/\/www.oficinaempleo.com\/blog\/jornada-intensiva-vs-jornada-completa-que-es-mejor\/\"><strong>jornada de trabajo<\/strong><\/a> que comience por la ma\u00f1ana. Pero, aunque est\u00e1 claro que el <strong>turno de tarde<\/strong> tiene sus desventajas, poca gente habla de las ventajas que tiene. Que tambi\u00e9n las hay.<\/p>\n<div id=\"attachment_22263\" style=\"width: 600px\" class=\"wp-caption alignnone\"><img loading=\"lazy\" decoding=\"async\" aria-describedby=\"caption-attachment-22263\" class=\"size-full wp-image-22263\" src=\"http:\/\/www.oficinaempleo.com\/blog\/wp-content\/uploads\/2017\/10\/turno.jpg\" alt=\"turno de tarde\" width=\"590\" height=\"315\" srcset=\"https:\/\/www.oficinaempleo.com\/blog\/wp-content\/uploads\/2017\/10\/turno.jpg 590w, https:\/\/www.oficinaempleo.com\/blog\/wp-content\/uploads\/2017\/10\/turno-300x160.jpg 300w\" sizes=\"auto, (max-width: 590px) 100vw, 590px\" \/><p id=\"caption-attachment-22263\" class=\"wp-caption-text\">Imagen de una mujer trabajando por la noche (iStock)<\/p><\/div>\n<p>Te queremos demostrar que <strong>trabajar en el turno de tarde no s\u00f3lo conlleva cosas negativas<\/strong>, como normalmente se piensa. Por eso nos parece que lo m\u00e1s justo es reflejar las dos caras de la moneda acerc\u00e1ndonos tanto a los pros como a los contras de trabajar en el turno de tarde.<\/p>\n<h2 style=\"text-align: left;\">Ventajas<\/h2>\n<h3>1. No madrugar<\/h3>\n<p>Para muchos de quienes comienzan su jornada laboral por la tarde es toda una alegr\u00eda <strong>no tener la obligaci\u00f3n de madrugar<\/strong>. Si lo hacen, es por gusto y por querer aprovechar la ma\u00f1ana para hacer cosas, pero no porque entren pronto a trabajar y no puedan darse media vuelta cuando suena el despertador\u2026<\/p>\n<h3>2. No hay atascos<\/h3>\n<p>Otra de las grandes ventajas que tenemos si entramos a trabajar por la tarde es ahorrarnos los atascos de tr\u00e1fico propios de la ma\u00f1ana y las aglomeraciones que se forman en hora punta en el <a href=\"https:\/\/es.wikipedia.org\/wiki\/Transporte_p%C3%BAblico\" target=\"_blank\" rel=\"noopener\">transporte p\u00fablico<\/a>.<\/p>\n<h3>3. Menos estr\u00e9s<\/h3>\n<p>El nivel de estr\u00e9s que nos genera un empleo depende, entre otras cosas, del tipo de trabajo que tengamos y de la exigencia a la que estemos sometidos, pero es muy probable que en un turno de tarde, sobre todo si se prolonga por la noche, tengamos un <strong>clima laboral m\u00e1s relajado y menos estresante<\/strong>.<\/p>\n<h3>4. Coincidir\u00e1s menos tiempo con tu jefe<\/h3>\n<p>Si tus compa\u00f1eros de trabajo y t\u00fa \u201cs\u00f3lo\u201d \u2013como si fuera poco\u2026- ten\u00e9is un <strong>jefe<\/strong> directo, lo normal es que entre a trabajar a primera hora de la ma\u00f1ana y que<strong> quienes trabajen en horario de tarde o noche coincidan menos horas con \u00e9l o con ella<\/strong>. Y eso casi siempre es una ventaja\u2026<\/p>\n<h2 style=\"text-align: left;\">Desventajas<\/h2>\n<h3>1. Menos vida social<\/h3>\n<p>El turno de tarde no es precisamente el mejor para <strong>conciliar el trabajo con la vida familiar<\/strong> ni para socializarse. Si trabajas en el turno de tarde o de noche, ir\u00e1s al rev\u00e9s que la mayor\u00eda de la gente y dif\u00edcilmente podr\u00e1s pasar mucho tiempo con tu familia y tus amigos.<\/p>\n<h3>2. Puede perjudicar la salud<\/h3>\n<p>Si el trabajo en turno de tarde se prolonga durante la noche, es f\u00e1cil que altere nuestro<a href=\"https:\/\/sleeps.es\/calculadora-de-sueno\/\" target=\"_blank\" rel=\"noopener\"><strong> horario de sue\u00f1o<\/strong><\/a> con el consiguiente perjuicio que puede tener para nuestra salud. Hay estudios que demuestran que <strong>trabajar por la noche nos hace envejecer mucho m\u00e1s r\u00e1pido<\/strong>.<\/p>\n<h3>3. Sensaci\u00f3n de soledad<\/h3>\n<p>Si tenemos <a href=\"http:\/\/www.oficinaempleo.com\/blog\/8-tipos-de-companeros-de-trabajo-a-evitar\/\"><strong>compa\u00f1eros<\/strong><\/a> que tambi\u00e9n trabajan con nosotros en el turno de tarde, no hay problema, pero es probable que en algunos lugares seamos los \u00fanicos que trabajemos en ese turno mientras que por la ma\u00f1ana suele coincidir m\u00e1s gente.<\/p>\n<h3>4. Ocuparse de las tareas menos agradecidas<\/h3>\n<p>A los trabajadores del <strong>turno de tarde<\/strong> les suelen caer las tareas pendientes de la ma\u00f1ana y eso incluye los asuntos de los que nadie quiere ocuparse y los problemas que no han sabido (o querido) resolver. Eso s\u00ed, siempre tendremos la opci\u00f3n de volver a pasarles la pelota para que lo hagan ellos a la ma\u00f1ana siguiente\u2026<\/p>\n<div class=\"su-button-center\"><a href=\"https:\/\/jobs.oficinaempleo.com\/registro?origen=ORG-web&#038;utm_source=OE&#038;utm_medium=boton_registro&#038;utm_content=homepage&#038;utm_campaign=organic\" class=\"su-button su-button-style-flat\" style=\"color:#FFFFFF;background-color:#ec7d0c;border-color:#bd640a;border-radius:10px\" target=\"__blank\"><span style=\"color:#FFFFFF;padding:8px 26px;font-size:20px;line-height:30px;border-color:#f2a455;border-radius:10px;text-shadow:none\"><i class=\"sui sui-arrow-circle-right\" style=\"font-size:20px;color:#FFFFFF\"><\/i> Reg\u00edstrate para no perderte ninguna oferta de empleo<\/span><\/a><\/div><div class=\"su-spacer\" style=\"height:30px\"><\/div>\n","protected":false},"excerpt":{"rendered":"<p>No todo son problemas a la hora de trabajar en el turno de tarde. Tambi\u00e9n hay ventajas como estas&#8230;<\/p>\n","protected":false},"author":2,"featured_media":22264,"comment_status":"open","ping_status":"open","sticky":false,"template":"","format":"standard","meta":{"footnotes":""},"categories":[11],"tags":[2623,438,5718,5719,5717],"class_list":["post-22262","post","type-post","status-publish","format-standard","has-post-thumbnail","hentry","category-recursos-humanos","tag-jornada-de-trabajo","tag-jornada-laboral","tag-trabajar-en-turno-de-tarde","tag-turno-de-noche","tag-turno-de-tarde","cat-11-id","has_thumb"],"yoast_head":"<!-- This site is optimized with the Yoast SEO plugin v27.1.1 - https:\/\/yoast.com\/product\/yoast-seo-wordpress\/ -->\n<title>Pros y contras de trabajar en el turno de tarde - Blog OficinaEmpleo<\/title>\n<meta name=\"description\" content=\"No todo son problemas a la hora de trabajar en el turno de tarde como normalmente se cree. Tambi\u00e9n tiene ventajas como estas. \u00a1Mira!\" \/>\n<meta name=\"robots\" content=\"index, follow, max-snippet:-1, max-image-preview:large, max-video-preview:-1\" \/>\n<link rel=\"canonical\" href=\"https:\/\/www.oficinaempleo.com\/blog\/pros-y-contras-de-trabajar-en-el-turno-de-tarde\/\" \/>\n<meta property=\"og:locale\" content=\"es_ES\" \/>\n<meta property=\"og:type\" content=\"article\" \/>\n<meta property=\"og:title\" content=\"Pros y contras de trabajar en el turno de tarde - Blog OficinaEmpleo\" \/>\n<meta property=\"og:description\" content=\"No todo son problemas a la hora de trabajar en el turno de tarde como normalmente se cree. Tambi\u00e9n tiene ventajas como estas. \u00a1Mira!\" \/>\n<meta property=\"og:url\" content=\"https:\/\/www.oficinaempleo.com\/blog\/pros-y-contras-de-trabajar-en-el-turno-de-tarde\/\" \/>\n<meta property=\"og:site_name\" content=\"Noticias y consejos de empleo | Blog OficinaEmpleo\" \/>\n<meta property=\"article:author\" content=\"https:\/\/www.facebook.com\/OficinaEmpleo\" \/>\n<meta property=\"article:published_time\" content=\"2024-09-30T10:30:33+00:00\" \/>\n<meta property=\"article:modified_time\" content=\"2024-09-30T14:05:44+00:00\" \/>\n<meta property=\"og:image\" content=\"https:\/\/www.oficinaempleo.com\/blog\/wp-content\/uploads\/2017\/10\/turno-destacada.jpg\" \/>\n\t<meta property=\"og:image:width\" content=\"600\" \/>\n\t<meta property=\"og:image:height\" content=\"310\" \/>\n\t<meta property=\"og:image:type\" content=\"image\/jpeg\" \/>\n<meta name=\"author\" content=\"OficinaEmpleo\" \/>\n<meta name=\"twitter:card\" content=\"summary_large_image\" \/>\n<meta name=\"twitter:creator\" content=\"@OficinaEmpleo\" \/>\n<meta name=\"twitter:site\" content=\"@OficinaEmpleo\" \/>\n<meta name=\"twitter:label1\" content=\"Written by\" \/>\n\t<meta name=\"twitter:data1\" content=\"OficinaEmpleo\" \/>\n\t<meta name=\"twitter:label2\" content=\"Est. reading time\" \/>\n\t<meta name=\"twitter:data2\" content=\"3 minutos\" \/>\n<script type=\"application\/ld+json\" class=\"yoast-schema-graph\">{\"@context\":\"https:\/\/schema.org\",\"@graph\":[{\"@type\":\"Article\",\"@id\":\"https:\/\/www.oficinaempleo.com\/blog\/pros-y-contras-de-trabajar-en-el-turno-de-tarde\/#article\",\"isPartOf\":{\"@id\":\"https:\/\/www.oficinaempleo.com\/blog\/pros-y-contras-de-trabajar-en-el-turno-de-tarde\/\"},\"author\":{\"name\":\"OficinaEmpleo\",\"@id\":\"https:\/\/www.oficinaempleo.com\/blog\/#\/schema\/person\/a7f3437f35bd6bd9ad19addae529a114\"},\"headline\":\"Pros y contras de trabajar en el turno de tarde\",\"datePublished\":\"2024-09-30T10:30:33+00:00\",\"dateModified\":\"2024-09-30T14:05:44+00:00\",\"mainEntityOfPage\":{\"@id\":\"https:\/\/www.oficinaempleo.com\/blog\/pros-y-contras-de-trabajar-en-el-turno-de-tarde\/\"},\"wordCount\":631,\"commentCount\":1,\"publisher\":{\"@id\":\"https:\/\/www.oficinaempleo.com\/blog\/#organization\"},\"image\":{\"@id\":\"https:\/\/www.oficinaempleo.com\/blog\/pros-y-contras-de-trabajar-en-el-turno-de-tarde\/#primaryimage\"},\"thumbnailUrl\":\"https:\/\/www.oficinaempleo.com\/blog\/wp-content\/uploads\/2017\/10\/turno-destacada.jpg\",\"keywords\":[\"jornada de trabajo\",\"jornada laboral\",\"trabajar en turno de tarde\",\"turno de noche\",\"turno de tarde\"],\"articleSection\":[\"Recursos humanos\"],\"inLanguage\":\"es\",\"potentialAction\":[{\"@type\":\"CommentAction\",\"name\":\"Comment\",\"target\":[\"https:\/\/www.oficinaempleo.com\/blog\/pros-y-contras-de-trabajar-en-el-turno-de-tarde\/#respond\"]}]},{\"@type\":\"WebPage\",\"@id\":\"https:\/\/www.oficinaempleo.com\/blog\/pros-y-contras-de-trabajar-en-el-turno-de-tarde\/\",\"url\":\"https:\/\/www.oficinaempleo.com\/blog\/pros-y-contras-de-trabajar-en-el-turno-de-tarde\/\",\"name\":\"Pros y contras de trabajar en el turno de tarde - Blog OficinaEmpleo\",\"isPartOf\":{\"@id\":\"https:\/\/www.oficinaempleo.com\/blog\/#website\"},\"primaryImageOfPage\":{\"@id\":\"https:\/\/www.oficinaempleo.com\/blog\/pros-y-contras-de-trabajar-en-el-turno-de-tarde\/#primaryimage\"},\"image\":{\"@id\":\"https:\/\/www.oficinaempleo.com\/blog\/pros-y-contras-de-trabajar-en-el-turno-de-tarde\/#primaryimage\"},\"thumbnailUrl\":\"https:\/\/www.oficinaempleo.com\/blog\/wp-content\/uploads\/2017\/10\/turno-destacada.jpg\",\"datePublished\":\"2024-09-30T10:30:33+00:00\",\"dateModified\":\"2024-09-30T14:05:44+00:00\",\"description\":\"No todo son problemas a la hora de trabajar en el turno de tarde como normalmente se cree. Tambi\u00e9n tiene ventajas como estas. \u00a1Mira!\",\"breadcrumb\":{\"@id\":\"https:\/\/www.oficinaempleo.com\/blog\/pros-y-contras-de-trabajar-en-el-turno-de-tarde\/#breadcrumb\"},\"inLanguage\":\"es\",\"potentialAction\":[{\"@type\":\"ReadAction\",\"target\":[\"https:\/\/www.oficinaempleo.com\/blog\/pros-y-contras-de-trabajar-en-el-turno-de-tarde\/\"]}]},{\"@type\":\"ImageObject\",\"inLanguage\":\"es\",\"@id\":\"https:\/\/www.oficinaempleo.com\/blog\/pros-y-contras-de-trabajar-en-el-turno-de-tarde\/#primaryimage\",\"url\":\"https:\/\/www.oficinaempleo.com\/blog\/wp-content\/uploads\/2017\/10\/turno-destacada.jpg\",\"contentUrl\":\"https:\/\/www.oficinaempleo.com\/blog\/wp-content\/uploads\/2017\/10\/turno-destacada.jpg\",\"width\":600,\"height\":310},{\"@type\":\"BreadcrumbList\",\"@id\":\"https:\/\/www.oficinaempleo.com\/blog\/pros-y-contras-de-trabajar-en-el-turno-de-tarde\/#breadcrumb\",\"itemListElement\":[{\"@type\":\"ListItem\",\"position\":1,\"name\":\"Home\",\"item\":\"https:\/\/www.oficinaempleo.com\/blog\/\"},{\"@type\":\"ListItem\",\"position\":2,\"name\":\"Pros y contras de trabajar en el turno de tarde\"}]},{\"@type\":\"WebSite\",\"@id\":\"https:\/\/www.oficinaempleo.com\/blog\/#website\",\"url\":\"https:\/\/www.oficinaempleo.com\/blog\/\",\"name\":\"Noticias y Consejos de Empleo | Blog OficinaEmpleo\",\"description\":\"\",\"publisher\":{\"@id\":\"https:\/\/www.oficinaempleo.com\/blog\/#organization\"},\"potentialAction\":[{\"@type\":\"SearchAction\",\"target\":{\"@type\":\"EntryPoint\",\"urlTemplate\":\"https:\/\/www.oficinaempleo.com\/blog\/?s={search_term_string}\"},\"query-input\":{\"@type\":\"PropertyValueSpecification\",\"valueRequired\":true,\"valueName\":\"search_term_string\"}}],\"inLanguage\":\"es\"},{\"@type\":\"Organization\",\"@id\":\"https:\/\/www.oficinaempleo.com\/blog\/#organization\",\"name\":\"OficinaEmpleo\",\"url\":\"https:\/\/www.oficinaempleo.com\/blog\/\",\"logo\":{\"@type\":\"ImageObject\",\"inLanguage\":\"es\",\"@id\":\"https:\/\/www.oficinaempleo.com\/blog\/#\/schema\/logo\/image\/\",\"url\":\"https:\/\/www.oficinaempleo.com\/blog\/wp-content\/uploads\/2018\/10\/logo_footer-1.jpg\",\"contentUrl\":\"https:\/\/www.oficinaempleo.com\/blog\/wp-content\/uploads\/2018\/10\/logo_footer-1.jpg\",\"width\":478,\"height\":57,\"caption\":\"OficinaEmpleo\"},\"image\":{\"@id\":\"https:\/\/www.oficinaempleo.com\/blog\/#\/schema\/logo\/image\/\"},\"sameAs\":[\"https:\/\/x.com\/OficinaEmpleo\"]},{\"@type\":\"Person\",\"@id\":\"https:\/\/www.oficinaempleo.com\/blog\/#\/schema\/person\/a7f3437f35bd6bd9ad19addae529a114\",\"name\":\"OficinaEmpleo\",\"image\":{\"@type\":\"ImageObject\",\"inLanguage\":\"es\",\"@id\":\"https:\/\/www.oficinaempleo.com\/blog\/#\/schema\/person\/image\/\",\"url\":\"https:\/\/secure.gravatar.com\/avatar\/ea822afb14d7439ba3051d652cf8f548fe540f184ce16a2135fc22c9337bd72e?s=96&d=mm&r=g\",\"contentUrl\":\"https:\/\/secure.gravatar.com\/avatar\/ea822afb14d7439ba3051d652cf8f548fe540f184ce16a2135fc22c9337bd72e?s=96&d=mm&r=g\",\"caption\":\"OficinaEmpleo\"},\"description\":\"En OficinaEmpleo queremos ayudarte a conseguir trabajo. Por eso, adem\u00e1s de ofrecerte ofertas de empleo en nuestro portal, te ense\u00f1amos las novedades del sector, y consejos para mejorar tu perfil.\",\"sameAs\":[\"http:\/\/www.oficinaempleo.com\/\",\"https:\/\/www.facebook.com\/OficinaEmpleo\",\"https:\/\/x.com\/OficinaEmpleo\"],\"url\":\"https:\/\/www.oficinaempleo.com\/blog\/author\/empleo\/\"}]}<\/script>\n<!-- \/ Yoast SEO plugin. -->","yoast_head_json":{"title":"Pros y contras de trabajar en el turno de tarde - Blog OficinaEmpleo","description":"No todo son problemas a la hora de trabajar en el turno de tarde como normalmente se cree. Tambi\u00e9n tiene ventajas como estas. \u00a1Mira!","robots":{"index":"index","follow":"follow","max-snippet":"max-snippet:-1","max-image-preview":"max-image-preview:large","max-video-preview":"max-video-preview:-1"},"canonical":"https:\/\/www.oficinaempleo.com\/blog\/pros-y-contras-de-trabajar-en-el-turno-de-tarde\/","og_locale":"es_ES","og_type":"article","og_title":"Pros y contras de trabajar en el turno de tarde - Blog OficinaEmpleo","og_description":"No todo son problemas a la hora de trabajar en el turno de tarde como normalmente se cree. Tambi\u00e9n tiene ventajas como estas. \u00a1Mira!","og_url":"https:\/\/www.oficinaempleo.com\/blog\/pros-y-contras-de-trabajar-en-el-turno-de-tarde\/","og_site_name":"Noticias y consejos de empleo | Blog OficinaEmpleo","article_author":"https:\/\/www.facebook.com\/OficinaEmpleo","article_published_time":"2024-09-30T10:30:33+00:00","article_modified_time":"2024-09-30T14:05:44+00:00","og_image":[{"width":600,"height":310,"url":"https:\/\/www.oficinaempleo.com\/blog\/wp-content\/uploads\/2017\/10\/turno-destacada.jpg","type":"image\/jpeg"}],"author":"OficinaEmpleo","twitter_card":"summary_large_image","twitter_creator":"@OficinaEmpleo","twitter_site":"@OficinaEmpleo","twitter_misc":{"Written by":"OficinaEmpleo","Est. reading time":"3 minutos"},"schema":{"@context":"https:\/\/schema.org","@graph":[{"@type":"Article","@id":"https:\/\/www.oficinaempleo.com\/blog\/pros-y-contras-de-trabajar-en-el-turno-de-tarde\/#article","isPartOf":{"@id":"https:\/\/www.oficinaempleo.com\/blog\/pros-y-contras-de-trabajar-en-el-turno-de-tarde\/"},"author":{"name":"OficinaEmpleo","@id":"https:\/\/www.oficinaempleo.com\/blog\/#\/schema\/person\/a7f3437f35bd6bd9ad19addae529a114"},"headline":"Pros y contras de trabajar en el turno de tarde","datePublished":"2024-09-30T10:30:33+00:00","dateModified":"2024-09-30T14:05:44+00:00","mainEntityOfPage":{"@id":"https:\/\/www.oficinaempleo.com\/blog\/pros-y-contras-de-trabajar-en-el-turno-de-tarde\/"},"wordCount":631,"commentCount":1,"publisher":{"@id":"https:\/\/www.oficinaempleo.com\/blog\/#organization"},"image":{"@id":"https:\/\/www.oficinaempleo.com\/blog\/pros-y-contras-de-trabajar-en-el-turno-de-tarde\/#primaryimage"},"thumbnailUrl":"https:\/\/www.oficinaempleo.com\/blog\/wp-content\/uploads\/2017\/10\/turno-destacada.jpg","keywords":["jornada de trabajo","jornada laboral","trabajar en turno de tarde","turno de noche","turno de tarde"],"articleSection":["Recursos humanos"],"inLanguage":"es","potentialAction":[{"@type":"CommentAction","name":"Comment","target":["https:\/\/www.oficinaempleo.com\/blog\/pros-y-contras-de-trabajar-en-el-turno-de-tarde\/#respond"]}]},{"@type":"WebPage","@id":"https:\/\/www.oficinaempleo.com\/blog\/pros-y-contras-de-trabajar-en-el-turno-de-tarde\/","url":"https:\/\/www.oficinaempleo.com\/blog\/pros-y-contras-de-trabajar-en-el-turno-de-tarde\/","name":"Pros y contras de trabajar en el turno de tarde - Blog OficinaEmpleo","isPartOf":{"@id":"https:\/\/www.oficinaempleo.com\/blog\/#website"},"primaryImageOfPage":{"@id":"https:\/\/www.oficinaempleo.com\/blog\/pros-y-contras-de-trabajar-en-el-turno-de-tarde\/#primaryimage"},"image":{"@id":"https:\/\/www.oficinaempleo.com\/blog\/pros-y-contras-de-trabajar-en-el-turno-de-tarde\/#primaryimage"},"thumbnailUrl":"https:\/\/www.oficinaempleo.com\/blog\/wp-content\/uploads\/2017\/10\/turno-destacada.jpg","datePublished":"2024-09-30T10:30:33+00:00","dateModified":"2024-09-30T14:05:44+00:00","description":"No todo son problemas a la hora de trabajar en el turno de tarde como normalmente se cree. Tambi\u00e9n tiene ventajas como estas. \u00a1Mira!","breadcrumb":{"@id":"https:\/\/www.oficinaempleo.com\/blog\/pros-y-contras-de-trabajar-en-el-turno-de-tarde\/#breadcrumb"},"inLanguage":"es","potentialAction":[{"@type":"ReadAction","target":["https:\/\/www.oficinaempleo.com\/blog\/pros-y-contras-de-trabajar-en-el-turno-de-tarde\/"]}]},{"@type":"ImageObject","inLanguage":"es","@id":"https:\/\/www.oficinaempleo.com\/blog\/pros-y-contras-de-trabajar-en-el-turno-de-tarde\/#primaryimage","url":"https:\/\/www.oficinaempleo.com\/blog\/wp-content\/uploads\/2017\/10\/turno-destacada.jpg","contentUrl":"https:\/\/www.oficinaempleo.com\/blog\/wp-content\/uploads\/2017\/10\/turno-destacada.jpg","width":600,"height":310},{"@type":"BreadcrumbList","@id":"https:\/\/www.oficinaempleo.com\/blog\/pros-y-contras-de-trabajar-en-el-turno-de-tarde\/#breadcrumb","itemListElement":[{"@type":"ListItem","position":1,"name":"Home","item":"https:\/\/www.oficinaempleo.com\/blog\/"},{"@type":"ListItem","position":2,"name":"Pros y contras de trabajar en el turno de tarde"}]},{"@type":"WebSite","@id":"https:\/\/www.oficinaempleo.com\/blog\/#website","url":"https:\/\/www.oficinaempleo.com\/blog\/","name":"Noticias y Consejos de Empleo | Blog OficinaEmpleo","description":"","publisher":{"@id":"https:\/\/www.oficinaempleo.com\/blog\/#organization"},"potentialAction":[{"@type":"SearchAction","target":{"@type":"EntryPoint","urlTemplate":"https:\/\/www.oficinaempleo.com\/blog\/?s={search_term_string}"},"query-input":{"@type":"PropertyValueSpecification","valueRequired":true,"valueName":"search_term_string"}}],"inLanguage":"es"},{"@type":"Organization","@id":"https:\/\/www.oficinaempleo.com\/blog\/#organization","name":"OficinaEmpleo","url":"https:\/\/www.oficinaempleo.com\/blog\/","logo":{"@type":"ImageObject","inLanguage":"es","@id":"https:\/\/www.oficinaempleo.com\/blog\/#\/schema\/logo\/image\/","url":"https:\/\/www.oficinaempleo.com\/blog\/wp-content\/uploads\/2018\/10\/logo_footer-1.jpg","contentUrl":"https:\/\/www.oficinaempleo.com\/blog\/wp-content\/uploads\/2018\/10\/logo_footer-1.jpg","width":478,"height":57,"caption":"OficinaEmpleo"},"image":{"@id":"https:\/\/www.oficinaempleo.com\/blog\/#\/schema\/logo\/image\/"},"sameAs":["https:\/\/x.com\/OficinaEmpleo"]},{"@type":"Person","@id":"https:\/\/www.oficinaempleo.com\/blog\/#\/schema\/person\/a7f3437f35bd6bd9ad19addae529a114","name":"OficinaEmpleo","image":{"@type":"ImageObject","inLanguage":"es","@id":"https:\/\/www.oficinaempleo.com\/blog\/#\/schema\/person\/image\/","url":"https:\/\/secure.gravatar.com\/avatar\/ea822afb14d7439ba3051d652cf8f548fe540f184ce16a2135fc22c9337bd72e?s=96&d=mm&r=g","contentUrl":"https:\/\/secure.gravatar.com\/avatar\/ea822afb14d7439ba3051d652cf8f548fe540f184ce16a2135fc22c9337bd72e?s=96&d=mm&r=g","caption":"OficinaEmpleo"},"description":"En OficinaEmpleo queremos ayudarte a conseguir trabajo. Por eso, adem\u00e1s de ofrecerte ofertas de empleo en nuestro portal, te ense\u00f1amos las novedades del sector, y consejos para mejorar tu perfil.","sameAs":["http:\/\/www.oficinaempleo.com\/","https:\/\/www.facebook.com\/OficinaEmpleo","https:\/\/x.com\/OficinaEmpleo"],"url":"https:\/\/www.oficinaempleo.com\/blog\/author\/empleo\/"}]}},"_links":{"self":[{"href":"https:\/\/www.oficinaempleo.com\/blog\/wp-json\/wp\/v2\/posts\/22262","targetHints":{"allow":["GET"]}}],"collection":[{"href":"https:\/\/www.oficinaempleo.com\/blog\/wp-json\/wp\/v2\/posts"}],"about":[{"href":"https:\/\/www.oficinaempleo.com\/blog\/wp-json\/wp\/v2\/types\/post"}],"author":[{"embeddable":true,"href":"https:\/\/www.oficinaempleo.com\/blog\/wp-json\/wp\/v2\/users\/2"}],"replies":[{"embeddable":true,"href":"https:\/\/www.oficinaempleo.com\/blog\/wp-json\/wp\/v2\/comments?post=22262"}],"version-history":[{"count":6,"href":"https:\/\/www.oficinaempleo.com\/blog\/wp-json\/wp\/v2\/posts\/22262\/revisions"}],"predecessor-version":[{"id":35107,"href":"https:\/\/www.oficinaempleo.com\/blog\/wp-json\/wp\/v2\/posts\/22262\/revisions\/35107"}],"wp:featuredmedia":[{"embeddable":true,"href":"https:\/\/www.oficinaempleo.com\/blog\/wp-json\/wp\/v2\/media\/22264"}],"wp:attachment":[{"href":"https:\/\/www.oficinaempleo.com\/blog\/wp-json\/wp\/v2\/media?parent=22262"}],"wp:term":[{"taxonomy":"category","embeddable":true,"href":"https:\/\/www.oficinaempleo.com\/blog\/wp-json\/wp\/v2\/categories?post=22262"},{"taxonomy":"post_tag","embeddable":true,"href":"https:\/\/www.oficinaempleo.com\/blog\/wp-json\/wp\/v2\/tags?post=22262"}],"curies":[{"name":"wp","href":"https:\/\/api.w.org\/{rel}","templated":true}]}}