{"id":22364,"date":"2017-10-13T09:26:30","date_gmt":"2017-10-13T08:26:30","guid":{"rendered":"http:\/\/www.oficinaempleo.com\/blog\/?p=22364"},"modified":"2017-10-13T09:33:37","modified_gmt":"2017-10-13T08:33:37","slug":"psa-creacra-1-500-empleos-en-el-sector","status":"publish","type":"post","link":"https:\/\/www.oficinaempleo.com\/blog\/psa-creacra-1-500-empleos-en-el-sector\/","title":{"rendered":"PSA crear\u00e1 1.500 empleos en el sector de la automoci\u00f3n"},"content":{"rendered":"<div class=\"su-button-center\"><a href=\"https:\/\/jobs.oficinaempleo.com\/registro?origen=ORG-web&#038;utm_source=OE&#038;utm_medium=boton_registro&#038;utm_content=homepage&#038;utm_campaign=organic\" class=\"su-button su-button-style-flat\" style=\"color:#FFFFFF;background-color:#ec7d0c;border-color:#bd640a;border-radius:10px\" target=\"__blank\"><span style=\"color:#FFFFFF;padding:8px 26px;font-size:20px;line-height:30px;border-color:#f2a455;border-radius:10px;text-shadow:none\"><i class=\"sui sui-arrow-circle-right\" style=\"font-size:20px;color:#FFFFFF\"><\/i> Reg\u00edstrate gratis en OficinaEmpleo<\/span><\/a><\/div>\n<p>&nbsp;<\/p>\n<p>El sector de la automoci\u00f3n tiene buenas noticias: se lanzar\u00e1 un nuevo modelo en 2020 en la factor\u00eda de PSA Vigo conocido como V20. <strong>Esto supondr\u00e1 que PSA Vigo llegar\u00e1 a una producci\u00f3n superior a 500.000 veh\u00edculos al a\u00f1o<\/strong>. As\u00ed ser\u00e1 como la factor\u00eda superar\u00e1 todos los r\u00e9cords de producci\u00f3n hasta ahora. Significa que habr\u00e1 un incremento en la facturaci\u00f3n a las industrias de componente de hasta 1.000 millones de euros.<\/p>\n<div id=\"attachment_22365\" style=\"width: 600px\" class=\"wp-caption alignnone\"><a href=\"http:\/\/www.oficinaempleo.com\/blog\/wp-content\/uploads\/2017\/10\/Sin-t\u00edtulo-2-2.jpg\"><img loading=\"lazy\" decoding=\"async\" aria-describedby=\"caption-attachment-22365\" class=\"size-full wp-image-22365\" src=\"http:\/\/www.oficinaempleo.com\/blog\/wp-content\/uploads\/2017\/10\/Sin-t\u00edtulo-2-2.jpg\" alt=\"PSA crear\u00e1 1.500 empleos (P\u00e1gina Oficial PSA Vigo)\" width=\"590\" height=\"315\" srcset=\"https:\/\/www.oficinaempleo.com\/blog\/wp-content\/uploads\/2017\/10\/Sin-t\u00edtulo-2-2.jpg 590w, https:\/\/www.oficinaempleo.com\/blog\/wp-content\/uploads\/2017\/10\/Sin-t\u00edtulo-2-2-300x160.jpg 300w\" sizes=\"auto, (max-width: 590px) 100vw, 590px\" \/><\/a><p id=\"caption-attachment-22365\" class=\"wp-caption-text\">PSA crear\u00e1 1.500 empleos (P\u00e1gina Oficial PSA Vigo)<\/p><\/div>\n<p>La fabricaci\u00f3n de un nuevo coche en la planta de PSA en Vigo supondr\u00e1 la creaci\u00f3n de 1.500 nuevos empleos en el sector de la automoci\u00f3n en 2020. La factor\u00eda de Vigo ha recibido una serie de noticias positivas por parte de la multinacional francesa, por encima de las previsiones, tanto en empleo como en facturaci\u00f3n a proveedores, industrias de componentes gallegas, como en producci\u00f3n de autom\u00f3viles. Adem\u00e1s del nuevo modelo V20, <strong>la planta viguesa comenzar\u00e1 a producir en el primer trimestre del pr\u00f3ximo a\u00f1o los modelos de furgonetas K9<\/strong>.<\/p>\n<p>Con estas inversiones en PSA de Vigo se lograr\u00e1n empleos de mayor cualificaci\u00f3n y nivel. Tambi\u00e9n son importantes las inversiones porque pondr\u00e1n la industria gallega a la vanguardia en el sector de la automoci\u00f3n. Actuaciones encaminadas al\u00a0 coche aut\u00f3nomo o la puesta en marcha de la f\u00e1brica inteligente.<\/p>\n<p>Un sector muy importante, ya que en la actualidad\u00a0 <strong>ocupa a unos 2.000 trabajadores en Galicia, el 12 % del empleo industrial y genera una cifra de negocio de m\u00e1s de 8.300 millones de euros al a\u00f1o<\/strong>.<\/p>\n<div class=\"su-button-center\"><a href=\"https:\/\/jobs.oficinaempleo.com\/registro?origen=ORG-web&#038;utm_source=OE&#038;utm_medium=boton_registro&#038;utm_content=homepage&#038;utm_campaign=organic\" class=\"su-button su-button-style-flat\" style=\"color:#FFFFFF;background-color:#ec7d0c;border-color:#bd640a;border-radius:10px\" target=\"__blank\"><span style=\"color:#FFFFFF;padding:8px 26px;font-size:20px;line-height:30px;border-color:#f2a455;border-radius:10px;text-shadow:none\"><i class=\"sui sui-arrow-circle-right\" style=\"font-size:20px;color:#FFFFFF\"><\/i> Reg\u00edstrate gratis en OficinaEmpleo<\/span><\/a><\/div>\n","protected":false},"excerpt":{"rendered":"<p>&nbsp; El sector de la automoci\u00f3n tiene buenas noticias: se lanzar\u00e1 un nuevo modelo en 2020 en la factor\u00eda de PSA Vigo conocido como V20. Esto supondr\u00e1 que PSA Vigo llegar\u00e1 a una producci\u00f3n superior a 500.000 veh\u00edculos al a\u00f1o. As\u00ed ser\u00e1 como la factor\u00eda superar\u00e1 todos los r\u00e9cords de producci\u00f3n hasta ahora. Significa que [&hellip;]<\/p>\n","protected":false},"author":23,"featured_media":22366,"comment_status":"open","ping_status":"open","sticky":false,"template":"","format":"standard","meta":{"footnotes":""},"categories":[691,1441,3],"tags":[164,24,71],"class_list":["post-22364","post","type-post","status-publish","format-standard","has-post-thumbnail","hentry","category-actualidad-empleo","category-empresas","category-noticias-empleo","tag-buscar-empleo","tag-empleo","tag-ofertas-de-empleo","cat-691-id","cat-1441-id","cat-3-id","has_thumb"],"yoast_head":"<!-- This site is optimized with the Yoast SEO plugin v27.1.1 - https:\/\/yoast.com\/product\/yoast-seo-wordpress\/ -->\n<title>PSA crear\u00e1 1.500 empleos en el sector de la automoci\u00f3n - Blog OficinaEmpleo<\/title>\n<meta name=\"description\" content=\"Se lanzar\u00e1 un nuevo modelo en 2020 en la factor\u00eda de PSA Vigo conocido como V20 y supondr\u00e1 la creaci\u00f3n de 1.500 nuevos empleos en el sector de la automoci\u00f3n\" \/>\n<meta name=\"robots\" content=\"index, follow, max-snippet:-1, max-image-preview:large, max-video-preview:-1\" \/>\n<link rel=\"canonical\" href=\"https:\/\/www.oficinaempleo.com\/blog\/psa-creacra-1-500-empleos-en-el-sector\/\" \/>\n<meta property=\"og:locale\" content=\"es_ES\" \/>\n<meta property=\"og:type\" content=\"article\" \/>\n<meta property=\"og:title\" content=\"PSA crear\u00e1 1.500 empleos en el sector de la automoci\u00f3n - Blog OficinaEmpleo\" \/>\n<meta property=\"og:description\" content=\"Se lanzar\u00e1 un nuevo modelo en 2020 en la factor\u00eda de PSA Vigo conocido como V20 y supondr\u00e1 la creaci\u00f3n de 1.500 nuevos empleos en el sector de la automoci\u00f3n\" \/>\n<meta property=\"og:url\" content=\"https:\/\/www.oficinaempleo.com\/blog\/psa-creacra-1-500-empleos-en-el-sector\/\" \/>\n<meta property=\"og:site_name\" content=\"Noticias y consejos de empleo | Blog OficinaEmpleo\" \/>\n<meta property=\"article:published_time\" content=\"2017-10-13T08:26:30+00:00\" \/>\n<meta property=\"article:modified_time\" content=\"2017-10-13T08:33:37+00:00\" \/>\n<meta property=\"og:image\" content=\"https:\/\/www.oficinaempleo.com\/blog\/wp-content\/uploads\/2017\/10\/Sin-t\u00edtulo-3-1.jpg\" \/>\n\t<meta property=\"og:image:width\" content=\"600\" \/>\n\t<meta property=\"og:image:height\" content=\"315\" \/>\n\t<meta property=\"og:image:type\" content=\"image\/jpeg\" \/>\n<meta name=\"author\" content=\"Jonathan Nicl\u00f3s\" \/>\n<meta name=\"twitter:card\" content=\"summary_large_image\" \/>\n<meta name=\"twitter:creator\" content=\"@OficinaEmpleo\" \/>\n<meta name=\"twitter:site\" content=\"@OficinaEmpleo\" \/>\n<meta name=\"twitter:label1\" content=\"Written by\" \/>\n\t<meta name=\"twitter:data1\" content=\"Jonathan Nicl\u00f3s\" \/>\n\t<meta name=\"twitter:label2\" content=\"Est. reading time\" \/>\n\t<meta name=\"twitter:data2\" content=\"2 minutos\" \/>\n<script type=\"application\/ld+json\" class=\"yoast-schema-graph\">{\"@context\":\"https:\/\/schema.org\",\"@graph\":[{\"@type\":\"Article\",\"@id\":\"https:\/\/www.oficinaempleo.com\/blog\/psa-creacra-1-500-empleos-en-el-sector\/#article\",\"isPartOf\":{\"@id\":\"https:\/\/www.oficinaempleo.com\/blog\/psa-creacra-1-500-empleos-en-el-sector\/\"},\"author\":{\"name\":\"Jonathan Nicl\u00f3s\",\"@id\":\"https:\/\/www.oficinaempleo.com\/blog\/#\/schema\/person\/fab410efe67107bb6a72d0588cf8ef5a\"},\"headline\":\"PSA crear\u00e1 1.500 empleos en el sector de la automoci\u00f3n\",\"datePublished\":\"2017-10-13T08:26:30+00:00\",\"dateModified\":\"2017-10-13T08:33:37+00:00\",\"mainEntityOfPage\":{\"@id\":\"https:\/\/www.oficinaempleo.com\/blog\/psa-creacra-1-500-empleos-en-el-sector\/\"},\"wordCount\":385,\"commentCount\":27,\"publisher\":{\"@id\":\"https:\/\/www.oficinaempleo.com\/blog\/#organization\"},\"image\":{\"@id\":\"https:\/\/www.oficinaempleo.com\/blog\/psa-creacra-1-500-empleos-en-el-sector\/#primaryimage\"},\"thumbnailUrl\":\"https:\/\/www.oficinaempleo.com\/blog\/wp-content\/uploads\/2017\/10\/Sin-t\u00edtulo-3-1.jpg\",\"keywords\":[\"buscar empleo\",\"empleo\",\"ofertas de empleo\"],\"articleSection\":[\"Actualidad\",\"Empresas\",\"Noticias Empleo\"],\"inLanguage\":\"es\",\"potentialAction\":[{\"@type\":\"CommentAction\",\"name\":\"Comment\",\"target\":[\"https:\/\/www.oficinaempleo.com\/blog\/psa-creacra-1-500-empleos-en-el-sector\/#respond\"]}]},{\"@type\":\"WebPage\",\"@id\":\"https:\/\/www.oficinaempleo.com\/blog\/psa-creacra-1-500-empleos-en-el-sector\/\",\"url\":\"https:\/\/www.oficinaempleo.com\/blog\/psa-creacra-1-500-empleos-en-el-sector\/\",\"name\":\"PSA crear\u00e1 1.500 empleos en el sector de la automoci\u00f3n - Blog OficinaEmpleo\",\"isPartOf\":{\"@id\":\"https:\/\/www.oficinaempleo.com\/blog\/#website\"},\"primaryImageOfPage\":{\"@id\":\"https:\/\/www.oficinaempleo.com\/blog\/psa-creacra-1-500-empleos-en-el-sector\/#primaryimage\"},\"image\":{\"@id\":\"https:\/\/www.oficinaempleo.com\/blog\/psa-creacra-1-500-empleos-en-el-sector\/#primaryimage\"},\"thumbnailUrl\":\"https:\/\/www.oficinaempleo.com\/blog\/wp-content\/uploads\/2017\/10\/Sin-t\u00edtulo-3-1.jpg\",\"datePublished\":\"2017-10-13T08:26:30+00:00\",\"dateModified\":\"2017-10-13T08:33:37+00:00\",\"description\":\"Se lanzar\u00e1 un nuevo modelo en 2020 en la factor\u00eda de PSA Vigo conocido como V20 y supondr\u00e1 la creaci\u00f3n de 1.500 nuevos empleos en el sector de la automoci\u00f3n\",\"breadcrumb\":{\"@id\":\"https:\/\/www.oficinaempleo.com\/blog\/psa-creacra-1-500-empleos-en-el-sector\/#breadcrumb\"},\"inLanguage\":\"es\",\"potentialAction\":[{\"@type\":\"ReadAction\",\"target\":[\"https:\/\/www.oficinaempleo.com\/blog\/psa-creacra-1-500-empleos-en-el-sector\/\"]}]},{\"@type\":\"ImageObject\",\"inLanguage\":\"es\",\"@id\":\"https:\/\/www.oficinaempleo.com\/blog\/psa-creacra-1-500-empleos-en-el-sector\/#primaryimage\",\"url\":\"https:\/\/www.oficinaempleo.com\/blog\/wp-content\/uploads\/2017\/10\/Sin-t\u00edtulo-3-1.jpg\",\"contentUrl\":\"https:\/\/www.oficinaempleo.com\/blog\/wp-content\/uploads\/2017\/10\/Sin-t\u00edtulo-3-1.jpg\",\"width\":600,\"height\":315},{\"@type\":\"BreadcrumbList\",\"@id\":\"https:\/\/www.oficinaempleo.com\/blog\/psa-creacra-1-500-empleos-en-el-sector\/#breadcrumb\",\"itemListElement\":[{\"@type\":\"ListItem\",\"position\":1,\"name\":\"Home\",\"item\":\"https:\/\/www.oficinaempleo.com\/blog\/\"},{\"@type\":\"ListItem\",\"position\":2,\"name\":\"PSA crear\u00e1 1.500 empleos en el sector de la automoci\u00f3n\"}]},{\"@type\":\"WebSite\",\"@id\":\"https:\/\/www.oficinaempleo.com\/blog\/#website\",\"url\":\"https:\/\/www.oficinaempleo.com\/blog\/\",\"name\":\"Noticias y Consejos de Empleo | Blog OficinaEmpleo\",\"description\":\"\",\"publisher\":{\"@id\":\"https:\/\/www.oficinaempleo.com\/blog\/#organization\"},\"potentialAction\":[{\"@type\":\"SearchAction\",\"target\":{\"@type\":\"EntryPoint\",\"urlTemplate\":\"https:\/\/www.oficinaempleo.com\/blog\/?s={search_term_string}\"},\"query-input\":{\"@type\":\"PropertyValueSpecification\",\"valueRequired\":true,\"valueName\":\"search_term_string\"}}],\"inLanguage\":\"es\"},{\"@type\":\"Organization\",\"@id\":\"https:\/\/www.oficinaempleo.com\/blog\/#organization\",\"name\":\"OficinaEmpleo\",\"url\":\"https:\/\/www.oficinaempleo.com\/blog\/\",\"logo\":{\"@type\":\"ImageObject\",\"inLanguage\":\"es\",\"@id\":\"https:\/\/www.oficinaempleo.com\/blog\/#\/schema\/logo\/image\/\",\"url\":\"https:\/\/www.oficinaempleo.com\/blog\/wp-content\/uploads\/2018\/10\/logo_footer-1.jpg\",\"contentUrl\":\"https:\/\/www.oficinaempleo.com\/blog\/wp-content\/uploads\/2018\/10\/logo_footer-1.jpg\",\"width\":478,\"height\":57,\"caption\":\"OficinaEmpleo\"},\"image\":{\"@id\":\"https:\/\/www.oficinaempleo.com\/blog\/#\/schema\/logo\/image\/\"},\"sameAs\":[\"https:\/\/x.com\/OficinaEmpleo\"]},{\"@type\":\"Person\",\"@id\":\"https:\/\/www.oficinaempleo.com\/blog\/#\/schema\/person\/fab410efe67107bb6a72d0588cf8ef5a\",\"name\":\"Jonathan Nicl\u00f3s\",\"image\":{\"@type\":\"ImageObject\",\"inLanguage\":\"es\",\"@id\":\"https:\/\/www.oficinaempleo.com\/blog\/#\/schema\/person\/image\/\",\"url\":\"https:\/\/secure.gravatar.com\/avatar\/9b0d0eec8ec1a6663213a29c48f4ce9473e3a0821e3e0542a1a5af6bec0c6fa7?s=96&d=mm&r=g\",\"contentUrl\":\"https:\/\/secure.gravatar.com\/avatar\/9b0d0eec8ec1a6663213a29c48f4ce9473e3a0821e3e0542a1a5af6bec0c6fa7?s=96&d=mm&r=g\",\"caption\":\"Jonathan Nicl\u00f3s\"},\"url\":\"https:\/\/www.oficinaempleo.com\/blog\/author\/jonathan\/\"}]}<\/script>\n<!-- \/ Yoast SEO plugin. -->","yoast_head_json":{"title":"PSA crear\u00e1 1.500 empleos en el sector de la automoci\u00f3n - Blog OficinaEmpleo","description":"Se lanzar\u00e1 un nuevo modelo en 2020 en la factor\u00eda de PSA Vigo conocido como V20 y supondr\u00e1 la creaci\u00f3n de 1.500 nuevos empleos en el sector de la automoci\u00f3n","robots":{"index":"index","follow":"follow","max-snippet":"max-snippet:-1","max-image-preview":"max-image-preview:large","max-video-preview":"max-video-preview:-1"},"canonical":"https:\/\/www.oficinaempleo.com\/blog\/psa-creacra-1-500-empleos-en-el-sector\/","og_locale":"es_ES","og_type":"article","og_title":"PSA crear\u00e1 1.500 empleos en el sector de la automoci\u00f3n - Blog OficinaEmpleo","og_description":"Se lanzar\u00e1 un nuevo modelo en 2020 en la factor\u00eda de PSA Vigo conocido como V20 y supondr\u00e1 la creaci\u00f3n de 1.500 nuevos empleos en el sector de la automoci\u00f3n","og_url":"https:\/\/www.oficinaempleo.com\/blog\/psa-creacra-1-500-empleos-en-el-sector\/","og_site_name":"Noticias y consejos de empleo | Blog OficinaEmpleo","article_published_time":"2017-10-13T08:26:30+00:00","article_modified_time":"2017-10-13T08:33:37+00:00","og_image":[{"width":600,"height":315,"url":"https:\/\/www.oficinaempleo.com\/blog\/wp-content\/uploads\/2017\/10\/Sin-t\u00edtulo-3-1.jpg","type":"image\/jpeg"}],"author":"Jonathan Nicl\u00f3s","twitter_card":"summary_large_image","twitter_creator":"@OficinaEmpleo","twitter_site":"@OficinaEmpleo","twitter_misc":{"Written by":"Jonathan Nicl\u00f3s","Est. reading time":"2 minutos"},"schema":{"@context":"https:\/\/schema.org","@graph":[{"@type":"Article","@id":"https:\/\/www.oficinaempleo.com\/blog\/psa-creacra-1-500-empleos-en-el-sector\/#article","isPartOf":{"@id":"https:\/\/www.oficinaempleo.com\/blog\/psa-creacra-1-500-empleos-en-el-sector\/"},"author":{"name":"Jonathan Nicl\u00f3s","@id":"https:\/\/www.oficinaempleo.com\/blog\/#\/schema\/person\/fab410efe67107bb6a72d0588cf8ef5a"},"headline":"PSA crear\u00e1 1.500 empleos en el sector de la automoci\u00f3n","datePublished":"2017-10-13T08:26:30+00:00","dateModified":"2017-10-13T08:33:37+00:00","mainEntityOfPage":{"@id":"https:\/\/www.oficinaempleo.com\/blog\/psa-creacra-1-500-empleos-en-el-sector\/"},"wordCount":385,"commentCount":27,"publisher":{"@id":"https:\/\/www.oficinaempleo.com\/blog\/#organization"},"image":{"@id":"https:\/\/www.oficinaempleo.com\/blog\/psa-creacra-1-500-empleos-en-el-sector\/#primaryimage"},"thumbnailUrl":"https:\/\/www.oficinaempleo.com\/blog\/wp-content\/uploads\/2017\/10\/Sin-t\u00edtulo-3-1.jpg","keywords":["buscar empleo","empleo","ofertas de empleo"],"articleSection":["Actualidad","Empresas","Noticias Empleo"],"inLanguage":"es","potentialAction":[{"@type":"CommentAction","name":"Comment","target":["https:\/\/www.oficinaempleo.com\/blog\/psa-creacra-1-500-empleos-en-el-sector\/#respond"]}]},{"@type":"WebPage","@id":"https:\/\/www.oficinaempleo.com\/blog\/psa-creacra-1-500-empleos-en-el-sector\/","url":"https:\/\/www.oficinaempleo.com\/blog\/psa-creacra-1-500-empleos-en-el-sector\/","name":"PSA crear\u00e1 1.500 empleos en el sector de la automoci\u00f3n - Blog OficinaEmpleo","isPartOf":{"@id":"https:\/\/www.oficinaempleo.com\/blog\/#website"},"primaryImageOfPage":{"@id":"https:\/\/www.oficinaempleo.com\/blog\/psa-creacra-1-500-empleos-en-el-sector\/#primaryimage"},"image":{"@id":"https:\/\/www.oficinaempleo.com\/blog\/psa-creacra-1-500-empleos-en-el-sector\/#primaryimage"},"thumbnailUrl":"https:\/\/www.oficinaempleo.com\/blog\/wp-content\/uploads\/2017\/10\/Sin-t\u00edtulo-3-1.jpg","datePublished":"2017-10-13T08:26:30+00:00","dateModified":"2017-10-13T08:33:37+00:00","description":"Se lanzar\u00e1 un nuevo modelo en 2020 en la factor\u00eda de PSA Vigo conocido como V20 y supondr\u00e1 la creaci\u00f3n de 1.500 nuevos empleos en el sector de la automoci\u00f3n","breadcrumb":{"@id":"https:\/\/www.oficinaempleo.com\/blog\/psa-creacra-1-500-empleos-en-el-sector\/#breadcrumb"},"inLanguage":"es","potentialAction":[{"@type":"ReadAction","target":["https:\/\/www.oficinaempleo.com\/blog\/psa-creacra-1-500-empleos-en-el-sector\/"]}]},{"@type":"ImageObject","inLanguage":"es","@id":"https:\/\/www.oficinaempleo.com\/blog\/psa-creacra-1-500-empleos-en-el-sector\/#primaryimage","url":"https:\/\/www.oficinaempleo.com\/blog\/wp-content\/uploads\/2017\/10\/Sin-t\u00edtulo-3-1.jpg","contentUrl":"https:\/\/www.oficinaempleo.com\/blog\/wp-content\/uploads\/2017\/10\/Sin-t\u00edtulo-3-1.jpg","width":600,"height":315},{"@type":"BreadcrumbList","@id":"https:\/\/www.oficinaempleo.com\/blog\/psa-creacra-1-500-empleos-en-el-sector\/#breadcrumb","itemListElement":[{"@type":"ListItem","position":1,"name":"Home","item":"https:\/\/www.oficinaempleo.com\/blog\/"},{"@type":"ListItem","position":2,"name":"PSA crear\u00e1 1.500 empleos en el sector de la automoci\u00f3n"}]},{"@type":"WebSite","@id":"https:\/\/www.oficinaempleo.com\/blog\/#website","url":"https:\/\/www.oficinaempleo.com\/blog\/","name":"Noticias y Consejos de Empleo | Blog OficinaEmpleo","description":"","publisher":{"@id":"https:\/\/www.oficinaempleo.com\/blog\/#organization"},"potentialAction":[{"@type":"SearchAction","target":{"@type":"EntryPoint","urlTemplate":"https:\/\/www.oficinaempleo.com\/blog\/?s={search_term_string}"},"query-input":{"@type":"PropertyValueSpecification","valueRequired":true,"valueName":"search_term_string"}}],"inLanguage":"es"},{"@type":"Organization","@id":"https:\/\/www.oficinaempleo.com\/blog\/#organization","name":"OficinaEmpleo","url":"https:\/\/www.oficinaempleo.com\/blog\/","logo":{"@type":"ImageObject","inLanguage":"es","@id":"https:\/\/www.oficinaempleo.com\/blog\/#\/schema\/logo\/image\/","url":"https:\/\/www.oficinaempleo.com\/blog\/wp-content\/uploads\/2018\/10\/logo_footer-1.jpg","contentUrl":"https:\/\/www.oficinaempleo.com\/blog\/wp-content\/uploads\/2018\/10\/logo_footer-1.jpg","width":478,"height":57,"caption":"OficinaEmpleo"},"image":{"@id":"https:\/\/www.oficinaempleo.com\/blog\/#\/schema\/logo\/image\/"},"sameAs":["https:\/\/x.com\/OficinaEmpleo"]},{"@type":"Person","@id":"https:\/\/www.oficinaempleo.com\/blog\/#\/schema\/person\/fab410efe67107bb6a72d0588cf8ef5a","name":"Jonathan Nicl\u00f3s","image":{"@type":"ImageObject","inLanguage":"es","@id":"https:\/\/www.oficinaempleo.com\/blog\/#\/schema\/person\/image\/","url":"https:\/\/secure.gravatar.com\/avatar\/9b0d0eec8ec1a6663213a29c48f4ce9473e3a0821e3e0542a1a5af6bec0c6fa7?s=96&d=mm&r=g","contentUrl":"https:\/\/secure.gravatar.com\/avatar\/9b0d0eec8ec1a6663213a29c48f4ce9473e3a0821e3e0542a1a5af6bec0c6fa7?s=96&d=mm&r=g","caption":"Jonathan Nicl\u00f3s"},"url":"https:\/\/www.oficinaempleo.com\/blog\/author\/jonathan\/"}]}},"_links":{"self":[{"href":"https:\/\/www.oficinaempleo.com\/blog\/wp-json\/wp\/v2\/posts\/22364","targetHints":{"allow":["GET"]}}],"collection":[{"href":"https:\/\/www.oficinaempleo.com\/blog\/wp-json\/wp\/v2\/posts"}],"about":[{"href":"https:\/\/www.oficinaempleo.com\/blog\/wp-json\/wp\/v2\/types\/post"}],"author":[{"embeddable":true,"href":"https:\/\/www.oficinaempleo.com\/blog\/wp-json\/wp\/v2\/users\/23"}],"replies":[{"embeddable":true,"href":"https:\/\/www.oficinaempleo.com\/blog\/wp-json\/wp\/v2\/comments?post=22364"}],"version-history":[{"count":2,"href":"https:\/\/www.oficinaempleo.com\/blog\/wp-json\/wp\/v2\/posts\/22364\/revisions"}],"predecessor-version":[{"id":22368,"href":"https:\/\/www.oficinaempleo.com\/blog\/wp-json\/wp\/v2\/posts\/22364\/revisions\/22368"}],"wp:featuredmedia":[{"embeddable":true,"href":"https:\/\/www.oficinaempleo.com\/blog\/wp-json\/wp\/v2\/media\/22366"}],"wp:attachment":[{"href":"https:\/\/www.oficinaempleo.com\/blog\/wp-json\/wp\/v2\/media?parent=22364"}],"wp:term":[{"taxonomy":"category","embeddable":true,"href":"https:\/\/www.oficinaempleo.com\/blog\/wp-json\/wp\/v2\/categories?post=22364"},{"taxonomy":"post_tag","embeddable":true,"href":"https:\/\/www.oficinaempleo.com\/blog\/wp-json\/wp\/v2\/tags?post=22364"}],"curies":[{"name":"wp","href":"https:\/\/api.w.org\/{rel}","templated":true}]}}