{"id":22533,"date":"2017-10-23T10:00:10","date_gmt":"2017-10-23T09:00:10","guid":{"rendered":"http:\/\/www.oficinaempleo.com\/blog\/?p=22533"},"modified":"2017-10-23T15:26:54","modified_gmt":"2017-10-23T14:26:54","slug":"coca-cola-busca-perfiles-profesionales-toda-espana","status":"publish","type":"post","link":"https:\/\/www.oficinaempleo.com\/blog\/coca-cola-busca-perfiles-profesionales-toda-espana\/","title":{"rendered":"Coca-cola Ib\u00e9rica busca distintos perfiles profesionales en toda Espa\u00f1a"},"content":{"rendered":"<div class=\"su-button-center\"><a href=\"https:\/\/jobs.oficinaempleo.com\/registro?origen=ORG-web&#038;utm_source=OE&#038;utm_medium=boton_registro&#038;utm_content=homepage&#038;utm_campaign=organic\" class=\"su-button su-button-style-flat\" style=\"color:#FFFFFF;background-color:#ec7d0c;border-color:#bd640a;border-radius:10px\" target=\"_self\"><span style=\"color:#FFFFFF;padding:8px 26px;font-size:20px;line-height:30px;border-color:#f2a455;border-radius:10px;text-shadow:none\"><i class=\"sui sui-arrow-circle-right\" style=\"font-size:20px;color:#FFFFFF\"><\/i> Reg\u00edstrate gratis en OficinaEmpleo<\/span><\/a><\/div><div class=\"su-spacer\" style=\"height:30px\"><\/div>\n<p>\u00bfTe gustar\u00eda trabajar en Coca-cola?\u00bfSabes que la Divisi\u00f3n Ib\u00e9rica, compuesta por Espa\u00f1a y Portugal, es una de las m\u00e1s importantes del sistema internacional de The Coca-cola Company? Ocupa el segundo lugar en volumen de ventas en Europa y el und\u00e9cimo en el mundo. Adem\u00e1s da trabajo a unas 4.500 personas en la Pen\u00ednsula ib\u00e9rica y tiene abiertos varios procesos de selecci\u00f3n a los que podr\u00edas optar.<\/p>\n<div id=\"attachment_22534\" style=\"width: 600px\" class=\"wp-caption alignnone\"><a href=\"http:\/\/www.oficinaempleo.com\/blog\/wp-content\/uploads\/2017\/10\/coca-cola-cami\u00f3n.jpg\"><img loading=\"lazy\" decoding=\"async\" aria-describedby=\"caption-attachment-22534\" class=\"wp-image-22534 size-full\" src=\"http:\/\/www.oficinaempleo.com\/blog\/wp-content\/uploads\/2017\/10\/coca-cola-cami\u00f3n.jpg\" alt=\"Cami\u00f3n de Coca-Cola. Mike Mozart (Flickr)\" width=\"590\" height=\"315\" srcset=\"https:\/\/www.oficinaempleo.com\/blog\/wp-content\/uploads\/2017\/10\/coca-cola-cami\u00f3n.jpg 590w, https:\/\/www.oficinaempleo.com\/blog\/wp-content\/uploads\/2017\/10\/coca-cola-cami\u00f3n-300x160.jpg 300w\" sizes=\"auto, (max-width: 590px) 100vw, 590px\" \/><\/a><p id=\"caption-attachment-22534\" class=\"wp-caption-text\">Cami\u00f3n de Coca-Cola. Mike Mozart (Flickr)<\/p><\/div>\n<p>Coca-cola Ib\u00e9rica tiene varios centros productivos distribuidos por toda la pen\u00ednsula ib\u00e9rica. Hay lugares d\u00f3nde embotellan el producto, centros log\u00edsticos para distribuir perfectamente la mercanc\u00eda, almacenes y oficinas. Por eso, esta multinacional ofrece puestos en distintos perfiles (<strong>directivos, de administraci\u00f3n, en f\u00e1bricas<\/strong>) profesionales \u00a0a lo largo de toda la geograf\u00eda espa\u00f1ola.<\/p>\n<p>Adem\u00e1s, una de sus claves est\u00e1 en la participaci\u00f3n de sus trabajadores en el buen devenir de la empresa. Ya que uno de los objetivos de Coca-cola es \u201cque todas las personas que trabajan en la compa\u00f1\u00eda sean positivas, felices, generen creatividad e innovaci\u00f3n y se desempe\u00f1en con pasi\u00f3n, eliminando todo rastro de barreras de g\u00e9nero, capacidad u origen\u201d, aclara la empresa.<\/p>\n<p>Adem\u00e1s de optar a los procesos de selecci\u00f3n que tiene Coca-Cola abiertos en nuestro pa\u00eds. Tambi\u00e9n puedes apuntarte directamente en la base de datos de la multinacional y que ellos mismos te seleccionen seg\u00fan la demanda: En la pagina web de Coca-cola en Espa\u00f1a, la secci\u00f3n de empleo est\u00e1 un poco escondida. En la parte inferior de la p\u00e1gina de portada hay un peque\u00f1o <strong>apartado denominado Preguntas y respuestas<\/strong>. Haciendo clic ah\u00ed te deriva a una lista de preguntas frecuentes. Abajo del todo, al final, hay un peque\u00f1o texto que dice:\u00a0<em>\u201cpuedes ponerte en contacto con nosotros a trav\u00e9s de:\u201d<\/em>, y vienen diversas opciones.\u00a0<a href=\"http:\/\/preguntasyrespuestas.cocacolaespana.es\/contacto\"  rel=\"noopener noreferrer\"><strong>Una de ellas es la del formulario<\/strong><\/a>. Si haces clic ah\u00ed, puedes elegir el tema sobre el que quieres preguntar y uno de ellos es el de empleo, ofreci\u00e9ndote una direcci\u00f3n de correo a la que enviar tu CV.<\/p>\n<p>En Oficina Empleo tenemos cientos de procesos de selecci\u00f3n con los que empezar <a href=\"https:\/\/www.oficinaempleo.com\/trabajar-en\/telecomunicaciones-33\"  rel=\"noopener noreferrer\">a trabajar en Telecomunicaciones<\/a>\u00a0o en el sector que se adapte a ti. Si lo prefieres, puedes descubrir en nuestro Blog <a href=\"https:\/\/www.oficinaempleo.com\/ofertas-empleo-en\/valladolid\"  rel=\"noopener noreferrer\">c\u00f3mo trabajar en Valladolid<\/a>\u00a0y muchas m\u00e1s empresas \u00a1Mira!<\/p>\n<p><strong>Encuentra trabajo en tu provincia:<\/strong><\/p>\n<ul>\n<li><a style=\"font-style: inherit; font-weight: inherit;\" href=\"https:\/\/www.oficinaempleo.com\/ofertas-empleo-en\/madrid\" data-saferedirecturl=\"https:\/\/jobs.oficinaempleo.com\/registro?origen=ORG-web&utm_source=OE&utm_medium=boton_registro&utm_content=homepage&utm_campaign=organic\" target=\"_blank\">Empleo en Madrid<\/a><\/li>\n<li><a style=\"font-style: inherit; font-weight: inherit;\" href=\"https:\/\/www.oficinaempleo.com\/ofertas-empleo-en\/barcelona\" data-saferedirecturl=\"https:\/\/jobs.oficinaempleo.com\/registro?origen=ORG-web&utm_source=OE&utm_medium=boton_registro&utm_content=homepage&utm_campaign=organic\" target=\"_blank\">Empleo en Barcelona<\/a><\/li>\n<li><a style=\"font-style: inherit; font-weight: inherit;\" href=\"https:\/\/www.oficinaempleo.com\/ofertas-empleo-en\/alicante\" data-saferedirecturl=\"https:\/\/jobs.oficinaempleo.com\/registro?origen=ORG-web&utm_source=OE&utm_medium=boton_registro&utm_content=homepage&utm_campaign=organic\" target=\"_blank\">Empleo en Alicante<\/a><\/li>\n<li><a style=\"font-style: inherit; font-weight: inherit;\" href=\"https:\/\/www.oficinaempleo.com\/ofertas-empleo-en\/santa-cruz-de-tenerife\" data-saferedirecturl=\"https:\/\/jobs.oficinaempleo.com\/registro?origen=ORG-web&utm_source=OE&utm_medium=boton_registro&utm_content=homepage&utm_campaign=organic\" target=\"_blank\">Empleo en Santa Cruz de Tenerife<\/a><\/li>\n<li><a style=\"font-style: inherit; font-weight: inherit;\" href=\"https:\/\/www.oficinaempleo.com\/ofertas-empleo-en\/sevilla\" data-saferedirecturl=\"https:\/\/jobs.oficinaempleo.com\/registro?origen=ORG-web&utm_source=OE&utm_medium=boton_registro&utm_content=homepage&utm_campaign=organic\" target=\"_blank\">Empleo en Sevilla<\/a><\/li>\n<\/ul>\n<div class=\"su-button-center\"><a href=\"https:\/\/jobs.oficinaempleo.com\/registro?origen=ORG-web&#038;utm_source=OE&#038;utm_medium=boton_registro&#038;utm_content=homepage&#038;utm_campaign=organic\" class=\"su-button su-button-style-flat\" style=\"color:#FFFFFF;background-color:#ec7d0c;border-color:#bd640a;border-radius:10px\" target=\"_self\"><span style=\"color:#FFFFFF;padding:8px 26px;font-size:20px;line-height:30px;border-color:#f2a455;border-radius:10px;text-shadow:none\"><i class=\"sui sui-arrow-circle-right\" style=\"font-size:20px;color:#FFFFFF\"><\/i> Reg\u00edstrate gratis en OficinaEmpleo<\/span><\/a><\/div><div class=\"su-spacer\" style=\"height:30px\"><\/div>\n","protected":false},"excerpt":{"rendered":"<p>\u00bfTe gustar\u00eda trabajar en Coca-cola?\u00bfSabes que la Divisi\u00f3n Ib\u00e9rica, compuesta por Espa\u00f1a y Portugal, es una de las m\u00e1s importantes del sistema internacional de The Coca-cola Company? Ocupa el segundo lugar en volumen de ventas en Europa y el und\u00e9cimo en el mundo. Adem\u00e1s da trabajo a unas 4.500 personas en la Pen\u00ednsula ib\u00e9rica y [&hellip;]<\/p>\n","protected":false},"author":24,"featured_media":22535,"comment_status":"open","ping_status":"open","sticky":false,"template":"","format":"standard","meta":{"footnotes":""},"categories":[689],"tags":[4830,24,533,1139],"class_list":["post-22533","post","type-post","status-publish","format-standard","has-post-thumbnail","hentry","category-ofertas-empleo-destacadas","tag-coca-cola","tag-empleo","tag-espana","tag-oferta","cat-689-id","has_thumb"],"yoast_head":"<!-- This site is optimized with the Yoast SEO plugin v27.1.1 - https:\/\/yoast.com\/product\/yoast-seo-wordpress\/ -->\n<title>Coca-cola Ib\u00e9rica busca distintos perfiles profesionales en toda Espa\u00f1a - Blog OficinaEmpleo<\/title>\n<meta name=\"robots\" content=\"index, follow, max-snippet:-1, max-image-preview:large, max-video-preview:-1\" \/>\n<link rel=\"canonical\" href=\"https:\/\/www.oficinaempleo.com\/blog\/coca-cola-busca-perfiles-profesionales-toda-espana\/\" \/>\n<meta property=\"og:locale\" content=\"es_ES\" \/>\n<meta property=\"og:type\" content=\"article\" \/>\n<meta property=\"og:title\" content=\"Coca-cola Ib\u00e9rica busca distintos perfiles profesionales en toda Espa\u00f1a - Blog OficinaEmpleo\" \/>\n<meta property=\"og:description\" content=\"\u00bfTe gustar\u00eda trabajar en Coca-cola?\u00bfSabes que la Divisi\u00f3n Ib\u00e9rica, compuesta por Espa\u00f1a y Portugal, es una de las m\u00e1s importantes del sistema internacional de The Coca-cola Company? Ocupa el segundo lugar en volumen de ventas en Europa y el und\u00e9cimo en el mundo. Adem\u00e1s da trabajo a unas 4.500 personas en la Pen\u00ednsula ib\u00e9rica y [&hellip;]\" \/>\n<meta property=\"og:url\" content=\"https:\/\/www.oficinaempleo.com\/blog\/coca-cola-busca-perfiles-profesionales-toda-espana\/\" \/>\n<meta property=\"og:site_name\" content=\"Noticias y consejos de empleo | Blog OficinaEmpleo\" \/>\n<meta property=\"article:published_time\" content=\"2017-10-23T09:00:10+00:00\" \/>\n<meta property=\"article:modified_time\" content=\"2017-10-23T14:26:54+00:00\" \/>\n<meta property=\"og:image\" content=\"https:\/\/www.oficinaempleo.com\/blog\/wp-content\/uploads\/2017\/10\/Sin-t\u00edtulo-1-7.jpg\" \/>\n\t<meta property=\"og:image:width\" content=\"600\" \/>\n\t<meta property=\"og:image:height\" content=\"310\" \/>\n\t<meta property=\"og:image:type\" content=\"image\/jpeg\" \/>\n<meta name=\"author\" content=\"Jes\u00fas Torrado\" \/>\n<meta name=\"twitter:card\" content=\"summary_large_image\" \/>\n<meta name=\"twitter:creator\" content=\"@OficinaEmpleo\" \/>\n<meta name=\"twitter:site\" content=\"@OficinaEmpleo\" \/>\n<meta name=\"twitter:label1\" content=\"Written by\" \/>\n\t<meta name=\"twitter:data1\" content=\"Jes\u00fas Torrado\" \/>\n\t<meta name=\"twitter:label2\" content=\"Est. reading time\" \/>\n\t<meta name=\"twitter:data2\" content=\"3 minutos\" \/>\n<script type=\"application\/ld+json\" class=\"yoast-schema-graph\">{\"@context\":\"https:\/\/schema.org\",\"@graph\":[{\"@type\":\"Article\",\"@id\":\"https:\/\/www.oficinaempleo.com\/blog\/coca-cola-busca-perfiles-profesionales-toda-espana\/#article\",\"isPartOf\":{\"@id\":\"https:\/\/www.oficinaempleo.com\/blog\/coca-cola-busca-perfiles-profesionales-toda-espana\/\"},\"author\":{\"name\":\"Jes\u00fas Torrado\",\"@id\":\"https:\/\/www.oficinaempleo.com\/blog\/#\/schema\/person\/52e7340f03bcdfe9f0db50f5bc7f99a4\"},\"headline\":\"Coca-cola Ib\u00e9rica busca distintos perfiles profesionales en toda Espa\u00f1a\",\"datePublished\":\"2017-10-23T09:00:10+00:00\",\"dateModified\":\"2017-10-23T14:26:54+00:00\",\"mainEntityOfPage\":{\"@id\":\"https:\/\/www.oficinaempleo.com\/blog\/coca-cola-busca-perfiles-profesionales-toda-espana\/\"},\"wordCount\":565,\"commentCount\":194,\"publisher\":{\"@id\":\"https:\/\/www.oficinaempleo.com\/blog\/#organization\"},\"image\":{\"@id\":\"https:\/\/www.oficinaempleo.com\/blog\/coca-cola-busca-perfiles-profesionales-toda-espana\/#primaryimage\"},\"thumbnailUrl\":\"https:\/\/www.oficinaempleo.com\/blog\/wp-content\/uploads\/2017\/10\/Sin-t\u00edtulo-1-7.jpg\",\"keywords\":[\"Coca-cola\",\"empleo\",\"Espa\u00f1a\",\"oferta\"],\"articleSection\":[\"Ofertas destacadas\"],\"inLanguage\":\"es\",\"potentialAction\":[{\"@type\":\"CommentAction\",\"name\":\"Comment\",\"target\":[\"https:\/\/www.oficinaempleo.com\/blog\/coca-cola-busca-perfiles-profesionales-toda-espana\/#respond\"]}]},{\"@type\":\"WebPage\",\"@id\":\"https:\/\/www.oficinaempleo.com\/blog\/coca-cola-busca-perfiles-profesionales-toda-espana\/\",\"url\":\"https:\/\/www.oficinaempleo.com\/blog\/coca-cola-busca-perfiles-profesionales-toda-espana\/\",\"name\":\"Coca-cola Ib\u00e9rica busca distintos perfiles profesionales en toda Espa\u00f1a - Blog OficinaEmpleo\",\"isPartOf\":{\"@id\":\"https:\/\/www.oficinaempleo.com\/blog\/#website\"},\"primaryImageOfPage\":{\"@id\":\"https:\/\/www.oficinaempleo.com\/blog\/coca-cola-busca-perfiles-profesionales-toda-espana\/#primaryimage\"},\"image\":{\"@id\":\"https:\/\/www.oficinaempleo.com\/blog\/coca-cola-busca-perfiles-profesionales-toda-espana\/#primaryimage\"},\"thumbnailUrl\":\"https:\/\/www.oficinaempleo.com\/blog\/wp-content\/uploads\/2017\/10\/Sin-t\u00edtulo-1-7.jpg\",\"datePublished\":\"2017-10-23T09:00:10+00:00\",\"dateModified\":\"2017-10-23T14:26:54+00:00\",\"breadcrumb\":{\"@id\":\"https:\/\/www.oficinaempleo.com\/blog\/coca-cola-busca-perfiles-profesionales-toda-espana\/#breadcrumb\"},\"inLanguage\":\"es\",\"potentialAction\":[{\"@type\":\"ReadAction\",\"target\":[\"https:\/\/www.oficinaempleo.com\/blog\/coca-cola-busca-perfiles-profesionales-toda-espana\/\"]}]},{\"@type\":\"ImageObject\",\"inLanguage\":\"es\",\"@id\":\"https:\/\/www.oficinaempleo.com\/blog\/coca-cola-busca-perfiles-profesionales-toda-espana\/#primaryimage\",\"url\":\"https:\/\/www.oficinaempleo.com\/blog\/wp-content\/uploads\/2017\/10\/Sin-t\u00edtulo-1-7.jpg\",\"contentUrl\":\"https:\/\/www.oficinaempleo.com\/blog\/wp-content\/uploads\/2017\/10\/Sin-t\u00edtulo-1-7.jpg\",\"width\":600,\"height\":310},{\"@type\":\"BreadcrumbList\",\"@id\":\"https:\/\/www.oficinaempleo.com\/blog\/coca-cola-busca-perfiles-profesionales-toda-espana\/#breadcrumb\",\"itemListElement\":[{\"@type\":\"ListItem\",\"position\":1,\"name\":\"Home\",\"item\":\"https:\/\/www.oficinaempleo.com\/blog\/\"},{\"@type\":\"ListItem\",\"position\":2,\"name\":\"Coca-cola Ib\u00e9rica busca distintos perfiles profesionales en toda Espa\u00f1a\"}]},{\"@type\":\"WebSite\",\"@id\":\"https:\/\/www.oficinaempleo.com\/blog\/#website\",\"url\":\"https:\/\/www.oficinaempleo.com\/blog\/\",\"name\":\"Noticias y Consejos de Empleo | Blog OficinaEmpleo\",\"description\":\"\",\"publisher\":{\"@id\":\"https:\/\/www.oficinaempleo.com\/blog\/#organization\"},\"potentialAction\":[{\"@type\":\"SearchAction\",\"target\":{\"@type\":\"EntryPoint\",\"urlTemplate\":\"https:\/\/www.oficinaempleo.com\/blog\/?s={search_term_string}\"},\"query-input\":{\"@type\":\"PropertyValueSpecification\",\"valueRequired\":true,\"valueName\":\"search_term_string\"}}],\"inLanguage\":\"es\"},{\"@type\":\"Organization\",\"@id\":\"https:\/\/www.oficinaempleo.com\/blog\/#organization\",\"name\":\"OficinaEmpleo\",\"url\":\"https:\/\/www.oficinaempleo.com\/blog\/\",\"logo\":{\"@type\":\"ImageObject\",\"inLanguage\":\"es\",\"@id\":\"https:\/\/www.oficinaempleo.com\/blog\/#\/schema\/logo\/image\/\",\"url\":\"https:\/\/www.oficinaempleo.com\/blog\/wp-content\/uploads\/2018\/10\/logo_footer-1.jpg\",\"contentUrl\":\"https:\/\/www.oficinaempleo.com\/blog\/wp-content\/uploads\/2018\/10\/logo_footer-1.jpg\",\"width\":478,\"height\":57,\"caption\":\"OficinaEmpleo\"},\"image\":{\"@id\":\"https:\/\/www.oficinaempleo.com\/blog\/#\/schema\/logo\/image\/\"},\"sameAs\":[\"https:\/\/x.com\/OficinaEmpleo\"]},{\"@type\":\"Person\",\"@id\":\"https:\/\/www.oficinaempleo.com\/blog\/#\/schema\/person\/52e7340f03bcdfe9f0db50f5bc7f99a4\",\"name\":\"Jes\u00fas Torrado\",\"image\":{\"@type\":\"ImageObject\",\"inLanguage\":\"es\",\"@id\":\"https:\/\/www.oficinaempleo.com\/blog\/#\/schema\/person\/image\/\",\"url\":\"https:\/\/secure.gravatar.com\/avatar\/5fc877e251d22a64b7150e20a52c8e1df8eae16fa39d0273b0ca23d2362c2130?s=96&d=mm&r=g\",\"contentUrl\":\"https:\/\/secure.gravatar.com\/avatar\/5fc877e251d22a64b7150e20a52c8e1df8eae16fa39d0273b0ca23d2362c2130?s=96&d=mm&r=g\",\"caption\":\"Jes\u00fas Torrado\"},\"url\":\"https:\/\/www.oficinaempleo.com\/blog\/author\/jesus\/\"}]}<\/script>\n<!-- \/ Yoast SEO plugin. -->","yoast_head_json":{"title":"Coca-cola Ib\u00e9rica busca distintos perfiles profesionales en toda Espa\u00f1a - Blog OficinaEmpleo","robots":{"index":"index","follow":"follow","max-snippet":"max-snippet:-1","max-image-preview":"max-image-preview:large","max-video-preview":"max-video-preview:-1"},"canonical":"https:\/\/www.oficinaempleo.com\/blog\/coca-cola-busca-perfiles-profesionales-toda-espana\/","og_locale":"es_ES","og_type":"article","og_title":"Coca-cola Ib\u00e9rica busca distintos perfiles profesionales en toda Espa\u00f1a - Blog OficinaEmpleo","og_description":"\u00bfTe gustar\u00eda trabajar en Coca-cola?\u00bfSabes que la Divisi\u00f3n Ib\u00e9rica, compuesta por Espa\u00f1a y Portugal, es una de las m\u00e1s importantes del sistema internacional de The Coca-cola Company? Ocupa el segundo lugar en volumen de ventas en Europa y el und\u00e9cimo en el mundo. Adem\u00e1s da trabajo a unas 4.500 personas en la Pen\u00ednsula ib\u00e9rica y [&hellip;]","og_url":"https:\/\/www.oficinaempleo.com\/blog\/coca-cola-busca-perfiles-profesionales-toda-espana\/","og_site_name":"Noticias y consejos de empleo | Blog OficinaEmpleo","article_published_time":"2017-10-23T09:00:10+00:00","article_modified_time":"2017-10-23T14:26:54+00:00","og_image":[{"width":600,"height":310,"url":"https:\/\/www.oficinaempleo.com\/blog\/wp-content\/uploads\/2017\/10\/Sin-t\u00edtulo-1-7.jpg","type":"image\/jpeg"}],"author":"Jes\u00fas Torrado","twitter_card":"summary_large_image","twitter_creator":"@OficinaEmpleo","twitter_site":"@OficinaEmpleo","twitter_misc":{"Written by":"Jes\u00fas Torrado","Est. reading time":"3 minutos"},"schema":{"@context":"https:\/\/schema.org","@graph":[{"@type":"Article","@id":"https:\/\/www.oficinaempleo.com\/blog\/coca-cola-busca-perfiles-profesionales-toda-espana\/#article","isPartOf":{"@id":"https:\/\/www.oficinaempleo.com\/blog\/coca-cola-busca-perfiles-profesionales-toda-espana\/"},"author":{"name":"Jes\u00fas Torrado","@id":"https:\/\/www.oficinaempleo.com\/blog\/#\/schema\/person\/52e7340f03bcdfe9f0db50f5bc7f99a4"},"headline":"Coca-cola Ib\u00e9rica busca distintos perfiles profesionales en toda Espa\u00f1a","datePublished":"2017-10-23T09:00:10+00:00","dateModified":"2017-10-23T14:26:54+00:00","mainEntityOfPage":{"@id":"https:\/\/www.oficinaempleo.com\/blog\/coca-cola-busca-perfiles-profesionales-toda-espana\/"},"wordCount":565,"commentCount":194,"publisher":{"@id":"https:\/\/www.oficinaempleo.com\/blog\/#organization"},"image":{"@id":"https:\/\/www.oficinaempleo.com\/blog\/coca-cola-busca-perfiles-profesionales-toda-espana\/#primaryimage"},"thumbnailUrl":"https:\/\/www.oficinaempleo.com\/blog\/wp-content\/uploads\/2017\/10\/Sin-t\u00edtulo-1-7.jpg","keywords":["Coca-cola","empleo","Espa\u00f1a","oferta"],"articleSection":["Ofertas destacadas"],"inLanguage":"es","potentialAction":[{"@type":"CommentAction","name":"Comment","target":["https:\/\/www.oficinaempleo.com\/blog\/coca-cola-busca-perfiles-profesionales-toda-espana\/#respond"]}]},{"@type":"WebPage","@id":"https:\/\/www.oficinaempleo.com\/blog\/coca-cola-busca-perfiles-profesionales-toda-espana\/","url":"https:\/\/www.oficinaempleo.com\/blog\/coca-cola-busca-perfiles-profesionales-toda-espana\/","name":"Coca-cola Ib\u00e9rica busca distintos perfiles profesionales en toda Espa\u00f1a - Blog OficinaEmpleo","isPartOf":{"@id":"https:\/\/www.oficinaempleo.com\/blog\/#website"},"primaryImageOfPage":{"@id":"https:\/\/www.oficinaempleo.com\/blog\/coca-cola-busca-perfiles-profesionales-toda-espana\/#primaryimage"},"image":{"@id":"https:\/\/www.oficinaempleo.com\/blog\/coca-cola-busca-perfiles-profesionales-toda-espana\/#primaryimage"},"thumbnailUrl":"https:\/\/www.oficinaempleo.com\/blog\/wp-content\/uploads\/2017\/10\/Sin-t\u00edtulo-1-7.jpg","datePublished":"2017-10-23T09:00:10+00:00","dateModified":"2017-10-23T14:26:54+00:00","breadcrumb":{"@id":"https:\/\/www.oficinaempleo.com\/blog\/coca-cola-busca-perfiles-profesionales-toda-espana\/#breadcrumb"},"inLanguage":"es","potentialAction":[{"@type":"ReadAction","target":["https:\/\/www.oficinaempleo.com\/blog\/coca-cola-busca-perfiles-profesionales-toda-espana\/"]}]},{"@type":"ImageObject","inLanguage":"es","@id":"https:\/\/www.oficinaempleo.com\/blog\/coca-cola-busca-perfiles-profesionales-toda-espana\/#primaryimage","url":"https:\/\/www.oficinaempleo.com\/blog\/wp-content\/uploads\/2017\/10\/Sin-t\u00edtulo-1-7.jpg","contentUrl":"https:\/\/www.oficinaempleo.com\/blog\/wp-content\/uploads\/2017\/10\/Sin-t\u00edtulo-1-7.jpg","width":600,"height":310},{"@type":"BreadcrumbList","@id":"https:\/\/www.oficinaempleo.com\/blog\/coca-cola-busca-perfiles-profesionales-toda-espana\/#breadcrumb","itemListElement":[{"@type":"ListItem","position":1,"name":"Home","item":"https:\/\/www.oficinaempleo.com\/blog\/"},{"@type":"ListItem","position":2,"name":"Coca-cola Ib\u00e9rica busca distintos perfiles profesionales en toda Espa\u00f1a"}]},{"@type":"WebSite","@id":"https:\/\/www.oficinaempleo.com\/blog\/#website","url":"https:\/\/www.oficinaempleo.com\/blog\/","name":"Noticias y Consejos de Empleo | Blog OficinaEmpleo","description":"","publisher":{"@id":"https:\/\/www.oficinaempleo.com\/blog\/#organization"},"potentialAction":[{"@type":"SearchAction","target":{"@type":"EntryPoint","urlTemplate":"https:\/\/www.oficinaempleo.com\/blog\/?s={search_term_string}"},"query-input":{"@type":"PropertyValueSpecification","valueRequired":true,"valueName":"search_term_string"}}],"inLanguage":"es"},{"@type":"Organization","@id":"https:\/\/www.oficinaempleo.com\/blog\/#organization","name":"OficinaEmpleo","url":"https:\/\/www.oficinaempleo.com\/blog\/","logo":{"@type":"ImageObject","inLanguage":"es","@id":"https:\/\/www.oficinaempleo.com\/blog\/#\/schema\/logo\/image\/","url":"https:\/\/www.oficinaempleo.com\/blog\/wp-content\/uploads\/2018\/10\/logo_footer-1.jpg","contentUrl":"https:\/\/www.oficinaempleo.com\/blog\/wp-content\/uploads\/2018\/10\/logo_footer-1.jpg","width":478,"height":57,"caption":"OficinaEmpleo"},"image":{"@id":"https:\/\/www.oficinaempleo.com\/blog\/#\/schema\/logo\/image\/"},"sameAs":["https:\/\/x.com\/OficinaEmpleo"]},{"@type":"Person","@id":"https:\/\/www.oficinaempleo.com\/blog\/#\/schema\/person\/52e7340f03bcdfe9f0db50f5bc7f99a4","name":"Jes\u00fas Torrado","image":{"@type":"ImageObject","inLanguage":"es","@id":"https:\/\/www.oficinaempleo.com\/blog\/#\/schema\/person\/image\/","url":"https:\/\/secure.gravatar.com\/avatar\/5fc877e251d22a64b7150e20a52c8e1df8eae16fa39d0273b0ca23d2362c2130?s=96&d=mm&r=g","contentUrl":"https:\/\/secure.gravatar.com\/avatar\/5fc877e251d22a64b7150e20a52c8e1df8eae16fa39d0273b0ca23d2362c2130?s=96&d=mm&r=g","caption":"Jes\u00fas Torrado"},"url":"https:\/\/www.oficinaempleo.com\/blog\/author\/jesus\/"}]}},"_links":{"self":[{"href":"https:\/\/www.oficinaempleo.com\/blog\/wp-json\/wp\/v2\/posts\/22533","targetHints":{"allow":["GET"]}}],"collection":[{"href":"https:\/\/www.oficinaempleo.com\/blog\/wp-json\/wp\/v2\/posts"}],"about":[{"href":"https:\/\/www.oficinaempleo.com\/blog\/wp-json\/wp\/v2\/types\/post"}],"author":[{"embeddable":true,"href":"https:\/\/www.oficinaempleo.com\/blog\/wp-json\/wp\/v2\/users\/24"}],"replies":[{"embeddable":true,"href":"https:\/\/www.oficinaempleo.com\/blog\/wp-json\/wp\/v2\/comments?post=22533"}],"version-history":[{"count":3,"href":"https:\/\/www.oficinaempleo.com\/blog\/wp-json\/wp\/v2\/posts\/22533\/revisions"}],"predecessor-version":[{"id":22546,"href":"https:\/\/www.oficinaempleo.com\/blog\/wp-json\/wp\/v2\/posts\/22533\/revisions\/22546"}],"wp:featuredmedia":[{"embeddable":true,"href":"https:\/\/www.oficinaempleo.com\/blog\/wp-json\/wp\/v2\/media\/22535"}],"wp:attachment":[{"href":"https:\/\/www.oficinaempleo.com\/blog\/wp-json\/wp\/v2\/media?parent=22533"}],"wp:term":[{"taxonomy":"category","embeddable":true,"href":"https:\/\/www.oficinaempleo.com\/blog\/wp-json\/wp\/v2\/categories?post=22533"},{"taxonomy":"post_tag","embeddable":true,"href":"https:\/\/www.oficinaempleo.com\/blog\/wp-json\/wp\/v2\/tags?post=22533"}],"curies":[{"name":"wp","href":"https:\/\/api.w.org\/{rel}","templated":true}]}}