{"id":23063,"date":"2023-08-09T10:43:29","date_gmt":"2023-08-09T09:43:29","guid":{"rendered":"http:\/\/www.oficinaempleo.com\/blog\/?p=23063"},"modified":"2023-08-10T12:51:33","modified_gmt":"2023-08-10T11:51:33","slug":"derechos-laborales-todo-lo-que-debes-saber","status":"publish","type":"post","link":"https:\/\/www.oficinaempleo.com\/blog\/derechos-laborales-todo-lo-que-debes-saber\/","title":{"rendered":"Derechos laborales: todo lo que debes saber"},"content":{"rendered":"<div class=\"su-button-center\"><a href=\"https:\/\/jobs.oficinaempleo.com\/registro?origen=ORG-web&#038;utm_source=OE&#038;utm_medium=boton_registro&#038;utm_content=homepage&#038;utm_campaign=organic\" class=\"su-button su-button-style-flat\" style=\"color:#FFFFFF;background-color:#ec7d0c;border-color:#bd640a;border-radius:10px\" target=\"__blank\"><span style=\"color:#FFFFFF;padding:8px 26px;font-size:20px;line-height:30px;border-color:#f2a455;border-radius:10px;text-shadow:none\"><i class=\"sui sui-arrow-circle-right\" style=\"font-size:20px;color:#FFFFFF\"><\/i> Reg\u00edstrate gratis en OficinaEmpleo<\/span><\/a><\/div>\n<p>&nbsp;<\/p>\n<p>Aunque haya algunas empresas -m\u00e1s bien, algunos empresarios- que no tengan en cuenta los <strong>derechos laborales<\/strong> de los empleados, todos los trabajadores tenemos unos derechos (tambi\u00e9n unas obligaciones) que deben cumplirse.<\/p>\n<div id=\"attachment_23066\" style=\"width: 600px\" class=\"wp-caption alignnone\"><img loading=\"lazy\" decoding=\"async\" aria-describedby=\"caption-attachment-23066\" class=\"size-full wp-image-23066\" src=\"http:\/\/www.oficinaempleo.com\/blog\/wp-content\/uploads\/2017\/11\/derechos.jpg\" alt=\"derechos de los trabajadores\" width=\"590\" height=\"315\" srcset=\"https:\/\/www.oficinaempleo.com\/blog\/wp-content\/uploads\/2017\/11\/derechos.jpg 590w, https:\/\/www.oficinaempleo.com\/blog\/wp-content\/uploads\/2017\/11\/derechos-300x160.jpg 300w\" sizes=\"auto, (max-width: 590px) 100vw, 590px\" \/><p id=\"caption-attachment-23066\" class=\"wp-caption-text\">El Estatuto de los Trabajadores recoge los derechos laborales que tenemos (iStock)<\/p><\/div>\n<p>La <a href=\"https:\/\/www.boe.es\/buscar\/act.php?id=BOE-A-1978-31229\" target=\"_blank\" rel=\"noopener\"><strong>Constituci\u00f3n Espa\u00f1ola<\/strong><\/a> y el <a href=\"https:\/\/www.boe.es\/buscar\/act.php?id=BOE-A-2015-11430\" target=\"_blank\" rel=\"noopener\"><strong>Estatuto de los Trabajadores<\/strong><\/a> recogen los derechos b\u00e1sicos de los trabajadores. En la Secci\u00f3n 2\u00aa del Estatuto de los Trabajadores se reconocen los siguientes <strong>derechos laborales b\u00e1sicos<\/strong>:<\/p>\n<ul>\n<li>Trabajo y libre elecci\u00f3n de profesi\u00f3n u oficio<\/li>\n<li>Libre sindicaci\u00f3n<\/li>\n<li>Negociaci\u00f3n colectiva<\/li>\n<li>Adopci\u00f3n de medidas de conflicto colectivo<\/li>\n<li>Huelga<\/li>\n<li>Reuni\u00f3n<\/li>\n<li>Informaci\u00f3n, consulta y participaci\u00f3n en la empresa<\/li>\n<\/ul>\n<p>Adem\u00e1s, en esta misma secci\u00f3n del Estatuto de los Trabajadores aparecen reflejados otros <strong>derechos referentes a la relaci\u00f3n laboral<\/strong>:<\/p>\n<ul>\n<li>Derecho a la ocupaci\u00f3n efectiva<\/li>\n<li>Derecho a la promoci\u00f3n y formaci\u00f3n profesional en el trabajo<\/li>\n<li>Derecho a no ser discriminados directa o indirectamente para el empleo o, una vez empleados, por cuesti\u00f3n de sexo, estados civil, edad \u2013dentro de los l\u00edmites marcados por la ley-, raza o etnia, condici\u00f3n social, religi\u00f3n o convicciones, ideas pol\u00edticas, orientaci\u00f3n sexual, afiliaci\u00f3n o no a un sindicato, discapacidad ni por su lengua dentro del Estado espa\u00f1ol.<\/li>\n<li>Derecho a la integridad f\u00edsica y a una pol\u00edtica adecuada de prevenci\u00f3n de riesgos laborales<\/li>\n<li>Derecho a la intimidad, a la dignidad y a la protecci\u00f3n frente al acoso por razones de raza o etnia, religi\u00f3n o convicciones, discapacidad, edad u orientaci\u00f3n sexual y frente al acoso sexual o por raz\u00f3n de sexo.<\/li>\n<li>Derecho a cobrar puntualmente la remuneraci\u00f3n pactada o establecida legalmente<\/li>\n<li>Derecho al ejercicio individual de las acciones derivadas de su contrato de trabajo<\/li>\n<\/ul>\n<p>Todos estos derechos b\u00e1sicos suponen una protecci\u00f3n para el trabajador, que tambi\u00e9n tiene otros <strong>derechos laborales<\/strong> como los relacionados con la jornada de trabajo, el descanso entre el final de una jornada laboral y el comienzo de la siguiente, los d\u00edas libres, las vacaciones, etc.<\/p>\n<p>Otros derechos laborales importantes del trabajador son los referidos a la <strong>baja laboral<\/strong> -en este otro art\u00edculo del blog de Oficina Empleo te contamos <a href=\"http:\/\/www.oficinaempleo.com\/blog\/cuanto-se-cobra-durante-una-baja-laboral-dependiendo-de-la-duracion\/\"><strong>cu\u00e1nto se cobra durante una baja laboral<\/strong><\/a>&#8211; y a la indemnizaci\u00f3n en caso de <strong>despido improcedente<\/strong> y, si procede, al derecho al cobro de la prestaci\u00f3n por desempleo.<\/p>\n<p>Cuando alguno de estos <strong>derechos laborales<\/strong> no se cumple, podemos reclamar a la empresa su cumplimiento; comunicar la situaci\u00f3n a los representantes sindicales de la empresa o a los sindicatos de trabajadores; y acudir a la <a href=\"http:\/\/www.empleo.gob.es\/itss\/web\/index.html\" target=\"_blank\" rel=\"noopener\"><strong>Inspecci\u00f3n de Trabajo y Seguridad Social<\/strong><\/a> (<strong>ITSS<\/strong>) y a otros organismos, adem\u00e1s de la posibilidad de pedir asesoramiento legal a expertos en Derecho Laboral.<\/p>\n<p>En Oficina Empleo tenemos cientos de procesos de selecci\u00f3n con los que empezar a\u00a0<a href=\"https:\/\/www.oficinaempleo.com\/trabajar-en\/limpieza-y-servicios-urbanos-22\">trabajar en Limpieza y Servicios Urbanos<\/a>\u00a0o en el sector que se adapte a ti. Si lo prefieres, puedes descubrir en nuestro Blog\u00a0<a href=\"https:\/\/www.oficinaempleo.com\/ofertas-empleo-en\/murcia\">c\u00f3mo trabajar en Murcia<\/a>\u00a0y muchas m\u00e1s empresas \u00a1Mira!<\/p>\n<p><strong>Encuentra trabajo en tu provincia:<\/strong><\/p>\n<ul>\n<li><a style=\"font-style: inherit; font-weight: inherit;\" href=\"https:\/\/www.oficinaempleo.com\/ofertas-empleo-en\/madrid\" data-saferedirecturl=\"https:\/\/jobs.oficinaempleo.com\/registro?origen=ORG-web&utm_source=OE&utm_medium=boton_registro&utm_content=homepage&utm_campaign=organic\" target=\"_blank\">Empleo en Madrid<\/a><\/li>\n<li><a style=\"font-style: inherit; font-weight: inherit;\" href=\"https:\/\/www.oficinaempleo.com\/ofertas-empleo-en\/barcelona\" data-saferedirecturl=\"https:\/\/jobs.oficinaempleo.com\/registro?origen=ORG-web&utm_source=OE&utm_medium=boton_registro&utm_content=homepage&utm_campaign=organic\" target=\"_blank\">Empleo en Barcelona<\/a><\/li>\n<li><a style=\"font-style: inherit; font-weight: inherit;\" href=\"https:\/\/www.oficinaempleo.com\/ofertas-empleo-en\/alicante\" data-saferedirecturl=\"https:\/\/jobs.oficinaempleo.com\/registro?origen=ORG-web&utm_source=OE&utm_medium=boton_registro&utm_content=homepage&utm_campaign=organic\" target=\"_blank\">Empleo en Alicante<\/a><\/li>\n<li><a style=\"font-style: inherit; font-weight: inherit;\" href=\"https:\/\/www.oficinaempleo.com\/ofertas-empleo-en\/santa-cruz-de-tenerife\" data-saferedirecturl=\"https:\/\/jobs.oficinaempleo.com\/registro?origen=ORG-web&utm_source=OE&utm_medium=boton_registro&utm_content=homepage&utm_campaign=organic\" target=\"_blank\">Empleo en Santa Cruz de Tenerife<\/a><\/li>\n<li><a style=\"font-style: inherit; font-weight: inherit;\" href=\"https:\/\/www.oficinaempleo.com\/ofertas-empleo-en\/sevilla\" data-saferedirecturl=\"https:\/\/jobs.oficinaempleo.com\/registro?origen=ORG-web&utm_source=OE&utm_medium=boton_registro&utm_content=homepage&utm_campaign=organic\" target=\"_blank\">Empleo en Sevilla<\/a><\/li>\n<\/ul>\n<div class=\"su-button-center\"><a href=\"https:\/\/jobs.oficinaempleo.com\/registro?origen=ORG-web&#038;utm_source=OE&#038;utm_medium=boton_registro&#038;utm_content=homepage&#038;utm_campaign=organic\" class=\"su-button su-button-style-flat\" style=\"color:#FFFFFF;background-color:#ec7d0c;border-color:#bd640a;border-radius:10px\" target=\"__blank\"><span style=\"color:#FFFFFF;padding:8px 26px;font-size:20px;line-height:30px;border-color:#f2a455;border-radius:10px;text-shadow:none\"><i class=\"sui sui-arrow-circle-right\" style=\"font-size:20px;color:#FFFFFF\"><\/i> Reg\u00edstrate gratis en OficinaEmpleo<\/span><\/a><\/div>\n","protected":false},"excerpt":{"rendered":"<p>\u00bfConoces cu\u00e1les son tus derechos laborales? \u00bfHay alguno que no est\u00e1 cumpliendo tu empresa?<\/p>\n","protected":false},"author":2,"featured_media":23065,"comment_status":"open","ping_status":"open","sticky":false,"template":"","format":"standard","meta":{"footnotes":""},"categories":[12],"tags":[5926,1609,2106,5925,5381],"class_list":["post-23063","post","type-post","status-publish","format-standard","has-post-thumbnail","hentry","category-consejos-y-recursos","tag-constitucion-espanola","tag-derecho-laboral","tag-derechos-de-los-trabajadores","tag-derechos-laborales","tag-estatuto-de-los-trabajadores","cat-12-id","has_thumb"],"yoast_head":"<!-- This site is optimized with the Yoast SEO plugin v27.1.1 - https:\/\/yoast.com\/product\/yoast-seo-wordpress\/ -->\n<title>Derechos laborales: todo lo que debes saber - Blog OficinaEmpleo<\/title>\n<meta name=\"description\" content=\"\u00bfConoces cu\u00e1les son tus derechos laborales? \u00bfHay alguno de estos derechos de los trabajadores que no est\u00e1 cumpliendo tu empresa?\" \/>\n<meta name=\"robots\" content=\"index, follow, max-snippet:-1, max-image-preview:large, max-video-preview:-1\" \/>\n<link rel=\"canonical\" href=\"https:\/\/www.oficinaempleo.com\/blog\/derechos-laborales-todo-lo-que-debes-saber\/\" \/>\n<meta property=\"og:locale\" content=\"es_ES\" \/>\n<meta property=\"og:type\" content=\"article\" \/>\n<meta property=\"og:title\" content=\"Derechos laborales: todo lo que debes saber - Blog OficinaEmpleo\" \/>\n<meta property=\"og:description\" content=\"\u00bfConoces cu\u00e1les son tus derechos laborales? \u00bfHay alguno de estos derechos de los trabajadores que no est\u00e1 cumpliendo tu empresa?\" \/>\n<meta property=\"og:url\" content=\"https:\/\/www.oficinaempleo.com\/blog\/derechos-laborales-todo-lo-que-debes-saber\/\" \/>\n<meta property=\"og:site_name\" content=\"Noticias y consejos de empleo | Blog OficinaEmpleo\" \/>\n<meta property=\"article:author\" content=\"https:\/\/www.facebook.com\/OficinaEmpleo\" \/>\n<meta property=\"article:published_time\" content=\"2023-08-09T09:43:29+00:00\" \/>\n<meta property=\"article:modified_time\" content=\"2023-08-10T11:51:33+00:00\" \/>\n<meta property=\"og:image\" content=\"https:\/\/www.oficinaempleo.com\/blog\/wp-content\/uploads\/2017\/11\/derechos-destacada.jpg\" \/>\n\t<meta property=\"og:image:width\" content=\"600\" \/>\n\t<meta property=\"og:image:height\" content=\"310\" \/>\n\t<meta property=\"og:image:type\" content=\"image\/jpeg\" \/>\n<meta name=\"author\" content=\"OficinaEmpleo\" \/>\n<meta name=\"twitter:card\" content=\"summary_large_image\" \/>\n<meta name=\"twitter:creator\" content=\"@OficinaEmpleo\" \/>\n<meta name=\"twitter:site\" content=\"@OficinaEmpleo\" \/>\n<meta name=\"twitter:label1\" content=\"Written by\" \/>\n\t<meta name=\"twitter:data1\" content=\"OficinaEmpleo\" \/>\n\t<meta name=\"twitter:label2\" content=\"Est. reading time\" \/>\n\t<meta name=\"twitter:data2\" content=\"3 minutos\" \/>\n<script type=\"application\/ld+json\" class=\"yoast-schema-graph\">{\"@context\":\"https:\/\/schema.org\",\"@graph\":[{\"@type\":\"Article\",\"@id\":\"https:\/\/www.oficinaempleo.com\/blog\/derechos-laborales-todo-lo-que-debes-saber\/#article\",\"isPartOf\":{\"@id\":\"https:\/\/www.oficinaempleo.com\/blog\/derechos-laborales-todo-lo-que-debes-saber\/\"},\"author\":{\"name\":\"OficinaEmpleo\",\"@id\":\"https:\/\/www.oficinaempleo.com\/blog\/#\/schema\/person\/a7f3437f35bd6bd9ad19addae529a114\"},\"headline\":\"Derechos laborales: todo lo que debes saber\",\"datePublished\":\"2023-08-09T09:43:29+00:00\",\"dateModified\":\"2023-08-10T11:51:33+00:00\",\"mainEntityOfPage\":{\"@id\":\"https:\/\/www.oficinaempleo.com\/blog\/derechos-laborales-todo-lo-que-debes-saber\/\"},\"wordCount\":655,\"commentCount\":1,\"publisher\":{\"@id\":\"https:\/\/www.oficinaempleo.com\/blog\/#organization\"},\"image\":{\"@id\":\"https:\/\/www.oficinaempleo.com\/blog\/derechos-laborales-todo-lo-que-debes-saber\/#primaryimage\"},\"thumbnailUrl\":\"https:\/\/www.oficinaempleo.com\/blog\/wp-content\/uploads\/2017\/11\/derechos-destacada.jpg\",\"keywords\":[\"constitucion espa\u00f1ola\",\"derecho laboral\",\"derechos de los trabajadores\",\"derechos laborales\",\"estatuto de los trabajadores\"],\"articleSection\":[\"Consejos y Recursos\"],\"inLanguage\":\"es\",\"potentialAction\":[{\"@type\":\"CommentAction\",\"name\":\"Comment\",\"target\":[\"https:\/\/www.oficinaempleo.com\/blog\/derechos-laborales-todo-lo-que-debes-saber\/#respond\"]}]},{\"@type\":\"WebPage\",\"@id\":\"https:\/\/www.oficinaempleo.com\/blog\/derechos-laborales-todo-lo-que-debes-saber\/\",\"url\":\"https:\/\/www.oficinaempleo.com\/blog\/derechos-laborales-todo-lo-que-debes-saber\/\",\"name\":\"Derechos laborales: todo lo que debes saber - Blog OficinaEmpleo\",\"isPartOf\":{\"@id\":\"https:\/\/www.oficinaempleo.com\/blog\/#website\"},\"primaryImageOfPage\":{\"@id\":\"https:\/\/www.oficinaempleo.com\/blog\/derechos-laborales-todo-lo-que-debes-saber\/#primaryimage\"},\"image\":{\"@id\":\"https:\/\/www.oficinaempleo.com\/blog\/derechos-laborales-todo-lo-que-debes-saber\/#primaryimage\"},\"thumbnailUrl\":\"https:\/\/www.oficinaempleo.com\/blog\/wp-content\/uploads\/2017\/11\/derechos-destacada.jpg\",\"datePublished\":\"2023-08-09T09:43:29+00:00\",\"dateModified\":\"2023-08-10T11:51:33+00:00\",\"description\":\"\u00bfConoces cu\u00e1les son tus derechos laborales? \u00bfHay alguno de estos derechos de los trabajadores que no est\u00e1 cumpliendo tu empresa?\",\"breadcrumb\":{\"@id\":\"https:\/\/www.oficinaempleo.com\/blog\/derechos-laborales-todo-lo-que-debes-saber\/#breadcrumb\"},\"inLanguage\":\"es\",\"potentialAction\":[{\"@type\":\"ReadAction\",\"target\":[\"https:\/\/www.oficinaempleo.com\/blog\/derechos-laborales-todo-lo-que-debes-saber\/\"]}]},{\"@type\":\"ImageObject\",\"inLanguage\":\"es\",\"@id\":\"https:\/\/www.oficinaempleo.com\/blog\/derechos-laborales-todo-lo-que-debes-saber\/#primaryimage\",\"url\":\"https:\/\/www.oficinaempleo.com\/blog\/wp-content\/uploads\/2017\/11\/derechos-destacada.jpg\",\"contentUrl\":\"https:\/\/www.oficinaempleo.com\/blog\/wp-content\/uploads\/2017\/11\/derechos-destacada.jpg\",\"width\":600,\"height\":310,\"caption\":\"derechos laborales\"},{\"@type\":\"BreadcrumbList\",\"@id\":\"https:\/\/www.oficinaempleo.com\/blog\/derechos-laborales-todo-lo-que-debes-saber\/#breadcrumb\",\"itemListElement\":[{\"@type\":\"ListItem\",\"position\":1,\"name\":\"Home\",\"item\":\"https:\/\/www.oficinaempleo.com\/blog\/\"},{\"@type\":\"ListItem\",\"position\":2,\"name\":\"Derechos laborales: todo lo que debes saber\"}]},{\"@type\":\"WebSite\",\"@id\":\"https:\/\/www.oficinaempleo.com\/blog\/#website\",\"url\":\"https:\/\/www.oficinaempleo.com\/blog\/\",\"name\":\"Noticias y Consejos de Empleo | Blog OficinaEmpleo\",\"description\":\"\",\"publisher\":{\"@id\":\"https:\/\/www.oficinaempleo.com\/blog\/#organization\"},\"potentialAction\":[{\"@type\":\"SearchAction\",\"target\":{\"@type\":\"EntryPoint\",\"urlTemplate\":\"https:\/\/www.oficinaempleo.com\/blog\/?s={search_term_string}\"},\"query-input\":{\"@type\":\"PropertyValueSpecification\",\"valueRequired\":true,\"valueName\":\"search_term_string\"}}],\"inLanguage\":\"es\"},{\"@type\":\"Organization\",\"@id\":\"https:\/\/www.oficinaempleo.com\/blog\/#organization\",\"name\":\"OficinaEmpleo\",\"url\":\"https:\/\/www.oficinaempleo.com\/blog\/\",\"logo\":{\"@type\":\"ImageObject\",\"inLanguage\":\"es\",\"@id\":\"https:\/\/www.oficinaempleo.com\/blog\/#\/schema\/logo\/image\/\",\"url\":\"https:\/\/www.oficinaempleo.com\/blog\/wp-content\/uploads\/2018\/10\/logo_footer-1.jpg\",\"contentUrl\":\"https:\/\/www.oficinaempleo.com\/blog\/wp-content\/uploads\/2018\/10\/logo_footer-1.jpg\",\"width\":478,\"height\":57,\"caption\":\"OficinaEmpleo\"},\"image\":{\"@id\":\"https:\/\/www.oficinaempleo.com\/blog\/#\/schema\/logo\/image\/\"},\"sameAs\":[\"https:\/\/x.com\/OficinaEmpleo\"]},{\"@type\":\"Person\",\"@id\":\"https:\/\/www.oficinaempleo.com\/blog\/#\/schema\/person\/a7f3437f35bd6bd9ad19addae529a114\",\"name\":\"OficinaEmpleo\",\"image\":{\"@type\":\"ImageObject\",\"inLanguage\":\"es\",\"@id\":\"https:\/\/www.oficinaempleo.com\/blog\/#\/schema\/person\/image\/\",\"url\":\"https:\/\/secure.gravatar.com\/avatar\/ea822afb14d7439ba3051d652cf8f548fe540f184ce16a2135fc22c9337bd72e?s=96&d=mm&r=g\",\"contentUrl\":\"https:\/\/secure.gravatar.com\/avatar\/ea822afb14d7439ba3051d652cf8f548fe540f184ce16a2135fc22c9337bd72e?s=96&d=mm&r=g\",\"caption\":\"OficinaEmpleo\"},\"description\":\"En OficinaEmpleo queremos ayudarte a conseguir trabajo. Por eso, adem\u00e1s de ofrecerte ofertas de empleo en nuestro portal, te ense\u00f1amos las novedades del sector, y consejos para mejorar tu perfil.\",\"sameAs\":[\"http:\/\/www.oficinaempleo.com\/\",\"https:\/\/www.facebook.com\/OficinaEmpleo\",\"https:\/\/x.com\/OficinaEmpleo\"],\"url\":\"https:\/\/www.oficinaempleo.com\/blog\/author\/empleo\/\"}]}<\/script>\n<!-- \/ Yoast SEO plugin. -->","yoast_head_json":{"title":"Derechos laborales: todo lo que debes saber - Blog OficinaEmpleo","description":"\u00bfConoces cu\u00e1les son tus derechos laborales? \u00bfHay alguno de estos derechos de los trabajadores que no est\u00e1 cumpliendo tu empresa?","robots":{"index":"index","follow":"follow","max-snippet":"max-snippet:-1","max-image-preview":"max-image-preview:large","max-video-preview":"max-video-preview:-1"},"canonical":"https:\/\/www.oficinaempleo.com\/blog\/derechos-laborales-todo-lo-que-debes-saber\/","og_locale":"es_ES","og_type":"article","og_title":"Derechos laborales: todo lo que debes saber - Blog OficinaEmpleo","og_description":"\u00bfConoces cu\u00e1les son tus derechos laborales? \u00bfHay alguno de estos derechos de los trabajadores que no est\u00e1 cumpliendo tu empresa?","og_url":"https:\/\/www.oficinaempleo.com\/blog\/derechos-laborales-todo-lo-que-debes-saber\/","og_site_name":"Noticias y consejos de empleo | Blog OficinaEmpleo","article_author":"https:\/\/www.facebook.com\/OficinaEmpleo","article_published_time":"2023-08-09T09:43:29+00:00","article_modified_time":"2023-08-10T11:51:33+00:00","og_image":[{"width":600,"height":310,"url":"https:\/\/www.oficinaempleo.com\/blog\/wp-content\/uploads\/2017\/11\/derechos-destacada.jpg","type":"image\/jpeg"}],"author":"OficinaEmpleo","twitter_card":"summary_large_image","twitter_creator":"@OficinaEmpleo","twitter_site":"@OficinaEmpleo","twitter_misc":{"Written by":"OficinaEmpleo","Est. reading time":"3 minutos"},"schema":{"@context":"https:\/\/schema.org","@graph":[{"@type":"Article","@id":"https:\/\/www.oficinaempleo.com\/blog\/derechos-laborales-todo-lo-que-debes-saber\/#article","isPartOf":{"@id":"https:\/\/www.oficinaempleo.com\/blog\/derechos-laborales-todo-lo-que-debes-saber\/"},"author":{"name":"OficinaEmpleo","@id":"https:\/\/www.oficinaempleo.com\/blog\/#\/schema\/person\/a7f3437f35bd6bd9ad19addae529a114"},"headline":"Derechos laborales: todo lo que debes saber","datePublished":"2023-08-09T09:43:29+00:00","dateModified":"2023-08-10T11:51:33+00:00","mainEntityOfPage":{"@id":"https:\/\/www.oficinaempleo.com\/blog\/derechos-laborales-todo-lo-que-debes-saber\/"},"wordCount":655,"commentCount":1,"publisher":{"@id":"https:\/\/www.oficinaempleo.com\/blog\/#organization"},"image":{"@id":"https:\/\/www.oficinaempleo.com\/blog\/derechos-laborales-todo-lo-que-debes-saber\/#primaryimage"},"thumbnailUrl":"https:\/\/www.oficinaempleo.com\/blog\/wp-content\/uploads\/2017\/11\/derechos-destacada.jpg","keywords":["constitucion espa\u00f1ola","derecho laboral","derechos de los trabajadores","derechos laborales","estatuto de los trabajadores"],"articleSection":["Consejos y Recursos"],"inLanguage":"es","potentialAction":[{"@type":"CommentAction","name":"Comment","target":["https:\/\/www.oficinaempleo.com\/blog\/derechos-laborales-todo-lo-que-debes-saber\/#respond"]}]},{"@type":"WebPage","@id":"https:\/\/www.oficinaempleo.com\/blog\/derechos-laborales-todo-lo-que-debes-saber\/","url":"https:\/\/www.oficinaempleo.com\/blog\/derechos-laborales-todo-lo-que-debes-saber\/","name":"Derechos laborales: todo lo que debes saber - Blog OficinaEmpleo","isPartOf":{"@id":"https:\/\/www.oficinaempleo.com\/blog\/#website"},"primaryImageOfPage":{"@id":"https:\/\/www.oficinaempleo.com\/blog\/derechos-laborales-todo-lo-que-debes-saber\/#primaryimage"},"image":{"@id":"https:\/\/www.oficinaempleo.com\/blog\/derechos-laborales-todo-lo-que-debes-saber\/#primaryimage"},"thumbnailUrl":"https:\/\/www.oficinaempleo.com\/blog\/wp-content\/uploads\/2017\/11\/derechos-destacada.jpg","datePublished":"2023-08-09T09:43:29+00:00","dateModified":"2023-08-10T11:51:33+00:00","description":"\u00bfConoces cu\u00e1les son tus derechos laborales? \u00bfHay alguno de estos derechos de los trabajadores que no est\u00e1 cumpliendo tu empresa?","breadcrumb":{"@id":"https:\/\/www.oficinaempleo.com\/blog\/derechos-laborales-todo-lo-que-debes-saber\/#breadcrumb"},"inLanguage":"es","potentialAction":[{"@type":"ReadAction","target":["https:\/\/www.oficinaempleo.com\/blog\/derechos-laborales-todo-lo-que-debes-saber\/"]}]},{"@type":"ImageObject","inLanguage":"es","@id":"https:\/\/www.oficinaempleo.com\/blog\/derechos-laborales-todo-lo-que-debes-saber\/#primaryimage","url":"https:\/\/www.oficinaempleo.com\/blog\/wp-content\/uploads\/2017\/11\/derechos-destacada.jpg","contentUrl":"https:\/\/www.oficinaempleo.com\/blog\/wp-content\/uploads\/2017\/11\/derechos-destacada.jpg","width":600,"height":310,"caption":"derechos laborales"},{"@type":"BreadcrumbList","@id":"https:\/\/www.oficinaempleo.com\/blog\/derechos-laborales-todo-lo-que-debes-saber\/#breadcrumb","itemListElement":[{"@type":"ListItem","position":1,"name":"Home","item":"https:\/\/www.oficinaempleo.com\/blog\/"},{"@type":"ListItem","position":2,"name":"Derechos laborales: todo lo que debes saber"}]},{"@type":"WebSite","@id":"https:\/\/www.oficinaempleo.com\/blog\/#website","url":"https:\/\/www.oficinaempleo.com\/blog\/","name":"Noticias y Consejos de Empleo | Blog OficinaEmpleo","description":"","publisher":{"@id":"https:\/\/www.oficinaempleo.com\/blog\/#organization"},"potentialAction":[{"@type":"SearchAction","target":{"@type":"EntryPoint","urlTemplate":"https:\/\/www.oficinaempleo.com\/blog\/?s={search_term_string}"},"query-input":{"@type":"PropertyValueSpecification","valueRequired":true,"valueName":"search_term_string"}}],"inLanguage":"es"},{"@type":"Organization","@id":"https:\/\/www.oficinaempleo.com\/blog\/#organization","name":"OficinaEmpleo","url":"https:\/\/www.oficinaempleo.com\/blog\/","logo":{"@type":"ImageObject","inLanguage":"es","@id":"https:\/\/www.oficinaempleo.com\/blog\/#\/schema\/logo\/image\/","url":"https:\/\/www.oficinaempleo.com\/blog\/wp-content\/uploads\/2018\/10\/logo_footer-1.jpg","contentUrl":"https:\/\/www.oficinaempleo.com\/blog\/wp-content\/uploads\/2018\/10\/logo_footer-1.jpg","width":478,"height":57,"caption":"OficinaEmpleo"},"image":{"@id":"https:\/\/www.oficinaempleo.com\/blog\/#\/schema\/logo\/image\/"},"sameAs":["https:\/\/x.com\/OficinaEmpleo"]},{"@type":"Person","@id":"https:\/\/www.oficinaempleo.com\/blog\/#\/schema\/person\/a7f3437f35bd6bd9ad19addae529a114","name":"OficinaEmpleo","image":{"@type":"ImageObject","inLanguage":"es","@id":"https:\/\/www.oficinaempleo.com\/blog\/#\/schema\/person\/image\/","url":"https:\/\/secure.gravatar.com\/avatar\/ea822afb14d7439ba3051d652cf8f548fe540f184ce16a2135fc22c9337bd72e?s=96&d=mm&r=g","contentUrl":"https:\/\/secure.gravatar.com\/avatar\/ea822afb14d7439ba3051d652cf8f548fe540f184ce16a2135fc22c9337bd72e?s=96&d=mm&r=g","caption":"OficinaEmpleo"},"description":"En OficinaEmpleo queremos ayudarte a conseguir trabajo. Por eso, adem\u00e1s de ofrecerte ofertas de empleo en nuestro portal, te ense\u00f1amos las novedades del sector, y consejos para mejorar tu perfil.","sameAs":["http:\/\/www.oficinaempleo.com\/","https:\/\/www.facebook.com\/OficinaEmpleo","https:\/\/x.com\/OficinaEmpleo"],"url":"https:\/\/www.oficinaempleo.com\/blog\/author\/empleo\/"}]}},"_links":{"self":[{"href":"https:\/\/www.oficinaempleo.com\/blog\/wp-json\/wp\/v2\/posts\/23063","targetHints":{"allow":["GET"]}}],"collection":[{"href":"https:\/\/www.oficinaempleo.com\/blog\/wp-json\/wp\/v2\/posts"}],"about":[{"href":"https:\/\/www.oficinaempleo.com\/blog\/wp-json\/wp\/v2\/types\/post"}],"author":[{"embeddable":true,"href":"https:\/\/www.oficinaempleo.com\/blog\/wp-json\/wp\/v2\/users\/2"}],"replies":[{"embeddable":true,"href":"https:\/\/www.oficinaempleo.com\/blog\/wp-json\/wp\/v2\/comments?post=23063"}],"version-history":[{"count":3,"href":"https:\/\/www.oficinaempleo.com\/blog\/wp-json\/wp\/v2\/posts\/23063\/revisions"}],"predecessor-version":[{"id":32854,"href":"https:\/\/www.oficinaempleo.com\/blog\/wp-json\/wp\/v2\/posts\/23063\/revisions\/32854"}],"wp:featuredmedia":[{"embeddable":true,"href":"https:\/\/www.oficinaempleo.com\/blog\/wp-json\/wp\/v2\/media\/23065"}],"wp:attachment":[{"href":"https:\/\/www.oficinaempleo.com\/blog\/wp-json\/wp\/v2\/media?parent=23063"}],"wp:term":[{"taxonomy":"category","embeddable":true,"href":"https:\/\/www.oficinaempleo.com\/blog\/wp-json\/wp\/v2\/categories?post=23063"},{"taxonomy":"post_tag","embeddable":true,"href":"https:\/\/www.oficinaempleo.com\/blog\/wp-json\/wp\/v2\/tags?post=23063"}],"curies":[{"name":"wp","href":"https:\/\/api.w.org\/{rel}","templated":true}]}}