{"id":23533,"date":"2018-01-02T13:33:50","date_gmt":"2018-01-02T12:33:50","guid":{"rendered":"http:\/\/www.oficinaempleo.com\/blog\/?p=23533"},"modified":"2018-01-02T13:52:41","modified_gmt":"2018-01-02T12:52:41","slug":"los-sectores-que-mas-contrataron-en-2017","status":"publish","type":"post","link":"https:\/\/www.oficinaempleo.com\/blog\/los-sectores-que-mas-contrataron-en-2017\/","title":{"rendered":"Los sectores que m\u00e1s contrataron en 2017"},"content":{"rendered":"<div class=\"su-button-center\"><a href=\"https:\/\/jobs.oficinaempleo.com\/registro?origen=ORG-web&#038;utm_source=OE&#038;utm_medium=boton_registro&#038;utm_content=homepage&#038;utm_campaign=organic\" class=\"su-button su-button-style-flat\" style=\"color:#FFFFFF;background-color:#ec7d0c;border-color:#bd640a;border-radius:10px\" target=\"__blank\"><span style=\"color:#FFFFFF;padding:8px 26px;font-size:20px;line-height:30px;border-color:#f2a455;border-radius:10px;text-shadow:none\"><i class=\"sui sui-arrow-circle-right\" style=\"font-size:20px;color:#FFFFFF\"><\/i> Reg\u00edstrate gratis en OficinaEmpleo<\/span><\/a><\/div>\n<p>&nbsp;<\/p>\n<p>A falta de conocer en detalle los datos de empleo con los que se ha cerrado el a\u00f1o, y fij\u00e1ndonos en los datos relativos a noviembre de 2017 -el \u00faltimo del que tenemos datos a d\u00eda de hoy-, podemos hacernos una idea aproximada de los <strong>sectores que m\u00e1s contrataron en 2017<\/strong>.<\/p>\n<div id=\"attachment_23536\" style=\"width: 600px\" class=\"wp-caption alignnone\"><img loading=\"lazy\" decoding=\"async\" aria-describedby=\"caption-attachment-23536\" class=\"size-full wp-image-23536\" src=\"http:\/\/www.oficinaempleo.com\/blog\/wp-content\/uploads\/2017\/12\/contrataciones.jpg\" alt=\"sectores que mas contrataron en 2017\" width=\"590\" height=\"315\" srcset=\"https:\/\/www.oficinaempleo.com\/blog\/wp-content\/uploads\/2017\/12\/contrataciones.jpg 590w, https:\/\/www.oficinaempleo.com\/blog\/wp-content\/uploads\/2017\/12\/contrataciones-300x160.jpg 300w\" sizes=\"auto, (max-width: 590px) 100vw, 590px\" \/><p id=\"caption-attachment-23536\" class=\"wp-caption-text\">Imagen de un empresario entrevist\u00e1ndose con una candidata (iStock)<\/p><\/div>\n<p>Las estad\u00edsticas publicadas por el <a href=\"http:\/\/www.sepe.es\/\"><strong>SEPE<\/strong><\/a>\u00a0(Servicio P\u00fablico de Empleo Estatal) en relaci\u00f3n al mes de noviembre de 2017 indican que el mayor n\u00famero de contratos que se realizaron pertenecieron al sector de la <strong>agricultura<\/strong>, ganader\u00eda, caza y los servicios relacionados con estas \u00e1reas, con m\u00e1s de 267.000 contrataciones. El problema, como te contamos recientemente en este otro art\u00edculo del blog de Oficina Empleo titulado <a href=\"http:\/\/www.oficinaempleo.com\/blog\/el-empleo-temporal-crece-mas-que-el-fijo\/\"><strong>El empleo temporal crece m\u00e1s que el fijo<\/strong><\/a>, es que la mayor\u00eda de esas contrataciones tuvieron un car\u00e1cter temporal.<\/p>\n<p>La siguiente actividad econ\u00f3mica en cuanto a n\u00famero de contrataciones -siempre con los datos relativos al mes de noviembre- fue la relacionada con las <strong>actividades administrativas de oficina<\/strong> y otras actividades auxiliares de las empresas, con m\u00e1s de 63.000 contratos.<\/p>\n<p>El particular podio de actividades econ\u00f3micas con mejores perspectivas laborales en cuanto al n\u00famero de contrataciones lo completar\u00edan las <strong>actividades sanitarias<\/strong>, con m\u00e1s de 51.000 contratos.<\/p>\n<p>A continuaci\u00f3n se situar\u00edan los trabajos relacionados con el <strong>transporte<\/strong>, con cerca de 50.000 contrataciones; las actividades postales y de correos (m\u00e1s de 24.000) y los empleos relacionados con la <strong>publicidad y los estudios de mercado<\/strong>, que superaron los 22.000 contratos.<\/p>\n<p>Como se trata de datos provisionales, hay que esperar para conocer cu\u00e1les fueron realmente los <strong>sectores que m\u00e1s contrataron en 2017<\/strong>. Si nos fijamos en la tendencia de los \u00faltimos a\u00f1os, entre ellos probablemente tambi\u00e9n estar\u00e1n el comercio, <a href=\"http:\/\/www.oficinaempleo.com\/blog\/consejos-de-supervivencia-si-trabajas-en-hosteleria\/\"><strong>la hosteler\u00eda y el turismo<\/strong><\/a> -uno de los sectores que m\u00e1s acusa la temporalidad de los contratos- y la educaci\u00f3n.<\/p>\n<div class=\"su-button-center\"><a href=\"https:\/\/jobs.oficinaempleo.com\/registro?origen=ORG-web&#038;utm_source=OE&#038;utm_medium=boton_registro&#038;utm_content=homepage&#038;utm_campaign=organic\" class=\"su-button su-button-style-flat\" style=\"color:#FFFFFF;background-color:#ec7d0c;border-color:#bd640a;border-radius:10px\" target=\"__blank\"><span style=\"color:#FFFFFF;padding:8px 26px;font-size:20px;line-height:30px;border-color:#f2a455;border-radius:10px;text-shadow:none\"><i class=\"sui sui-arrow-circle-right\" style=\"font-size:20px;color:#FFFFFF\"><\/i> Reg\u00edstrate gratis en OficinaEmpleo<\/span><\/a><\/div>\n","protected":false},"excerpt":{"rendered":"<p>A falta de conocer los datos del empleo con los que se ha cerrado el a\u00f1o, estos son algunos de los sectores que m\u00e1s contrataron en 2017&#8230;<\/p>\n","protected":false},"author":2,"featured_media":23537,"comment_status":"open","ping_status":"open","sticky":false,"template":"","format":"standard","meta":{"footnotes":""},"categories":[691,1441,4,1756,3,17],"tags":[6046,6045,6044,6043],"class_list":["post-23533","post","type-post","status-publish","format-standard","has-post-thumbnail","hentry","category-actualidad-empleo","category-empresas","category-marketing-y-comunicacion","category-motivacion","category-noticias-empleo","category-profesiones","tag-actividades-profesionales-con-mas-contratos","tag-contratos-de-trabajo-por-sectores","tag-sectores-con-mas-contrataciones","tag-sectores-que-mas-contrataron-en-2017","cat-691-id","cat-1441-id","cat-4-id","cat-1756-id","cat-3-id","cat-17-id","has_thumb"],"yoast_head":"<!-- This site is optimized with the Yoast SEO plugin v27.1.1 - https:\/\/yoast.com\/product\/yoast-seo-wordpress\/ -->\n<title>Los sectores que m\u00e1s contrataron en 2017 - Blog OficinaEmpleo<\/title>\n<meta name=\"description\" content=\"A falta de conocer los datos del empleo con los que se ha cerrado el a\u00f1o, estos son algunos de los sectores que m\u00e1s contrataron en 2017...\" \/>\n<meta name=\"robots\" content=\"index, follow, max-snippet:-1, max-image-preview:large, max-video-preview:-1\" \/>\n<link rel=\"canonical\" href=\"https:\/\/www.oficinaempleo.com\/blog\/los-sectores-que-mas-contrataron-en-2017\/\" \/>\n<meta property=\"og:locale\" content=\"es_ES\" \/>\n<meta property=\"og:type\" content=\"article\" \/>\n<meta property=\"og:title\" content=\"Los sectores que m\u00e1s contrataron en 2017 - Blog OficinaEmpleo\" \/>\n<meta property=\"og:description\" content=\"A falta de conocer los datos del empleo con los que se ha cerrado el a\u00f1o, estos son algunos de los sectores que m\u00e1s contrataron en 2017...\" \/>\n<meta property=\"og:url\" content=\"https:\/\/www.oficinaempleo.com\/blog\/los-sectores-que-mas-contrataron-en-2017\/\" \/>\n<meta property=\"og:site_name\" content=\"Noticias y consejos de empleo | Blog OficinaEmpleo\" \/>\n<meta property=\"article:author\" content=\"https:\/\/www.facebook.com\/OficinaEmpleo\" \/>\n<meta property=\"article:published_time\" content=\"2018-01-02T12:33:50+00:00\" \/>\n<meta property=\"article:modified_time\" content=\"2018-01-02T12:52:41+00:00\" \/>\n<meta property=\"og:image\" content=\"https:\/\/www.oficinaempleo.com\/blog\/wp-content\/uploads\/2017\/12\/contrataciones-destacada.jpg\" \/>\n\t<meta property=\"og:image:width\" content=\"600\" \/>\n\t<meta property=\"og:image:height\" content=\"310\" \/>\n\t<meta property=\"og:image:type\" content=\"image\/jpeg\" \/>\n<meta name=\"author\" content=\"OficinaEmpleo\" \/>\n<meta name=\"twitter:card\" content=\"summary_large_image\" \/>\n<meta name=\"twitter:creator\" content=\"@OficinaEmpleo\" \/>\n<meta name=\"twitter:site\" content=\"@OficinaEmpleo\" \/>\n<meta name=\"twitter:label1\" content=\"Written by\" \/>\n\t<meta name=\"twitter:data1\" content=\"OficinaEmpleo\" \/>\n\t<meta name=\"twitter:label2\" content=\"Est. reading time\" \/>\n\t<meta name=\"twitter:data2\" content=\"2 minutos\" \/>\n<script type=\"application\/ld+json\" class=\"yoast-schema-graph\">{\"@context\":\"https:\/\/schema.org\",\"@graph\":[{\"@type\":\"Article\",\"@id\":\"https:\/\/www.oficinaempleo.com\/blog\/los-sectores-que-mas-contrataron-en-2017\/#article\",\"isPartOf\":{\"@id\":\"https:\/\/www.oficinaempleo.com\/blog\/los-sectores-que-mas-contrataron-en-2017\/\"},\"author\":{\"name\":\"OficinaEmpleo\",\"@id\":\"https:\/\/www.oficinaempleo.com\/blog\/#\/schema\/person\/a7f3437f35bd6bd9ad19addae529a114\"},\"headline\":\"Los sectores que m\u00e1s contrataron en 2017\",\"datePublished\":\"2018-01-02T12:33:50+00:00\",\"dateModified\":\"2018-01-02T12:52:41+00:00\",\"mainEntityOfPage\":{\"@id\":\"https:\/\/www.oficinaempleo.com\/blog\/los-sectores-que-mas-contrataron-en-2017\/\"},\"wordCount\":441,\"commentCount\":2,\"publisher\":{\"@id\":\"https:\/\/www.oficinaempleo.com\/blog\/#organization\"},\"image\":{\"@id\":\"https:\/\/www.oficinaempleo.com\/blog\/los-sectores-que-mas-contrataron-en-2017\/#primaryimage\"},\"thumbnailUrl\":\"https:\/\/www.oficinaempleo.com\/blog\/wp-content\/uploads\/2017\/12\/contrataciones-destacada.jpg\",\"keywords\":[\"actividades profesionales con mas contratos\",\"contratos de trabajo por sectores\",\"sectores con mas contrataciones\",\"sectores que mas contrataron en 2017\"],\"articleSection\":[\"Actualidad\",\"Empresas\",\"Marketing y comunicacion\",\"Motivaci\u00f3n\",\"Noticias Empleo\",\"Profesiones\"],\"inLanguage\":\"es\",\"potentialAction\":[{\"@type\":\"CommentAction\",\"name\":\"Comment\",\"target\":[\"https:\/\/www.oficinaempleo.com\/blog\/los-sectores-que-mas-contrataron-en-2017\/#respond\"]}]},{\"@type\":\"WebPage\",\"@id\":\"https:\/\/www.oficinaempleo.com\/blog\/los-sectores-que-mas-contrataron-en-2017\/\",\"url\":\"https:\/\/www.oficinaempleo.com\/blog\/los-sectores-que-mas-contrataron-en-2017\/\",\"name\":\"Los sectores que m\u00e1s contrataron en 2017 - Blog OficinaEmpleo\",\"isPartOf\":{\"@id\":\"https:\/\/www.oficinaempleo.com\/blog\/#website\"},\"primaryImageOfPage\":{\"@id\":\"https:\/\/www.oficinaempleo.com\/blog\/los-sectores-que-mas-contrataron-en-2017\/#primaryimage\"},\"image\":{\"@id\":\"https:\/\/www.oficinaempleo.com\/blog\/los-sectores-que-mas-contrataron-en-2017\/#primaryimage\"},\"thumbnailUrl\":\"https:\/\/www.oficinaempleo.com\/blog\/wp-content\/uploads\/2017\/12\/contrataciones-destacada.jpg\",\"datePublished\":\"2018-01-02T12:33:50+00:00\",\"dateModified\":\"2018-01-02T12:52:41+00:00\",\"description\":\"A falta de conocer los datos del empleo con los que se ha cerrado el a\u00f1o, estos son algunos de los sectores que m\u00e1s contrataron en 2017...\",\"breadcrumb\":{\"@id\":\"https:\/\/www.oficinaempleo.com\/blog\/los-sectores-que-mas-contrataron-en-2017\/#breadcrumb\"},\"inLanguage\":\"es\",\"potentialAction\":[{\"@type\":\"ReadAction\",\"target\":[\"https:\/\/www.oficinaempleo.com\/blog\/los-sectores-que-mas-contrataron-en-2017\/\"]}]},{\"@type\":\"ImageObject\",\"inLanguage\":\"es\",\"@id\":\"https:\/\/www.oficinaempleo.com\/blog\/los-sectores-que-mas-contrataron-en-2017\/#primaryimage\",\"url\":\"https:\/\/www.oficinaempleo.com\/blog\/wp-content\/uploads\/2017\/12\/contrataciones-destacada.jpg\",\"contentUrl\":\"https:\/\/www.oficinaempleo.com\/blog\/wp-content\/uploads\/2017\/12\/contrataciones-destacada.jpg\",\"width\":600,\"height\":310,\"caption\":\"contratos 2017\"},{\"@type\":\"BreadcrumbList\",\"@id\":\"https:\/\/www.oficinaempleo.com\/blog\/los-sectores-que-mas-contrataron-en-2017\/#breadcrumb\",\"itemListElement\":[{\"@type\":\"ListItem\",\"position\":1,\"name\":\"Home\",\"item\":\"https:\/\/www.oficinaempleo.com\/blog\/\"},{\"@type\":\"ListItem\",\"position\":2,\"name\":\"Los sectores que m\u00e1s contrataron en 2017\"}]},{\"@type\":\"WebSite\",\"@id\":\"https:\/\/www.oficinaempleo.com\/blog\/#website\",\"url\":\"https:\/\/www.oficinaempleo.com\/blog\/\",\"name\":\"Noticias y Consejos de Empleo | Blog OficinaEmpleo\",\"description\":\"\",\"publisher\":{\"@id\":\"https:\/\/www.oficinaempleo.com\/blog\/#organization\"},\"potentialAction\":[{\"@type\":\"SearchAction\",\"target\":{\"@type\":\"EntryPoint\",\"urlTemplate\":\"https:\/\/www.oficinaempleo.com\/blog\/?s={search_term_string}\"},\"query-input\":{\"@type\":\"PropertyValueSpecification\",\"valueRequired\":true,\"valueName\":\"search_term_string\"}}],\"inLanguage\":\"es\"},{\"@type\":\"Organization\",\"@id\":\"https:\/\/www.oficinaempleo.com\/blog\/#organization\",\"name\":\"OficinaEmpleo\",\"url\":\"https:\/\/www.oficinaempleo.com\/blog\/\",\"logo\":{\"@type\":\"ImageObject\",\"inLanguage\":\"es\",\"@id\":\"https:\/\/www.oficinaempleo.com\/blog\/#\/schema\/logo\/image\/\",\"url\":\"https:\/\/www.oficinaempleo.com\/blog\/wp-content\/uploads\/2018\/10\/logo_footer-1.jpg\",\"contentUrl\":\"https:\/\/www.oficinaempleo.com\/blog\/wp-content\/uploads\/2018\/10\/logo_footer-1.jpg\",\"width\":478,\"height\":57,\"caption\":\"OficinaEmpleo\"},\"image\":{\"@id\":\"https:\/\/www.oficinaempleo.com\/blog\/#\/schema\/logo\/image\/\"},\"sameAs\":[\"https:\/\/x.com\/OficinaEmpleo\"]},{\"@type\":\"Person\",\"@id\":\"https:\/\/www.oficinaempleo.com\/blog\/#\/schema\/person\/a7f3437f35bd6bd9ad19addae529a114\",\"name\":\"OficinaEmpleo\",\"image\":{\"@type\":\"ImageObject\",\"inLanguage\":\"es\",\"@id\":\"https:\/\/www.oficinaempleo.com\/blog\/#\/schema\/person\/image\/\",\"url\":\"https:\/\/secure.gravatar.com\/avatar\/ea822afb14d7439ba3051d652cf8f548fe540f184ce16a2135fc22c9337bd72e?s=96&d=mm&r=g\",\"contentUrl\":\"https:\/\/secure.gravatar.com\/avatar\/ea822afb14d7439ba3051d652cf8f548fe540f184ce16a2135fc22c9337bd72e?s=96&d=mm&r=g\",\"caption\":\"OficinaEmpleo\"},\"description\":\"En OficinaEmpleo queremos ayudarte a conseguir trabajo. Por eso, adem\u00e1s de ofrecerte ofertas de empleo en nuestro portal, te ense\u00f1amos las novedades del sector, y consejos para mejorar tu perfil.\",\"sameAs\":[\"http:\/\/www.oficinaempleo.com\/\",\"https:\/\/www.facebook.com\/OficinaEmpleo\",\"https:\/\/x.com\/OficinaEmpleo\"],\"url\":\"https:\/\/www.oficinaempleo.com\/blog\/author\/empleo\/\"}]}<\/script>\n<!-- \/ Yoast SEO plugin. -->","yoast_head_json":{"title":"Los sectores que m\u00e1s contrataron en 2017 - Blog OficinaEmpleo","description":"A falta de conocer los datos del empleo con los que se ha cerrado el a\u00f1o, estos son algunos de los sectores que m\u00e1s contrataron en 2017...","robots":{"index":"index","follow":"follow","max-snippet":"max-snippet:-1","max-image-preview":"max-image-preview:large","max-video-preview":"max-video-preview:-1"},"canonical":"https:\/\/www.oficinaempleo.com\/blog\/los-sectores-que-mas-contrataron-en-2017\/","og_locale":"es_ES","og_type":"article","og_title":"Los sectores que m\u00e1s contrataron en 2017 - Blog OficinaEmpleo","og_description":"A falta de conocer los datos del empleo con los que se ha cerrado el a\u00f1o, estos son algunos de los sectores que m\u00e1s contrataron en 2017...","og_url":"https:\/\/www.oficinaempleo.com\/blog\/los-sectores-que-mas-contrataron-en-2017\/","og_site_name":"Noticias y consejos de empleo | Blog OficinaEmpleo","article_author":"https:\/\/www.facebook.com\/OficinaEmpleo","article_published_time":"2018-01-02T12:33:50+00:00","article_modified_time":"2018-01-02T12:52:41+00:00","og_image":[{"width":600,"height":310,"url":"https:\/\/www.oficinaempleo.com\/blog\/wp-content\/uploads\/2017\/12\/contrataciones-destacada.jpg","type":"image\/jpeg"}],"author":"OficinaEmpleo","twitter_card":"summary_large_image","twitter_creator":"@OficinaEmpleo","twitter_site":"@OficinaEmpleo","twitter_misc":{"Written by":"OficinaEmpleo","Est. reading time":"2 minutos"},"schema":{"@context":"https:\/\/schema.org","@graph":[{"@type":"Article","@id":"https:\/\/www.oficinaempleo.com\/blog\/los-sectores-que-mas-contrataron-en-2017\/#article","isPartOf":{"@id":"https:\/\/www.oficinaempleo.com\/blog\/los-sectores-que-mas-contrataron-en-2017\/"},"author":{"name":"OficinaEmpleo","@id":"https:\/\/www.oficinaempleo.com\/blog\/#\/schema\/person\/a7f3437f35bd6bd9ad19addae529a114"},"headline":"Los sectores que m\u00e1s contrataron en 2017","datePublished":"2018-01-02T12:33:50+00:00","dateModified":"2018-01-02T12:52:41+00:00","mainEntityOfPage":{"@id":"https:\/\/www.oficinaempleo.com\/blog\/los-sectores-que-mas-contrataron-en-2017\/"},"wordCount":441,"commentCount":2,"publisher":{"@id":"https:\/\/www.oficinaempleo.com\/blog\/#organization"},"image":{"@id":"https:\/\/www.oficinaempleo.com\/blog\/los-sectores-que-mas-contrataron-en-2017\/#primaryimage"},"thumbnailUrl":"https:\/\/www.oficinaempleo.com\/blog\/wp-content\/uploads\/2017\/12\/contrataciones-destacada.jpg","keywords":["actividades profesionales con mas contratos","contratos de trabajo por sectores","sectores con mas contrataciones","sectores que mas contrataron en 2017"],"articleSection":["Actualidad","Empresas","Marketing y comunicacion","Motivaci\u00f3n","Noticias Empleo","Profesiones"],"inLanguage":"es","potentialAction":[{"@type":"CommentAction","name":"Comment","target":["https:\/\/www.oficinaempleo.com\/blog\/los-sectores-que-mas-contrataron-en-2017\/#respond"]}]},{"@type":"WebPage","@id":"https:\/\/www.oficinaempleo.com\/blog\/los-sectores-que-mas-contrataron-en-2017\/","url":"https:\/\/www.oficinaempleo.com\/blog\/los-sectores-que-mas-contrataron-en-2017\/","name":"Los sectores que m\u00e1s contrataron en 2017 - Blog OficinaEmpleo","isPartOf":{"@id":"https:\/\/www.oficinaempleo.com\/blog\/#website"},"primaryImageOfPage":{"@id":"https:\/\/www.oficinaempleo.com\/blog\/los-sectores-que-mas-contrataron-en-2017\/#primaryimage"},"image":{"@id":"https:\/\/www.oficinaempleo.com\/blog\/los-sectores-que-mas-contrataron-en-2017\/#primaryimage"},"thumbnailUrl":"https:\/\/www.oficinaempleo.com\/blog\/wp-content\/uploads\/2017\/12\/contrataciones-destacada.jpg","datePublished":"2018-01-02T12:33:50+00:00","dateModified":"2018-01-02T12:52:41+00:00","description":"A falta de conocer los datos del empleo con los que se ha cerrado el a\u00f1o, estos son algunos de los sectores que m\u00e1s contrataron en 2017...","breadcrumb":{"@id":"https:\/\/www.oficinaempleo.com\/blog\/los-sectores-que-mas-contrataron-en-2017\/#breadcrumb"},"inLanguage":"es","potentialAction":[{"@type":"ReadAction","target":["https:\/\/www.oficinaempleo.com\/blog\/los-sectores-que-mas-contrataron-en-2017\/"]}]},{"@type":"ImageObject","inLanguage":"es","@id":"https:\/\/www.oficinaempleo.com\/blog\/los-sectores-que-mas-contrataron-en-2017\/#primaryimage","url":"https:\/\/www.oficinaempleo.com\/blog\/wp-content\/uploads\/2017\/12\/contrataciones-destacada.jpg","contentUrl":"https:\/\/www.oficinaempleo.com\/blog\/wp-content\/uploads\/2017\/12\/contrataciones-destacada.jpg","width":600,"height":310,"caption":"contratos 2017"},{"@type":"BreadcrumbList","@id":"https:\/\/www.oficinaempleo.com\/blog\/los-sectores-que-mas-contrataron-en-2017\/#breadcrumb","itemListElement":[{"@type":"ListItem","position":1,"name":"Home","item":"https:\/\/www.oficinaempleo.com\/blog\/"},{"@type":"ListItem","position":2,"name":"Los sectores que m\u00e1s contrataron en 2017"}]},{"@type":"WebSite","@id":"https:\/\/www.oficinaempleo.com\/blog\/#website","url":"https:\/\/www.oficinaempleo.com\/blog\/","name":"Noticias y Consejos de Empleo | Blog OficinaEmpleo","description":"","publisher":{"@id":"https:\/\/www.oficinaempleo.com\/blog\/#organization"},"potentialAction":[{"@type":"SearchAction","target":{"@type":"EntryPoint","urlTemplate":"https:\/\/www.oficinaempleo.com\/blog\/?s={search_term_string}"},"query-input":{"@type":"PropertyValueSpecification","valueRequired":true,"valueName":"search_term_string"}}],"inLanguage":"es"},{"@type":"Organization","@id":"https:\/\/www.oficinaempleo.com\/blog\/#organization","name":"OficinaEmpleo","url":"https:\/\/www.oficinaempleo.com\/blog\/","logo":{"@type":"ImageObject","inLanguage":"es","@id":"https:\/\/www.oficinaempleo.com\/blog\/#\/schema\/logo\/image\/","url":"https:\/\/www.oficinaempleo.com\/blog\/wp-content\/uploads\/2018\/10\/logo_footer-1.jpg","contentUrl":"https:\/\/www.oficinaempleo.com\/blog\/wp-content\/uploads\/2018\/10\/logo_footer-1.jpg","width":478,"height":57,"caption":"OficinaEmpleo"},"image":{"@id":"https:\/\/www.oficinaempleo.com\/blog\/#\/schema\/logo\/image\/"},"sameAs":["https:\/\/x.com\/OficinaEmpleo"]},{"@type":"Person","@id":"https:\/\/www.oficinaempleo.com\/blog\/#\/schema\/person\/a7f3437f35bd6bd9ad19addae529a114","name":"OficinaEmpleo","image":{"@type":"ImageObject","inLanguage":"es","@id":"https:\/\/www.oficinaempleo.com\/blog\/#\/schema\/person\/image\/","url":"https:\/\/secure.gravatar.com\/avatar\/ea822afb14d7439ba3051d652cf8f548fe540f184ce16a2135fc22c9337bd72e?s=96&d=mm&r=g","contentUrl":"https:\/\/secure.gravatar.com\/avatar\/ea822afb14d7439ba3051d652cf8f548fe540f184ce16a2135fc22c9337bd72e?s=96&d=mm&r=g","caption":"OficinaEmpleo"},"description":"En OficinaEmpleo queremos ayudarte a conseguir trabajo. Por eso, adem\u00e1s de ofrecerte ofertas de empleo en nuestro portal, te ense\u00f1amos las novedades del sector, y consejos para mejorar tu perfil.","sameAs":["http:\/\/www.oficinaempleo.com\/","https:\/\/www.facebook.com\/OficinaEmpleo","https:\/\/x.com\/OficinaEmpleo"],"url":"https:\/\/www.oficinaempleo.com\/blog\/author\/empleo\/"}]}},"_links":{"self":[{"href":"https:\/\/www.oficinaempleo.com\/blog\/wp-json\/wp\/v2\/posts\/23533","targetHints":{"allow":["GET"]}}],"collection":[{"href":"https:\/\/www.oficinaempleo.com\/blog\/wp-json\/wp\/v2\/posts"}],"about":[{"href":"https:\/\/www.oficinaempleo.com\/blog\/wp-json\/wp\/v2\/types\/post"}],"author":[{"embeddable":true,"href":"https:\/\/www.oficinaempleo.com\/blog\/wp-json\/wp\/v2\/users\/2"}],"replies":[{"embeddable":true,"href":"https:\/\/www.oficinaempleo.com\/blog\/wp-json\/wp\/v2\/comments?post=23533"}],"version-history":[{"count":4,"href":"https:\/\/www.oficinaempleo.com\/blog\/wp-json\/wp\/v2\/posts\/23533\/revisions"}],"predecessor-version":[{"id":23539,"href":"https:\/\/www.oficinaempleo.com\/blog\/wp-json\/wp\/v2\/posts\/23533\/revisions\/23539"}],"wp:featuredmedia":[{"embeddable":true,"href":"https:\/\/www.oficinaempleo.com\/blog\/wp-json\/wp\/v2\/media\/23537"}],"wp:attachment":[{"href":"https:\/\/www.oficinaempleo.com\/blog\/wp-json\/wp\/v2\/media?parent=23533"}],"wp:term":[{"taxonomy":"category","embeddable":true,"href":"https:\/\/www.oficinaempleo.com\/blog\/wp-json\/wp\/v2\/categories?post=23533"},{"taxonomy":"post_tag","embeddable":true,"href":"https:\/\/www.oficinaempleo.com\/blog\/wp-json\/wp\/v2\/tags?post=23533"}],"curies":[{"name":"wp","href":"https:\/\/api.w.org\/{rel}","templated":true}]}}